{"id":75804,"date":"2025-08-15T16:04:57","date_gmt":"2025-08-15T19:04:57","guid":{"rendered":"https:\/\/noticiasribeiraopreto.com.br\/index.php\/2025\/08\/15\/veja-a-programacao-da-feira-do-livro-de-ribeirao-preto-evento-comeca-nesta-sexta\/"},"modified":"2025-08-15T16:04:57","modified_gmt":"2025-08-15T19:04:57","slug":"veja-a-programacao-da-feira-do-livro-de-ribeirao-preto-evento-comeca-nesta-sexta","status":"publish","type":"post","link":"https:\/\/noticiasribeiraopreto.com.br\/index.php\/2025\/08\/15\/veja-a-programacao-da-feira-do-livro-de-ribeirao-preto-evento-comeca-nesta-sexta\/","title":{"rendered":"Veja a programa\u00e7\u00e3o da Feira do Livro de Ribeir\u00e3o Preto; evento come\u00e7a nesta sexta"},"content":{"rendered":"<div class='code-block code-block-1' style='margin: 8px 0 8px auto; text-align: right; display: block; clear: both;'>\n<p><a href=\"https:\/\/wa.link\/vpicfd\"><img data-recalc-dims=\"1\" class=\"wp-image-4922\" style=\"aspect-ratio: 2.0253164556962027; width: 561px; height: auto;\" src=\"https:\/\/i0.wp.com\/ismaelcolosi.com.br\/wp-content\/uploads\/2023\/11\/grupo-de-empregos-whatsapp-e-facebook-ismael-colosi-vagas.jpg?ssl=1\" alt=\"\" \/><\/a><\/p>\n<!-- \/wp:image -->\n<\/div>\n<p> <br \/>\n<\/p>\n<div>\n<p>A <strong>24\u00aa FIL (Feira Internacional do Livro de Ribeir\u00e3o Preto)<\/strong> abre oficialmente nesta <strong>sexta-feira (15)<\/strong>, \u00e0s <strong>19h30<\/strong>, no <strong>Theatro Pedro II<\/strong>. A recep\u00e7\u00e3o fica por conta do <strong>Coral Unaerp<\/strong>, seguido por um espet\u00e1culo dirigido por <strong>Gracyela Gitirana<\/strong>. <a href=\"https:\/\/drive.google.com\/file\/d\/1ccuUm--cD83UPitwN-6XofOO0Vcs_C31\/view\" target=\"_blank\" rel=\"noreferrer noopener\">Clique aqui<\/a>\u00a0e veja a programa\u00e7\u00e3o completa.<\/p>\n<p>Com o tema \u201c<strong>Futuros Poss\u00edveis: entre linhas e par\u00e1grafos\u201d<\/strong>, a edi\u00e7\u00e3o de 2025 presta homenagem ao soci\u00f3logo e escritor italiano <strong>Domenico De Masi<\/strong> e prop\u00f5e reflex\u00f5es sobre cultura e futuro. <\/p>\n<p>A programa\u00e7\u00e3o, que vai at\u00e9 <strong>24 de agosto<\/strong>, ocupa<strong> 25 espa\u00e7os em diferentes regi\u00f5es de Ribeir\u00e3o Preto<\/strong>, incluindo teatros, bibliotecas, pra\u00e7as e centros culturais, oferecendo atividades como debates, lan\u00e7amentos de livros, exposi\u00e7\u00f5es, shows, saraus e oficinas.<\/p>\n<p>Durante os dias <strong>16 e 17 de agosto<\/strong>, a feira conta com bate-papos, conta\u00e7\u00e3o de hist\u00f3rias, oficinas, palestras, lan\u00e7amento de game, visita guiada e mais. M\u00f4nica Ben\u00edcio, Abou Kassoum, Matheus Arcaro, Djamila Ribeiro, Evandro Manchini, entre outros, est\u00e3o na programa\u00e7\u00e3o.<\/p>\n<p>SAIBA MAIS<br \/>Ana Pink tem pris\u00e3o domiciliar revogada e volta para a cadeia<\/p>\n<h3 class=\"wp-block-heading\"><strong>FIQUE ON\u00a0\u00a0\u00a0\u00a0\u00a0\u00a0\u00a0\u00a0\u00a0<\/strong><\/h3>\n<p>Quer ficar por dentro de tudo que acontece em Ribeir\u00e3o Preto e regi\u00e3o? Ent\u00e3o siga os perfis do\u202facidade on\u202fno\u202f<a href=\"https:\/\/www.instagram.com\/acidadeonribeirao\" target=\"_blank\" rel=\"noreferrer noopener\">Instagram<\/a>\u202fe no\u202f<a href=\"https:\/\/www.facebook.com\/acidadeonribeirao\/\" target=\"_blank\" rel=\"noreferrer noopener\">Facebook<\/a>.<\/p>\n<p>Al\u00e9m disso, voc\u00ea pode receber as principais not\u00edcias diretamente no WhatsApp. Para isso, basta\u00a0<a href=\"https:\/\/chat.whatsapp.com\/BjKQZ9oJwlz8VVT50NuePq\" target=\"_blank\" rel=\"noreferrer noopener\">entrar no grupo clicando aqui<\/a>.<\/p>\n<p>Por fim, se quiser fazer uma den\u00fancia ou sugerir uma reportagem sobre Ribeir\u00e3o Preto e regi\u00e3o, envie uma mensagem pelo WhatsApp: (16) 99117-7802.<\/p>\n<p>VEJA TAMB\u00c9M<br \/>Marido de Hytalo Santos foi preso?<\/p>\n<p><!-- AI CONTENT END 1 -->\n<\/div>\n<p><script async src=\"\/\/www.instagram.com\/embed.js\"><\/script><br \/>\n<br \/><br \/>\n<br \/><a href=\"https:\/\/www.acidadeon.com\/ribeiraopreto\/lazer-e-cultura\/veja-a-programacao-da-feira-do-livro-de-ribeirao-preto-evento-comeca-nesta-sexta\/\">Source link <\/a><\/p>\n<!-- CONTENT END 1 -->\n","protected":false},"excerpt":{"rendered":"<p>A 24\u00aa FIL (Feira Internacional do Livro de Ribeir\u00e3o Preto) abre oficialmente nesta sexta-feira (15), \u00e0s 19h30, no Theatro Pedro II. A recep\u00e7\u00e3o fica por&#8230;<\/p>\n","protected":false},"author":1,"featured_media":75805,"comment_status":"open","ping_status":"open","sticky":false,"template":"","format":"standard","meta":{"advanced_seo_description":"","jetpack_seo_html_title":"","jetpack_seo_noindex":false,"jetpack_post_was_ever_published":false,"_jetpack_newsletter_access":"","_jetpack_dont_email_post_to_subs":false,"_jetpack_newsletter_tier_id":0,"_jetpack_memberships_contains_paywalled_content":false,"_jetpack_memberships_contains_paid_content":false,"footnotes":"","jetpack_publicize_message":"","jetpack_publicize_feature_enabled":true,"jetpack_social_post_already_shared":true,"jetpack_social_options":{"image_generator_settings":{"template":"highway","default_image_id":0,"font":"","enabled":false},"version":2}},"categories":[11],"tags":[],"class_list":["post-75804","post","type-post","status-publish","format-standard","has-post-thumbnail","hentry","category-noticias-de-ribeirao-preto-sp-e-regiao-ismael-colosi"],"jetpack_publicize_connections":[],"jetpack_featured_media_url":"https:\/\/i0.wp.com\/noticiasribeiraopreto.com.br\/wp-content\/uploads\/2025\/08\/a384ca67-ba2c-458d-b5bc-c1aa1591a44e_2024-08-06_16-06-42_jpg_2024-08-06_16-06-43.webp.webp?fit=990%2C660&ssl=1","jetpack-related-posts":[{"id":55461,"url":"https:\/\/noticiasribeiraopreto.com.br\/index.php\/2024\/08\/02\/veja-a-programacao-desta-sexta-feira-na-feira-do-livro-de-ribeirao-preto\/","url_meta":{"origin":75804,"position":0},"title":"Veja a programa\u00e7\u00e3o desta sexta-feira na Feira do Livro de Ribeir\u00e3o Preto","author":"noticiasribeiraopreto.com.br","date":"2 de August de 2024","format":false,"excerpt":"Esta sexta-feira (2), \u00e9 o segundo dia da\u00a023\u00aa Feira Internacional do Livro de Ribeir\u00e3o Preto, que segue at\u00e9 o dia 11 de agosto. A programa\u00e7\u00e3o oferece mais de\u00a0400 atividades gratuitas\u00a0no Centro de Ribeir\u00e3o Preto. \u00a0 O tema central da Feira este ano \u00e9: \u201cCotidianos po\u00e9ticos: Do \u00e9pico de Cam\u00f5es \u00e0s\u2026","rel":"","context":"In &quot;Not\u00edcias de Ribeir\u00e3o Preto-SP e Regi\u00e3o&quot;","block_context":{"text":"Not\u00edcias de Ribeir\u00e3o Preto-SP e Regi\u00e3o","link":"https:\/\/noticiasribeiraopreto.com.br\/index.php\/category\/noticias-de-ribeirao-preto-sp-e-regiao-ismael-colosi\/"},"img":{"alt_text":"","src":"https:\/\/i0.wp.com\/noticiasribeiraopreto.com.br\/wp-content\/uploads\/2024\/08\/sesc-na-FIL_2024-08-01_14-36-39_jpeg_2024-08-01_14-36-39.webp.webp?fit=1200%2C800&ssl=1&resize=350%2C200","width":350,"height":200,"srcset":"https:\/\/i0.wp.com\/noticiasribeiraopreto.com.br\/wp-content\/uploads\/2024\/08\/sesc-na-FIL_2024-08-01_14-36-39_jpeg_2024-08-01_14-36-39.webp.webp?fit=1200%2C800&ssl=1&resize=350%2C200 1x, https:\/\/i0.wp.com\/noticiasribeiraopreto.com.br\/wp-content\/uploads\/2024\/08\/sesc-na-FIL_2024-08-01_14-36-39_jpeg_2024-08-01_14-36-39.webp.webp?fit=1200%2C800&ssl=1&resize=525%2C300 1.5x, https:\/\/i0.wp.com\/noticiasribeiraopreto.com.br\/wp-content\/uploads\/2024\/08\/sesc-na-FIL_2024-08-01_14-36-39_jpeg_2024-08-01_14-36-39.webp.webp?fit=1200%2C800&ssl=1&resize=700%2C400 2x, https:\/\/i0.wp.com\/noticiasribeiraopreto.com.br\/wp-content\/uploads\/2024\/08\/sesc-na-FIL_2024-08-01_14-36-39_jpeg_2024-08-01_14-36-39.webp.webp?fit=1200%2C800&ssl=1&resize=1050%2C600 3x"},"classes":[]},{"id":76093,"url":"https:\/\/noticiasribeiraopreto.com.br\/index.php\/2025\/08\/22\/veja-os-destaques-da-programacao-desta-sexta-feira-na-feira-do-livro-de-ribeirao-preto\/","url_meta":{"origin":75804,"position":1},"title":"Veja os destaques da programa\u00e7\u00e3o desta sexta-feira na Feira do Livro de Ribeir\u00e3o Preto","author":"noticiasribeiraopreto.com.br","date":"22 de August de 2025","format":false,"excerpt":"A 24\u00aa Feira Internacional do Livro de Ribeir\u00e3o Preto segue com mais um dia de atividades culturais gratuitas no Centro da cidade. A programa\u00e7\u00e3o desta sexta-feira (21) conta com conta\u00e7\u00f5es de hist\u00f3rias, bate-papos, palestras e oficinas. O tema da feira deste ano \u00e9 \u201cFuturos Poss\u00edveis: entre linhas e par\u00e1grafos\u201d e\u2026","rel":"","context":"In &quot;Not\u00edcias de Ribeir\u00e3o Preto-SP e Regi\u00e3o&quot;","block_context":{"text":"Not\u00edcias de Ribeir\u00e3o Preto-SP e Regi\u00e3o","link":"https:\/\/noticiasribeiraopreto.com.br\/index.php\/category\/noticias-de-ribeirao-preto-sp-e-regiao-ismael-colosi\/"},"img":{"alt_text":"","src":"https:\/\/i0.wp.com\/noticiasribeiraopreto.com.br\/wp-content\/uploads\/2025\/08\/fil-sexta_2025-08-21_12-23-42.webp.webp?fit=1200%2C675&ssl=1&resize=350%2C200","width":350,"height":200,"srcset":"https:\/\/i0.wp.com\/noticiasribeiraopreto.com.br\/wp-content\/uploads\/2025\/08\/fil-sexta_2025-08-21_12-23-42.webp.webp?fit=1200%2C675&ssl=1&resize=350%2C200 1x, https:\/\/i0.wp.com\/noticiasribeiraopreto.com.br\/wp-content\/uploads\/2025\/08\/fil-sexta_2025-08-21_12-23-42.webp.webp?fit=1200%2C675&ssl=1&resize=525%2C300 1.5x, https:\/\/i0.wp.com\/noticiasribeiraopreto.com.br\/wp-content\/uploads\/2025\/08\/fil-sexta_2025-08-21_12-23-42.webp.webp?fit=1200%2C675&ssl=1&resize=700%2C400 2x, https:\/\/i0.wp.com\/noticiasribeiraopreto.com.br\/wp-content\/uploads\/2025\/08\/fil-sexta_2025-08-21_12-23-42.webp.webp?fit=1200%2C675&ssl=1&resize=1050%2C600 3x"},"classes":[]},{"id":54274,"url":"https:\/\/noticiasribeiraopreto.com.br\/index.php\/2024\/07\/05\/confira-a-programacao-da-feira-internacional-do-livro-de-ribeirao-preto-2024\/","url_meta":{"origin":75804,"position":2},"title":"Confira a programa\u00e7\u00e3o da Feira Internacional do Livro de Ribeir\u00e3o Preto 2024","author":"noticiasribeiraopreto.com.br","date":"5 de July de 2024","format":false,"excerpt":"A 23\u00aa edi\u00e7\u00e3o da FIL (Feira Internacional do Livro de Ribeir\u00e3o Preto) come\u00e7a no pr\u00f3ximo dia 1\u00ba de agosto. O tema central deste ano \u00e9: \u201cCotidianos po\u00e9ticos: Do \u00e9pico de Cam\u00f5es \u00e0s batalhas de rua\u201d. A programa\u00e7\u00e3o completa da feira foi divulgada nesta sexta-feira (5). Nesta edi\u00e7\u00e3o, cinco autores s\u00e3o\u2026","rel":"","context":"In &quot;Not\u00edcias de Ribeir\u00e3o Preto-SP e Regi\u00e3o&quot;","block_context":{"text":"Not\u00edcias de Ribeir\u00e3o Preto-SP e Regi\u00e3o","link":"https:\/\/noticiasribeiraopreto.com.br\/index.php\/category\/noticias-de-ribeirao-preto-sp-e-regiao-ismael-colosi\/"},"img":{"alt_text":"","src":"https:\/\/i0.wp.com\/noticiasribeiraopreto.com.br\/wp-content\/uploads\/2024\/07\/WhatsApp-Image-2024-07-05-at-11.23.19_2024-07-05_15-02-58_jpeg_2024-07-05_15-02-58.webp.webp?fit=1200%2C675&ssl=1&resize=350%2C200","width":350,"height":200,"srcset":"https:\/\/i0.wp.com\/noticiasribeiraopreto.com.br\/wp-content\/uploads\/2024\/07\/WhatsApp-Image-2024-07-05-at-11.23.19_2024-07-05_15-02-58_jpeg_2024-07-05_15-02-58.webp.webp?fit=1200%2C675&ssl=1&resize=350%2C200 1x, https:\/\/i0.wp.com\/noticiasribeiraopreto.com.br\/wp-content\/uploads\/2024\/07\/WhatsApp-Image-2024-07-05-at-11.23.19_2024-07-05_15-02-58_jpeg_2024-07-05_15-02-58.webp.webp?fit=1200%2C675&ssl=1&resize=525%2C300 1.5x, https:\/\/i0.wp.com\/noticiasribeiraopreto.com.br\/wp-content\/uploads\/2024\/07\/WhatsApp-Image-2024-07-05-at-11.23.19_2024-07-05_15-02-58_jpeg_2024-07-05_15-02-58.webp.webp?fit=1200%2C675&ssl=1&resize=700%2C400 2x, https:\/\/i0.wp.com\/noticiasribeiraopreto.com.br\/wp-content\/uploads\/2024\/07\/WhatsApp-Image-2024-07-05-at-11.23.19_2024-07-05_15-02-58_jpeg_2024-07-05_15-02-58.webp.webp?fit=1200%2C675&ssl=1&resize=1050%2C600 3x"},"classes":[]},{"id":47299,"url":"https:\/\/noticiasribeiraopreto.com.br\/index.php\/2024\/04\/25\/ribeirao-preto-tem-show-de-viola-caipira-gratuito-confira-a-programacao-do-sesi\/","url_meta":{"origin":75804,"position":3},"title":"Ribeir\u00e3o Preto tem show de viola caipira gratuito; Confira a programa\u00e7\u00e3o do Sesi","author":"noticiasribeiraopreto.com.br","date":"25 de April de 2024","format":false,"excerpt":"Nesta sexta-feira (24), o Sesi Ribeir\u00e3o Preto recebe o show de viola caipira gratuito com o m\u00fasico Cl\u00e1udio Lacerda. Al\u00e9m disso, a programa\u00e7\u00e3o do Sesi no final de semana conta com exposi\u00e7\u00e3o de fotografias e feira para troca de livros. Show Olhos d\u2019\u00e1gua Cl\u00e1udio Lacerda se apresenta \u00e0s 20h com\u2026","rel":"","context":"In &quot;Not\u00edcias de Ribeir\u00e3o Preto-SP e Regi\u00e3o&quot;","block_context":{"text":"Not\u00edcias de Ribeir\u00e3o Preto-SP e Regi\u00e3o","link":"https:\/\/noticiasribeiraopreto.com.br\/index.php\/category\/noticias-de-ribeirao-preto-sp-e-regiao-ismael-colosi\/"},"img":{"alt_text":"","src":"https:\/\/i0.wp.com\/noticiasribeiraopreto.com.br\/wp-content\/uploads\/2024\/04\/Cl-udio-Lacerda-por-Aline-Grego_2024-04-24_13-20-57_jpg-scaled.webp.webp?fit=1200%2C803&ssl=1&resize=350%2C200","width":350,"height":200,"srcset":"https:\/\/i0.wp.com\/noticiasribeiraopreto.com.br\/wp-content\/uploads\/2024\/04\/Cl-udio-Lacerda-por-Aline-Grego_2024-04-24_13-20-57_jpg-scaled.webp.webp?fit=1200%2C803&ssl=1&resize=350%2C200 1x, https:\/\/i0.wp.com\/noticiasribeiraopreto.com.br\/wp-content\/uploads\/2024\/04\/Cl-udio-Lacerda-por-Aline-Grego_2024-04-24_13-20-57_jpg-scaled.webp.webp?fit=1200%2C803&ssl=1&resize=525%2C300 1.5x, https:\/\/i0.wp.com\/noticiasribeiraopreto.com.br\/wp-content\/uploads\/2024\/04\/Cl-udio-Lacerda-por-Aline-Grego_2024-04-24_13-20-57_jpg-scaled.webp.webp?fit=1200%2C803&ssl=1&resize=700%2C400 2x, https:\/\/i0.wp.com\/noticiasribeiraopreto.com.br\/wp-content\/uploads\/2024\/04\/Cl-udio-Lacerda-por-Aline-Grego_2024-04-24_13-20-57_jpg-scaled.webp.webp?fit=1200%2C803&ssl=1&resize=1050%2C600 3x"},"classes":[]},{"id":63066,"url":"https:\/\/noticiasribeiraopreto.com.br\/index.php\/2025\/02\/01\/sarau-lancamento-de-livro-e-cinema-gratuito-veja-programacao-da-fundacao-do-livro-de-ribeirao\/","url_meta":{"origin":75804,"position":4},"title":"Sarau, lan\u00e7amento de livro e cinema gratuito: Veja programa\u00e7\u00e3o da Funda\u00e7\u00e3o do Livro de Ribeir\u00e3o","author":"noticiasribeiraopreto.com.br","date":"1 de February de 2025","format":false,"excerpt":"Neste m\u00eas de fevereiro, a Funda\u00e7\u00e3o do Livro e Leitura de Ribeir\u00e3o Preto conta com uma programa\u00e7\u00e3o cultural gratuita, com atividades como o Sarau dos M\u00e9dicos, lan\u00e7amento do livro de Juliana Judice e cinema com o filme \u201cVeludo Azul\u201d. A sede da Funda\u00e7\u00e3o do Livro e Leitura de Ribeir\u00e3o Preto\u2026","rel":"","context":"In &quot;Not\u00edcias de Ribeir\u00e3o Preto-SP e Regi\u00e3o&quot;","block_context":{"text":"Not\u00edcias de Ribeir\u00e3o Preto-SP e Regi\u00e3o","link":"https:\/\/noticiasribeiraopreto.com.br\/index.php\/category\/noticias-de-ribeirao-preto-sp-e-regiao-ismael-colosi\/"},"img":{"alt_text":"","src":"https:\/\/i0.wp.com\/noticiasribeiraopreto.com.br\/wp-content\/uploads\/2025\/02\/WhatsApp-Image-2025-02-01-at-14.45.38_2025-02-01_17-46-30_jpeg_2025-02-01_17-46-30.webp.webp?fit=1200%2C675&ssl=1&resize=350%2C200","width":350,"height":200,"srcset":"https:\/\/i0.wp.com\/noticiasribeiraopreto.com.br\/wp-content\/uploads\/2025\/02\/WhatsApp-Image-2025-02-01-at-14.45.38_2025-02-01_17-46-30_jpeg_2025-02-01_17-46-30.webp.webp?fit=1200%2C675&ssl=1&resize=350%2C200 1x, https:\/\/i0.wp.com\/noticiasribeiraopreto.com.br\/wp-content\/uploads\/2025\/02\/WhatsApp-Image-2025-02-01-at-14.45.38_2025-02-01_17-46-30_jpeg_2025-02-01_17-46-30.webp.webp?fit=1200%2C675&ssl=1&resize=525%2C300 1.5x, https:\/\/i0.wp.com\/noticiasribeiraopreto.com.br\/wp-content\/uploads\/2025\/02\/WhatsApp-Image-2025-02-01-at-14.45.38_2025-02-01_17-46-30_jpeg_2025-02-01_17-46-30.webp.webp?fit=1200%2C675&ssl=1&resize=700%2C400 2x, https:\/\/i0.wp.com\/noticiasribeiraopreto.com.br\/wp-content\/uploads\/2025\/02\/WhatsApp-Image-2025-02-01-at-14.45.38_2025-02-01_17-46-30_jpeg_2025-02-01_17-46-30.webp.webp?fit=1200%2C675&ssl=1&resize=1050%2C600 3x"},"classes":[]},{"id":55352,"url":"https:\/\/noticiasribeiraopreto.com.br\/index.php\/2024\/08\/01\/veja-a-programacao-do-primeiro-dia-da-feira-do-livro-de-ribeirao-preto\/","url_meta":{"origin":75804,"position":5},"title":"Veja a programa\u00e7\u00e3o do primeiro dia da Feira do Livro de Ribeir\u00e3o Preto","author":"noticiasribeiraopreto.com.br","date":"1 de August de 2024","format":false,"excerpt":"A 23\u00aa edi\u00e7\u00e3o da Feira Internacional do Livro de Ribeir\u00e3o Preto inicia nesta quinta-feira (1\u00ba de agosto) e segue at\u00e9 o dia 11 de agosto, com uma programa\u00e7\u00e3o com mais de 400 atividades gratuitas que acontecem principalmente na Pra\u00e7a XV, Esplanada do Theatro Pedro II e o no Theatro Pedro\u2026","rel":"","context":"In &quot;Not\u00edcias de Ribeir\u00e3o Preto-SP e Regi\u00e3o&quot;","block_context":{"text":"Not\u00edcias de Ribeir\u00e3o Preto-SP e Regi\u00e3o","link":"https:\/\/noticiasribeiraopreto.com.br\/index.php\/category\/noticias-de-ribeirao-preto-sp-e-regiao-ismael-colosi\/"},"img":{"alt_text":"","src":"https:\/\/i0.wp.com\/noticiasribeiraopreto.com.br\/wp-content\/uploads\/2024\/08\/Copia-de-Copia-de-TAMANHO-EXATO-PARA-FOTOS-NO-SISTEMA-NOVO-20_2024-07-31_11-31-49_jpg_2024-07-31_11-31-49.webp.webp?fit=1200%2C675&ssl=1&resize=350%2C200","width":350,"height":200,"srcset":"https:\/\/i0.wp.com\/noticiasribeiraopreto.com.br\/wp-content\/uploads\/2024\/08\/Copia-de-Copia-de-TAMANHO-EXATO-PARA-FOTOS-NO-SISTEMA-NOVO-20_2024-07-31_11-31-49_jpg_2024-07-31_11-31-49.webp.webp?fit=1200%2C675&ssl=1&resize=350%2C200 1x, https:\/\/i0.wp.com\/noticiasribeiraopreto.com.br\/wp-content\/uploads\/2024\/08\/Copia-de-Copia-de-TAMANHO-EXATO-PARA-FOTOS-NO-SISTEMA-NOVO-20_2024-07-31_11-31-49_jpg_2024-07-31_11-31-49.webp.webp?fit=1200%2C675&ssl=1&resize=525%2C300 1.5x, https:\/\/i0.wp.com\/noticiasribeiraopreto.com.br\/wp-content\/uploads\/2024\/08\/Copia-de-Copia-de-TAMANHO-EXATO-PARA-FOTOS-NO-SISTEMA-NOVO-20_2024-07-31_11-31-49_jpg_2024-07-31_11-31-49.webp.webp?fit=1200%2C675&ssl=1&resize=700%2C400 2x, https:\/\/i0.wp.com\/noticiasribeiraopreto.com.br\/wp-content\/uploads\/2024\/08\/Copia-de-Copia-de-TAMANHO-EXATO-PARA-FOTOS-NO-SISTEMA-NOVO-20_2024-07-31_11-31-49_jpg_2024-07-31_11-31-49.webp.webp?fit=1200%2C675&ssl=1&resize=1050%2C600 3x"},"classes":[]}],"jetpack_sharing_enabled":true,"jetpack_shortlink":"https:\/\/wp.me\/peQAOb-jIE","_links":{"self":[{"href":"https:\/\/noticiasribeiraopreto.com.br\/index.php\/wp-json\/wp\/v2\/posts\/75804","targetHints":{"allow":["GET"]}}],"collection":[{"href":"https:\/\/noticiasribeiraopreto.com.br\/index.php\/wp-json\/wp\/v2\/posts"}],"about":[{"href":"https:\/\/noticiasribeiraopreto.com.br\/index.php\/wp-json\/wp\/v2\/types\/post"}],"author":[{"embeddable":true,"href":"https:\/\/noticiasribeiraopreto.com.br\/index.php\/wp-json\/wp\/v2\/users\/1"}],"replies":[{"embeddable":true,"href":"https:\/\/noticiasribeiraopreto.com.br\/index.php\/wp-json\/wp\/v2\/comments?post=75804"}],"version-history":[{"count":0,"href":"https:\/\/noticiasribeiraopreto.com.br\/index.php\/wp-json\/wp\/v2\/posts\/75804\/revisions"}],"wp:featuredmedia":[{"embeddable":true,"href":"https:\/\/noticiasribeiraopreto.com.br\/index.php\/wp-json\/wp\/v2\/media\/75805"}],"wp:attachment":[{"href":"https:\/\/noticiasribeiraopreto.com.br\/index.php\/wp-json\/wp\/v2\/media?parent=75804"}],"wp:term":[{"taxonomy":"category","embeddable":true,"href":"https:\/\/noticiasribeiraopreto.com.br\/index.php\/wp-json\/wp\/v2\/categories?post=75804"},{"taxonomy":"post_tag","embeddable":true,"href":"https:\/\/noticiasribeiraopreto.com.br\/index.php\/wp-json\/wp\/v2\/tags?post=75804"}],"curies":[{"name":"wp","href":"https:\/\/api.w.org\/{rel}","templated":true}]}}