{"id":75806,"date":"2025-08-15T16:12:12","date_gmt":"2025-08-15T19:12:12","guid":{"rendered":"https:\/\/noticiasribeiraopreto.com.br\/index.php\/2025\/08\/15\/regularizacao-de-fios-soltos-sera-realizada-em-avenidas-de-ribeirao-preto\/"},"modified":"2025-08-15T16:12:12","modified_gmt":"2025-08-15T19:12:12","slug":"regularizacao-de-fios-soltos-sera-realizada-em-avenidas-de-ribeirao-preto","status":"publish","type":"post","link":"https:\/\/noticiasribeiraopreto.com.br\/index.php\/2025\/08\/15\/regularizacao-de-fios-soltos-sera-realizada-em-avenidas-de-ribeirao-preto\/","title":{"rendered":"Regulariza\u00e7\u00e3o de fios soltos ser\u00e1 realizada em avenidas de Ribeir\u00e3o Preto"},"content":{"rendered":"<div class='code-block code-block-1' style='margin: 8px 0 8px auto; text-align: right; display: block; clear: both;'>\n<p><a href=\"https:\/\/wa.link\/vpicfd\"><img data-recalc-dims=\"1\" class=\"wp-image-4922\" style=\"aspect-ratio: 2.0253164556962027; width: 561px; height: auto;\" src=\"https:\/\/i0.wp.com\/ismaelcolosi.com.br\/wp-content\/uploads\/2023\/11\/grupo-de-empregos-whatsapp-e-facebook-ismael-colosi-vagas.jpg?ssl=1\" alt=\"\" \/><\/a><\/p>\n<!-- \/wp:image -->\n<\/div>\n<p> <br \/>\n<\/p>\n<div data-td-block-uid=\"tdi_95\">\n<div class=\"tdb-block-inner td-fix-index\">\n<p>A Secretaria de Infraestrutura come\u00e7a neste s\u00e1bado (16) a regulariza\u00e7\u00e3o de fios de telecomunica\u00e7\u00f5es soltos em avenidas de<strong> Ribeir\u00e3o Preto<\/strong>. A <strong>avenida Portugal<\/strong> \u00e9 a primeira que ser\u00e1 atendida e os trabalhos acontecem no <mark style=\"background-color:#fcb900\" class=\"has-inline-color has-black-color\">per\u00edodo das 8h \u00e0s 17h.<\/mark><\/p>\n<p>O servi\u00e7o acontece no trecho entre as <strong>avenidas Ant\u00f4nio Diederischen e Senador C\u00e9sar Vergueiro<\/strong>. J\u00e1 a partir de segunda-feira os trabalhos seguem na regi\u00e3o Central.<\/p>\n<h2 class=\"wp-block-heading\"><strong>Novo cronograma<\/strong><\/h2>\n<p>O cronograma foi definido na quinta-feira (14) durante reuni\u00e3o da Coinfarp (Comiss\u00e3o de Infraestrutura A\u00e9rea de Ribeir\u00e3o Preto).<\/p>\n<p>No Centro, os servi\u00e7os seguem um cronograma que contempla o quadril\u00e1tero formado pelas ruas Sete de Setembro e Am\u00e9rico Brasiliense, e pelas avenidas Nove de Julho e Jer\u00f4nimo Gon\u00e7alves, al\u00e9m da avenida Independ\u00eancia, entre a Francisco Junqueira e a Nove de Julho. <mark style=\"background-color:#fcb900\" class=\"has-inline-color has-black-color\">A previs\u00e3o \u00e9 concluir essa etapa at\u00e9 outubro.<\/mark><\/p>\n<p>O cronograma das avenidas ser\u00e1 estruturado pela CPFL, com interven\u00e7\u00f5es programadas para finais de semana, podendo ocorrer aos s\u00e1bados e domingos.<\/p>\n<p>Os trabalhos de regulariza\u00e7\u00e3o s\u00e3o coordenados pela CPFL, com fiscaliza\u00e7\u00e3o da Secretaria de Infraestrutura e da Fiscaliza\u00e7\u00e3o Geral, e apoio da RP Mobi. A adequa\u00e7\u00e3o dos fios \u00e9 de responsabilidade das empresas de telecomunica\u00e7\u00f5es que os utilizam.<\/p>\n<h2 class=\"wp-block-heading\"><strong>Revis\u00e3o na lei<\/strong><\/h2>\n<p>Segundo a Prefeitura de Ribeir\u00e3o Preto, o Executivo est\u00e1 revisando a lei 14.901\/2024, para ampliar as san\u00e7\u00f5es diretas contras as empresas de telecomunica\u00e7\u00f5es, com o objetivo de prevenir fios soltos, melhorar a est\u00e9tica urbana e garantir a seguran\u00e7a de pedestres e motoristas.<\/p>\n<p>SAIBA MAIS<br \/>Vai ter onda de calor? Veja a previs\u00e3o para os pr\u00f3ximos dias<\/p>\n<h2 class=\"wp-block-heading\"><strong>FIQUE ON<\/strong><\/h2>\n<p>Fique ligado em tudo que acontece em Ribeir\u00e3o Preto e regi\u00e3o. Siga os perfis do\u00a0<strong>acidade on<\/strong>\u00a0no\u00a0<a href=\"https:\/\/www.instagram.com\/acidadeonribeirao\" target=\"_blank\" rel=\"noreferrer noopener\">Instagram<\/a>\u00a0e no\u00a0<a href=\"https:\/\/www.facebook.com\/acidadeonribeirao\/\" target=\"_blank\" rel=\"noreferrer noopener\">Facebook.<\/a><\/p>\n<p>Receba not\u00edcias do\u00a0<strong>acidade on<\/strong>\u00a0no WhatsApp.\u00a0<a href=\"https:\/\/chat.whatsapp.com\/I4nieTEMKlf50pJ28aMemC?mode=ac_t\" target=\"_blank\" rel=\"noreferrer noopener\">Para entrar no grupo, basta clicar aqui.<\/a><\/p>\n<p>Fa\u00e7a uma den\u00fancia ou sugira uma reportagem sobre Ribeir\u00e3o Preto e regi\u00e3o pelo WhatsApp: 16 99117 7802.<\/p>\n<p>VEJA TAMB\u00c9M<br \/>Qual a parceria entre Zeca Pagodinho e a Embrapa?<\/p>\n<p><!-- AI CONTENT END 1 -->\n<\/div>\n<\/div>\n<p><script async src=\"\/\/www.instagram.com\/embed.js\"><\/script><br \/>\n<br \/><br \/>\n<br \/><a href=\"https:\/\/www.acidadeon.com\/ribeiraopreto\/politica\/regularizacao-de-fios-soltos-sera-realizada-em-avenidas-de-ribeirao-preto\/\">Source link <\/a><\/p>\n<!-- CONTENT END 1 -->\n","protected":false},"excerpt":{"rendered":"<p>A Secretaria de Infraestrutura come\u00e7a neste s\u00e1bado (16) a regulariza\u00e7\u00e3o de fios de telecomunica\u00e7\u00f5es soltos em avenidas de Ribeir\u00e3o Preto. A avenida Portugal \u00e9 a&#8230;<\/p>\n","protected":false},"author":1,"featured_media":75807,"comment_status":"open","ping_status":"open","sticky":false,"template":"","format":"standard","meta":{"advanced_seo_description":"","jetpack_seo_html_title":"","jetpack_seo_noindex":false,"jetpack_post_was_ever_published":false,"_jetpack_newsletter_access":"","_jetpack_dont_email_post_to_subs":false,"_jetpack_newsletter_tier_id":0,"_jetpack_memberships_contains_paywalled_content":false,"_jetpack_memberships_contains_paid_content":false,"footnotes":"","jetpack_publicize_message":"","jetpack_publicize_feature_enabled":true,"jetpack_social_post_already_shared":true,"jetpack_social_options":{"image_generator_settings":{"template":"highway","default_image_id":0,"font":"","enabled":false},"version":2}},"categories":[11],"tags":[],"class_list":["post-75806","post","type-post","status-publish","format-standard","has-post-thumbnail","hentry","category-noticias-de-ribeirao-preto-sp-e-regiao-ismael-colosi"],"jetpack_publicize_connections":[],"jetpack_featured_media_url":"https:\/\/i0.wp.com\/noticiasribeiraopreto.com.br\/wp-content\/uploads\/2025\/08\/regularizacao-fios_2025-08-15_15-30-05.webp.webp?fit=1200%2C799&ssl=1","jetpack-related-posts":[{"id":81515,"url":"https:\/\/noticiasribeiraopreto.com.br\/index.php\/2026\/01\/08\/avenidas-da-zona-norte-de-ribeirao-preto-recebem-acao-de-regularizacao-de-fios-soltos\/","url_meta":{"origin":75806,"position":0},"title":"Avenidas da zona Norte de Ribeir\u00e3o Preto recebem a\u00e7\u00e3o de regulariza\u00e7\u00e3o de fios soltos","author":"noticiasribeiraopreto.com.br","date":"8 de January de 2026","format":false,"excerpt":"A Prefeitura de Ribeir\u00e3o Preto iniciou, nesta semana, a regulariza\u00e7\u00e3o de fios soltos de telecomunica\u00e7\u00f5es em avenidas da regi\u00e3o Norte. Os servi\u00e7os come\u00e7aram na \u00faltima segunda-feira (5) e s\u00e3o executados nas avenidas Brasil e Thomaz Alberto Whately e supervisionados pela Coinfarp (Comiss\u00e3o de Infraestrutura A\u00e9rea de Ribeir\u00e3o Preto). Segundo a\u2026","rel":"","context":"In &quot;Not\u00edcias de Ribeir\u00e3o Preto-SP e Regi\u00e3o&quot;","block_context":{"text":"Not\u00edcias de Ribeir\u00e3o Preto-SP e Regi\u00e3o","link":"https:\/\/noticiasribeiraopreto.com.br\/index.php\/category\/noticias-de-ribeirao-preto-sp-e-regiao-ismael-colosi\/"},"img":{"alt_text":"","src":"https:\/\/i0.wp.com\/noticiasribeiraopreto.com.br\/wp-content\/uploads\/2026\/01\/fios-soltos_2026-01-07_19-52-21.webp.webp?fit=1200%2C800&ssl=1&resize=350%2C200","width":350,"height":200,"srcset":"https:\/\/i0.wp.com\/noticiasribeiraopreto.com.br\/wp-content\/uploads\/2026\/01\/fios-soltos_2026-01-07_19-52-21.webp.webp?fit=1200%2C800&ssl=1&resize=350%2C200 1x, https:\/\/i0.wp.com\/noticiasribeiraopreto.com.br\/wp-content\/uploads\/2026\/01\/fios-soltos_2026-01-07_19-52-21.webp.webp?fit=1200%2C800&ssl=1&resize=525%2C300 1.5x, https:\/\/i0.wp.com\/noticiasribeiraopreto.com.br\/wp-content\/uploads\/2026\/01\/fios-soltos_2026-01-07_19-52-21.webp.webp?fit=1200%2C800&ssl=1&resize=700%2C400 2x, https:\/\/i0.wp.com\/noticiasribeiraopreto.com.br\/wp-content\/uploads\/2026\/01\/fios-soltos_2026-01-07_19-52-21.webp.webp?fit=1200%2C800&ssl=1&resize=1050%2C600 3x"},"classes":[]},{"id":81513,"url":"https:\/\/noticiasribeiraopreto.com.br\/index.php\/2026\/01\/08\/retirada-de-fios-soltos-comeca-em-vias-da-regiao-norte-de-ribeirao\/","url_meta":{"origin":75806,"position":1},"title":"Retirada de fios soltos come\u00e7a em vias da regi\u00e3o Norte de Ribeir\u00e3o","author":"noticiasribeiraopreto.com.br","date":"8 de January de 2026","format":false,"excerpt":"\r \r \r 8 de janeiro de 2026 08:08 \r Compartilhar0 Trabalhos fazem parte de reorganiza\u00e7\u00e3o da infraestrutura a\u00e9rea da cidade A regulariza\u00e7\u00e3o de fios soltos de telecomunica\u00e7\u00f5es foi iniciada nesta semana em avenidas da regi\u00e3o Norte de Ribeir\u00e3o Preto. Os trabalhos come\u00e7aram na segunda-feira (5) e est\u00e3o sendo realizados\u2026","rel":"","context":"In &quot;Not\u00edcias de Ribeir\u00e3o Preto-SP e Regi\u00e3o&quot;","block_context":{"text":"Not\u00edcias de Ribeir\u00e3o Preto-SP e Regi\u00e3o","link":"https:\/\/noticiasribeiraopreto.com.br\/index.php\/category\/noticias-de-ribeirao-preto-sp-e-regiao-ismael-colosi\/"},"img":{"alt_text":"","src":"https:\/\/i0.wp.com\/noticiasribeiraopreto.com.br\/wp-content\/uploads\/2026\/01\/2-regularizacao-fios_fernandogonzaga_0701-scaled.jpg?fit=1170%2C780&ssl=1&resize=350%2C200","width":350,"height":200,"srcset":"https:\/\/i0.wp.com\/noticiasribeiraopreto.com.br\/wp-content\/uploads\/2026\/01\/2-regularizacao-fios_fernandogonzaga_0701-scaled.jpg?fit=1170%2C780&ssl=1&resize=350%2C200 1x, https:\/\/i0.wp.com\/noticiasribeiraopreto.com.br\/wp-content\/uploads\/2026\/01\/2-regularizacao-fios_fernandogonzaga_0701-scaled.jpg?fit=1170%2C780&ssl=1&resize=525%2C300 1.5x, https:\/\/i0.wp.com\/noticiasribeiraopreto.com.br\/wp-content\/uploads\/2026\/01\/2-regularizacao-fios_fernandogonzaga_0701-scaled.jpg?fit=1170%2C780&ssl=1&resize=700%2C400 2x, https:\/\/i0.wp.com\/noticiasribeiraopreto.com.br\/wp-content\/uploads\/2026\/01\/2-regularizacao-fios_fernandogonzaga_0701-scaled.jpg?fit=1170%2C780&ssl=1&resize=1050%2C600 3x"},"classes":[]},{"id":70215,"url":"https:\/\/noticiasribeiraopreto.com.br\/index.php\/2025\/05\/23\/saiba-quando-comeca-a-regularizacao-dos-fios-soltos-no-centro-de-ribeirao-preto\/","url_meta":{"origin":75806,"position":2},"title":"Saiba quando come\u00e7a a regulariza\u00e7\u00e3o dos fios soltos no Centro de Ribeir\u00e3o Preto","author":"noticiasribeiraopreto.com.br","date":"23 de May de 2025","format":false,"excerpt":"A Prefeitura de Ribeir\u00e3o Preto, por meio da Secretaria de Infraestrutura, vai come\u00e7ar a regulariza\u00e7\u00e3o dos fios soltos de internet e telefonia na regi\u00e3o central no dia 2 de junho. A iniciativa visa eliminar os cabos soltos e desorganizados que representam riscos para pedestres e ve\u00edculos. A primeira etapa acontecer\u00e1\u2026","rel":"","context":"In &quot;Not\u00edcias de Ribeir\u00e3o Preto-SP e Regi\u00e3o&quot;","block_context":{"text":"Not\u00edcias de Ribeir\u00e3o Preto-SP e Regi\u00e3o","link":"https:\/\/noticiasribeiraopreto.com.br\/index.php\/category\/noticias-de-ribeirao-preto-sp-e-regiao-ismael-colosi\/"},"img":{"alt_text":"","src":"https:\/\/i0.wp.com\/noticiasribeiraopreto.com.br\/wp-content\/uploads\/2025\/05\/design_sem_nome_x30x.jpg?fit=1200%2C603&ssl=1&resize=350%2C200","width":350,"height":200,"srcset":"https:\/\/i0.wp.com\/noticiasribeiraopreto.com.br\/wp-content\/uploads\/2025\/05\/design_sem_nome_x30x.jpg?fit=1200%2C603&ssl=1&resize=350%2C200 1x, https:\/\/i0.wp.com\/noticiasribeiraopreto.com.br\/wp-content\/uploads\/2025\/05\/design_sem_nome_x30x.jpg?fit=1200%2C603&ssl=1&resize=525%2C300 1.5x, https:\/\/i0.wp.com\/noticiasribeiraopreto.com.br\/wp-content\/uploads\/2025\/05\/design_sem_nome_x30x.jpg?fit=1200%2C603&ssl=1&resize=700%2C400 2x, https:\/\/i0.wp.com\/noticiasribeiraopreto.com.br\/wp-content\/uploads\/2025\/05\/design_sem_nome_x30x.jpg?fit=1200%2C603&ssl=1&resize=1050%2C600 3x"},"classes":[]},{"id":70256,"url":"https:\/\/noticiasribeiraopreto.com.br\/index.php\/2025\/05\/24\/fios-soltos-serao-retirados-em-junho\/","url_meta":{"origin":75806,"position":3},"title":"Fios soltos ser\u00e3o retirados em junho\u00a0","author":"noticiasribeiraopreto.com.br","date":"24 de May de 2025","format":false,"excerpt":"24 de maio de 2025 09:3023 de maio de 2025 18:469 Compartilhar0 A prefeitura de Ribeir\u00e3o Preto, por meio da Comiss\u00e3o de Infraestrutura A\u00e9rea (Coinfarp) da Secretaria Municipal de Infraestrutura, definiu o cronograma de regulariza\u00e7\u00e3o dos fios soltos de internet e telefonia na regi\u00e3o Central da cidade.\u00a0 A primeira etapa\u2026","rel":"","context":"In &quot;Not\u00edcias de Ribeir\u00e3o Preto-SP e Regi\u00e3o&quot;","block_context":{"text":"Not\u00edcias de Ribeir\u00e3o Preto-SP e Regi\u00e3o","link":"https:\/\/noticiasribeiraopreto.com.br\/index.php\/category\/noticias-de-ribeirao-preto-sp-e-regiao-ismael-colosi\/"},"img":{"alt_text":"","src":"https:\/\/i0.wp.com\/noticiasribeiraopreto.com.br\/wp-content\/uploads\/2025\/05\/FiacaoRP-Divulgacao.jpg?fit=1000%2C666&ssl=1&resize=350%2C200","width":350,"height":200,"srcset":"https:\/\/i0.wp.com\/noticiasribeiraopreto.com.br\/wp-content\/uploads\/2025\/05\/FiacaoRP-Divulgacao.jpg?fit=1000%2C666&ssl=1&resize=350%2C200 1x, https:\/\/i0.wp.com\/noticiasribeiraopreto.com.br\/wp-content\/uploads\/2025\/05\/FiacaoRP-Divulgacao.jpg?fit=1000%2C666&ssl=1&resize=525%2C300 1.5x, https:\/\/i0.wp.com\/noticiasribeiraopreto.com.br\/wp-content\/uploads\/2025\/05\/FiacaoRP-Divulgacao.jpg?fit=1000%2C666&ssl=1&resize=700%2C400 2x"},"classes":[]},{"id":62342,"url":"https:\/\/noticiasribeiraopreto.com.br\/index.php\/2025\/01\/10\/saiba-como-esta-a-situacao-da-nova-iluminacao-publica-em-ribeirao-preto\/","url_meta":{"origin":75806,"position":4},"title":"Saiba como est\u00e1 a situa\u00e7\u00e3o da nova ilumina\u00e7\u00e3o p\u00fablica em Ribeir\u00e3o Preto","author":"noticiasribeiraopreto.com.br","date":"10 de January de 2025","format":false,"excerpt":"Homologada em agosto de 2023, a PPP (Parceria P\u00fablico-Privada) para concess\u00e3o do novo sistema de ilumina\u00e7\u00e3o p\u00fablica em Ribeir\u00e3o Preto, continua na fase burocr\u00e1tica. De acordo com o Cons\u00f3rcio Conecta Ribeir\u00e3o Preto, a previs\u00e3o para o in\u00edcio dos servi\u00e7os de moderniza\u00e7\u00e3o est\u00e1 marcada para o m\u00eas de fevereiro. A concess\u00e3o\u2026","rel":"","context":"In &quot;Not\u00edcias de Ribeir\u00e3o Preto-SP e Regi\u00e3o&quot;","block_context":{"text":"Not\u00edcias de Ribeir\u00e3o Preto-SP e Regi\u00e3o","link":"https:\/\/noticiasribeiraopreto.com.br\/index.php\/category\/noticias-de-ribeirao-preto-sp-e-regiao-ismael-colosi\/"},"img":{"alt_text":"","src":"https:\/\/i0.wp.com\/noticiasribeiraopreto.com.br\/wp-content\/uploads\/2025\/01\/iluminacao_zeladoria_-_foto_guilherme_sircili_17-1_2025-01-10_22-27-16_jpg_2025-01-10_22-27-16.webp.webp?fit=1200%2C799&ssl=1&resize=350%2C200","width":350,"height":200,"srcset":"https:\/\/i0.wp.com\/noticiasribeiraopreto.com.br\/wp-content\/uploads\/2025\/01\/iluminacao_zeladoria_-_foto_guilherme_sircili_17-1_2025-01-10_22-27-16_jpg_2025-01-10_22-27-16.webp.webp?fit=1200%2C799&ssl=1&resize=350%2C200 1x, https:\/\/i0.wp.com\/noticiasribeiraopreto.com.br\/wp-content\/uploads\/2025\/01\/iluminacao_zeladoria_-_foto_guilherme_sircili_17-1_2025-01-10_22-27-16_jpg_2025-01-10_22-27-16.webp.webp?fit=1200%2C799&ssl=1&resize=525%2C300 1.5x, https:\/\/i0.wp.com\/noticiasribeiraopreto.com.br\/wp-content\/uploads\/2025\/01\/iluminacao_zeladoria_-_foto_guilherme_sircili_17-1_2025-01-10_22-27-16_jpg_2025-01-10_22-27-16.webp.webp?fit=1200%2C799&ssl=1&resize=700%2C400 2x, https:\/\/i0.wp.com\/noticiasribeiraopreto.com.br\/wp-content\/uploads\/2025\/01\/iluminacao_zeladoria_-_foto_guilherme_sircili_17-1_2025-01-10_22-27-16_jpg_2025-01-10_22-27-16.webp.webp?fit=1200%2C799&ssl=1&resize=1050%2C600 3x"},"classes":[]},{"id":82528,"url":"https:\/\/noticiasribeiraopreto.com.br\/index.php\/2026\/02\/18\/motociclista-morre-apos-se-enroscar-em-fio-solto-e-bater-em-poste\/","url_meta":{"origin":75806,"position":5},"title":"Motociclista morre ap\u00f3s se enroscar em fio solto e bater em poste","author":"noticiasribeiraopreto.com.br","date":"18 de February de 2026","format":false,"excerpt":"Um motociclista de 49 anos morreu na manh\u00e3 desta quarta-feira (18), depois de se enroscar em um fio e bater contra um poste no Jardim Petr\u00e1glia, em Franca, a 80 quil\u00f4metros de Ribeir\u00e3o Preto. Assista ao v\u00eddeo abaixo. De acordo com informa\u00e7\u00f5es, a v\u00edtima teria se enroscado em um fio\u2026","rel":"","context":"In &quot;Not\u00edcias de Ribeir\u00e3o Preto-SP e Regi\u00e3o&quot;","block_context":{"text":"Not\u00edcias de Ribeir\u00e3o Preto-SP e Regi\u00e3o","link":"https:\/\/noticiasribeiraopreto.com.br\/index.php\/category\/noticias-de-ribeirao-preto-sp-e-regiao-ismael-colosi\/"},"img":{"alt_text":"","src":"https:\/\/i0.wp.com\/noticiasribeiraopreto.com.br\/wp-content\/uploads\/2026\/02\/MOTO_2026-02-18_11-29-26.webp.webp?fit=1200%2C662&ssl=1&resize=350%2C200","width":350,"height":200,"srcset":"https:\/\/i0.wp.com\/noticiasribeiraopreto.com.br\/wp-content\/uploads\/2026\/02\/MOTO_2026-02-18_11-29-26.webp.webp?fit=1200%2C662&ssl=1&resize=350%2C200 1x, https:\/\/i0.wp.com\/noticiasribeiraopreto.com.br\/wp-content\/uploads\/2026\/02\/MOTO_2026-02-18_11-29-26.webp.webp?fit=1200%2C662&ssl=1&resize=525%2C300 1.5x, https:\/\/i0.wp.com\/noticiasribeiraopreto.com.br\/wp-content\/uploads\/2026\/02\/MOTO_2026-02-18_11-29-26.webp.webp?fit=1200%2C662&ssl=1&resize=700%2C400 2x, https:\/\/i0.wp.com\/noticiasribeiraopreto.com.br\/wp-content\/uploads\/2026\/02\/MOTO_2026-02-18_11-29-26.webp.webp?fit=1200%2C662&ssl=1&resize=1050%2C600 3x"},"classes":[]}],"jetpack_sharing_enabled":true,"jetpack_shortlink":"https:\/\/wp.me\/peQAOb-jIG","_links":{"self":[{"href":"https:\/\/noticiasribeiraopreto.com.br\/index.php\/wp-json\/wp\/v2\/posts\/75806","targetHints":{"allow":["GET"]}}],"collection":[{"href":"https:\/\/noticiasribeiraopreto.com.br\/index.php\/wp-json\/wp\/v2\/posts"}],"about":[{"href":"https:\/\/noticiasribeiraopreto.com.br\/index.php\/wp-json\/wp\/v2\/types\/post"}],"author":[{"embeddable":true,"href":"https:\/\/noticiasribeiraopreto.com.br\/index.php\/wp-json\/wp\/v2\/users\/1"}],"replies":[{"embeddable":true,"href":"https:\/\/noticiasribeiraopreto.com.br\/index.php\/wp-json\/wp\/v2\/comments?post=75806"}],"version-history":[{"count":0,"href":"https:\/\/noticiasribeiraopreto.com.br\/index.php\/wp-json\/wp\/v2\/posts\/75806\/revisions"}],"wp:featuredmedia":[{"embeddable":true,"href":"https:\/\/noticiasribeiraopreto.com.br\/index.php\/wp-json\/wp\/v2\/media\/75807"}],"wp:attachment":[{"href":"https:\/\/noticiasribeiraopreto.com.br\/index.php\/wp-json\/wp\/v2\/media?parent=75806"}],"wp:term":[{"taxonomy":"category","embeddable":true,"href":"https:\/\/noticiasribeiraopreto.com.br\/index.php\/wp-json\/wp\/v2\/categories?post=75806"},{"taxonomy":"post_tag","embeddable":true,"href":"https:\/\/noticiasribeiraopreto.com.br\/index.php\/wp-json\/wp\/v2\/tags?post=75806"}],"curies":[{"name":"wp","href":"https:\/\/api.w.org\/{rel}","templated":true}]}}