{"id":75809,"date":"2025-08-15T17:29:05","date_gmt":"2025-08-15T20:29:05","guid":{"rendered":"https:\/\/noticiasribeiraopreto.com.br\/index.php\/2025\/08\/15\/ribeirao-preto-esta-mais-perto-de-virar-mit\/"},"modified":"2025-08-15T17:29:05","modified_gmt":"2025-08-15T20:29:05","slug":"ribeirao-preto-esta-mais-perto-de-virar-mit","status":"publish","type":"post","link":"https:\/\/noticiasribeiraopreto.com.br\/index.php\/2025\/08\/15\/ribeirao-preto-esta-mais-perto-de-virar-mit\/","title":{"rendered":"Ribeir\u00e3o Preto est\u00e1 mais perto de virar MIT\u00a0"},"content":{"rendered":"<div class='code-block code-block-1' style='margin: 8px 0 8px auto; text-align: right; display: block; clear: both;'>\n<p><a href=\"https:\/\/wa.link\/vpicfd\"><img data-recalc-dims=\"1\" class=\"wp-image-4922\" style=\"aspect-ratio: 2.0253164556962027; width: 561px; height: auto;\" src=\"https:\/\/i0.wp.com\/ismaelcolosi.com.br\/wp-content\/uploads\/2023\/11\/grupo-de-empregos-whatsapp-e-facebook-ismael-colosi-vagas.jpg?ssl=1\" alt=\"\" \/><\/a><\/p>\n<!-- \/wp:image -->\n<\/div>\n<p> <br \/>\n<\/p>\n<div id=\"post-435285\">\n<header class=\"entry-header penci-entry-header penci-title-center\">\n<p>\n\t\t\t\t\t\t\t\t\t<span class=\"entry-meta-item penci-posted-on\"><i class=\"fa fa-clock-o\"\/><time class=\"entry-date published\" datetime=\"2025-08-15T17:28:35-03:00\">15 de agosto de 2025 17:28<\/time><time class=\"updated\" datetime=\"2025-08-15T14:31:00-03:00\">15 de agosto de 2025 14:31<\/time><\/span><span class=\"entry-meta-item penci-post-countview\"><span class=\"entry-meta-item penci-post-countview penci_post-meta_item\"><i class=\"fa fa-eye\"\/><span class=\"penci-post-countview-number penci-post-countview-p435285\">7<\/span><\/span><\/span>\t\t\t\t\t\t\t\t<\/p>\n<p><!-- .entry-meta --><br \/>\n\t\t\t\t\t\t\t\t<span class=\"penci-social-buttons penci-social-share-footer\"><span class=\"penci-social-share-text\">Compartilhar<\/span><a href=\"#\" class=\"penci-post-like penci_post-meta_item  single-like-button penci-social-item like\" data-post_id=\"435285\" title=\"Like\" data-like=\"Like\" data-unlike=\"Unlike\"><i class=\"fa fa-thumbs-o-up\"\/><span class=\"penci-share-number\">0<\/span><\/a><i class=\"fa fa-facebook\"\/><a class=\"penci-social-item twitter\" target=\"_blank\" rel=\"noopener\" title=\"\" href=\"https:\/\/twitter.com\/intent\/tweet?text=Ribeir\u00e3o%20Preto%20est\u00e1%20mais%20perto%20de%20virar%20MIT\u00a0%20-%20https:\/\/www.tribunaribeirao.com.br\/ribeirao-preto-esta-mais-perto-de-virar-mit\/\"><i class=\"fa fa-twitter\"\/><\/a><i class=\"fa fa-linkedin\"\/><i class=\"fa fa-whatsapp\"\/><i class=\"fa fa-telegram\"\/><i class=\"fa fa-envelope\"\/><\/span>\t\t\t\t\t\t\t<\/header>\n<p><!-- .entry-header --><\/p>\n<div class=\"penci-entry-content entry-content\">\n<p><em><span class=\"TextRun SCXW60448975 BCX8\" lang=\"PT-BR\" xml:lang=\"PT-BR\" data-contrast=\"auto\"><span class=\"NormalTextRun SCXW60448975 BCX8\">Assembleia<\/span><span class=\"NormalTextRun SCXW60448975 BCX8\"> Legislativa elaborou projeto de lei coletivo que dever\u00e1 ter sua urg\u00eancia aprovada na pr\u00f3xima semana indo para vota\u00e7\u00e3o em plen\u00e1rio nos pr\u00f3ximos 15 dias<\/span><\/span><span class=\"LineBreakBlob BlobObject DragDrop SCXW60448975 BCX8\"><span class=\"SCXW60448975 BCX8\">\u00a0<\/span><br class=\"SCXW60448975 BCX8\"\/><\/span><\/em><span class=\"LineBreakBlob BlobObject DragDrop SCXW60448975 BCX8\"><span class=\"SCXW60448975 BCX8\">\u00a0<\/span><br class=\"SCXW60448975 BCX8\"\/><\/span><span class=\"TextRun SCXW60448975 BCX8\" lang=\"PT-BR\" xml:lang=\"PT-BR\" data-contrast=\"auto\"><span class=\"NormalTextRun SCXW60448975 BCX8\">A transforma\u00e7\u00e3o de Ribeir\u00e3o Preto em Munic\u00edpio de Interesse Tur\u00edstico (MIT), e o repasse de verbas do programa de fomento ao <\/span><span class=\"NormalTextRun SCXW60448975 BCX8\">setor <\/span><span class=\"NormalTextRun SCXW60448975 BCX8\">para a prefeitura, est\u00e1 mais pelo de virar realidade.<\/span> <span class=\"NormalTextRun SCXW60448975 BCX8\">Na quarta-feira, 14 de agosto, a <\/span><span class=\"NormalTextRun SCXW60448975 BCX8\">Assembleia<\/span><span class=\"NormalTextRun SCXW60448975 BCX8\"> Legislativa de S\u00e3o Paulo publicou<\/span><span class=\"NormalTextRun SCXW60448975 BCX8\">,<\/span><span class=\"NormalTextRun SCXW60448975 BCX8\"> no Di\u00e1rio Oficial do Estado (DOE)<\/span><span class=\"NormalTextRun SCXW60448975 BCX8\">,<\/span><span class=\"NormalTextRun SCXW60448975 BCX8\"> projeto de <\/span><span class=\"NormalTextRun SCXW60448975 BCX8\">lei coletivo \u2013 incluindo todos os 94 deputados estaduais<\/span><span class=\"NormalTextRun SCXW60448975 BCX8\"> \u2013<\/span> <span class=\"NormalTextRun SCXW60448975 BCX8\">que transforma <\/span><span class=\"NormalTextRun SCXW60448975 BCX8\">a v\u00e1rias cidades <\/span><span class=\"NormalTextRun SCXW60448975 BCX8\">paulistas em <\/span><span class=\"NormalTextRun SpellingErrorV2Themed SCXW60448975 BCX8\">MITs<\/span><span class=\"NormalTextRun SCXW60448975 BCX8\">.\u00a0<\/span><\/span><span class=\"LineBreakBlob BlobObject DragDrop SCXW60448975 BCX8\"><br class=\"SCXW60448975 BCX8\"\/><\/span><span class=\"TextRun SCXW60448975 BCX8\" lang=\"PT-BR\" xml:lang=\"PT-BR\" data-contrast=\"auto\"><span class=\"NormalTextRun SCXW60448975 BCX8\">A proposta dever\u00e1 ter <\/span><span class=\"NormalTextRun SCXW60448975 BCX8\">o <\/span><span class=\"NormalTextRun SCXW60448975 BCX8\">pedido de urg\u00eancia votado na pr\u00f3xima semana e a previs\u00e3o \u00e9 que seja levado <\/span><span class=\"NormalTextRun SCXW60448975 BCX8\">ao<\/span><span class=\"NormalTextRun SCXW60448975 BCX8\"> plen\u00e1rio dentro de 15 dias. Ap\u00f3s ser aprovado pela <\/span><span class=\"NormalTextRun SCXW60448975 BCX8\">Alesp<\/span><span class=\"NormalTextRun SCXW60448975 BCX8\">,<\/span><span class=\"NormalTextRun SCXW60448975 BCX8\"> o projeto <\/span><span class=\"NormalTextRun SCXW60448975 BCX8\">ainda ter\u00e1 de <\/span><span class=\"NormalTextRun SCXW60448975 BCX8\">ser sancionado pelo governador Tarc\u00edsio de Freitas (Republicanos). <\/span><\/span><span class=\"LineBreakBlob BlobObject DragDrop SCXW60448975 BCX8\"><span class=\"SCXW60448975 BCX8\">\u00a0<\/span><br class=\"SCXW60448975 BCX8\"\/><\/span><span class=\"TextRun SCXW60448975 BCX8\" lang=\"PT-BR\" xml:lang=\"PT-BR\" data-contrast=\"auto\"><span class=\"NormalTextRun SCXW60448975 BCX8\">No caso de Ribeir\u00e3o Preto, desde 2019 o deputado estadual L\u00e9o Oliveira (MDB) tenta classificar a cidade como MIT e, assim, viabilizar recursos para investimentos <\/span><span class=\"NormalTextRun SCXW60448975 BCX8\">em <\/span><span class=\"NormalTextRun SCXW60448975 BCX8\">infraestrutura<\/span><span class=\"NormalTextRun SCXW60448975 BCX8\"> tur\u00edstica do munic\u00edpio. A estimativa \u00e9<\/span><span class=\"NormalTextRun SCXW60448975 BCX8\"> de inje\u00e7\u00e3o de <\/span><span class=\"NormalTextRun SCXW60448975 BCX8\">R$ 750 mil por ano. <\/span><\/span><span class=\"LineBreakBlob BlobObject DragDrop SCXW60448975 BCX8\"><span class=\"SCXW60448975 BCX8\">\u00a0<\/span><br class=\"SCXW60448975 BCX8\"\/><\/span><span class=\"TextRun SCXW60448975 BCX8\" lang=\"PT-BR\" xml:lang=\"PT-BR\" data-contrast=\"auto\"><span class=\"NormalTextRun SCXW60448975 BCX8\">Para o presidente do Sindicato do Turismo de Ribeir\u00e3o Preto, Aguinaldo Rodrigues, a transforma\u00e7\u00e3o da cidade em Munic\u00edpio de Interesse Tur\u00edstico \u00e9 importante porque ajudar\u00e1 a promove<\/span><span class=\"NormalTextRun SCXW60448975 BCX8\">r<\/span><span class=\"NormalTextRun SCXW60448975 BCX8\"> a cidade e a divulgar importantes eventos, que ainda s\u00e3o poucos conhecidos e divulgados. <\/span><\/span><span class=\"LineBreakBlob BlobObject DragDrop SCXW60448975 BCX8\"><span class=\"SCXW60448975 BCX8\">\u00a0<\/span><br class=\"SCXW60448975 BCX8\"\/><\/span><span class=\"TextRun SCXW60448975 BCX8\" lang=\"PT-BR\" xml:lang=\"PT-BR\" data-contrast=\"auto\"><span class=\"NormalTextRun SCXW60448975 BCX8\">Ele afirma, ainda, que Poder P\u00fablico<\/span><span class=\"NormalTextRun SCXW60448975 BCX8\"> e <\/span><span class=\"NormalTextRun SCXW60448975 BCX8\">entidades do setor<\/span><span class=\"NormalTextRun SCXW60448975 BCX8\">,<\/span><span class=\"NormalTextRun SCXW60448975 BCX8\"> em conjunto com o Observat\u00f3rio Econ\u00f4mico e de Turismo de Ribeir\u00e3o Preto e Regi\u00e3o<\/span><span class=\"NormalTextRun SCXW60448975 BCX8\">,<\/span><span class=\"NormalTextRun SCXW60448975 BCX8\"> ampliem o trabalho para <\/span><span class=\"NormalTextRun SCXW60448975 BCX8\">implementar<\/span><span class=\"NormalTextRun SCXW60448975 BCX8\"> de forma efetiva uma pol\u00edtica eficiente e permanente de desenvolvimento para o <\/span><span class=\"NormalTextRun SCXW60448975 BCX8\">segmento<\/span><span class=\"NormalTextRun SCXW60448975 BCX8\">.<\/span><\/span><\/p>\n<\/div>\n<p><!-- .entry-content --><\/p>\n<footer class=\"penci-entry-footer\">\n\t\t\t\t\t\t\t\t<span class=\"penci-social-buttons penci-social-share-footer\"><span class=\"penci-social-share-text\">Compartilhar<\/span><a href=\"#\" class=\"penci-post-like penci_post-meta_item  single-like-button penci-social-item like\" data-post_id=\"435285\" title=\"Like\" data-like=\"Like\" data-unlike=\"Unlike\"><i class=\"fa fa-thumbs-o-up\"\/><span class=\"penci-share-number\">0<\/span><\/a><i class=\"fa fa-facebook\"\/><a class=\"penci-social-item twitter\" target=\"_blank\" rel=\"noopener\" title=\"\" href=\"https:\/\/twitter.com\/intent\/tweet?text=Ribeir\u00e3o%20Preto%20est\u00e1%20mais%20perto%20de%20virar%20MIT\u00a0%20-%20https:\/\/www.tribunaribeirao.com.br\/ribeirao-preto-esta-mais-perto-de-virar-mit\/\"><i class=\"fa fa-twitter\"\/><\/a><i class=\"fa fa-linkedin\"\/><i class=\"fa fa-whatsapp\"\/><i class=\"fa fa-telegram\"\/><i class=\"fa fa-envelope\"\/><\/span>\t\t\t\t\t\t\t<\/footer>\n<p><!-- .entry-footer -->\n\t\t\t\t\t\t<\/div>\n<p><script async src=\"\/\/platform.twitter.com\/widgets.js\" charset=\"utf-8\"><\/script><br \/>\n<br \/><br \/>\n<br \/><a href=\"https:\/\/www.tribunaribeirao.com.br\/ribeirao-preto-esta-mais-perto-de-virar-mit\/\">Source link <\/a><\/p>\n<!-- CONTENT END 1 -->\n","protected":false},"excerpt":{"rendered":"<p>15 de agosto de 2025 17:2815 de agosto de 2025 14:317 Compartilhar0 Assembleia Legislativa elaborou projeto de lei coletivo que dever\u00e1 ter sua urg\u00eancia aprovada&#8230;<\/p>\n","protected":false},"author":1,"featured_media":75810,"comment_status":"open","ping_status":"open","sticky":false,"template":"","format":"standard","meta":{"advanced_seo_description":"","jetpack_seo_html_title":"","jetpack_seo_noindex":false,"jetpack_post_was_ever_published":false,"_jetpack_newsletter_access":"","_jetpack_dont_email_post_to_subs":false,"_jetpack_newsletter_tier_id":0,"_jetpack_memberships_contains_paywalled_content":false,"_jetpack_memberships_contains_paid_content":false,"footnotes":"","jetpack_publicize_message":"","jetpack_publicize_feature_enabled":true,"jetpack_social_post_already_shared":true,"jetpack_social_options":{"image_generator_settings":{"template":"highway","default_image_id":0,"font":"","enabled":false},"version":2}},"categories":[11],"tags":[],"class_list":["post-75809","post","type-post","status-publish","format-standard","has-post-thumbnail","hentry","category-noticias-de-ribeirao-preto-sp-e-regiao-ismael-colosi"],"jetpack_publicize_connections":[],"jetpack_featured_media_url":"https:\/\/i0.wp.com\/noticiasribeiraopreto.com.br\/wp-content\/uploads\/2025\/08\/Catedral-Cat-Luan-Porto.jpg?fit=750%2C500&ssl=1","jetpack-related-posts":[{"id":76028,"url":"https:\/\/noticiasribeiraopreto.com.br\/index.php\/2025\/08\/20\/instabilidade-tira-do-ar-consulta-de-dados-sobre-qualidade-do-ar-em-ribeirao-entenda\/","url_meta":{"origin":75809,"position":0},"title":"Instabilidade tira do ar consulta de dados sobre qualidade do ar em Ribeir\u00e3o; Entenda","author":"noticiasribeiraopreto.com.br","date":"20 de August de 2025","format":false,"excerpt":"Com a chegada do veranico, per\u00edodo em que as temperaturas ficam acima da m\u00e9dia mesmo no inverno, a qualidade do ar em Ribeir\u00e3o Preto pode ser prejudicada. Nesta semana, por\u00e9m, quem tentou acompanhar os \u00edndices de monitoramento encontrou dificuldades, j\u00e1 que a aba do site da Cetesb (Companhia Ambiental do\u2026","rel":"","context":"In &quot;Not\u00edcias de Ribeir\u00e3o Preto-SP e Regi\u00e3o&quot;","block_context":{"text":"Not\u00edcias de Ribeir\u00e3o Preto-SP e Regi\u00e3o","link":"https:\/\/noticiasribeiraopreto.com.br\/index.php\/category\/noticias-de-ribeirao-preto-sp-e-regiao-ismael-colosi\/"},"img":{"alt_text":"","src":"https:\/\/i0.wp.com\/noticiasribeiraopreto.com.br\/wp-content\/uploads\/2025\/08\/Copia-de-Copia-de-Copia-de-TAMANHO-EXATO-PARA-FOTOS-NO-SISTEMA-NOVO-2025-08-20T190609.455_2025-08-20_22-06-17.webp.webp?fit=1200%2C675&ssl=1&resize=350%2C200","width":350,"height":200,"srcset":"https:\/\/i0.wp.com\/noticiasribeiraopreto.com.br\/wp-content\/uploads\/2025\/08\/Copia-de-Copia-de-Copia-de-TAMANHO-EXATO-PARA-FOTOS-NO-SISTEMA-NOVO-2025-08-20T190609.455_2025-08-20_22-06-17.webp.webp?fit=1200%2C675&ssl=1&resize=350%2C200 1x, https:\/\/i0.wp.com\/noticiasribeiraopreto.com.br\/wp-content\/uploads\/2025\/08\/Copia-de-Copia-de-Copia-de-TAMANHO-EXATO-PARA-FOTOS-NO-SISTEMA-NOVO-2025-08-20T190609.455_2025-08-20_22-06-17.webp.webp?fit=1200%2C675&ssl=1&resize=525%2C300 1.5x, https:\/\/i0.wp.com\/noticiasribeiraopreto.com.br\/wp-content\/uploads\/2025\/08\/Copia-de-Copia-de-Copia-de-TAMANHO-EXATO-PARA-FOTOS-NO-SISTEMA-NOVO-2025-08-20T190609.455_2025-08-20_22-06-17.webp.webp?fit=1200%2C675&ssl=1&resize=700%2C400 2x, https:\/\/i0.wp.com\/noticiasribeiraopreto.com.br\/wp-content\/uploads\/2025\/08\/Copia-de-Copia-de-Copia-de-TAMANHO-EXATO-PARA-FOTOS-NO-SISTEMA-NOVO-2025-08-20T190609.455_2025-08-20_22-06-17.webp.webp?fit=1200%2C675&ssl=1&resize=1050%2C600 3x"},"classes":[]},{"id":55753,"url":"https:\/\/noticiasribeiraopreto.com.br\/index.php\/2024\/08\/06\/vai-chover-confira-a-previsao-do-tempo-para-os-proximos-cinco-dias-em-ribeirao-preto\/","url_meta":{"origin":75809,"position":1},"title":"Vai chover? Confira a previs\u00e3o do tempo para os pr\u00f3ximos cinco dias em Ribeir\u00e3o Preto","author":"noticiasribeiraopreto.com.br","date":"6 de August de 2024","format":false,"excerpt":"At\u00e9 sexta-feira (9), o calor deve continuar em Ribeir\u00e3o Preto, assim como o clima seco. Contudo, a partir do final de semana as temperaturas devem cair e existe a possibilidade de chuva para Ribeir\u00e3o Preto, de acordo com a Climatempo. Veja a previs\u00e3o Ter\u00e7a-feira, 6\u00a0 de agostoM\u00e1xima: 33\u00b0CM\u00ednima: 17\u00b0CSol com\u2026","rel":"","context":"In &quot;Not\u00edcias de Ribeir\u00e3o Preto-SP e Regi\u00e3o&quot;","block_context":{"text":"Not\u00edcias de Ribeir\u00e3o Preto-SP e Regi\u00e3o","link":"https:\/\/noticiasribeiraopreto.com.br\/index.php\/category\/noticias-de-ribeirao-preto-sp-e-regiao-ismael-colosi\/"},"img":{"alt_text":"","src":"https:\/\/i0.wp.com\/noticiasribeiraopreto.com.br\/wp-content\/uploads\/2024\/03\/AnyConv.com__tempo-ribeirao-preto-2.webp.webp?fit=1200%2C675&ssl=1&resize=350%2C200","width":350,"height":200,"srcset":"https:\/\/i0.wp.com\/noticiasribeiraopreto.com.br\/wp-content\/uploads\/2024\/03\/AnyConv.com__tempo-ribeirao-preto-2.webp.webp?fit=1200%2C675&ssl=1&resize=350%2C200 1x, https:\/\/i0.wp.com\/noticiasribeiraopreto.com.br\/wp-content\/uploads\/2024\/03\/AnyConv.com__tempo-ribeirao-preto-2.webp.webp?fit=1200%2C675&ssl=1&resize=525%2C300 1.5x, https:\/\/i0.wp.com\/noticiasribeiraopreto.com.br\/wp-content\/uploads\/2024\/03\/AnyConv.com__tempo-ribeirao-preto-2.webp.webp?fit=1200%2C675&ssl=1&resize=700%2C400 2x, https:\/\/i0.wp.com\/noticiasribeiraopreto.com.br\/wp-content\/uploads\/2024\/03\/AnyConv.com__tempo-ribeirao-preto-2.webp.webp?fit=1200%2C675&ssl=1&resize=1050%2C600 3x"},"classes":[]},{"id":56535,"url":"https:\/\/noticiasribeiraopreto.com.br\/index.php\/2024\/08\/14\/sesi-ribeirao-preto-tem-espetaculo-de-sapateado-gratuito-confira\/","url_meta":{"origin":75809,"position":2},"title":"Sesi Ribeir\u00e3o Preto tem espet\u00e1culo de sapateado gratuito; Confira","author":"noticiasribeiraopreto.com.br","date":"14 de August de 2024","format":false,"excerpt":"O Centro Cultural Sesi Ribeir\u00e3o Preto receber\u00e1 uma temporada gratuita do espet\u00e1culo de sapateado \u201cEu s\u00f3 dan\u00e7arei com voc\u00ea\u201d, apresentado pela Cia. P\u00e9 na T\u00e1bua. O espet\u00e1culo traz a proposta de que todos podem contar hist\u00f3rias atrav\u00e9s dos gestos e sons com o pr\u00f3prio corpo. Al\u00e9m de convidar o p\u00fablico\u2026","rel":"","context":"In &quot;Not\u00edcias de Ribeir\u00e3o Preto-SP e Regi\u00e3o&quot;","block_context":{"text":"Not\u00edcias de Ribeir\u00e3o Preto-SP e Regi\u00e3o","link":"https:\/\/noticiasribeiraopreto.com.br\/index.php\/category\/noticias-de-ribeirao-preto-sp-e-regiao-ismael-colosi\/"},"img":{"alt_text":"","src":"https:\/\/i0.wp.com\/noticiasribeiraopreto.com.br\/wp-content\/uploads\/2024\/08\/b645a86f-2604-415c-a5c4-a99e537e15d0_2024-08-14_16-19-51_png_2024-08-14_16-19-52.webp.webp?fit=1066%2C600&ssl=1&resize=350%2C200","width":350,"height":200,"srcset":"https:\/\/i0.wp.com\/noticiasribeiraopreto.com.br\/wp-content\/uploads\/2024\/08\/b645a86f-2604-415c-a5c4-a99e537e15d0_2024-08-14_16-19-51_png_2024-08-14_16-19-52.webp.webp?fit=1066%2C600&ssl=1&resize=350%2C200 1x, https:\/\/i0.wp.com\/noticiasribeiraopreto.com.br\/wp-content\/uploads\/2024\/08\/b645a86f-2604-415c-a5c4-a99e537e15d0_2024-08-14_16-19-51_png_2024-08-14_16-19-52.webp.webp?fit=1066%2C600&ssl=1&resize=525%2C300 1.5x, https:\/\/i0.wp.com\/noticiasribeiraopreto.com.br\/wp-content\/uploads\/2024\/08\/b645a86f-2604-415c-a5c4-a99e537e15d0_2024-08-14_16-19-51_png_2024-08-14_16-19-52.webp.webp?fit=1066%2C600&ssl=1&resize=700%2C400 2x, https:\/\/i0.wp.com\/noticiasribeiraopreto.com.br\/wp-content\/uploads\/2024\/08\/b645a86f-2604-415c-a5c4-a99e537e15d0_2024-08-14_16-19-51_png_2024-08-14_16-19-52.webp.webp?fit=1066%2C600&ssl=1&resize=1050%2C600 3x"},"classes":[]},{"id":75106,"url":"https:\/\/noticiasribeiraopreto.com.br\/index.php\/2025\/08\/03\/previsao-de-chuva-veja-como-fica-o-tempo-em-ribeirao-preto-nos-proximos-dias\/","url_meta":{"origin":75809,"position":3},"title":"Previs\u00e3o de chuva? Veja como fica o tempo em Ribeir\u00e3o Preto nos pr\u00f3ximos dias","author":"noticiasribeiraopreto.com.br","date":"3 de August de 2025","format":false,"excerpt":"Os meteorologistas apontam que Ribeir\u00e3o Preto deve ter semana de Sol com muitas nuvens e com previs\u00e3o de chuva no pr\u00f3ximo s\u00e1bado (9). Segundo a Climatempo, existem 40% de chances de chover Ribeir\u00e3o Preto, que tem enfrentado tempo seco nos \u00faltimos dias. Por\u00e9m, o acumulado de chuva previsto \u00e9 de\u2026","rel":"","context":"In &quot;Not\u00edcias de Ribeir\u00e3o Preto-SP e Regi\u00e3o&quot;","block_context":{"text":"Not\u00edcias de Ribeir\u00e3o Preto-SP e Regi\u00e3o","link":"https:\/\/noticiasribeiraopreto.com.br\/index.php\/category\/noticias-de-ribeirao-preto-sp-e-regiao-ismael-colosi\/"},"img":{"alt_text":"","src":"https:\/\/i0.wp.com\/noticiasribeiraopreto.com.br\/wp-content\/uploads\/2025\/08\/WhatsApp-Image-2024-10-17-at-15.21.39-1_2024-10-17_21-53-49_jpeg_2024-10-17_21-53-50-1024x682.webp.webp?fit=1024%2C682&ssl=1&resize=350%2C200","width":350,"height":200,"srcset":"https:\/\/i0.wp.com\/noticiasribeiraopreto.com.br\/wp-content\/uploads\/2025\/08\/WhatsApp-Image-2024-10-17-at-15.21.39-1_2024-10-17_21-53-49_jpeg_2024-10-17_21-53-50-1024x682.webp.webp?fit=1024%2C682&ssl=1&resize=350%2C200 1x, https:\/\/i0.wp.com\/noticiasribeiraopreto.com.br\/wp-content\/uploads\/2025\/08\/WhatsApp-Image-2024-10-17-at-15.21.39-1_2024-10-17_21-53-49_jpeg_2024-10-17_21-53-50-1024x682.webp.webp?fit=1024%2C682&ssl=1&resize=525%2C300 1.5x, https:\/\/i0.wp.com\/noticiasribeiraopreto.com.br\/wp-content\/uploads\/2025\/08\/WhatsApp-Image-2024-10-17-at-15.21.39-1_2024-10-17_21-53-49_jpeg_2024-10-17_21-53-50-1024x682.webp.webp?fit=1024%2C682&ssl=1&resize=700%2C400 2x"},"classes":[]},{"id":56952,"url":"https:\/\/noticiasribeiraopreto.com.br\/index.php\/2024\/08\/19\/saiba-como-fica-o-tempo-em-ribeirao-preto-nos-proximos-cinco-dias\/","url_meta":{"origin":75809,"position":4},"title":"Saiba como fica o tempo em Ribeir\u00e3o Preto nos pr\u00f3ximos cinco dias","author":"noticiasribeiraopreto.com.br","date":"19 de August de 2024","format":false,"excerpt":"Os term\u00f4metros em Ribeir\u00e3o Preto chegam aos 36\u00b0C nesta segunda-feira (19), de acordo com a Climatempo. E as altas temperaturas devem permanecer em Ribeir\u00e3o Preto nos pr\u00f3ximos cinco dias. Previs\u00e3o do tempo Ribeir\u00e3o Preto Segunda-feira, 19 de agostoM\u00e1xima: 36\u00b0CM\u00ednima: 15\u00b0CPoucas nuvens. Ter\u00e7a-feira, 20 de agostoM\u00e1xima: 36\u00b0CM\u00ednima: 16\u00b0CSol o dia todo\u2026","rel":"","context":"In &quot;Not\u00edcias de Ribeir\u00e3o Preto-SP e Regi\u00e3o&quot;","block_context":{"text":"Not\u00edcias de Ribeir\u00e3o Preto-SP e Regi\u00e3o","link":"https:\/\/noticiasribeiraopreto.com.br\/index.php\/category\/noticias-de-ribeirao-preto-sp-e-regiao-ismael-colosi\/"},"img":{"alt_text":"","src":"https:\/\/i0.wp.com\/noticiasribeiraopreto.com.br\/wp-content\/uploads\/2024\/08\/calor_fonte_1024x576_24012021151539.jpg?fit=1024%2C576&ssl=1&resize=350%2C200","width":350,"height":200,"srcset":"https:\/\/i0.wp.com\/noticiasribeiraopreto.com.br\/wp-content\/uploads\/2024\/08\/calor_fonte_1024x576_24012021151539.jpg?fit=1024%2C576&ssl=1&resize=350%2C200 1x, https:\/\/i0.wp.com\/noticiasribeiraopreto.com.br\/wp-content\/uploads\/2024\/08\/calor_fonte_1024x576_24012021151539.jpg?fit=1024%2C576&ssl=1&resize=525%2C300 1.5x, https:\/\/i0.wp.com\/noticiasribeiraopreto.com.br\/wp-content\/uploads\/2024\/08\/calor_fonte_1024x576_24012021151539.jpg?fit=1024%2C576&ssl=1&resize=700%2C400 2x"},"classes":[]},{"id":75410,"url":"https:\/\/noticiasribeiraopreto.com.br\/index.php\/2025\/08\/08\/lauana-prado-arena-rock-e-carros-modificados-veja-o-que-fazer-no-fim-de-semana-do-dia-dos-pais\/","url_meta":{"origin":75809,"position":5},"title":"Lauana Prado, Arena Rock e carros modificados: veja o que fazer no fim de semana do Dia dos Pais","author":"noticiasribeiraopreto.com.br","date":"8 de August de 2025","format":false,"excerpt":"Neste fim de semana especial de Dia dos Pais, Ribeir\u00e3o Preto e regi\u00e3o conta com atra\u00e7\u00f5es tem\u00e1ticas, eventos gratuitos e oficinas. Os destaques da agenda cultural s\u00e3o: show da sertaneja Lauana Prado, que traz a turn\u00ea \u201cRa\u00edzes\u201d para a cidade, al\u00e9m do Arena Rock e a abertura de uma exposi\u00e7\u00e3o\u2026","rel":"","context":"In &quot;Not\u00edcias de Ribeir\u00e3o Preto-SP e Regi\u00e3o&quot;","block_context":{"text":"Not\u00edcias de Ribeir\u00e3o Preto-SP e Regi\u00e3o","link":"https:\/\/noticiasribeiraopreto.com.br\/index.php\/category\/noticias-de-ribeirao-preto-sp-e-regiao-ismael-colosi\/"},"img":{"alt_text":"","src":"https:\/\/i0.wp.com\/noticiasribeiraopreto.com.br\/wp-content\/uploads\/2025\/07\/lauana_prado_2025-01-06_12-24-38.webp.webp?fit=1200%2C675&ssl=1&resize=350%2C200","width":350,"height":200,"srcset":"https:\/\/i0.wp.com\/noticiasribeiraopreto.com.br\/wp-content\/uploads\/2025\/07\/lauana_prado_2025-01-06_12-24-38.webp.webp?fit=1200%2C675&ssl=1&resize=350%2C200 1x, https:\/\/i0.wp.com\/noticiasribeiraopreto.com.br\/wp-content\/uploads\/2025\/07\/lauana_prado_2025-01-06_12-24-38.webp.webp?fit=1200%2C675&ssl=1&resize=525%2C300 1.5x, https:\/\/i0.wp.com\/noticiasribeiraopreto.com.br\/wp-content\/uploads\/2025\/07\/lauana_prado_2025-01-06_12-24-38.webp.webp?fit=1200%2C675&ssl=1&resize=700%2C400 2x, https:\/\/i0.wp.com\/noticiasribeiraopreto.com.br\/wp-content\/uploads\/2025\/07\/lauana_prado_2025-01-06_12-24-38.webp.webp?fit=1200%2C675&ssl=1&resize=1050%2C600 3x"},"classes":[]}],"jetpack_sharing_enabled":true,"jetpack_shortlink":"https:\/\/wp.me\/peQAOb-jIJ","_links":{"self":[{"href":"https:\/\/noticiasribeiraopreto.com.br\/index.php\/wp-json\/wp\/v2\/posts\/75809","targetHints":{"allow":["GET"]}}],"collection":[{"href":"https:\/\/noticiasribeiraopreto.com.br\/index.php\/wp-json\/wp\/v2\/posts"}],"about":[{"href":"https:\/\/noticiasribeiraopreto.com.br\/index.php\/wp-json\/wp\/v2\/types\/post"}],"author":[{"embeddable":true,"href":"https:\/\/noticiasribeiraopreto.com.br\/index.php\/wp-json\/wp\/v2\/users\/1"}],"replies":[{"embeddable":true,"href":"https:\/\/noticiasribeiraopreto.com.br\/index.php\/wp-json\/wp\/v2\/comments?post=75809"}],"version-history":[{"count":0,"href":"https:\/\/noticiasribeiraopreto.com.br\/index.php\/wp-json\/wp\/v2\/posts\/75809\/revisions"}],"wp:featuredmedia":[{"embeddable":true,"href":"https:\/\/noticiasribeiraopreto.com.br\/index.php\/wp-json\/wp\/v2\/media\/75810"}],"wp:attachment":[{"href":"https:\/\/noticiasribeiraopreto.com.br\/index.php\/wp-json\/wp\/v2\/media?parent=75809"}],"wp:term":[{"taxonomy":"category","embeddable":true,"href":"https:\/\/noticiasribeiraopreto.com.br\/index.php\/wp-json\/wp\/v2\/categories?post=75809"},{"taxonomy":"post_tag","embeddable":true,"href":"https:\/\/noticiasribeiraopreto.com.br\/index.php\/wp-json\/wp\/v2\/tags?post=75809"}],"curies":[{"name":"wp","href":"https:\/\/api.w.org\/{rel}","templated":true}]}}