{"id":75811,"date":"2025-08-15T18:27:49","date_gmt":"2025-08-15T21:27:49","guid":{"rendered":"https:\/\/noticiasribeiraopreto.com.br\/index.php\/2025\/08\/15\/ribeirao-preto-amplia-horarios-de-seis-linhas-de-onibus-veja-quais\/"},"modified":"2025-08-15T18:27:49","modified_gmt":"2025-08-15T21:27:49","slug":"ribeirao-preto-amplia-horarios-de-seis-linhas-de-onibus-veja-quais","status":"publish","type":"post","link":"https:\/\/noticiasribeiraopreto.com.br\/index.php\/2025\/08\/15\/ribeirao-preto-amplia-horarios-de-seis-linhas-de-onibus-veja-quais\/","title":{"rendered":"Ribeir\u00e3o Preto amplia hor\u00e1rios de seis linhas de \u00f4nibus; Veja quais"},"content":{"rendered":"<div class='code-block code-block-1' style='margin: 8px 0 8px auto; text-align: right; display: block; clear: both;'>\n<p><a href=\"https:\/\/wa.link\/vpicfd\"><img data-recalc-dims=\"1\" class=\"wp-image-4922\" style=\"aspect-ratio: 2.0253164556962027; width: 561px; height: auto;\" src=\"https:\/\/i0.wp.com\/ismaelcolosi.com.br\/wp-content\/uploads\/2023\/11\/grupo-de-empregos-whatsapp-e-facebook-ismael-colosi-vagas.jpg?ssl=1\" alt=\"\" \/><\/a><\/p>\n<!-- \/wp:image -->\n<\/div>\n<p> <br \/>\n<\/p>\n<div data-td-block-uid=\"tdi_95\">\n<div class=\"tdb-block-inner td-fix-index\">\n<p>A <strong>RP Mobi<\/strong>, empresa respons\u00e1vel pelo tr\u00e2nsito de <strong>Ribeir\u00e3o Preto<\/strong>, informou que <strong>seis linhas de \u00f4nibus<\/strong> ter\u00e3o hor\u00e1rios ampliados a partir deste <strong>s\u00e1bado (16)<\/strong>.<\/p>\n<p>De acordo com a <strong>Prefeitura<\/strong>, a mudan\u00e7a tem como objetivo melhorar o atendimento e adequar a oferta \u00e0s necessidades dos passageiros \u2013 veja abaixo.<\/p>\n<p><mark style=\"background-color:#fcb900\" class=\"has-inline-color\">As altera\u00e7\u00f5es tamb\u00e9m buscam atender \u00e0 crescente demanda de usu\u00e1rios, ampliando a cobertura dos bairros, reduzindo o tempo de espera e oferecendo mais op\u00e7\u00f5es de deslocamento por \u00f4nibus.<br \/><\/mark><\/p>\n<h2 class=\"wp-block-heading\"><strong>Confira as linhas de \u00f4nibus que ter\u00e3o amplia\u00e7\u00e3o de hor\u00e1rios<\/strong><\/h2>\n<ul class=\"wp-block-list\">\n<li><strong>601 \u2013 Distrito Empresarial:<\/strong> aumento de hor\u00e1rios de segunda a s\u00e1bado e implanta\u00e7\u00e3o de atendimento aos domingos, com partidas mais frequentes tanto do Terminal Urbano (Plataforma H \u2013 Ponto 15) quanto da rua Nelson Colela, 105, no Distrito Empresarial Prefeito Luiz Roberto J\u00e1bali.<\/li>\n<\/ul>\n<ul class=\"wp-block-list\">\n<li><strong>401 \u2013 Vila Carvalho:<\/strong> novos hor\u00e1rios de segunda a s\u00e1bado, com mais op\u00e7\u00f5es de embarque na rua Jos\u00e9 Monteiro, no bairro, e na rua Mariana Junqueira, 843, no Centro.<\/li>\n<\/ul>\n<ul class=\"wp-block-list\">\n<li><strong>670 \u2013 Jardim Jamil Cury:<\/strong> amplia\u00e7\u00e3o de hor\u00e1rios em dias \u00fateis e s\u00e1bados, com partidas adicionais da rua Agenor e In\u00eas Tomazelli Salvador, 1670, e do Terminal Urbano (Plataforma G \u2013 Ponto 13).<\/li>\n<\/ul>\n<div class=\"wp-block-image\">\n<figure class=\"aligncenter size-large is-resized\"><img data-recalc-dims=\"1\" fetchpriority=\"high\" decoding=\"async\" width=\"1024\" height=\"681\" src=\"https:\/\/i0.wp.com\/cdn.media-acidadeon.com.br\/ribeiraopreto\/wp-content\/uploads\/sites\/3\/2025\/08\/a.ok_.horarioonibus_2_2025-08-15_21-07-40-1024x681.webp?resize=1024%2C681&#038;ssl=1\" alt=\"Seis linhas de \u00f4nibus urbanos ter\u00e3o hor\u00e1rios ampliados em Ribeir\u00e3o - Foto: divulga\u00e7\u00e3o.\" class=\"wp-image-126003\" style=\"width:654px\" srcset=\"https:\/\/cdn.media-acidadeon.com.br\/ribeiraopreto\/wp-content\/uploads\/sites\/3\/2025\/08\/a.ok_.horarioonibus_2_2025-08-15_21-07-40-1024x681.webp 1024w, https:\/\/cdn.media-acidadeon.com.br\/ribeiraopreto\/wp-content\/uploads\/sites\/3\/2025\/08\/a.ok_.horarioonibus_2_2025-08-15_21-07-40-300x200.webp 300w, https:\/\/cdn.media-acidadeon.com.br\/ribeiraopreto\/wp-content\/uploads\/sites\/3\/2025\/08\/a.ok_.horarioonibus_2_2025-08-15_21-07-40-768x511.webp 768w, https:\/\/cdn.media-acidadeon.com.br\/ribeiraopreto\/wp-content\/uploads\/sites\/3\/2025\/08\/a.ok_.horarioonibus_2_2025-08-15_21-07-40-696x463.webp 696w, https:\/\/cdn.media-acidadeon.com.br\/ribeiraopreto\/wp-content\/uploads\/sites\/3\/2025\/08\/a.ok_.horarioonibus_2_2025-08-15_21-07-40-1068x710.webp 1068w, https:\/\/cdn.media-acidadeon.com.br\/ribeiraopreto\/wp-content\/uploads\/sites\/3\/2025\/08\/a.ok_.horarioonibus_2_2025-08-15_21-07-40.webp 1200w\" sizes=\"(max-width: 1024px) 100vw, 1024px\"\/><figcaption class=\"wp-element-caption\">Seis linhas de \u00f4nibus urbanos ter\u00e3o hor\u00e1rios ampliados em Ribeir\u00e3o \u2013 Foto: divulga\u00e7\u00e3o.<\/figcaption><\/figure>\n<\/div>\n<ul class=\"wp-block-list\">\n<li><strong>607 \u2013 Jd. Eug\u00eanio Lopes:<\/strong> mais viagens ao longo do dia, de segunda a s\u00e1bado, a partir da rua Agenor e In\u00eas Tomazelli Salvador, 1670, e do Terminal Urbano (Plataforma G \u2013 Ponto 13).<\/li>\n<\/ul>\n<ul class=\"wp-block-list\">\n<li><strong>136 \u2013 Castelo Branco \u2013 Ad\u00e3o do Carmo:<\/strong> amplia\u00e7\u00e3o de hor\u00e1rios de segunda a s\u00e1bado, com sa\u00eddas adicionais tanto do Ad\u00e3o do Carmo (av. Patriarca, 3820) quanto do Castelo Branco (rua Daniel Ferranti, s\/n) e Centro.<\/li>\n<\/ul>\n<p>Os <strong>detalhes completos de cada itiner\u00e1rio<\/strong> e tabela de hor\u00e1rios podem ser consultados no <strong>site oficial do transporte coletivo (<a href=\"https:\/\/www.rpmobilidade.com.br\/\" target=\"_blank\" data-type=\"link\" data-id=\"https:\/\/www.rpmobilidade.com.br\/\" rel=\"noreferrer noopener\">clique aqui<\/a>)<\/strong> ou pelo <strong>telefone 0800 16 16 001<\/strong>.<\/p>\n<h2 class=\"wp-block-heading\"><strong>Outras amplia\u00e7\u00f5es<\/strong><\/h2>\n<p>Ainda de acordo com a <strong>Prefeitura de Ribeir\u00e3o Preto<\/strong>, na segunda-feira (18), a <strong>linha 904 \u2013 Leste-Oeste 2<\/strong> ter\u00e1 amplia\u00e7\u00e3o no quadro de hor\u00e1rios em dias \u00fateis, com mais partidas do Terminal Hospital das Cl\u00ednicas, Terminal Urbano (Plataforma B \u2013 Ponto 3), Esta\u00e7\u00e3o Novo Shopping I e Esta\u00e7\u00e3o Jos\u00e9 Bonif\u00e1cio.<\/p>\n<hr class=\"wp-block-separator has-alpha-channel-opacity\"\/>\n<p>SAIBA MAIS<\/p>\n<p>RP Mobi alerta para bloqueios e rotas alternativas durante eventos em Ribeir\u00e3o<\/p>\n<h2 class=\"wp-block-heading\"><strong>FIQUE ON\u00a0\u00a0\u00a0\u00a0\u00a0\u00a0\u00a0\u00a0\u00a0<\/strong><\/h2>\n<p>Quer ficar por dentro de tudo que acontece em Ribeir\u00e3o Preto e regi\u00e3o? Ent\u00e3o siga os perfis do\u202facidade on\u202fno\u202f<a href=\"https:\/\/www.instagram.com\/acidadeonribeirao\" target=\"_blank\" rel=\"noreferrer noopener\">Instagram<\/a>\u202fe no\u202f<a href=\"https:\/\/www.facebook.com\/acidadeonribeirao\/\" target=\"_blank\" rel=\"noreferrer noopener\">Facebook<\/a>.<\/p>\n<p>Al\u00e9m disso, voc\u00ea pode receber as principais not\u00edcias diretamente no WhatsApp. Para isso, basta\u00a0<a href=\"https:\/\/chat.whatsapp.com\/BjKQZ9oJwlz8VVT50NuePq\" target=\"_blank\" rel=\"noreferrer noopener\">entrar no grupo clicando aqui<\/a>.<\/p>\n<p>Por fim, se quiser fazer uma den\u00fancia ou sugerir uma reportagem sobre Ribeir\u00e3o Preto e regi\u00e3o, envie uma mensagem pelo WhatsApp: (16) 99117-7802.<\/p>\n<p>VEJA TAMB\u00c9M<\/p>\n<p>Felca vai participar do Alta Horas deste s\u00e1bado (16)?<\/p>\n<p><!-- AI CONTENT END 1 -->\n<\/div>\n<\/div>\n<p><script async src=\"\/\/www.instagram.com\/embed.js\"><\/script><br \/>\n<br \/><br \/>\n<br \/><a href=\"https:\/\/www.acidadeon.com\/ribeiraopreto\/cotidiano\/ribeirao-preto-amplia-horarios-de-seis-linhas-de-onibus-veja-quais\/\">Source link <\/a><\/p>\n<!-- CONTENT END 1 -->\n","protected":false},"excerpt":{"rendered":"<p>A RP Mobi, empresa respons\u00e1vel pelo tr\u00e2nsito de Ribeir\u00e3o Preto, informou que seis linhas de \u00f4nibus ter\u00e3o hor\u00e1rios ampliados a partir deste s\u00e1bado (16). De&#8230;<\/p>\n","protected":false},"author":1,"featured_media":75812,"comment_status":"open","ping_status":"open","sticky":false,"template":"","format":"standard","meta":{"advanced_seo_description":"","jetpack_seo_html_title":"","jetpack_seo_noindex":false,"jetpack_post_was_ever_published":false,"_jetpack_newsletter_access":"","_jetpack_dont_email_post_to_subs":false,"_jetpack_newsletter_tier_id":0,"_jetpack_memberships_contains_paywalled_content":false,"_jetpack_memberships_contains_paid_content":false,"footnotes":"","jetpack_publicize_message":"","jetpack_publicize_feature_enabled":true,"jetpack_social_post_already_shared":true,"jetpack_social_options":{"image_generator_settings":{"template":"highway","default_image_id":0,"font":"","enabled":false},"version":2}},"categories":[11],"tags":[],"class_list":["post-75811","post","type-post","status-publish","format-standard","has-post-thumbnail","hentry","category-noticias-de-ribeirao-preto-sp-e-regiao-ismael-colosi"],"jetpack_publicize_connections":[],"jetpack_featured_media_url":"https:\/\/i0.wp.com\/noticiasribeiraopreto.com.br\/wp-content\/uploads\/2025\/08\/horarioonibus_1_2025-08-15_21-08-48.webp.webp?fit=1196%2C796&ssl=1","jetpack-related-posts":[{"id":77856,"url":"https:\/\/noticiasribeiraopreto.com.br\/index.php\/2025\/09\/26\/nove-linhas-de-onibus-terao-mudancas-nos-horarios-em-ribeirao-preto-veja-quais\/","url_meta":{"origin":75811,"position":0},"title":"Nove linhas de \u00f4nibus ter\u00e3o mudan\u00e7as nos hor\u00e1rios em Ribeir\u00e3o Preto; Veja quais","author":"noticiasribeiraopreto.com.br","date":"26 de September de 2025","format":false,"excerpt":"A RP Mobi, empresa respons\u00e1vel pelo gerenciamento do transporte urbano em Ribeir\u00e3o Preto, informou que nove linhas de \u00f4nibus ter\u00e3o hor\u00e1rios alterados a partir deste s\u00e1bado (27). As altera\u00e7\u00f5es contemplam linhas que operam em dias \u00fateis, s\u00e1bados e domingos, abrangendo diferentes regi\u00f5es da cidade \u2013 veja quais s\u00e3o logo abaixo.\u2026","rel":"","context":"In &quot;Not\u00edcias de Ribeir\u00e3o Preto-SP e Regi\u00e3o&quot;","block_context":{"text":"Not\u00edcias de Ribeir\u00e3o Preto-SP e Regi\u00e3o","link":"https:\/\/noticiasribeiraopreto.com.br\/index.php\/category\/noticias-de-ribeirao-preto-sp-e-regiao-ismael-colosi\/"},"img":{"alt_text":"","src":"https:\/\/i0.wp.com\/noticiasribeiraopreto.com.br\/wp-content\/uploads\/2025\/07\/WhatsApp-Image-2024-10-17-at-15.21.43_2024-10-17_21-54-03_jpeg_2024-10-17_21-54-04-1024x682.webp.webp?fit=1024%2C682&ssl=1&resize=350%2C200","width":350,"height":200,"srcset":"https:\/\/i0.wp.com\/noticiasribeiraopreto.com.br\/wp-content\/uploads\/2025\/07\/WhatsApp-Image-2024-10-17-at-15.21.43_2024-10-17_21-54-03_jpeg_2024-10-17_21-54-04-1024x682.webp.webp?fit=1024%2C682&ssl=1&resize=350%2C200 1x, https:\/\/i0.wp.com\/noticiasribeiraopreto.com.br\/wp-content\/uploads\/2025\/07\/WhatsApp-Image-2024-10-17-at-15.21.43_2024-10-17_21-54-03_jpeg_2024-10-17_21-54-04-1024x682.webp.webp?fit=1024%2C682&ssl=1&resize=525%2C300 1.5x, https:\/\/i0.wp.com\/noticiasribeiraopreto.com.br\/wp-content\/uploads\/2025\/07\/WhatsApp-Image-2024-10-17-at-15.21.43_2024-10-17_21-54-03_jpeg_2024-10-17_21-54-04-1024x682.webp.webp?fit=1024%2C682&ssl=1&resize=700%2C400 2x"},"classes":[]},{"id":76137,"url":"https:\/\/noticiasribeiraopreto.com.br\/index.php\/2025\/08\/22\/ribeirao-preto-amplia-horarios-de-novas-linhas-de-onibus-veja-quais\/","url_meta":{"origin":75811,"position":1},"title":"Ribeir\u00e3o Preto amplia hor\u00e1rios de novas linhas de \u00f4nibus; Veja quais","author":"noticiasribeiraopreto.com.br","date":"22 de August de 2025","format":false,"excerpt":"Outras seis linhas do transporte p\u00fablico de Ribeir\u00e3o Preto ter\u00e3o hor\u00e1rios e itiner\u00e1rios ampliados pela RP Mobi, empresa que gerencia o tr\u00e2nsito do munic\u00edpio, a partir de segunda-feira (25). No \u00faltimo s\u00e1bado (16), o hor\u00e1rio de seis linhas j\u00e1 haviam sido ampliados com o objetivo melhorar o atendimento e adequar\u2026","rel":"","context":"In &quot;Not\u00edcias de Ribeir\u00e3o Preto-SP e Regi\u00e3o&quot;","block_context":{"text":"Not\u00edcias de Ribeir\u00e3o Preto-SP e Regi\u00e3o","link":"https:\/\/noticiasribeiraopreto.com.br\/index.php\/category\/noticias-de-ribeirao-preto-sp-e-regiao-ismael-colosi\/"},"img":{"alt_text":"","src":"https:\/\/i0.wp.com\/noticiasribeiraopreto.com.br\/wp-content\/uploads\/2025\/08\/a.ok_.onibus_frota_foto_fernando_gonzaga_5_2025-08-22_16-31-17.webp.webp?fit=1200%2C800&ssl=1&resize=350%2C200","width":350,"height":200,"srcset":"https:\/\/i0.wp.com\/noticiasribeiraopreto.com.br\/wp-content\/uploads\/2025\/08\/a.ok_.onibus_frota_foto_fernando_gonzaga_5_2025-08-22_16-31-17.webp.webp?fit=1200%2C800&ssl=1&resize=350%2C200 1x, https:\/\/i0.wp.com\/noticiasribeiraopreto.com.br\/wp-content\/uploads\/2025\/08\/a.ok_.onibus_frota_foto_fernando_gonzaga_5_2025-08-22_16-31-17.webp.webp?fit=1200%2C800&ssl=1&resize=525%2C300 1.5x, https:\/\/i0.wp.com\/noticiasribeiraopreto.com.br\/wp-content\/uploads\/2025\/08\/a.ok_.onibus_frota_foto_fernando_gonzaga_5_2025-08-22_16-31-17.webp.webp?fit=1200%2C800&ssl=1&resize=700%2C400 2x, https:\/\/i0.wp.com\/noticiasribeiraopreto.com.br\/wp-content\/uploads\/2025\/08\/a.ok_.onibus_frota_foto_fernando_gonzaga_5_2025-08-22_16-31-17.webp.webp?fit=1200%2C800&ssl=1&resize=1050%2C600 3x"},"classes":[]},{"id":81949,"url":"https:\/\/noticiasribeiraopreto.com.br\/index.php\/2026\/01\/31\/dez-linhas-de-onibus-terao-mudancas-a-partir-da-proxima-semana-em-ribeirao-preto\/","url_meta":{"origin":75811,"position":2},"title":"Dez linhas de \u00f4nibus ter\u00e3o mudan\u00e7as a partir da pr\u00f3xima semana em Ribeir\u00e3o Preto","author":"noticiasribeiraopreto.com.br","date":"31 de January de 2026","format":false,"excerpt":"Dez linhas de \u00f4nibus de Ribeir\u00e3o Preto ter\u00e3o mudan\u00e7as a partir de segunda-feira (2). As altera\u00e7\u00f5es envolvem amplia\u00e7\u00e3o de hor\u00e1rios e ajustes de itiner\u00e1rio, segundo a RP Mobi. Linhas com novas viagens De segunda a sexta-feira, as linhas 204 \u2013 City Ribeir\u00e3o, 203 \u2013 Ribeir\u00e2nia, 299 \u2013 Circular 2, 199\u2026","rel":"","context":"In &quot;Not\u00edcias de Ribeir\u00e3o Preto-SP e Regi\u00e3o&quot;","block_context":{"text":"Not\u00edcias de Ribeir\u00e3o Preto-SP e Regi\u00e3o","link":"https:\/\/noticiasribeiraopreto.com.br\/index.php\/category\/noticias-de-ribeirao-preto-sp-e-regiao-ismael-colosi\/"},"img":{"alt_text":"","src":"https:\/\/i0.wp.com\/noticiasribeiraopreto.com.br\/wp-content\/uploads\/2026\/01\/alteracaotransporte_03_2026-01-30_20-43-48.webp.webp?fit=1200%2C800&ssl=1&resize=350%2C200","width":350,"height":200,"srcset":"https:\/\/i0.wp.com\/noticiasribeiraopreto.com.br\/wp-content\/uploads\/2026\/01\/alteracaotransporte_03_2026-01-30_20-43-48.webp.webp?fit=1200%2C800&ssl=1&resize=350%2C200 1x, https:\/\/i0.wp.com\/noticiasribeiraopreto.com.br\/wp-content\/uploads\/2026\/01\/alteracaotransporte_03_2026-01-30_20-43-48.webp.webp?fit=1200%2C800&ssl=1&resize=525%2C300 1.5x, https:\/\/i0.wp.com\/noticiasribeiraopreto.com.br\/wp-content\/uploads\/2026\/01\/alteracaotransporte_03_2026-01-30_20-43-48.webp.webp?fit=1200%2C800&ssl=1&resize=700%2C400 2x, https:\/\/i0.wp.com\/noticiasribeiraopreto.com.br\/wp-content\/uploads\/2026\/01\/alteracaotransporte_03_2026-01-30_20-43-48.webp.webp?fit=1200%2C800&ssl=1&resize=1050%2C600 3x"},"classes":[]},{"id":34273,"url":"https:\/\/noticiasribeiraopreto.com.br\/index.php\/2024\/02\/01\/linhas-de-onibus-de-ribeirao-preto-tem-mudancas-nos-horarios-confira\/","url_meta":{"origin":75811,"position":3},"title":"Linhas de \u00f4nibus de Ribeir\u00e3o Preto t\u00eam mudan\u00e7as nos hor\u00e1rios; Confira","author":"noticiasribeiraopreto.com.br","date":"1 de February de 2024","format":false,"excerpt":"Duas linhas de \u00f4nibus de Ribeir\u00e3o Preto contar\u00e3o com mudan\u00e7as nos hor\u00e1rios. De acordo com a RP Mobi, as linhas 902 \u2013 Norte-Sul 2 e 102 \u2013 Jardim Independ\u00eancia ter\u00e3o os hor\u00e1rios ampliados. Os hor\u00e1rios da linha 902 \u2013 Norte-Sul 2 ser\u00e3o ampliados todos os dias da semana. Confira como\u2026","rel":"","context":"In &quot;Not\u00edcias de Ribeir\u00e3o Preto-SP e Regi\u00e3o&quot;","block_context":{"text":"Not\u00edcias de Ribeir\u00e3o Preto-SP e Regi\u00e3o","link":"https:\/\/noticiasribeiraopreto.com.br\/index.php\/category\/noticias-de-ribeirao-preto-sp-e-regiao-ismael-colosi\/"},"img":{"alt_text":"","src":"https:\/\/i0.wp.com\/noticiasribeiraopreto.com.br\/wp-content\/uploads\/2024\/02\/horarios-onibus-1-1.jpg?fit=690%2C700&ssl=1&resize=350%2C200","width":350,"height":200,"srcset":"https:\/\/i0.wp.com\/noticiasribeiraopreto.com.br\/wp-content\/uploads\/2024\/02\/horarios-onibus-1-1.jpg?fit=690%2C700&ssl=1&resize=350%2C200 1x, https:\/\/i0.wp.com\/noticiasribeiraopreto.com.br\/wp-content\/uploads\/2024\/02\/horarios-onibus-1-1.jpg?fit=690%2C700&ssl=1&resize=525%2C300 1.5x"},"classes":[]},{"id":80323,"url":"https:\/\/noticiasribeiraopreto.com.br\/index.php\/2025\/11\/19\/linhas-de-onibus-tem-ampliacao-de-horarios-e-itinerarios-em-ribeirao-preto\/","url_meta":{"origin":75811,"position":4},"title":"Linhas de \u00f4nibus t\u00eam amplia\u00e7\u00e3o de hor\u00e1rios e itiner\u00e1rios em Ribeir\u00e3o Preto","author":"noticiasribeiraopreto.com.br","date":"19 de November de 2025","format":false,"excerpt":"Tr\u00eas linhas de \u00f4nibus de Ribeir\u00e3o Preto ter\u00e3o novos hor\u00e1rios a partir deste s\u00e1bado (22). Uma quarta linha ter\u00e1 o itiner\u00e1rio ampliado na pr\u00f3xima segunda-feira (24). As mudan\u00e7as integram ajustes que busca ampliar viagens e melhorar a cobertura do transporte coletivo. (Foto: Fernando Gonzaga) Confira as linhas: Novos hor\u00e1rios aos\u2026","rel":"","context":"In &quot;Not\u00edcias de Ribeir\u00e3o Preto-SP e Regi\u00e3o&quot;","block_context":{"text":"Not\u00edcias de Ribeir\u00e3o Preto-SP e Regi\u00e3o","link":"https:\/\/noticiasribeiraopreto.com.br\/index.php\/category\/noticias-de-ribeirao-preto-sp-e-regiao-ismael-colosi\/"},"img":{"alt_text":"","src":"https:\/\/i0.wp.com\/noticiasribeiraopreto.com.br\/wp-content\/uploads\/2025\/11\/novos_onibus_foto_fernando_gonzaga__2025-11-19_20-10-03.webp.webp?fit=1200%2C800&ssl=1&resize=350%2C200","width":350,"height":200,"srcset":"https:\/\/i0.wp.com\/noticiasribeiraopreto.com.br\/wp-content\/uploads\/2025\/11\/novos_onibus_foto_fernando_gonzaga__2025-11-19_20-10-03.webp.webp?fit=1200%2C800&ssl=1&resize=350%2C200 1x, https:\/\/i0.wp.com\/noticiasribeiraopreto.com.br\/wp-content\/uploads\/2025\/11\/novos_onibus_foto_fernando_gonzaga__2025-11-19_20-10-03.webp.webp?fit=1200%2C800&ssl=1&resize=525%2C300 1.5x, https:\/\/i0.wp.com\/noticiasribeiraopreto.com.br\/wp-content\/uploads\/2025\/11\/novos_onibus_foto_fernando_gonzaga__2025-11-19_20-10-03.webp.webp?fit=1200%2C800&ssl=1&resize=700%2C400 2x, https:\/\/i0.wp.com\/noticiasribeiraopreto.com.br\/wp-content\/uploads\/2025\/11\/novos_onibus_foto_fernando_gonzaga__2025-11-19_20-10-03.webp.webp?fit=1200%2C800&ssl=1&resize=1050%2C600 3x"},"classes":[]},{"id":78950,"url":"https:\/\/noticiasribeiraopreto.com.br\/index.php\/2025\/10\/21\/ribeirao-preto-amplia-horarios-de-funcionamento-em-4-linhas-de-onibus-veja-quais\/","url_meta":{"origin":75811,"position":5},"title":"Ribeir\u00e3o Preto amplia hor\u00e1rios de funcionamento em 4 linhas de \u00f4nibus; veja quais","author":"noticiasribeiraopreto.com.br","date":"21 de October de 2025","format":false,"excerpt":"Quatro linhas do transporte p\u00fablico de Ribeir\u00e3o Preto ter\u00e3o novos hor\u00e1rios a partir desta quarta-feira (22). As altera\u00e7\u00f5es valem para os dias \u00fateis e abrangem as seguintes linhas: 803 \u2013 Jos\u00e9 Sampaio 804 \u2013 Alexandre Balbo 902 \u2013 Norte-Sul 2 903 \u2013 Oeste 1 De acordo com a RP Mobi,\u2026","rel":"","context":"In &quot;Not\u00edcias de Ribeir\u00e3o Preto-SP e Regi\u00e3o&quot;","block_context":{"text":"Not\u00edcias de Ribeir\u00e3o Preto-SP e Regi\u00e3o","link":"https:\/\/noticiasribeiraopreto.com.br\/index.php\/category\/noticias-de-ribeirao-preto-sp-e-regiao-ismael-colosi\/"},"img":{"alt_text":"","src":"https:\/\/i0.wp.com\/noticiasribeiraopreto.com.br\/wp-content\/uploads\/2025\/10\/Copia-de-Copia-de-Copia-de-TAMANHO-EXATO-PARA-FOTOS-NO-SISTEMA-NOVO-2025-10-21T162119.241_2025-10-21_19-21-37.webp.webp?fit=1200%2C675&ssl=1&resize=350%2C200","width":350,"height":200,"srcset":"https:\/\/i0.wp.com\/noticiasribeiraopreto.com.br\/wp-content\/uploads\/2025\/10\/Copia-de-Copia-de-Copia-de-TAMANHO-EXATO-PARA-FOTOS-NO-SISTEMA-NOVO-2025-10-21T162119.241_2025-10-21_19-21-37.webp.webp?fit=1200%2C675&ssl=1&resize=350%2C200 1x, https:\/\/i0.wp.com\/noticiasribeiraopreto.com.br\/wp-content\/uploads\/2025\/10\/Copia-de-Copia-de-Copia-de-TAMANHO-EXATO-PARA-FOTOS-NO-SISTEMA-NOVO-2025-10-21T162119.241_2025-10-21_19-21-37.webp.webp?fit=1200%2C675&ssl=1&resize=525%2C300 1.5x, https:\/\/i0.wp.com\/noticiasribeiraopreto.com.br\/wp-content\/uploads\/2025\/10\/Copia-de-Copia-de-Copia-de-TAMANHO-EXATO-PARA-FOTOS-NO-SISTEMA-NOVO-2025-10-21T162119.241_2025-10-21_19-21-37.webp.webp?fit=1200%2C675&ssl=1&resize=700%2C400 2x, https:\/\/i0.wp.com\/noticiasribeiraopreto.com.br\/wp-content\/uploads\/2025\/10\/Copia-de-Copia-de-Copia-de-TAMANHO-EXATO-PARA-FOTOS-NO-SISTEMA-NOVO-2025-10-21T162119.241_2025-10-21_19-21-37.webp.webp?fit=1200%2C675&ssl=1&resize=1050%2C600 3x"},"classes":[]}],"jetpack_sharing_enabled":true,"jetpack_shortlink":"https:\/\/wp.me\/peQAOb-jIL","_links":{"self":[{"href":"https:\/\/noticiasribeiraopreto.com.br\/index.php\/wp-json\/wp\/v2\/posts\/75811","targetHints":{"allow":["GET"]}}],"collection":[{"href":"https:\/\/noticiasribeiraopreto.com.br\/index.php\/wp-json\/wp\/v2\/posts"}],"about":[{"href":"https:\/\/noticiasribeiraopreto.com.br\/index.php\/wp-json\/wp\/v2\/types\/post"}],"author":[{"embeddable":true,"href":"https:\/\/noticiasribeiraopreto.com.br\/index.php\/wp-json\/wp\/v2\/users\/1"}],"replies":[{"embeddable":true,"href":"https:\/\/noticiasribeiraopreto.com.br\/index.php\/wp-json\/wp\/v2\/comments?post=75811"}],"version-history":[{"count":0,"href":"https:\/\/noticiasribeiraopreto.com.br\/index.php\/wp-json\/wp\/v2\/posts\/75811\/revisions"}],"wp:featuredmedia":[{"embeddable":true,"href":"https:\/\/noticiasribeiraopreto.com.br\/index.php\/wp-json\/wp\/v2\/media\/75812"}],"wp:attachment":[{"href":"https:\/\/noticiasribeiraopreto.com.br\/index.php\/wp-json\/wp\/v2\/media?parent=75811"}],"wp:term":[{"taxonomy":"category","embeddable":true,"href":"https:\/\/noticiasribeiraopreto.com.br\/index.php\/wp-json\/wp\/v2\/categories?post=75811"},{"taxonomy":"post_tag","embeddable":true,"href":"https:\/\/noticiasribeiraopreto.com.br\/index.php\/wp-json\/wp\/v2\/tags?post=75811"}],"curies":[{"name":"wp","href":"https:\/\/api.w.org\/{rel}","templated":true}]}}