{"id":75813,"date":"2025-08-15T18:35:00","date_gmt":"2025-08-15T21:35:00","guid":{"rendered":"https:\/\/noticiasribeiraopreto.com.br\/index.php\/2025\/08\/15\/etanol-com-ccs-abre-nova-fronteira-para-negocios-verdes-e-vantagem-competitiva\/"},"modified":"2025-08-15T18:35:00","modified_gmt":"2025-08-15T21:35:00","slug":"etanol-com-ccs-abre-nova-fronteira-para-negocios-verdes-e-vantagem-competitiva","status":"publish","type":"post","link":"https:\/\/noticiasribeiraopreto.com.br\/index.php\/2025\/08\/15\/etanol-com-ccs-abre-nova-fronteira-para-negocios-verdes-e-vantagem-competitiva\/","title":{"rendered":"Etanol com CCS abre nova fronteira para neg\u00f3cios verdes e vantagem competitiva"},"content":{"rendered":"<div class='code-block code-block-1' style='margin: 8px 0 8px auto; text-align: right; display: block; clear: both;'>\n<p><a href=\"https:\/\/wa.link\/vpicfd\"><img data-recalc-dims=\"1\" class=\"wp-image-4922\" style=\"aspect-ratio: 2.0253164556962027; width: 561px; height: auto;\" src=\"https:\/\/i0.wp.com\/ismaelcolosi.com.br\/wp-content\/uploads\/2023\/11\/grupo-de-empregos-whatsapp-e-facebook-ismael-colosi-vagas.jpg?ssl=1\" alt=\"\" \/><\/a><\/p>\n<!-- \/wp:image -->\n<\/div>\n<p> <br \/>\n<\/p>\n<div>\n<p>Com a <strong>tecnologia de captura e armazenamento de carbono (CCS, na sigla em ingl\u00eas)<\/strong>, o setor sucroenerg\u00e9tico pode ampliar seu papel na descarboniza\u00e7\u00e3o. E, ao mesmo tempo, gerar novas receitas a partir de solu\u00e7\u00f5es sustent\u00e1veis. Essa foi a pauta do painel \u201cCCS na produ\u00e7\u00e3o de etanol\u201d, realizado na \u00faltima quinta-feira (14) na<strong> FenaBio<\/strong>, dentro da <strong>Fenasucro &amp; Agrocana<\/strong>, em<strong> Sert\u00e3ozinho<\/strong>.<\/p>\n<p>O encontro foi mediado por<strong> Everton Oliveira<\/strong>, diretor-presidente da Hidroplan e do Instituto \u00c1gua Sustent\u00e1vel, e reuniu <strong>Milas Evangelista de Sousa<\/strong>, s\u00f3cio-propriet\u00e1rio da Renovar Sustentabilidade, <strong>Cristiane Moreno<\/strong>, head de Governan\u00e7a da CCS Brasil, <strong>Cl\u00e1udia Shirozaki<\/strong>, gerente executiva de Sustentabilidade da FS Fueling Sustainability, e <strong>Vladimir Bellenzani Jr.<\/strong>, ge\u00f3logo especialista em Aquisi\u00e7\u00e3o de Dados Geol\u00f3gicos para CCS da Petrobras.<\/p>\n<h2 class=\"wp-block-heading\"><strong>Potencial e desafios<\/strong><\/h2>\n<p>De acordo com Milas Evangelista, o setor de etanol tem um grande potencial para incorporar o CCS como servi\u00e7o ambiental. <mark style=\"background-color:#fcb900\" class=\"has-inline-color has-black-color\">Essa tecnologia \u00e9 apontada internacionalmente como estrat\u00e9gica para ajudar a atingir a neutralidade de carbono at\u00e9 2050.<\/mark><\/p>\n<p>\u201cTemos um potencial enorme para fazer do CCS uma vantagem competitiva do setor de etanol brasileiro. As \u00e1reas geol\u00f3gicas mais promissoras est\u00e3o pr\u00f3ximas das usinas, o que facilita a integra\u00e7\u00e3o. Mas precisamos avan\u00e7ar em estudos e regulamenta\u00e7\u00f5es para transformar essa oportunidade em realidade\u201d, afirmou.<\/p>\n<p>Ainda segundo ele, as bacias sedimentares mais promissoras precisam de estudos geol\u00f3gicos detalhados para viabilizar o avan\u00e7o da tecnologia.<\/p>\n<h2 class=\"wp-block-heading\"><strong>BECCS e remo\u00e7\u00e3o de emiss\u00f5es<\/strong><\/h2>\n<p>J\u00e1 Cristiane Moreno mencionou o conceito de BECCS (Bioenergia com Captura e Armazenamento de Carbono). A t\u00e9cnica combina a gera\u00e7\u00e3o de energia renov\u00e1vel com a remo\u00e7\u00e3o de CO\u2082 da atmosfera, criando um mercado de emiss\u00f5es negativas.<\/p>\n<p>Para a especialista, o setor de etanol brasileiro pode se posicionar como protagonista global nesse modelo, contribuindo para metas clim\u00e1ticas e atraindo investimentos.<\/p>\n<p>O painel refor\u00e7ou que, al\u00e9m do impacto ambiental positivo, o CCS pode se tornar um novo vetor de competitividade para o Brasil. A discuss\u00e3o detalhou que a tecnologia deve permitir que o setor sucroenerg\u00e9tico lidere a transi\u00e7\u00e3o energ\u00e9tica e se beneficie economicamente das solu\u00e7\u00f5es que entrega para o planeta.<\/p>\n<p>SAIBA MAIS<br \/>Vai ter onda de calor? Veja a previs\u00e3o para os pr\u00f3ximos dias<\/p>\n<h2 class=\"wp-block-heading\"><strong>FIQUE ON<\/strong><\/h2>\n<p>Fique ligado em tudo que acontece em Ribeir\u00e3o Preto e regi\u00e3o. Siga os perfis do\u00a0<strong>acidade on<\/strong>\u00a0no\u00a0<a href=\"https:\/\/www.instagram.com\/acidadeonribeirao\" target=\"_blank\" rel=\"noreferrer noopener\">Instagram<\/a>\u00a0e no\u00a0<a href=\"https:\/\/www.facebook.com\/acidadeonribeirao\/\" target=\"_blank\" rel=\"noreferrer noopener\">Facebook.<\/a><\/p>\n<p>Receba not\u00edcias do\u00a0<strong>acidade on<\/strong>\u00a0no WhatsApp.\u00a0<a href=\"https:\/\/chat.whatsapp.com\/I4nieTEMKlf50pJ28aMemC?mode=ac_t\" target=\"_blank\" rel=\"noreferrer noopener\">Para entrar no grupo, basta clicar aqui.<\/a><\/p>\n<p>Fa\u00e7a uma den\u00fancia ou sugira uma reportagem sobre Ribeir\u00e3o Preto e regi\u00e3o pelo WhatsApp: 16 99117 7802.<\/p>\n<p>VEJA TAMB\u00c9M<br \/>Qual a parceria entre Zeca Pagodinho e a Embrapa?<\/p>\n<p><!-- AI CONTENT END 1 -->\n<\/div>\n<p><script async src=\"\/\/www.instagram.com\/embed.js\"><\/script><br \/>\n<br \/><br \/>\n<br \/><a href=\"https:\/\/www.acidadeon.com\/ribeiraopreto\/economia\/etanol-com-ccs-abre-nova-fronteira-para-negocios-verdes-e-vantagem-competitiva\/\">Source link <\/a><\/p>\n<!-- CONTENT END 1 -->\n","protected":false},"excerpt":{"rendered":"<p>Com a tecnologia de captura e armazenamento de carbono (CCS, na sigla em ingl\u00eas), o setor sucroenerg\u00e9tico pode ampliar seu papel na descarboniza\u00e7\u00e3o. E, ao&#8230;<\/p>\n","protected":false},"author":1,"featured_media":75814,"comment_status":"open","ping_status":"open","sticky":false,"template":"","format":"standard","meta":{"advanced_seo_description":"","jetpack_seo_html_title":"","jetpack_seo_noindex":false,"jetpack_post_was_ever_published":false,"_jetpack_newsletter_access":"","_jetpack_dont_email_post_to_subs":false,"_jetpack_newsletter_tier_id":0,"_jetpack_memberships_contains_paywalled_content":false,"_jetpack_memberships_contains_paid_content":false,"footnotes":"","jetpack_publicize_message":"","jetpack_publicize_feature_enabled":true,"jetpack_social_post_already_shared":true,"jetpack_social_options":{"image_generator_settings":{"template":"highway","default_image_id":0,"font":"","enabled":false},"version":2}},"categories":[11],"tags":[],"class_list":["post-75813","post","type-post","status-publish","format-standard","has-post-thumbnail","hentry","category-noticias-de-ribeirao-preto-sp-e-regiao-ismael-colosi"],"jetpack_publicize_connections":[],"jetpack_featured_media_url":"https:\/\/i0.wp.com\/noticiasribeiraopreto.com.br\/wp-content\/uploads\/2025\/08\/fenabio_2025-08-15_19-57-01.webp.webp?fit=1017%2C681&ssl=1","jetpack-related-posts":[{"id":75157,"url":"https:\/\/noticiasribeiraopreto.com.br\/index.php\/2025\/08\/04\/novas-tecnologias-de-biocombustiveis-em-destaque-na-fenasucro-agrocana-2025\/","url_meta":{"origin":75813,"position":0},"title":"Novas tecnologias de biocombust\u00edveis em destaque na Fenasucro &#038; Agrocana 2025","author":"noticiasribeiraopreto.com.br","date":"4 de August de 2025","format":false,"excerpt":"O avan\u00e7o das tecnologias em bioenergia, os novos modelos de neg\u00f3cios sustent\u00e1veis e a constru\u00e7\u00e3o de uma imagem moderna para o setor agroindustrial est\u00e3o no centro dos debates das trilhas \u201cBioenergia e Meio Ambiente\u201d e \u201cInova\u00e7\u00e3o e Futuro\u201d, que integram a programa\u00e7\u00e3o da FenaBio, durante a Fenasucro & Agrocana 2025,\u2026","rel":"","context":"In &quot;Not\u00edcias de Ribeir\u00e3o Preto-SP e Regi\u00e3o&quot;","block_context":{"text":"Not\u00edcias de Ribeir\u00e3o Preto-SP e Regi\u00e3o","link":"https:\/\/noticiasribeiraopreto.com.br\/index.php\/category\/noticias-de-ribeirao-preto-sp-e-regiao-ismael-colosi\/"},"img":{"alt_text":"","src":"https:\/\/i0.wp.com\/noticiasribeiraopreto.com.br\/wp-content\/uploads\/2025\/08\/fenasucro-2025_2025-08-04_20-52-13.webp.webp?fit=1200%2C799&ssl=1&resize=350%2C200","width":350,"height":200,"srcset":"https:\/\/i0.wp.com\/noticiasribeiraopreto.com.br\/wp-content\/uploads\/2025\/08\/fenasucro-2025_2025-08-04_20-52-13.webp.webp?fit=1200%2C799&ssl=1&resize=350%2C200 1x, https:\/\/i0.wp.com\/noticiasribeiraopreto.com.br\/wp-content\/uploads\/2025\/08\/fenasucro-2025_2025-08-04_20-52-13.webp.webp?fit=1200%2C799&ssl=1&resize=525%2C300 1.5x, https:\/\/i0.wp.com\/noticiasribeiraopreto.com.br\/wp-content\/uploads\/2025\/08\/fenasucro-2025_2025-08-04_20-52-13.webp.webp?fit=1200%2C799&ssl=1&resize=700%2C400 2x, https:\/\/i0.wp.com\/noticiasribeiraopreto.com.br\/wp-content\/uploads\/2025\/08\/fenasucro-2025_2025-08-04_20-52-13.webp.webp?fit=1200%2C799&ssl=1&resize=1050%2C600 3x"},"classes":[]},{"id":84735,"url":"https:\/\/noticiasribeiraopreto.com.br\/index.php\/2026\/04\/15\/acidente-envolve-carreta-com-etanol-tem-explosao-e-deixa-ferido-em-rodovia\/","url_meta":{"origin":75813,"position":1},"title":"Acidente envolve carreta com etanol, tem explos\u00e3o e deixa ferido em rodovia","author":"noticiasribeiraopreto.com.br","date":"15 de April de 2026","format":false,"excerpt":"Ler o resumo da not\u00edcia Acidente entre carretas de etanol e cimento ocorreu na noite de ter\u00e7a-feira (14) na rodovia Engenheiro Ronan Rocha (SP-345), em Itirapu\u00e3, a 120 km de Ribeir\u00e3o Preto. Uma colis\u00e3o traseira em trecho de subida causou explos\u00e3o e inc\u00eandio que destruiu a cabine de um dos\u2026","rel":"","context":"In &quot;Not\u00edcias de Ribeir\u00e3o Preto-SP e Regi\u00e3o&quot;","block_context":{"text":"Not\u00edcias de Ribeir\u00e3o Preto-SP e Regi\u00e3o","link":"https:\/\/noticiasribeiraopreto.com.br\/index.php\/category\/noticias-de-ribeirao-preto-sp-e-regiao-ismael-colosi\/"},"img":{"alt_text":"","src":"https:\/\/i0.wp.com\/noticiasribeiraopreto.com.br\/wp-content\/uploads\/2026\/04\/incendio_2026-04-15_10-15-33.webp.webp?fit=1200%2C904&ssl=1&resize=350%2C200","width":350,"height":200,"srcset":"https:\/\/i0.wp.com\/noticiasribeiraopreto.com.br\/wp-content\/uploads\/2026\/04\/incendio_2026-04-15_10-15-33.webp.webp?fit=1200%2C904&ssl=1&resize=350%2C200 1x, https:\/\/i0.wp.com\/noticiasribeiraopreto.com.br\/wp-content\/uploads\/2026\/04\/incendio_2026-04-15_10-15-33.webp.webp?fit=1200%2C904&ssl=1&resize=525%2C300 1.5x, https:\/\/i0.wp.com\/noticiasribeiraopreto.com.br\/wp-content\/uploads\/2026\/04\/incendio_2026-04-15_10-15-33.webp.webp?fit=1200%2C904&ssl=1&resize=700%2C400 2x, https:\/\/i0.wp.com\/noticiasribeiraopreto.com.br\/wp-content\/uploads\/2026\/04\/incendio_2026-04-15_10-15-33.webp.webp?fit=1200%2C904&ssl=1&resize=1050%2C600 3x"},"classes":[]},{"id":76696,"url":"https:\/\/noticiasribeiraopreto.com.br\/index.php\/2025\/09\/03\/preco-do-etanol-sobe-e-deve-pesar-no-bolso-do-consumidor-alerta-anprp\/","url_meta":{"origin":75813,"position":2},"title":"Pre\u00e7o do etanol sobe e deve pesar no bolso do consumidor, alerta ANPRP","author":"noticiasribeiraopreto.com.br","date":"3 de September de 2025","format":false,"excerpt":"Com alta demanda e produ\u00e7\u00e3o reduzida, o pre\u00e7o do litro do etanol tende a subir das distribuidoras para os postos. Esse aumento deve refletir no consumidor, que poder\u00e1 pagar mais caro pelo combust\u00edvel nas bombas. De acordo com a ANPRP (Associa\u00e7\u00e3o N\u00facleo de Postos Ribeir\u00e3o Preto), o \u00cdndice Esalq\/USP \u00e9\u2026","rel":"","context":"In &quot;Not\u00edcias de Ribeir\u00e3o Preto-SP e Regi\u00e3o&quot;","block_context":{"text":"Not\u00edcias de Ribeir\u00e3o Preto-SP e Regi\u00e3o","link":"https:\/\/noticiasribeiraopreto.com.br\/index.php\/category\/noticias-de-ribeirao-preto-sp-e-regiao-ismael-colosi\/"},"img":{"alt_text":"","src":"https:\/\/i0.wp.com\/noticiasribeiraopreto.com.br\/wp-content\/uploads\/2025\/09\/posto_de_1024x576_09092021164726-1_2025-09-03_14-55-50.webp.webp?fit=1024%2C576&ssl=1&resize=350%2C200","width":350,"height":200,"srcset":"https:\/\/i0.wp.com\/noticiasribeiraopreto.com.br\/wp-content\/uploads\/2025\/09\/posto_de_1024x576_09092021164726-1_2025-09-03_14-55-50.webp.webp?fit=1024%2C576&ssl=1&resize=350%2C200 1x, https:\/\/i0.wp.com\/noticiasribeiraopreto.com.br\/wp-content\/uploads\/2025\/09\/posto_de_1024x576_09092021164726-1_2025-09-03_14-55-50.webp.webp?fit=1024%2C576&ssl=1&resize=525%2C300 1.5x, https:\/\/i0.wp.com\/noticiasribeiraopreto.com.br\/wp-content\/uploads\/2025\/09\/posto_de_1024x576_09092021164726-1_2025-09-03_14-55-50.webp.webp?fit=1024%2C576&ssl=1&resize=700%2C400 2x"},"classes":[]},{"id":73175,"url":"https:\/\/noticiasribeiraopreto.com.br\/index.php\/2025\/06\/26\/mistura-de-etanol-na-gasolina-sobe-a-30\/","url_meta":{"origin":75813,"position":3},"title":"Mistura de etanol na gasolina sobe a 30%","author":"noticiasribeiraopreto.com.br","date":"26 de June de 2025","format":false,"excerpt":"26 de junho de 2025 16:0026 de junho de 2025 10:379 Compartilhar0 O governo federal elevou o percentual obrigat\u00f3rio de mistura de etanol na gasolina e do biodiesel no diesel. A de etanol anidro na gasolina tipo C passar\u00e1 dos atuais 27% para 30% (E30), enquanto o m\u00ednimo obrigat\u00f3rio de\u2026","rel":"","context":"In &quot;Not\u00edcias de Ribeir\u00e3o Preto-SP e Regi\u00e3o&quot;","block_context":{"text":"Not\u00edcias de Ribeir\u00e3o Preto-SP e Regi\u00e3o","link":"https:\/\/noticiasribeiraopreto.com.br\/index.php\/category\/noticias-de-ribeirao-preto-sp-e-regiao-ismael-colosi\/"},"img":{"alt_text":"","src":"https:\/\/i0.wp.com\/noticiasribeiraopreto.com.br\/wp-content\/uploads\/2025\/06\/Etanol-Marcelo-Camargo-Ag.Br_.jpg?fit=1170%2C700&ssl=1&resize=350%2C200","width":350,"height":200,"srcset":"https:\/\/i0.wp.com\/noticiasribeiraopreto.com.br\/wp-content\/uploads\/2025\/06\/Etanol-Marcelo-Camargo-Ag.Br_.jpg?fit=1170%2C700&ssl=1&resize=350%2C200 1x, https:\/\/i0.wp.com\/noticiasribeiraopreto.com.br\/wp-content\/uploads\/2025\/06\/Etanol-Marcelo-Camargo-Ag.Br_.jpg?fit=1170%2C700&ssl=1&resize=525%2C300 1.5x, https:\/\/i0.wp.com\/noticiasribeiraopreto.com.br\/wp-content\/uploads\/2025\/06\/Etanol-Marcelo-Camargo-Ag.Br_.jpg?fit=1170%2C700&ssl=1&resize=700%2C400 2x, https:\/\/i0.wp.com\/noticiasribeiraopreto.com.br\/wp-content\/uploads\/2025\/06\/Etanol-Marcelo-Camargo-Ag.Br_.jpg?fit=1170%2C700&ssl=1&resize=1050%2C600 3x"},"classes":[]},{"id":68657,"url":"https:\/\/noticiasribeiraopreto.com.br\/index.php\/2025\/04\/27\/na-abertura-da-agrishow-alckmin-defende-um-plano-safra-robusto-e-credito-mais-barato-para-a-industria\/","url_meta":{"origin":75813,"position":4},"title":"Na abertura da Agrishow, Alckmin defende um Plano Safra robusto e cr\u00e9dito mais barato para a ind\u00fastria","author":"noticiasribeiraopreto.com.br","date":"27 de April de 2025","format":false,"excerpt":"O vice-presidente Geraldo Alckmin (PSB) esteve presente na cerim\u00f4nia de abertura da Agrishow 2025, realizada neste domingo (27), em Ribeir\u00e3o Preto. Durante o evento, ele abordou o Plano Safra, destacando a import\u00e2ncia de um programa robusto que acompanhe o crescimento do setor agr\u00edcola. Alckmin afirmou ainda que levar\u00e1 pessoalmente ao\u2026","rel":"","context":"In &quot;Not\u00edcias de Ribeir\u00e3o Preto-SP e Regi\u00e3o&quot;","block_context":{"text":"Not\u00edcias de Ribeir\u00e3o Preto-SP e Regi\u00e3o","link":"https:\/\/noticiasribeiraopreto.com.br\/index.php\/category\/noticias-de-ribeirao-preto-sp-e-regiao-ismael-colosi\/"},"img":{"alt_text":"","src":"https:\/\/i0.wp.com\/noticiasribeiraopreto.com.br\/wp-content\/uploads\/2025\/04\/Copia-de-Copia-de-Copia-de-TAMANHO-EXATO-PARA-FOTOS-NO-SISTEMA-NOVO-20_2025-04-27_18-56-30.webp.webp?fit=1200%2C675&ssl=1&resize=350%2C200","width":350,"height":200,"srcset":"https:\/\/i0.wp.com\/noticiasribeiraopreto.com.br\/wp-content\/uploads\/2025\/04\/Copia-de-Copia-de-Copia-de-TAMANHO-EXATO-PARA-FOTOS-NO-SISTEMA-NOVO-20_2025-04-27_18-56-30.webp.webp?fit=1200%2C675&ssl=1&resize=350%2C200 1x, https:\/\/i0.wp.com\/noticiasribeiraopreto.com.br\/wp-content\/uploads\/2025\/04\/Copia-de-Copia-de-Copia-de-TAMANHO-EXATO-PARA-FOTOS-NO-SISTEMA-NOVO-20_2025-04-27_18-56-30.webp.webp?fit=1200%2C675&ssl=1&resize=525%2C300 1.5x, https:\/\/i0.wp.com\/noticiasribeiraopreto.com.br\/wp-content\/uploads\/2025\/04\/Copia-de-Copia-de-Copia-de-TAMANHO-EXATO-PARA-FOTOS-NO-SISTEMA-NOVO-20_2025-04-27_18-56-30.webp.webp?fit=1200%2C675&ssl=1&resize=700%2C400 2x, https:\/\/i0.wp.com\/noticiasribeiraopreto.com.br\/wp-content\/uploads\/2025\/04\/Copia-de-Copia-de-Copia-de-TAMANHO-EXATO-PARA-FOTOS-NO-SISTEMA-NOVO-20_2025-04-27_18-56-30.webp.webp?fit=1200%2C675&ssl=1&resize=1050%2C600 3x"},"classes":[]},{"id":81572,"url":"https:\/\/noticiasribeiraopreto.com.br\/index.php\/2026\/01\/10\/preco-medio-do-etanol-dispara-25-centavos-nos-ultimos-40-dias\/","url_meta":{"origin":75813,"position":5},"title":"Pre\u00e7o m\u00e9dio do etanol dispara 25 centavos nos \u00faltimos 40 dias","author":"noticiasribeiraopreto.com.br","date":"10 de January de 2026","format":false,"excerpt":"\r \r \r 10 de janeiro de 2026 08:059 de janeiro de 2026 23:39 \r Compartilhar0 A Central de Monitoramento da Associa\u00e7\u00e3o N\u00facleo Postos Ribeir\u00e3o Preto, que re\u00fane 100 revendedores da cidade e regi\u00e3o, detectou nova disparada do pre\u00e7o do litro de etanol que j\u00e1 acumula alta m\u00e9dia de R$\u2026","rel":"","context":"In &quot;Not\u00edcias de Ribeir\u00e3o Preto-SP e Regi\u00e3o&quot;","block_context":{"text":"Not\u00edcias de Ribeir\u00e3o Preto-SP e Regi\u00e3o","link":"https:\/\/noticiasribeiraopreto.com.br\/index.php\/category\/noticias-de-ribeirao-preto-sp-e-regiao-ismael-colosi\/"},"img":{"alt_text":"","src":"https:\/\/i0.wp.com\/noticiasribeiraopreto.com.br\/wp-content\/uploads\/2026\/01\/1-etanol-scaled.jpeg?fit=1170%2C780&ssl=1&resize=350%2C200","width":350,"height":200,"srcset":"https:\/\/i0.wp.com\/noticiasribeiraopreto.com.br\/wp-content\/uploads\/2026\/01\/1-etanol-scaled.jpeg?fit=1170%2C780&ssl=1&resize=350%2C200 1x, https:\/\/i0.wp.com\/noticiasribeiraopreto.com.br\/wp-content\/uploads\/2026\/01\/1-etanol-scaled.jpeg?fit=1170%2C780&ssl=1&resize=525%2C300 1.5x, https:\/\/i0.wp.com\/noticiasribeiraopreto.com.br\/wp-content\/uploads\/2026\/01\/1-etanol-scaled.jpeg?fit=1170%2C780&ssl=1&resize=700%2C400 2x, https:\/\/i0.wp.com\/noticiasribeiraopreto.com.br\/wp-content\/uploads\/2026\/01\/1-etanol-scaled.jpeg?fit=1170%2C780&ssl=1&resize=1050%2C600 3x"},"classes":[]}],"jetpack_sharing_enabled":true,"jetpack_shortlink":"https:\/\/wp.me\/peQAOb-jIN","_links":{"self":[{"href":"https:\/\/noticiasribeiraopreto.com.br\/index.php\/wp-json\/wp\/v2\/posts\/75813","targetHints":{"allow":["GET"]}}],"collection":[{"href":"https:\/\/noticiasribeiraopreto.com.br\/index.php\/wp-json\/wp\/v2\/posts"}],"about":[{"href":"https:\/\/noticiasribeiraopreto.com.br\/index.php\/wp-json\/wp\/v2\/types\/post"}],"author":[{"embeddable":true,"href":"https:\/\/noticiasribeiraopreto.com.br\/index.php\/wp-json\/wp\/v2\/users\/1"}],"replies":[{"embeddable":true,"href":"https:\/\/noticiasribeiraopreto.com.br\/index.php\/wp-json\/wp\/v2\/comments?post=75813"}],"version-history":[{"count":0,"href":"https:\/\/noticiasribeiraopreto.com.br\/index.php\/wp-json\/wp\/v2\/posts\/75813\/revisions"}],"wp:featuredmedia":[{"embeddable":true,"href":"https:\/\/noticiasribeiraopreto.com.br\/index.php\/wp-json\/wp\/v2\/media\/75814"}],"wp:attachment":[{"href":"https:\/\/noticiasribeiraopreto.com.br\/index.php\/wp-json\/wp\/v2\/media?parent=75813"}],"wp:term":[{"taxonomy":"category","embeddable":true,"href":"https:\/\/noticiasribeiraopreto.com.br\/index.php\/wp-json\/wp\/v2\/categories?post=75813"},{"taxonomy":"post_tag","embeddable":true,"href":"https:\/\/noticiasribeiraopreto.com.br\/index.php\/wp-json\/wp\/v2\/tags?post=75813"}],"curies":[{"name":"wp","href":"https:\/\/api.w.org\/{rel}","templated":true}]}}