{"id":75815,"date":"2025-08-15T18:42:14","date_gmt":"2025-08-15T21:42:14","guid":{"rendered":"https:\/\/noticiasribeiraopreto.com.br\/index.php\/2025\/08\/15\/rp-mobi-alerta-para-bloqueios-e-rotas-alternativas-durante-eventos-em-ribeirao\/"},"modified":"2025-08-15T18:42:14","modified_gmt":"2025-08-15T21:42:14","slug":"rp-mobi-alerta-para-bloqueios-e-rotas-alternativas-durante-eventos-em-ribeirao","status":"publish","type":"post","link":"https:\/\/noticiasribeiraopreto.com.br\/index.php\/2025\/08\/15\/rp-mobi-alerta-para-bloqueios-e-rotas-alternativas-durante-eventos-em-ribeirao\/","title":{"rendered":"RP Mobi alerta para bloqueios e rotas alternativas durante eventos em Ribeir\u00e3o"},"content":{"rendered":"<div class='code-block code-block-1' style='margin: 8px 0 8px auto; text-align: right; display: block; clear: both;'>\n<p><a href=\"https:\/\/wa.link\/vpicfd\"><img data-recalc-dims=\"1\" class=\"wp-image-4922\" style=\"aspect-ratio: 2.0253164556962027; width: 561px; height: auto;\" src=\"https:\/\/i0.wp.com\/ismaelcolosi.com.br\/wp-content\/uploads\/2023\/11\/grupo-de-empregos-whatsapp-e-facebook-ismael-colosi-vagas.jpg?ssl=1\" alt=\"\" \/><\/a><\/p>\n<!-- \/wp:image -->\n<\/div>\n<p> <br \/>\n<\/p>\n<div>\n<p>O <strong>tr\u00e2nsito de Ribeir\u00e3o Preto<\/strong> sofrer\u00e1 altera\u00e7\u00f5es neste final de semana devido \u00e0 realiza\u00e7\u00e3o de <strong>tr\u00eas eventos<\/strong> no munic\u00edpio.<\/p>\n<p>Por esse motivo, a <strong>RP Mobi<\/strong>, empresa de mobilidade urbana da cidade, alerta os condutores a ficarem atentos aos <strong>bloqueios <\/strong>e a utilizarem <strong>rotas alternativas<\/strong> para evitar transtornos (veja abaixo).<\/p>\n<h2 class=\"wp-block-heading\"><strong>Bloqueios tempor\u00e1rio no Centro<\/strong><\/h2>\n<p>A<strong>\u00a024\u00aa edi\u00e7\u00e3o da Feira Internacional do Livro (FIL) de Ribeir\u00e3o Preto<\/strong>\u00a0come\u00e7a nesta sexta-feira (15), na Pra\u00e7a XV de Novembro e na Esplanada do Theatro Pedro II, e vai provocar\u00a0<strong>altera\u00e7\u00f5es tempor\u00e1rias<\/strong>\u00a0no tr\u00e2nsito de algumas ruas da regi\u00e3o central do munic\u00edpio.<\/p>\n<p>As medidas, de acordo com a\u00a0<strong><a href=\"https:\/\/www.ribeiraopreto.sp.gov.br\/portal\/\" target=\"_blank\" rel=\"noreferrer noopener\">Prefeitura Municipal<\/a><\/strong>, as medidas visam garantir a seguran\u00e7a vi\u00e1ria e dar suporte \u00e0 log\u00edstica do evento, que deve receber milhares de visitantes \u2013 clique aqui e veja as altera\u00e7\u00f5es.<\/p>\n<div class=\"wp-block-image\">\n<figure class=\"aligncenter size-full is-resized\"><img data-recalc-dims=\"1\" decoding=\"async\" src=\"https:\/\/i0.wp.com\/cdn.media-acidadeon.com.br\/ribeiraopreto\/wp-content\/uploads\/sites\/3\/2023\/09\/feira_do_1024x576_14062021203732.jpg?ssl=1\" alt=\"Bloqueios acontecem devido ao in\u00edcio da Feira Internacional do Livro de Ribeir\u00e3o Preto\" class=\"wp-image-46501\" style=\"width:654px\"\/><figcaption class=\"wp-element-caption\">Feira Internacional do Livro em Ribeir\u00e3o \u2013 Foto: ilustrativa <\/figcaption><\/figure>\n<\/div>\n<h3 class=\"wp-block-heading\"><strong>S\u00e1bado (16\/08)<\/strong><\/h3>\n<h4 class=\"wp-block-heading\"><strong>Show Sorriso Maroto \u2013 Est\u00e1dio Palma Travassos (Comercial)<\/strong><\/h4>\n<ul class=\"wp-block-list\">\n<li><strong><mark style=\"background-color:#fcb900\" class=\"has-inline-color\">Bloqueios:<\/mark><\/strong> acessos ao est\u00e1dio pela avenida Pl\u00ednio de Castro Prado e pelas ruas Jo\u00e3o Palma Travassos e Marisa.<\/li>\n<\/ul>\n<ul class=\"wp-block-list\">\n<li><strong><mark style=\"background-color:#fcb900\" class=\"has-inline-color\">Hor\u00e1rio:<\/mark><\/strong> a partir das 14h.<\/li>\n<\/ul>\n<p>Quem vem pelo Centro em dire\u00e7\u00e3o \u00e0 avenida Castelo Branco pela avenida Pl\u00ednio deve virar \u00e0 direita na rua Jos\u00e9 Cagnolati.<\/p>\n<p>Quem vem da avenida Maria de Jesus Condeixa em dire\u00e7\u00e3o \u00e0 avenida Pl\u00ednio deve virar \u00e0 direita na rua Alexandre Gomes de Abreu.<\/p>\n<h4 class=\"wp-block-heading\"><strong>Corrida Night Run Mind<\/strong><\/h4>\n<p>Interdi\u00e7\u00e3o total de trecho da pista Centro\/Bairro da avenida Maur\u00edlio Biagi, do cruzamento com a rua Domingos Canesin at\u00e9 o retorno em frente a uma loja de materiais de constru\u00e7\u00e3o.<\/p>\n<p>Interdi\u00e7\u00e3o parcial na pista Bairro\/Centro, entre a avenida Presidente Kennedy e a avenida Le\u00e3o XIII.<\/p>\n<ul class=\"wp-block-list\">\n<li><strong><mark style=\"background-color:#fcb900\" class=\"has-inline-color\">Hor\u00e1rio:<\/mark><\/strong> a partir das 14h30<\/li>\n<\/ul>\n<p>Quem vem do Centro pela Maur\u00edlio Biagi em dire\u00e7\u00e3o avenida Celso Charuri deve virar \u00e0 direita na rua Olderige Margarido, fazer o retorno para acessar a avenida Portugal seguir em dire\u00e7\u00e3o ao bairro City Ribeir\u00e3o para depois acesar as ruas Orlando Silva ou Di\u00f3genes de Abreu para acessar a marginal da avenida Maur\u00edlio Biagi e seguir o destino de interesse.<\/p>\n<div class=\"wp-block-image\">\n<figure class=\"aligncenter size-large is-resized\"><img data-recalc-dims=\"1\" fetchpriority=\"high\" decoding=\"async\" width=\"1024\" height=\"576\" src=\"https:\/\/i0.wp.com\/cdn.media-acidadeon.com.br\/ribeiraopreto\/wp-content\/uploads\/sites\/3\/2025\/08\/transito-sca_2025-08-12_22-20-28-1024x576.webp?resize=1024%2C576&#038;ssl=1\" alt=\"Bloqueios acontecem em Ribeir\u00e3o Preto neste final de semana - Foto: acidade on.\" class=\"wp-image-125579\" style=\"width:654px\" srcset=\"https:\/\/cdn.media-acidadeon.com.br\/ribeiraopreto\/wp-content\/uploads\/sites\/3\/2025\/08\/transito-sca_2025-08-12_22-20-28-1024x576.webp 1024w, https:\/\/cdn.media-acidadeon.com.br\/ribeiraopreto\/wp-content\/uploads\/sites\/3\/2025\/08\/transito-sca_2025-08-12_22-20-28-300x169.webp 300w, https:\/\/cdn.media-acidadeon.com.br\/ribeiraopreto\/wp-content\/uploads\/sites\/3\/2025\/08\/transito-sca_2025-08-12_22-20-28-768x432.webp 768w, https:\/\/cdn.media-acidadeon.com.br\/ribeiraopreto\/wp-content\/uploads\/sites\/3\/2025\/08\/transito-sca_2025-08-12_22-20-28-696x392.webp 696w, https:\/\/cdn.media-acidadeon.com.br\/ribeiraopreto\/wp-content\/uploads\/sites\/3\/2025\/08\/transito-sca_2025-08-12_22-20-28-1068x601.webp 1068w, https:\/\/cdn.media-acidadeon.com.br\/ribeiraopreto\/wp-content\/uploads\/sites\/3\/2025\/08\/transito-sca_2025-08-12_22-20-28.webp 1200w\" sizes=\"(max-width: 1024px) 100vw, 1024px\"\/><figcaption class=\"wp-element-caption\">Bloqueios acontecem em Ribeir\u00e3o Preto neste final de semana \u2013 Foto: acidade on.<\/figcaption><\/figure>\n<\/div>\n<h3 class=\"wp-block-heading\"><strong>Domingo, 17 de agosto<\/strong><\/h3>\n<h4 class=\"wp-block-heading\"><strong>Concentra\u00e7\u00e3o da 21\u00aa Parada do Orgulho LGBTQIAPN+<\/strong><\/h4>\n<p>Trecho da pista Bairro\/Centro da avenida Presidente Vargas, entre a Alameda Adolfo Serra e a avenida Professor Jo\u00e3o Fi\u00fasa \u2013 das 14h \u00e0s 14h30.<\/p>\n<p>Acesso da Alameda Adolfo Serra para a pista Bairro\/Centro da avenida Presidente Vargas \u2013 \u00e0s 10h.<\/p>\n<p>Fechamento do primeiro retorno da pista Centro\/Bairro da avenida Presidente Vargas logo ap\u00f3s o cruzamento com a avenida Professor Jo\u00e3o Fi\u00fasa \u2013 \u00e0s 10h.<\/p>\n<p>Quem vem da pista Bairro\/Centro da avenida Presidente Vargas em dire\u00e7\u00e3o ao Centro deve virar \u00e0 direita na Alameda Adolfo Serra, \u00e0 esquerda na Alameda Jo\u00e3o Paulo II e novamente \u00e0 esquerda na avenida Professor Jo\u00e3o Fi\u00fasa, seguindo o destino desejado.<\/p>\n<p>Ap\u00f3s a concentra\u00e7\u00e3o, os participantes seguir\u00e3o pela pista Bairro\/Centro da Presidente Vargas em dire\u00e7\u00e3o \u00e0 avenida Ant\u00f4nio Diederichsen, na Pra\u00e7a Jo\u00e3o Marchesi. Durante todo o domingo, haver\u00e1 bloqueio total de trecho da pista Bairro\/Centro da Diederichsen, entre a rua Dr. \u00c1lvaro Paiva e a rua Thomaz Nogueira Gaia.<\/p>\n<hr class=\"wp-block-separator has-alpha-channel-opacity\"\/>\n<p>SAIBA MAIS<\/p>\n<p>Empresa de transporte oferece mais de 70 vagas de emprego em Ribeir\u00e3o e regi\u00e3o<\/p>\n<h2 class=\"wp-block-heading\"><strong>FIQUE ON\u00a0\u00a0\u00a0\u00a0\u00a0\u00a0\u00a0\u00a0\u00a0<\/strong><\/h2>\n<p>Quer ficar por dentro de tudo que acontece em Ribeir\u00e3o Preto e regi\u00e3o? Ent\u00e3o siga os perfis do\u202facidade on\u202fno\u202f<a href=\"https:\/\/www.instagram.com\/acidadeonribeirao\" target=\"_blank\" rel=\"noreferrer noopener\">Instagram<\/a>\u202fe no\u202f<a href=\"https:\/\/www.facebook.com\/acidadeonribeirao\/\" target=\"_blank\" rel=\"noreferrer noopener\">Facebook<\/a>.<\/p>\n<p>Al\u00e9m disso, voc\u00ea pode receber as principais not\u00edcias diretamente no WhatsApp. Para isso, basta\u00a0<a href=\"https:\/\/chat.whatsapp.com\/BjKQZ9oJwlz8VVT50NuePq\" target=\"_blank\" rel=\"noreferrer noopener\">entrar no grupo clicando aqui<\/a>.<\/p>\n<p>Por fim, se quiser fazer uma den\u00fancia ou sugerir uma reportagem sobre Ribeir\u00e3o Preto e regi\u00e3o, envie uma mensagem pelo WhatsApp: (16) 99117-7802.<\/p>\n<p>VEJA TAMB\u00c9M<\/p>\n<p>Em qual livro a s\u00e9rie \u2018Dias Perfeitos\u2019 \u00e9 baseada?<\/p>\n<p><!-- AI CONTENT END 1 -->\n<\/div>\n<p><script async src=\"\/\/www.instagram.com\/embed.js\"><\/script><br \/>\n<br \/><br \/>\n<br \/><a href=\"https:\/\/www.acidadeon.com\/ribeiraopreto\/cotidiano\/rp-mobi-alerta-para-bloqueios-e-rotas-alternativas-durante-eventos-em-ribeirao\/\">Source link <\/a><\/p>\n<!-- CONTENT END 1 -->\n","protected":false},"excerpt":{"rendered":"<p>O tr\u00e2nsito de Ribeir\u00e3o Preto sofrer\u00e1 altera\u00e7\u00f5es neste final de semana devido \u00e0 realiza\u00e7\u00e3o de tr\u00eas eventos no munic\u00edpio. Por esse motivo, a RP Mobi,&#8230;<\/p>\n","protected":false},"author":1,"featured_media":75816,"comment_status":"open","ping_status":"open","sticky":false,"template":"","format":"standard","meta":{"advanced_seo_description":"","jetpack_seo_html_title":"","jetpack_seo_noindex":false,"jetpack_post_was_ever_published":false,"_jetpack_newsletter_access":"","_jetpack_dont_email_post_to_subs":false,"_jetpack_newsletter_tier_id":0,"_jetpack_memberships_contains_paywalled_content":false,"_jetpack_memberships_contains_paid_content":false,"footnotes":"","jetpack_publicize_message":"","jetpack_publicize_feature_enabled":true,"jetpack_social_post_already_shared":true,"jetpack_social_options":{"image_generator_settings":{"template":"highway","default_image_id":0,"font":"","enabled":false},"version":2}},"categories":[11],"tags":[],"class_list":["post-75815","post","type-post","status-publish","format-standard","has-post-thumbnail","hentry","category-noticias-de-ribeirao-preto-sp-e-regiao-ismael-colosi"],"jetpack_publicize_connections":[],"jetpack_featured_media_url":"https:\/\/i0.wp.com\/noticiasribeiraopreto.com.br\/wp-content\/uploads\/2025\/08\/a.ok_.interdicoestransito_2025-08-15_19-33-18.webp.webp?fit=1200%2C800&ssl=1","jetpack-related-posts":[{"id":63479,"url":"https:\/\/noticiasribeiraopreto.com.br\/index.php\/2025\/02\/14\/cruzamento-em-ribeirao-preto-e-interditado-por-30-dias-veja-rota-alternativa\/","url_meta":{"origin":75815,"position":0},"title":"Cruzamento em Ribeir\u00e3o Preto \u00e9 interditado por 30 dias; Veja rota alternativa","author":"noticiasribeiraopreto.com.br","date":"14 de February de 2025","format":false,"excerpt":"A partir desta sexta-feira (14), o cruzamento entre as ruas Prudente de Morais e S\u00e3o Jos\u00e9, no Centro de Ribeir\u00e3o Preto, ser\u00e1 totalmente interditado devido \u00e0 continua\u00e7\u00e3o das obras de drenagem na regi\u00e3o. De acordo com a RP Mobi, o tr\u00e2nsito estar\u00e1 livre nas ruas Sete de Setembro, Garibaldi, Comandante\u2026","rel":"","context":"In &quot;Not\u00edcias de Ribeir\u00e3o Preto-SP e Regi\u00e3o&quot;","block_context":{"text":"Not\u00edcias de Ribeir\u00e3o Preto-SP e Regi\u00e3o","link":"https:\/\/noticiasribeiraopreto.com.br\/index.php\/category\/noticias-de-ribeirao-preto-sp-e-regiao-ismael-colosi\/"},"img":{"alt_text":"","src":"https:\/\/i0.wp.com\/noticiasribeiraopreto.com.br\/wp-content\/uploads\/2025\/02\/bloqueio_barao_do_amazonas_-_foto_fernando_gonzaga_2025-02-14_12-32-55_jpg_2025-02-14_12-32-55.webp.webp?fit=1000%2C667&ssl=1&resize=350%2C200","width":350,"height":200,"srcset":"https:\/\/i0.wp.com\/noticiasribeiraopreto.com.br\/wp-content\/uploads\/2025\/02\/bloqueio_barao_do_amazonas_-_foto_fernando_gonzaga_2025-02-14_12-32-55_jpg_2025-02-14_12-32-55.webp.webp?fit=1000%2C667&ssl=1&resize=350%2C200 1x, https:\/\/i0.wp.com\/noticiasribeiraopreto.com.br\/wp-content\/uploads\/2025\/02\/bloqueio_barao_do_amazonas_-_foto_fernando_gonzaga_2025-02-14_12-32-55_jpg_2025-02-14_12-32-55.webp.webp?fit=1000%2C667&ssl=1&resize=525%2C300 1.5x, https:\/\/i0.wp.com\/noticiasribeiraopreto.com.br\/wp-content\/uploads\/2025\/02\/bloqueio_barao_do_amazonas_-_foto_fernando_gonzaga_2025-02-14_12-32-55_jpg_2025-02-14_12-32-55.webp.webp?fit=1000%2C667&ssl=1&resize=700%2C400 2x"},"classes":[]},{"id":84948,"url":"https:\/\/noticiasribeiraopreto.com.br\/index.php\/2026\/04\/18\/avenida-maurilio-biagi-tera-interdicoes-neste-domingo-veja-os-trechos-afetados\/","url_meta":{"origin":75815,"position":1},"title":"Avenida Maur\u00edlio Biagi ter\u00e1 interdi\u00e7\u00f5es neste domingo; Veja os trechos afetados","author":"noticiasribeiraopreto.com.br","date":"18 de April de 2026","format":false,"excerpt":"Ler o resumo da not\u00edcia RP Mobi interditar\u00e1 dois trechos da Avenida Maur\u00edcio Biagi em Ribeir\u00e3o Preto neste domingo (19) das 5h \u00e0s 8h para a realiza\u00e7\u00e3o de uma corrida de rua. O bloqueio total ser\u00e1 na pista Bairro\/Centro entre a Rua Ov\u00eddeo Jos\u00e9 de Faria e a Avenida Cost\u00e1bile\u2026","rel":"","context":"In &quot;Not\u00edcias de Ribeir\u00e3o Preto-SP e Regi\u00e3o&quot;","block_context":{"text":"Not\u00edcias de Ribeir\u00e3o Preto-SP e Regi\u00e3o","link":"https:\/\/noticiasribeiraopreto.com.br\/index.php\/category\/noticias-de-ribeirao-preto-sp-e-regiao-ismael-colosi\/"},"img":{"alt_text":"","src":"https:\/\/i0.wp.com\/noticiasribeiraopreto.com.br\/wp-content\/uploads\/2026\/04\/avenida-maurilio-biagi-1_2024-06-29_19-39-53_jpg_2024-06-29_19-39-53-768x431-1.webp.webp?fit=768%2C431&ssl=1&resize=350%2C200","width":350,"height":200,"srcset":"https:\/\/i0.wp.com\/noticiasribeiraopreto.com.br\/wp-content\/uploads\/2026\/04\/avenida-maurilio-biagi-1_2024-06-29_19-39-53_jpg_2024-06-29_19-39-53-768x431-1.webp.webp?fit=768%2C431&ssl=1&resize=350%2C200 1x, https:\/\/i0.wp.com\/noticiasribeiraopreto.com.br\/wp-content\/uploads\/2026\/04\/avenida-maurilio-biagi-1_2024-06-29_19-39-53_jpg_2024-06-29_19-39-53-768x431-1.webp.webp?fit=768%2C431&ssl=1&resize=525%2C300 1.5x, https:\/\/i0.wp.com\/noticiasribeiraopreto.com.br\/wp-content\/uploads\/2026\/04\/avenida-maurilio-biagi-1_2024-06-29_19-39-53_jpg_2024-06-29_19-39-53-768x431-1.webp.webp?fit=768%2C431&ssl=1&resize=700%2C400 2x"},"classes":[]},{"id":83049,"url":"https:\/\/noticiasribeiraopreto.com.br\/index.php\/2026\/03\/07\/eventos-provocam-bloqueios-no-transito-de-ribeirao-preto-veja-os-locais\/","url_meta":{"origin":75815,"position":2},"title":"Eventos provocam bloqueios no tr\u00e2nsito de Ribeir\u00e3o Preto; veja os locais","author":"noticiasribeiraopreto.com.br","date":"7 de March de 2026","format":false,"excerpt":"Motoristas de Ribeir\u00e3o Preto devem ficar atentos, pois o tr\u00e2nsito na cidade ter\u00e1 mudan\u00e7as neste domingo (8) por causa de dois eventos programados: a corrida de rua Santander Track&Field Run Series e a Cavalgada 2026. As atividades v\u00e3o acontecer em diferentes regi\u00f5es e provocar\u00e3o interdi\u00e7\u00f5es tempor\u00e1rias em avenidas importantes, o\u2026","rel":"","context":"In &quot;Not\u00edcias de Ribeir\u00e3o Preto-SP e Regi\u00e3o&quot;","block_context":{"text":"Not\u00edcias de Ribeir\u00e3o Preto-SP e Regi\u00e3o","link":"https:\/\/noticiasribeiraopreto.com.br\/index.php\/category\/noticias-de-ribeirao-preto-sp-e-regiao-ismael-colosi\/"},"img":{"alt_text":"","src":"https:\/\/i0.wp.com\/noticiasribeiraopreto.com.br\/wp-content\/uploads\/2025\/12\/interdicoes_004_2025-12-12_21-33-02.webp.webp?fit=1200%2C799&ssl=1&resize=350%2C200","width":350,"height":200,"srcset":"https:\/\/i0.wp.com\/noticiasribeiraopreto.com.br\/wp-content\/uploads\/2025\/12\/interdicoes_004_2025-12-12_21-33-02.webp.webp?fit=1200%2C799&ssl=1&resize=350%2C200 1x, https:\/\/i0.wp.com\/noticiasribeiraopreto.com.br\/wp-content\/uploads\/2025\/12\/interdicoes_004_2025-12-12_21-33-02.webp.webp?fit=1200%2C799&ssl=1&resize=525%2C300 1.5x, https:\/\/i0.wp.com\/noticiasribeiraopreto.com.br\/wp-content\/uploads\/2025\/12\/interdicoes_004_2025-12-12_21-33-02.webp.webp?fit=1200%2C799&ssl=1&resize=700%2C400 2x, https:\/\/i0.wp.com\/noticiasribeiraopreto.com.br\/wp-content\/uploads\/2025\/12\/interdicoes_004_2025-12-12_21-33-02.webp.webp?fit=1200%2C799&ssl=1&resize=1050%2C600 3x"},"classes":[]},{"id":78460,"url":"https:\/\/noticiasribeiraopreto.com.br\/index.php\/2025\/10\/10\/transito-de-ribeirao-preto-tera-interdicoes-para-eventos-no-fim-de-semana-confira\/","url_meta":{"origin":75815,"position":3},"title":"Tr\u00e2nsito de Ribeir\u00e3o Preto ter\u00e1 interdi\u00e7\u00f5es para eventos no fim de semana; Confira","author":"noticiasribeiraopreto.com.br","date":"10 de October de 2025","format":false,"excerpt":"O tr\u00e2nsito de Ribeir\u00e3o Preto ter\u00e1 tr\u00eas interdi\u00e7\u00f5es neste fim de semana por conta de eventos na cidade. Segundo a RP Mobi, empresa respons\u00e1vel pela mobilidade urbana, os condutores devem ficar atentos aos bloqueios e utilizar as rotas alternativas indicadas para evitar transtornos. S\u00e1bado, 11 de outubro Festival Repique Local:\u2026","rel":"","context":"In &quot;Not\u00edcias de Ribeir\u00e3o Preto-SP e Regi\u00e3o&quot;","block_context":{"text":"Not\u00edcias de Ribeir\u00e3o Preto-SP e Regi\u00e3o","link":"https:\/\/noticiasribeiraopreto.com.br\/index.php\/category\/noticias-de-ribeirao-preto-sp-e-regiao-ismael-colosi\/"},"img":{"alt_text":"","src":"https:\/\/i0.wp.com\/noticiasribeiraopreto.com.br\/wp-content\/uploads\/2025\/10\/rp-mobi_2025-10-10_19-36-20.webp.webp?fit=1200%2C800&ssl=1&resize=350%2C200","width":350,"height":200,"srcset":"https:\/\/i0.wp.com\/noticiasribeiraopreto.com.br\/wp-content\/uploads\/2025\/10\/rp-mobi_2025-10-10_19-36-20.webp.webp?fit=1200%2C800&ssl=1&resize=350%2C200 1x, https:\/\/i0.wp.com\/noticiasribeiraopreto.com.br\/wp-content\/uploads\/2025\/10\/rp-mobi_2025-10-10_19-36-20.webp.webp?fit=1200%2C800&ssl=1&resize=525%2C300 1.5x, https:\/\/i0.wp.com\/noticiasribeiraopreto.com.br\/wp-content\/uploads\/2025\/10\/rp-mobi_2025-10-10_19-36-20.webp.webp?fit=1200%2C800&ssl=1&resize=700%2C400 2x, https:\/\/i0.wp.com\/noticiasribeiraopreto.com.br\/wp-content\/uploads\/2025\/10\/rp-mobi_2025-10-10_19-36-20.webp.webp?fit=1200%2C800&ssl=1&resize=1050%2C600 3x"},"classes":[]},{"id":74583,"url":"https:\/\/noticiasribeiraopreto.com.br\/index.php\/2025\/07\/24\/obra-emergencial-causa-interdicao-no-centro-de-ribeirao-preto-veja-rota-alternativa\/","url_meta":{"origin":75815,"position":4},"title":"Obra emergencial causa interdi\u00e7\u00e3o no Centro de Ribeir\u00e3o Preto; veja rota alternativa","author":"noticiasribeiraopreto.com.br","date":"24 de July de 2025","format":false,"excerpt":"Agentes de Tr\u00e2nsito interditaram, na noite desta quinta-feira (24), o trecho da rua Campos Sales a partir do cruzamento com a rua Amador Bueno, no Centro de Ribeir\u00e3o Preto. A interdi\u00e7\u00e3o total ocorre devido a uma obra emergencial feita por uma empresa terceirizada da Secretaria Municipal de \u00c1gua e Esgotos\u2026","rel":"","context":"In &quot;Not\u00edcias de Ribeir\u00e3o Preto-SP e Regi\u00e3o&quot;","block_context":{"text":"Not\u00edcias de Ribeir\u00e3o Preto-SP e Regi\u00e3o","link":"https:\/\/noticiasribeiraopreto.com.br\/index.php\/category\/noticias-de-ribeirao-preto-sp-e-regiao-ismael-colosi\/"},"img":{"alt_text":"","src":"https:\/\/i0.wp.com\/noticiasribeiraopreto.com.br\/wp-content\/uploads\/2025\/07\/Copia-de-Copia-de-Copia-de-TAMANHO-EXATO-PARA-FOTOS-NO-SISTEMA-NOVO-2025-07-24T195432.425_2025-07-24_22-54-47.webp.webp?fit=1200%2C675&ssl=1&resize=350%2C200","width":350,"height":200,"srcset":"https:\/\/i0.wp.com\/noticiasribeiraopreto.com.br\/wp-content\/uploads\/2025\/07\/Copia-de-Copia-de-Copia-de-TAMANHO-EXATO-PARA-FOTOS-NO-SISTEMA-NOVO-2025-07-24T195432.425_2025-07-24_22-54-47.webp.webp?fit=1200%2C675&ssl=1&resize=350%2C200 1x, https:\/\/i0.wp.com\/noticiasribeiraopreto.com.br\/wp-content\/uploads\/2025\/07\/Copia-de-Copia-de-Copia-de-TAMANHO-EXATO-PARA-FOTOS-NO-SISTEMA-NOVO-2025-07-24T195432.425_2025-07-24_22-54-47.webp.webp?fit=1200%2C675&ssl=1&resize=525%2C300 1.5x, https:\/\/i0.wp.com\/noticiasribeiraopreto.com.br\/wp-content\/uploads\/2025\/07\/Copia-de-Copia-de-Copia-de-TAMANHO-EXATO-PARA-FOTOS-NO-SISTEMA-NOVO-2025-07-24T195432.425_2025-07-24_22-54-47.webp.webp?fit=1200%2C675&ssl=1&resize=700%2C400 2x, https:\/\/i0.wp.com\/noticiasribeiraopreto.com.br\/wp-content\/uploads\/2025\/07\/Copia-de-Copia-de-Copia-de-TAMANHO-EXATO-PARA-FOTOS-NO-SISTEMA-NOVO-2025-07-24T195432.425_2025-07-24_22-54-47.webp.webp?fit=1200%2C675&ssl=1&resize=1050%2C600 3x"},"classes":[]},{"id":77065,"url":"https:\/\/noticiasribeiraopreto.com.br\/index.php\/2025\/09\/10\/festival-altera-transito-e-bloqueia-ruas-no-centro-de-ribeirao-preto-veja-rotas\/","url_meta":{"origin":75815,"position":5},"title":"Festival altera tr\u00e2nsito e bloqueia ruas no Centro de Ribeir\u00e3o Preto; veja rotas","author":"noticiasribeiraopreto.com.br","date":"10 de September de 2025","format":false,"excerpt":"O Festival Rueda provoca mudan\u00e7as no tr\u00e2nsito da regi\u00e3o central de Ribeir\u00e3o Preto neste fim de semana. O evento acontece no s\u00e1bado (13) das 14h \u00e0s 22h, com bloqueios em trechos das ruas Visconde de Inha\u00fama e Visconde do Rio Branco. De acordo com a RP Mobi, as interdi\u00e7\u00f5es come\u00e7am\u2026","rel":"","context":"In &quot;Not\u00edcias de Ribeir\u00e3o Preto-SP e Regi\u00e3o&quot;","block_context":{"text":"Not\u00edcias de Ribeir\u00e3o Preto-SP e Regi\u00e3o","link":"https:\/\/noticiasribeiraopreto.com.br\/index.php\/category\/noticias-de-ribeirao-preto-sp-e-regiao-ismael-colosi\/"},"img":{"alt_text":"","src":"https:\/\/i0.wp.com\/noticiasribeiraopreto.com.br\/wp-content\/uploads\/2025\/08\/transito-sca_2025-08-12_22-20-28.webp.webp?fit=1200%2C675&ssl=1&resize=350%2C200","width":350,"height":200,"srcset":"https:\/\/i0.wp.com\/noticiasribeiraopreto.com.br\/wp-content\/uploads\/2025\/08\/transito-sca_2025-08-12_22-20-28.webp.webp?fit=1200%2C675&ssl=1&resize=350%2C200 1x, https:\/\/i0.wp.com\/noticiasribeiraopreto.com.br\/wp-content\/uploads\/2025\/08\/transito-sca_2025-08-12_22-20-28.webp.webp?fit=1200%2C675&ssl=1&resize=525%2C300 1.5x, https:\/\/i0.wp.com\/noticiasribeiraopreto.com.br\/wp-content\/uploads\/2025\/08\/transito-sca_2025-08-12_22-20-28.webp.webp?fit=1200%2C675&ssl=1&resize=700%2C400 2x, https:\/\/i0.wp.com\/noticiasribeiraopreto.com.br\/wp-content\/uploads\/2025\/08\/transito-sca_2025-08-12_22-20-28.webp.webp?fit=1200%2C675&ssl=1&resize=1050%2C600 3x"},"classes":[]}],"jetpack_sharing_enabled":true,"jetpack_shortlink":"https:\/\/wp.me\/peQAOb-jIP","_links":{"self":[{"href":"https:\/\/noticiasribeiraopreto.com.br\/index.php\/wp-json\/wp\/v2\/posts\/75815","targetHints":{"allow":["GET"]}}],"collection":[{"href":"https:\/\/noticiasribeiraopreto.com.br\/index.php\/wp-json\/wp\/v2\/posts"}],"about":[{"href":"https:\/\/noticiasribeiraopreto.com.br\/index.php\/wp-json\/wp\/v2\/types\/post"}],"author":[{"embeddable":true,"href":"https:\/\/noticiasribeiraopreto.com.br\/index.php\/wp-json\/wp\/v2\/users\/1"}],"replies":[{"embeddable":true,"href":"https:\/\/noticiasribeiraopreto.com.br\/index.php\/wp-json\/wp\/v2\/comments?post=75815"}],"version-history":[{"count":0,"href":"https:\/\/noticiasribeiraopreto.com.br\/index.php\/wp-json\/wp\/v2\/posts\/75815\/revisions"}],"wp:featuredmedia":[{"embeddable":true,"href":"https:\/\/noticiasribeiraopreto.com.br\/index.php\/wp-json\/wp\/v2\/media\/75816"}],"wp:attachment":[{"href":"https:\/\/noticiasribeiraopreto.com.br\/index.php\/wp-json\/wp\/v2\/media?parent=75815"}],"wp:term":[{"taxonomy":"category","embeddable":true,"href":"https:\/\/noticiasribeiraopreto.com.br\/index.php\/wp-json\/wp\/v2\/categories?post=75815"},{"taxonomy":"post_tag","embeddable":true,"href":"https:\/\/noticiasribeiraopreto.com.br\/index.php\/wp-json\/wp\/v2\/tags?post=75815"}],"curies":[{"name":"wp","href":"https:\/\/api.w.org\/{rel}","templated":true}]}}