{"id":75817,"date":"2025-08-15T21:28:48","date_gmt":"2025-08-16T00:28:48","guid":{"rendered":"https:\/\/noticiasribeiraopreto.com.br\/index.php\/2025\/08\/15\/entenda-o-que-levou-a-revogacao-da-prisao-domiciliar-de-ana-pink\/"},"modified":"2025-08-15T21:28:48","modified_gmt":"2025-08-16T00:28:48","slug":"entenda-o-que-levou-a-revogacao-da-prisao-domiciliar-de-ana-pink","status":"publish","type":"post","link":"https:\/\/noticiasribeiraopreto.com.br\/index.php\/2025\/08\/15\/entenda-o-que-levou-a-revogacao-da-prisao-domiciliar-de-ana-pink\/","title":{"rendered":"Entenda o que levou \u00e0 revoga\u00e7\u00e3o da pris\u00e3o domiciliar de Ana Pink"},"content":{"rendered":"<div class='code-block code-block-1' style='margin: 8px 0 8px auto; text-align: right; display: block; clear: both;'>\n<p><a href=\"https:\/\/wa.link\/vpicfd\"><img data-recalc-dims=\"1\" class=\"wp-image-4922\" style=\"aspect-ratio: 2.0253164556962027; width: 561px; height: auto;\" src=\"https:\/\/i0.wp.com\/ismaelcolosi.com.br\/wp-content\/uploads\/2023\/11\/grupo-de-empregos-whatsapp-e-facebook-ismael-colosi-vagas.jpg?ssl=1\" alt=\"\" \/><\/a><\/p>\n<!-- \/wp:image -->\n<\/div>\n<p> <br \/>\n<\/p>\n<div>\n<p>A <strong>Justi\u00e7a de Ribeir\u00e3o Preto<\/strong> decidiu cancelar o <strong>benef\u00edcio de pris\u00e3o domiciliar<\/strong> da empres\u00e1ria e influenciadora <strong>Ana Pink<\/strong>, ap\u00f3s pedido do <strong>Minist\u00e9rio P\u00fablico<\/strong> <strong>(MP)<\/strong>, devido a <strong>perman\u00eancias longas fora de casa<\/strong>.<\/p>\n<p>De acordo com o \u00f3rg\u00e3o,<strong> Ana Paula Ferreira <\/strong>teria descumprido as regras da pris\u00e3o domiciliar diversas vezes sem justificativa, <mark style=\"background-color:#fcb900\" class=\"has-inline-color\">j\u00e1 que o benef\u00edcio permitia sa\u00eddas apenas para compromissos de sa\u00fade ou atividades escolares dos filhos.<\/mark><\/p>\n<p><strong>Ana Pink <\/strong>foi presa na tarde da \u00faltima quinta-feira (14), em um condom\u00ednio de luxo na zona Sul de <strong>Ribeir\u00e3o Preto<\/strong>, e ap\u00f3s audi\u00eancia de cust\u00f3dia, realizada nesta sexta-feira (15), foi encaminhada para a <strong>Penitenci\u00e1ria de Ribeir\u00e3o Preto<\/strong>.<\/p>\n<div class=\"wp-block-image\">\n<figure class=\"aligncenter size-full is-resized\"><img data-recalc-dims=\"1\" decoding=\"async\" src=\"https:\/\/i0.wp.com\/cdn.media-acidadeon.com.br\/ribeiraopreto\/wp-content\/uploads\/sites\/3\/2023\/08\/ana-pink.jpg?ssl=1\" alt=\"Ana Pink volta \u00e0 pris\u00e3o ap\u00f3s descumprir condi\u00e7\u00f5es da pris\u00e3o domiciliar - Foto: Reprodu\u00e7\u00e3o\/ EPTV.\" class=\"wp-image-32375\" style=\"width:654px\"\/><figcaption class=\"wp-element-caption\">Ana Pink volta \u00e0 pris\u00e3o ap\u00f3s descumprir condi\u00e7\u00f5es da pris\u00e3o domiciliar \u2013 Foto: Reprodu\u00e7\u00e3o\/ EPTV.<\/figcaption><\/figure>\n<\/div>\n<h2 class=\"wp-block-heading\"><strong>Registros na portaria<\/strong><\/h2>\n<p>Conforme apura\u00e7\u00e3o da <strong>EPTV<\/strong>, registros da portaria do condom\u00ednio em que a influenciadora cumpria pena apontam diversas idas e vindas <strong>incompat\u00edveis com as condi\u00e7\u00f5es impostas pela Justi\u00e7a<\/strong>.<\/p>\n<p>Segundo a promotoria, constam <strong>33 sa\u00eddas durante feriados e fins de semana<\/strong> e outras <strong>33 com entradas e sa\u00eddas \u00e0 noite ou de madrugada<\/strong>. <mark style=\"background-color:#fcb900\" class=\"has-inline-color\">As autoridades descobriram ainda que por 28 vezes <strong>Ana Pink<\/strong> ficou mais de duas horas na rua.<\/mark><\/p>\n<p>No dia 20 de junho, por exemplo, <strong>Ana <\/strong>teria sa\u00eddo pouco antes das 10h e retornado somente ap\u00f3s as 20h.<\/p>\n<p>O benef\u00edcio de pris\u00e3o domiciliar havia sido concedido em 2022, <strong>por causa dos filhos menores de 12 anos<\/strong>. Entretanto, o <strong>MP <\/strong>j\u00e1 apontava irregularidades nessa \u00e9poca. O \u00f3rg\u00e3o diz que <strong>Ana Pink<\/strong> n\u00e3o era a respons\u00e1vel por levar os filhos para escola, mas sim os irm\u00e3os mais velhos.<\/p>\n<p>Em nota, a defesa da empres\u00e1ria disse que a revoga\u00e7\u00e3o da pris\u00e3o domiciliar foi recebida com surpresa e informou que medidas jur\u00eddicas est\u00e3o sendo adotadas para reverter a situa\u00e7\u00e3o.<\/p>\n<div class=\"wp-block-image\">\n<figure class=\"aligncenter size-large is-resized\"><img data-recalc-dims=\"1\" fetchpriority=\"high\" decoding=\"async\" width=\"1024\" height=\"576\" src=\"https:\/\/i0.wp.com\/cdn.media-acidadeon.com.br\/ribeiraopreto\/wp-content\/uploads\/sites\/3\/2025\/08\/Copia-de-Copia-de-Copia-de-TAMANHO-EXATO-PARA-FOTOS-NO-SISTEMA-NOVO-2025-08-15T205315.349_2025-08-15_23-53-33-1024x576.webp?resize=1024%2C576&#038;ssl=1\" alt=\"Registros de condom\u00ednio em que Ana Pink morava - Foto: reprodu\u00e7\u00e3o\/ EPTV.\" class=\"wp-image-126011\" style=\"width:654px\" srcset=\"https:\/\/cdn.media-acidadeon.com.br\/ribeiraopreto\/wp-content\/uploads\/sites\/3\/2025\/08\/Copia-de-Copia-de-Copia-de-TAMANHO-EXATO-PARA-FOTOS-NO-SISTEMA-NOVO-2025-08-15T205315.349_2025-08-15_23-53-33-1024x576.webp 1024w, https:\/\/cdn.media-acidadeon.com.br\/ribeiraopreto\/wp-content\/uploads\/sites\/3\/2025\/08\/Copia-de-Copia-de-Copia-de-TAMANHO-EXATO-PARA-FOTOS-NO-SISTEMA-NOVO-2025-08-15T205315.349_2025-08-15_23-53-33-300x169.webp 300w, https:\/\/cdn.media-acidadeon.com.br\/ribeiraopreto\/wp-content\/uploads\/sites\/3\/2025\/08\/Copia-de-Copia-de-Copia-de-TAMANHO-EXATO-PARA-FOTOS-NO-SISTEMA-NOVO-2025-08-15T205315.349_2025-08-15_23-53-33-768x432.webp 768w, https:\/\/cdn.media-acidadeon.com.br\/ribeiraopreto\/wp-content\/uploads\/sites\/3\/2025\/08\/Copia-de-Copia-de-Copia-de-TAMANHO-EXATO-PARA-FOTOS-NO-SISTEMA-NOVO-2025-08-15T205315.349_2025-08-15_23-53-33-696x392.webp 696w, https:\/\/cdn.media-acidadeon.com.br\/ribeiraopreto\/wp-content\/uploads\/sites\/3\/2025\/08\/Copia-de-Copia-de-Copia-de-TAMANHO-EXATO-PARA-FOTOS-NO-SISTEMA-NOVO-2025-08-15T205315.349_2025-08-15_23-53-33-1068x601.webp 1068w, https:\/\/cdn.media-acidadeon.com.br\/ribeiraopreto\/wp-content\/uploads\/sites\/3\/2025\/08\/Copia-de-Copia-de-Copia-de-TAMANHO-EXATO-PARA-FOTOS-NO-SISTEMA-NOVO-2025-08-15T205315.349_2025-08-15_23-53-33.webp 1200w\" sizes=\"(max-width: 1024px) 100vw, 1024px\"\/><figcaption class=\"wp-element-caption\">Registros de condom\u00ednio em que Ana Pink morava \u2013 Foto: reprodu\u00e7\u00e3o\/ EPTV.<\/figcaption><\/figure>\n<\/div>\n<h2 class=\"wp-block-heading\"><strong>Investiga\u00e7\u00e3o<\/strong><\/h2>\n<p><strong>Ana Pink foi condenada a 13 anos de pris\u00e3o por lavagem de dinheiro e organiza\u00e7\u00e3o criminosa<\/strong>. A den\u00fancia se deu ap\u00f3s suposto envolvimento em esquema fraudulento de empr\u00e9stimos consignados para obter R$ 10 milh\u00f5es.<\/p>\n<p>O ex-marido de Ana, o empres\u00e1rio <strong>Maiclerson Gomes da Silva<\/strong>, tamb\u00e9m foi condenado e conseguiu a liberdade. Ambos sempre negaram os crimes.<\/p>\n<p><em>*Com informa\u00e7\u00f5es da EPTV<\/em><\/p>\n<hr class=\"wp-block-separator has-alpha-channel-opacity\"\/>\n<p>SAIBA MAIS<\/p>\n<p>\u2018Morango do aumor\u2019 chama a aten\u00e7\u00e3o em feira do mercado pet<\/p>\n<h2 class=\"wp-block-heading\"><strong>FIQUE ON\u00a0\u00a0\u00a0\u00a0\u00a0\u00a0\u00a0\u00a0\u00a0<\/strong><\/h2>\n<p>Quer ficar por dentro de tudo que acontece em Ribeir\u00e3o Preto e regi\u00e3o? Ent\u00e3o siga os perfis do\u202facidade on\u202fno\u202f<a href=\"https:\/\/www.instagram.com\/acidadeonribeirao\" target=\"_blank\" rel=\"noreferrer noopener\">Instagram<\/a>\u202fe no\u202f<a href=\"https:\/\/www.facebook.com\/acidadeonribeirao\/\" target=\"_blank\" rel=\"noreferrer noopener\">Facebook<\/a>.<\/p>\n<p>Al\u00e9m disso, voc\u00ea pode receber as principais not\u00edcias diretamente no WhatsApp. Para isso, basta\u00a0<a href=\"https:\/\/chat.whatsapp.com\/I4nieTEMKlf50pJ28aMemC?mode=ac_t\" target=\"_blank\" rel=\"noreferrer noopener\">entrar no grupo clicando aqui<\/a>.<\/p>\n<p>Por fim, se quiser fazer uma den\u00fancia ou sugerir uma reportagem sobre Ribeir\u00e3o Preto e regi\u00e3o, envie uma mensagem pelo WhatsApp: (16) 99117-7802.<\/p>\n<p>VEJA TAMB\u00c9M<\/p>\n<p>Quem foi Jackie Bezos?<\/p>\n<p><!-- AI CONTENT END 1 -->\n<\/div>\n<p><script async src=\"\/\/www.instagram.com\/embed.js\"><\/script><br \/>\n<br \/><br \/>\n<br \/><a href=\"https:\/\/www.acidadeon.com\/ribeiraopreto\/cotidiano\/entenda-o-que-levou-a-revogacao-da-prisao-domiciliar-de-ana-pink\/\">Source link <\/a><\/p>\n<!-- CONTENT END 1 -->\n","protected":false},"excerpt":{"rendered":"<p>A Justi\u00e7a de Ribeir\u00e3o Preto decidiu cancelar o benef\u00edcio de pris\u00e3o domiciliar da empres\u00e1ria e influenciadora Ana Pink, ap\u00f3s pedido do Minist\u00e9rio P\u00fablico (MP), devido&#8230;<\/p>\n","protected":false},"author":1,"featured_media":75818,"comment_status":"open","ping_status":"open","sticky":false,"template":"","format":"standard","meta":{"advanced_seo_description":"","jetpack_seo_html_title":"","jetpack_seo_noindex":false,"jetpack_post_was_ever_published":false,"_jetpack_newsletter_access":"","_jetpack_dont_email_post_to_subs":false,"_jetpack_newsletter_tier_id":0,"_jetpack_memberships_contains_paywalled_content":false,"_jetpack_memberships_contains_paid_content":false,"footnotes":"","jetpack_publicize_message":"","jetpack_publicize_feature_enabled":true,"jetpack_social_post_already_shared":true,"jetpack_social_options":{"image_generator_settings":{"template":"highway","default_image_id":0,"font":"","enabled":false},"version":2}},"categories":[11],"tags":[],"class_list":["post-75817","post","type-post","status-publish","format-standard","has-post-thumbnail","hentry","category-noticias-de-ribeirao-preto-sp-e-regiao-ismael-colosi"],"jetpack_publicize_connections":[],"jetpack_featured_media_url":"https:\/\/i0.wp.com\/noticiasribeiraopreto.com.br\/wp-content\/uploads\/2025\/08\/Copia-de-Copia-de-Copia-de-TAMANHO-EXATO-PARA-FOTOS-NO-SISTEMA-NOVO-2025-08-15T205315.349_2025-08-15_23-53-33-1024x576.webp.webp?fit=1024%2C576&ssl=1","jetpack-related-posts":[{"id":75783,"url":"https:\/\/noticiasribeiraopreto.com.br\/index.php\/2025\/08\/15\/ana-pink-tem-prisao-domiciliar-revogada-e-volta-para-a-cadeia\/","url_meta":{"origin":75817,"position":0},"title":"Ana Pink tem pris\u00e3o domiciliar revogada e volta para a cadeia","author":"noticiasribeiraopreto.com.br","date":"15 de August de 2025","format":false,"excerpt":"A Justi\u00e7a revogou a pris\u00e3o domiciliar da empres\u00e1ria e influenciadora digital Ana Paula Ferreira Duarte, a Ana Pink, por descumprimento de medidas cautelares. Ela foi presa na tarde desta quinta-feria (13), na zona Sul de Ribeir\u00e3o Preto, e encaminhada a uma cadeia. *Not\u00edcia em atualiza\u00e7\u00e3o Source link","rel":"","context":"In &quot;Not\u00edcias de Ribeir\u00e3o Preto-SP e Regi\u00e3o&quot;","block_context":{"text":"Not\u00edcias de Ribeir\u00e3o Preto-SP e Regi\u00e3o","link":"https:\/\/noticiasribeiraopreto.com.br\/index.php\/category\/noticias-de-ribeirao-preto-sp-e-regiao-ismael-colosi\/"},"img":{"alt_text":"","src":"","width":0,"height":0},"classes":[]},{"id":76346,"url":"https:\/\/noticiasribeiraopreto.com.br\/index.php\/2025\/08\/27\/ministro-do-stj-mantem-influenciadora-ana-pink-na-cadeia\/","url_meta":{"origin":75817,"position":1},"title":"Ministro do STJ mant\u00e9m influenciadora Ana Pink na cadeia","author":"noticiasribeiraopreto.com.br","date":"27 de August de 2025","format":false,"excerpt":"O ministro Sebasti\u00e3o Reis Junior, do STJ (Superior Tribunal de Justi\u00e7a), manteve na cadeia a influenciadora e empres\u00e1ria de Ribeir\u00e3o Preto, Ana Pink, para cumprimento de pris\u00e3o preventiva. Ana Paula Ferreira e o ex-marido, Maiclerson Gomes da Silva, foram condenados a 13 anos de pris\u00e3o por lavagem de dinheiro e\u2026","rel":"","context":"In &quot;Not\u00edcias de Ribeir\u00e3o Preto-SP e Regi\u00e3o&quot;","block_context":{"text":"Not\u00edcias de Ribeir\u00e3o Preto-SP e Regi\u00e3o","link":"https:\/\/noticiasribeiraopreto.com.br\/index.php\/category\/noticias-de-ribeirao-preto-sp-e-regiao-ismael-colosi\/"},"img":{"alt_text":"","src":"https:\/\/i0.wp.com\/noticiasribeiraopreto.com.br\/wp-content\/uploads\/2025\/08\/Copia-de-Copia-de-Copia-de-TAMANHO-EXATO-PARA-FOTOS-NO-SISTEMA-NOVO-2025-08-27T094709.645_2025-08-27_12-47-17.webp.webp?fit=1200%2C675&ssl=1&resize=350%2C200","width":350,"height":200,"srcset":"https:\/\/i0.wp.com\/noticiasribeiraopreto.com.br\/wp-content\/uploads\/2025\/08\/Copia-de-Copia-de-Copia-de-TAMANHO-EXATO-PARA-FOTOS-NO-SISTEMA-NOVO-2025-08-27T094709.645_2025-08-27_12-47-17.webp.webp?fit=1200%2C675&ssl=1&resize=350%2C200 1x, https:\/\/i0.wp.com\/noticiasribeiraopreto.com.br\/wp-content\/uploads\/2025\/08\/Copia-de-Copia-de-Copia-de-TAMANHO-EXATO-PARA-FOTOS-NO-SISTEMA-NOVO-2025-08-27T094709.645_2025-08-27_12-47-17.webp.webp?fit=1200%2C675&ssl=1&resize=525%2C300 1.5x, https:\/\/i0.wp.com\/noticiasribeiraopreto.com.br\/wp-content\/uploads\/2025\/08\/Copia-de-Copia-de-Copia-de-TAMANHO-EXATO-PARA-FOTOS-NO-SISTEMA-NOVO-2025-08-27T094709.645_2025-08-27_12-47-17.webp.webp?fit=1200%2C675&ssl=1&resize=700%2C400 2x, https:\/\/i0.wp.com\/noticiasribeiraopreto.com.br\/wp-content\/uploads\/2025\/08\/Copia-de-Copia-de-Copia-de-TAMANHO-EXATO-PARA-FOTOS-NO-SISTEMA-NOVO-2025-08-27T094709.645_2025-08-27_12-47-17.webp.webp?fit=1200%2C675&ssl=1&resize=1050%2C600 3x"},"classes":[]},{"id":76149,"url":"https:\/\/noticiasribeiraopreto.com.br\/index.php\/2025\/08\/22\/justica-nega-liberdade-a-influenciadora-ana-pink-por-descumprir-prisao-domiciliar\/","url_meta":{"origin":75817,"position":2},"title":"Justi\u00e7a nega liberdade a influenciadora Ana Pink por descumprir pris\u00e3o domiciliar","author":"noticiasribeiraopreto.com.br","date":"22 de August de 2025","format":false,"excerpt":"O Tribunal de Justi\u00e7a de S\u00e3o Paulo (TJ-SP) negou o pedido de liberdade apresentado pela defesa da influenciadora digital e empres\u00e1ria Ana Pink, presa na semana passada por descumprir as medidas cautelares da pris\u00e3o domiciliar. De acordo com o Minist\u00e9rio P\u00fablico (MP), Ana Paula Ferreira deixou a resid\u00eancia por diversas\u2026","rel":"","context":"In &quot;Not\u00edcias de Ribeir\u00e3o Preto-SP e Regi\u00e3o&quot;","block_context":{"text":"Not\u00edcias de Ribeir\u00e3o Preto-SP e Regi\u00e3o","link":"https:\/\/noticiasribeiraopreto.com.br\/index.php\/category\/noticias-de-ribeirao-preto-sp-e-regiao-ismael-colosi\/"},"img":{"alt_text":"","src":"https:\/\/i0.wp.com\/noticiasribeiraopreto.com.br\/wp-content\/uploads\/2025\/08\/ANA-PINK_2025-08-15_15-08-57.webp.webp?fit=1200%2C799&ssl=1&resize=350%2C200","width":350,"height":200,"srcset":"https:\/\/i0.wp.com\/noticiasribeiraopreto.com.br\/wp-content\/uploads\/2025\/08\/ANA-PINK_2025-08-15_15-08-57.webp.webp?fit=1200%2C799&ssl=1&resize=350%2C200 1x, https:\/\/i0.wp.com\/noticiasribeiraopreto.com.br\/wp-content\/uploads\/2025\/08\/ANA-PINK_2025-08-15_15-08-57.webp.webp?fit=1200%2C799&ssl=1&resize=525%2C300 1.5x, https:\/\/i0.wp.com\/noticiasribeiraopreto.com.br\/wp-content\/uploads\/2025\/08\/ANA-PINK_2025-08-15_15-08-57.webp.webp?fit=1200%2C799&ssl=1&resize=700%2C400 2x, https:\/\/i0.wp.com\/noticiasribeiraopreto.com.br\/wp-content\/uploads\/2025\/08\/ANA-PINK_2025-08-15_15-08-57.webp.webp?fit=1200%2C799&ssl=1&resize=1050%2C600 3x"},"classes":[]},{"id":75792,"url":"https:\/\/noticiasribeiraopreto.com.br\/index.php\/2025\/08\/15\/ana-pink-e-presa-novamente\/","url_meta":{"origin":75817,"position":3},"title":"Ana Pink \u00e9 presa novamente","author":"noticiasribeiraopreto.com.br","date":"15 de August de 2025","format":false,"excerpt":"Influenciadora trocou casa, em condom\u00ednio de alto luxo, por cela na Penitenci\u00e1ria Feminina de Ribeir\u00e3o Preto 15 de agosto de 2025 12:591 Compartilhar0 Por: Adalberto Luque A blogueira e influenciadora Ana Paula Ferreira, conhecida por Ana Pink, voltou a ser presa, no final da tarde desta quinta-feira (14). De acordo\u2026","rel":"","context":"In &quot;Not\u00edcias de Ribeir\u00e3o Preto-SP e Regi\u00e3o&quot;","block_context":{"text":"Not\u00edcias de Ribeir\u00e3o Preto-SP e Regi\u00e3o","link":"https:\/\/noticiasribeiraopreto.com.br\/index.php\/category\/noticias-de-ribeirao-preto-sp-e-regiao-ismael-colosi\/"},"img":{"alt_text":"","src":"https:\/\/i0.wp.com\/noticiasribeiraopreto.com.br\/wp-content\/uploads\/2025\/08\/15-ago-2025-anapinkemaik.jpg?fit=984%2C616&ssl=1&resize=350%2C200","width":350,"height":200,"srcset":"https:\/\/i0.wp.com\/noticiasribeiraopreto.com.br\/wp-content\/uploads\/2025\/08\/15-ago-2025-anapinkemaik.jpg?fit=984%2C616&ssl=1&resize=350%2C200 1x, https:\/\/i0.wp.com\/noticiasribeiraopreto.com.br\/wp-content\/uploads\/2025\/08\/15-ago-2025-anapinkemaik.jpg?fit=984%2C616&ssl=1&resize=525%2C300 1.5x, https:\/\/i0.wp.com\/noticiasribeiraopreto.com.br\/wp-content\/uploads\/2025\/08\/15-ago-2025-anapinkemaik.jpg?fit=984%2C616&ssl=1&resize=700%2C400 2x"},"classes":[]},{"id":76117,"url":"https:\/\/noticiasribeiraopreto.com.br\/index.php\/2025\/08\/22\/justica-nega-pedido-de-prisao-domiciliar-para-ana-pink\/","url_meta":{"origin":75817,"position":4},"title":"Justi\u00e7a nega pedido de pris\u00e3o domiciliar para Ana Pink","author":"noticiasribeiraopreto.com.br","date":"22 de August de 2025","format":false,"excerpt":"Influenciadora est\u00e1 presa desde 14 de agosto por ter descumprido regras de pris\u00e3o domiciliar 22 de agosto de 2025 12:303 Compartilhar0 Por: Adalberto Luque A Justi\u00e7a de Ribeir\u00e3o Preto negou o pedido para que Ana Pink volte a cumprir pris\u00e3o domiciliar. A blogueira e influenciadora digital Ana Paula Ferreira, conhecida\u2026","rel":"","context":"In &quot;Not\u00edcias de Ribeir\u00e3o Preto-SP e Regi\u00e3o&quot;","block_context":{"text":"Not\u00edcias de Ribeir\u00e3o Preto-SP e Regi\u00e3o","link":"https:\/\/noticiasribeiraopreto.com.br\/index.php\/category\/noticias-de-ribeirao-preto-sp-e-regiao-ismael-colosi\/"},"img":{"alt_text":"","src":"https:\/\/i0.wp.com\/noticiasribeiraopreto.com.br\/wp-content\/uploads\/2025\/08\/22-ago-2025-anapink1.jpg?fit=1068%2C711&ssl=1&resize=350%2C200","width":350,"height":200,"srcset":"https:\/\/i0.wp.com\/noticiasribeiraopreto.com.br\/wp-content\/uploads\/2025\/08\/22-ago-2025-anapink1.jpg?fit=1068%2C711&ssl=1&resize=350%2C200 1x, https:\/\/i0.wp.com\/noticiasribeiraopreto.com.br\/wp-content\/uploads\/2025\/08\/22-ago-2025-anapink1.jpg?fit=1068%2C711&ssl=1&resize=525%2C300 1.5x, https:\/\/i0.wp.com\/noticiasribeiraopreto.com.br\/wp-content\/uploads\/2025\/08\/22-ago-2025-anapink1.jpg?fit=1068%2C711&ssl=1&resize=700%2C400 2x, https:\/\/i0.wp.com\/noticiasribeiraopreto.com.br\/wp-content\/uploads\/2025\/08\/22-ago-2025-anapink1.jpg?fit=1068%2C711&ssl=1&resize=1050%2C600 3x"},"classes":[]},{"id":76295,"url":"https:\/\/noticiasribeiraopreto.com.br\/index.php\/2025\/08\/26\/bens-bloqueados-de-ana-pink-serao-leiloados\/","url_meta":{"origin":75817,"position":5},"title":"Bens bloqueados de Ana Pink ser\u00e3o leiloados","author":"noticiasribeiraopreto.com.br","date":"26 de August de 2025","format":false,"excerpt":"Por: Adalberto Luque O Tribunal de Justi\u00e7a de S\u00e3o Paulo (TJSP) determinou o leil\u00e3o de bens que pertencem \u00e0 influenciadora digital Ana Paula Ferreira, conhecida por Ana Pink. A lista de bens est\u00e1 avaliada em aproximadamente R$ 13 milh\u00f5es. De acordo com a Justi\u00e7a, os bens foram bloqueados para garantir\u2026","rel":"","context":"In &quot;Not\u00edcias de Ribeir\u00e3o Preto-SP e Regi\u00e3o&quot;","block_context":{"text":"Not\u00edcias de Ribeir\u00e3o Preto-SP e Regi\u00e3o","link":"https:\/\/noticiasribeiraopreto.com.br\/index.php\/category\/noticias-de-ribeirao-preto-sp-e-regiao-ismael-colosi\/"},"img":{"alt_text":"","src":"https:\/\/i0.wp.com\/noticiasribeiraopreto.com.br\/wp-content\/uploads\/2025\/08\/26-ago-2025-anapink2.jpg?fit=938%2C616&ssl=1&resize=350%2C200","width":350,"height":200,"srcset":"https:\/\/i0.wp.com\/noticiasribeiraopreto.com.br\/wp-content\/uploads\/2025\/08\/26-ago-2025-anapink2.jpg?fit=938%2C616&ssl=1&resize=350%2C200 1x, https:\/\/i0.wp.com\/noticiasribeiraopreto.com.br\/wp-content\/uploads\/2025\/08\/26-ago-2025-anapink2.jpg?fit=938%2C616&ssl=1&resize=525%2C300 1.5x, https:\/\/i0.wp.com\/noticiasribeiraopreto.com.br\/wp-content\/uploads\/2025\/08\/26-ago-2025-anapink2.jpg?fit=938%2C616&ssl=1&resize=700%2C400 2x"},"classes":[]}],"jetpack_sharing_enabled":true,"jetpack_shortlink":"https:\/\/wp.me\/peQAOb-jIR","_links":{"self":[{"href":"https:\/\/noticiasribeiraopreto.com.br\/index.php\/wp-json\/wp\/v2\/posts\/75817","targetHints":{"allow":["GET"]}}],"collection":[{"href":"https:\/\/noticiasribeiraopreto.com.br\/index.php\/wp-json\/wp\/v2\/posts"}],"about":[{"href":"https:\/\/noticiasribeiraopreto.com.br\/index.php\/wp-json\/wp\/v2\/types\/post"}],"author":[{"embeddable":true,"href":"https:\/\/noticiasribeiraopreto.com.br\/index.php\/wp-json\/wp\/v2\/users\/1"}],"replies":[{"embeddable":true,"href":"https:\/\/noticiasribeiraopreto.com.br\/index.php\/wp-json\/wp\/v2\/comments?post=75817"}],"version-history":[{"count":0,"href":"https:\/\/noticiasribeiraopreto.com.br\/index.php\/wp-json\/wp\/v2\/posts\/75817\/revisions"}],"wp:featuredmedia":[{"embeddable":true,"href":"https:\/\/noticiasribeiraopreto.com.br\/index.php\/wp-json\/wp\/v2\/media\/75818"}],"wp:attachment":[{"href":"https:\/\/noticiasribeiraopreto.com.br\/index.php\/wp-json\/wp\/v2\/media?parent=75817"}],"wp:term":[{"taxonomy":"category","embeddable":true,"href":"https:\/\/noticiasribeiraopreto.com.br\/index.php\/wp-json\/wp\/v2\/categories?post=75817"},{"taxonomy":"post_tag","embeddable":true,"href":"https:\/\/noticiasribeiraopreto.com.br\/index.php\/wp-json\/wp\/v2\/tags?post=75817"}],"curies":[{"name":"wp","href":"https:\/\/api.w.org\/{rel}","templated":true}]}}