{"id":75819,"date":"2025-08-15T21:36:51","date_gmt":"2025-08-16T00:36:51","guid":{"rendered":"https:\/\/noticiasribeiraopreto.com.br\/index.php\/2025\/08\/15\/veranico-no-interior-de-sp-temperaturas-podem-chegar-a-35-c\/"},"modified":"2025-08-15T21:36:51","modified_gmt":"2025-08-16T00:36:51","slug":"veranico-no-interior-de-sp-temperaturas-podem-chegar-a-35-c","status":"publish","type":"post","link":"https:\/\/noticiasribeiraopreto.com.br\/index.php\/2025\/08\/15\/veranico-no-interior-de-sp-temperaturas-podem-chegar-a-35-c\/","title":{"rendered":"Veranico no interior de SP: temperaturas podem chegar a 35\u202f\u00b0C"},"content":{"rendered":"<div class='code-block code-block-1' style='margin: 8px 0 8px auto; text-align: right; display: block; clear: both;'>\n<p><a href=\"https:\/\/wa.link\/vpicfd\"><img data-recalc-dims=\"1\" class=\"wp-image-4922\" style=\"aspect-ratio: 2.0253164556962027; width: 561px; height: auto;\" src=\"https:\/\/i0.wp.com\/ismaelcolosi.com.br\/wp-content\/uploads\/2023\/11\/grupo-de-empregos-whatsapp-e-facebook-ismael-colosi-vagas.jpg?ssl=1\" alt=\"\" \/><\/a><\/p>\n<!-- \/wp:image -->\n<\/div>\n<p> <br \/>\n<\/p>\n<div>\n<p>Ap\u00f3s um per\u00edodo de <strong>temperaturas mais baixas<\/strong>, o <strong>interior de S\u00e3o Paulo<\/strong> se prepara para enfrentar um novo <strong>veranico<\/strong>, com temperaturas muito acima da m\u00e9dia para o inverno, a partir da pr\u00f3xima quarta-feira (20).<\/p>\n<p>De acordo com a <strong><a href=\"https:\/\/www.climatempo.com.br\/\" data-type=\"link\" data-id=\"https:\/\/www.climatempo.com.br\/\" target=\"_blank\" rel=\"noreferrer noopener\">Climatempo<\/a><\/strong>, <mark style=\"background-color:#fcb900\" class=\"has-inline-color\">o per\u00edodo n\u00e3o ser\u00e1 classificado como onda de calor<\/mark>, no entanto, os term\u00f4metros podem registrar <strong>m\u00e1ximas <\/strong>entre<strong> 33\u00b0C<\/strong> e <strong>35\u00b0C<\/strong> at\u00e9 o dia 25 de agosto.<\/p>\n<figure class=\"wp-block-pullquote\">\n<blockquote>\n<p>Com o ar polar que avan\u00e7ou sobre o pa\u00eds se afastando nos pr\u00f3ximos dias e uma massa de ar seco ganhando for\u00e7a no Brasil Central, um bloqueio atmosf\u00e9rico se estabelece e muda a dire\u00e7\u00e3o de ventos no interior do pa\u00eds<\/p>\n<p><cite>Climatempo<\/cite><\/p><\/blockquote>\n<\/figure>\n<p>Embora o <strong>veranico <\/strong>chegue efetivamente na pr\u00f3xima quarta-feira, a partir desde final de semana ser\u00e1 poss\u00edvel sentir essa virada no tempo. <strong><mark style=\"background-color:#fcb900\" class=\"has-inline-color\">Em Ribeir\u00e3o Preto, por exemplo, a m\u00ednima prevista \u00e9 de 16\u00baC e a m\u00e1xima de 31\u00baC.<\/mark><\/strong><\/p>\n<div class=\"wp-block-image\">\n<figure class=\"aligncenter size-full is-resized\"><img data-recalc-dims=\"1\" decoding=\"async\" src=\"https:\/\/i0.wp.com\/cdn.media-acidadeon.com.br\/ribeiraopreto\/wp-content\/uploads\/sites\/3\/2023\/09\/dia_tem_1024x576_25012021065510.jpg?ssl=1\" alt=\"Per\u00edodo de veranico come\u00e7a na pr\u00f3xima semana - Foto: Denny Cesare\/ C\u00f3digo19.\" class=\"wp-image-53423\" style=\"width:654px\"\/><figcaption class=\"wp-element-caption\">Per\u00edodo de veranico come\u00e7a na pr\u00f3xima semana \u2013 Foto: Denny Cesare\/ C\u00f3digo19.<\/figcaption><\/figure>\n<\/div>\n<h2 class=\"wp-block-heading\"><strong>Temperaturas acima da m\u00e9dia<\/strong><\/h2>\n<p>Para ajudar a compreender melhor esse per\u00edodo de <strong>veranico<\/strong>, a <strong>Climatempo <\/strong>divulgou um mapa indicando as regi\u00f5es onde as <strong>temperaturas devem ficar mais elevadas<\/strong> (veja abaixo).<\/p>\n<p>Conforme explica\u00e7\u00e3o do servi\u00e7o de meteorologia, as <strong>\u00e1reas em vermelho<\/strong> ficam \u201cdentro do limiar de veranico e podem ter epis\u00f3dios de calor intenso durante o per\u00edodo, com <strong>temperaturas m\u00e1ximas cerca de 5\u202f\u00b0C ou mais acima<\/strong> da climatologia para o m\u00eas de agosto\u201d.<\/p>\n<p>J\u00e1 as <strong>regi\u00f5es em laranja<\/strong> ter\u00e3o um per\u00edodo mais quente, com m\u00ednimas e m\u00e1ximas variando, mas <strong>mantendo temperaturas cerca de 3 \u00b0C a 5 \u00b0C acima da m\u00e9dia<\/strong> para agosto.<\/p>\n<div class=\"wp-block-image\">\n<figure class=\"aligncenter size-large is-resized\"><img data-recalc-dims=\"1\" fetchpriority=\"high\" decoding=\"async\" width=\"1024\" height=\"576\" src=\"https:\/\/i0.wp.com\/cdn.media-acidadeon.com.br\/ribeiraopreto\/wp-content\/uploads\/sites\/3\/2025\/08\/WhatsApp-Image-2025-08-15-at-06.23.01_2025-08-15_10-04-02-1024x576.webp?resize=1024%2C576&#038;ssl=1\" alt=\"Veranico come\u00e7a na pr\u00f3xima quarta-feira\" class=\"wp-image-125899\" style=\"width:654px\" srcset=\"https:\/\/cdn.media-acidadeon.com.br\/ribeiraopreto\/wp-content\/uploads\/sites\/3\/2025\/08\/WhatsApp-Image-2025-08-15-at-06.23.01_2025-08-15_10-04-02-1024x576.webp 1024w, https:\/\/cdn.media-acidadeon.com.br\/ribeiraopreto\/wp-content\/uploads\/sites\/3\/2025\/08\/WhatsApp-Image-2025-08-15-at-06.23.01_2025-08-15_10-04-02-300x169.webp 300w, https:\/\/cdn.media-acidadeon.com.br\/ribeiraopreto\/wp-content\/uploads\/sites\/3\/2025\/08\/WhatsApp-Image-2025-08-15-at-06.23.01_2025-08-15_10-04-02-768x432.webp 768w, https:\/\/cdn.media-acidadeon.com.br\/ribeiraopreto\/wp-content\/uploads\/sites\/3\/2025\/08\/WhatsApp-Image-2025-08-15-at-06.23.01_2025-08-15_10-04-02-696x392.webp 696w, https:\/\/cdn.media-acidadeon.com.br\/ribeiraopreto\/wp-content\/uploads\/sites\/3\/2025\/08\/WhatsApp-Image-2025-08-15-at-06.23.01_2025-08-15_10-04-02-1068x601.webp 1068w, https:\/\/cdn.media-acidadeon.com.br\/ribeiraopreto\/wp-content\/uploads\/sites\/3\/2025\/08\/WhatsApp-Image-2025-08-15-at-06.23.01_2025-08-15_10-04-02.webp 1200w\" sizes=\"(max-width: 1024px) 100vw, 1024px\"\/><figcaption class=\"wp-element-caption\">Per\u00edodo com temperaturas acima da m\u00e9dia come\u00e7a na pr\u00f3xima quarta-feira (20) \u2013 Foto: Climatempo.<\/figcaption><\/figure>\n<\/div>\n<h2 class=\"wp-block-heading\"><strong>Quando volta a esfriar?<\/strong><\/h2>\n<p>Apesar das temperaturas ficarem acima da m\u00e9dia na pr\u00f3xima semana, a <strong>Climatempo <\/strong>afirma que o per\u00edodo<strong> ser\u00e1 curto<\/strong>. Al\u00e9m disso, a previs\u00e3o de uma <strong>forte massa de ar polar<\/strong> na virada de agosto para setembro <strong>est\u00e1 mantida<\/strong> pelos meteorologistas.<\/p>\n<hr class=\"wp-block-separator has-alpha-channel-opacity\"\/>\n<p>SAIBA MAIS<\/p>\n<p>Ribeir\u00e3o Preto amplia hor\u00e1rios de seis linhas de \u00f4nibus; Veja quais<\/p>\n<h2 class=\"wp-block-heading\"><strong>FIQUE ON\u00a0\u00a0\u00a0\u00a0\u00a0\u00a0\u00a0\u00a0\u00a0<\/strong><\/h2>\n<p>Quer ficar por dentro de tudo que acontece em Ribeir\u00e3o Preto e regi\u00e3o? Ent\u00e3o siga os perfis do\u202facidade on\u202fno\u202f<a href=\"https:\/\/www.instagram.com\/acidadeonribeirao\" target=\"_blank\" rel=\"noreferrer noopener\">Instagram<\/a>\u202fe no\u202f<a href=\"https:\/\/www.facebook.com\/acidadeonribeirao\/\" target=\"_blank\" rel=\"noreferrer noopener\">Facebook<\/a>.<\/p>\n<p>Al\u00e9m disso, voc\u00ea pode receber as principais not\u00edcias diretamente no WhatsApp. Para isso, basta\u00a0<a href=\"https:\/\/chat.whatsapp.com\/I4nieTEMKlf50pJ28aMemC?mode=ac_t\" target=\"_blank\" data-type=\"link\" data-id=\"https:\/\/chat.whatsapp.com\/I4nieTEMKlf50pJ28aMemC?mode=ac_t\" rel=\"noreferrer noopener\">entrar no grupo clicando aqui<\/a>.<\/p>\n<p>Por fim, se quiser fazer uma den\u00fancia ou sugerir uma reportagem sobre Ribeir\u00e3o Preto e regi\u00e3o, envie uma mensagem pelo WhatsApp: (16) 99117-7802.<\/p>\n<p>VEJA TAMB\u00c9M<\/p>\n<p>Cogumelos s\u00e3o nutritivos, mas sozinhos n\u00e3o d\u00e3o conta da prote\u00edna<\/p>\n<p><!-- AI CONTENT END 1 -->\n<\/div>\n<p><script async src=\"\/\/www.instagram.com\/embed.js\"><\/script><br \/>\n<br \/><br \/>\n<br \/><a href=\"https:\/\/www.acidadeon.com\/ribeiraopreto\/cotidiano\/veranico-no-interior-de-sp-temperaturas-podem-chegar-a-35-c\/\">Source link <\/a><\/p>\n<!-- CONTENT END 1 -->\n","protected":false},"excerpt":{"rendered":"<p>Ap\u00f3s um per\u00edodo de temperaturas mais baixas, o interior de S\u00e3o Paulo se prepara para enfrentar um novo veranico, com temperaturas muito acima da m\u00e9dia&#8230;<\/p>\n","protected":false},"author":1,"featured_media":75820,"comment_status":"open","ping_status":"open","sticky":false,"template":"","format":"standard","meta":{"advanced_seo_description":"","jetpack_seo_html_title":"","jetpack_seo_noindex":false,"jetpack_post_was_ever_published":false,"_jetpack_newsletter_access":"","_jetpack_dont_email_post_to_subs":false,"_jetpack_newsletter_tier_id":0,"_jetpack_memberships_contains_paywalled_content":false,"_jetpack_memberships_contains_paid_content":false,"footnotes":"","jetpack_publicize_message":"","jetpack_publicize_feature_enabled":true,"jetpack_social_post_already_shared":true,"jetpack_social_options":{"image_generator_settings":{"template":"highway","default_image_id":0,"font":"","enabled":false},"version":2}},"categories":[11],"tags":[],"class_list":["post-75819","post","type-post","status-publish","format-standard","has-post-thumbnail","hentry","category-noticias-de-ribeirao-preto-sp-e-regiao-ismael-colosi"],"jetpack_publicize_connections":[],"jetpack_featured_media_url":"https:\/\/i0.wp.com\/noticiasribeiraopreto.com.br\/wp-content\/uploads\/2025\/08\/WhatsApp-Image-2025-08-15-at-06.23.01_2025-08-15_10-04-02-1024x576.webp.webp?fit=1024%2C576&ssl=1","jetpack-related-posts":[{"id":52289,"url":"https:\/\/noticiasribeiraopreto.com.br\/index.php\/2024\/06\/05\/veranico-veja-ate-quando-vai-o-alerta-de-temperaturas-acima-da-media-no-interior-de-sp\/","url_meta":{"origin":75819,"position":0},"title":"Veranico: Veja at\u00e9 quando vai o alerta de temperaturas acima da m\u00e9dia no interior de SP","author":"noticiasribeiraopreto.com.br","date":"5 de June de 2024","format":false,"excerpt":"As temperaturas devem voltar a ficar acima da m\u00e9dia a partir desta quinta-feira (07), em todo o interior do estado de S\u00e3o Paulo, de acordo com o alerta emitido pela Climatempo. Esse cen\u00e1rio acontece devido a um bloqueio atmosf\u00e9rico que deve ficar centralizado sobre o estado nos pr\u00f3ximos dias. De\u2026","rel":"","context":"In &quot;Not\u00edcias de Ribeir\u00e3o Preto-SP e Regi\u00e3o&quot;","block_context":{"text":"Not\u00edcias de Ribeir\u00e3o Preto-SP e Regi\u00e3o","link":"https:\/\/noticiasribeiraopreto.com.br\/index.php\/category\/noticias-de-ribeirao-preto-sp-e-regiao-ismael-colosi\/"},"img":{"alt_text":"","src":"https:\/\/i0.wp.com\/noticiasribeiraopreto.com.br\/wp-content\/uploads\/2024\/06\/calor_fonte_1024x576_24012021151539.jpg?fit=1024%2C576&ssl=1&resize=350%2C200","width":350,"height":200,"srcset":"https:\/\/i0.wp.com\/noticiasribeiraopreto.com.br\/wp-content\/uploads\/2024\/06\/calor_fonte_1024x576_24012021151539.jpg?fit=1024%2C576&ssl=1&resize=350%2C200 1x, https:\/\/i0.wp.com\/noticiasribeiraopreto.com.br\/wp-content\/uploads\/2024\/06\/calor_fonte_1024x576_24012021151539.jpg?fit=1024%2C576&ssl=1&resize=525%2C300 1.5x, https:\/\/i0.wp.com\/noticiasribeiraopreto.com.br\/wp-content\/uploads\/2024\/06\/calor_fonte_1024x576_24012021151539.jpg?fit=1024%2C576&ssl=1&resize=700%2C400 2x"},"classes":[]},{"id":75772,"url":"https:\/\/noticiasribeiraopreto.com.br\/index.php\/2025\/08\/15\/vai-ter-onda-de-calor-veja-a-previsao-para-os-proximos-dias\/","url_meta":{"origin":75819,"position":1},"title":"Vai ter onda de calor? Veja a previs\u00e3o para os pr\u00f3ximos dias","author":"noticiasribeiraopreto.com.br","date":"15 de August de 2025","format":false,"excerpt":"A segunda quinzena de agosto tem previs\u00e3o da volta do calor ao interior do pa\u00eds, causado por um bloqueio atmosf\u00e9rico. O per\u00edodo de temperaturas acima da m\u00e9dia no inverno \u00e9 chamado de veranico e n\u00e3o ser\u00e1 considerado uma onda de calor, de acordo com a Climatempo. Veja o mapa abaixo.\u2026","rel":"","context":"In &quot;Not\u00edcias de Ribeir\u00e3o Preto-SP e Regi\u00e3o&quot;","block_context":{"text":"Not\u00edcias de Ribeir\u00e3o Preto-SP e Regi\u00e3o","link":"https:\/\/noticiasribeiraopreto.com.br\/index.php\/category\/noticias-de-ribeirao-preto-sp-e-regiao-ismael-colosi\/"},"img":{"alt_text":"","src":"https:\/\/i0.wp.com\/noticiasribeiraopreto.com.br\/wp-content\/uploads\/2025\/06\/WhatsApp-Image-2025-02-27-at-06.44.11_2025-02-27_09-58-35_jpeg_2025-02-27_09-58-36.webp.webp?fit=1200%2C540&ssl=1&resize=350%2C200","width":350,"height":200,"srcset":"https:\/\/i0.wp.com\/noticiasribeiraopreto.com.br\/wp-content\/uploads\/2025\/06\/WhatsApp-Image-2025-02-27-at-06.44.11_2025-02-27_09-58-35_jpeg_2025-02-27_09-58-36.webp.webp?fit=1200%2C540&ssl=1&resize=350%2C200 1x, https:\/\/i0.wp.com\/noticiasribeiraopreto.com.br\/wp-content\/uploads\/2025\/06\/WhatsApp-Image-2025-02-27-at-06.44.11_2025-02-27_09-58-35_jpeg_2025-02-27_09-58-36.webp.webp?fit=1200%2C540&ssl=1&resize=525%2C300 1.5x, https:\/\/i0.wp.com\/noticiasribeiraopreto.com.br\/wp-content\/uploads\/2025\/06\/WhatsApp-Image-2025-02-27-at-06.44.11_2025-02-27_09-58-35_jpeg_2025-02-27_09-58-36.webp.webp?fit=1200%2C540&ssl=1&resize=700%2C400 2x, https:\/\/i0.wp.com\/noticiasribeiraopreto.com.br\/wp-content\/uploads\/2025\/06\/WhatsApp-Image-2025-02-27-at-06.44.11_2025-02-27_09-58-35_jpeg_2025-02-27_09-58-36.webp.webp?fit=1200%2C540&ssl=1&resize=1050%2C600 3x"},"classes":[]},{"id":75981,"url":"https:\/\/noticiasribeiraopreto.com.br\/index.php\/2025\/08\/19\/veranico-interior-de-sp-pode-ter-calor-proximo-dos-40oc-em-pleno-inverno-veja-onde\/","url_meta":{"origin":75819,"position":2},"title":"Veranico: interior de SP pode ter calor pr\u00f3ximo dos 40\u00baC em pleno inverno; Veja onde","author":"noticiasribeiraopreto.com.br","date":"19 de August de 2025","format":false,"excerpt":"Ap\u00f3s a passagem de um ciclone extratropical, que gerou alerta de ventos fortes no interior de S\u00e3o Paulo, a regi\u00e3o deve se preparar para outro fen\u00f4meno que tamb\u00e9m exige aten\u00e7\u00e3o: o veranico. A partir desta quarta-feira (20), uma massa de ar seco associada a um bloqueio atmosf\u00e9rico favorecer\u00e1 dias de\u2026","rel":"","context":"In &quot;Not\u00edcias de Ribeir\u00e3o Preto-SP e Regi\u00e3o&quot;","block_context":{"text":"Not\u00edcias de Ribeir\u00e3o Preto-SP e Regi\u00e3o","link":"https:\/\/noticiasribeiraopreto.com.br\/index.php\/category\/noticias-de-ribeirao-preto-sp-e-regiao-ismael-colosi\/"},"img":{"alt_text":"","src":"https:\/\/i0.wp.com\/noticiasribeiraopreto.com.br\/wp-content\/uploads\/2025\/08\/WhatsApp-Image-2025-08-15-at-06.23.01_2025-08-15_10-04-02-1024x576.webp.webp?fit=1024%2C576&ssl=1&resize=350%2C200","width":350,"height":200,"srcset":"https:\/\/i0.wp.com\/noticiasribeiraopreto.com.br\/wp-content\/uploads\/2025\/08\/WhatsApp-Image-2025-08-15-at-06.23.01_2025-08-15_10-04-02-1024x576.webp.webp?fit=1024%2C576&ssl=1&resize=350%2C200 1x, https:\/\/i0.wp.com\/noticiasribeiraopreto.com.br\/wp-content\/uploads\/2025\/08\/WhatsApp-Image-2025-08-15-at-06.23.01_2025-08-15_10-04-02-1024x576.webp.webp?fit=1024%2C576&ssl=1&resize=525%2C300 1.5x, https:\/\/i0.wp.com\/noticiasribeiraopreto.com.br\/wp-content\/uploads\/2025\/08\/WhatsApp-Image-2025-08-15-at-06.23.01_2025-08-15_10-04-02-1024x576.webp.webp?fit=1024%2C576&ssl=1&resize=700%2C400 2x"},"classes":[]},{"id":76091,"url":"https:\/\/noticiasribeiraopreto.com.br\/index.php\/2025\/08\/21\/veranico-ja-tem-data-para-acabar-veja-previsao\/","url_meta":{"origin":75819,"position":3},"title":"Veranico j\u00e1 tem data para acabar? Veja previs\u00e3o","author":"noticiasribeiraopreto.com.br","date":"21 de August de 2025","format":false,"excerpt":"Os term\u00f4metros voltaram a subir no interior de S\u00e3o Paulo com o in\u00edcio de um novo veranico, per\u00edodo em que as temperaturas ficam acima da m\u00e9dia mesmo no inverno. Segundo os meteorologistas, uma massa de ar seco associada a um bloqueio atmosf\u00e9rico favorecer\u00e1 dias de calor intenso e baixa umidade.\u2026","rel":"","context":"In &quot;Not\u00edcias de Ribeir\u00e3o Preto-SP e Regi\u00e3o&quot;","block_context":{"text":"Not\u00edcias de Ribeir\u00e3o Preto-SP e Regi\u00e3o","link":"https:\/\/noticiasribeiraopreto.com.br\/index.php\/category\/noticias-de-ribeirao-preto-sp-e-regiao-ismael-colosi\/"},"img":{"alt_text":"","src":"https:\/\/i0.wp.com\/noticiasribeiraopreto.com.br\/wp-content\/uploads\/2025\/08\/calor-2_2024-10-08_20-08-44_jpeg_2024-10-08_20-08-44-1024x683.webp.webp?fit=1024%2C683&ssl=1&resize=350%2C200","width":350,"height":200,"srcset":"https:\/\/i0.wp.com\/noticiasribeiraopreto.com.br\/wp-content\/uploads\/2025\/08\/calor-2_2024-10-08_20-08-44_jpeg_2024-10-08_20-08-44-1024x683.webp.webp?fit=1024%2C683&ssl=1&resize=350%2C200 1x, https:\/\/i0.wp.com\/noticiasribeiraopreto.com.br\/wp-content\/uploads\/2025\/08\/calor-2_2024-10-08_20-08-44_jpeg_2024-10-08_20-08-44-1024x683.webp.webp?fit=1024%2C683&ssl=1&resize=525%2C300 1.5x, https:\/\/i0.wp.com\/noticiasribeiraopreto.com.br\/wp-content\/uploads\/2025\/08\/calor-2_2024-10-08_20-08-44_jpeg_2024-10-08_20-08-44-1024x683.webp.webp?fit=1024%2C683&ssl=1&resize=700%2C400 2x"},"classes":[]},{"id":69426,"url":"https:\/\/noticiasribeiraopreto.com.br\/index.php\/2025\/05\/06\/veranico-no-outono-entenda-o-bloqueio-que-causa-temperaturas-elevadas-no-interior-de-sp\/","url_meta":{"origin":75819,"position":4},"title":"Veranico no outono: Entenda o bloqueio que causa temperaturas elevadas no interior de SP","author":"noticiasribeiraopreto.com.br","date":"6 de May de 2025","format":false,"excerpt":"Um bloqueio atmosf\u00e9rico dificulta o deslocamento normal das frentes frias para o Sudeste, reduz a umidade do ar e diminui as condi\u00e7\u00f5es de chuva nesta semana. Segundo a Climatempo, as temperaturas ter\u00e3o uma grande eleva\u00e7\u00e3o nos pr\u00f3ximos dias. No interior de S\u00e3o Paulo, a previs\u00e3o aponta entre 3\u00b0C a 5\u00b0C\u2026","rel":"","context":"In &quot;Not\u00edcias de Ribeir\u00e3o Preto-SP e Regi\u00e3o&quot;","block_context":{"text":"Not\u00edcias de Ribeir\u00e3o Preto-SP e Regi\u00e3o","link":"https:\/\/noticiasribeiraopreto.com.br\/index.php\/category\/noticias-de-ribeirao-preto-sp-e-regiao-ismael-colosi\/"},"img":{"alt_text":"","src":"https:\/\/i0.wp.com\/noticiasribeiraopreto.com.br\/wp-content\/uploads\/2024\/09\/Imagem-do-WhatsApp-de-2024-09-05-as-12.42.28_b99b5e7f_2024-09-05_15-43-27_jpg_2024-09-05_15-43-28-scaled.webp.webp?fit=1200%2C494&ssl=1&resize=350%2C200","width":350,"height":200,"srcset":"https:\/\/i0.wp.com\/noticiasribeiraopreto.com.br\/wp-content\/uploads\/2024\/09\/Imagem-do-WhatsApp-de-2024-09-05-as-12.42.28_b99b5e7f_2024-09-05_15-43-27_jpg_2024-09-05_15-43-28-scaled.webp.webp?fit=1200%2C494&ssl=1&resize=350%2C200 1x, https:\/\/i0.wp.com\/noticiasribeiraopreto.com.br\/wp-content\/uploads\/2024\/09\/Imagem-do-WhatsApp-de-2024-09-05-as-12.42.28_b99b5e7f_2024-09-05_15-43-27_jpg_2024-09-05_15-43-28-scaled.webp.webp?fit=1200%2C494&ssl=1&resize=525%2C300 1.5x, https:\/\/i0.wp.com\/noticiasribeiraopreto.com.br\/wp-content\/uploads\/2024\/09\/Imagem-do-WhatsApp-de-2024-09-05-as-12.42.28_b99b5e7f_2024-09-05_15-43-27_jpg_2024-09-05_15-43-28-scaled.webp.webp?fit=1200%2C494&ssl=1&resize=700%2C400 2x, https:\/\/i0.wp.com\/noticiasribeiraopreto.com.br\/wp-content\/uploads\/2024\/09\/Imagem-do-WhatsApp-de-2024-09-05-as-12.42.28_b99b5e7f_2024-09-05_15-43-27_jpg_2024-09-05_15-43-28-scaled.webp.webp?fit=1200%2C494&ssl=1&resize=1050%2C600 3x"},"classes":[]},{"id":75874,"url":"https:\/\/noticiasribeiraopreto.com.br\/index.php\/2025\/08\/17\/domingo-sera-de-sol-e-calor-em-ribeirao-preto-veranico-chega-nesta-semana\/","url_meta":{"origin":75819,"position":5},"title":"Domingo ser\u00e1 de sol e calor em Ribeir\u00e3o Preto; Veranico chega nesta semana","author":"noticiasribeiraopreto.com.br","date":"17 de August de 2025","format":false,"excerpt":"O domingo (17) em Ribeir\u00e3o Preto ser\u00e1 ensolarado, com poucas nuvens e sem previs\u00e3o de chuva. Apesar da m\u00ednima de 16 \u00b0C, as temperaturas devem subir ao longo do dia e alcan\u00e7ar os 31 \u00b0C durante a tarde, segundo a Climatempo. A umidade relativa do ar varia entre 25% e\u2026","rel":"","context":"In &quot;Not\u00edcias de Ribeir\u00e3o Preto-SP e Regi\u00e3o&quot;","block_context":{"text":"Not\u00edcias de Ribeir\u00e3o Preto-SP e Regi\u00e3o","link":"https:\/\/noticiasribeiraopreto.com.br\/index.php\/category\/noticias-de-ribeirao-preto-sp-e-regiao-ismael-colosi\/"},"img":{"alt_text":"","src":"https:\/\/i0.wp.com\/noticiasribeiraopreto.com.br\/wp-content\/uploads\/2025\/08\/Imagem-do-WhatsApp-de-2025-08-10-as-09.21.15_9b79cfee_2025-08-10_12-29-12.webp.webp?fit=1200%2C675&ssl=1&resize=350%2C200","width":350,"height":200,"srcset":"https:\/\/i0.wp.com\/noticiasribeiraopreto.com.br\/wp-content\/uploads\/2025\/08\/Imagem-do-WhatsApp-de-2025-08-10-as-09.21.15_9b79cfee_2025-08-10_12-29-12.webp.webp?fit=1200%2C675&ssl=1&resize=350%2C200 1x, https:\/\/i0.wp.com\/noticiasribeiraopreto.com.br\/wp-content\/uploads\/2025\/08\/Imagem-do-WhatsApp-de-2025-08-10-as-09.21.15_9b79cfee_2025-08-10_12-29-12.webp.webp?fit=1200%2C675&ssl=1&resize=525%2C300 1.5x, https:\/\/i0.wp.com\/noticiasribeiraopreto.com.br\/wp-content\/uploads\/2025\/08\/Imagem-do-WhatsApp-de-2025-08-10-as-09.21.15_9b79cfee_2025-08-10_12-29-12.webp.webp?fit=1200%2C675&ssl=1&resize=700%2C400 2x, https:\/\/i0.wp.com\/noticiasribeiraopreto.com.br\/wp-content\/uploads\/2025\/08\/Imagem-do-WhatsApp-de-2025-08-10-as-09.21.15_9b79cfee_2025-08-10_12-29-12.webp.webp?fit=1200%2C675&ssl=1&resize=1050%2C600 3x"},"classes":[]}],"jetpack_sharing_enabled":true,"jetpack_shortlink":"https:\/\/wp.me\/peQAOb-jIT","_links":{"self":[{"href":"https:\/\/noticiasribeiraopreto.com.br\/index.php\/wp-json\/wp\/v2\/posts\/75819","targetHints":{"allow":["GET"]}}],"collection":[{"href":"https:\/\/noticiasribeiraopreto.com.br\/index.php\/wp-json\/wp\/v2\/posts"}],"about":[{"href":"https:\/\/noticiasribeiraopreto.com.br\/index.php\/wp-json\/wp\/v2\/types\/post"}],"author":[{"embeddable":true,"href":"https:\/\/noticiasribeiraopreto.com.br\/index.php\/wp-json\/wp\/v2\/users\/1"}],"replies":[{"embeddable":true,"href":"https:\/\/noticiasribeiraopreto.com.br\/index.php\/wp-json\/wp\/v2\/comments?post=75819"}],"version-history":[{"count":0,"href":"https:\/\/noticiasribeiraopreto.com.br\/index.php\/wp-json\/wp\/v2\/posts\/75819\/revisions"}],"wp:featuredmedia":[{"embeddable":true,"href":"https:\/\/noticiasribeiraopreto.com.br\/index.php\/wp-json\/wp\/v2\/media\/75820"}],"wp:attachment":[{"href":"https:\/\/noticiasribeiraopreto.com.br\/index.php\/wp-json\/wp\/v2\/media?parent=75819"}],"wp:term":[{"taxonomy":"category","embeddable":true,"href":"https:\/\/noticiasribeiraopreto.com.br\/index.php\/wp-json\/wp\/v2\/categories?post=75819"},{"taxonomy":"post_tag","embeddable":true,"href":"https:\/\/noticiasribeiraopreto.com.br\/index.php\/wp-json\/wp\/v2\/tags?post=75819"}],"curies":[{"name":"wp","href":"https:\/\/api.w.org\/{rel}","templated":true}]}}