{"id":75825,"date":"2025-08-16T10:41:05","date_gmt":"2025-08-16T13:41:05","guid":{"rendered":"https:\/\/noticiasribeiraopreto.com.br\/index.php\/2025\/08\/16\/carreta-tomba-e-espalha-cana-de-acucar-por-rodovia-na-regiao-de-ribeirao-preto\/"},"modified":"2025-08-16T10:41:05","modified_gmt":"2025-08-16T13:41:05","slug":"carreta-tomba-e-espalha-cana-de-acucar-por-rodovia-na-regiao-de-ribeirao-preto","status":"publish","type":"post","link":"https:\/\/noticiasribeiraopreto.com.br\/index.php\/2025\/08\/16\/carreta-tomba-e-espalha-cana-de-acucar-por-rodovia-na-regiao-de-ribeirao-preto\/","title":{"rendered":"Carreta tomba e espalha cana-de-a\u00e7\u00facar por rodovia na regi\u00e3o de Ribeir\u00e3o Preto"},"content":{"rendered":"<div class='code-block code-block-1' style='margin: 8px 0 8px auto; text-align: right; display: block; clear: both;'>\n<p><a href=\"https:\/\/wa.link\/vpicfd\"><img data-recalc-dims=\"1\" class=\"wp-image-4922\" style=\"aspect-ratio: 2.0253164556962027; width: 561px; height: auto;\" src=\"https:\/\/i0.wp.com\/ismaelcolosi.com.br\/wp-content\/uploads\/2023\/11\/grupo-de-empregos-whatsapp-e-facebook-ismael-colosi-vagas.jpg?ssl=1\" alt=\"\" \/><\/a><\/p>\n<!-- \/wp:image -->\n<\/div>\n<p> <br \/>\n<\/p>\n<div data-td-block-uid=\"tdi_95\">\n<div class=\"tdb-block-inner td-fix-index\">\n<p>Uma carreta carregada de cana-de-a\u00e7\u00facar tombou na <strong>rodovia Armando de Salles Oliveira (SP-322)<\/strong>, em <strong>Pontal<\/strong>, na madrugada deste s\u00e1bado (16). Segundo a<a href=\"https:\/\/cci.artesp.sp.gov.br\/oc16075\" data-type=\"link\" data-id=\"https:\/\/cci.artesp.sp.gov.br\/oc16075\" target=\"_blank\" rel=\"noopener\"> Artesp<\/a>, uma pessoa foi socorrida com ferimentos moderados.<\/p>\n<p>O acidente aconteceu por volta das 5h da manh\u00e3 na altura do quil\u00f4metro 352 + 615 metros. A carreta seguia no sentido leste da rodovia (Pontal\/Ribeir\u00e3o Preto), mas quando tombo, por motivos ainda desconhecidos, espalhou cana nas duas pistas e pelo canteiro central.<\/p>\n<p>O local foi sinalizado pela concession\u00e1ria Entrevias e a usina respons\u00e1vel pela carga enviou uma retroescavadeira para recolher a cana. \u00c0s 7h20, o caminh\u00e3o j\u00e1 tinha sido retirado do local.<\/p>\n<p><mark style=\"background-color:#fcb900\" class=\"has-inline-color has-black-color\">A Entrevias disse que \u00e0s 9h<\/mark>, a pista leste j\u00e1 estava 100% liberada e que o outro sentido seria liberado em seguida, pois a limpeza estava em fase final. Durante a limpeza, o tr\u00e2nsito flu\u00eda pelo acostamento (com informa\u00e7\u00f5es <strong>EPTV<\/strong>).<\/p>\n<p><!-- AI CONTENT END 1 -->\n<\/div>\n<\/div>\n<p><br \/>\n<br \/><a href=\"https:\/\/www.acidadeon.com\/ribeiraopreto\/cotidiano\/carreta-tomba-e-espalha-cana-de-acucar-por-rodovia-na-regiao-de-ribeirao-preto\/\">Source link <\/a><\/p>\n<!-- CONTENT END 1 -->\n","protected":false},"excerpt":{"rendered":"<p>Uma carreta carregada de cana-de-a\u00e7\u00facar tombou na rodovia Armando de Salles Oliveira (SP-322), em Pontal, na madrugada deste s\u00e1bado (16). Segundo a Artesp, uma pessoa&#8230;<\/p>\n","protected":false},"author":1,"featured_media":75826,"comment_status":"open","ping_status":"open","sticky":false,"template":"","format":"standard","meta":{"advanced_seo_description":"","jetpack_seo_html_title":"","jetpack_seo_noindex":false,"jetpack_post_was_ever_published":false,"_jetpack_newsletter_access":"","_jetpack_dont_email_post_to_subs":false,"_jetpack_newsletter_tier_id":0,"_jetpack_memberships_contains_paywalled_content":false,"_jetpack_memberships_contains_paid_content":false,"footnotes":"","jetpack_publicize_message":"","jetpack_publicize_feature_enabled":true,"jetpack_social_post_already_shared":true,"jetpack_social_options":{"image_generator_settings":{"template":"highway","default_image_id":0,"font":"","enabled":false},"version":2}},"categories":[11],"tags":[],"class_list":["post-75825","post","type-post","status-publish","format-standard","has-post-thumbnail","hentry","category-noticias-de-ribeirao-preto-sp-e-regiao-ismael-colosi"],"jetpack_publicize_connections":[],"jetpack_featured_media_url":"https:\/\/i0.wp.com\/noticiasribeiraopreto.com.br\/wp-content\/uploads\/2025\/08\/carga-de-cana_2025-08-16_13-34-20.webp.webp?fit=1200%2C675&ssl=1","jetpack-related-posts":[{"id":73897,"url":"https:\/\/noticiasribeiraopreto.com.br\/index.php\/2025\/07\/11\/carreta-carregada-com-etanol-tomba-deixa-uma-vitima-e-interdita-rodovia-totalmente\/","url_meta":{"origin":75825,"position":0},"title":"Carreta carregada com etanol tomba, deixa uma v\u00edtima e interdita rodovia totalmente","author":"noticiasribeiraopreto.com.br","date":"11 de July de 2025","format":false,"excerpt":"Uma carreta que transportava etanol tombou no in\u00edcio da tarde desta sexta-feira (11), na rodovia Maur\u00edlio Biagi, em Pontal, na regi\u00e3o de Ribeir\u00e3o Preto. O acidente ocorreu no sentido sul da via, ap\u00f3s o motorista tentar acessar o dispositivo de retorno e perder o controle da dire\u00e7\u00e3o. Com o tombamento,\u2026","rel":"","context":"In &quot;Not\u00edcias de Ribeir\u00e3o Preto-SP e Regi\u00e3o&quot;","block_context":{"text":"Not\u00edcias de Ribeir\u00e3o Preto-SP e Regi\u00e3o","link":"https:\/\/noticiasribeiraopreto.com.br\/index.php\/category\/noticias-de-ribeirao-preto-sp-e-regiao-ismael-colosi\/"},"img":{"alt_text":"","src":"https:\/\/i0.wp.com\/noticiasribeiraopreto.com.br\/wp-content\/uploads\/2025\/07\/Copia-de-Copia-de-Copia-de-TAMANHO-EXATO-PARA-FOTOS-NO-SISTEMA-NOVO-2025-07-11T145809.846_2025-07-11_17-58-21.webp.webp?fit=1200%2C675&ssl=1&resize=350%2C200","width":350,"height":200,"srcset":"https:\/\/i0.wp.com\/noticiasribeiraopreto.com.br\/wp-content\/uploads\/2025\/07\/Copia-de-Copia-de-Copia-de-TAMANHO-EXATO-PARA-FOTOS-NO-SISTEMA-NOVO-2025-07-11T145809.846_2025-07-11_17-58-21.webp.webp?fit=1200%2C675&ssl=1&resize=350%2C200 1x, https:\/\/i0.wp.com\/noticiasribeiraopreto.com.br\/wp-content\/uploads\/2025\/07\/Copia-de-Copia-de-Copia-de-TAMANHO-EXATO-PARA-FOTOS-NO-SISTEMA-NOVO-2025-07-11T145809.846_2025-07-11_17-58-21.webp.webp?fit=1200%2C675&ssl=1&resize=525%2C300 1.5x, https:\/\/i0.wp.com\/noticiasribeiraopreto.com.br\/wp-content\/uploads\/2025\/07\/Copia-de-Copia-de-Copia-de-TAMANHO-EXATO-PARA-FOTOS-NO-SISTEMA-NOVO-2025-07-11T145809.846_2025-07-11_17-58-21.webp.webp?fit=1200%2C675&ssl=1&resize=700%2C400 2x, https:\/\/i0.wp.com\/noticiasribeiraopreto.com.br\/wp-content\/uploads\/2025\/07\/Copia-de-Copia-de-Copia-de-TAMANHO-EXATO-PARA-FOTOS-NO-SISTEMA-NOVO-2025-07-11T145809.846_2025-07-11_17-58-21.webp.webp?fit=1200%2C675&ssl=1&resize=1050%2C600 3x"},"classes":[]},{"id":56568,"url":"https:\/\/noticiasribeiraopreto.com.br\/index.php\/2024\/08\/14\/apos-mais-de-6-horas-carreta-continua-tombada-no-anel-viario-sul-em-ribeirao-preto\/","url_meta":{"origin":75825,"position":1},"title":"Ap\u00f3s mais de 6 horas, carreta continua tombada no Anel Vi\u00e1rio Sul em Ribeir\u00e3o Preto","author":"noticiasribeiraopreto.com.br","date":"14 de August de 2024","format":false,"excerpt":"O caminh\u00e3o carregado com cana-de-a\u00e7\u00facar que tombou na manh\u00e3 desta quarta-(14), no Anel Vi\u00e1rio Sul de Ribeir\u00e3o Preto, virou um desafio para as equipes da concession\u00e1ria que administram o trecho. A carreta est\u00e1 carregada com 60 toneladas, tombou na al\u00e7a de acesso que liga a rodovia Ant\u00f4nio Machado Santana (SP-255)\u2026","rel":"","context":"In &quot;Not\u00edcias de Ribeir\u00e3o Preto-SP e Regi\u00e3o&quot;","block_context":{"text":"Not\u00edcias de Ribeir\u00e3o Preto-SP e Regi\u00e3o","link":"https:\/\/noticiasribeiraopreto.com.br\/index.php\/category\/noticias-de-ribeirao-preto-sp-e-regiao-ismael-colosi\/"},"img":{"alt_text":"","src":"https:\/\/i0.wp.com\/noticiasribeiraopreto.com.br\/wp-content\/uploads\/2024\/08\/Copia-de-Copia-de-Copia-de-TAMANHO-EXATO-PARA-FOTOS-NO-SISTEMA-NOVO-3_2024-08-14_22-22-59_png_2024-08-14_22-22-59.webp.webp?fit=1200%2C675&ssl=1&resize=350%2C200","width":350,"height":200,"srcset":"https:\/\/i0.wp.com\/noticiasribeiraopreto.com.br\/wp-content\/uploads\/2024\/08\/Copia-de-Copia-de-Copia-de-TAMANHO-EXATO-PARA-FOTOS-NO-SISTEMA-NOVO-3_2024-08-14_22-22-59_png_2024-08-14_22-22-59.webp.webp?fit=1200%2C675&ssl=1&resize=350%2C200 1x, https:\/\/i0.wp.com\/noticiasribeiraopreto.com.br\/wp-content\/uploads\/2024\/08\/Copia-de-Copia-de-Copia-de-TAMANHO-EXATO-PARA-FOTOS-NO-SISTEMA-NOVO-3_2024-08-14_22-22-59_png_2024-08-14_22-22-59.webp.webp?fit=1200%2C675&ssl=1&resize=525%2C300 1.5x, https:\/\/i0.wp.com\/noticiasribeiraopreto.com.br\/wp-content\/uploads\/2024\/08\/Copia-de-Copia-de-Copia-de-TAMANHO-EXATO-PARA-FOTOS-NO-SISTEMA-NOVO-3_2024-08-14_22-22-59_png_2024-08-14_22-22-59.webp.webp?fit=1200%2C675&ssl=1&resize=700%2C400 2x, https:\/\/i0.wp.com\/noticiasribeiraopreto.com.br\/wp-content\/uploads\/2024\/08\/Copia-de-Copia-de-Copia-de-TAMANHO-EXATO-PARA-FOTOS-NO-SISTEMA-NOVO-3_2024-08-14_22-22-59_png_2024-08-14_22-22-59.webp.webp?fit=1200%2C675&ssl=1&resize=1050%2C600 3x"},"classes":[]},{"id":76041,"url":"https:\/\/noticiasribeiraopreto.com.br\/index.php\/2025\/08\/21\/carreta-se-solta-de-caminhao-canavieiro-e-tomba-em-alca-do-trevao\/","url_meta":{"origin":75825,"position":2},"title":"Carreta se solta de caminh\u00e3o canavieiro e tomba em al\u00e7a do Trev\u00e3o","author":"noticiasribeiraopreto.com.br","date":"21 de August de 2025","format":false,"excerpt":"Uma carreta se desprendeu de um caminh\u00e3o canavieiro e tombou em uma al\u00e7a de acesso do Trev\u00e3o nesta quinta-feira (21), na zona Leste de Ribeir\u00e3o Preto. Segundo informa\u00e7\u00f5es, a carreta bloqueia a pista para quem segue em dire\u00e7\u00e3o ao Anel Vi\u00e1rio Sul e \u00e0 rodovia Ant\u00f4nio Machado Sant\u2019Anna (SP-255). Parte\u2026","rel":"","context":"In &quot;Not\u00edcias de Ribeir\u00e3o Preto-SP e Regi\u00e3o&quot;","block_context":{"text":"Not\u00edcias de Ribeir\u00e3o Preto-SP e Regi\u00e3o","link":"https:\/\/noticiasribeiraopreto.com.br\/index.php\/category\/noticias-de-ribeirao-preto-sp-e-regiao-ismael-colosi\/"},"img":{"alt_text":"","src":"https:\/\/i0.wp.com\/noticiasribeiraopreto.com.br\/wp-content\/uploads\/2025\/08\/WhatsApp-Image-2025-08-21-at-07.39.44_2025-08-21_11-00-19.webp.webp?fit=1200%2C900&ssl=1&resize=350%2C200","width":350,"height":200,"srcset":"https:\/\/i0.wp.com\/noticiasribeiraopreto.com.br\/wp-content\/uploads\/2025\/08\/WhatsApp-Image-2025-08-21-at-07.39.44_2025-08-21_11-00-19.webp.webp?fit=1200%2C900&ssl=1&resize=350%2C200 1x, https:\/\/i0.wp.com\/noticiasribeiraopreto.com.br\/wp-content\/uploads\/2025\/08\/WhatsApp-Image-2025-08-21-at-07.39.44_2025-08-21_11-00-19.webp.webp?fit=1200%2C900&ssl=1&resize=525%2C300 1.5x, https:\/\/i0.wp.com\/noticiasribeiraopreto.com.br\/wp-content\/uploads\/2025\/08\/WhatsApp-Image-2025-08-21-at-07.39.44_2025-08-21_11-00-19.webp.webp?fit=1200%2C900&ssl=1&resize=700%2C400 2x, https:\/\/i0.wp.com\/noticiasribeiraopreto.com.br\/wp-content\/uploads\/2025\/08\/WhatsApp-Image-2025-08-21-at-07.39.44_2025-08-21_11-00-19.webp.webp?fit=1200%2C900&ssl=1&resize=1050%2C600 3x"},"classes":[]},{"id":84354,"url":"https:\/\/noticiasribeiraopreto.com.br\/index.php\/2026\/04\/08\/acidente-envolve-carreta-na-anhanguera-na-regiao-de-ribeirao-preto\/","url_meta":{"origin":75825,"position":3},"title":"Acidente envolve carreta na Anhanguera na regi\u00e3o de Ribeir\u00e3o Preto","author":"noticiasribeiraopreto.com.br","date":"8 de April de 2026","format":false,"excerpt":"Ler o resumo da not\u00edcia Acidente envolvendo uma carreta ocorreu na rodovia Anhanguera (SP-330), em Orl\u00e2ndia, a 50 km de Ribeir\u00e3o Preto, nesta quarta-feira (8). A carreta com um cont\u00eainer tombou na pista sentido norte (interior), e equipes da concession\u00e1ria Entrevias atuam no local. A rodovia ficou interdida por uma\u2026","rel":"","context":"In &quot;Not\u00edcias de Ribeir\u00e3o Preto-SP e Regi\u00e3o&quot;","block_context":{"text":"Not\u00edcias de Ribeir\u00e3o Preto-SP e Regi\u00e3o","link":"https:\/\/noticiasribeiraopreto.com.br\/index.php\/category\/noticias-de-ribeirao-preto-sp-e-regiao-ismael-colosi\/"},"img":{"alt_text":"","src":"https:\/\/i0.wp.com\/noticiasribeiraopreto.com.br\/wp-content\/uploads\/2026\/04\/WhatsApp-Image-2026-04-08-at-07.52.54_2026-04-08_11-04-57.webp.webp?fit=1200%2C900&ssl=1&resize=350%2C200","width":350,"height":200,"srcset":"https:\/\/i0.wp.com\/noticiasribeiraopreto.com.br\/wp-content\/uploads\/2026\/04\/WhatsApp-Image-2026-04-08-at-07.52.54_2026-04-08_11-04-57.webp.webp?fit=1200%2C900&ssl=1&resize=350%2C200 1x, https:\/\/i0.wp.com\/noticiasribeiraopreto.com.br\/wp-content\/uploads\/2026\/04\/WhatsApp-Image-2026-04-08-at-07.52.54_2026-04-08_11-04-57.webp.webp?fit=1200%2C900&ssl=1&resize=525%2C300 1.5x, https:\/\/i0.wp.com\/noticiasribeiraopreto.com.br\/wp-content\/uploads\/2026\/04\/WhatsApp-Image-2026-04-08-at-07.52.54_2026-04-08_11-04-57.webp.webp?fit=1200%2C900&ssl=1&resize=700%2C400 2x, https:\/\/i0.wp.com\/noticiasribeiraopreto.com.br\/wp-content\/uploads\/2026\/04\/WhatsApp-Image-2026-04-08-at-07.52.54_2026-04-08_11-04-57.webp.webp?fit=1200%2C900&ssl=1&resize=1050%2C600 3x"},"classes":[]},{"id":75380,"url":"https:\/\/noticiasribeiraopreto.com.br\/index.php\/2025\/08\/07\/acidente-entre-carretas-provoca-incendio-e-interdita-rodovia-anhanguera-veja-video\/","url_meta":{"origin":75825,"position":4},"title":"Acidente entre carretas provoca inc\u00eandio e interdita rodovia Anhanguera; veja v\u00eddeo","author":"noticiasribeiraopreto.com.br","date":"7 de August de 2025","format":false,"excerpt":"Um acidente envolvendo duas carretas provocou um inc\u00eandio e interditou a rodovia Anhanguera (SP-330), em S\u00e3o Joaquim da Barra, na regi\u00e3o de Ribeir\u00e3o Preto, na tarde desta quinta-feira (7). A informa\u00e7\u00e3o foi confirmada pela Entrevias Concession\u00e1ria de Rodovias. Segundo a concession\u00e1ria, o acidente causou fogo na pista, e equipes da\u2026","rel":"","context":"In &quot;Not\u00edcias de Ribeir\u00e3o Preto-SP e Regi\u00e3o&quot;","block_context":{"text":"Not\u00edcias de Ribeir\u00e3o Preto-SP e Regi\u00e3o","link":"https:\/\/noticiasribeiraopreto.com.br\/index.php\/category\/noticias-de-ribeirao-preto-sp-e-regiao-ismael-colosi\/"},"img":{"alt_text":"","src":"https:\/\/i0.wp.com\/noticiasribeiraopreto.com.br\/wp-content\/uploads\/2025\/08\/Copia-de-Copia-de-Copia-de-TAMANHO-EXATO-PARA-FOTOS-NO-SISTEMA-NOVO-2025-08-07T170209.791_2025-08-07_20-02-33.webp.webp?fit=1200%2C675&ssl=1&resize=350%2C200","width":350,"height":200,"srcset":"https:\/\/i0.wp.com\/noticiasribeiraopreto.com.br\/wp-content\/uploads\/2025\/08\/Copia-de-Copia-de-Copia-de-TAMANHO-EXATO-PARA-FOTOS-NO-SISTEMA-NOVO-2025-08-07T170209.791_2025-08-07_20-02-33.webp.webp?fit=1200%2C675&ssl=1&resize=350%2C200 1x, https:\/\/i0.wp.com\/noticiasribeiraopreto.com.br\/wp-content\/uploads\/2025\/08\/Copia-de-Copia-de-Copia-de-TAMANHO-EXATO-PARA-FOTOS-NO-SISTEMA-NOVO-2025-08-07T170209.791_2025-08-07_20-02-33.webp.webp?fit=1200%2C675&ssl=1&resize=525%2C300 1.5x, https:\/\/i0.wp.com\/noticiasribeiraopreto.com.br\/wp-content\/uploads\/2025\/08\/Copia-de-Copia-de-Copia-de-TAMANHO-EXATO-PARA-FOTOS-NO-SISTEMA-NOVO-2025-08-07T170209.791_2025-08-07_20-02-33.webp.webp?fit=1200%2C675&ssl=1&resize=700%2C400 2x, https:\/\/i0.wp.com\/noticiasribeiraopreto.com.br\/wp-content\/uploads\/2025\/08\/Copia-de-Copia-de-Copia-de-TAMANHO-EXATO-PARA-FOTOS-NO-SISTEMA-NOVO-2025-08-07T170209.791_2025-08-07_20-02-33.webp.webp?fit=1200%2C675&ssl=1&resize=1050%2C600 3x"},"classes":[]},{"id":51259,"url":"https:\/\/noticiasribeiraopreto.com.br\/index.php\/2024\/05\/24\/carreta-carregada-com-combustivel-tomba-e-interdita-rodovia-na-regiao-de-ribeirao-preto\/","url_meta":{"origin":75825,"position":5},"title":"Carreta carregada com combust\u00edvel tomba e interdita rodovia na regi\u00e3o de Ribeir\u00e3o Preto","author":"noticiasribeiraopreto.com.br","date":"24 de May de 2024","format":false,"excerpt":"Uma carreta carregada com diesel tombou na tarde desta sexta-feira (24), na rodovia Anhanguera (SP-330), pr\u00f3ximo ao quil\u00f4metro 340, em Jardin\u00f3polis, cidade na regi\u00e3o de Ribeir\u00e3o Preto. De acordo com as informa\u00e7\u00f5es, o combust\u00edvel vazou e est\u00e1 espalhado pela pista. A Entrevias, concession\u00e1ria que administra o trecho, informou que foi\u2026","rel":"","context":"In &quot;Not\u00edcias de Ribeir\u00e3o Preto-SP e Regi\u00e3o&quot;","block_context":{"text":"Not\u00edcias de Ribeir\u00e3o Preto-SP e Regi\u00e3o","link":"https:\/\/noticiasribeiraopreto.com.br\/index.php\/category\/noticias-de-ribeirao-preto-sp-e-regiao-ismael-colosi\/"},"img":{"alt_text":"","src":"https:\/\/i0.wp.com\/noticiasribeiraopreto.com.br\/wp-content\/uploads\/2024\/05\/Copia-de-Copia-de-TAMANHO-EXATO-PARA-FOTOS-NO-SISTEMA-NOVO-53_2024-05-24_18-25-18_png_2024-05-24_18-25-18.webp.webp?fit=1200%2C675&ssl=1&resize=350%2C200","width":350,"height":200,"srcset":"https:\/\/i0.wp.com\/noticiasribeiraopreto.com.br\/wp-content\/uploads\/2024\/05\/Copia-de-Copia-de-TAMANHO-EXATO-PARA-FOTOS-NO-SISTEMA-NOVO-53_2024-05-24_18-25-18_png_2024-05-24_18-25-18.webp.webp?fit=1200%2C675&ssl=1&resize=350%2C200 1x, https:\/\/i0.wp.com\/noticiasribeiraopreto.com.br\/wp-content\/uploads\/2024\/05\/Copia-de-Copia-de-TAMANHO-EXATO-PARA-FOTOS-NO-SISTEMA-NOVO-53_2024-05-24_18-25-18_png_2024-05-24_18-25-18.webp.webp?fit=1200%2C675&ssl=1&resize=525%2C300 1.5x, https:\/\/i0.wp.com\/noticiasribeiraopreto.com.br\/wp-content\/uploads\/2024\/05\/Copia-de-Copia-de-TAMANHO-EXATO-PARA-FOTOS-NO-SISTEMA-NOVO-53_2024-05-24_18-25-18_png_2024-05-24_18-25-18.webp.webp?fit=1200%2C675&ssl=1&resize=700%2C400 2x, https:\/\/i0.wp.com\/noticiasribeiraopreto.com.br\/wp-content\/uploads\/2024\/05\/Copia-de-Copia-de-TAMANHO-EXATO-PARA-FOTOS-NO-SISTEMA-NOVO-53_2024-05-24_18-25-18_png_2024-05-24_18-25-18.webp.webp?fit=1200%2C675&ssl=1&resize=1050%2C600 3x"},"classes":[]}],"jetpack_sharing_enabled":true,"jetpack_shortlink":"https:\/\/wp.me\/peQAOb-jIZ","_links":{"self":[{"href":"https:\/\/noticiasribeiraopreto.com.br\/index.php\/wp-json\/wp\/v2\/posts\/75825","targetHints":{"allow":["GET"]}}],"collection":[{"href":"https:\/\/noticiasribeiraopreto.com.br\/index.php\/wp-json\/wp\/v2\/posts"}],"about":[{"href":"https:\/\/noticiasribeiraopreto.com.br\/index.php\/wp-json\/wp\/v2\/types\/post"}],"author":[{"embeddable":true,"href":"https:\/\/noticiasribeiraopreto.com.br\/index.php\/wp-json\/wp\/v2\/users\/1"}],"replies":[{"embeddable":true,"href":"https:\/\/noticiasribeiraopreto.com.br\/index.php\/wp-json\/wp\/v2\/comments?post=75825"}],"version-history":[{"count":0,"href":"https:\/\/noticiasribeiraopreto.com.br\/index.php\/wp-json\/wp\/v2\/posts\/75825\/revisions"}],"wp:featuredmedia":[{"embeddable":true,"href":"https:\/\/noticiasribeiraopreto.com.br\/index.php\/wp-json\/wp\/v2\/media\/75826"}],"wp:attachment":[{"href":"https:\/\/noticiasribeiraopreto.com.br\/index.php\/wp-json\/wp\/v2\/media?parent=75825"}],"wp:term":[{"taxonomy":"category","embeddable":true,"href":"https:\/\/noticiasribeiraopreto.com.br\/index.php\/wp-json\/wp\/v2\/categories?post=75825"},{"taxonomy":"post_tag","embeddable":true,"href":"https:\/\/noticiasribeiraopreto.com.br\/index.php\/wp-json\/wp\/v2\/tags?post=75825"}],"curies":[{"name":"wp","href":"https:\/\/api.w.org\/{rel}","templated":true}]}}