{"id":75827,"date":"2025-08-16T10:47:51","date_gmt":"2025-08-16T13:47:51","guid":{"rendered":"https:\/\/noticiasribeiraopreto.com.br\/index.php\/2025\/08\/16\/confira-os-destaques-da-feira-do-livro-de-ribeirao-preto-neste-sabado\/"},"modified":"2025-08-16T10:47:51","modified_gmt":"2025-08-16T13:47:51","slug":"confira-os-destaques-da-feira-do-livro-de-ribeirao-preto-neste-sabado","status":"publish","type":"post","link":"https:\/\/noticiasribeiraopreto.com.br\/index.php\/2025\/08\/16\/confira-os-destaques-da-feira-do-livro-de-ribeirao-preto-neste-sabado\/","title":{"rendered":"Confira os destaques da Feira do Livro de Ribeir\u00e3o Preto neste s\u00e1bado"},"content":{"rendered":"<div class='code-block code-block-1' style='margin: 8px 0 8px auto; text-align: right; display: block; clear: both;'>\n<p><a href=\"https:\/\/wa.link\/vpicfd\"><img data-recalc-dims=\"1\" class=\"wp-image-4922\" style=\"aspect-ratio: 2.0253164556962027; width: 561px; height: auto;\" src=\"https:\/\/i0.wp.com\/ismaelcolosi.com.br\/wp-content\/uploads\/2023\/11\/grupo-de-empregos-whatsapp-e-facebook-ismael-colosi-vagas.jpg?ssl=1\" alt=\"\" \/><\/a><\/p>\n<!-- \/wp:image -->\n<\/div>\n<p> <br \/>\n<\/p>\n<div>\n<p>A<strong> Feira Internacional do Livro de Ribeir\u00e3o Preto <\/strong>chega ao segundo dia neste s\u00e1bado (16) e entre os destaques da programa\u00e7\u00e3o est\u00e3o os sal\u00f5es de ideias com <strong>M\u00f4nica Ben\u00edcio<\/strong> e<strong> Mary Del Priore<\/strong>, e a confer\u00eancia com <strong>Djamila Ribeiro<\/strong> \u2013 <a href=\"https:\/\/drive.google.com\/file\/d\/1ccuUm--cD83UPitwN-6XofOO0Vcs_C31\/view\" data-type=\"link\" data-id=\"https:\/\/drive.google.com\/file\/d\/1ccuUm--cD83UPitwN-6XofOO0Vcs_C31\/view\" target=\"_blank\" rel=\"noopener\">clique aqui e veja a programa\u00e7\u00e3o completa.<\/a><\/p>\n<h2 class=\"wp-block-heading\"><strong>Destaques deste s\u00e1bado<\/strong><\/h2>\n<h3 class=\"wp-block-heading\"><strong>10h<\/strong><\/h3>\n<p><strong>Literatura e Interculturalidade: Construindo Pontes por Meio da Escrita \u2013 COM ABOU KASSOUM<\/strong><\/p>\n<p>O escritor marfinense convida o p\u00fablico a refletir sobre os desafios e descobertas do ato de escrever entre diferentes culturas.<\/p>\n<p>LOCAL: Biblioteca Sinh\u00e1 Junqueira \u00b7 Audit\u00f3rio<\/p>\n<p><strong>Painel e Visita Guiada: Hist\u00f3ria em Jogo \u2014 Patrim\u00f4nio Cultural, Popula\u00e7\u00f5es Negras e Educa\u00e7\u00e3o\u00a0 para o Futuro<\/strong><\/p>\n<p>Os professores Jos\u00e9 Ant\u00f4nio Lages, S\u00e9rgio de Souza e Marcelo Silva apresentam um painel que revisita a hist\u00f3ria de Ribeir\u00e3o Preto por meio do universo do jogo Ribeir\u00e3o Noir, game narrativo ambientado nos anos de 1950. Ao final, o p\u00fablico poder\u00e1 participar de uma visita guiada pelo Palacete Camilo de Matos.<\/p>\n<p>LOCAL: Palacete Camilo de Matos<\/p>\n<h3 class=\"wp-block-heading\"><strong>11h<\/strong><\/h3>\n<p><strong>Sal\u00e3o de Ideias \u2013 COM M\u00d4NICA BEN\u00cdCIO<\/strong><\/p>\n<p>O livro Marielle e M\u00f4nica: uma hist\u00f3ria de amor e luta \u00e9 o centro desta atividade, que conta com media\u00e7\u00e3o de Franciele Balmant e \u00e9 realizada em parceria com a ONG Arco-\u00cdris. Atualmente vereadora no Rio de Janeiro, M\u00f4nica Ben\u00edcio fala sobre quest\u00f5es LGBTQIAPN+ na pol\u00edtica e na sociedade.<\/p>\n<p>LOCAL: Theatro Pedro II \u00b7 Audit\u00f3rio Meira Junior<\/p>\n<h3 class=\"wp-block-heading\"><strong>14h30<\/strong><\/h3>\n<p><strong>Sal\u00e3o de Ideias \u2013 COM MARY DEL PRIORE<\/strong><\/p>\n<p>A historiadora e escritora Mary Del Priore prop\u00f5e uma reflex\u00e3o sobre a Proclama\u00e7\u00e3o da Rep\u00fablica e seus impactos hist\u00f3ricos, sociais e culturais no Brasil. A atividade leva o p\u00fablico a revisitar o 15 de novembro de 1889 com um olhar cr\u00edtico e acess\u00edvel, estabelecendo conex\u00f5es entre passado e presente.<\/p>\n<p>LOCAL: Theatro Pedro II \u00b7 Audit\u00f3rio Meira Junior<\/p>\n<h3 class=\"wp-block-heading\"><strong>16h<\/strong><\/h3>\n<p>Bate-papo: Cartola, Carlos Cacha\u00e7a &amp; Nelson Cavaquinho \u2013 MEDIA\u00c7\u00c3O DE LUCAS N\u00d3BILE<\/p>\n<p>A atividade recebe a cantora e fil\u00f3sofa Eliete Negreiros que analisa a obra dos tr\u00eas sambistas. Ligada ao movimento cultural Vanguarda Paulista, Eliete enxerga o samba express\u00e3o de sabedoria popular e forma de resist\u00eancia. O p\u00fablico \u00e9 convidado a refletir sobre can\u00e7\u00f5es como \u201cFolhas Secas\u201d e \u201cO sol nascer\u00e1\u201d.<\/p>\n<p>LOCAL: Esplanada Theatro Pedro II \u00b7 Tenda Sesc Senac<\/p>\n<p><strong>Confer\u00eancia Internacional: Camila Sosa Villada e Amara Moira<\/strong><\/p>\n<p>Nascida em 1982, em C\u00f3rdoba (Argentina), Camila Sosa Villada \u00e9 escritora e atriz. Autora de obras marcantes como o livro de poemas A namorada de Sandro, os contos de Sou uma tola por te querer, o ensaio autobiogr\u00e1fico A viagem in\u00fatil e o romance Tese sobre uma domestica\u00e7\u00e3o. Com As malditas \u2014 uma hist\u00f3ria de exist\u00eancias que, oprimidas pela viol\u00eancia e pelo preconceito, reivindicam seu direito \u00e0 felicidade com f\u00faria e ternura inesquec\u00edveis \u2014, venceu diversos pr\u00eamios. A obra foi traduzida para mais de 20 idiomas.<\/p>\n<p>Amara Moira \u00e9 travesti, feminista, doutora em teoria e cr\u00edtica liter\u00e1ria pela Unicamp e autora dos livros E se eu fosse puta e Neca: romance em bajub\u00e1.<\/p>\n<p>LOCAL: Theatro Pedro II \u00b7 Sala Principal<\/p>\n<h3 class=\"wp-block-heading\"><strong>17h<\/strong><\/h3>\n<p><strong>Sess\u00e3o Homenageado Palestra: Intersec\u00e7\u00f5es entre Literatura e Filosofia \u2013 COM MATHEUS ARCARO<\/strong><\/p>\n<p>Matheus Arcaro, um dos homenageados da 24a FIL, conversa com o p\u00fablico sobre a obra O umbigo de Ad\u00e3o, seu novo livro, lan\u00e7ado durante a feira. Mestre em Filosofia Contempor\u00e2nea pela Unicamp e professor de Filosofia e Hist\u00f3ria da Arte, Arcaro \u00e9 escritor com diversas obras publicadas, abrangendo romance, conto, poesia, filosofia e literatura infantil.<\/p>\n<p>LOCAL: Theatro Pedro II \u00b7 Audit\u00f3rio Meira Junior<\/p>\n<h3 class=\"wp-block-heading\"><strong>19h<\/strong><\/h3>\n<p><strong>Confer\u00eancia Com Djamila Ribeiro<\/strong><\/p>\n<p>Uma das vozes mais influentes do ativismo negro no Brasil contempor\u00e2neo, Djamila Ribeiro \u00e9 reconhecida por seu engajamento nas pautas antirracistas e feministas. Neste encontro, a escritora aborda temas como o conceito de lugar de fala, que destaca a import\u00e2ncia de dar voz \u00e0s experi\u00eancias espec\u00edficas de grupos historicamente marginalizados, e a interseccionalidade, analisando as conex\u00f5es entre g\u00eanero, ra\u00e7a e classe social. Seu trabalho contribui para ampliar o debate sobre desigualdades estruturais e promover a valoriza\u00e7\u00e3o da diversidade e da justi\u00e7a social no pa\u00eds. Durante sua participa\u00e7\u00e3o, Djamila Ribeiro receber\u00e1 da C\u00e2mara Municipal o t\u00edtulo de Cidad\u00e3 Ribeir\u00e3o-pretana.<\/p>\n<p>LOCAL: Theatro Pedro II \u00b7 Sala Principal<\/p>\n<p><!-- AI CONTENT END 1 -->\n<\/div>\n<p><br \/>\n<br \/><a href=\"https:\/\/www.acidadeon.com\/ribeiraopreto\/lazer-e-cultura\/confira-os-destaques-da-feira-do-livro-de-ribeirao-preto-neste-sabado\/\">Source link <\/a><\/p>\n<!-- CONTENT END 1 -->\n","protected":false},"excerpt":{"rendered":"<p>A Feira Internacional do Livro de Ribeir\u00e3o Preto chega ao segundo dia neste s\u00e1bado (16) e entre os destaques da programa\u00e7\u00e3o est\u00e3o os sal\u00f5es de&#8230;<\/p>\n","protected":false},"author":1,"featured_media":75828,"comment_status":"open","ping_status":"open","sticky":false,"template":"","format":"standard","meta":{"advanced_seo_description":"","jetpack_seo_html_title":"","jetpack_seo_noindex":false,"jetpack_post_was_ever_published":false,"_jetpack_newsletter_access":"","_jetpack_dont_email_post_to_subs":false,"_jetpack_newsletter_tier_id":0,"_jetpack_memberships_contains_paywalled_content":false,"_jetpack_memberships_contains_paid_content":false,"footnotes":"","jetpack_publicize_message":"","jetpack_publicize_feature_enabled":true,"jetpack_social_post_already_shared":true,"jetpack_social_options":{"image_generator_settings":{"template":"highway","default_image_id":0,"font":"","enabled":false},"version":2}},"categories":[11],"tags":[],"class_list":["post-75827","post","type-post","status-publish","format-standard","has-post-thumbnail","hentry","category-noticias-de-ribeirao-preto-sp-e-regiao-ismael-colosi"],"jetpack_publicize_connections":[],"jetpack_featured_media_url":"https:\/\/i0.wp.com\/noticiasribeiraopreto.com.br\/wp-content\/uploads\/2025\/08\/feira-do-livro-2_2025-08-16_13-01-38.webp.webp?fit=1200%2C674&ssl=1","jetpack-related-posts":[{"id":75875,"url":"https:\/\/noticiasribeiraopreto.com.br\/index.php\/2025\/08\/17\/show-palestra-e-bate-papo-veja-os-destaques-da-feira-do-livro-de-ribeirao-preto-neste-domingo\/","url_meta":{"origin":75827,"position":0},"title":"Show, palestra e bate-papo: veja os destaques da Feira do Livro de Ribeir\u00e3o Preto neste domingo","author":"noticiasribeiraopreto.com.br","date":"17 de August de 2025","format":false,"excerpt":"O terceiro dia de atividades da\u00a024\u00aa Feira Internacional do Livro de Ribeir\u00e3o Preto acontece neste\u00a0domingo (16), com programa\u00e7\u00f5es a partir das\u00a09h,\u00a0totalmente gratuita, no\u00a0Centro\u00a0de\u00a0Ribeir\u00e3o Preto. A FIL segue at\u00e9 o dia 24 de agosto \u2013\u00a0clique aqui e veja a programa\u00e7\u00e3o completa. O tema da feira deste ano \u00e9 \u201cFuturos Poss\u00edveis: entre\u2026","rel":"","context":"In &quot;Not\u00edcias de Ribeir\u00e3o Preto-SP e Regi\u00e3o&quot;","block_context":{"text":"Not\u00edcias de Ribeir\u00e3o Preto-SP e Regi\u00e3o","link":"https:\/\/noticiasribeiraopreto.com.br\/index.php\/category\/noticias-de-ribeirao-preto-sp-e-regiao-ismael-colosi\/"},"img":{"alt_text":"","src":"https:\/\/i0.wp.com\/noticiasribeiraopreto.com.br\/wp-content\/uploads\/2025\/08\/escoteiros-1_2025-08-16_18-52-15.webp.webp?fit=1200%2C675&ssl=1&resize=350%2C200","width":350,"height":200,"srcset":"https:\/\/i0.wp.com\/noticiasribeiraopreto.com.br\/wp-content\/uploads\/2025\/08\/escoteiros-1_2025-08-16_18-52-15.webp.webp?fit=1200%2C675&ssl=1&resize=350%2C200 1x, https:\/\/i0.wp.com\/noticiasribeiraopreto.com.br\/wp-content\/uploads\/2025\/08\/escoteiros-1_2025-08-16_18-52-15.webp.webp?fit=1200%2C675&ssl=1&resize=525%2C300 1.5x, https:\/\/i0.wp.com\/noticiasribeiraopreto.com.br\/wp-content\/uploads\/2025\/08\/escoteiros-1_2025-08-16_18-52-15.webp.webp?fit=1200%2C675&ssl=1&resize=700%2C400 2x, https:\/\/i0.wp.com\/noticiasribeiraopreto.com.br\/wp-content\/uploads\/2025\/08\/escoteiros-1_2025-08-16_18-52-15.webp.webp?fit=1200%2C675&ssl=1&resize=1050%2C600 3x"},"classes":[]},{"id":44239,"url":"https:\/\/noticiasribeiraopreto.com.br\/index.php\/2024\/03\/26\/musica-teatro-e-troca-de-livros-confira-a-programacao-do-sesi-ribeirao-preto\/","url_meta":{"origin":75827,"position":1},"title":"M\u00fasica, teatro e troca de livros: Confira a programa\u00e7\u00e3o do Sesi Ribeir\u00e3o Preto","author":"noticiasribeiraopreto.com.br","date":"26 de March de 2024","format":false,"excerpt":"Neste fim de semana, o Sesi Ribeir\u00e3o Preto conta com uma programa\u00e7\u00e3o para toda fam\u00edlia. Entre as atra\u00e7\u00f5es est\u00e3o m\u00fasica, teatro \u201clambe-lambe\u201d, feira de troca de livros e at\u00e9 hora do lanche para o p\u00fablico. No s\u00e1bado (30), das 9h \u00e0s 16h acontece \u00e0 quarta edi\u00e7\u00e3o da \u201cLivro por Livro\u201d\u2026","rel":"","context":"In &quot;Not\u00edcias de Ribeir\u00e3o Preto-SP e Regi\u00e3o&quot;","block_context":{"text":"Not\u00edcias de Ribeir\u00e3o Preto-SP e Regi\u00e3o","link":"https:\/\/noticiasribeiraopreto.com.br\/index.php\/category\/noticias-de-ribeirao-preto-sp-e-regiao-ismael-colosi\/"},"img":{"alt_text":"","src":"https:\/\/i0.wp.com\/noticiasribeiraopreto.com.br\/wp-content\/uploads\/2024\/03\/Copia-de-Copia-de-TAMANHO-EXATO-PARA-FOTOS-NO-SISTEMA-NOVO-5-1.jpg?fit=1200%2C675&ssl=1&resize=350%2C200","width":350,"height":200,"srcset":"https:\/\/i0.wp.com\/noticiasribeiraopreto.com.br\/wp-content\/uploads\/2024\/03\/Copia-de-Copia-de-TAMANHO-EXATO-PARA-FOTOS-NO-SISTEMA-NOVO-5-1.jpg?fit=1200%2C675&ssl=1&resize=350%2C200 1x, https:\/\/i0.wp.com\/noticiasribeiraopreto.com.br\/wp-content\/uploads\/2024\/03\/Copia-de-Copia-de-TAMANHO-EXATO-PARA-FOTOS-NO-SISTEMA-NOVO-5-1.jpg?fit=1200%2C675&ssl=1&resize=525%2C300 1.5x, https:\/\/i0.wp.com\/noticiasribeiraopreto.com.br\/wp-content\/uploads\/2024\/03\/Copia-de-Copia-de-TAMANHO-EXATO-PARA-FOTOS-NO-SISTEMA-NOVO-5-1.jpg?fit=1200%2C675&ssl=1&resize=700%2C400 2x, https:\/\/i0.wp.com\/noticiasribeiraopreto.com.br\/wp-content\/uploads\/2024\/03\/Copia-de-Copia-de-TAMANHO-EXATO-PARA-FOTOS-NO-SISTEMA-NOVO-5-1.jpg?fit=1200%2C675&ssl=1&resize=1050%2C600 3x"},"classes":[]},{"id":32817,"url":"https:\/\/noticiasribeiraopreto.com.br\/index.php\/2024\/01\/26\/ribeirao-preto-tera-feira-de-troca-de-livros-neste-sabado-veja-como-participar\/","url_meta":{"origin":75827,"position":2},"title":"Ribeir\u00e3o Preto ter\u00e1 Feira de Troca de Livros neste s\u00e1bado; Veja como participar","author":"noticiasribeiraopreto.com.br","date":"26 de January de 2024","format":false,"excerpt":"A segunda edi\u00e7\u00e3o da Feira de Troca de Livros \u201cLivro por Livro\u201d acontece neste s\u00e1bado (27), em frente ao Teatro do Sesi, no bairro Jardim Castelo Branco em Ribeir\u00e3o Preto. O evento, que \u00e9 de gra\u00e7a e aberto ao p\u00fablico, acontece das 9h \u00e0s 13h. Os interessados em participar podem\u2026","rel":"","context":"In &quot;Not\u00edcias de Ribeir\u00e3o Preto-SP e Regi\u00e3o&quot;","block_context":{"text":"Not\u00edcias de Ribeir\u00e3o Preto-SP e Regi\u00e3o","link":"https:\/\/noticiasribeiraopreto.com.br\/index.php\/category\/noticias-de-ribeirao-preto-sp-e-regiao-ismael-colosi\/"},"img":{"alt_text":"","src":"https:\/\/i0.wp.com\/noticiasribeiraopreto.com.br\/wp-content\/uploads\/2024\/01\/estudantes-segurando-livros-parque-scaled.jpg?fit=1200%2C801&ssl=1&resize=350%2C200","width":350,"height":200,"srcset":"https:\/\/i0.wp.com\/noticiasribeiraopreto.com.br\/wp-content\/uploads\/2024\/01\/estudantes-segurando-livros-parque-scaled.jpg?fit=1200%2C801&ssl=1&resize=350%2C200 1x, https:\/\/i0.wp.com\/noticiasribeiraopreto.com.br\/wp-content\/uploads\/2024\/01\/estudantes-segurando-livros-parque-scaled.jpg?fit=1200%2C801&ssl=1&resize=525%2C300 1.5x, https:\/\/i0.wp.com\/noticiasribeiraopreto.com.br\/wp-content\/uploads\/2024\/01\/estudantes-segurando-livros-parque-scaled.jpg?fit=1200%2C801&ssl=1&resize=700%2C400 2x, https:\/\/i0.wp.com\/noticiasribeiraopreto.com.br\/wp-content\/uploads\/2024\/01\/estudantes-segurando-livros-parque-scaled.jpg?fit=1200%2C801&ssl=1&resize=1050%2C600 3x"},"classes":[]},{"id":76093,"url":"https:\/\/noticiasribeiraopreto.com.br\/index.php\/2025\/08\/22\/veja-os-destaques-da-programacao-desta-sexta-feira-na-feira-do-livro-de-ribeirao-preto\/","url_meta":{"origin":75827,"position":3},"title":"Veja os destaques da programa\u00e7\u00e3o desta sexta-feira na Feira do Livro de Ribeir\u00e3o Preto","author":"noticiasribeiraopreto.com.br","date":"22 de August de 2025","format":false,"excerpt":"A 24\u00aa Feira Internacional do Livro de Ribeir\u00e3o Preto segue com mais um dia de atividades culturais gratuitas no Centro da cidade. A programa\u00e7\u00e3o desta sexta-feira (21) conta com conta\u00e7\u00f5es de hist\u00f3rias, bate-papos, palestras e oficinas. O tema da feira deste ano \u00e9 \u201cFuturos Poss\u00edveis: entre linhas e par\u00e1grafos\u201d e\u2026","rel":"","context":"In &quot;Not\u00edcias de Ribeir\u00e3o Preto-SP e Regi\u00e3o&quot;","block_context":{"text":"Not\u00edcias de Ribeir\u00e3o Preto-SP e Regi\u00e3o","link":"https:\/\/noticiasribeiraopreto.com.br\/index.php\/category\/noticias-de-ribeirao-preto-sp-e-regiao-ismael-colosi\/"},"img":{"alt_text":"","src":"https:\/\/i0.wp.com\/noticiasribeiraopreto.com.br\/wp-content\/uploads\/2025\/08\/fil-sexta_2025-08-21_12-23-42.webp.webp?fit=1200%2C675&ssl=1&resize=350%2C200","width":350,"height":200,"srcset":"https:\/\/i0.wp.com\/noticiasribeiraopreto.com.br\/wp-content\/uploads\/2025\/08\/fil-sexta_2025-08-21_12-23-42.webp.webp?fit=1200%2C675&ssl=1&resize=350%2C200 1x, https:\/\/i0.wp.com\/noticiasribeiraopreto.com.br\/wp-content\/uploads\/2025\/08\/fil-sexta_2025-08-21_12-23-42.webp.webp?fit=1200%2C675&ssl=1&resize=525%2C300 1.5x, https:\/\/i0.wp.com\/noticiasribeiraopreto.com.br\/wp-content\/uploads\/2025\/08\/fil-sexta_2025-08-21_12-23-42.webp.webp?fit=1200%2C675&ssl=1&resize=700%2C400 2x, https:\/\/i0.wp.com\/noticiasribeiraopreto.com.br\/wp-content\/uploads\/2025\/08\/fil-sexta_2025-08-21_12-23-42.webp.webp?fit=1200%2C675&ssl=1&resize=1050%2C600 3x"},"classes":[]},{"id":76160,"url":"https:\/\/noticiasribeiraopreto.com.br\/index.php\/2025\/08\/23\/confira-a-programacao-da-feira-do-livro-de-ribeirao-preto-neste-sabado-3\/","url_meta":{"origin":75827,"position":4},"title":"Confira a programa\u00e7\u00e3o da Feira do Livro de Ribeir\u00e3o Preto neste s\u00e1bado","author":"noticiasribeiraopreto.com.br","date":"23 de August de 2025","format":false,"excerpt":"A 24\u00aa FIL (Feira Internacional do Livro) de Ribeir\u00e3o Preto chega ao pen\u00faltimo dia neste s\u00e1bado (23) com diversas atra\u00e7\u00f5es. Entre os destaques, est\u00e3o os bate-papos com Andr\u00e9 Trigueiro, Ign\u00e1cio de Loyola Brand\u00e3o, Itamar Vieira J\u00fanior, Br\u00e1ulio Bessa, M\u00e1rcia Tiburi e Jean Wyllys \u2013 clique aqui e veja a programa\u00e7\u00e3o\u2026","rel":"","context":"In &quot;Not\u00edcias de Ribeir\u00e3o Preto-SP e Regi\u00e3o&quot;","block_context":{"text":"Not\u00edcias de Ribeir\u00e3o Preto-SP e Regi\u00e3o","link":"https:\/\/noticiasribeiraopreto.com.br\/index.php\/category\/noticias-de-ribeirao-preto-sp-e-regiao-ismael-colosi\/"},"img":{"alt_text":"","src":"https:\/\/i0.wp.com\/noticiasribeiraopreto.com.br\/wp-content\/uploads\/2025\/08\/feira-do-livro-3_2025-08-22_20-27-05.webp.webp?fit=1200%2C674&ssl=1&resize=350%2C200","width":350,"height":200,"srcset":"https:\/\/i0.wp.com\/noticiasribeiraopreto.com.br\/wp-content\/uploads\/2025\/08\/feira-do-livro-3_2025-08-22_20-27-05.webp.webp?fit=1200%2C674&ssl=1&resize=350%2C200 1x, https:\/\/i0.wp.com\/noticiasribeiraopreto.com.br\/wp-content\/uploads\/2025\/08\/feira-do-livro-3_2025-08-22_20-27-05.webp.webp?fit=1200%2C674&ssl=1&resize=525%2C300 1.5x, https:\/\/i0.wp.com\/noticiasribeiraopreto.com.br\/wp-content\/uploads\/2025\/08\/feira-do-livro-3_2025-08-22_20-27-05.webp.webp?fit=1200%2C674&ssl=1&resize=700%2C400 2x, https:\/\/i0.wp.com\/noticiasribeiraopreto.com.br\/wp-content\/uploads\/2025\/08\/feira-do-livro-3_2025-08-22_20-27-05.webp.webp?fit=1200%2C674&ssl=1&resize=1050%2C600 3x"},"classes":[]},{"id":55480,"url":"https:\/\/noticiasribeiraopreto.com.br\/index.php\/2024\/08\/02\/mv-bill-candlelight-e-dori-caymmi-confira-o-que-fazer-no-fim-de-semana-em-ribeirao-preto\/","url_meta":{"origin":75827,"position":5},"title":"MV Bill, \u2018Candlelight\u2019 e Dori Caymmi: Confira o que fazer no fim de semana em Ribeir\u00e3o Preto","author":"noticiasribeiraopreto.com.br","date":"2 de August de 2024","format":false,"excerpt":"Sextou! O primeiro fim de semana de agosto come\u00e7ou e Ribeir\u00e3o Preto conta com diversas atividades culturais para quem n\u00e3o gosta de ficar parado. Entre as op\u00e7\u00f5es est\u00e3o a programa\u00e7\u00e3o da 23\u00aa Feira Internacional do Livro de Ribeir\u00e3o Preto, shows e circo digital. Confira o que fazer neste fim de\u2026","rel":"","context":"In &quot;Not\u00edcias de Ribeir\u00e3o Preto-SP e Regi\u00e3o&quot;","block_context":{"text":"Not\u00edcias de Ribeir\u00e3o Preto-SP e Regi\u00e3o","link":"https:\/\/noticiasribeiraopreto.com.br\/index.php\/category\/noticias-de-ribeirao-preto-sp-e-regiao-ismael-colosi\/"},"img":{"alt_text":"","src":"https:\/\/i0.wp.com\/noticiasribeiraopreto.com.br\/wp-content\/uploads\/2024\/08\/Copia-de-Copia-de-TAMANHO-EXATO-PARA-FOTOS-NO-SISTEMA-NOVO-24_2024-08-02_12-31-16_jpg_2024-08-02_12-31-16.webp.webp?fit=1200%2C675&ssl=1&resize=350%2C200","width":350,"height":200,"srcset":"https:\/\/i0.wp.com\/noticiasribeiraopreto.com.br\/wp-content\/uploads\/2024\/08\/Copia-de-Copia-de-TAMANHO-EXATO-PARA-FOTOS-NO-SISTEMA-NOVO-24_2024-08-02_12-31-16_jpg_2024-08-02_12-31-16.webp.webp?fit=1200%2C675&ssl=1&resize=350%2C200 1x, https:\/\/i0.wp.com\/noticiasribeiraopreto.com.br\/wp-content\/uploads\/2024\/08\/Copia-de-Copia-de-TAMANHO-EXATO-PARA-FOTOS-NO-SISTEMA-NOVO-24_2024-08-02_12-31-16_jpg_2024-08-02_12-31-16.webp.webp?fit=1200%2C675&ssl=1&resize=525%2C300 1.5x, https:\/\/i0.wp.com\/noticiasribeiraopreto.com.br\/wp-content\/uploads\/2024\/08\/Copia-de-Copia-de-TAMANHO-EXATO-PARA-FOTOS-NO-SISTEMA-NOVO-24_2024-08-02_12-31-16_jpg_2024-08-02_12-31-16.webp.webp?fit=1200%2C675&ssl=1&resize=700%2C400 2x, https:\/\/i0.wp.com\/noticiasribeiraopreto.com.br\/wp-content\/uploads\/2024\/08\/Copia-de-Copia-de-TAMANHO-EXATO-PARA-FOTOS-NO-SISTEMA-NOVO-24_2024-08-02_12-31-16_jpg_2024-08-02_12-31-16.webp.webp?fit=1200%2C675&ssl=1&resize=1050%2C600 3x"},"classes":[]}],"jetpack_sharing_enabled":true,"jetpack_shortlink":"https:\/\/wp.me\/peQAOb-jJ1","_links":{"self":[{"href":"https:\/\/noticiasribeiraopreto.com.br\/index.php\/wp-json\/wp\/v2\/posts\/75827","targetHints":{"allow":["GET"]}}],"collection":[{"href":"https:\/\/noticiasribeiraopreto.com.br\/index.php\/wp-json\/wp\/v2\/posts"}],"about":[{"href":"https:\/\/noticiasribeiraopreto.com.br\/index.php\/wp-json\/wp\/v2\/types\/post"}],"author":[{"embeddable":true,"href":"https:\/\/noticiasribeiraopreto.com.br\/index.php\/wp-json\/wp\/v2\/users\/1"}],"replies":[{"embeddable":true,"href":"https:\/\/noticiasribeiraopreto.com.br\/index.php\/wp-json\/wp\/v2\/comments?post=75827"}],"version-history":[{"count":0,"href":"https:\/\/noticiasribeiraopreto.com.br\/index.php\/wp-json\/wp\/v2\/posts\/75827\/revisions"}],"wp:featuredmedia":[{"embeddable":true,"href":"https:\/\/noticiasribeiraopreto.com.br\/index.php\/wp-json\/wp\/v2\/media\/75828"}],"wp:attachment":[{"href":"https:\/\/noticiasribeiraopreto.com.br\/index.php\/wp-json\/wp\/v2\/media?parent=75827"}],"wp:term":[{"taxonomy":"category","embeddable":true,"href":"https:\/\/noticiasribeiraopreto.com.br\/index.php\/wp-json\/wp\/v2\/categories?post=75827"},{"taxonomy":"post_tag","embeddable":true,"href":"https:\/\/noticiasribeiraopreto.com.br\/index.php\/wp-json\/wp\/v2\/tags?post=75827"}],"curies":[{"name":"wp","href":"https:\/\/api.w.org\/{rel}","templated":true}]}}