{"id":75829,"date":"2025-08-16T10:54:12","date_gmt":"2025-08-16T13:54:12","guid":{"rendered":"https:\/\/noticiasribeiraopreto.com.br\/index.php\/2025\/08\/16\/veja-a-previsao-do-tempo-para-ribeirao-preto-neste-sabado-2\/"},"modified":"2025-08-16T10:54:12","modified_gmt":"2025-08-16T13:54:12","slug":"veja-a-previsao-do-tempo-para-ribeirao-preto-neste-sabado-2","status":"publish","type":"post","link":"https:\/\/noticiasribeiraopreto.com.br\/index.php\/2025\/08\/16\/veja-a-previsao-do-tempo-para-ribeirao-preto-neste-sabado-2\/","title":{"rendered":"Veja a previs\u00e3o do tempo para Ribeir\u00e3o Preto neste s\u00e1bado"},"content":{"rendered":"<div class='code-block code-block-1' style='margin: 8px 0 8px auto; text-align: right; display: block; clear: both;'>\n<p><a href=\"https:\/\/wa.link\/vpicfd\"><img data-recalc-dims=\"1\" class=\"wp-image-4922\" style=\"aspect-ratio: 2.0253164556962027; width: 561px; height: auto;\" src=\"https:\/\/i0.wp.com\/ismaelcolosi.com.br\/wp-content\/uploads\/2023\/11\/grupo-de-empregos-whatsapp-e-facebook-ismael-colosi-vagas.jpg?ssl=1\" alt=\"\" \/><\/a><\/p>\n<!-- \/wp:image -->\n<\/div>\n<p> <br \/>\n<\/p>\n<div data-td-block-uid=\"tdi_95\">\n<div class=\"tdb-block-inner td-fix-index\">\n<p>O s\u00e1bado (16) come\u00e7ou com temperaturas elevadas. Segundo a previs\u00e3o do tempo,<strong> Ribeir\u00e3o Preto<\/strong> ter\u00e1 um dia de Sol, com aumento de nuvens no per\u00edodo da tarde.<\/p>\n<p><mark style=\"background-color:#fcb900\" class=\"has-inline-color has-black-color\">A temperatura m\u00e1xima prevista \u00e9 de 31\u00b0C<\/mark>, com m\u00ednima de 16\u00b0C, segundo a<strong><a href=\"https:\/\/www.climatempo.com.br\/previsao-do-tempo\/15-dias\/cidade\/530\/ribeiraopreto-sp\" data-type=\"link\" data-id=\"https:\/\/www.climatempo.com.br\/previsao-do-tempo\/15-dias\/cidade\/530\/ribeiraopreto-sp\" target=\"_blank\" rel=\"noopener\"> Climatempo<\/a><\/strong>. O per\u00edodo da noite deve ter muitas nuvens, mas n\u00e3o chove. A umidade relativa do ar varia entre 28% e 77%.<\/p>\n<h2 class=\"wp-block-heading\"><strong>Veranico<\/strong><\/h2>\n<p>Desde a \u00faltima quarta-feira (13), o Estado de S\u00e3o Paulo tem sido atingido por um veranico. O fen\u00f4meno caracterizado por tempo seco e quente, que pode durar de 3 a 5 dias. Diferente de uma onda de calor, ele ocorre em pleno inverno, elevando as temperaturas a n\u00edveis semelhantes \u00e0s do ver\u00e3o.<\/p>\n<p>A previs\u00e3o indica que uma massa de ar seco, associada a um bloqueio atmosf\u00e9rico, favorecer\u00e1 a entrada de ventos quentes vindos do norte e nordeste, mantendo o tempo aberto e ensolarado.<\/p>\n<p><!-- AI CONTENT END 1 -->\n<\/div>\n<\/div>\n<p><br \/>\n<br \/><a href=\"https:\/\/www.acidadeon.com\/ribeiraopreto\/cotidiano\/veja-a-previsao-do-tempo-para-ribeirao-preto-neste-sabado-5\/\">Source link <\/a><\/p>\n<!-- CONTENT END 1 -->\n","protected":false},"excerpt":{"rendered":"<p>O s\u00e1bado (16) come\u00e7ou com temperaturas elevadas. Segundo a previs\u00e3o do tempo, Ribeir\u00e3o Preto ter\u00e1 um dia de Sol, com aumento de nuvens no per\u00edodo&#8230;<\/p>\n","protected":false},"author":1,"featured_media":75830,"comment_status":"open","ping_status":"open","sticky":false,"template":"","format":"standard","meta":{"advanced_seo_description":"","jetpack_seo_html_title":"","jetpack_seo_noindex":false,"jetpack_post_was_ever_published":false,"_jetpack_newsletter_access":"","_jetpack_dont_email_post_to_subs":false,"_jetpack_newsletter_tier_id":0,"_jetpack_memberships_contains_paywalled_content":false,"_jetpack_memberships_contains_paid_content":false,"footnotes":"","jetpack_publicize_message":"","jetpack_publicize_feature_enabled":true,"jetpack_social_post_already_shared":true,"jetpack_social_options":{"image_generator_settings":{"template":"highway","default_image_id":0,"font":"","enabled":false},"version":2}},"categories":[11],"tags":[],"class_list":["post-75829","post","type-post","status-publish","format-standard","has-post-thumbnail","hentry","category-noticias-de-ribeirao-preto-sp-e-regiao-ismael-colosi"],"jetpack_publicize_connections":[],"jetpack_featured_media_url":"https:\/\/i0.wp.com\/noticiasribeiraopreto.com.br\/wp-content\/uploads\/2025\/08\/previsao-do-tempo-sol_2025-08-16_12-30-24.webp.webp?fit=1200%2C900&ssl=1","jetpack-related-posts":[{"id":69672,"url":"https:\/\/noticiasribeiraopreto.com.br\/index.php\/2025\/05\/08\/veranico-mantem-as-temperaturas-em-elevacao-no-interior-de-sp-veja-previsao\/","url_meta":{"origin":75829,"position":0},"title":"Veranico mant\u00e9m as temperaturas em eleva\u00e7\u00e3o no interior de SP; Veja previs\u00e3o","author":"noticiasribeiraopreto.com.br","date":"8 de May de 2025","format":false,"excerpt":"Um bloqueio atmosf\u00e9rico impede a forma\u00e7\u00e3o de nuvens de chuva nesta quinta-feira (8), no interior de S\u00e3o Paulo. Segundo a Climatempo, o dia ser\u00e1 marcado por tempo firme na regi\u00e3o de Ribeir\u00e3o Preto, com eleva\u00e7\u00e3o das temperaturas no per\u00edodo da tarde. A umidade do ar pode atingir n\u00edveis cr\u00edticos e\u2026","rel":"","context":"In &quot;Not\u00edcias de Ribeir\u00e3o Preto-SP e Regi\u00e3o&quot;","block_context":{"text":"Not\u00edcias de Ribeir\u00e3o Preto-SP e Regi\u00e3o","link":"https:\/\/noticiasribeiraopreto.com.br\/index.php\/category\/noticias-de-ribeirao-preto-sp-e-regiao-ismael-colosi\/"},"img":{"alt_text":"","src":"https:\/\/i0.wp.com\/noticiasribeiraopreto.com.br\/wp-content\/uploads\/2025\/05\/WhatsApp-Image-2025-05-08-at-06.45.03_2025-05-08_09-48-38.webp.webp?fit=1200%2C540&ssl=1&resize=350%2C200","width":350,"height":200,"srcset":"https:\/\/i0.wp.com\/noticiasribeiraopreto.com.br\/wp-content\/uploads\/2025\/05\/WhatsApp-Image-2025-05-08-at-06.45.03_2025-05-08_09-48-38.webp.webp?fit=1200%2C540&ssl=1&resize=350%2C200 1x, https:\/\/i0.wp.com\/noticiasribeiraopreto.com.br\/wp-content\/uploads\/2025\/05\/WhatsApp-Image-2025-05-08-at-06.45.03_2025-05-08_09-48-38.webp.webp?fit=1200%2C540&ssl=1&resize=525%2C300 1.5x, https:\/\/i0.wp.com\/noticiasribeiraopreto.com.br\/wp-content\/uploads\/2025\/05\/WhatsApp-Image-2025-05-08-at-06.45.03_2025-05-08_09-48-38.webp.webp?fit=1200%2C540&ssl=1&resize=700%2C400 2x, https:\/\/i0.wp.com\/noticiasribeiraopreto.com.br\/wp-content\/uploads\/2025\/05\/WhatsApp-Image-2025-05-08-at-06.45.03_2025-05-08_09-48-38.webp.webp?fit=1200%2C540&ssl=1&resize=1050%2C600 3x"},"classes":[]},{"id":52183,"url":"https:\/\/noticiasribeiraopreto.com.br\/index.php\/2024\/06\/04\/calorao-vai-voltar-interior-de-sp-tem-alerta-para-temperaturas-acima-da-media\/","url_meta":{"origin":75829,"position":1},"title":"Calor\u00e3o vai voltar? Interior de SP tem alerta para temperaturas acima da m\u00e9dia","author":"noticiasribeiraopreto.com.br","date":"4 de June de 2024","format":false,"excerpt":"Um novo bloqueio atmosf\u00e9rico vai se estabelecer no Centro-Leste do pa\u00eds nos pr\u00f3ximos dias e deve provocar condi\u00e7\u00f5es de tempo quente e seco no Sudeste do Brasil, de acordo com a meteorologia. No interior do estado de S\u00e3o Paulo ainda teremos noites mais frescas e com sensa\u00e7\u00e3o de frio, no\u2026","rel":"","context":"In &quot;Not\u00edcias de Ribeir\u00e3o Preto-SP e Regi\u00e3o&quot;","block_context":{"text":"Not\u00edcias de Ribeir\u00e3o Preto-SP e Regi\u00e3o","link":"https:\/\/noticiasribeiraopreto.com.br\/index.php\/category\/noticias-de-ribeirao-preto-sp-e-regiao-ismael-colosi\/"},"img":{"alt_text":"","src":"https:\/\/i0.wp.com\/noticiasribeiraopreto.com.br\/wp-content\/uploads\/2024\/06\/WhatsApp-Image-2024-03-11-at-12.29.24-1.jpeg?fit=1200%2C804&ssl=1&resize=350%2C200","width":350,"height":200,"srcset":"https:\/\/i0.wp.com\/noticiasribeiraopreto.com.br\/wp-content\/uploads\/2024\/06\/WhatsApp-Image-2024-03-11-at-12.29.24-1.jpeg?fit=1200%2C804&ssl=1&resize=350%2C200 1x, https:\/\/i0.wp.com\/noticiasribeiraopreto.com.br\/wp-content\/uploads\/2024\/06\/WhatsApp-Image-2024-03-11-at-12.29.24-1.jpeg?fit=1200%2C804&ssl=1&resize=525%2C300 1.5x, https:\/\/i0.wp.com\/noticiasribeiraopreto.com.br\/wp-content\/uploads\/2024\/06\/WhatsApp-Image-2024-03-11-at-12.29.24-1.jpeg?fit=1200%2C804&ssl=1&resize=700%2C400 2x, https:\/\/i0.wp.com\/noticiasribeiraopreto.com.br\/wp-content\/uploads\/2024\/06\/WhatsApp-Image-2024-03-11-at-12.29.24-1.jpeg?fit=1200%2C804&ssl=1&resize=1050%2C600 3x"},"classes":[]},{"id":75874,"url":"https:\/\/noticiasribeiraopreto.com.br\/index.php\/2025\/08\/17\/domingo-sera-de-sol-e-calor-em-ribeirao-preto-veranico-chega-nesta-semana\/","url_meta":{"origin":75829,"position":2},"title":"Domingo ser\u00e1 de sol e calor em Ribeir\u00e3o Preto; Veranico chega nesta semana","author":"noticiasribeiraopreto.com.br","date":"17 de August de 2025","format":false,"excerpt":"O domingo (17) em Ribeir\u00e3o Preto ser\u00e1 ensolarado, com poucas nuvens e sem previs\u00e3o de chuva. Apesar da m\u00ednima de 16 \u00b0C, as temperaturas devem subir ao longo do dia e alcan\u00e7ar os 31 \u00b0C durante a tarde, segundo a Climatempo. A umidade relativa do ar varia entre 25% e\u2026","rel":"","context":"In &quot;Not\u00edcias de Ribeir\u00e3o Preto-SP e Regi\u00e3o&quot;","block_context":{"text":"Not\u00edcias de Ribeir\u00e3o Preto-SP e Regi\u00e3o","link":"https:\/\/noticiasribeiraopreto.com.br\/index.php\/category\/noticias-de-ribeirao-preto-sp-e-regiao-ismael-colosi\/"},"img":{"alt_text":"","src":"https:\/\/i0.wp.com\/noticiasribeiraopreto.com.br\/wp-content\/uploads\/2025\/08\/Imagem-do-WhatsApp-de-2025-08-10-as-09.21.15_9b79cfee_2025-08-10_12-29-12.webp.webp?fit=1200%2C675&ssl=1&resize=350%2C200","width":350,"height":200,"srcset":"https:\/\/i0.wp.com\/noticiasribeiraopreto.com.br\/wp-content\/uploads\/2025\/08\/Imagem-do-WhatsApp-de-2025-08-10-as-09.21.15_9b79cfee_2025-08-10_12-29-12.webp.webp?fit=1200%2C675&ssl=1&resize=350%2C200 1x, https:\/\/i0.wp.com\/noticiasribeiraopreto.com.br\/wp-content\/uploads\/2025\/08\/Imagem-do-WhatsApp-de-2025-08-10-as-09.21.15_9b79cfee_2025-08-10_12-29-12.webp.webp?fit=1200%2C675&ssl=1&resize=525%2C300 1.5x, https:\/\/i0.wp.com\/noticiasribeiraopreto.com.br\/wp-content\/uploads\/2025\/08\/Imagem-do-WhatsApp-de-2025-08-10-as-09.21.15_9b79cfee_2025-08-10_12-29-12.webp.webp?fit=1200%2C675&ssl=1&resize=700%2C400 2x, https:\/\/i0.wp.com\/noticiasribeiraopreto.com.br\/wp-content\/uploads\/2025\/08\/Imagem-do-WhatsApp-de-2025-08-10-as-09.21.15_9b79cfee_2025-08-10_12-29-12.webp.webp?fit=1200%2C675&ssl=1&resize=1050%2C600 3x"},"classes":[]},{"id":76222,"url":"https:\/\/noticiasribeiraopreto.com.br\/index.php\/2025\/08\/25\/veranico-chega-ao-fim-mas-baixa-umidade-mantem-alerta-no-interior-de-sp\/","url_meta":{"origin":75829,"position":3},"title":"Veranico chega ao fim, mas baixa umidade mant\u00e9m alerta no interior de SP","author":"noticiasribeiraopreto.com.br","date":"25 de August de 2025","format":false,"excerpt":"A passagem de uma frente fria em alto mar, nesta segunda-feira (25), traz ventos mais frios e \u00famidos para diversas regi\u00f5es de S\u00e3o Paulo, marcando o fim do veranico. No interior paulista, por\u00e9m, n\u00e3o h\u00e1 previs\u00e3o de frio intenso ou queda brusca nas temperaturas. De acordo com a Climatempo, Ribeir\u00e3o\u2026","rel":"","context":"In &quot;Not\u00edcias de Ribeir\u00e3o Preto-SP e Regi\u00e3o&quot;","block_context":{"text":"Not\u00edcias de Ribeir\u00e3o Preto-SP e Regi\u00e3o","link":"https:\/\/noticiasribeiraopreto.com.br\/index.php\/category\/noticias-de-ribeirao-preto-sp-e-regiao-ismael-colosi\/"},"img":{"alt_text":"","src":"https:\/\/i0.wp.com\/noticiasribeiraopreto.com.br\/wp-content\/uploads\/2025\/08\/WhatsApp-Image-2023-12-09-at-07.55.11.jpeg?fit=1200%2C675&ssl=1&resize=350%2C200","width":350,"height":200,"srcset":"https:\/\/i0.wp.com\/noticiasribeiraopreto.com.br\/wp-content\/uploads\/2025\/08\/WhatsApp-Image-2023-12-09-at-07.55.11.jpeg?fit=1200%2C675&ssl=1&resize=350%2C200 1x, https:\/\/i0.wp.com\/noticiasribeiraopreto.com.br\/wp-content\/uploads\/2025\/08\/WhatsApp-Image-2023-12-09-at-07.55.11.jpeg?fit=1200%2C675&ssl=1&resize=525%2C300 1.5x, https:\/\/i0.wp.com\/noticiasribeiraopreto.com.br\/wp-content\/uploads\/2025\/08\/WhatsApp-Image-2023-12-09-at-07.55.11.jpeg?fit=1200%2C675&ssl=1&resize=700%2C400 2x, https:\/\/i0.wp.com\/noticiasribeiraopreto.com.br\/wp-content\/uploads\/2025\/08\/WhatsApp-Image-2023-12-09-at-07.55.11.jpeg?fit=1200%2C675&ssl=1&resize=1050%2C600 3x"},"classes":[]},{"id":52567,"url":"https:\/\/noticiasribeiraopreto.com.br\/index.php\/2024\/06\/09\/ribeirao-segue-em-alerta-para-baixa-umidade-neste-domingo-veja-previsao-do-tempo\/","url_meta":{"origin":75829,"position":4},"title":"Ribeir\u00e3o segue em alerta para baixa umidade neste domingo; Veja previs\u00e3o do tempo","author":"noticiasribeiraopreto.com.br","date":"9 de June de 2024","format":false,"excerpt":"O interior de S\u00e3o Paulo segue com alerta do Instituto Nacional de Meteorologia (Inmet) para baixa umidade, neste domingo (09). Uma grande massa de ar seco predomina o Brasil e influencia \u00e1reas de todas as regi\u00f5es do pa\u00eds, de acordo com a Climatempo. Em Ribeir\u00e3o Preto, o Inmet prev\u00ea umidade\u2026","rel":"","context":"In &quot;Not\u00edcias de Ribeir\u00e3o Preto-SP e Regi\u00e3o&quot;","block_context":{"text":"Not\u00edcias de Ribeir\u00e3o Preto-SP e Regi\u00e3o","link":"https:\/\/noticiasribeiraopreto.com.br\/index.php\/category\/noticias-de-ribeirao-preto-sp-e-regiao-ismael-colosi\/"},"img":{"alt_text":"","src":"https:\/\/noticiasribeiraopreto.com.br\/wp-content\/uploads\/2023\/11\/whatsapp_image_2023-02-25_at_09_10_46_x1x.jpe","width":350,"height":200,"srcset":"https:\/\/noticiasribeiraopreto.com.br\/wp-content\/uploads\/2023\/11\/whatsapp_image_2023-02-25_at_09_10_46_x1x.jpe 1x, https:\/\/noticiasribeiraopreto.com.br\/wp-content\/uploads\/2023\/11\/whatsapp_image_2023-02-25_at_09_10_46_x1x.jpe 1.5x, https:\/\/noticiasribeiraopreto.com.br\/wp-content\/uploads\/2023\/11\/whatsapp_image_2023-02-25_at_09_10_46_x1x.jpe 2x, https:\/\/noticiasribeiraopreto.com.br\/wp-content\/uploads\/2023\/11\/whatsapp_image_2023-02-25_at_09_10_46_x1x.jpe 3x"},"classes":[]},{"id":69426,"url":"https:\/\/noticiasribeiraopreto.com.br\/index.php\/2025\/05\/06\/veranico-no-outono-entenda-o-bloqueio-que-causa-temperaturas-elevadas-no-interior-de-sp\/","url_meta":{"origin":75829,"position":5},"title":"Veranico no outono: Entenda o bloqueio que causa temperaturas elevadas no interior de SP","author":"noticiasribeiraopreto.com.br","date":"6 de May de 2025","format":false,"excerpt":"Um bloqueio atmosf\u00e9rico dificulta o deslocamento normal das frentes frias para o Sudeste, reduz a umidade do ar e diminui as condi\u00e7\u00f5es de chuva nesta semana. Segundo a Climatempo, as temperaturas ter\u00e3o uma grande eleva\u00e7\u00e3o nos pr\u00f3ximos dias. No interior de S\u00e3o Paulo, a previs\u00e3o aponta entre 3\u00b0C a 5\u00b0C\u2026","rel":"","context":"In &quot;Not\u00edcias de Ribeir\u00e3o Preto-SP e Regi\u00e3o&quot;","block_context":{"text":"Not\u00edcias de Ribeir\u00e3o Preto-SP e Regi\u00e3o","link":"https:\/\/noticiasribeiraopreto.com.br\/index.php\/category\/noticias-de-ribeirao-preto-sp-e-regiao-ismael-colosi\/"},"img":{"alt_text":"","src":"https:\/\/i0.wp.com\/noticiasribeiraopreto.com.br\/wp-content\/uploads\/2024\/09\/Imagem-do-WhatsApp-de-2024-09-05-as-12.42.28_b99b5e7f_2024-09-05_15-43-27_jpg_2024-09-05_15-43-28-scaled.webp.webp?fit=1200%2C494&ssl=1&resize=350%2C200","width":350,"height":200,"srcset":"https:\/\/i0.wp.com\/noticiasribeiraopreto.com.br\/wp-content\/uploads\/2024\/09\/Imagem-do-WhatsApp-de-2024-09-05-as-12.42.28_b99b5e7f_2024-09-05_15-43-27_jpg_2024-09-05_15-43-28-scaled.webp.webp?fit=1200%2C494&ssl=1&resize=350%2C200 1x, https:\/\/i0.wp.com\/noticiasribeiraopreto.com.br\/wp-content\/uploads\/2024\/09\/Imagem-do-WhatsApp-de-2024-09-05-as-12.42.28_b99b5e7f_2024-09-05_15-43-27_jpg_2024-09-05_15-43-28-scaled.webp.webp?fit=1200%2C494&ssl=1&resize=525%2C300 1.5x, https:\/\/i0.wp.com\/noticiasribeiraopreto.com.br\/wp-content\/uploads\/2024\/09\/Imagem-do-WhatsApp-de-2024-09-05-as-12.42.28_b99b5e7f_2024-09-05_15-43-27_jpg_2024-09-05_15-43-28-scaled.webp.webp?fit=1200%2C494&ssl=1&resize=700%2C400 2x, https:\/\/i0.wp.com\/noticiasribeiraopreto.com.br\/wp-content\/uploads\/2024\/09\/Imagem-do-WhatsApp-de-2024-09-05-as-12.42.28_b99b5e7f_2024-09-05_15-43-27_jpg_2024-09-05_15-43-28-scaled.webp.webp?fit=1200%2C494&ssl=1&resize=1050%2C600 3x"},"classes":[]}],"jetpack_sharing_enabled":true,"jetpack_shortlink":"https:\/\/wp.me\/peQAOb-jJ3","_links":{"self":[{"href":"https:\/\/noticiasribeiraopreto.com.br\/index.php\/wp-json\/wp\/v2\/posts\/75829","targetHints":{"allow":["GET"]}}],"collection":[{"href":"https:\/\/noticiasribeiraopreto.com.br\/index.php\/wp-json\/wp\/v2\/posts"}],"about":[{"href":"https:\/\/noticiasribeiraopreto.com.br\/index.php\/wp-json\/wp\/v2\/types\/post"}],"author":[{"embeddable":true,"href":"https:\/\/noticiasribeiraopreto.com.br\/index.php\/wp-json\/wp\/v2\/users\/1"}],"replies":[{"embeddable":true,"href":"https:\/\/noticiasribeiraopreto.com.br\/index.php\/wp-json\/wp\/v2\/comments?post=75829"}],"version-history":[{"count":0,"href":"https:\/\/noticiasribeiraopreto.com.br\/index.php\/wp-json\/wp\/v2\/posts\/75829\/revisions"}],"wp:featuredmedia":[{"embeddable":true,"href":"https:\/\/noticiasribeiraopreto.com.br\/index.php\/wp-json\/wp\/v2\/media\/75830"}],"wp:attachment":[{"href":"https:\/\/noticiasribeiraopreto.com.br\/index.php\/wp-json\/wp\/v2\/media?parent=75829"}],"wp:term":[{"taxonomy":"category","embeddable":true,"href":"https:\/\/noticiasribeiraopreto.com.br\/index.php\/wp-json\/wp\/v2\/categories?post=75829"},{"taxonomy":"post_tag","embeddable":true,"href":"https:\/\/noticiasribeiraopreto.com.br\/index.php\/wp-json\/wp\/v2\/tags?post=75829"}],"curies":[{"name":"wp","href":"https:\/\/api.w.org\/{rel}","templated":true}]}}