{"id":75831,"date":"2025-08-16T11:00:58","date_gmt":"2025-08-16T14:00:58","guid":{"rendered":"https:\/\/noticiasribeiraopreto.com.br\/index.php\/2025\/08\/16\/ubs-e-pioneira-em-teste-do-hpv\/"},"modified":"2025-08-16T11:00:58","modified_gmt":"2025-08-16T14:00:58","slug":"ubs-e-pioneira-em-teste-do-hpv","status":"publish","type":"post","link":"https:\/\/noticiasribeiraopreto.com.br\/index.php\/2025\/08\/16\/ubs-e-pioneira-em-teste-do-hpv\/","title":{"rendered":"UBS \u00e9 pioneira em teste do HPV"},"content":{"rendered":"<div class='code-block code-block-1' style='margin: 8px 0 8px auto; text-align: right; display: block; clear: both;'>\n<p><a href=\"https:\/\/wa.link\/vpicfd\"><img data-recalc-dims=\"1\" class=\"wp-image-4922\" style=\"aspect-ratio: 2.0253164556962027; width: 561px; height: auto;\" src=\"https:\/\/i0.wp.com\/ismaelcolosi.com.br\/wp-content\/uploads\/2023\/11\/grupo-de-empregos-whatsapp-e-facebook-ismael-colosi-vagas.jpg?ssl=1\" alt=\"\" \/><\/a><\/p>\n<!-- \/wp:image -->\n<\/div>\n<p> <br \/>\n<\/p>\n<div id=\"\">\n<p>\n\t\t\t\t\t\t\t\t\t<span class=\"entry-meta-item penci-posted-on\"><i class=\"fa fa-clock-o\"\/><time class=\"entry-date published updated\" datetime=\"2025-08-16T10:55:33-03:00\">16 de agosto de 2025 10:55<\/time><\/span><span class=\"entry-meta-item penci-post-countview\"><span class=\"entry-meta-item penci-post-countview penci_post-meta_item\"><i class=\"fa fa-eye\"\/><span class=\"penci-post-countview-number penci-post-countview-p435457\">0<\/span><\/span><\/span>\t\t\t\t\t\t\t\t<\/p>\n<p><!-- .entry-meta --><br \/>\n\t\t\t\t\t\t\t\t<span class=\"penci-social-buttons penci-social-share-footer\"><span class=\"penci-social-share-text\">Compartilhar<\/span><a href=\"#\" class=\"penci-post-like penci_post-meta_item  single-like-button penci-social-item like\" data-post_id=\"435457\" title=\"Like\" data-like=\"Like\" data-unlike=\"Unlike\"><i class=\"fa fa-thumbs-o-up\"\/><span class=\"penci-share-number\">0<\/span><\/a><i class=\"fa fa-facebook\"\/><a class=\"penci-social-item twitter\" target=\"_blank\" rel=\"noopener\" title=\"\" href=\"https:\/\/twitter.com\/intent\/tweet?text=UBS%20\u00e9%20pioneira%20em%20teste%20do%20HPV%20-%20https:\/\/www.tribunaribeirao.com.br\/ubs-e-pioneira-em-teste-do-hpv\/\"><i class=\"fa fa-twitter\"\/><\/a><i class=\"fa fa-linkedin\"\/><i class=\"fa fa-whatsapp\"\/><i class=\"fa fa-telegram\"\/><i class=\"fa fa-envelope\"\/><\/span>\t\t\t\t\t\t\t<\/div>\n<div>\n<p><i><span data-contrast=\"auto\">Lan\u00e7amento aconteceu na Unidade B\u00e1sica de Sa\u00fade Doutor\u00a0 S\u00e9rgio Botelho da Costa Moraes, a UBS do bairro Presidente Dutra<\/span><\/i><\/p>\n<p><span data-contrast=\"auto\">Ribeir\u00e3o Preto \u00e9 a primeira cidade do estado de S\u00e3o Paulo a adotar o novo modelo nacional de rastreamento do c\u00e2ncer de colo do \u00fatero, baseado em testagem molecular para detec\u00e7\u00e3o do v\u00edrus HPV. O lan\u00e7amento oficial aconteceu nesta sexta-feira, 15 de agosto, na Unidade B\u00e1sica de Sa\u00fade Doutor\u00a0 S\u00e9rgio Botelho da Costa Moraes, a UBS do bairro Presidente Dutra, a primeira do pa\u00eds a ser contemplada pelo programa Agora Tem Especialistas, do Minist\u00e9rio da Sa\u00fade.<\/span><\/p>\n<p><span data-contrast=\"auto\">O objetivo \u00e9 que, gradualmente, o exame de papanicolau seja substitu\u00eddo pelo teste molecular, mais sens\u00edvel para a detec\u00e7\u00e3o precoce de les\u00f5es causadas pelo HPV, principal agente respons\u00e1vel pelo c\u00e2ncer do colo de \u00fatero. O novo exame permitir\u00e1 maior intervalo entre as coletas, de tr\u00eas para cinco anos, com aumento na precis\u00e3o dos resultados. Com isso, al\u00e9m de melhorar a efic\u00e1cia do diagn\u00f3stico, a tecnologia permite ampliar o acesso e a ades\u00e3o das mulheres ao programa de preven\u00e7\u00e3o.<\/span><\/p>\n<p><span data-contrast=\"none\">Ofertada inicialmente em doze estados brasileiros, a tecnologia 100% nacional detecta 14 gen\u00f3tipos do papilomav\u00edrus humano (HPV), identificando a presen\u00e7a do v\u00edrus no organismo antes da ocorr\u00eancia de les\u00f5es ou c\u00e2ncer em est\u00e1gios iniciais. <\/span><\/p>\n<p><span data-contrast=\"none\">A oferta possibilitar\u00e1 o rastreamento precoce em cerca de 5,6 milh\u00f5es de mulheres em cinco anos, nos estados nos quais a iniciativa j\u00e1 come\u00e7a a ser oferecida gradualmente. Em S\u00e3o Paulo, o novo teste vai beneficiar, neste per\u00edodo, mais de 198 mil mulheres do munic\u00edpio de Ribeir\u00e3o Preto.<\/span><\/p>\n<p><span data-contrast=\"auto\">Ribeir\u00e3o Preto, reconhecida por sua rede estruturada de aten\u00e7\u00e3o b\u00e1sica, \u00e9 a primeira cidade paulista a operacionalizar o novo modelo. A escolha reflete a capacidade instalada do munic\u00edpio em implementar inova\u00e7\u00f5es em sa\u00fade p\u00fablica e monitorar resultados com rigor t\u00e9cnico.<\/span><\/p>\n<p><span data-contrast=\"auto\">\u201cA escolha de Ribeir\u00e3o Preto para iniciar esse novo modelo de rastreamento representa o reconhecimento do trabalho s\u00e9rio que temos feito na aten\u00e7\u00e3o b\u00e1sica. \u00c9 um avan\u00e7o que salva vidas e reafirma nosso compromisso com uma sa\u00fade p\u00fablica cada vez mais qualificada\u201d, afirma o secret\u00e1rio municipal de sa\u00fade, Mauricio Godinho.<\/span><\/p>\n<p><span data-contrast=\"auto\">Os testes ser\u00e3o disponibilizados gratuitamente pelo SUS a partir de setembro para mulheres com idade entre 30 e 65 anos, faixa et\u00e1ria considerada priorit\u00e1ria para o rastreamento. A oferta ser\u00e1 garantida em todas as UBS do munic\u00edpio. Profissionais da rede municipal ser\u00e3o capacitados diretamente pelo Minist\u00e9rio da Sa\u00fade para o manuseio da nova tecnologia e adapta\u00e7\u00e3o dos protocolos de atendimento.<\/span><\/p>\n<p><span data-contrast=\"auto\">\u201c\u00c9 uma honra pra Ribeir\u00e3o Preto ser refer\u00eancia nacional em um programa t\u00e3o importante. Investir em preven\u00e7\u00e3o \u00e9 uma das formas mais inteligentes de cuidar da popula\u00e7\u00e3o. A chegada do teste demonstra que estamos preparados para liderar a\u00e7\u00f5es modernas, baseadas em ci\u00eancia e com impacto direto na vida das pessoas\u201d, diz o prefeito Ricardo Silva (PSD). <\/span><\/p>\n<p><span data-contrast=\"auto\">A ado\u00e7\u00e3o do teste de DNA-HPV faz parte da estrat\u00e9gia do governo federal de reposicionar o rastreamento do c\u00e2ncer de colo do \u00fatero como uma prioridade nacional, com base em evid\u00eancias cient\u00edficas e protocolos j\u00e1 utilizados com sucesso em outros pa\u00edses. A meta, segundo o minist\u00e9rio, \u00e9 reduzir as taxas de mortalidade por esse tipo de c\u00e2ncer, que ainda figura entre os que mais afetam mulheres no Brasil.<\/span><\/p>\n<p><span data-ccp-props=\"{}\">\u00a0<\/span><\/p>\n<p><span data-contrast=\"auto\">\u00a0<\/span><span data-ccp-props=\"{}\">\u00a0<\/span><\/p>\n<\/div>\n<p><script async src=\"\/\/platform.twitter.com\/widgets.js\" charset=\"utf-8\"><\/script><br \/>\n<br \/><br \/>\n<br \/><a href=\"https:\/\/www.tribunaribeirao.com.br\/ubs-e-pioneira-em-teste-do-hpv\/\">Source link <\/a><\/p>\n<!-- CONTENT END 1 -->\n","protected":false},"excerpt":{"rendered":"<p>16 de agosto de 2025 10:550 Compartilhar0 Lan\u00e7amento aconteceu na Unidade B\u00e1sica de Sa\u00fade Doutor\u00a0 S\u00e9rgio Botelho da Costa Moraes, a UBS do bairro Presidente&#8230;<\/p>\n","protected":false},"author":1,"featured_media":75832,"comment_status":"open","ping_status":"open","sticky":false,"template":"","format":"standard","meta":{"advanced_seo_description":"","jetpack_seo_html_title":"","jetpack_seo_noindex":false,"jetpack_post_was_ever_published":false,"_jetpack_newsletter_access":"","_jetpack_dont_email_post_to_subs":false,"_jetpack_newsletter_tier_id":0,"_jetpack_memberships_contains_paywalled_content":false,"_jetpack_memberships_contains_paid_content":false,"footnotes":"","jetpack_publicize_message":"","jetpack_publicize_feature_enabled":true,"jetpack_social_post_already_shared":true,"jetpack_social_options":{"image_generator_settings":{"template":"highway","default_image_id":0,"font":"","enabled":false},"version":2}},"categories":[11],"tags":[],"class_list":["post-75831","post","type-post","status-publish","format-standard","has-post-thumbnail","hentry","category-noticias-de-ribeirao-preto-sp-e-regiao-ismael-colosi"],"jetpack_publicize_connections":[],"jetpack_featured_media_url":"https:\/\/i0.wp.com\/noticiasribeiraopreto.com.br\/wp-content\/uploads\/2025\/08\/HPV-Tes-Alfredo-Risk.jpg?fit=1000%2C667&ssl=1","jetpack-related-posts":[{"id":75848,"url":"https:\/\/noticiasribeiraopreto.com.br\/index.php\/2025\/08\/16\/ribeirao-preto-adota-novo-modelo-para-rastreamento-do-cancer-de-colo-de-utero\/","url_meta":{"origin":75831,"position":0},"title":"Ribeir\u00e3o Preto adota novo modelo para rastreamento do c\u00e2ncer de colo de \u00fatero","author":"noticiasribeiraopreto.com.br","date":"16 de August de 2025","format":false,"excerpt":"Ribeir\u00e3o Preto \u00e9 a primeira cidade do estado a adotar o novo modelo para rastreamento do c\u00e2ncer de colo do \u00fatero. O novo procedimento \u00e9 baseado em testagem molecular para detec\u00e7\u00e3o do v\u00edrus HPV. O lan\u00e7amento oficial aconteceu nesta sexta-feira (15), na UBS (Unidade B\u00e1sica de Sa\u00fade) Dr. S\u00e9rgio Botelho\u2026","rel":"","context":"In &quot;Not\u00edcias de Ribeir\u00e3o Preto-SP e Regi\u00e3o&quot;","block_context":{"text":"Not\u00edcias de Ribeir\u00e3o Preto-SP e Regi\u00e3o","link":"https:\/\/noticiasribeiraopreto.com.br\/index.php\/category\/noticias-de-ribeirao-preto-sp-e-regiao-ismael-colosi\/"},"img":{"alt_text":"","src":"https:\/\/i0.wp.com\/noticiasribeiraopreto.com.br\/wp-content\/uploads\/2025\/08\/novo-teste-hpv_2025-08-16_14-51-00.webp.webp?fit=1200%2C800&ssl=1&resize=350%2C200","width":350,"height":200,"srcset":"https:\/\/i0.wp.com\/noticiasribeiraopreto.com.br\/wp-content\/uploads\/2025\/08\/novo-teste-hpv_2025-08-16_14-51-00.webp.webp?fit=1200%2C800&ssl=1&resize=350%2C200 1x, https:\/\/i0.wp.com\/noticiasribeiraopreto.com.br\/wp-content\/uploads\/2025\/08\/novo-teste-hpv_2025-08-16_14-51-00.webp.webp?fit=1200%2C800&ssl=1&resize=525%2C300 1.5x, https:\/\/i0.wp.com\/noticiasribeiraopreto.com.br\/wp-content\/uploads\/2025\/08\/novo-teste-hpv_2025-08-16_14-51-00.webp.webp?fit=1200%2C800&ssl=1&resize=700%2C400 2x, https:\/\/i0.wp.com\/noticiasribeiraopreto.com.br\/wp-content\/uploads\/2025\/08\/novo-teste-hpv_2025-08-16_14-51-00.webp.webp?fit=1200%2C800&ssl=1&resize=1050%2C600 3x"},"classes":[]},{"id":59233,"url":"https:\/\/noticiasribeiraopreto.com.br\/index.php\/2024\/10\/18\/ribeirao-preto-tem-campanha-de-multivacinacao-neste-sabado-veja-postos\/","url_meta":{"origin":75831,"position":1},"title":"Ribeir\u00e3o Preto tem campanha de multivacina\u00e7\u00e3o neste s\u00e1bado; Veja postos","author":"noticiasribeiraopreto.com.br","date":"18 de October de 2024","format":false,"excerpt":"A Secretaria Municipal da Sa\u00fade de Ribeir\u00e3o Preto promove neste s\u00e1bado (19) a campanha de multivacina\u00e7\u00e3o para atualiza\u00e7\u00e3o da caderneta de vacina\u00e7\u00e3o de toda a popula\u00e7\u00e3o. A vacina\u00e7\u00e3o acontecer\u00e1 em 16 em postos de sa\u00fade de Ribeir\u00e3o, das 8h \u00e0s 16h30. O p\u00fablico-alvo s\u00e3o crian\u00e7as, adolescentes, adultos e idosos que\u2026","rel":"","context":"In &quot;Not\u00edcias de Ribeir\u00e3o Preto-SP e Regi\u00e3o&quot;","block_context":{"text":"Not\u00edcias de Ribeir\u00e3o Preto-SP e Regi\u00e3o","link":"https:\/\/noticiasribeiraopreto.com.br\/index.php\/category\/noticias-de-ribeirao-preto-sp-e-regiao-ismael-colosi\/"},"img":{"alt_text":"","src":"https:\/\/i0.wp.com\/noticiasribeiraopreto.com.br\/wp-content\/uploads\/2024\/06\/Copia-de-Copia-de-TAMANHO-EXATO-PARA-FOTOS-NO-SISTEMA-NOVO-10_2024-06-17_19-24-13_jpg_2024-06-17_19-24-13.webp.webp?fit=1200%2C675&ssl=1&resize=350%2C200","width":350,"height":200,"srcset":"https:\/\/i0.wp.com\/noticiasribeiraopreto.com.br\/wp-content\/uploads\/2024\/06\/Copia-de-Copia-de-TAMANHO-EXATO-PARA-FOTOS-NO-SISTEMA-NOVO-10_2024-06-17_19-24-13_jpg_2024-06-17_19-24-13.webp.webp?fit=1200%2C675&ssl=1&resize=350%2C200 1x, https:\/\/i0.wp.com\/noticiasribeiraopreto.com.br\/wp-content\/uploads\/2024\/06\/Copia-de-Copia-de-TAMANHO-EXATO-PARA-FOTOS-NO-SISTEMA-NOVO-10_2024-06-17_19-24-13_jpg_2024-06-17_19-24-13.webp.webp?fit=1200%2C675&ssl=1&resize=525%2C300 1.5x, https:\/\/i0.wp.com\/noticiasribeiraopreto.com.br\/wp-content\/uploads\/2024\/06\/Copia-de-Copia-de-TAMANHO-EXATO-PARA-FOTOS-NO-SISTEMA-NOVO-10_2024-06-17_19-24-13_jpg_2024-06-17_19-24-13.webp.webp?fit=1200%2C675&ssl=1&resize=700%2C400 2x, https:\/\/i0.wp.com\/noticiasribeiraopreto.com.br\/wp-content\/uploads\/2024\/06\/Copia-de-Copia-de-TAMANHO-EXATO-PARA-FOTOS-NO-SISTEMA-NOVO-10_2024-06-17_19-24-13_jpg_2024-06-17_19-24-13.webp.webp?fit=1200%2C675&ssl=1&resize=1050%2C600 3x"},"classes":[]},{"id":79601,"url":"https:\/\/noticiasribeiraopreto.com.br\/index.php\/2025\/11\/04\/ribeirao-preto-tem-dia-d-de-vacinacao-contra-dengue-e-hpv-saiba-quando\/","url_meta":{"origin":75831,"position":2},"title":"Ribeir\u00e3o Preto tem Dia D de vacina\u00e7\u00e3o contra dengue e HPV; Saiba quando","author":"noticiasribeiraopreto.com.br","date":"4 de November de 2025","format":false,"excerpt":"Ribeir\u00e3o Preto promove o Dia D de vacina\u00e7\u00e3o contra a dengue e o HPV, para crian\u00e7as e adolescentes. A a\u00e7\u00e3o acontece no pr\u00f3ximo s\u00e1bado (8) em todas as 38 salas de vacina do munic\u00edpio, das 8h \u00e0s 16h30. Clique aqui e veja os endere\u00e7os. Para a imuniza\u00e7\u00e3o \u00e9 necess\u00e1rio apresentar\u2026","rel":"","context":"In &quot;Not\u00edcias de Ribeir\u00e3o Preto-SP e Regi\u00e3o&quot;","block_context":{"text":"Not\u00edcias de Ribeir\u00e3o Preto-SP e Regi\u00e3o","link":"https:\/\/noticiasribeiraopreto.com.br\/index.php\/category\/noticias-de-ribeirao-preto-sp-e-regiao-ismael-colosi\/"},"img":{"alt_text":"","src":"https:\/\/i0.wp.com\/noticiasribeiraopreto.com.br\/wp-content\/uploads\/2025\/11\/vacinacao_h1n1_-_foto_fernando_gonzaga_1_2025-11-04_16-59-11.webp.webp?fit=1200%2C800&ssl=1&resize=350%2C200","width":350,"height":200,"srcset":"https:\/\/i0.wp.com\/noticiasribeiraopreto.com.br\/wp-content\/uploads\/2025\/11\/vacinacao_h1n1_-_foto_fernando_gonzaga_1_2025-11-04_16-59-11.webp.webp?fit=1200%2C800&ssl=1&resize=350%2C200 1x, https:\/\/i0.wp.com\/noticiasribeiraopreto.com.br\/wp-content\/uploads\/2025\/11\/vacinacao_h1n1_-_foto_fernando_gonzaga_1_2025-11-04_16-59-11.webp.webp?fit=1200%2C800&ssl=1&resize=525%2C300 1.5x, https:\/\/i0.wp.com\/noticiasribeiraopreto.com.br\/wp-content\/uploads\/2025\/11\/vacinacao_h1n1_-_foto_fernando_gonzaga_1_2025-11-04_16-59-11.webp.webp?fit=1200%2C800&ssl=1&resize=700%2C400 2x, https:\/\/i0.wp.com\/noticiasribeiraopreto.com.br\/wp-content\/uploads\/2025\/11\/vacinacao_h1n1_-_foto_fernando_gonzaga_1_2025-11-04_16-59-11.webp.webp?fit=1200%2C800&ssl=1&resize=1050%2C600 3x"},"classes":[]},{"id":81165,"url":"https:\/\/noticiasribeiraopreto.com.br\/index.php\/2025\/12\/26\/ribeirao-prorroga-vacinacao-contra-hpv-para-jovens-de-15-a-19-anos\/","url_meta":{"origin":75831,"position":3},"title":"Ribeir\u00e3o prorroga vacina\u00e7\u00e3o contra HPV para jovens de 15 a 19 anos","author":"noticiasribeiraopreto.com.br","date":"26 de December de 2025","format":false,"excerpt":"A Prefeitura de Ribeir\u00e3o Preto informou que foi prorrogada at\u00e9 junho de 2026, a vacina\u00e7\u00e3o contra o HPV para adolescentes de 15 a 19 anos no munic\u00edpio. Atualmente, a cobertura vacinal em Ribeir\u00e3o entre as meninas \u00e9 de 75,45% e entre os meninos, 62,94%, segundo a Administra\u00e7\u00e3o. A medida segue\u2026","rel":"","context":"In &quot;Not\u00edcias de Ribeir\u00e3o Preto-SP e Regi\u00e3o&quot;","block_context":{"text":"Not\u00edcias de Ribeir\u00e3o Preto-SP e Regi\u00e3o","link":"https:\/\/noticiasribeiraopreto.com.br\/index.php\/category\/noticias-de-ribeirao-preto-sp-e-regiao-ismael-colosi\/"},"img":{"alt_text":"","src":"https:\/\/i0.wp.com\/noticiasribeiraopreto.com.br\/wp-content\/uploads\/2025\/11\/vacinacao_h1n1_-_foto_fernando_gonzaga_1_2025-11-04_16-59-11.webp.webp?fit=1200%2C800&ssl=1&resize=350%2C200","width":350,"height":200,"srcset":"https:\/\/i0.wp.com\/noticiasribeiraopreto.com.br\/wp-content\/uploads\/2025\/11\/vacinacao_h1n1_-_foto_fernando_gonzaga_1_2025-11-04_16-59-11.webp.webp?fit=1200%2C800&ssl=1&resize=350%2C200 1x, https:\/\/i0.wp.com\/noticiasribeiraopreto.com.br\/wp-content\/uploads\/2025\/11\/vacinacao_h1n1_-_foto_fernando_gonzaga_1_2025-11-04_16-59-11.webp.webp?fit=1200%2C800&ssl=1&resize=525%2C300 1.5x, https:\/\/i0.wp.com\/noticiasribeiraopreto.com.br\/wp-content\/uploads\/2025\/11\/vacinacao_h1n1_-_foto_fernando_gonzaga_1_2025-11-04_16-59-11.webp.webp?fit=1200%2C800&ssl=1&resize=700%2C400 2x, https:\/\/i0.wp.com\/noticiasribeiraopreto.com.br\/wp-content\/uploads\/2025\/11\/vacinacao_h1n1_-_foto_fernando_gonzaga_1_2025-11-04_16-59-11.webp.webp?fit=1200%2C800&ssl=1&resize=1050%2C600 3x"},"classes":[]},{"id":41705,"url":"https:\/\/noticiasribeiraopreto.com.br\/index.php\/2024\/03\/10\/pastor-morre-em-acidente-em-estrada-na-regiao-de-ribeirao-preto\/","url_meta":{"origin":75831,"position":4},"title":"Pastor morre em acidente em estrada na regi\u00e3o de Ribeir\u00e3o Preto","author":"noticiasribeiraopreto.com.br","date":"10 de March de 2024","format":false,"excerpt":"Um pastor morreu em um acidente envolvendo dois ve\u00edculos na estrada que liga Pontal ao distrito de Cruz das Posses, em Sert\u00e3ozinho, na regi\u00e3o de Ribeir\u00e3o Preto. O acidente aconteceu na estrada vicinal El\u00eddio Marchesi, por volta das 21h30, do \u00faltimo s\u00e1bado (9). O pastor Osvaldo Jos\u00e9 Rodrigues, que estava\u2026","rel":"","context":"In &quot;Not\u00edcias de Ribeir\u00e3o Preto-SP e Regi\u00e3o&quot;","block_context":{"text":"Not\u00edcias de Ribeir\u00e3o Preto-SP e Regi\u00e3o","link":"https:\/\/noticiasribeiraopreto.com.br\/index.php\/category\/noticias-de-ribeirao-preto-sp-e-regiao-ismael-colosi\/"},"img":{"alt_text":"","src":"https:\/\/i0.wp.com\/noticiasribeiraopreto.com.br\/wp-content\/uploads\/2024\/03\/1710097542_acidadeon_logos_Prancheta-1-copia-12_edited.jpg?fit=1199%2C1200&ssl=1&resize=350%2C200","width":350,"height":200,"srcset":"https:\/\/i0.wp.com\/noticiasribeiraopreto.com.br\/wp-content\/uploads\/2024\/03\/1710097542_acidadeon_logos_Prancheta-1-copia-12_edited.jpg?fit=1199%2C1200&ssl=1&resize=350%2C200 1x, https:\/\/i0.wp.com\/noticiasribeiraopreto.com.br\/wp-content\/uploads\/2024\/03\/1710097542_acidadeon_logos_Prancheta-1-copia-12_edited.jpg?fit=1199%2C1200&ssl=1&resize=525%2C300 1.5x, https:\/\/i0.wp.com\/noticiasribeiraopreto.com.br\/wp-content\/uploads\/2024\/03\/1710097542_acidadeon_logos_Prancheta-1-copia-12_edited.jpg?fit=1199%2C1200&ssl=1&resize=700%2C400 2x, https:\/\/i0.wp.com\/noticiasribeiraopreto.com.br\/wp-content\/uploads\/2024\/03\/1710097542_acidadeon_logos_Prancheta-1-copia-12_edited.jpg?fit=1199%2C1200&ssl=1&resize=1050%2C600 3x"},"classes":[]},{"id":76657,"url":"https:\/\/noticiasribeiraopreto.com.br\/index.php\/2025\/09\/02\/ribeirao-preto-amplia-vacinacao-contra-hpv-saiba-quem-pode-se-vacinar\/","url_meta":{"origin":75831,"position":5},"title":"Ribeir\u00e3o Preto amplia vacina\u00e7\u00e3o contra HPV; saiba quem pode se vacinar","author":"noticiasribeiraopreto.com.br","date":"2 de September de 2025","format":false,"excerpt":"Adolescentes de 15 a 19 anos j\u00e1 podem receber a vacina contra o HPV em Ribeir\u00e3o Preto. Antes dispon\u00edvel apenas para jovens de 9 a 14 anos, a amplia\u00e7\u00e3o segue a diretriz do Minist\u00e9rio da Sa\u00fade. Quem pode se vacinar? O imunizante est\u00e1 dispon\u00edvel para adolescentes que nunca receberam a\u2026","rel":"","context":"In &quot;Not\u00edcias de Ribeir\u00e3o Preto-SP e Regi\u00e3o&quot;","block_context":{"text":"Not\u00edcias de Ribeir\u00e3o Preto-SP e Regi\u00e3o","link":"https:\/\/noticiasribeiraopreto.com.br\/index.php\/category\/noticias-de-ribeirao-preto-sp-e-regiao-ismael-colosi\/"},"img":{"alt_text":"","src":"https:\/\/i0.wp.com\/noticiasribeiraopreto.com.br\/wp-content\/uploads\/2025\/09\/Copia-de-Copia-de-Copia-de-TAMANHO-EXATO-PARA-FOTOS-NO-SISTEMA-NOVO-2025-09-02T175736.162_2025-09-02_20-57-51.webp.webp?fit=1200%2C675&ssl=1&resize=350%2C200","width":350,"height":200,"srcset":"https:\/\/i0.wp.com\/noticiasribeiraopreto.com.br\/wp-content\/uploads\/2025\/09\/Copia-de-Copia-de-Copia-de-TAMANHO-EXATO-PARA-FOTOS-NO-SISTEMA-NOVO-2025-09-02T175736.162_2025-09-02_20-57-51.webp.webp?fit=1200%2C675&ssl=1&resize=350%2C200 1x, https:\/\/i0.wp.com\/noticiasribeiraopreto.com.br\/wp-content\/uploads\/2025\/09\/Copia-de-Copia-de-Copia-de-TAMANHO-EXATO-PARA-FOTOS-NO-SISTEMA-NOVO-2025-09-02T175736.162_2025-09-02_20-57-51.webp.webp?fit=1200%2C675&ssl=1&resize=525%2C300 1.5x, https:\/\/i0.wp.com\/noticiasribeiraopreto.com.br\/wp-content\/uploads\/2025\/09\/Copia-de-Copia-de-Copia-de-TAMANHO-EXATO-PARA-FOTOS-NO-SISTEMA-NOVO-2025-09-02T175736.162_2025-09-02_20-57-51.webp.webp?fit=1200%2C675&ssl=1&resize=700%2C400 2x, https:\/\/i0.wp.com\/noticiasribeiraopreto.com.br\/wp-content\/uploads\/2025\/09\/Copia-de-Copia-de-Copia-de-TAMANHO-EXATO-PARA-FOTOS-NO-SISTEMA-NOVO-2025-09-02T175736.162_2025-09-02_20-57-51.webp.webp?fit=1200%2C675&ssl=1&resize=1050%2C600 3x"},"classes":[]}],"jetpack_sharing_enabled":true,"jetpack_shortlink":"https:\/\/wp.me\/peQAOb-jJ5","_links":{"self":[{"href":"https:\/\/noticiasribeiraopreto.com.br\/index.php\/wp-json\/wp\/v2\/posts\/75831","targetHints":{"allow":["GET"]}}],"collection":[{"href":"https:\/\/noticiasribeiraopreto.com.br\/index.php\/wp-json\/wp\/v2\/posts"}],"about":[{"href":"https:\/\/noticiasribeiraopreto.com.br\/index.php\/wp-json\/wp\/v2\/types\/post"}],"author":[{"embeddable":true,"href":"https:\/\/noticiasribeiraopreto.com.br\/index.php\/wp-json\/wp\/v2\/users\/1"}],"replies":[{"embeddable":true,"href":"https:\/\/noticiasribeiraopreto.com.br\/index.php\/wp-json\/wp\/v2\/comments?post=75831"}],"version-history":[{"count":0,"href":"https:\/\/noticiasribeiraopreto.com.br\/index.php\/wp-json\/wp\/v2\/posts\/75831\/revisions"}],"wp:featuredmedia":[{"embeddable":true,"href":"https:\/\/noticiasribeiraopreto.com.br\/index.php\/wp-json\/wp\/v2\/media\/75832"}],"wp:attachment":[{"href":"https:\/\/noticiasribeiraopreto.com.br\/index.php\/wp-json\/wp\/v2\/media?parent=75831"}],"wp:term":[{"taxonomy":"category","embeddable":true,"href":"https:\/\/noticiasribeiraopreto.com.br\/index.php\/wp-json\/wp\/v2\/categories?post=75831"},{"taxonomy":"post_tag","embeddable":true,"href":"https:\/\/noticiasribeiraopreto.com.br\/index.php\/wp-json\/wp\/v2\/tags?post=75831"}],"curies":[{"name":"wp","href":"https:\/\/api.w.org\/{rel}","templated":true}]}}