{"id":75833,"date":"2025-08-16T11:07:29","date_gmt":"2025-08-16T14:07:29","guid":{"rendered":"https:\/\/noticiasribeiraopreto.com.br\/index.php\/2025\/08\/16\/botafogo-enfrenta-dois-adversarios-ao-mesmo-tempo\/"},"modified":"2025-08-16T11:07:29","modified_gmt":"2025-08-16T14:07:29","slug":"botafogo-enfrenta-dois-adversarios-ao-mesmo-tempo","status":"publish","type":"post","link":"https:\/\/noticiasribeiraopreto.com.br\/index.php\/2025\/08\/16\/botafogo-enfrenta-dois-adversarios-ao-mesmo-tempo\/","title":{"rendered":"Botafogo enfrenta dois advers\u00e1rios ao mesmo tempo\u00a0"},"content":{"rendered":"<div class='code-block code-block-1' style='margin: 8px 0 8px auto; text-align: right; display: block; clear: both;'>\n<p><a href=\"https:\/\/wa.link\/vpicfd\"><img data-recalc-dims=\"1\" class=\"wp-image-4922\" style=\"aspect-ratio: 2.0253164556962027; width: 561px; height: auto;\" src=\"https:\/\/i0.wp.com\/ismaelcolosi.com.br\/wp-content\/uploads\/2023\/11\/grupo-de-empregos-whatsapp-e-facebook-ismael-colosi-vagas.jpg?ssl=1\" alt=\"\" \/><\/a><\/p>\n<!-- \/wp:image -->\n<\/div>\n<p> <br \/>\n<\/p>\n<div>\n<p><em>Pantera faz duelos decisivos com Remo, pela S\u00e9rie B, e Francana, pela Copa Paulista\u00a0<\/em><\/p>\n<p><b><i><span data-contrast=\"auto\">Por Hugo Luque<\/span><\/i><\/b><span data-ccp-props=\"{&quot;335551550&quot;:6,&quot;335551620&quot;:6}\">\u00a0<\/span><\/p>\n<p><span data-contrast=\"auto\">Alguns times brasileiros j\u00e1 disputaram partidas diferentes no mesmo dia, sendo um dos casos mais recentes o Flamengo, em 2024. O S\u00e3o Paulo foi o primeiro clube a entrar em campo em dois torneios oficiais diferentes na mesma data, em 1994, e at\u00e9 mesmo a sele\u00e7\u00e3o brasileira, em 21 de novembro de 1965, foi a campo no Maracan\u00e3 e no Pacaembu. Mas neste s\u00e1bado (16), o Botafogo completar\u00e1 uma fa\u00e7anha que promete dividir a aten\u00e7\u00e3o da torcida. Os compromissos do Pantera contra o Remo, pela S\u00e9rie B do Campeonato Brasileiro, e diante da Francana, pela Copa Paulista, coincidir\u00e3o at\u00e9 mesmo no hor\u00e1rio, ao menos em um dos per\u00edodos.<\/span><span data-ccp-props=\"{&quot;335551550&quot;:6,&quot;335551620&quot;:6}\">\u00a0<\/span><\/p>\n<p><span data-contrast=\"auto\">As duas partidas s\u00e3o decisivas para o Tricolor, que colocar\u00e1 \u00e0 prova a divis\u00e3o realizada dentro do clube para disputar as duas competi\u00e7\u00f5es. Conflitos de datas, no entanto, j\u00e1 aconteceram na hist\u00f3ria do pr\u00f3prio Botafogo. De acordo com o jornalista M\u00e1rcio Javaroni, historiador do Pantera, o conjunto ribeir\u00e3o-pretano entrou duas vezes em campo no mesmo nos dias 23 e 30 de julho de 1972, al\u00e9m de outras duas ocorr\u00eancias em 9 e 12 de outubro de 1988, quando atuou na segunda divis\u00e3o nacional e na Ta\u00e7a Jos\u00e9 Eduardo Farah.<\/span><span data-ccp-props=\"{&quot;335551550&quot;:6,&quot;335551620&quot;:6}\">\u00a0<\/span><\/p>\n<p><span data-contrast=\"auto\">O mais importante em 2025, segundo o pr\u00f3prio Bota j\u00e1 deixou claro, \u00e9 a S\u00e9rie B. No Mangueir\u00e3o, em Bel\u00e9m (PA), o time de Allan Aal enfrenta o Remo pela 22\u00aa segunda rodada da competi\u00e7\u00e3o, com o apito inicial programado para 16h. Na zona de rebaixamento, o Tricolor precisa reagir.<\/span><span data-ccp-props=\"{&quot;335551550&quot;:6,&quot;335551620&quot;:6}\">\u00a0<\/span><\/p>\n<p><span data-contrast=\"auto\">Nas \u00faltimas cinco rodadas, foram apenas uma vit\u00f3ria e quatro derrotas. A mais recente veio na partida passada, diante do Atl\u00e9tico-GO, fora de casa, por 2 a 0.<\/span><span data-ccp-props=\"{&quot;335551550&quot;:6,&quot;335551620&quot;:6}\">\u00a0<\/span><\/p>\n<p><span data-contrast=\"auto\">Com 21 pontos, os botafoguenses querem evitar a queda e fazem um campeonato diferente dos azulinos, que somam 33 e brigam por um posto no G-4. Nos cinco compromissos mais recentes, duas vit\u00f3rias, dois empates e uma derrota para os paraenses.<\/span><span data-ccp-props=\"{&quot;335551550&quot;:6,&quot;335551620&quot;:6}\">\u00a0<\/span><\/p>\n<p><span data-contrast=\"auto\">Foram apenas seis encontros oficiais entre as equipes em todos os tempos, com quatro vit\u00f3rias tricolores, dois empates e nenhuma derrota. Portanto, o Remo deve ser empurrado por sua torcida para quebrar o tabu.<\/span><span data-ccp-props=\"{&quot;335551550&quot;:6,&quot;335551620&quot;:6}\">\u00a0<\/span><\/p>\n<p><span data-contrast=\"auto\">Anunciados durante a semana, o zagueiro Vilar e os atacantes Guilherme Queiroz e Gabriel Barros podem estrear. Com a les\u00e3o de Ericson e a suspens\u00e3o de Alisson Cassiano, a tend\u00eancia \u00e9 que o defensor comece at\u00e9 mesmo entre os titulares nesta tarde.<\/span><span data-ccp-props=\"{&quot;335551550&quot;:6,&quot;335551620&quot;:6}\">\u00a0<\/span><\/p>\n<p><span data-contrast=\"auto\">Uma prov\u00e1vel escala\u00e7\u00e3o tem: Victor Souza; Jeferson, Vilar, Carlos Eduardo e Jean Victor (Gabriel Risso); Gabriel Bispo, Wesley Dias e Leandro Maciel; Jonathan Cafu, Jefferson Nem e L\u00e9o Gamalho.<\/span><span data-ccp-props=\"{&quot;335551550&quot;:6,&quot;335551620&quot;:6}\">\u00a0<\/span><\/p>\n<p><b><span data-contrast=\"auto\">Copa Paulista<\/span><\/b><span data-ccp-props=\"{&quot;335551550&quot;:6,&quot;335551620&quot;:6}\">\u00a0<\/span><\/p>\n<p><span data-contrast=\"auto\">Quando a bola rolar para o plantel principal na S\u00e9rie B, \u00e9 prov\u00e1vel que o \u201ctime B\u201d esteja a caminha do gramado para iniciar o segundo tempo do duelo com a Francana. Isso porque o cl\u00e1ssico regional, v\u00e1lido pela d\u00e9cima e \u00faltima rodada do Grupo 2 da Copa Paulista, come\u00e7a \u00e0s 15h.<\/span><span data-ccp-props=\"{&quot;335551550&quot;:6,&quot;335551620&quot;:6}\">\u00a0<\/span><\/p>\n<p><span data-contrast=\"auto\">O Botafogo precisa vencer para chegar \u00e0s oitavas de final do torneio estadual, que vale uma vaga na Copa do Brasil do ano que vem. Com nove pontos, o Pantera \u00e9 o quinto colocado da chave. A Francana tem 11 e ocupa a \u00faltima posi\u00e7\u00e3o do G-4. Portanto, um empate no Est\u00e1dio Santa Cruz\/Arena Nicnet classifica a Veterana. Os ingressos est\u00e3o \u00e0 venda nas bilheterias com pre\u00e7os \u00fanicos: R$ 20 a inteira e R$ 10 a meia-entrada.<\/span><span data-ccp-props=\"{&quot;335551550&quot;:6,&quot;335551620&quot;:6}\">\u00a0<\/span><\/p>\n<p><span data-contrast=\"auto\">Ap\u00f3s derrotar a Itapirense por 3 a 0 na \u00faltima rodada, o Tricolor ganhou sobrevida na Copa Paulista. A Francana, por sua vez, poderia garantir a vaga com uma vit\u00f3ria sobre o Uni\u00e3o S\u00e3o Jo\u00e3o, mas empatou em 1 a 1. No primeiro turno, o Bota empatou sem gols no Lanch\u00e3o com o rival alviverde.<\/span><span data-ccp-props=\"{&quot;335551550&quot;:6,&quot;335551620&quot;:6}\">\u00a0<\/span><\/p>\n<p><span data-contrast=\"auto\">Com Tortello e Franklin suspensos, mas Caio Dias de volta ap\u00f3s cumprir suspens\u00e3o, o respons\u00e1vel pela equipe alternativa, R\u00e9gis Angeli, deve levar a campo: Brenno; Lucas Mazetti, Caio Dias (Badar\u00f3), Rafael Milhorim e Rafinha; Tenner, Penha (Erik) e David Braw; Cau\u00e3 Lucas, Lucas Nathan e Gabriel Amaral.<\/span><span data-ccp-props=\"{&quot;335551550&quot;:6,&quot;335551620&quot;:6}\">\u00a0<\/span><\/p>\n<p><span data-ccp-props=\"{&quot;335551550&quot;:6,&quot;335551620&quot;:6}\">\u00a0<\/span><span data-ccp-props=\"{&quot;335551550&quot;:6,&quot;335551620&quot;:6}\">\u00a0<\/span><span data-ccp-props=\"{&quot;335551550&quot;:6,&quot;335551620&quot;:6}\">\u00a0<\/span><\/p>\n<\/div>\n<p><br \/>\n<br \/><a href=\"https:\/\/www.tribunaribeirao.com.br\/botafogo-enfrenta-dois-adversarios-ao-mesmo-tempo\/\">Source link <\/a><\/p>\n<!-- CONTENT END 1 -->\n","protected":false},"excerpt":{"rendered":"<p>Pantera faz duelos decisivos com Remo, pela S\u00e9rie B, e Francana, pela Copa Paulista\u00a0 Por Hugo Luque\u00a0 Alguns times brasileiros j\u00e1 disputaram partidas diferentes no&#8230;<\/p>\n","protected":false},"author":1,"featured_media":75834,"comment_status":"open","ping_status":"open","sticky":false,"template":"","format":"standard","meta":{"advanced_seo_description":"","jetpack_seo_html_title":"","jetpack_seo_noindex":false,"jetpack_post_was_ever_published":false,"_jetpack_newsletter_access":"","_jetpack_dont_email_post_to_subs":false,"_jetpack_newsletter_tier_id":0,"_jetpack_memberships_contains_paywalled_content":false,"_jetpack_memberships_contains_paid_content":false,"footnotes":"","jetpack_publicize_message":"","jetpack_publicize_feature_enabled":true,"jetpack_social_post_already_shared":true,"jetpack_social_options":{"image_generator_settings":{"template":"highway","default_image_id":0,"font":"","enabled":false},"version":2}},"categories":[11],"tags":[],"class_list":["post-75833","post","type-post","status-publish","format-standard","has-post-thumbnail","hentry","category-noticias-de-ribeirao-preto-sp-e-regiao-ismael-colosi"],"jetpack_publicize_connections":[],"jetpack_featured_media_url":"https:\/\/i0.wp.com\/noticiasribeiraopreto.com.br\/wp-content\/uploads\/2025\/08\/1-Botafogo-x-CRB-Raul-Ramos-2.jpg?fit=799%2C533&ssl=1","jetpack-related-posts":[{"id":75867,"url":"https:\/\/noticiasribeiraopreto.com.br\/index.php\/2025\/08\/16\/botafogo-empata-com-o-remo-fora-de-casa-pela-serie-b-do-brasileiro\/","url_meta":{"origin":75833,"position":0},"title":"Botafogo empata com o Remo fora de casa pela S\u00e9rie B do Brasileiro","author":"noticiasribeiraopreto.com.br","date":"16 de August de 2025","format":false,"excerpt":"O Botafogo empatou por 1 a 1 com o Remo na tarde deste s\u00e1bado (16), em jogo v\u00e1lido pela 22\u00aa rodada do Campeonato Brasileiro da S\u00e9rie B. A partida foi realizada no est\u00e1dio do Mangueir\u00e3o, em Bel\u00e9m, no Par\u00e1. Gols O Remo abriu o placar aos 27 minutos do primeiro\u2026","rel":"","context":"In &quot;Not\u00edcias de Ribeir\u00e3o Preto-SP e Regi\u00e3o&quot;","block_context":{"text":"Not\u00edcias de Ribeir\u00e3o Preto-SP e Regi\u00e3o","link":"https:\/\/noticiasribeiraopreto.com.br\/index.php\/category\/noticias-de-ribeirao-preto-sp-e-regiao-ismael-colosi\/"},"img":{"alt_text":"","src":"https:\/\/i0.wp.com\/noticiasribeiraopreto.com.br\/wp-content\/uploads\/2025\/08\/botafogo-remo_2025-08-16_20-41-42.webp.webp?fit=1200%2C900&ssl=1&resize=350%2C200","width":350,"height":200,"srcset":"https:\/\/i0.wp.com\/noticiasribeiraopreto.com.br\/wp-content\/uploads\/2025\/08\/botafogo-remo_2025-08-16_20-41-42.webp.webp?fit=1200%2C900&ssl=1&resize=350%2C200 1x, https:\/\/i0.wp.com\/noticiasribeiraopreto.com.br\/wp-content\/uploads\/2025\/08\/botafogo-remo_2025-08-16_20-41-42.webp.webp?fit=1200%2C900&ssl=1&resize=525%2C300 1.5x, https:\/\/i0.wp.com\/noticiasribeiraopreto.com.br\/wp-content\/uploads\/2025\/08\/botafogo-remo_2025-08-16_20-41-42.webp.webp?fit=1200%2C900&ssl=1&resize=700%2C400 2x, https:\/\/i0.wp.com\/noticiasribeiraopreto.com.br\/wp-content\/uploads\/2025\/08\/botafogo-remo_2025-08-16_20-41-42.webp.webp?fit=1200%2C900&ssl=1&resize=1050%2C600 3x"},"classes":[]},{"id":75489,"url":"https:\/\/noticiasribeiraopreto.com.br\/index.php\/2025\/08\/09\/botafogo-supera-itapirense-e-permanece-vivo-na-copa-paulista\/","url_meta":{"origin":75833,"position":1},"title":"Botafogo supera Itapirense e permanece vivo na Copa Paulista","author":"noticiasribeiraopreto.com.br","date":"9 de August de 2025","format":false,"excerpt":"Com empate no jogo da Francana, Pantera s\u00f3 depende de si para avan\u00e7ar 9 de agosto de 2025 18:449 de agosto de 2025 18:443 Compartilhar1 Por Hugo Luque O Botafogo respira na Copa Paulista. A equipe alternativa do Pantera venceu com tranquilidade a Itapirense por 3 a 0 neste s\u00e1bado\u2026","rel":"","context":"In &quot;Not\u00edcias de Ribeir\u00e3o Preto-SP e Regi\u00e3o&quot;","block_context":{"text":"Not\u00edcias de Ribeir\u00e3o Preto-SP e Regi\u00e3o","link":"https:\/\/noticiasribeiraopreto.com.br\/index.php\/category\/noticias-de-ribeirao-preto-sp-e-regiao-ismael-colosi\/"},"img":{"alt_text":"","src":"https:\/\/i0.wp.com\/noticiasribeiraopreto.com.br\/wp-content\/uploads\/2025\/08\/Itapirense-x-Botafogo-Divulgacao_Botafogo.jpg?fit=591%2C496&ssl=1&resize=350%2C200","width":350,"height":200,"srcset":"https:\/\/i0.wp.com\/noticiasribeiraopreto.com.br\/wp-content\/uploads\/2025\/08\/Itapirense-x-Botafogo-Divulgacao_Botafogo.jpg?fit=591%2C496&ssl=1&resize=350%2C200 1x, https:\/\/i0.wp.com\/noticiasribeiraopreto.com.br\/wp-content\/uploads\/2025\/08\/Itapirense-x-Botafogo-Divulgacao_Botafogo.jpg?fit=591%2C496&ssl=1&resize=525%2C300 1.5x"},"classes":[]},{"id":74112,"url":"https:\/\/noticiasribeiraopreto.com.br\/index.php\/2025\/07\/16\/botafogo-encara-francana-pela-copa-paulista\/","url_meta":{"origin":75833,"position":2},"title":"Botafogo encara Francana pela Copa Paulista","author":"noticiasribeiraopreto.com.br","date":"16 de July de 2025","format":false,"excerpt":"16 de julho de 2025 11:3016 de julho de 2025 09:105 Compartilhar0 Por Hugo Luque O Botafogo volta a campo com seu time alternativo nesta quarta-feira (16), \u00e0s 19h30, para enfrentar a Francana no Est\u00e1dio Municipal Doutor Lancha Filho, o Lanch\u00e3o, pela quinta rodada da Copa Paulista. A equipe ribeir\u00e3o-pretana\u2026","rel":"","context":"In &quot;Not\u00edcias de Ribeir\u00e3o Preto-SP e Regi\u00e3o&quot;","block_context":{"text":"Not\u00edcias de Ribeir\u00e3o Preto-SP e Regi\u00e3o","link":"https:\/\/noticiasribeiraopreto.com.br\/index.php\/category\/noticias-de-ribeirao-preto-sp-e-regiao-ismael-colosi\/"},"img":{"alt_text":"","src":"https:\/\/i0.wp.com\/noticiasribeiraopreto.com.br\/wp-content\/uploads\/2025\/07\/1-ATA-Pablo-Thomaz-Raul-Ramos-3.jpg?fit=799%2C533&ssl=1&resize=350%2C200","width":350,"height":200,"srcset":"https:\/\/i0.wp.com\/noticiasribeiraopreto.com.br\/wp-content\/uploads\/2025\/07\/1-ATA-Pablo-Thomaz-Raul-Ramos-3.jpg?fit=799%2C533&ssl=1&resize=350%2C200 1x, https:\/\/i0.wp.com\/noticiasribeiraopreto.com.br\/wp-content\/uploads\/2025\/07\/1-ATA-Pablo-Thomaz-Raul-Ramos-3.jpg?fit=799%2C533&ssl=1&resize=525%2C300 1.5x, https:\/\/i0.wp.com\/noticiasribeiraopreto.com.br\/wp-content\/uploads\/2025\/07\/1-ATA-Pablo-Thomaz-Raul-Ramos-3.jpg?fit=799%2C533&ssl=1&resize=700%2C400 2x"},"classes":[]},{"id":73777,"url":"https:\/\/noticiasribeiraopreto.com.br\/index.php\/2025\/07\/09\/botafogo-vence-primeira-na-copa-paulista\/","url_meta":{"origin":75833,"position":3},"title":"Botafogo vence primeira na Copa Paulista","author":"noticiasribeiraopreto.com.br","date":"9 de July de 2025","format":false,"excerpt":"Pablo Thomaz marca de p\u00eanalti e tira Pantera da lanterna do Grupo 2 9 de julho de 2025 17:042 Compartilhar1 Por Hugo Luque Ap\u00f3s um in\u00edcio ruim de Copa Paulista, o Botafogo respondeu com uma vit\u00f3ria por 1 a 0 sobre a Itapirense nesta quarta-feira (9), no Est\u00e1dio Santa Cruz,\u2026","rel":"","context":"In &quot;Not\u00edcias de Ribeir\u00e3o Preto-SP e Regi\u00e3o&quot;","block_context":{"text":"Not\u00edcias de Ribeir\u00e3o Preto-SP e Regi\u00e3o","link":"https:\/\/noticiasribeiraopreto.com.br\/index.php\/category\/noticias-de-ribeirao-preto-sp-e-regiao-ismael-colosi\/"},"img":{"alt_text":"","src":"https:\/\/i0.wp.com\/noticiasribeiraopreto.com.br\/wp-content\/uploads\/2025\/07\/Botafogo-x-Itapirense-Raul-Ramos-scaled.jpg?fit=1200%2C800&ssl=1&resize=350%2C200","width":350,"height":200,"srcset":"https:\/\/i0.wp.com\/noticiasribeiraopreto.com.br\/wp-content\/uploads\/2025\/07\/Botafogo-x-Itapirense-Raul-Ramos-scaled.jpg?fit=1200%2C800&ssl=1&resize=350%2C200 1x, https:\/\/i0.wp.com\/noticiasribeiraopreto.com.br\/wp-content\/uploads\/2025\/07\/Botafogo-x-Itapirense-Raul-Ramos-scaled.jpg?fit=1200%2C800&ssl=1&resize=525%2C300 1.5x, https:\/\/i0.wp.com\/noticiasribeiraopreto.com.br\/wp-content\/uploads\/2025\/07\/Botafogo-x-Itapirense-Raul-Ramos-scaled.jpg?fit=1200%2C800&ssl=1&resize=700%2C400 2x, https:\/\/i0.wp.com\/noticiasribeiraopreto.com.br\/wp-content\/uploads\/2025\/07\/Botafogo-x-Itapirense-Raul-Ramos-scaled.jpg?fit=1200%2C800&ssl=1&resize=1050%2C600 3x"},"classes":[]},{"id":75465,"url":"https:\/\/noticiasribeiraopreto.com.br\/index.php\/2025\/08\/09\/botafogo-joga-a-vida-na-copa-paulista-contra-itapirense\/","url_meta":{"origin":75833,"position":4},"title":"Botafogo joga a vida na Copa Paulista contra Itapirense\u00a0","author":"noticiasribeiraopreto.com.br","date":"9 de August de 2025","format":false,"excerpt":"9 de agosto de 2025 09:009 de agosto de 2025 06:3513 Compartilhar0 Pantera precisa de combina\u00e7\u00e3o de resultados para se manter vivo no torneio\u00a0 \u00a0 Por Hugo Luque\u00a0 O Botafogo joga sua vida na Copa Paulista neste s\u00e1bado (9), \u00e0s 16h, contra a Itapirense, no Est\u00e1dio Municipal Coronel Francisco Vieira,\u2026","rel":"","context":"In &quot;Not\u00edcias de Ribeir\u00e3o Preto-SP e Regi\u00e3o&quot;","block_context":{"text":"Not\u00edcias de Ribeir\u00e3o Preto-SP e Regi\u00e3o","link":"https:\/\/noticiasribeiraopreto.com.br\/index.php\/category\/noticias-de-ribeirao-preto-sp-e-regiao-ismael-colosi\/"},"img":{"alt_text":"","src":"https:\/\/i0.wp.com\/noticiasribeiraopreto.com.br\/wp-content\/uploads\/2025\/08\/botaf.jpg?fit=799%2C533&ssl=1&resize=350%2C200","width":350,"height":200,"srcset":"https:\/\/i0.wp.com\/noticiasribeiraopreto.com.br\/wp-content\/uploads\/2025\/08\/botaf.jpg?fit=799%2C533&ssl=1&resize=350%2C200 1x, https:\/\/i0.wp.com\/noticiasribeiraopreto.com.br\/wp-content\/uploads\/2025\/08\/botaf.jpg?fit=799%2C533&ssl=1&resize=525%2C300 1.5x, https:\/\/i0.wp.com\/noticiasribeiraopreto.com.br\/wp-content\/uploads\/2025\/08\/botaf.jpg?fit=799%2C533&ssl=1&resize=700%2C400 2x"},"classes":[]},{"id":75859,"url":"https:\/\/noticiasribeiraopreto.com.br\/index.php\/2025\/08\/16\/francana-elimina-botafogo-da-copa-paulista\/","url_meta":{"origin":75833,"position":5},"title":"Francana elimina Botafogo da Copa Paulista","author":"noticiasribeiraopreto.com.br","date":"16 de August de 2025","format":false,"excerpt":"Pantera trope\u00e7a em casa e cai na fase de grupos pelo segundo ano consecutivo 16 de agosto de 2025 17:301 Compartilhar0 Por Hugo Luque O Botafogo est\u00e1 eliminado da Copa Paulista. O Pantera foi derrotado pela Francana por 1 a 0 neste s\u00e1bado (16), no Est\u00e1dio Santa Cruz\/Arena Nicnet, pela\u2026","rel":"","context":"In &quot;Not\u00edcias de Ribeir\u00e3o Preto-SP e Regi\u00e3o&quot;","block_context":{"text":"Not\u00edcias de Ribeir\u00e3o Preto-SP e Regi\u00e3o","link":"https:\/\/noticiasribeiraopreto.com.br\/index.php\/category\/noticias-de-ribeirao-preto-sp-e-regiao-ismael-colosi\/"},"img":{"alt_text":"","src":"https:\/\/i0.wp.com\/noticiasribeiraopreto.com.br\/wp-content\/uploads\/2025\/08\/Botafogo-x-Francana-Joao-Victor-Menezes-de-Souza_Agencia-Botafogo-scaled.jpg?fit=780%2C780&ssl=1&resize=350%2C200","width":350,"height":200,"srcset":"https:\/\/i0.wp.com\/noticiasribeiraopreto.com.br\/wp-content\/uploads\/2025\/08\/Botafogo-x-Francana-Joao-Victor-Menezes-de-Souza_Agencia-Botafogo-scaled.jpg?fit=780%2C780&ssl=1&resize=350%2C200 1x, https:\/\/i0.wp.com\/noticiasribeiraopreto.com.br\/wp-content\/uploads\/2025\/08\/Botafogo-x-Francana-Joao-Victor-Menezes-de-Souza_Agencia-Botafogo-scaled.jpg?fit=780%2C780&ssl=1&resize=525%2C300 1.5x, https:\/\/i0.wp.com\/noticiasribeiraopreto.com.br\/wp-content\/uploads\/2025\/08\/Botafogo-x-Francana-Joao-Victor-Menezes-de-Souza_Agencia-Botafogo-scaled.jpg?fit=780%2C780&ssl=1&resize=700%2C400 2x"},"classes":[]}],"jetpack_sharing_enabled":true,"jetpack_shortlink":"https:\/\/wp.me\/peQAOb-jJ7","_links":{"self":[{"href":"https:\/\/noticiasribeiraopreto.com.br\/index.php\/wp-json\/wp\/v2\/posts\/75833","targetHints":{"allow":["GET"]}}],"collection":[{"href":"https:\/\/noticiasribeiraopreto.com.br\/index.php\/wp-json\/wp\/v2\/posts"}],"about":[{"href":"https:\/\/noticiasribeiraopreto.com.br\/index.php\/wp-json\/wp\/v2\/types\/post"}],"author":[{"embeddable":true,"href":"https:\/\/noticiasribeiraopreto.com.br\/index.php\/wp-json\/wp\/v2\/users\/1"}],"replies":[{"embeddable":true,"href":"https:\/\/noticiasribeiraopreto.com.br\/index.php\/wp-json\/wp\/v2\/comments?post=75833"}],"version-history":[{"count":0,"href":"https:\/\/noticiasribeiraopreto.com.br\/index.php\/wp-json\/wp\/v2\/posts\/75833\/revisions"}],"wp:featuredmedia":[{"embeddable":true,"href":"https:\/\/noticiasribeiraopreto.com.br\/index.php\/wp-json\/wp\/v2\/media\/75834"}],"wp:attachment":[{"href":"https:\/\/noticiasribeiraopreto.com.br\/index.php\/wp-json\/wp\/v2\/media?parent=75833"}],"wp:term":[{"taxonomy":"category","embeddable":true,"href":"https:\/\/noticiasribeiraopreto.com.br\/index.php\/wp-json\/wp\/v2\/categories?post=75833"},{"taxonomy":"post_tag","embeddable":true,"href":"https:\/\/noticiasribeiraopreto.com.br\/index.php\/wp-json\/wp\/v2\/tags?post=75833"}],"curies":[{"name":"wp","href":"https:\/\/api.w.org\/{rel}","templated":true}]}}