{"id":75835,"date":"2025-08-16T11:13:52","date_gmt":"2025-08-16T14:13:52","guid":{"rendered":"https:\/\/noticiasribeiraopreto.com.br\/index.php\/2025\/08\/16\/tremembe-deixara-de-receber-celebridades\/"},"modified":"2025-08-16T11:13:52","modified_gmt":"2025-08-16T14:13:52","slug":"tremembe-deixara-de-receber-celebridades","status":"publish","type":"post","link":"https:\/\/noticiasribeiraopreto.com.br\/index.php\/2025\/08\/16\/tremembe-deixara-de-receber-celebridades\/","title":{"rendered":"Trememb\u00e9 deixar\u00e1 de receber celebridades\u00a0"},"content":{"rendered":"<div class='code-block code-block-1' style='margin: 8px 0 8px auto; text-align: right; display: block; clear: both;'>\n<p><a href=\"https:\/\/wa.link\/vpicfd\"><img data-recalc-dims=\"1\" class=\"wp-image-4922\" style=\"aspect-ratio: 2.0253164556962027; width: 561px; height: auto;\" src=\"https:\/\/i0.wp.com\/ismaelcolosi.com.br\/wp-content\/uploads\/2023\/11\/grupo-de-empregos-whatsapp-e-facebook-ismael-colosi-vagas.jpg?ssl=1\" alt=\"\" \/><\/a><\/p>\n<!-- \/wp:image -->\n<\/div>\n<p> <br \/>\n<\/p>\n<div id=\"\">\n<p>\n\t\t\t\t\t\t\t\t\t<span class=\"entry-meta-item penci-posted-on\"><i class=\"fa fa-clock-o\"\/><time class=\"entry-date published updated\" datetime=\"2025-08-16T11:02:06-03:00\">16 de agosto de 2025 11:02<\/time><\/span><span class=\"entry-meta-item penci-post-countview\"><span class=\"entry-meta-item penci-post-countview penci_post-meta_item\"><i class=\"fa fa-eye\"\/><span class=\"penci-post-countview-number penci-post-countview-p435461\">8<\/span><\/span><\/span>\t\t\t\t\t\t\t\t<\/p>\n<p><!-- .entry-meta --><br \/>\n\t\t\t\t\t\t\t\t<span class=\"penci-social-buttons penci-social-share-footer\"><span class=\"penci-social-share-text\">Compartilhar<\/span><a href=\"#\" class=\"penci-post-like penci_post-meta_item  single-like-button penci-social-item like\" data-post_id=\"435461\" title=\"Like\" data-like=\"Like\" data-unlike=\"Unlike\"><i class=\"fa fa-thumbs-o-up\"\/><span class=\"penci-share-number\">0<\/span><\/a><i class=\"fa fa-facebook\"\/><a class=\"penci-social-item twitter\" target=\"_blank\" rel=\"noopener\" title=\"\" href=\"https:\/\/twitter.com\/intent\/tweet?text=Trememb\u00e9%20deixar\u00e1%20de%20receber%20celebridades\u00a0%20-%20https:\/\/www.tribunaribeirao.com.br\/tremembe-deixara-de-receber-celebridades\/\"><i class=\"fa fa-twitter\"\/><\/a><i class=\"fa fa-linkedin\"\/><i class=\"fa fa-whatsapp\"\/><i class=\"fa fa-telegram\"\/><i class=\"fa fa-envelope\"\/><\/span>\t\t\t\t\t\t\t<\/div>\n<div>\n<p><span class=\"TextRun SCXW51474207 BCX8\" lang=\"PT-BR\" xml:lang=\"PT-BR\" data-contrast=\"auto\"><span class=\"NormalTextRun SCXW51474207 BCX8\">A Penitenci\u00e1ria 2 de Trememb\u00e9, conhecida por abrigar condenados famosos, como o ex-jogador Robinho e o empres\u00e1rio Thiago Brennand, que est\u00e3o l\u00e1, e Alexandre <\/span><span class=\"NormalTextRun SpellingErrorV2Themed SCXW51474207 BCX8\">Nardoni<\/span><span class=\"NormalTextRun SCXW51474207 BCX8\">, Roger Abdelmassih e Cristian Cravinhos, que j\u00e1 estiveram presos no local, vai deixar de receber detentos com esse perfil. Os atuais ocupantes do pres\u00eddio ser\u00e3o transferidos e a penitenci\u00e1ria passar\u00e1 a abrigar detentos com outro perfil.<\/span><\/span><span class=\"LineBreakBlob BlobObject DragDrop SCXW51474207 BCX8\"><span class=\"SCXW51474207 BCX8\">\u00a0<\/span><br class=\"SCXW51474207 BCX8\"\/><\/span><span class=\"LineBreakBlob BlobObject DragDrop SCXW51474207 BCX8\"><span class=\"SCXW51474207 BCX8\">\u00a0<\/span><br class=\"SCXW51474207 BCX8\"\/><\/span><span class=\"TextRun SCXW51474207 BCX8\" lang=\"PT-BR\" xml:lang=\"PT-BR\" data-contrast=\"auto\"><span class=\"NormalTextRun SCXW51474207 BCX8\">Acusado da morte de seu enteado, o menino Joaquim Ponte Marques, de 3 anos, em novembro de 2013, <\/span><span class=\"NormalTextRun SCXW51474207 BCX8\">em Ribeir\u00e3o Preto, <\/span><span class=\"NormalTextRun SCXW51474207 BCX8\">o padrasto Guilherme <\/span><span class=\"NormalTextRun SpellingErrorV2Themed SCXW51474207 BCX8\">Raymo<\/span><span class=\"NormalTextRun SCXW51474207 BCX8\"> Longo, de 3<\/span><span class=\"NormalTextRun SCXW51474207 BCX8\">9<\/span><span class=\"NormalTextRun SCXW51474207 BCX8\"> anos, condenado <\/span><span class=\"NormalTextRun SCXW51474207 BCX8\">em <\/span><span class=\"NormalTextRun SCXW51474207 BCX8\">21<\/span><span class=\"NormalTextRun SCXW51474207 BCX8\"> de outubro de 2024<\/span><span class=\"NormalTextRun SCXW51474207 BCX8\"> a 40 anos de pris\u00e3o, sem direito a recorrer em liberdade<\/span><span class=\"NormalTextRun SCXW51474207 BCX8\">, tamb\u00e9m est\u00e1 preso em Trememb\u00e9<\/span><span class=\"NormalTextRun SCXW51474207 BCX8\">. <\/span><\/span><span class=\"LineBreakBlob BlobObject DragDrop SCXW51474207 BCX8\"><span class=\"SCXW51474207 BCX8\">\u00a0<\/span><br class=\"SCXW51474207 BCX8\"\/><\/span><span class=\"LineBreakBlob BlobObject DragDrop SCXW51474207 BCX8\"><span class=\"SCXW51474207 BCX8\">\u00a0<\/span><br class=\"SCXW51474207 BCX8\"\/><\/span><span class=\"TextRun SCXW51474207 BCX8\" lang=\"PT-BR\" xml:lang=\"PT-BR\" data-contrast=\"auto\"><span class=\"NormalTextRun SCXW51474207 BCX8\">O Tribunal de Justi\u00e7a de S\u00e3o Paulo (TJSP) confirmou ter sido cientificado da transfer\u00eancia.<\/span><span class=\"NormalTextRun SCXW51474207 BCX8\"> O<\/span><span class=\"NormalTextRun SCXW51474207 BCX8\">s detentos famosos ser\u00e3o transferidos para a <\/span><span class=\"NormalTextRun SCXW51474207 BCX8\">P<\/span><span class=\"NormalTextRun SCXW51474207 BCX8\">enitenci\u00e1ria de Potim, a cerca de 45 quil\u00f4metros do pres\u00eddio de Trememb\u00e9.<\/span> <span class=\"NormalTextRun SCXW51474207 BCX8\">Consultada, a Secretaria Estadual de Administra\u00e7\u00e3o Penitenci\u00e1ria (SAP) afirmou que, \u201cpor motivo de seguran\u00e7a, n\u00e3o comenta movimenta\u00e7\u00f5es de presos\u201d.<\/span><\/span><span class=\"LineBreakBlob BlobObject DragDrop SCXW51474207 BCX8\"><span class=\"SCXW51474207 BCX8\">\u00a0<\/span><br class=\"SCXW51474207 BCX8\"\/><\/span><span class=\"LineBreakBlob BlobObject DragDrop SCXW51474207 BCX8\"><span class=\"SCXW51474207 BCX8\">\u00a0<\/span><br class=\"SCXW51474207 BCX8\"\/><\/span><span class=\"TextRun SCXW51474207 BCX8\" lang=\"PT-BR\" xml:lang=\"PT-BR\" data-contrast=\"auto\"><span class=\"NormalTextRun SCXW51474207 BCX8\">A penitenci\u00e1ria, cujo nome oficial \u00e9 Jos\u00e9 Augusto C\u00e9sar Salgado, tem capacidade para 348 pessoas e atende os regimes semiaberto e fechado.<\/span> <span class=\"NormalTextRun SCXW51474207 BCX8\">Inaugurada em 1955, tem \u00e1rea de 8,4 mil metros quadrados e \u00e9 dividida em dois pavilh\u00f5es de regime fechado e um alojamento para os presos do semiaberto.<\/span><\/span><span class=\"LineBreakBlob BlobObject DragDrop SCXW51474207 BCX8\"><span class=\"SCXW51474207 BCX8\">\u00a0<\/span><br class=\"SCXW51474207 BCX8\"\/><\/span><span class=\"LineBreakBlob BlobObject DragDrop SCXW51474207 BCX8\"><span class=\"SCXW51474207 BCX8\">\u00a0<\/span><br class=\"SCXW51474207 BCX8\"\/><\/span><span class=\"TextRun SCXW51474207 BCX8\" lang=\"PT-BR\" xml:lang=\"PT-BR\" data-contrast=\"auto\"><span class=\"NormalTextRun SCXW51474207 BCX8\">O pres\u00eddio tem celas para at\u00e9 oito presos, al\u00e9m de nove celas individuais. Os detentos podem sair uma vez por dia para o banho de sol. H\u00e1 tamb\u00e9m cozinha, igreja, sala de aula, biblioteca, campo de futebol e horta.<\/span> <span class=\"NormalTextRun SCXW51474207 BCX8\">A penitenci\u00e1ria tamb\u00e9m tem f\u00e1bricas da Funda\u00e7\u00e3o Prof<\/span><span class=\"NormalTextRun SCXW51474207 BCX8\">essor Doutor <\/span><span class=\"NormalTextRun SCXW51474207 BCX8\">Manoel Pedro Pimentel, que permitem que os presos trabalhem dentro da unidade. <\/span><\/span><span class=\"LineBreakBlob BlobObject DragDrop SCXW51474207 BCX8\"><span class=\"SCXW51474207 BCX8\">\u00a0<\/span><br class=\"SCXW51474207 BCX8\"\/><\/span><span class=\"LineBreakBlob BlobObject DragDrop SCXW51474207 BCX8\"><span class=\"SCXW51474207 BCX8\">\u00a0<\/span><br class=\"SCXW51474207 BCX8\"\/><\/span><span class=\"TextRun SCXW51474207 BCX8\" lang=\"PT-BR\" xml:lang=\"PT-BR\" data-contrast=\"auto\"><span class=\"NormalTextRun SCXW51474207 BCX8\">H\u00e1 oferta de cursos de capacita\u00e7\u00e3o profissional em oficinas que integram o programa de remi\u00e7\u00e3o de pena pelo trabalho.<\/span> <span class=\"NormalTextRun SCXW51474207 BCX8\">Condenado na It\u00e1lia por estupro de uma mulher em uma boate de Mil\u00e3o, Robinho est\u00e1 no Centro Penitenci\u00e1rio Trememb\u00e9 II desde mar\u00e7o do ano passado. <\/span><\/span><span class=\"LineBreakBlob BlobObject DragDrop SCXW51474207 BCX8\"><span class=\"SCXW51474207 BCX8\">\u00a0<\/span><br class=\"SCXW51474207 BCX8\"\/><\/span><span class=\"LineBreakBlob BlobObject DragDrop SCXW51474207 BCX8\"><span class=\"SCXW51474207 BCX8\">\u00a0<\/span><br class=\"SCXW51474207 BCX8\"\/><\/span><span class=\"TextRun SCXW51474207 BCX8\" lang=\"PT-BR\" xml:lang=\"PT-BR\" data-contrast=\"auto\"><span class=\"NormalTextRun SCXW51474207 BCX8\">Elizabete Eug\u00eanio <\/span><span class=\"NormalTextRun SpellingErrorV2Themed SCXW51474207 BCX8\">Arraba\u00e7a<\/span> <span class=\"NormalTextRun SpellingErrorV2Themed SCXW51474207 BCX8\">Garnica<\/span><span class=\"NormalTextRun SCXW51474207 BCX8\">, de 68 anos<\/span><span class=\"NormalTextRun SCXW51474207 BCX8\">, ser\u00e1 transferida <\/span><span class=\"NormalTextRun SCXW51474207 BCX8\">de Votorantim <\/span><span class=\"NormalTextRun SCXW51474207 BCX8\">para a Penitenci\u00e1ria feminina de Trememb\u00e9. Ela responde a cinco inqu\u00e9ritos<\/span><span class=\"NormalTextRun SCXW51474207 BCX8\">. <\/span><span class=\"NormalTextRun SCXW51474207 BCX8\">Ao <\/span><span class=\"NormalTextRun SpellingErrorV2Themed SCXW51474207 BCX8\">mlado<\/span><span class=\"NormalTextRun SCXW51474207 BCX8\"> do filho, \u00e9 suspeita de ter assassinado com o veneno <\/span><span class=\"NormalTextRun SCXW51474207 BCX8\">\u201cchumbinho\u201d a <\/span><span class=\"NormalTextRun SCXW51474207 BCX8\">nora Larissa <\/span><span class=\"NormalTextRun SpellingErrorV2Themed SCXW51474207 BCX8\">Talle<\/span><span class=\"NormalTextRun SCXW51474207 BCX8\"> Le\u00f4ncio Rodrigues, <\/span><span class=\"NormalTextRun SCXW51474207 BCX8\">de 37 anos, em <\/span><span class=\"NormalTextRun SCXW51474207 BCX8\">22 de mar\u00e7o<\/span><span class=\"NormalTextRun SCXW51474207 BCX8\">, e a filha Nath\u00e1lia <\/span><span class=\"NormalTextRun SpellingErrorV2Themed SCXW51474207 BCX8\">Garnica<\/span><span class=\"NormalTextRun SCXW51474207 BCX8\">, de 42, em 9 de fevereiro <\/span><span class=\"NormalTextRun SCXW51474207 BCX8\">deste ano<\/span><span class=\"NormalTextRun SCXW51474207 BCX8\">. Tamb\u00e9m \u00e9 investigada pel<\/span><span class=\"NormalTextRun SCXW51474207 BCX8\">a <\/span><span class=\"NormalTextRun SCXW51474207 BCX8\">morte da <\/span><span class=\"NormalTextRun SCXW51474207 BCX8\">aposentada \u00c9lide Guid<\/span><span class=\"NormalTextRun SCXW51474207 BCX8\">i<\/span><span class=\"NormalTextRun SCXW51474207 BCX8\">,<\/span><span class=\"NormalTextRun SCXW51474207 BCX8\"> falecida em 2016, aos 80 anos<\/span><span class=\"NormalTextRun SCXW51474207 BCX8\">. <\/span><\/span><span class=\"LineBreakBlob BlobObject DragDrop SCXW51474207 BCX8\"><span class=\"SCXW51474207 BCX8\">\u00a0<\/span><br class=\"SCXW51474207 BCX8\"\/><\/span><span class=\"LineBreakBlob BlobObject DragDrop SCXW51474207 BCX8\"><span class=\"SCXW51474207 BCX8\">\u00a0<\/span><br class=\"SCXW51474207 BCX8\"\/><\/span><span class=\"TextRun SCXW51474207 BCX8\" lang=\"PT-BR\" xml:lang=\"PT-BR\" data-contrast=\"auto\"><span class=\"NormalTextRun SCXW51474207 BCX8\">O pres\u00eddio feminino tamb\u00e9m j\u00e1 foi lar de famosas, como <\/span><span class=\"NormalTextRun SCXW51474207 BCX8\">Suzane von Richthofen<\/span><span class=\"NormalTextRun SCXW51474207 BCX8\"> (hoje <\/span><span class=\"NormalTextRun SCXW51474207 BCX8\">Suzane Louise Magnani Muniz<\/span><span class=\"NormalTextRun SCXW51474207 BCX8\">), <\/span><span class=\"NormalTextRun ContextualSpellingAndGrammarErrorV2Themed SCXW51474207 BCX8\">condenada\u00a0<\/span> <span class=\"NormalTextRun ContextualSpellingAndGrammarErrorV2Themed SCXW51474207 BCX8\">a<\/span> <span class=\"NormalTextRun SCXW51474207 BCX8\">39 anos e seis meses de pris\u00e3o <\/span><span class=\"NormalTextRun SCXW51474207 BCX8\">por assassinar <\/span><span class=\"NormalTextRun SCXW51474207 BCX8\">os pais, o casal Manfred e Mar\u00edsia von Richthofen, <\/span><span class=\"NormalTextRun SCXW51474207 BCX8\">em outubro de 2002, e <\/span><span class=\"NormalTextRun SpellingErrorV2Themed SCXW51474207 BCX8\">Elize<\/span><span class=\"NormalTextRun SCXW51474207 BCX8\"> Kitano Matsunaga (atualmente <\/span><span class=\"NormalTextRun SpellingErrorV2Themed SCXW51474207 BCX8\">Elize<\/span><span class=\"NormalTextRun SCXW51474207 BCX8\"> Ara\u00fajo <\/span><span class=\"NormalTextRun SpellingErrorV2Themed SCXW51474207 BCX8\">Giacomini<\/span><span class=\"NormalTextRun SCXW51474207 BCX8\">)<\/span><span class=\"NormalTextRun SCXW51474207 BCX8\">, que <\/span><span class=\"NormalTextRun SpellingErrorV2Themed SCXW51474207 BCX8\">boegou<\/span><span class=\"NormalTextRun SCXW51474207 BCX8\"> mais de 19 anos por matar o marido, o <\/span><span class=\"NormalTextRun SCXW51474207 BCX8\">empres\u00e1rio Marcos Kitano Matsunaga, diretor executivo da empresa aliment\u00edcia Yoki,<\/span> <span class=\"NormalTextRun SCXW51474207 BCX8\">em 19 de maio de 2012<\/span><span class=\"NormalTextRun SCXW51474207 BCX8\">. Ela atirou na cabe\u00e7a dele e depois esquartejou o corpo<\/span><span class=\"NormalTextRun SCXW51474207 BCX8\">.<\/span><\/span><span class=\"LineBreakBlob BlobObject DragDrop SCXW51474207 BCX8\"><span class=\"SCXW51474207 BCX8\">\u00a0<\/span><br class=\"SCXW51474207 BCX8\"\/><\/span><span class=\"LineBreakBlob BlobObject DragDrop SCXW51474207 BCX8\"><span class=\"SCXW51474207 BCX8\">\u00a0<\/span><br class=\"SCXW51474207 BCX8\"\/><\/span><span class=\"LineBreakBlob BlobObject DragDrop SCXW51474207 BCX8\"><br class=\"SCXW51474207 BCX8\"\/><\/span><\/p>\n<\/div>\n<p><script async src=\"\/\/platform.twitter.com\/widgets.js\" charset=\"utf-8\"><\/script><br \/>\n<br \/><br \/>\n<br \/><a href=\"https:\/\/www.tribunaribeirao.com.br\/tremembe-deixara-de-receber-celebridades\/\">Source link <\/a><\/p>\n<!-- CONTENT END 1 -->\n","protected":false},"excerpt":{"rendered":"<p>16 de agosto de 2025 11:028 Compartilhar0 A Penitenci\u00e1ria 2 de Trememb\u00e9, conhecida por abrigar condenados famosos, como o ex-jogador Robinho e o empres\u00e1rio Thiago&#8230;<\/p>\n","protected":false},"author":1,"featured_media":75836,"comment_status":"open","ping_status":"open","sticky":false,"template":"","format":"standard","meta":{"advanced_seo_description":"","jetpack_seo_html_title":"","jetpack_seo_noindex":false,"jetpack_post_was_ever_published":false,"_jetpack_newsletter_access":"","_jetpack_dont_email_post_to_subs":false,"_jetpack_newsletter_tier_id":0,"_jetpack_memberships_contains_paywalled_content":false,"_jetpack_memberships_contains_paid_content":false,"footnotes":"","jetpack_publicize_message":"","jetpack_publicize_feature_enabled":true,"jetpack_social_post_already_shared":true,"jetpack_social_options":{"image_generator_settings":{"template":"highway","default_image_id":0,"font":"","enabled":false},"version":2}},"categories":[11],"tags":[],"class_list":["post-75835","post","type-post","status-publish","format-standard","has-post-thumbnail","hentry","category-noticias-de-ribeirao-preto-sp-e-regiao-ismael-colosi"],"jetpack_publicize_connections":[],"jetpack_featured_media_url":"https:\/\/i0.wp.com\/noticiasribeiraopreto.com.br\/wp-content\/uploads\/2025\/08\/Tremembe-Reproducao.jpg?fit=906%2C509&ssl=1","jetpack-related-posts":[{"id":74922,"url":"https:\/\/noticiasribeiraopreto.com.br\/index.php\/2025\/07\/31\/teatro-de-arena-de-ribeirao-preto-recebe-show-da-banda-jovem-dionisio-veja-quando\/","url_meta":{"origin":75835,"position":0},"title":"Teatro de Arena de Ribeir\u00e3o Preto recebe show da banda Jovem Dion\u00edsio; veja quando","author":"noticiasribeiraopreto.com.br","date":"31 de July de 2025","format":false,"excerpt":"O Teatro de Arena de Ribeir\u00e3o Preto recebe no dia 31 de agosto, \u00e0s 18h, a banda curitibana Jovem Dion\u00edsio. A venda dos ingressos come\u00e7am no dia 19 de agosto. O show promovido pelo Sesc Ribeir\u00e3o contar\u00e1 com o repert\u00f3rio do novo disco da banda \u201cOntem eu tinha Certeza (Hoje\u2026","rel":"","context":"In &quot;Not\u00edcias de Ribeir\u00e3o Preto-SP e Regi\u00e3o&quot;","block_context":{"text":"Not\u00edcias de Ribeir\u00e3o Preto-SP e Regi\u00e3o","link":"https:\/\/noticiasribeiraopreto.com.br\/index.php\/category\/noticias-de-ribeirao-preto-sp-e-regiao-ismael-colosi\/"},"img":{"alt_text":"","src":"https:\/\/i0.wp.com\/noticiasribeiraopreto.com.br\/wp-content\/uploads\/2025\/07\/jovem-dionisio-foto-1068x770-1_2025-07-31_13-42-49.webp.webp?fit=1068%2C770&ssl=1&resize=350%2C200","width":350,"height":200,"srcset":"https:\/\/i0.wp.com\/noticiasribeiraopreto.com.br\/wp-content\/uploads\/2025\/07\/jovem-dionisio-foto-1068x770-1_2025-07-31_13-42-49.webp.webp?fit=1068%2C770&ssl=1&resize=350%2C200 1x, https:\/\/i0.wp.com\/noticiasribeiraopreto.com.br\/wp-content\/uploads\/2025\/07\/jovem-dionisio-foto-1068x770-1_2025-07-31_13-42-49.webp.webp?fit=1068%2C770&ssl=1&resize=525%2C300 1.5x, https:\/\/i0.wp.com\/noticiasribeiraopreto.com.br\/wp-content\/uploads\/2025\/07\/jovem-dionisio-foto-1068x770-1_2025-07-31_13-42-49.webp.webp?fit=1068%2C770&ssl=1&resize=700%2C400 2x, https:\/\/i0.wp.com\/noticiasribeiraopreto.com.br\/wp-content\/uploads\/2025\/07\/jovem-dionisio-foto-1068x770-1_2025-07-31_13-42-49.webp.webp?fit=1068%2C770&ssl=1&resize=1050%2C600 3x"},"classes":[]},{"id":74955,"url":"https:\/\/noticiasribeiraopreto.com.br\/index.php\/2025\/07\/31\/teatro-de-arena-de-ribeirao-preto-recebe-show-da-banda-jovem-dionisio-veja-quando-2\/","url_meta":{"origin":75835,"position":1},"title":"Teatro de Arena de Ribeir\u00e3o Preto recebe show da banda Jovem Dion\u00edsio; veja quando","author":"noticiasribeiraopreto.com.br","date":"31 de July de 2025","format":false,"excerpt":"O Teatro de Arena de Ribeir\u00e3o Preto recebe no dia 31 de agosto, \u00e0s 18h, a banda curitibana Jovem Dion\u00edsio. A venda dos ingressos come\u00e7am no dia 19 de agosto. O show promovido pelo Sesc Ribeir\u00e3o contar\u00e1 com o repert\u00f3rio do novo disco da banda \u201cOntem eu tinha Certeza (Hoje\u2026","rel":"","context":"In &quot;Not\u00edcias de Ribeir\u00e3o Preto-SP e Regi\u00e3o&quot;","block_context":{"text":"Not\u00edcias de Ribeir\u00e3o Preto-SP e Regi\u00e3o","link":"https:\/\/noticiasribeiraopreto.com.br\/index.php\/category\/noticias-de-ribeirao-preto-sp-e-regiao-ismael-colosi\/"},"img":{"alt_text":"","src":"https:\/\/i0.wp.com\/noticiasribeiraopreto.com.br\/wp-content\/uploads\/2025\/07\/jovem-dionisio-banda_2025-07-31_15-17-50.webp.webp?fit=1200%2C758&ssl=1&resize=350%2C200","width":350,"height":200,"srcset":"https:\/\/i0.wp.com\/noticiasribeiraopreto.com.br\/wp-content\/uploads\/2025\/07\/jovem-dionisio-banda_2025-07-31_15-17-50.webp.webp?fit=1200%2C758&ssl=1&resize=350%2C200 1x, https:\/\/i0.wp.com\/noticiasribeiraopreto.com.br\/wp-content\/uploads\/2025\/07\/jovem-dionisio-banda_2025-07-31_15-17-50.webp.webp?fit=1200%2C758&ssl=1&resize=525%2C300 1.5x, https:\/\/i0.wp.com\/noticiasribeiraopreto.com.br\/wp-content\/uploads\/2025\/07\/jovem-dionisio-banda_2025-07-31_15-17-50.webp.webp?fit=1200%2C758&ssl=1&resize=700%2C400 2x, https:\/\/i0.wp.com\/noticiasribeiraopreto.com.br\/wp-content\/uploads\/2025\/07\/jovem-dionisio-banda_2025-07-31_15-17-50.webp.webp?fit=1200%2C758&ssl=1&resize=1050%2C600 3x"},"classes":[]},{"id":71432,"url":"https:\/\/noticiasribeiraopreto.com.br\/index.php\/2025\/06\/05\/ribeirao-recebe-concerto-gratuito-com-orquestra-e-sucessos-da-musica-brasileira\/","url_meta":{"origin":75835,"position":2},"title":"Ribeir\u00e3o recebe concerto gratuito com orquestra e sucessos da m\u00fasica brasileira","author":"noticiasribeiraopreto.com.br","date":"5 de June de 2025","format":false,"excerpt":"O Teatro Municipal de Ribeir\u00e3o Preto recebe no pr\u00f3ximo domingo (18), \u00e0s 19h, uma apresenta\u00e7\u00e3o gratuita da turn\u00ea do concerto \u201cTons do Brasil\u201d, com a Orquestra Lyra Mojimiriana. Sob a reg\u00eancia do Maestro Carlos Lima, o concerto pretende apresentar vers\u00f5es sinf\u00f4nicas de grandes sucessos da m\u00fasica brasileira. Portanto, contar\u00e1 com\u2026","rel":"","context":"In &quot;Not\u00edcias de Ribeir\u00e3o Preto-SP e Regi\u00e3o&quot;","block_context":{"text":"Not\u00edcias de Ribeir\u00e3o Preto-SP e Regi\u00e3o","link":"https:\/\/noticiasribeiraopreto.com.br\/index.php\/category\/noticias-de-ribeirao-preto-sp-e-regiao-ismael-colosi\/"},"img":{"alt_text":"","src":"https:\/\/i0.wp.com\/noticiasribeiraopreto.com.br\/wp-content\/uploads\/2025\/06\/42a0954a-fb80-451a-a4de-8566854947e3_2025-06-05_18-43-31.webp.webp?fit=1200%2C900&ssl=1&resize=350%2C200","width":350,"height":200,"srcset":"https:\/\/i0.wp.com\/noticiasribeiraopreto.com.br\/wp-content\/uploads\/2025\/06\/42a0954a-fb80-451a-a4de-8566854947e3_2025-06-05_18-43-31.webp.webp?fit=1200%2C900&ssl=1&resize=350%2C200 1x, https:\/\/i0.wp.com\/noticiasribeiraopreto.com.br\/wp-content\/uploads\/2025\/06\/42a0954a-fb80-451a-a4de-8566854947e3_2025-06-05_18-43-31.webp.webp?fit=1200%2C900&ssl=1&resize=525%2C300 1.5x, https:\/\/i0.wp.com\/noticiasribeiraopreto.com.br\/wp-content\/uploads\/2025\/06\/42a0954a-fb80-451a-a4de-8566854947e3_2025-06-05_18-43-31.webp.webp?fit=1200%2C900&ssl=1&resize=700%2C400 2x, https:\/\/i0.wp.com\/noticiasribeiraopreto.com.br\/wp-content\/uploads\/2025\/06\/42a0954a-fb80-451a-a4de-8566854947e3_2025-06-05_18-43-31.webp.webp?fit=1200%2C900&ssl=1&resize=1050%2C600 3x"},"classes":[]},{"id":74571,"url":"https:\/\/noticiasribeiraopreto.com.br\/index.php\/2025\/07\/24\/ribeirao-preto-recebe-feirinha-do-produtor-edicao-especial-dia-dos-pais\/","url_meta":{"origin":75835,"position":3},"title":"Ribeir\u00e3o Preto recebe Feirinha do Produtor edi\u00e7\u00e3o especial Dia dos Pais","author":"noticiasribeiraopreto.com.br","date":"24 de July de 2025","format":false,"excerpt":"A Feirinha do Produtor da Galeria Renato Aguiar, na zona Sul de Ribeir\u00e3o Preto, chega \u00e0 sua 9\u00aa edi\u00e7\u00e3o em agosto em comemora\u00e7\u00e3o ao Dia dos Pais. O evento tem entrada gratuita e funcionar\u00e1 das 16h \u00e0s 20h, na sexta-feira (8), e, das 9h \u00e0s 13h, no s\u00e1bado (9). A\u2026","rel":"","context":"In &quot;Not\u00edcias de Ribeir\u00e3o Preto-SP e Regi\u00e3o&quot;","block_context":{"text":"Not\u00edcias de Ribeir\u00e3o Preto-SP e Regi\u00e3o","link":"https:\/\/noticiasribeiraopreto.com.br\/index.php\/category\/noticias-de-ribeirao-preto-sp-e-regiao-ismael-colosi\/"},"img":{"alt_text":"","src":"https:\/\/i0.wp.com\/noticiasribeiraopreto.com.br\/wp-content\/uploads\/2025\/07\/feirinha-do-produtor_2025-07-24_19-46-16.webp.webp?fit=1078%2C792&ssl=1&resize=350%2C200","width":350,"height":200,"srcset":"https:\/\/i0.wp.com\/noticiasribeiraopreto.com.br\/wp-content\/uploads\/2025\/07\/feirinha-do-produtor_2025-07-24_19-46-16.webp.webp?fit=1078%2C792&ssl=1&resize=350%2C200 1x, https:\/\/i0.wp.com\/noticiasribeiraopreto.com.br\/wp-content\/uploads\/2025\/07\/feirinha-do-produtor_2025-07-24_19-46-16.webp.webp?fit=1078%2C792&ssl=1&resize=525%2C300 1.5x, https:\/\/i0.wp.com\/noticiasribeiraopreto.com.br\/wp-content\/uploads\/2025\/07\/feirinha-do-produtor_2025-07-24_19-46-16.webp.webp?fit=1078%2C792&ssl=1&resize=700%2C400 2x, https:\/\/i0.wp.com\/noticiasribeiraopreto.com.br\/wp-content\/uploads\/2025\/07\/feirinha-do-produtor_2025-07-24_19-46-16.webp.webp?fit=1078%2C792&ssl=1&resize=1050%2C600 3x"},"classes":[]},{"id":75556,"url":"https:\/\/noticiasribeiraopreto.com.br\/index.php\/2025\/08\/11\/oswaldo-montenegro-se-apresenta-em-ribeirao-preto-em-agosto-saiba-mais\/","url_meta":{"origin":75835,"position":4},"title":"Oswaldo Montenegro se apresenta em Ribeir\u00e3o Preto em agosto; saiba mais","author":"noticiasribeiraopreto.com.br","date":"11 de August de 2025","format":false,"excerpt":"O cantor e compositor Oswaldo Montenegro retorna a Ribeir\u00e3o Preto no pr\u00f3ximo dia 23 de agosto, \u00e0s 19h. A apresenta\u00e7\u00e3o acontece no Multiplan Hall, do Ribeir\u00e3o Shopping. Com mais de 40 anos de carreira, o cantor, compositor, diretor e poeta revisita can\u00e7\u00f5es que marcaram gera\u00e7\u00f5es. O repert\u00f3rio inclui m\u00fasicas como\u2026","rel":"","context":"In &quot;Not\u00edcias de Ribeir\u00e3o Preto-SP e Regi\u00e3o&quot;","block_context":{"text":"Not\u00edcias de Ribeir\u00e3o Preto-SP e Regi\u00e3o","link":"https:\/\/noticiasribeiraopreto.com.br\/index.php\/category\/noticias-de-ribeirao-preto-sp-e-regiao-ismael-colosi\/"},"img":{"alt_text":"","src":"https:\/\/i0.wp.com\/noticiasribeiraopreto.com.br\/wp-content\/uploads\/2025\/08\/IMG-20250811-WA0029_2025-08-11_15-29-52.webp.webp?fit=1200%2C800&ssl=1&resize=350%2C200","width":350,"height":200,"srcset":"https:\/\/i0.wp.com\/noticiasribeiraopreto.com.br\/wp-content\/uploads\/2025\/08\/IMG-20250811-WA0029_2025-08-11_15-29-52.webp.webp?fit=1200%2C800&ssl=1&resize=350%2C200 1x, https:\/\/i0.wp.com\/noticiasribeiraopreto.com.br\/wp-content\/uploads\/2025\/08\/IMG-20250811-WA0029_2025-08-11_15-29-52.webp.webp?fit=1200%2C800&ssl=1&resize=525%2C300 1.5x, https:\/\/i0.wp.com\/noticiasribeiraopreto.com.br\/wp-content\/uploads\/2025\/08\/IMG-20250811-WA0029_2025-08-11_15-29-52.webp.webp?fit=1200%2C800&ssl=1&resize=700%2C400 2x, https:\/\/i0.wp.com\/noticiasribeiraopreto.com.br\/wp-content\/uploads\/2025\/08\/IMG-20250811-WA0029_2025-08-11_15-29-52.webp.webp?fit=1200%2C800&ssl=1&resize=1050%2C600 3x"},"classes":[]},{"id":76367,"url":"https:\/\/noticiasribeiraopreto.com.br\/index.php\/2025\/08\/27\/ribeirao-preto-recebe-encontro-estadual-de-mulheres-do-agro\/","url_meta":{"origin":75835,"position":5},"title":"Ribeir\u00e3o Preto recebe encontro estadual de Mulheres do Agro","author":"noticiasribeiraopreto.com.br","date":"27 de August de 2025","format":false,"excerpt":"Ribeir\u00e3o Preto recebe na pr\u00f3xima sexta-feira (29) o 3\u00ba Encontro Estadual de Mulheres do Agro, da Faesp (Federa\u00e7\u00e3o da Agricultura e Pecu\u00e1ria do Estado de S\u00e3o Paulo) em parceria com o Sebrae-SP. O encontro deve reunir cerca de 3 mil produtoras rurais de diversas regi\u00f5es do estado. Por meio do\u2026","rel":"","context":"In &quot;Not\u00edcias de Ribeir\u00e3o Preto-SP e Regi\u00e3o&quot;","block_context":{"text":"Not\u00edcias de Ribeir\u00e3o Preto-SP e Regi\u00e3o","link":"https:\/\/noticiasribeiraopreto.com.br\/index.php\/category\/noticias-de-ribeirao-preto-sp-e-regiao-ismael-colosi\/"},"img":{"alt_text":"","src":"https:\/\/i0.wp.com\/noticiasribeiraopreto.com.br\/wp-content\/uploads\/2025\/08\/mulheres-do-agro_2025-08-27_17-24-25.webp.webp?fit=1200%2C800&ssl=1&resize=350%2C200","width":350,"height":200,"srcset":"https:\/\/i0.wp.com\/noticiasribeiraopreto.com.br\/wp-content\/uploads\/2025\/08\/mulheres-do-agro_2025-08-27_17-24-25.webp.webp?fit=1200%2C800&ssl=1&resize=350%2C200 1x, https:\/\/i0.wp.com\/noticiasribeiraopreto.com.br\/wp-content\/uploads\/2025\/08\/mulheres-do-agro_2025-08-27_17-24-25.webp.webp?fit=1200%2C800&ssl=1&resize=525%2C300 1.5x, https:\/\/i0.wp.com\/noticiasribeiraopreto.com.br\/wp-content\/uploads\/2025\/08\/mulheres-do-agro_2025-08-27_17-24-25.webp.webp?fit=1200%2C800&ssl=1&resize=700%2C400 2x, https:\/\/i0.wp.com\/noticiasribeiraopreto.com.br\/wp-content\/uploads\/2025\/08\/mulheres-do-agro_2025-08-27_17-24-25.webp.webp?fit=1200%2C800&ssl=1&resize=1050%2C600 3x"},"classes":[]}],"jetpack_sharing_enabled":true,"jetpack_shortlink":"https:\/\/wp.me\/peQAOb-jJ9","_links":{"self":[{"href":"https:\/\/noticiasribeiraopreto.com.br\/index.php\/wp-json\/wp\/v2\/posts\/75835","targetHints":{"allow":["GET"]}}],"collection":[{"href":"https:\/\/noticiasribeiraopreto.com.br\/index.php\/wp-json\/wp\/v2\/posts"}],"about":[{"href":"https:\/\/noticiasribeiraopreto.com.br\/index.php\/wp-json\/wp\/v2\/types\/post"}],"author":[{"embeddable":true,"href":"https:\/\/noticiasribeiraopreto.com.br\/index.php\/wp-json\/wp\/v2\/users\/1"}],"replies":[{"embeddable":true,"href":"https:\/\/noticiasribeiraopreto.com.br\/index.php\/wp-json\/wp\/v2\/comments?post=75835"}],"version-history":[{"count":0,"href":"https:\/\/noticiasribeiraopreto.com.br\/index.php\/wp-json\/wp\/v2\/posts\/75835\/revisions"}],"wp:featuredmedia":[{"embeddable":true,"href":"https:\/\/noticiasribeiraopreto.com.br\/index.php\/wp-json\/wp\/v2\/media\/75836"}],"wp:attachment":[{"href":"https:\/\/noticiasribeiraopreto.com.br\/index.php\/wp-json\/wp\/v2\/media?parent=75835"}],"wp:term":[{"taxonomy":"category","embeddable":true,"href":"https:\/\/noticiasribeiraopreto.com.br\/index.php\/wp-json\/wp\/v2\/categories?post=75835"},{"taxonomy":"post_tag","embeddable":true,"href":"https:\/\/noticiasribeiraopreto.com.br\/index.php\/wp-json\/wp\/v2\/tags?post=75835"}],"curies":[{"name":"wp","href":"https:\/\/api.w.org\/{rel}","templated":true}]}}