{"id":75839,"date":"2025-08-16T12:01:37","date_gmt":"2025-08-16T15:01:37","guid":{"rendered":"https:\/\/noticiasribeiraopreto.com.br\/index.php\/2025\/08\/16\/eventos-forcam-bloqueios-em-rp\/"},"modified":"2025-08-16T12:01:37","modified_gmt":"2025-08-16T15:01:37","slug":"eventos-forcam-bloqueios-em-rp","status":"publish","type":"post","link":"https:\/\/noticiasribeiraopreto.com.br\/index.php\/2025\/08\/16\/eventos-forcam-bloqueios-em-rp\/","title":{"rendered":"Eventos for\u00e7am bloqueios em RP\u00a0"},"content":{"rendered":"<div class='code-block code-block-1' style='margin: 8px 0 8px auto; text-align: right; display: block; clear: both;'>\n<p><a href=\"https:\/\/wa.link\/vpicfd\"><img data-recalc-dims=\"1\" class=\"wp-image-4922\" style=\"aspect-ratio: 2.0253164556962027; width: 561px; height: auto;\" src=\"https:\/\/i0.wp.com\/ismaelcolosi.com.br\/wp-content\/uploads\/2023\/11\/grupo-de-empregos-whatsapp-e-facebook-ismael-colosi-vagas.jpg?ssl=1\" alt=\"\" \/><\/a><\/p>\n<!-- \/wp:image -->\n<\/div>\n<p> <br \/>\n<\/p>\n<div id=\"post-435470\">\n<header class=\"entry-header penci-entry-header penci-title-center\">\n<p>\n\t\t\t\t\t\t\t\t\t<span class=\"entry-meta-item penci-posted-on\"><i class=\"fa fa-clock-o\"\/><time class=\"entry-date published\" datetime=\"2025-08-16T12:00:28-03:00\">16 de agosto de 2025 12:00<\/time><time class=\"updated\" datetime=\"2025-08-16T11:13:55-03:00\">16 de agosto de 2025 11:13<\/time><\/span><span class=\"entry-meta-item penci-post-countview\"><span class=\"entry-meta-item penci-post-countview penci_post-meta_item\"><i class=\"fa fa-eye\"\/><span class=\"penci-post-countview-number penci-post-countview-p435470\">6<\/span><\/span><\/span>\t\t\t\t\t\t\t\t<\/p>\n<p><!-- .entry-meta --><br \/>\n\t\t\t\t\t\t\t\t<span class=\"penci-social-buttons penci-social-share-footer\"><span class=\"penci-social-share-text\">Compartilhar<\/span><a href=\"#\" class=\"penci-post-like penci_post-meta_item  single-like-button penci-social-item like\" data-post_id=\"435470\" title=\"Like\" data-like=\"Like\" data-unlike=\"Unlike\"><i class=\"fa fa-thumbs-o-up\"\/><span class=\"penci-share-number\">0<\/span><\/a><i class=\"fa fa-facebook\"\/><a class=\"penci-social-item twitter\" target=\"_blank\" rel=\"noopener\" title=\"\" href=\"https:\/\/twitter.com\/intent\/tweet?text=Eventos%20for\u00e7am%20bloqueios%20em%20RP\u00a0%20-%20https:\/\/www.tribunaribeirao.com.br\/eventos-forcam-bloqueios-em-rp\/\"><i class=\"fa fa-twitter\"\/><\/a><i class=\"fa fa-linkedin\"\/><i class=\"fa fa-whatsapp\"\/><i class=\"fa fa-telegram\"\/><i class=\"fa fa-envelope\"\/><\/span>\t\t\t\t\t\t\t<\/header>\n<p><!-- .entry-header --><\/p>\n<div class=\"penci-entry-content entry-content\">\n<p><em><span class=\"TextRun SCXW229609683 BCX8\" lang=\"PT-BR\" xml:lang=\"PT-BR\" data-contrast=\"auto\"><span class=\"NormalTextRun SCXW229609683 BCX8\">Motoristas devem ficar atentos aos bloqueios e utilizar as rotas alternativas indicadas para evitar transtornos <\/span><\/span><span class=\"LineBreakBlob BlobObject DragDrop SCXW229609683 BCX8\"><span class=\"SCXW229609683 BCX8\">\u00a0<\/span><br class=\"SCXW229609683 BCX8\"\/><\/span><\/em><span class=\"LineBreakBlob BlobObject DragDrop SCXW229609683 BCX8\"><span class=\"SCXW229609683 BCX8\">\u00a0<\/span><br class=\"SCXW229609683 BCX8\"\/><\/span><span class=\"TextRun SCXW229609683 BCX8\" lang=\"PT-BR\" xml:lang=\"PT-BR\" data-contrast=\"auto\"><span class=\"NormalTextRun SCXW229609683 BCX8\">A<\/span> <span class=\"NormalTextRun SCXW229609683 BCX8\">RP <\/span><span class=\"NormalTextRun SpellingErrorV2Themed SCXW229609683 BCX8\">Mobi<\/span> <\/span><span class=\"TextRun SCXW229609683 BCX8\" lang=\"PT-BR\" xml:lang=\"PT-BR\" data-contrast=\"none\"><span class=\"NormalTextRun SCXW229609683 BCX8\">\u2013 Empresa de Mobilidade Urbana de Ribeir\u00e3o Preto S.A, a antiga <\/span><span class=\"NormalTextRun SpellingErrorV2Themed SCXW229609683 BCX8\">Transerp<\/span><span class=\"NormalTextRun SCXW229609683 BCX8\">, respons\u00e1vel pelo tr\u00e2nsito e transporte \u2013<\/span> <\/span><span class=\"TextRun SCXW229609683 BCX8\" lang=\"PT-BR\" xml:lang=\"PT-BR\" data-contrast=\"auto\"><span class=\"NormalTextRun SCXW229609683 BCX8\">informa que o tr\u00e2nsito na cidade passar\u00e1 por altera\u00e7\u00f5es neste fim de semana, entre os dias 16 e 17 de agosto, devido \u00e0 realiza\u00e7\u00e3o de tr\u00eas grandes eventos: show do grupo Sorriso Maroto, Corrida <\/span><span class=\"NormalTextRun SCXW229609683 BCX8\">Night<\/span> <span class=\"NormalTextRun SpellingErrorV2Themed SCXW229609683 BCX8\">Run<\/span> <span class=\"NormalTextRun SCXW229609683 BCX8\">Mind<\/span><span class=\"NormalTextRun SCXW229609683 BCX8\"> e a 21\u00aa Parada do Orgulho LGBTQIAPN+.\u00a0 <\/span><\/span><span class=\"LineBreakBlob BlobObject DragDrop SCXW229609683 BCX8\"><span class=\"SCXW229609683 BCX8\">\u00a0<\/span><br class=\"SCXW229609683 BCX8\"\/><\/span><span class=\"LineBreakBlob BlobObject DragDrop SCXW229609683 BCX8\"><span class=\"SCXW229609683 BCX8\">\u00a0<\/span><br class=\"SCXW229609683 BCX8\"\/><\/span><span class=\"TextRun SCXW229609683 BCX8\" lang=\"PT-BR\" xml:lang=\"PT-BR\" data-contrast=\"auto\"><span class=\"NormalTextRun SCXW229609683 BCX8\">Os <\/span><span class=\"NormalTextRun SCXW229609683 BCX8\">motoristas <\/span><span class=\"NormalTextRun SCXW229609683 BCX8\">devem ficar atentos aos bloqueios e utilizar as rotas alternativas indicadas para evitar transtornos.<\/span><span class=\"NormalTextRun SCXW229609683 BCX8\"> Neste s<\/span><span class=\"NormalTextRun SCXW229609683 BCX8\">\u00e1bado<\/span><span class=\"NormalTextRun SCXW229609683 BCX8\"> (16), devido ao s<\/span><span class=\"NormalTextRun SCXW229609683 BCX8\">how <\/span><span class=\"NormalTextRun SCXW229609683 BCX8\">do <\/span><span class=\"NormalTextRun SCXW229609683 BCX8\">Sorriso Maroto <\/span><span class=\"NormalTextRun SCXW229609683 BCX8\">no <\/span><span class=\"NormalTextRun SCXW229609683 BCX8\">Est\u00e1dio Palma Travassos (Comercial)<\/span><span class=\"NormalTextRun SCXW229609683 BCX8\">, haver\u00e1 bloqueios n<\/span><span class=\"NormalTextRun SCXW229609683 BCX8\">a <\/span><span class=\"NormalTextRun SCXW229609683 BCX8\">avenida<\/span><span class=\"NormalTextRun SCXW229609683 BCX8\"> Pl\u00ednio de Castro Prado e <\/span><span class=\"NormalTextRun SCXW229609683 BCX8\">nas <\/span><span class=\"NormalTextRun SCXW229609683 BCX8\">ruas Jo\u00e3o Palma Travassos e Marisa<\/span><span class=\"NormalTextRun SCXW229609683 BCX8\">, a partir das <\/span><span class=\"NormalTextRun SCXW229609683 BCX8\">14<\/span> <span class=\"NormalTextRun SCXW229609683 BCX8\">h<\/span><span class=\"NormalTextRun SCXW229609683 BCX8\">oras<\/span><span class=\"NormalTextRun SCXW229609683 BCX8\">.<\/span><\/span><span class=\"LineBreakBlob BlobObject DragDrop SCXW229609683 BCX8\"><span class=\"SCXW229609683 BCX8\">\u00a0<\/span><br class=\"SCXW229609683 BCX8\"\/><\/span><span class=\"LineBreakBlob BlobObject DragDrop SCXW229609683 BCX8\"><span class=\"SCXW229609683 BCX8\">\u00a0<\/span><br class=\"SCXW229609683 BCX8\"\/><\/span><span class=\"TextRun SCXW229609683 BCX8\" lang=\"PT-BR\" xml:lang=\"PT-BR\" data-contrast=\"auto\"><span class=\"NormalTextRun SCXW229609683 BCX8\">A RP <\/span><span class=\"NormalTextRun SpellingErrorV2Themed SCXW229609683 BCX8\">Mobi<\/span><span class=\"NormalTextRun SCXW229609683 BCX8\"> sugere rota <\/span><span class=\"NormalTextRun SpellingErrorV2Themed SCXW229609683 BCX8\">aternativa<\/span><span class=\"NormalTextRun SCXW229609683 BCX8\">: q<\/span><span class=\"NormalTextRun SCXW229609683 BCX8\">uem vem pelo Centro em dire\u00e7\u00e3o \u00e0 avenida <\/span><span class=\"NormalTextRun SCXW229609683 BCX8\">Presidente <\/span><span class=\"NormalTextRun SCXW229609683 BCX8\">Castelo Branco pela avenida Pl\u00ednio deve virar \u00e0 direita na rua Jos\u00e9 <\/span><span class=\"NormalTextRun SpellingErrorV2Themed SCXW229609683 BCX8\">Cagnolati<\/span><span class=\"NormalTextRun SCXW229609683 BCX8\">.<\/span><span class=\"NormalTextRun SCXW229609683 BCX8\">\u00a0 <\/span><span class=\"NormalTextRun SCXW229609683 BCX8\">Quem vem da <\/span><span class=\"NormalTextRun SCXW229609683 BCX8\">avenida<\/span><span class=\"NormalTextRun SCXW229609683 BCX8\"> Maria de Jesus <\/span><span class=\"NormalTextRun SCXW229609683 BCX8\">Condeixa<\/span><span class=\"NormalTextRun SCXW229609683 BCX8\"> em dire\u00e7\u00e3o \u00e0 avenida Pl\u00ednio <\/span><span class=\"NormalTextRun SCXW229609683 BCX8\">de Castro Prado <\/span><span class=\"NormalTextRun SCXW229609683 BCX8\">deve virar \u00e0 direita na rua Alexandre Gomes de Abreu.<\/span><\/span><span class=\"LineBreakBlob BlobObject DragDrop SCXW229609683 BCX8\"><span class=\"SCXW229609683 BCX8\">\u00a0<\/span><br class=\"SCXW229609683 BCX8\"\/><\/span><span class=\"LineBreakBlob BlobObject DragDrop SCXW229609683 BCX8\"><span class=\"SCXW229609683 BCX8\">\u00a0<\/span><br class=\"SCXW229609683 BCX8\"\/><\/span><span class=\"TextRun SCXW229609683 BCX8\" lang=\"PT-BR\" xml:lang=\"PT-BR\" data-contrast=\"auto\"><span class=\"NormalTextRun SCXW229609683 BCX8\">Corrida <\/span><span class=\"NormalTextRun SCXW229609683 BCX8\">Night<\/span> <span class=\"NormalTextRun SpellingErrorV2Themed SCXW229609683 BCX8\">Run<\/span> <span class=\"NormalTextRun SCXW229609683 BCX8\">Mind<\/span> <\/span><span class=\"TextRun SCXW229609683 BCX8\" lang=\"PT-BR\" xml:lang=\"PT-BR\" data-contrast=\"none\"><span class=\"NormalTextRun SCXW229609683 BCX8\">\u2013<\/span><\/span><span class=\"TextRun SCXW229609683 BCX8\" lang=\"PT-BR\" xml:lang=\"PT-BR\" data-contrast=\"none\"><span class=\"NormalTextRun SCXW229609683 BCX8\"> Ainda neste s\u00e1bado, a<\/span><\/span><span class=\"TextRun SCXW229609683 BCX8\" lang=\"PT-BR\" xml:lang=\"PT-BR\" data-contrast=\"auto\"><span class=\"NormalTextRun SCXW229609683 BCX8\"> partir das 14h30, haver\u00e1 i<\/span><span class=\"NormalTextRun SCXW229609683 BCX8\">nterdi\u00e7\u00e3o total de trecho da pista Centro\/Bairro da avenida Maur\u00edlio <\/span><span class=\"NormalTextRun SCXW229609683 BCX8\">Biagi<\/span><span class=\"NormalTextRun SCXW229609683 BCX8\">, do cruzamento com a rua Domingos <\/span><span class=\"NormalTextRun SpellingErrorV2Themed SCXW229609683 BCX8\">Canesin<\/span><span class=\"NormalTextRun SCXW229609683 BCX8\"> at\u00e9 o retorno em frente a uma loja de materiais de constru\u00e7\u00e3o.<\/span><span class=\"NormalTextRun SCXW229609683 BCX8\">\u00a0 <\/span><span class=\"NormalTextRun SpellingErrorV2Themed SCXW229609683 BCX8\">Tambem<\/span><span class=\"NormalTextRun SCXW229609683 BCX8\"> haver\u00e1 bloqueio <\/span><span class=\"NormalTextRun SCXW229609683 BCX8\">parcial na pista Bairro\/Centro, entre a <\/span><span class=\"NormalTextRun SCXW229609683 BCX8\">avenida<\/span><span class=\"NormalTextRun SCXW229609683 BCX8\"> Presidente Kennedy e a avenida Le\u00e3o XIII.<\/span><\/span><span class=\"LineBreakBlob BlobObject DragDrop SCXW229609683 BCX8\"><span class=\"SCXW229609683 BCX8\">\u00a0<\/span><br class=\"SCXW229609683 BCX8\"\/><\/span><span class=\"LineBreakBlob BlobObject DragDrop SCXW229609683 BCX8\"><span class=\"SCXW229609683 BCX8\">\u00a0<\/span><br class=\"SCXW229609683 BCX8\"\/><\/span><span class=\"TextRun SCXW229609683 BCX8\" lang=\"PT-BR\" xml:lang=\"PT-BR\" data-contrast=\"auto\"><span class=\"NormalTextRun SCXW229609683 BCX8\">Parada do Orgulho LGBTQIAPN+ <\/span><\/span><span class=\"TextRun SCXW229609683 BCX8\" lang=\"PT-BR\" xml:lang=\"PT-BR\" data-contrast=\"none\"><span class=\"NormalTextRun SCXW229609683 BCX8\">\u2013 <\/span><\/span><span class=\"TextRun SCXW229609683 BCX8\" lang=\"PT-BR\" xml:lang=\"PT-BR\" data-contrast=\"auto\"><span class=\"NormalTextRun SCXW229609683 BCX8\">No d<\/span><span class=\"NormalTextRun SCXW229609683 BCX8\">omingo, 17 de agosto<\/span><span class=\"NormalTextRun SCXW229609683 BCX8\">, com a c<\/span><span class=\"NormalTextRun SCXW229609683 BCX8\">oncentra\u00e7\u00e3o da 21\u00aa Parada do Orgulho LGBTQIAPN+<\/span><span class=\"NormalTextRun SCXW229609683 BCX8\">, haver\u00e1 bloqueio em t<\/span><span class=\"NormalTextRun SCXW229609683 BCX8\">recho da pista Bairro\/Centro da avenida Presidente Vargas, entre a <\/span><span class=\"NormalTextRun SCXW229609683 BCX8\">a<\/span><span class=\"NormalTextRun SCXW229609683 BCX8\">lameda Adolfo Serra e a avenida Professor Jo\u00e3o <\/span><span class=\"NormalTextRun SpellingErrorV2Themed SCXW229609683 BCX8\">Fi\u00fasa<\/span><span class=\"NormalTextRun SCXW229609683 BCX8\">, das <\/span><span class=\"NormalTextRun SpellingErrorV2Themed SCXW229609683 BCX8\">das<\/span><span class=\"NormalTextRun SCXW229609683 BCX8\"> 14<\/span> <span class=\"NormalTextRun SCXW229609683 BCX8\">h<\/span><span class=\"NormalTextRun SCXW229609683 BCX8\">oras<\/span><span class=\"NormalTextRun SCXW229609683 BCX8\"> \u00e0s 14h30.<\/span><\/span><span class=\"LineBreakBlob BlobObject DragDrop SCXW229609683 BCX8\"><span class=\"SCXW229609683 BCX8\">\u00a0<\/span><br class=\"SCXW229609683 BCX8\"\/><\/span><span class=\"LineBreakBlob BlobObject DragDrop SCXW229609683 BCX8\"><span class=\"SCXW229609683 BCX8\">\u00a0<\/span><br class=\"SCXW229609683 BCX8\"\/><\/span><span class=\"TextRun SCXW229609683 BCX8\" lang=\"PT-BR\" xml:lang=\"PT-BR\" data-contrast=\"auto\"><span class=\"NormalTextRun SCXW229609683 BCX8\">O a<\/span><span class=\"NormalTextRun SCXW229609683 BCX8\">cesso da <\/span><span class=\"NormalTextRun SCXW229609683 BCX8\">a<\/span><span class=\"NormalTextRun SCXW229609683 BCX8\">lameda Adolfo Serra para a pista Bairro\/Centro da avenida Presidente Vargas <\/span><span class=\"NormalTextRun SCXW229609683 BCX8\">ser\u00e1 fechado a partir de dez horas. Haver\u00e1 o f<\/span><span class=\"NormalTextRun SCXW229609683 BCX8\">echamento do primeiro retorno da pista Centro\/Bairro da <\/span><span class=\"NormalTextRun SCXW229609683 BCX8\">avenida<\/span><span class=\"NormalTextRun SCXW229609683 BCX8\"> Presidente Vargas logo ap\u00f3s o cruzamento com a avenida Professor Jo\u00e3o <\/span><span class=\"NormalTextRun SpellingErrorV2Themed SCXW229609683 BCX8\">Fi\u00fasa<\/span><span class=\"NormalTextRun SCXW229609683 BCX8\">, a partir das dez horas<\/span><span class=\"NormalTextRun SCXW229609683 BCX8\">.<\/span><\/span><span class=\"LineBreakBlob BlobObject DragDrop SCXW229609683 BCX8\"><span class=\"SCXW229609683 BCX8\">\u00a0<\/span><br class=\"SCXW229609683 BCX8\"\/><\/span><span class=\"LineBreakBlob BlobObject DragDrop SCXW229609683 BCX8\"><span class=\"SCXW229609683 BCX8\">\u00a0<\/span><br class=\"SCXW229609683 BCX8\"\/><\/span><span class=\"TextRun SCXW229609683 BCX8\" lang=\"PT-BR\" xml:lang=\"PT-BR\" data-contrast=\"auto\"><span class=\"NormalTextRun SCXW229609683 BCX8\">Rota alternativa:<\/span><span class=\"NormalTextRun SCXW229609683 BCX8\"> q<\/span><span class=\"NormalTextRun SCXW229609683 BCX8\">uem vem da pista Bairro\/Centro da avenida Presidente <\/span><span class=\"NormalTextRun SCXW229609683 BCX8\">Vargas em dire\u00e7\u00e3o ao Centro deve virar \u00e0 direita na Alameda Adolfo Serra, \u00e0 esquerda na <\/span><span class=\"NormalTextRun SCXW229609683 BCX8\">a<\/span><span class=\"NormalTextRun SCXW229609683 BCX8\">lameda Jo\u00e3o Paulo II e novamente \u00e0 esquerda na avenida Professor Jo\u00e3o <\/span><span class=\"NormalTextRun SpellingErrorV2Themed SCXW229609683 BCX8\">Fi\u00fasa<\/span><span class=\"NormalTextRun SCXW229609683 BCX8\">, seguindo o destino desejado.<\/span><\/span><span class=\"LineBreakBlob BlobObject DragDrop SCXW229609683 BCX8\"><span class=\"SCXW229609683 BCX8\">\u00a0<\/span><br class=\"SCXW229609683 BCX8\"\/><\/span><span class=\"LineBreakBlob BlobObject DragDrop SCXW229609683 BCX8\"><span class=\"SCXW229609683 BCX8\">\u00a0<\/span><br class=\"SCXW229609683 BCX8\"\/><\/span><span class=\"TextRun SCXW229609683 BCX8\" lang=\"PT-BR\" xml:lang=\"PT-BR\" data-contrast=\"auto\"><span class=\"NormalTextRun SCXW229609683 BCX8\">Ap\u00f3s a concentra\u00e7\u00e3o, os participantes seguir\u00e3o pela pista Bairro\/Centro da Presidente Vargas em dire\u00e7\u00e3o \u00e0 avenida Ant\u00f4nio <\/span><span class=\"NormalTextRun SCXW229609683 BCX8\">Diederichsen<\/span><span class=\"NormalTextRun SCXW229609683 BCX8\">, na Pra\u00e7a Jo\u00e3o <\/span><span class=\"NormalTextRun SpellingErrorV2Themed SCXW229609683 BCX8\">Marchesi<\/span><span class=\"NormalTextRun SCXW229609683 BCX8\">. Durante todo o domingo, haver\u00e1 bloqueio total de trecho da pista Bairro\/Centro da <\/span><span class=\"NormalTextRun SCXW229609683 BCX8\">Diederichsen<\/span><span class=\"NormalTextRun SCXW229609683 BCX8\">, entre a <\/span><span class=\"NormalTextRun SCXW229609683 BCX8\">rua<\/span> <span class=\"NormalTextRun SCXW229609683 BCX8\">Doutor <\/span><span class=\"NormalTextRun SCXW229609683 BCX8\">\u00c1lvaro Paiva e a rua Thomaz Nogueira <\/span><span class=\"NormalTextRun SCXW229609683 BCX8\">Gaia<\/span><span class=\"NormalTextRun SCXW229609683 BCX8\">.<\/span><\/span><span class=\"LineBreakBlob BlobObject DragDrop SCXW229609683 BCX8\"><span class=\"SCXW229609683 BCX8\">\u00a0<\/span><br class=\"SCXW229609683 BCX8\"\/><\/span><span class=\"LineBreakBlob BlobObject DragDrop SCXW229609683 BCX8\"><span class=\"SCXW229609683 BCX8\">\u00a0<\/span><br class=\"SCXW229609683 BCX8\"\/><\/span><span class=\"LineBreakBlob BlobObject DragDrop SCXW229609683 BCX8\"><br class=\"SCXW229609683 BCX8\"\/><\/span><\/p>\n<\/div>\n<p><!-- .entry-content --><\/p>\n<footer class=\"penci-entry-footer\">\n\t\t\t\t\t\t\t\t<span class=\"penci-social-buttons penci-social-share-footer\"><span class=\"penci-social-share-text\">Compartilhar<\/span><a href=\"#\" class=\"penci-post-like penci_post-meta_item  single-like-button penci-social-item like\" data-post_id=\"435470\" title=\"Like\" data-like=\"Like\" data-unlike=\"Unlike\"><i class=\"fa fa-thumbs-o-up\"\/><span class=\"penci-share-number\">0<\/span><\/a><i class=\"fa fa-facebook\"\/><a class=\"penci-social-item twitter\" target=\"_blank\" rel=\"noopener\" title=\"\" href=\"https:\/\/twitter.com\/intent\/tweet?text=Eventos%20for\u00e7am%20bloqueios%20em%20RP\u00a0%20-%20https:\/\/www.tribunaribeirao.com.br\/eventos-forcam-bloqueios-em-rp\/\"><i class=\"fa fa-twitter\"\/><\/a><i class=\"fa fa-linkedin\"\/><i class=\"fa fa-whatsapp\"\/><i class=\"fa fa-telegram\"\/><i class=\"fa fa-envelope\"\/><\/span>\t\t\t\t\t\t\t<\/footer>\n<p><!-- .entry-footer -->\n\t\t\t\t\t\t<\/div>\n<p><script async src=\"\/\/platform.twitter.com\/widgets.js\" charset=\"utf-8\"><\/script><br \/>\n<br \/><br \/>\n<br \/><a href=\"https:\/\/www.tribunaribeirao.com.br\/eventos-forcam-bloqueios-em-rp\/\">Source link <\/a><\/p>\n<!-- CONTENT END 1 -->\n","protected":false},"excerpt":{"rendered":"<p>16 de agosto de 2025 12:0016 de agosto de 2025 11:136 Compartilhar0 Motoristas devem ficar atentos aos bloqueios e utilizar as rotas alternativas indicadas para&#8230;<\/p>\n","protected":false},"author":1,"featured_media":75840,"comment_status":"open","ping_status":"open","sticky":false,"template":"","format":"standard","meta":{"advanced_seo_description":"","jetpack_seo_html_title":"","jetpack_seo_noindex":false,"jetpack_post_was_ever_published":false,"_jetpack_newsletter_access":"","_jetpack_dont_email_post_to_subs":false,"_jetpack_newsletter_tier_id":0,"_jetpack_memberships_contains_paywalled_content":false,"_jetpack_memberships_contains_paid_content":false,"footnotes":"","jetpack_publicize_message":"","jetpack_publicize_feature_enabled":true,"jetpack_social_post_already_shared":true,"jetpack_social_options":{"image_generator_settings":{"template":"highway","default_image_id":0,"font":"","enabled":false},"version":2}},"categories":[11],"tags":[],"class_list":["post-75839","post","type-post","status-publish","format-standard","has-post-thumbnail","hentry","category-noticias-de-ribeirao-preto-sp-e-regiao-ismael-colosi"],"jetpack_publicize_connections":[],"jetpack_featured_media_url":"https:\/\/i0.wp.com\/noticiasribeiraopreto.com.br\/wp-content\/uploads\/2025\/08\/Bloqueio-scaled.jpeg?fit=1170%2C780&ssl=1","jetpack-related-posts":[{"id":55868,"url":"https:\/\/noticiasribeiraopreto.com.br\/index.php\/2024\/08\/07\/brasileiros-comemoram-governo-anuncia-pagamento-de-confirmado-pelo-governo-em-todo-o-pais-veja-como-receber\/","url_meta":{"origin":75839,"position":0},"title":"Brasileiros Comemoram! Governo Anuncia Pagamento de Confirmado pelo Governo em Todo o Pa\u00eds; Veja como receber","author":"noticiasribeiraopreto.com.br","date":"7 de August de 2024","format":false,"excerpt":"O dep\u00f3sito de R$ 102 ser\u00e1 feito novamente para mais de 5,81 milh\u00f5es de fam\u00edlias. O pagamento j\u00e1 foi confirmado e a data foi anunciada pelo Governo Federal. Esse valor contribui para a compra de necessidades na casa dos brasileiros. Est\u00e1 confirmado que o pagamento de R$ 102 em todo\u2026","rel":"","context":"In &quot;Dinheiro e Investimento&quot;","block_context":{"text":"Dinheiro e Investimento","link":"https:\/\/noticiasribeiraopreto.com.br\/index.php\/category\/dinheiro-e-investimento-como-fazer-como-ganhar\/"},"img":{"alt_text":"","src":"https:\/\/i0.wp.com\/noticiasribeiraopreto.com.br\/wp-content\/uploads\/2024\/08\/pagamento-de-r-102.webp.webp?fit=1200%2C630&ssl=1&resize=350%2C200","width":350,"height":200,"srcset":"https:\/\/i0.wp.com\/noticiasribeiraopreto.com.br\/wp-content\/uploads\/2024\/08\/pagamento-de-r-102.webp.webp?fit=1200%2C630&ssl=1&resize=350%2C200 1x, https:\/\/i0.wp.com\/noticiasribeiraopreto.com.br\/wp-content\/uploads\/2024\/08\/pagamento-de-r-102.webp.webp?fit=1200%2C630&ssl=1&resize=525%2C300 1.5x, https:\/\/i0.wp.com\/noticiasribeiraopreto.com.br\/wp-content\/uploads\/2024\/08\/pagamento-de-r-102.webp.webp?fit=1200%2C630&ssl=1&resize=700%2C400 2x, https:\/\/i0.wp.com\/noticiasribeiraopreto.com.br\/wp-content\/uploads\/2024\/08\/pagamento-de-r-102.webp.webp?fit=1200%2C630&ssl=1&resize=1050%2C600 3x"},"classes":[]},{"id":56613,"url":"https:\/\/noticiasribeiraopreto.com.br\/index.php\/2024\/08\/15\/ribeirao-preto-recebe-festival-nacional-de-teatro-veja-a-programacao\/","url_meta":{"origin":75839,"position":1},"title":"Ribeir\u00e3o Preto recebe Festival Nacional de Teatro; Veja a programa\u00e7\u00e3o","author":"noticiasribeiraopreto.com.br","date":"15 de August de 2024","format":false,"excerpt":"A 8\u00aa edi\u00e7\u00e3o do Festival Nacional de Teatro chega a Ribeir\u00e3o Preto nesta sexta-feira (16) e segue at\u00e9 o dia 1\u00ba de setembro. S\u00e3o 35 espet\u00e1culos, nove oficinas e tr\u00eas performances, no Teatro Municipal, parques, pra\u00e7as e outros teatros da cidade. Toda a programa\u00e7\u00e3o \u00e9 gratuita. A novidade deste ano\u2026","rel":"","context":"In &quot;Not\u00edcias de Ribeir\u00e3o Preto-SP e Regi\u00e3o&quot;","block_context":{"text":"Not\u00edcias de Ribeir\u00e3o Preto-SP e Regi\u00e3o","link":"https:\/\/noticiasribeiraopreto.com.br\/index.php\/category\/noticias-de-ribeirao-preto-sp-e-regiao-ismael-colosi\/"},"img":{"alt_text":"","src":"https:\/\/i0.wp.com\/noticiasribeiraopreto.com.br\/wp-content\/uploads\/2024\/08\/Copia-de-Copia-de-Copia-de-TAMANHO-EXATO-PARA-FOTOS-NO-SISTEMA-NOVO-2_2024-08-15_12-44-51_jpg_2024-08-15_12-44-51.webp.webp?fit=1200%2C675&ssl=1&resize=350%2C200","width":350,"height":200,"srcset":"https:\/\/i0.wp.com\/noticiasribeiraopreto.com.br\/wp-content\/uploads\/2024\/08\/Copia-de-Copia-de-Copia-de-TAMANHO-EXATO-PARA-FOTOS-NO-SISTEMA-NOVO-2_2024-08-15_12-44-51_jpg_2024-08-15_12-44-51.webp.webp?fit=1200%2C675&ssl=1&resize=350%2C200 1x, https:\/\/i0.wp.com\/noticiasribeiraopreto.com.br\/wp-content\/uploads\/2024\/08\/Copia-de-Copia-de-Copia-de-TAMANHO-EXATO-PARA-FOTOS-NO-SISTEMA-NOVO-2_2024-08-15_12-44-51_jpg_2024-08-15_12-44-51.webp.webp?fit=1200%2C675&ssl=1&resize=525%2C300 1.5x, https:\/\/i0.wp.com\/noticiasribeiraopreto.com.br\/wp-content\/uploads\/2024\/08\/Copia-de-Copia-de-Copia-de-TAMANHO-EXATO-PARA-FOTOS-NO-SISTEMA-NOVO-2_2024-08-15_12-44-51_jpg_2024-08-15_12-44-51.webp.webp?fit=1200%2C675&ssl=1&resize=700%2C400 2x, https:\/\/i0.wp.com\/noticiasribeiraopreto.com.br\/wp-content\/uploads\/2024\/08\/Copia-de-Copia-de-Copia-de-TAMANHO-EXATO-PARA-FOTOS-NO-SISTEMA-NOVO-2_2024-08-15_12-44-51_jpg_2024-08-15_12-44-51.webp.webp?fit=1200%2C675&ssl=1&resize=1050%2C600 3x"},"classes":[]},{"id":55616,"url":"https:\/\/noticiasribeiraopreto.com.br\/index.php\/2024\/08\/03\/atencao-beneficiarios-bolsa-familia-divulga-calendario-do-mes-de-agosto-para-os-nis-1-2-3-4-5-6-7-8-9-e-0-confira-as-datas-de-pagamento-2\/","url_meta":{"origin":75839,"position":2},"title":"Aten\u00e7\u00e3o benefici\u00e1rios! Bolsa fam\u00edlia divulga calend\u00e1rio do m\u00eas de Agosto para os NIS 1, 2, 3, 4, 5, 6, 7, 8, 9 e 0; Confira as datas de pagamento","author":"noticiasribeiraopreto.com.br","date":"3 de August de 2024","format":false,"excerpt":"O Bolsa Fam\u00edlia, programa de transfer\u00eancia de renda do governo federal brasileiro, continua sendo uma ferramenta importante para milh\u00f5es de fam\u00edlias em situa\u00e7\u00e3o de vulnerabilidade econ\u00f4mica. Para fornecer assist\u00eancia financeira mensal, o programa prev\u00ea pagamentos de acordo com um calend\u00e1rio espec\u00edfico, que inclui benef\u00edcios adicionais em determinadas ocasi\u00f5es. Para receber\u2026","rel":"","context":"In &quot;Dinheiro e Investimento&quot;","block_context":{"text":"Dinheiro e Investimento","link":"https:\/\/noticiasribeiraopreto.com.br\/index.php\/category\/dinheiro-e-investimento-como-fazer-como-ganhar\/"},"img":{"alt_text":"","src":"https:\/\/i0.wp.com\/noticiasribeiraopreto.com.br\/wp-content\/uploads\/2024\/07\/reuniao-semanal-equipe-borcelle.webp.webp?fit=1200%2C630&ssl=1&resize=350%2C200","width":350,"height":200,"srcset":"https:\/\/i0.wp.com\/noticiasribeiraopreto.com.br\/wp-content\/uploads\/2024\/07\/reuniao-semanal-equipe-borcelle.webp.webp?fit=1200%2C630&ssl=1&resize=350%2C200 1x, https:\/\/i0.wp.com\/noticiasribeiraopreto.com.br\/wp-content\/uploads\/2024\/07\/reuniao-semanal-equipe-borcelle.webp.webp?fit=1200%2C630&ssl=1&resize=525%2C300 1.5x, https:\/\/i0.wp.com\/noticiasribeiraopreto.com.br\/wp-content\/uploads\/2024\/07\/reuniao-semanal-equipe-borcelle.webp.webp?fit=1200%2C630&ssl=1&resize=700%2C400 2x, https:\/\/i0.wp.com\/noticiasribeiraopreto.com.br\/wp-content\/uploads\/2024\/07\/reuniao-semanal-equipe-borcelle.webp.webp?fit=1200%2C630&ssl=1&resize=1050%2C600 3x"},"classes":[]},{"id":55276,"url":"https:\/\/noticiasribeiraopreto.com.br\/index.php\/2024\/07\/31\/atencao-beneficiarios-bolsa-familia-divulga-calendario-do-mes-de-agosto-para-os-nis-1-2-3-4-5-6-7-8-9-e-0-confira-as-datas-de-pagamento\/","url_meta":{"origin":75839,"position":3},"title":"Aten\u00e7\u00e3o benefici\u00e1rios! Bolsa fam\u00edlia divulga calend\u00e1rio do m\u00eas de Agosto para os NIS 1, 2, 3, 4, 5, 6, 7, 8, 9 e 0; Confira as datas de pagamento","author":"noticiasribeiraopreto.com.br","date":"31 de July de 2024","format":false,"excerpt":"O Bolsa Fam\u00edlia, programa de transfer\u00eancia de renda do governo federal brasileiro, continua sendo uma ferramenta importante para milh\u00f5es de fam\u00edlias em situa\u00e7\u00e3o de vulnerabilidade econ\u00f4mica. Para fornecer assist\u00eancia financeira mensal, o programa prev\u00ea pagamentos de acordo com um calend\u00e1rio espec\u00edfico, que inclui benef\u00edcios adicionais em determinadas ocasi\u00f5es. Para receber\u2026","rel":"","context":"In &quot;Dinheiro e Investimento&quot;","block_context":{"text":"Dinheiro e Investimento","link":"https:\/\/noticiasribeiraopreto.com.br\/index.php\/category\/dinheiro-e-investimento-como-fazer-como-ganhar\/"},"img":{"alt_text":"","src":"https:\/\/i0.wp.com\/noticiasribeiraopreto.com.br\/wp-content\/uploads\/2024\/07\/reuniao-semanal-equipe-borcelle.webp.webp?fit=1200%2C630&ssl=1&resize=350%2C200","width":350,"height":200,"srcset":"https:\/\/i0.wp.com\/noticiasribeiraopreto.com.br\/wp-content\/uploads\/2024\/07\/reuniao-semanal-equipe-borcelle.webp.webp?fit=1200%2C630&ssl=1&resize=350%2C200 1x, https:\/\/i0.wp.com\/noticiasribeiraopreto.com.br\/wp-content\/uploads\/2024\/07\/reuniao-semanal-equipe-borcelle.webp.webp?fit=1200%2C630&ssl=1&resize=525%2C300 1.5x, https:\/\/i0.wp.com\/noticiasribeiraopreto.com.br\/wp-content\/uploads\/2024\/07\/reuniao-semanal-equipe-borcelle.webp.webp?fit=1200%2C630&ssl=1&resize=700%2C400 2x, https:\/\/i0.wp.com\/noticiasribeiraopreto.com.br\/wp-content\/uploads\/2024\/07\/reuniao-semanal-equipe-borcelle.webp.webp?fit=1200%2C630&ssl=1&resize=1050%2C600 3x"},"classes":[]},{"id":75034,"url":"https:\/\/noticiasribeiraopreto.com.br\/index.php\/2025\/08\/01\/casa-de-portinari-tem-programacao-especial-no-mes-de-aniversario-de-brodowski-confira\/","url_meta":{"origin":75839,"position":4},"title":"Casa de Portinari tem programa\u00e7\u00e3o especial no m\u00eas de anivers\u00e1rio de Brodowski; confira","author":"noticiasribeiraopreto.com.br","date":"1 de August de 2025","format":false,"excerpt":"O Museu Casa de Portinari, em Brodowski, regi\u00e3o de Ribeir\u00e3o Preto, conta com uma agenda especial em agosto, m\u00eas que celebra os 112 anos da cidade. A programa\u00e7\u00e3o re\u00fane atividades culturais que valorizam a hist\u00f3ria e a mem\u00f3ria local, tendo como ponto alto a 50\u00aa Semana de Portinari, que acontece\u2026","rel":"","context":"In &quot;Not\u00edcias de Ribeir\u00e3o Preto-SP e Regi\u00e3o&quot;","block_context":{"text":"Not\u00edcias de Ribeir\u00e3o Preto-SP e Regi\u00e3o","link":"https:\/\/noticiasribeiraopreto.com.br\/index.php\/category\/noticias-de-ribeirao-preto-sp-e-regiao-ismael-colosi\/"},"img":{"alt_text":"","src":"https:\/\/i0.wp.com\/noticiasribeiraopreto.com.br\/wp-content\/uploads\/2025\/08\/f39de422-408e-4e01-885d-e6f6ebd33ced_2025-08-01_15-24-13.webp.webp?fit=1200%2C800&ssl=1&resize=350%2C200","width":350,"height":200,"srcset":"https:\/\/i0.wp.com\/noticiasribeiraopreto.com.br\/wp-content\/uploads\/2025\/08\/f39de422-408e-4e01-885d-e6f6ebd33ced_2025-08-01_15-24-13.webp.webp?fit=1200%2C800&ssl=1&resize=350%2C200 1x, https:\/\/i0.wp.com\/noticiasribeiraopreto.com.br\/wp-content\/uploads\/2025\/08\/f39de422-408e-4e01-885d-e6f6ebd33ced_2025-08-01_15-24-13.webp.webp?fit=1200%2C800&ssl=1&resize=525%2C300 1.5x, https:\/\/i0.wp.com\/noticiasribeiraopreto.com.br\/wp-content\/uploads\/2025\/08\/f39de422-408e-4e01-885d-e6f6ebd33ced_2025-08-01_15-24-13.webp.webp?fit=1200%2C800&ssl=1&resize=700%2C400 2x, https:\/\/i0.wp.com\/noticiasribeiraopreto.com.br\/wp-content\/uploads\/2025\/08\/f39de422-408e-4e01-885d-e6f6ebd33ced_2025-08-01_15-24-13.webp.webp?fit=1200%2C800&ssl=1&resize=1050%2C600 3x"},"classes":[]},{"id":76028,"url":"https:\/\/noticiasribeiraopreto.com.br\/index.php\/2025\/08\/20\/instabilidade-tira-do-ar-consulta-de-dados-sobre-qualidade-do-ar-em-ribeirao-entenda\/","url_meta":{"origin":75839,"position":5},"title":"Instabilidade tira do ar consulta de dados sobre qualidade do ar em Ribeir\u00e3o; Entenda","author":"noticiasribeiraopreto.com.br","date":"20 de August de 2025","format":false,"excerpt":"Com a chegada do veranico, per\u00edodo em que as temperaturas ficam acima da m\u00e9dia mesmo no inverno, a qualidade do ar em Ribeir\u00e3o Preto pode ser prejudicada. Nesta semana, por\u00e9m, quem tentou acompanhar os \u00edndices de monitoramento encontrou dificuldades, j\u00e1 que a aba do site da Cetesb (Companhia Ambiental do\u2026","rel":"","context":"In &quot;Not\u00edcias de Ribeir\u00e3o Preto-SP e Regi\u00e3o&quot;","block_context":{"text":"Not\u00edcias de Ribeir\u00e3o Preto-SP e Regi\u00e3o","link":"https:\/\/noticiasribeiraopreto.com.br\/index.php\/category\/noticias-de-ribeirao-preto-sp-e-regiao-ismael-colosi\/"},"img":{"alt_text":"","src":"https:\/\/i0.wp.com\/noticiasribeiraopreto.com.br\/wp-content\/uploads\/2025\/08\/Copia-de-Copia-de-Copia-de-TAMANHO-EXATO-PARA-FOTOS-NO-SISTEMA-NOVO-2025-08-20T190609.455_2025-08-20_22-06-17.webp.webp?fit=1200%2C675&ssl=1&resize=350%2C200","width":350,"height":200,"srcset":"https:\/\/i0.wp.com\/noticiasribeiraopreto.com.br\/wp-content\/uploads\/2025\/08\/Copia-de-Copia-de-Copia-de-TAMANHO-EXATO-PARA-FOTOS-NO-SISTEMA-NOVO-2025-08-20T190609.455_2025-08-20_22-06-17.webp.webp?fit=1200%2C675&ssl=1&resize=350%2C200 1x, https:\/\/i0.wp.com\/noticiasribeiraopreto.com.br\/wp-content\/uploads\/2025\/08\/Copia-de-Copia-de-Copia-de-TAMANHO-EXATO-PARA-FOTOS-NO-SISTEMA-NOVO-2025-08-20T190609.455_2025-08-20_22-06-17.webp.webp?fit=1200%2C675&ssl=1&resize=525%2C300 1.5x, https:\/\/i0.wp.com\/noticiasribeiraopreto.com.br\/wp-content\/uploads\/2025\/08\/Copia-de-Copia-de-Copia-de-TAMANHO-EXATO-PARA-FOTOS-NO-SISTEMA-NOVO-2025-08-20T190609.455_2025-08-20_22-06-17.webp.webp?fit=1200%2C675&ssl=1&resize=700%2C400 2x, https:\/\/i0.wp.com\/noticiasribeiraopreto.com.br\/wp-content\/uploads\/2025\/08\/Copia-de-Copia-de-Copia-de-TAMANHO-EXATO-PARA-FOTOS-NO-SISTEMA-NOVO-2025-08-20T190609.455_2025-08-20_22-06-17.webp.webp?fit=1200%2C675&ssl=1&resize=1050%2C600 3x"},"classes":[]}],"jetpack_sharing_enabled":true,"jetpack_shortlink":"https:\/\/wp.me\/peQAOb-jJd","_links":{"self":[{"href":"https:\/\/noticiasribeiraopreto.com.br\/index.php\/wp-json\/wp\/v2\/posts\/75839","targetHints":{"allow":["GET"]}}],"collection":[{"href":"https:\/\/noticiasribeiraopreto.com.br\/index.php\/wp-json\/wp\/v2\/posts"}],"about":[{"href":"https:\/\/noticiasribeiraopreto.com.br\/index.php\/wp-json\/wp\/v2\/types\/post"}],"author":[{"embeddable":true,"href":"https:\/\/noticiasribeiraopreto.com.br\/index.php\/wp-json\/wp\/v2\/users\/1"}],"replies":[{"embeddable":true,"href":"https:\/\/noticiasribeiraopreto.com.br\/index.php\/wp-json\/wp\/v2\/comments?post=75839"}],"version-history":[{"count":0,"href":"https:\/\/noticiasribeiraopreto.com.br\/index.php\/wp-json\/wp\/v2\/posts\/75839\/revisions"}],"wp:featuredmedia":[{"embeddable":true,"href":"https:\/\/noticiasribeiraopreto.com.br\/index.php\/wp-json\/wp\/v2\/media\/75840"}],"wp:attachment":[{"href":"https:\/\/noticiasribeiraopreto.com.br\/index.php\/wp-json\/wp\/v2\/media?parent=75839"}],"wp:term":[{"taxonomy":"category","embeddable":true,"href":"https:\/\/noticiasribeiraopreto.com.br\/index.php\/wp-json\/wp\/v2\/categories?post=75839"},{"taxonomy":"post_tag","embeddable":true,"href":"https:\/\/noticiasribeiraopreto.com.br\/index.php\/wp-json\/wp\/v2\/tags?post=75839"}],"curies":[{"name":"wp","href":"https:\/\/api.w.org\/{rel}","templated":true}]}}