{"id":75842,"date":"2025-08-16T13:33:29","date_gmt":"2025-08-16T16:33:29","guid":{"rendered":"https:\/\/noticiasribeiraopreto.com.br\/index.php\/2025\/08\/16\/sorriso-maroto-faz-ultimo-show-em-rp\/"},"modified":"2025-08-16T13:33:29","modified_gmt":"2025-08-16T16:33:29","slug":"sorriso-maroto-faz-ultimo-show-em-rp","status":"publish","type":"post","link":"https:\/\/noticiasribeiraopreto.com.br\/index.php\/2025\/08\/16\/sorriso-maroto-faz-ultimo-show-em-rp\/","title":{"rendered":"Sorriso Maroto faz \u00faltimo show em RP"},"content":{"rendered":"<div class='code-block code-block-1' style='margin: 8px 0 8px auto; text-align: right; display: block; clear: both;'>\n<p><a href=\"https:\/\/wa.link\/vpicfd\"><img data-recalc-dims=\"1\" class=\"wp-image-4922\" style=\"aspect-ratio: 2.0253164556962027; width: 561px; height: auto;\" src=\"https:\/\/i0.wp.com\/ismaelcolosi.com.br\/wp-content\/uploads\/2023\/11\/grupo-de-empregos-whatsapp-e-facebook-ismael-colosi-vagas.jpg?ssl=1\" alt=\"\" \/><\/a><\/p>\n<!-- \/wp:image -->\n<\/div>\n<p> <br \/>\n<\/p>\n<div>\n<p><em>Turn\u00ea \u201cSorriso Maroto \u2013 As Antigas\u201d traz sucessos da banda que marcaram \u00e9poca; ser\u00e1 a \u00faltima do grupo<\/em><\/p>\n<p>Pelo terceiro ano consecutivo, o Sorriso Maroto viaja o Brasil levando a festa especial, \u201cSorriso Maroto \u2013 As Antigas\u201d, s\u00f3 com os sucessos que marcaram \u00e9poca. A banda anunciou recentemente o fim da turn\u00ea em 2025 e o p\u00fablico de Ribeir\u00e3o Preto ainda poder\u00e1 conferir o repert\u00f3rio especial no Est\u00e1dio Doutor Francisco de Palma Travassos, o campo do Comercial, neste s\u00e1bado, 16 de agosto, a partir de 15 horas, segundo o site oficial.<\/p>\n<p>Os ingressos est\u00e3o \u00e0 venda no site <a href=\"http:\/\/www.sorrisoasantigas.com.br\">www.sorrisoasantigas.com.br<\/a>. Para o Front Me olha nos olhos custam R$ 340 (inteira) e R$ 170 (meia social com doa\u00e7\u00e3o de um quilo de alimento) e para o Open Diz que quer ficar saem por R$ 920 (inteira) e R$ 460 (meia social com doa\u00e7\u00e3o de um quilo de alimento). O est\u00e1dio fica na avenida Doutor Pl\u00ednio de Castro Prado n\u00ba 1.000, Jardim Paulista<\/p>\n<p>Os n\u00fameros da turn\u00ea at\u00e9 aqui impressionam. At\u00e9 agora foram 36 edi\u00e7\u00f5es em 17 cidades, mais de 350 horas de festa e com um p\u00fablico total de mais de 800 mil pessoas. \u201cTem sido m\u00e1gico viajar o Brasil todo com \u2018Sorriso Maroto \u2013 As Antigas\u2019\u201d, diz Bruno Cardoso.<\/p>\n<p>\u201cFinalizaremos em 2025 essa turn\u00ea que nasceu para ser algo comemorativo pelos 25 anos da banda e acabou se estendendo para mais dois anos. A partir de dezembro deste ano, n\u00e3o haver\u00e1 mais um \u2018pr\u00f3ximo ano\u2019, mas, para cada cidade por onde passarmos, ser\u00e1 nossa \u00faltima apresenta\u00e7\u00e3o\u201d, completa.<\/p>\n<p>Al\u00e9m disso, as vendas j\u00e1 est\u00e3o abertas para o navio \u201cSorriso \u2013 As Antigas\u201d, que acontecer\u00e1 entre os dias 21 e 24 de novembro, saindo do Porto de Santos. \u201cEssa \u00e9 nossa cereja do bolo e estamos ansiosos pra levar toda a experi\u00eancia da turn\u00ea para o alto mar, pela primeira vez\u201d, finaliza Bruno Cardoso.<\/p>\n<p>A festa \u00e9 uma experi\u00eancia \u00fanica, que vai al\u00e9m dos palcos, e inclui karaok\u00ea, quadro de recados, totens interativos e diversas outras a\u00e7\u00f5es para os f\u00e3s. \u201cColocamos em pr\u00e1tica tudo o que desenhamos no papel e fizemos o nosso pr\u00f3prio festival\u201d, brinca o vocalista da banda.<\/p>\n<p>E o grupo garante que o p\u00fablico das cidades por onde a festa passar podem esperar viver uma experi\u00eancia completa com o Sorriso e um show que tem quase quatro horas de dura\u00e7\u00e3o. \u201cMesmo que o p\u00fablico j\u00e1 tenha ido em alguma edi\u00e7\u00e3o do Sorriso As Antigas, a gente procura inovar a cada ano e oferecer uma experi\u00eancia diferente para os f\u00e3s\u201d, refor\u00e7a.<\/p>\n<p>O repert\u00f3rio contempla todos os sucessos do Sorriso Maroto, do in\u00edcio da carreira at\u00e9 mais ou menos o ano de 2016. Fazem parte do set list, os cl\u00e1ssicos como \u201cAinda Gosto de Voc\u00ea\u201d e \u201cJ\u00e1 Era\u201d, que abrem o show, passando por \u201cA Primeira Namorada\u201d, \u201cAssim Voc\u00ea Mata o Papai\u201d, \u201cSinais\u201d e \u201cFuturo Prometido\u201d, tudo conduzido pelo j\u00e1 tradicional rob\u00f4 no tel\u00e3o do palco.<\/p>\n<p>H\u00e1 tamb\u00e9m o momento sempre esperado pelas f\u00e3s do Sorriso Maroto, quando o grupo escolhe algu\u00e9m da plateia para cantar a faixa \u201cMe Olha nos Olhos\u201d com o vocalista. A forma\u00e7\u00e3o atual do grupo traz Bruno Cardoso (voz), S\u00e9rgio Jr. (viol\u00e3o), Cris Oliveira (percuss\u00e3o), Vin\u00edcius Augusto (teclado) e Fred Ara\u00fajo (percuss\u00e3o).<\/p>\n<p>A banda, que surgiu no final da d\u00e9cada de 1990 no Rio de Janeiro, \u00e9 composta por esses cinco integrantes fixos. Bruno Cardoso \u00e9 o vocalista principal, enquanto S\u00e9rgio Jr. cuida do viol\u00e3o, Cris Oliveira da percuss\u00e3o, Vin\u00edcius Augusto do teclado e Fred Ara\u00fajo tamb\u00e9m da percuss\u00e3o.<\/p>\n<p>Em 2023, o Sorriso Maroto decidiu assumir a responsabilidade de estar ainda mais alinhado com as boas pr\u00e1ticas de sustentabilidade, diversidade, inclus\u00e3o e solidariedade. O carro chefe desse compromisso social \u00e9 o programa \u201cEspalhando Sorrisos\u201d.<\/p>\n<p>A iniciativa \u00e9 voltada para promover a inclus\u00e3o social atrav\u00e9s da odontologia, com planos de expans\u00e3o para outras \u00e1reas da sociedade. O programa visa fornecer acesso a cuidados de sa\u00fade oral para crian\u00e7as, adolescentes e adultos em situa\u00e7\u00e3o de vulnerabilidade.<\/p>\n<p>O financiamento do programa \u00e9 obtido por meio do Ingresso Social, no qual cinco reais de cada ingresso vendido nos shows da turn\u00ea \u201cSorriso Maroto \u2013 As Antigas\u201d s\u00e3o destinados \u00e0 iniciativa. O processo de sele\u00e7\u00e3o das ONGs benefici\u00e1rias \u00e9 conduzido pelo corpo t\u00e9cnico do Espalhando Sorrisos, garantindo a legitimidade jur\u00eddica e a responsabilidade t\u00e9cnica das organiza\u00e7\u00f5es selecionadas.<\/p>\n<p>Em um esfor\u00e7o de transpar\u00eancia e presta\u00e7\u00e3o de contas para seu p\u00fablico, todas as doa\u00e7\u00f5es s\u00e3o auditadas e disponibilizadas para consulta. Desde o lan\u00e7amento do programa em 2023, o \u201cEspalhando Sorrisos\u201d j\u00e1 arrecadou dois milh\u00f5es, 150 toneladas de alimentos e 15 ONGs ajudadas.<\/p>\n<p>S\u00f3 no Maracan\u00e3, o grupo bateu o recorde de doa\u00e7\u00f5es, somando mais de 237 mil reais. Para os shows de 2025, o Espalhando Sorrisos segue disponibilizando um stand dedicado \u00e0 coleta de doa\u00e7\u00f5es de pasta de dente, escova de dente, fio dental e contribui\u00e7\u00f5es financeiras.<\/p>\n<p>\u201cEsse \u00e9 um desejo antigo do Sorriso. A gente j\u00e1 tinha um projeto com a turn\u00ea A.M.A que, infelizmente, a pandemia inviabilizou, de criar a\u00e7\u00f5es de cunho solid\u00e1rio\u201d, conta Bruno. \u201cMas o desejo de ajudar, atrav\u00e9s dos nossos shows, n\u00e3o acabou e agora a gente trouxe para essa turn\u00ea que est\u00e1 viajando o Brasil todo e reunindo milhares de pessoas\u201d, completa. \u201cEntendemos que o futuro \u00e9 usar a nossa arte como forma de ajuda, isso sem d\u00favida nos move\u201d, finaliza o vocalista.<\/p>\n<\/div>\n<p><br \/>\n<br \/><a href=\"https:\/\/www.tribunaribeirao.com.br\/sorriso-maroto-faz-ultimo-show-em-rp\/\">Source link <\/a><\/p>\n<!-- CONTENT END 1 -->\n","protected":false},"excerpt":{"rendered":"<p>Turn\u00ea \u201cSorriso Maroto \u2013 As Antigas\u201d traz sucessos da banda que marcaram \u00e9poca; ser\u00e1 a \u00faltima do grupo Pelo terceiro ano consecutivo, o Sorriso Maroto&#8230;<\/p>\n","protected":false},"author":1,"featured_media":75843,"comment_status":"open","ping_status":"open","sticky":false,"template":"","format":"standard","meta":{"advanced_seo_description":"","jetpack_seo_html_title":"","jetpack_seo_noindex":false,"jetpack_post_was_ever_published":false,"_jetpack_newsletter_access":"","_jetpack_dont_email_post_to_subs":false,"_jetpack_newsletter_tier_id":0,"_jetpack_memberships_contains_paywalled_content":false,"_jetpack_memberships_contains_paid_content":false,"footnotes":"","jetpack_publicize_message":"","jetpack_publicize_feature_enabled":true,"jetpack_social_post_already_shared":true,"jetpack_social_options":{"image_generator_settings":{"template":"highway","default_image_id":0,"font":"","enabled":false},"version":2}},"categories":[11],"tags":[],"class_list":["post-75842","post","type-post","status-publish","format-standard","has-post-thumbnail","hentry","category-noticias-de-ribeirao-preto-sp-e-regiao-ismael-colosi"],"jetpack_publicize_connections":[],"jetpack_featured_media_url":"https:\/\/i0.wp.com\/noticiasribeiraopreto.com.br\/wp-content\/uploads\/2025\/08\/Maroto-Boa-Tulio-Barros-scaled.jpg?fit=1170%2C780&ssl=1","jetpack-related-posts":[{"id":51019,"url":"https:\/\/noticiasribeiraopreto.com.br\/index.php\/2024\/05\/22\/venda-de-ingressos-liberada-para-o-show-do-sorriso-maroto-as-antigas-em-ribeirao-preto\/","url_meta":{"origin":75842,"position":0},"title":"Venda de ingressos liberada para o show do Sorriso Maroto \u201cAs Antigas\u201d em Ribeir\u00e3o Preto","author":"noticiasribeiraopreto.com.br","date":"22 de May de 2024","format":false,"excerpt":"A venda de ingressos para o show do Sorriso Maroto \u201cAs Antigas\u201d, em Ribeir\u00e3o Preto, come\u00e7ou nesta ter\u00e7a-feira (22) pelo site \u201cIngresse\u201d. O show, que traz os sucessos do grupo de pagode, acontecer\u00e1, \u00e0s 20h do dia 17 de agosto, no est\u00e1dio do Comercial, no bairro Jardim Paulista, na zona\u2026","rel":"","context":"In &quot;Not\u00edcias de Ribeir\u00e3o Preto-SP e Regi\u00e3o&quot;","block_context":{"text":"Not\u00edcias de Ribeir\u00e3o Preto-SP e Regi\u00e3o","link":"https:\/\/noticiasribeiraopreto.com.br\/index.php\/category\/noticias-de-ribeirao-preto-sp-e-regiao-ismael-colosi\/"},"img":{"alt_text":"","src":"https:\/\/i0.wp.com\/noticiasribeiraopreto.com.br\/wp-content\/uploads\/2024\/05\/Capturar_2024-05-22_14-20-57_jpg_2024-05-22_14-20-57.webp.webp?fit=861%2C494&ssl=1&resize=350%2C200","width":350,"height":200,"srcset":"https:\/\/i0.wp.com\/noticiasribeiraopreto.com.br\/wp-content\/uploads\/2024\/05\/Capturar_2024-05-22_14-20-57_jpg_2024-05-22_14-20-57.webp.webp?fit=861%2C494&ssl=1&resize=350%2C200 1x, https:\/\/i0.wp.com\/noticiasribeiraopreto.com.br\/wp-content\/uploads\/2024\/05\/Capturar_2024-05-22_14-20-57_jpg_2024-05-22_14-20-57.webp.webp?fit=861%2C494&ssl=1&resize=525%2C300 1.5x, https:\/\/i0.wp.com\/noticiasribeiraopreto.com.br\/wp-content\/uploads\/2024\/05\/Capturar_2024-05-22_14-20-57_jpg_2024-05-22_14-20-57.webp.webp?fit=861%2C494&ssl=1&resize=700%2C400 2x"},"classes":[]},{"id":75294,"url":"https:\/\/noticiasribeiraopreto.com.br\/index.php\/2025\/08\/06\/show-em-ribeirao-preto-marca-encerramento-da-turne-as-antigas-do-sorriso-maroto\/","url_meta":{"origin":75842,"position":1},"title":"Show em Ribeir\u00e3o Preto marca encerramento da turn\u00ea &#8216;As Antigas&#8217; do Sorriso Maroto","author":"noticiasribeiraopreto.com.br","date":"6 de August de 2025","format":false,"excerpt":"Ribeir\u00e3o Preto recebe um dos \u00faltimos shows da turn\u00ea \u201cSorriso Maroto \u2013 As Antigas\u201d, no dia 16 de agosto. O grupo se apresenta no Est\u00e1dio Palma Travassos com um repert\u00f3rio que percorre mais de duas d\u00e9cadas de carreira. Os ingressos seguem \u00e0 venda pela plataforma Ingresse. O projeto, que come\u00e7ou\u2026","rel":"","context":"In &quot;Not\u00edcias de Ribeir\u00e3o Preto-SP e Regi\u00e3o&quot;","block_context":{"text":"Not\u00edcias de Ribeir\u00e3o Preto-SP e Regi\u00e3o","link":"https:\/\/noticiasribeiraopreto.com.br\/index.php\/category\/noticias-de-ribeirao-preto-sp-e-regiao-ismael-colosi\/"},"img":{"alt_text":"","src":"https:\/\/i0.wp.com\/noticiasribeiraopreto.com.br\/wp-content\/uploads\/2025\/08\/Copia-de-Copia-de-Copia-de-TAMANHO-EXATO-PARA-FOTOS-NO-SISTEMA-NOVO-2025-08-06T135227.893_2025-08-06_16-52-44.webp.webp?fit=1200%2C675&ssl=1&resize=350%2C200","width":350,"height":200,"srcset":"https:\/\/i0.wp.com\/noticiasribeiraopreto.com.br\/wp-content\/uploads\/2025\/08\/Copia-de-Copia-de-Copia-de-TAMANHO-EXATO-PARA-FOTOS-NO-SISTEMA-NOVO-2025-08-06T135227.893_2025-08-06_16-52-44.webp.webp?fit=1200%2C675&ssl=1&resize=350%2C200 1x, https:\/\/i0.wp.com\/noticiasribeiraopreto.com.br\/wp-content\/uploads\/2025\/08\/Copia-de-Copia-de-Copia-de-TAMANHO-EXATO-PARA-FOTOS-NO-SISTEMA-NOVO-2025-08-06T135227.893_2025-08-06_16-52-44.webp.webp?fit=1200%2C675&ssl=1&resize=525%2C300 1.5x, https:\/\/i0.wp.com\/noticiasribeiraopreto.com.br\/wp-content\/uploads\/2025\/08\/Copia-de-Copia-de-Copia-de-TAMANHO-EXATO-PARA-FOTOS-NO-SISTEMA-NOVO-2025-08-06T135227.893_2025-08-06_16-52-44.webp.webp?fit=1200%2C675&ssl=1&resize=700%2C400 2x, https:\/\/i0.wp.com\/noticiasribeiraopreto.com.br\/wp-content\/uploads\/2025\/08\/Copia-de-Copia-de-Copia-de-TAMANHO-EXATO-PARA-FOTOS-NO-SISTEMA-NOVO-2025-08-06T135227.893_2025-08-06_16-52-44.webp.webp?fit=1200%2C675&ssl=1&resize=1050%2C600 3x"},"classes":[]},{"id":71309,"url":"https:\/\/noticiasribeiraopreto.com.br\/index.php\/2025\/06\/04\/sorriso-maroto-se-despede-da-turne-as-antigas-em-ribeirao-veja-quando-e-como-comprar\/","url_meta":{"origin":75842,"position":2},"title":"Sorriso Maroto se despede da turn\u00ea \u2018As Antigas\u2019 em Ribeir\u00e3o; Veja quando e como comprar","author":"noticiasribeiraopreto.com.br","date":"4 de June de 2025","format":false,"excerpt":"O grupo de pagode Sorriso Maroto desembarca em Ribeir\u00e3o Preto com o show de despedida da turn\u00ea \u201cAs Antigas\u201d, no dia 16 de agosto. A venda dos ingressos para a apresenta\u00e7\u00e3o que acontece no est\u00e1dio Palma Travassos, zona Leste do munic\u00edpio, come\u00e7a na pr\u00f3xima ter\u00e7a-feira (10), \u00e0s 12h. Os valores,\u2026","rel":"","context":"In &quot;Not\u00edcias de Ribeir\u00e3o Preto-SP e Regi\u00e3o&quot;","block_context":{"text":"Not\u00edcias de Ribeir\u00e3o Preto-SP e Regi\u00e3o","link":"https:\/\/noticiasribeiraopreto.com.br\/index.php\/category\/noticias-de-ribeirao-preto-sp-e-regiao-ismael-colosi\/"},"img":{"alt_text":"","src":"https:\/\/i0.wp.com\/noticiasribeiraopreto.com.br\/wp-content\/uploads\/2024\/05\/Tulio-Barros_2024-05-20_20-03-06_jpg_2024-05-20_20-03-06.webp.webp?fit=1200%2C800&ssl=1&resize=350%2C200","width":350,"height":200,"srcset":"https:\/\/i0.wp.com\/noticiasribeiraopreto.com.br\/wp-content\/uploads\/2024\/05\/Tulio-Barros_2024-05-20_20-03-06_jpg_2024-05-20_20-03-06.webp.webp?fit=1200%2C800&ssl=1&resize=350%2C200 1x, https:\/\/i0.wp.com\/noticiasribeiraopreto.com.br\/wp-content\/uploads\/2024\/05\/Tulio-Barros_2024-05-20_20-03-06_jpg_2024-05-20_20-03-06.webp.webp?fit=1200%2C800&ssl=1&resize=525%2C300 1.5x, https:\/\/i0.wp.com\/noticiasribeiraopreto.com.br\/wp-content\/uploads\/2024\/05\/Tulio-Barros_2024-05-20_20-03-06_jpg_2024-05-20_20-03-06.webp.webp?fit=1200%2C800&ssl=1&resize=700%2C400 2x, https:\/\/i0.wp.com\/noticiasribeiraopreto.com.br\/wp-content\/uploads\/2024\/05\/Tulio-Barros_2024-05-20_20-03-06_jpg_2024-05-20_20-03-06.webp.webp?fit=1200%2C800&ssl=1&resize=1050%2C600 3x"},"classes":[]},{"id":45662,"url":"https:\/\/noticiasribeiraopreto.com.br\/index.php\/2024\/04\/05\/sorriso-maroto-confirma-show-em-ribeirao-preto-veja-quando\/","url_meta":{"origin":75842,"position":3},"title":"Sorriso Maroto confirma show em Ribeir\u00e3o Preto; Veja quando","author":"noticiasribeiraopreto.com.br","date":"5 de April de 2024","format":false,"excerpt":"O grupo de pagode Sorriso Maroto confirmou o show da turn\u00ea \u201cAs antigas\u201d em Ribeir\u00e3o Preto. Marcado para o dia 17 de agosto, o evento ainda n\u00e3o tem local definido e as vendas de ingressos ser\u00e3o divulgadas em breve, segundo o site oficial da turn\u00ea. As antigas O show \u201cAs\u2026","rel":"","context":"In &quot;Not\u00edcias de Ribeir\u00e3o Preto-SP e Regi\u00e3o&quot;","block_context":{"text":"Not\u00edcias de Ribeir\u00e3o Preto-SP e Regi\u00e3o","link":"https:\/\/noticiasribeiraopreto.com.br\/index.php\/category\/noticias-de-ribeirao-preto-sp-e-regiao-ismael-colosi\/"},"img":{"alt_text":"","src":"https:\/\/i0.wp.com\/noticiasribeiraopreto.com.br\/wp-content\/uploads\/2024\/04\/Copia-de-Copia-de-TAMANHO-EXATO-PARA-FOTOS-NO-SISTEMA-NOVO-1.png?fit=1200%2C675&ssl=1&resize=350%2C200","width":350,"height":200,"srcset":"https:\/\/i0.wp.com\/noticiasribeiraopreto.com.br\/wp-content\/uploads\/2024\/04\/Copia-de-Copia-de-TAMANHO-EXATO-PARA-FOTOS-NO-SISTEMA-NOVO-1.png?fit=1200%2C675&ssl=1&resize=350%2C200 1x, https:\/\/i0.wp.com\/noticiasribeiraopreto.com.br\/wp-content\/uploads\/2024\/04\/Copia-de-Copia-de-TAMANHO-EXATO-PARA-FOTOS-NO-SISTEMA-NOVO-1.png?fit=1200%2C675&ssl=1&resize=525%2C300 1.5x, https:\/\/i0.wp.com\/noticiasribeiraopreto.com.br\/wp-content\/uploads\/2024\/04\/Copia-de-Copia-de-TAMANHO-EXATO-PARA-FOTOS-NO-SISTEMA-NOVO-1.png?fit=1200%2C675&ssl=1&resize=700%2C400 2x, https:\/\/i0.wp.com\/noticiasribeiraopreto.com.br\/wp-content\/uploads\/2024\/04\/Copia-de-Copia-de-TAMANHO-EXATO-PARA-FOTOS-NO-SISTEMA-NOVO-1.png?fit=1200%2C675&ssl=1&resize=1050%2C600 3x"},"classes":[]},{"id":50889,"url":"https:\/\/noticiasribeiraopreto.com.br\/index.php\/2024\/05\/20\/veja-quando-comeca-a-venda-dos-ingressos-para-show-do-sorriso-maroto-em-ribeirao-preto\/","url_meta":{"origin":75842,"position":4},"title":"Veja quando come\u00e7a a venda dos ingressos para show\u00a0do Sorriso Maroto em Ribeir\u00e3o Preto","author":"noticiasribeiraopreto.com.br","date":"20 de May de 2024","format":false,"excerpt":"A venda dos ingressos para a turn\u00ea \u201cAs Antigas\u201d, do grupo de pagode Sorriso Maroto, em Ribeir\u00e3o Preto, come\u00e7a nesta quarta-feira (22), \u00e0s 12h. A apresenta\u00e7\u00e3o est\u00e1 marcada para acontecer no dia 17 de agosto, no est\u00e1dio Palma Travassos, no Jardim Paulista, zona Leste da cidade. Os valores dos ingressos,\u2026","rel":"","context":"In &quot;Not\u00edcias de Ribeir\u00e3o Preto-SP e Regi\u00e3o&quot;","block_context":{"text":"Not\u00edcias de Ribeir\u00e3o Preto-SP e Regi\u00e3o","link":"https:\/\/noticiasribeiraopreto.com.br\/index.php\/category\/noticias-de-ribeirao-preto-sp-e-regiao-ismael-colosi\/"},"img":{"alt_text":"","src":"https:\/\/i0.wp.com\/noticiasribeiraopreto.com.br\/wp-content\/uploads\/2024\/05\/Tulio-Barros_2024-05-20_20-03-06_jpg_2024-05-20_20-03-06.webp.webp?fit=1200%2C800&ssl=1&resize=350%2C200","width":350,"height":200,"srcset":"https:\/\/i0.wp.com\/noticiasribeiraopreto.com.br\/wp-content\/uploads\/2024\/05\/Tulio-Barros_2024-05-20_20-03-06_jpg_2024-05-20_20-03-06.webp.webp?fit=1200%2C800&ssl=1&resize=350%2C200 1x, https:\/\/i0.wp.com\/noticiasribeiraopreto.com.br\/wp-content\/uploads\/2024\/05\/Tulio-Barros_2024-05-20_20-03-06_jpg_2024-05-20_20-03-06.webp.webp?fit=1200%2C800&ssl=1&resize=525%2C300 1.5x, https:\/\/i0.wp.com\/noticiasribeiraopreto.com.br\/wp-content\/uploads\/2024\/05\/Tulio-Barros_2024-05-20_20-03-06_jpg_2024-05-20_20-03-06.webp.webp?fit=1200%2C800&ssl=1&resize=700%2C400 2x, https:\/\/i0.wp.com\/noticiasribeiraopreto.com.br\/wp-content\/uploads\/2024\/05\/Tulio-Barros_2024-05-20_20-03-06_jpg_2024-05-20_20-03-06.webp.webp?fit=1200%2C800&ssl=1&resize=1050%2C600 3x"},"classes":[]},{"id":82042,"url":"https:\/\/noticiasribeiraopreto.com.br\/index.php\/2026\/02\/02\/sorriso-maroto-confirma-nova-turne-em-ribeirao-preto-veja-quando\/","url_meta":{"origin":75842,"position":5},"title":"Sorriso Maroto confirma nova turn\u00ea em Ribeir\u00e3o Preto; veja quando","author":"noticiasribeiraopreto.com.br","date":"2 de February de 2026","format":false,"excerpt":"O Sorriso Maroto anunciou que trar\u00e1 a Ribeir\u00e3o Preto o seu mais novo projeto, \u201cSorriso Eu Gosto no Pagode\u201d, em formato de roda de samba, no dia 31 de outubro deste ano. Em publica\u00e7\u00e3o feita no Instagram, o grupo confirmou que a turn\u00ea vai passar por oito cidades, al\u00e9m de\u2026","rel":"","context":"In &quot;Not\u00edcias de Ribeir\u00e3o Preto-SP e Regi\u00e3o&quot;","block_context":{"text":"Not\u00edcias de Ribeir\u00e3o Preto-SP e Regi\u00e3o","link":"https:\/\/noticiasribeiraopreto.com.br\/index.php\/category\/noticias-de-ribeirao-preto-sp-e-regiao-ismael-colosi\/"},"img":{"alt_text":"","src":"https:\/\/i0.wp.com\/noticiasribeiraopreto.com.br\/wp-content\/uploads\/2026\/02\/domingo-100_2026-02-01_17-23-40.webp.webp?fit=1200%2C675&ssl=1&resize=350%2C200","width":350,"height":200,"srcset":"https:\/\/i0.wp.com\/noticiasribeiraopreto.com.br\/wp-content\/uploads\/2026\/02\/domingo-100_2026-02-01_17-23-40.webp.webp?fit=1200%2C675&ssl=1&resize=350%2C200 1x, https:\/\/i0.wp.com\/noticiasribeiraopreto.com.br\/wp-content\/uploads\/2026\/02\/domingo-100_2026-02-01_17-23-40.webp.webp?fit=1200%2C675&ssl=1&resize=525%2C300 1.5x, https:\/\/i0.wp.com\/noticiasribeiraopreto.com.br\/wp-content\/uploads\/2026\/02\/domingo-100_2026-02-01_17-23-40.webp.webp?fit=1200%2C675&ssl=1&resize=700%2C400 2x, https:\/\/i0.wp.com\/noticiasribeiraopreto.com.br\/wp-content\/uploads\/2026\/02\/domingo-100_2026-02-01_17-23-40.webp.webp?fit=1200%2C675&ssl=1&resize=1050%2C600 3x"},"classes":[]}],"jetpack_sharing_enabled":true,"jetpack_shortlink":"https:\/\/wp.me\/peQAOb-jJg","_links":{"self":[{"href":"https:\/\/noticiasribeiraopreto.com.br\/index.php\/wp-json\/wp\/v2\/posts\/75842","targetHints":{"allow":["GET"]}}],"collection":[{"href":"https:\/\/noticiasribeiraopreto.com.br\/index.php\/wp-json\/wp\/v2\/posts"}],"about":[{"href":"https:\/\/noticiasribeiraopreto.com.br\/index.php\/wp-json\/wp\/v2\/types\/post"}],"author":[{"embeddable":true,"href":"https:\/\/noticiasribeiraopreto.com.br\/index.php\/wp-json\/wp\/v2\/users\/1"}],"replies":[{"embeddable":true,"href":"https:\/\/noticiasribeiraopreto.com.br\/index.php\/wp-json\/wp\/v2\/comments?post=75842"}],"version-history":[{"count":0,"href":"https:\/\/noticiasribeiraopreto.com.br\/index.php\/wp-json\/wp\/v2\/posts\/75842\/revisions"}],"wp:featuredmedia":[{"embeddable":true,"href":"https:\/\/noticiasribeiraopreto.com.br\/index.php\/wp-json\/wp\/v2\/media\/75843"}],"wp:attachment":[{"href":"https:\/\/noticiasribeiraopreto.com.br\/index.php\/wp-json\/wp\/v2\/media?parent=75842"}],"wp:term":[{"taxonomy":"category","embeddable":true,"href":"https:\/\/noticiasribeiraopreto.com.br\/index.php\/wp-json\/wp\/v2\/categories?post=75842"},{"taxonomy":"post_tag","embeddable":true,"href":"https:\/\/noticiasribeiraopreto.com.br\/index.php\/wp-json\/wp\/v2\/tags?post=75842"}],"curies":[{"name":"wp","href":"https:\/\/api.w.org\/{rel}","templated":true}]}}