{"id":75844,"date":"2025-08-16T13:44:08","date_gmt":"2025-08-16T16:44:08","guid":{"rendered":"https:\/\/noticiasribeiraopreto.com.br\/index.php\/2025\/08\/16\/criminosos-encapuzados-realizam-ataque-a-tiros-contra-advogado-em-ribeirao-preto\/"},"modified":"2025-08-16T13:44:08","modified_gmt":"2025-08-16T16:44:08","slug":"criminosos-encapuzados-realizam-ataque-a-tiros-contra-advogado-em-ribeirao-preto","status":"publish","type":"post","link":"https:\/\/noticiasribeiraopreto.com.br\/index.php\/2025\/08\/16\/criminosos-encapuzados-realizam-ataque-a-tiros-contra-advogado-em-ribeirao-preto\/","title":{"rendered":"Criminosos encapuzados realizam ataque a tiros contra advogado em Ribeir\u00e3o Preto"},"content":{"rendered":"<div class='code-block code-block-1' style='margin: 8px 0 8px auto; text-align: right; display: block; clear: both;'>\n<p><a href=\"https:\/\/wa.link\/vpicfd\"><img data-recalc-dims=\"1\" class=\"wp-image-4922\" style=\"aspect-ratio: 2.0253164556962027; width: 561px; height: auto;\" src=\"https:\/\/i0.wp.com\/ismaelcolosi.com.br\/wp-content\/uploads\/2023\/11\/grupo-de-empregos-whatsapp-e-facebook-ismael-colosi-vagas.jpg?ssl=1\" alt=\"\" \/><\/a><\/p>\n<!-- \/wp:image -->\n<\/div>\n<p> <br \/>\n<\/p>\n<div data-td-block-uid=\"tdi_95\">\n<div class=\"tdb-block-inner td-fix-index\">\n<p>Um advogado sofreu um ataque a tiros na manh\u00e3 deste s\u00e1bado (16), no <strong>Parque dos Servidores<\/strong>, na zona Leste de Ribeir\u00e3o Preto. O advogado estava saindo de casa quando dois criminosos encapuzados, que estavam em um carro, fecharam o ve\u00edculo da v\u00edtima e come\u00e7aram os disparos.<\/p>\n<p>O crime aconteceu na rua\u00a0 Alfredo Poggi, por volta das 10h.<mark style=\"background-color:#fcb900\" class=\"has-inline-color has-black-color\"> A v\u00edtima n\u00e3o ficou ferida <\/mark>\u2013 o nome dela n\u00e3o foi revelado. Outro ve\u00edculo tamb\u00e9m foi atingido, mas ningu\u00e9m foi atingido.<\/p>\n<p>Em nota, a subse\u00e7\u00e3o da <strong>OAB (Ordem dos Advogados do Brasil) de Ribeir\u00e3o Preto<\/strong> informou que prestam assist\u00eancia ao advogado, v\u00edtima do atentado, e cobra investiga\u00e7\u00f5es para esclarecimento do crime.<\/p>\n<h2 class=\"wp-block-heading\"><strong>Leia a nota na \u00edntegra<\/strong><\/h2>\n<p>A OAB Ribeir\u00e3o Preto, representada pelo seu Presidente, Dr. <strong>Alexandre Silveira<\/strong>, e pela Relatora da Comiss\u00e3o de Prerrogativas, Dra. <strong>Tauana Matos<\/strong>, encontra-se presente na Central de Pol\u00edcia Judici\u00e1ria (CPJ) para prestar total assist\u00eancia e apoio ao colega advogado v\u00edtima de grave atentado nesta manh\u00e3.<\/p>\n<p>A OAB Ribeir\u00e3o Preto acompanha, neste momento, a lavratura do boletim de ocorr\u00eancia referente ao crime.<\/p>\n<p>A OAB Ribeir\u00e3o Preto cobra das autoridades policiais apura\u00e7\u00e3o rigorosa e imediata do fato, visando o cabal esclarecimento, especialmente quanto \u00e0 autoria e motiva\u00e7\u00e3o do atentado.<\/p>\n<p>\u00c9 inadmiss\u00edvel qualquer forma de viol\u00eancia contra a advocacia e o exerc\u00edcio do direito de defesa, pilares fundamentais do Estado Democr\u00e1tico de Direito. A Seccional permanecer\u00e1 vigilante e atuante na defesa das prerrogativas da categoria e na garantia da seguran\u00e7a dos advogados.<\/p>\n<p><!-- AI CONTENT END 1 -->\n<\/div>\n<\/div>\n<p><br \/>\n<br \/><a href=\"https:\/\/www.acidadeon.com\/ribeiraopreto\/cotidiano\/criminosos-encapuzados-realizam-ataque-tiros-contra-advogado-em-ribeirao-preto\/\">Source link <\/a><\/p>\n<!-- CONTENT END 1 -->\n","protected":false},"excerpt":{"rendered":"<p>Um advogado sofreu um ataque a tiros na manh\u00e3 deste s\u00e1bado (16), no Parque dos Servidores, na zona Leste de Ribeir\u00e3o Preto. O advogado estava&#8230;<\/p>\n","protected":false},"author":1,"featured_media":75845,"comment_status":"open","ping_status":"open","sticky":false,"template":"","format":"standard","meta":{"advanced_seo_description":"","jetpack_seo_html_title":"","jetpack_seo_noindex":false,"jetpack_post_was_ever_published":false,"_jetpack_newsletter_access":"","_jetpack_dont_email_post_to_subs":false,"_jetpack_newsletter_tier_id":0,"_jetpack_memberships_contains_paywalled_content":false,"_jetpack_memberships_contains_paid_content":false,"footnotes":"","jetpack_publicize_message":"","jetpack_publicize_feature_enabled":true,"jetpack_social_post_already_shared":true,"jetpack_social_options":{"image_generator_settings":{"template":"highway","default_image_id":0,"font":"","enabled":false},"version":2}},"categories":[11],"tags":[],"class_list":["post-75844","post","type-post","status-publish","format-standard","has-post-thumbnail","hentry","category-noticias-de-ribeirao-preto-sp-e-regiao-ismael-colosi"],"jetpack_publicize_connections":[],"jetpack_featured_media_url":"https:\/\/i0.wp.com\/noticiasribeiraopreto.com.br\/wp-content\/uploads\/2025\/08\/clio-advogado_2025-08-16_16-43-41.webp.webp?fit=1199%2C829&ssl=1","jetpack-related-posts":[{"id":75932,"url":"https:\/\/noticiasribeiraopreto.com.br\/index.php\/2025\/08\/18\/advogado-que-sofreu-atentado-em-ribeirao-diz-que-nao-imaginava-ser-o-alvo-dos-disparos\/","url_meta":{"origin":75844,"position":0},"title":"Advogado que sofreu atentado em Ribeir\u00e3o diz que n\u00e3o imaginava ser o alvo dos disparos","author":"noticiasribeiraopreto.com.br","date":"18 de August de 2025","format":false,"excerpt":"O advogado criminalista que sofreu um atentado na manh\u00e3 de s\u00e1bado (16), no Parque dos Servidores, zona Leste de Ribeir\u00e3o Preto, disse \u00e0 EPTV que n\u00e3o imaginava ser o alvo dos disparos. Marcelo Dentello estava saindo de casa quando dois criminosos encapuzados, que estavam em um carro, fecharam o ve\u00edculo\u2026","rel":"","context":"In &quot;Not\u00edcias de Ribeir\u00e3o Preto-SP e Regi\u00e3o&quot;","block_context":{"text":"Not\u00edcias de Ribeir\u00e3o Preto-SP e Regi\u00e3o","link":"https:\/\/noticiasribeiraopreto.com.br\/index.php\/category\/noticias-de-ribeirao-preto-sp-e-regiao-ismael-colosi\/"},"img":{"alt_text":"","src":"https:\/\/i0.wp.com\/noticiasribeiraopreto.com.br\/wp-content\/uploads\/2025\/08\/clio-advogado_2025-08-16_16-43-41.webp.webp?fit=1199%2C829&ssl=1&resize=350%2C200","width":350,"height":200,"srcset":"https:\/\/i0.wp.com\/noticiasribeiraopreto.com.br\/wp-content\/uploads\/2025\/08\/clio-advogado_2025-08-16_16-43-41.webp.webp?fit=1199%2C829&ssl=1&resize=350%2C200 1x, https:\/\/i0.wp.com\/noticiasribeiraopreto.com.br\/wp-content\/uploads\/2025\/08\/clio-advogado_2025-08-16_16-43-41.webp.webp?fit=1199%2C829&ssl=1&resize=525%2C300 1.5x, https:\/\/i0.wp.com\/noticiasribeiraopreto.com.br\/wp-content\/uploads\/2025\/08\/clio-advogado_2025-08-16_16-43-41.webp.webp?fit=1199%2C829&ssl=1&resize=700%2C400 2x, https:\/\/i0.wp.com\/noticiasribeiraopreto.com.br\/wp-content\/uploads\/2025\/08\/clio-advogado_2025-08-16_16-43-41.webp.webp?fit=1199%2C829&ssl=1&resize=1050%2C600 3x"},"classes":[]},{"id":75915,"url":"https:\/\/noticiasribeiraopreto.com.br\/index.php\/2025\/08\/18\/advogado-sofre-atentado-no-parque-dos-servidores\/","url_meta":{"origin":75844,"position":1},"title":"Advogado sofre atentado no Parque dos Servidores","author":"noticiasribeiraopreto.com.br","date":"18 de August de 2025","format":false,"excerpt":"Suspeita \u00e9 que ataque tenha liga\u00e7\u00e3o a duplo homic\u00eddio de empres\u00e1rio e advogada em Jardin\u00f3polis 18 de agosto de 2025 13:050 Compartilhar0 Por: Adalberto Luque Um advogado foi alvo de um atentado, na manh\u00e3 deste s\u00e1bado (16). Ele seguia com seu carro, um Renault Clio pela rua Alfredo Poggi, Parque\u2026","rel":"","context":"In &quot;Not\u00edcias de Ribeir\u00e3o Preto-SP e Regi\u00e3o&quot;","block_context":{"text":"Not\u00edcias de Ribeir\u00e3o Preto-SP e Regi\u00e3o","link":"https:\/\/noticiasribeiraopreto.com.br\/index.php\/category\/noticias-de-ribeirao-preto-sp-e-regiao-ismael-colosi\/"},"img":{"alt_text":"","src":"https:\/\/i0.wp.com\/noticiasribeiraopreto.com.br\/wp-content\/uploads\/2025\/08\/18-ago-2025-advogadoalvejado.jpg?fit=781%2C780&ssl=1&resize=350%2C200","width":350,"height":200,"srcset":"https:\/\/i0.wp.com\/noticiasribeiraopreto.com.br\/wp-content\/uploads\/2025\/08\/18-ago-2025-advogadoalvejado.jpg?fit=781%2C780&ssl=1&resize=350%2C200 1x, https:\/\/i0.wp.com\/noticiasribeiraopreto.com.br\/wp-content\/uploads\/2025\/08\/18-ago-2025-advogadoalvejado.jpg?fit=781%2C780&ssl=1&resize=525%2C300 1.5x, https:\/\/i0.wp.com\/noticiasribeiraopreto.com.br\/wp-content\/uploads\/2025\/08\/18-ago-2025-advogadoalvejado.jpg?fit=781%2C780&ssl=1&resize=700%2C400 2x"},"classes":[]},{"id":41647,"url":"https:\/\/noticiasribeiraopreto.com.br\/index.php\/2024\/03\/10\/advocacia-de-luto-e-na-luta-contra-a-violencia\/","url_meta":{"origin":75844,"position":2},"title":"Advocacia de luto e na luta contra \u00e0 viol\u00eancia\u00a0","author":"noticiasribeiraopreto.com.br","date":"10 de March de 2024","format":false,"excerpt":"10 de mar\u00e7o de 2024 | 8:209 de mar\u00e7o de 2024 | 20:09 0Sheyner Asf\u00f3ra*\u00a0Estamos em luto. Os advogados e advogadas criminalistas de todo pa\u00eds est\u00e3o estarrecidos com mais um caso de viol\u00eancia brutal contra um colega de profiss\u00e3o nas ruas do Brasil. A v\u00edtima desta vez foi sofreu um\u2026","rel":"","context":"In &quot;Not\u00edcias de Ribeir\u00e3o Preto-SP e Regi\u00e3o&quot;","block_context":{"text":"Not\u00edcias de Ribeir\u00e3o Preto-SP e Regi\u00e3o","link":"https:\/\/noticiasribeiraopreto.com.br\/index.php\/category\/noticias-de-ribeirao-preto-sp-e-regiao-ismael-colosi\/"},"img":{"alt_text":"","src":"https:\/\/i0.wp.com\/noticiasribeiraopreto.com.br\/wp-content\/uploads\/2024\/03\/sheyneryasbeckasfora-scaled.jpg?fit=1000%2C625&ssl=1&resize=350%2C200","width":350,"height":200,"srcset":"https:\/\/i0.wp.com\/noticiasribeiraopreto.com.br\/wp-content\/uploads\/2024\/03\/sheyneryasbeckasfora-scaled.jpg?fit=1000%2C625&ssl=1&resize=350%2C200 1x, https:\/\/i0.wp.com\/noticiasribeiraopreto.com.br\/wp-content\/uploads\/2024\/03\/sheyneryasbeckasfora-scaled.jpg?fit=1000%2C625&ssl=1&resize=525%2C300 1.5x, https:\/\/i0.wp.com\/noticiasribeiraopreto.com.br\/wp-content\/uploads\/2024\/03\/sheyneryasbeckasfora-scaled.jpg?fit=1000%2C625&ssl=1&resize=700%2C400 2x"},"classes":[]},{"id":46884,"url":"https:\/\/noticiasribeiraopreto.com.br\/index.php\/2024\/04\/15\/o-que-se-sabe-sobre-homem-morto-enquanto-conversava-com-a-ex-mulher-em-ribeirao-preto\/","url_meta":{"origin":75844,"position":3},"title":"O que se sabe sobre homem morto enquanto conversava com a ex-mulher em Ribeir\u00e3o Preto","author":"noticiasribeiraopreto.com.br","date":"15 de April de 2024","format":false,"excerpt":"Um homem, de 43 anos, foi morto a tiros durante um assalto, na noite da \u00faltima quinta-feira (11), na rua Lu\u00eds Favaro, no Residencial C\u00e2ndido Portinari, zona Leste de Ribeir\u00e3o Preto, local onde teria marcado um encontro para conversar com a ex-mulher. A v\u00edtima, identificada como Matheus Pereira de Freitas,\u2026","rel":"","context":"In &quot;Not\u00edcias de Ribeir\u00e3o Preto-SP e Regi\u00e3o&quot;","block_context":{"text":"Not\u00edcias de Ribeir\u00e3o Preto-SP e Regi\u00e3o","link":"https:\/\/noticiasribeiraopreto.com.br\/index.php\/category\/noticias-de-ribeirao-preto-sp-e-regiao-ismael-colosi\/"},"img":{"alt_text":"","src":"https:\/\/i0.wp.com\/noticiasribeiraopreto.com.br\/wp-content\/uploads\/2024\/04\/1713207310_cpj_1024x576_04082020121137.jpg?fit=1024%2C575&ssl=1&resize=350%2C200","width":350,"height":200,"srcset":"https:\/\/i0.wp.com\/noticiasribeiraopreto.com.br\/wp-content\/uploads\/2024\/04\/1713207310_cpj_1024x576_04082020121137.jpg?fit=1024%2C575&ssl=1&resize=350%2C200 1x, https:\/\/i0.wp.com\/noticiasribeiraopreto.com.br\/wp-content\/uploads\/2024\/04\/1713207310_cpj_1024x576_04082020121137.jpg?fit=1024%2C575&ssl=1&resize=525%2C300 1.5x, https:\/\/i0.wp.com\/noticiasribeiraopreto.com.br\/wp-content\/uploads\/2024\/04\/1713207310_cpj_1024x576_04082020121137.jpg?fit=1024%2C575&ssl=1&resize=700%2C400 2x"},"classes":[]},{"id":55045,"url":"https:\/\/noticiasribeiraopreto.com.br\/index.php\/2024\/07\/28\/crianca-de-dois-anos-e-tio-sao-mortos-a-tiros-na-regiao-de-ribeirao-preto\/","url_meta":{"origin":75844,"position":4},"title":"Crian\u00e7a de dois anos e tio s\u00e3o mortos a tiros na regi\u00e3o de Ribeir\u00e3o Preto","author":"noticiasribeiraopreto.com.br","date":"28 de July de 2024","format":false,"excerpt":"Uma crian\u00e7a de apenas dois anos e o tio de 23 anos morreram ap\u00f3s terem sido baleados em Jardin\u00f3polis, na regi\u00e3o de Ribeir\u00e3o Preto. O crime aconteceu por volta das 21h30 do \u00faltimo s\u00e1bado (27). De acordo com apura\u00e7\u00e3o da EPTV, as v\u00edtimas estavam em frente de casa na rua\u2026","rel":"","context":"In &quot;Not\u00edcias de Ribeir\u00e3o Preto-SP e Regi\u00e3o&quot;","block_context":{"text":"Not\u00edcias de Ribeir\u00e3o Preto-SP e Regi\u00e3o","link":"https:\/\/noticiasribeiraopreto.com.br\/index.php\/category\/noticias-de-ribeirao-preto-sp-e-regiao-ismael-colosi\/"},"img":{"alt_text":"","src":"https:\/\/i0.wp.com\/noticiasribeiraopreto.com.br\/wp-content\/uploads\/2024\/07\/WhatsApp-Image-2023-12-09-at-13.55.44.jpeg?fit=1024%2C576&ssl=1&resize=350%2C200","width":350,"height":200,"srcset":"https:\/\/i0.wp.com\/noticiasribeiraopreto.com.br\/wp-content\/uploads\/2024\/07\/WhatsApp-Image-2023-12-09-at-13.55.44.jpeg?fit=1024%2C576&ssl=1&resize=350%2C200 1x, https:\/\/i0.wp.com\/noticiasribeiraopreto.com.br\/wp-content\/uploads\/2024\/07\/WhatsApp-Image-2023-12-09-at-13.55.44.jpeg?fit=1024%2C576&ssl=1&resize=525%2C300 1.5x, https:\/\/i0.wp.com\/noticiasribeiraopreto.com.br\/wp-content\/uploads\/2024\/07\/WhatsApp-Image-2023-12-09-at-13.55.44.jpeg?fit=1024%2C576&ssl=1&resize=700%2C400 2x"},"classes":[]},{"id":68423,"url":"https:\/\/noticiasribeiraopreto.com.br\/index.php\/2025\/04\/25\/acusado-de-matar-motorista-e-absolvido-em-ribeirao-preto\/","url_meta":{"origin":75844,"position":5},"title":"Acusado de matar motorista \u00e9 absolvido em Ribeir\u00e3o Preto","author":"noticiasribeiraopreto.com.br","date":"25 de April de 2025","format":false,"excerpt":"O Tribunal do J\u00fari absolveu nesta quinta-feira (24) Jonathan Ven\u00e2ncio Canin, acusado de atirar e matar Eder Mendon\u00e7a Felix, em 2022, em Ribeir\u00e3o Preto. Ele, por\u00e9m, foi condenado pelo crime de porte ilegal de arma de fogo de uso permitido. A pena \u00e9 de 2 anos e seis meses, segundo\u2026","rel":"","context":"In &quot;Not\u00edcias de Ribeir\u00e3o Preto-SP e Regi\u00e3o&quot;","block_context":{"text":"Not\u00edcias de Ribeir\u00e3o Preto-SP e Regi\u00e3o","link":"https:\/\/noticiasribeiraopreto.com.br\/index.php\/category\/noticias-de-ribeirao-preto-sp-e-regiao-ismael-colosi\/"},"img":{"alt_text":"","src":"https:\/\/i0.wp.com\/noticiasribeiraopreto.com.br\/wp-content\/uploads\/2025\/04\/JHONATAN_2025-04-25_09-57-51.webp.webp?fit=1200%2C797&ssl=1&resize=350%2C200","width":350,"height":200,"srcset":"https:\/\/i0.wp.com\/noticiasribeiraopreto.com.br\/wp-content\/uploads\/2025\/04\/JHONATAN_2025-04-25_09-57-51.webp.webp?fit=1200%2C797&ssl=1&resize=350%2C200 1x, https:\/\/i0.wp.com\/noticiasribeiraopreto.com.br\/wp-content\/uploads\/2025\/04\/JHONATAN_2025-04-25_09-57-51.webp.webp?fit=1200%2C797&ssl=1&resize=525%2C300 1.5x, https:\/\/i0.wp.com\/noticiasribeiraopreto.com.br\/wp-content\/uploads\/2025\/04\/JHONATAN_2025-04-25_09-57-51.webp.webp?fit=1200%2C797&ssl=1&resize=700%2C400 2x, https:\/\/i0.wp.com\/noticiasribeiraopreto.com.br\/wp-content\/uploads\/2025\/04\/JHONATAN_2025-04-25_09-57-51.webp.webp?fit=1200%2C797&ssl=1&resize=1050%2C600 3x"},"classes":[]}],"jetpack_sharing_enabled":true,"jetpack_shortlink":"https:\/\/wp.me\/peQAOb-jJi","_links":{"self":[{"href":"https:\/\/noticiasribeiraopreto.com.br\/index.php\/wp-json\/wp\/v2\/posts\/75844","targetHints":{"allow":["GET"]}}],"collection":[{"href":"https:\/\/noticiasribeiraopreto.com.br\/index.php\/wp-json\/wp\/v2\/posts"}],"about":[{"href":"https:\/\/noticiasribeiraopreto.com.br\/index.php\/wp-json\/wp\/v2\/types\/post"}],"author":[{"embeddable":true,"href":"https:\/\/noticiasribeiraopreto.com.br\/index.php\/wp-json\/wp\/v2\/users\/1"}],"replies":[{"embeddable":true,"href":"https:\/\/noticiasribeiraopreto.com.br\/index.php\/wp-json\/wp\/v2\/comments?post=75844"}],"version-history":[{"count":0,"href":"https:\/\/noticiasribeiraopreto.com.br\/index.php\/wp-json\/wp\/v2\/posts\/75844\/revisions"}],"wp:featuredmedia":[{"embeddable":true,"href":"https:\/\/noticiasribeiraopreto.com.br\/index.php\/wp-json\/wp\/v2\/media\/75845"}],"wp:attachment":[{"href":"https:\/\/noticiasribeiraopreto.com.br\/index.php\/wp-json\/wp\/v2\/media?parent=75844"}],"wp:term":[{"taxonomy":"category","embeddable":true,"href":"https:\/\/noticiasribeiraopreto.com.br\/index.php\/wp-json\/wp\/v2\/categories?post=75844"},{"taxonomy":"post_tag","embeddable":true,"href":"https:\/\/noticiasribeiraopreto.com.br\/index.php\/wp-json\/wp\/v2\/tags?post=75844"}],"curies":[{"name":"wp","href":"https:\/\/api.w.org\/{rel}","templated":true}]}}