{"id":75848,"date":"2025-08-16T13:58:57","date_gmt":"2025-08-16T16:58:57","guid":{"rendered":"https:\/\/noticiasribeiraopreto.com.br\/index.php\/2025\/08\/16\/ribeirao-preto-adota-novo-modelo-para-rastreamento-do-cancer-de-colo-de-utero\/"},"modified":"2025-08-16T13:58:57","modified_gmt":"2025-08-16T16:58:57","slug":"ribeirao-preto-adota-novo-modelo-para-rastreamento-do-cancer-de-colo-de-utero","status":"publish","type":"post","link":"https:\/\/noticiasribeiraopreto.com.br\/index.php\/2025\/08\/16\/ribeirao-preto-adota-novo-modelo-para-rastreamento-do-cancer-de-colo-de-utero\/","title":{"rendered":"Ribeir\u00e3o Preto adota novo modelo para rastreamento do c\u00e2ncer de colo de \u00fatero"},"content":{"rendered":"<div class='code-block code-block-1' style='margin: 8px 0 8px auto; text-align: right; display: block; clear: both;'>\n<p><a href=\"https:\/\/wa.link\/vpicfd\"><img data-recalc-dims=\"1\" class=\"wp-image-4922\" style=\"aspect-ratio: 2.0253164556962027; width: 561px; height: auto;\" src=\"https:\/\/i0.wp.com\/ismaelcolosi.com.br\/wp-content\/uploads\/2023\/11\/grupo-de-empregos-whatsapp-e-facebook-ismael-colosi-vagas.jpg?ssl=1\" alt=\"\" \/><\/a><\/p>\n<!-- \/wp:image -->\n<\/div>\n<p> <br \/>\n<\/p>\n<div data-td-block-uid=\"tdi_95\">\n<div class=\"tdb-block-inner td-fix-index\">\n<p><strong>Ribeir\u00e3o Preto <\/strong>\u00e9 a primeira cidade do estado a adotar o novo modelo para rastreamento do <strong>c\u00e2ncer de colo do \u00fatero<\/strong>. <mark style=\"background-color:#fcb900\" class=\"has-inline-color has-black-color\">O novo procedimento \u00e9 baseado em testagem molecular para detec\u00e7\u00e3o do v\u00edrus HPV.<\/mark><\/p>\n<p>O lan\u00e7amento oficial aconteceu nesta sexta-feira (15), na<strong> UBS (Unidade B\u00e1sica de Sa\u00fade) Dr. S\u00e9rgio Botelho da Costa Moraes<\/strong>, no bairro <strong>Presidente Dutra<\/strong>. A unidade \u00e9 a primeira do Pa\u00eds a ser contemplada pelo programa Agora Tem Especialistas, do Minist\u00e9rio da Sa\u00fade.<\/p>\n<p>O objetivo \u00e9 que, gradualmente, o exame de Papanicolau seja substitu\u00eddo pelo teste molecular, mais sens\u00edvel para a detec\u00e7\u00e3o precoce de les\u00f5es causadas pelo HPV, principal agente respons\u00e1vel pelo c\u00e2ncer do colo de \u00fatero.<\/p>\n<h2 class=\"wp-block-heading\"><strong>Como funciona?<\/strong><\/h2>\n<p>O novo exame permitir\u00e1 maior intervalo entre as coletas, de tr\u00eas para cinco anos, com aumento na precis\u00e3o dos resultados. Com isso, al\u00e9m de melhorar a efic\u00e1cia do diagn\u00f3stico, a tecnologia permite ampliar o acesso e a ades\u00e3o das mulheres ao programa de preven\u00e7\u00e3o.<\/p>\n<p>Ribeir\u00e3o, reconhecida por sua rede estruturada de aten\u00e7\u00e3o b\u00e1sica, \u00e9 a primeira cidade paulista a operacionalizar o novo modelo. A escolha reflete a capacidade instalada do munic\u00edpio em implementar inova\u00e7\u00f5es em sa\u00fade p\u00fablica e monitorar resultados com rigor t\u00e9cnico.<\/p>\n<p>\u201c\u00c9 um avan\u00e7o que salva vidas e reafirma nosso compromisso com uma sa\u00fade p\u00fablica cada vez mais qualificada\u201d, afirma o secret\u00e1rio da sa\u00fade, Maur\u00edcio Godinho.<\/p>\n<p>Os testes ser\u00e3o disponibilizados gratuitamente pelo SUS a partir de setembro para mulheres com idade entre 30 e 65 anos, faixa et\u00e1ria considerada priorit\u00e1ria para o rastreamento. A oferta ser\u00e1 garantida em todas as UBS da cidade.<\/p>\n<p><!-- AI CONTENT END 1 -->\n<\/div>\n<\/div>\n<p><br \/>\n<br \/><a href=\"https:\/\/www.acidadeon.com\/ribeiraopreto\/cotidiano\/ribeirao-preto-adota-novo-modelo-para-rastreamento-do-cancer-de-colo-de-utero\/\">Source link <\/a><\/p>\n<!-- CONTENT END 1 -->\n","protected":false},"excerpt":{"rendered":"<p>Ribeir\u00e3o Preto \u00e9 a primeira cidade do estado a adotar o novo modelo para rastreamento do c\u00e2ncer de colo do \u00fatero. O novo procedimento \u00e9&#8230;<\/p>\n","protected":false},"author":1,"featured_media":75849,"comment_status":"open","ping_status":"open","sticky":false,"template":"","format":"standard","meta":{"advanced_seo_description":"","jetpack_seo_html_title":"","jetpack_seo_noindex":false,"jetpack_post_was_ever_published":false,"_jetpack_newsletter_access":"","_jetpack_dont_email_post_to_subs":false,"_jetpack_newsletter_tier_id":0,"_jetpack_memberships_contains_paywalled_content":false,"_jetpack_memberships_contains_paid_content":false,"footnotes":"","jetpack_publicize_message":"","jetpack_publicize_feature_enabled":true,"jetpack_social_post_already_shared":true,"jetpack_social_options":{"image_generator_settings":{"template":"highway","default_image_id":0,"font":"","enabled":false},"version":2}},"categories":[11],"tags":[],"class_list":["post-75848","post","type-post","status-publish","format-standard","has-post-thumbnail","hentry","category-noticias-de-ribeirao-preto-sp-e-regiao-ismael-colosi"],"jetpack_publicize_connections":[],"jetpack_featured_media_url":"https:\/\/i0.wp.com\/noticiasribeiraopreto.com.br\/wp-content\/uploads\/2025\/08\/novo-teste-hpv_2025-08-16_14-51-00.webp.webp?fit=1200%2C800&ssl=1","jetpack-related-posts":[{"id":75831,"url":"https:\/\/noticiasribeiraopreto.com.br\/index.php\/2025\/08\/16\/ubs-e-pioneira-em-teste-do-hpv\/","url_meta":{"origin":75848,"position":0},"title":"UBS \u00e9 pioneira em teste do HPV","author":"noticiasribeiraopreto.com.br","date":"16 de August de 2025","format":false,"excerpt":"16 de agosto de 2025 10:550 Compartilhar0 Lan\u00e7amento aconteceu na Unidade B\u00e1sica de Sa\u00fade Doutor\u00a0 S\u00e9rgio Botelho da Costa Moraes, a UBS do bairro Presidente Dutra Ribeir\u00e3o Preto \u00e9 a primeira cidade do estado de S\u00e3o Paulo a adotar o novo modelo nacional de rastreamento do c\u00e2ncer de colo do\u2026","rel":"","context":"In &quot;Not\u00edcias de Ribeir\u00e3o Preto-SP e Regi\u00e3o&quot;","block_context":{"text":"Not\u00edcias de Ribeir\u00e3o Preto-SP e Regi\u00e3o","link":"https:\/\/noticiasribeiraopreto.com.br\/index.php\/category\/noticias-de-ribeirao-preto-sp-e-regiao-ismael-colosi\/"},"img":{"alt_text":"","src":"https:\/\/i0.wp.com\/noticiasribeiraopreto.com.br\/wp-content\/uploads\/2025\/08\/HPV-Tes-Alfredo-Risk.jpg?fit=1000%2C667&ssl=1&resize=350%2C200","width":350,"height":200,"srcset":"https:\/\/i0.wp.com\/noticiasribeiraopreto.com.br\/wp-content\/uploads\/2025\/08\/HPV-Tes-Alfredo-Risk.jpg?fit=1000%2C667&ssl=1&resize=350%2C200 1x, https:\/\/i0.wp.com\/noticiasribeiraopreto.com.br\/wp-content\/uploads\/2025\/08\/HPV-Tes-Alfredo-Risk.jpg?fit=1000%2C667&ssl=1&resize=525%2C300 1.5x, https:\/\/i0.wp.com\/noticiasribeiraopreto.com.br\/wp-content\/uploads\/2025\/08\/HPV-Tes-Alfredo-Risk.jpg?fit=1000%2C667&ssl=1&resize=700%2C400 2x"},"classes":[]},{"id":65326,"url":"https:\/\/noticiasribeiraopreto.com.br\/index.php\/2025\/03\/18\/jornal-da-franca-marco-lilas-veja-algumas-dicas-importantes-para-prevenir-o-cancer-de-colo-de-utero\/","url_meta":{"origin":75848,"position":1},"title":"Jornal da Franca &#8211; Mar\u00e7o Lil\u00e1s: veja algumas dicas importantes para prevenir o c\u00e2ncer de colo de \u00fatero","author":"noticiasribeiraopreto.com.br","date":"18 de March de 2025","format":false,"excerpt":"compartilhar no whatsapp compartilhar no telegram compartilhar no facebook compartilhar no linkedin Apesar de ser uma doen\u00e7a grave, o c\u00e2ncer de colo de \u00fatero \u00e9, na maioria das vezes, evit\u00e1vel com algumas medidas preventivas C\u00e2ncer do colo do \u00fatero \u00e9 o terceiro tumor mais frequente em mulheres no Brasil \u2013\u2026","rel":"","context":"In &quot;Not\u00edcias de Franca-SP&quot;","block_context":{"text":"Not\u00edcias de Franca-SP","link":"https:\/\/noticiasribeiraopreto.com.br\/index.php\/category\/noticias-de-ribeirao-preto-sp-e-regiao-ismael-colosi\/noticias-franca-sp\/"},"img":{"alt_text":"","src":"https:\/\/i0.wp.com\/noticiasribeiraopreto.com.br\/wp-content\/uploads\/2025\/03\/marco-lilas-cancer-colo-do-utero-scaled.jpg?fit=1200%2C800&ssl=1&resize=350%2C200","width":350,"height":200,"srcset":"https:\/\/i0.wp.com\/noticiasribeiraopreto.com.br\/wp-content\/uploads\/2025\/03\/marco-lilas-cancer-colo-do-utero-scaled.jpg?fit=1200%2C800&ssl=1&resize=350%2C200 1x, https:\/\/i0.wp.com\/noticiasribeiraopreto.com.br\/wp-content\/uploads\/2025\/03\/marco-lilas-cancer-colo-do-utero-scaled.jpg?fit=1200%2C800&ssl=1&resize=525%2C300 1.5x, https:\/\/i0.wp.com\/noticiasribeiraopreto.com.br\/wp-content\/uploads\/2025\/03\/marco-lilas-cancer-colo-do-utero-scaled.jpg?fit=1200%2C800&ssl=1&resize=700%2C400 2x, https:\/\/i0.wp.com\/noticiasribeiraopreto.com.br\/wp-content\/uploads\/2025\/03\/marco-lilas-cancer-colo-do-utero-scaled.jpg?fit=1200%2C800&ssl=1&resize=1050%2C600 3x"},"classes":[]},{"id":65542,"url":"https:\/\/noticiasribeiraopreto.com.br\/index.php\/2025\/03\/21\/jornal-da-franca-veja-qual-e-a-doenca-que-mata-cerca-de-19-mulheres-todos-os-dias-no-brasil\/","url_meta":{"origin":75848,"position":2},"title":"Jornal da Franca &#8211; Veja qual \u00e9 a doen\u00e7a que mata cerca de 19 mulheres todos os dias no Brasil","author":"noticiasribeiraopreto.com.br","date":"21 de March de 2025","format":false,"excerpt":"46 mulheres s\u00e3o diagnosticadas todos os dias com a doen\u00e7a no Brasil, mostra estat\u00edstica do Minist\u00e9rio da Sa\u00fade; 19 morrem Cerca de 17 mil mulheres s\u00e3o diagnosticadas com c\u00e2ncer de colo de \u00fatero no Brasil anualmente, conforme dados do Minist\u00e9rio da Sa\u00fade.Esse tipo de c\u00e2ncer, que ocupa o terceiro lugar\u2026","rel":"","context":"In &quot;Not\u00edcias de Franca-SP&quot;","block_context":{"text":"Not\u00edcias de Franca-SP","link":"https:\/\/noticiasribeiraopreto.com.br\/index.php\/category\/noticias-de-ribeirao-preto-sp-e-regiao-ismael-colosi\/noticias-franca-sp\/"},"img":{"alt_text":"","src":"https:\/\/i0.wp.com\/noticiasribeiraopreto.com.br\/wp-content\/uploads\/2025\/03\/ginecologista-mostra-trabalho-paciente-no-modelo-de-treinamento-do-sistema-reprodutor-feminino.jpg?fit=1000%2C667&ssl=1&resize=350%2C200","width":350,"height":200,"srcset":"https:\/\/i0.wp.com\/noticiasribeiraopreto.com.br\/wp-content\/uploads\/2025\/03\/ginecologista-mostra-trabalho-paciente-no-modelo-de-treinamento-do-sistema-reprodutor-feminino.jpg?fit=1000%2C667&ssl=1&resize=350%2C200 1x, https:\/\/i0.wp.com\/noticiasribeiraopreto.com.br\/wp-content\/uploads\/2025\/03\/ginecologista-mostra-trabalho-paciente-no-modelo-de-treinamento-do-sistema-reprodutor-feminino.jpg?fit=1000%2C667&ssl=1&resize=525%2C300 1.5x, https:\/\/i0.wp.com\/noticiasribeiraopreto.com.br\/wp-content\/uploads\/2025\/03\/ginecologista-mostra-trabalho-paciente-no-modelo-de-treinamento-do-sistema-reprodutor-feminino.jpg?fit=1000%2C667&ssl=1&resize=700%2C400 2x"},"classes":[]},{"id":45115,"url":"https:\/\/noticiasribeiraopreto.com.br\/index.php\/2024\/04\/02\/brasil-passa-a-adotar-esquema-de-dose-unica-contra-o-hpv\/","url_meta":{"origin":75848,"position":3},"title":"Brasil passa a adotar esquema de dose \u00fanica contra o HPV","author":"noticiasribeiraopreto.com.br","date":"2 de April de 2024","format":false,"excerpt":"2 de abril de 2024 | 13:002 de abril de 2024 | 10:14 0 A vacina\u00e7\u00e3o contra o HPV no Brasil, a partir de agora, passa a ser feita em dose \u00fanica. O an\u00fancio foi feito pela ministra da Sa\u00fade, N\u00edsia Trindade, na noite dessa segunda-feira (1\u00ba). At\u00e9 ent\u00e3o, o\u2026","rel":"","context":"In &quot;Not\u00edcias de Ribeir\u00e3o Preto-SP e Regi\u00e3o&quot;","block_context":{"text":"Not\u00edcias de Ribeir\u00e3o Preto-SP e Regi\u00e3o","link":"https:\/\/noticiasribeiraopreto.com.br\/index.php\/category\/noticias-de-ribeirao-preto-sp-e-regiao-ismael-colosi\/"},"img":{"alt_text":"","src":"https:\/\/i0.wp.com\/noticiasribeiraopreto.com.br\/wp-content\/uploads\/2024\/04\/da535cd8-81f0-48af-9454-afef34580402.jpg?fit=750%2C500&ssl=1&resize=350%2C200","width":350,"height":200,"srcset":"https:\/\/i0.wp.com\/noticiasribeiraopreto.com.br\/wp-content\/uploads\/2024\/04\/da535cd8-81f0-48af-9454-afef34580402.jpg?fit=750%2C500&ssl=1&resize=350%2C200 1x, https:\/\/i0.wp.com\/noticiasribeiraopreto.com.br\/wp-content\/uploads\/2024\/04\/da535cd8-81f0-48af-9454-afef34580402.jpg?fit=750%2C500&ssl=1&resize=525%2C300 1.5x, https:\/\/i0.wp.com\/noticiasribeiraopreto.com.br\/wp-content\/uploads\/2024\/04\/da535cd8-81f0-48af-9454-afef34580402.jpg?fit=750%2C500&ssl=1&resize=700%2C400 2x"},"classes":[]},{"id":75738,"url":"https:\/\/noticiasribeiraopreto.com.br\/index.php\/2025\/08\/14\/ribeirao-preto-lanca-ambulatorio-de-saude-voltado-a-populacao-lgbtqiapn\/","url_meta":{"origin":75848,"position":4},"title":"Ribeir\u00e3o Preto lan\u00e7a ambulat\u00f3rio de sa\u00fade voltado \u00e0 popula\u00e7\u00e3o LGBTQIAPN+","author":"noticiasribeiraopreto.com.br","date":"14 de August de 2025","format":false,"excerpt":"A Secretaria da Sa\u00fade de Ribeir\u00e3o Preto lan\u00e7ou na \u00faltima quarta-feira (13), um novo servi\u00e7o de sa\u00fade voltado \u00e0 popula\u00e7\u00e3o LGBTQIAPN+. A proposta \u00e9 oferecer um atendimento acolhedor e especializado para pessoas l\u00e9sbicas, gays, bissexuais, trans e n\u00e3o-bin\u00e1rias. O Ambulat\u00f3rio de Diversidade Sexual funcionar\u00e1 \u00e0s quartas-feiras no HEB (Hospital Electro\u2026","rel":"","context":"In &quot;Not\u00edcias de Ribeir\u00e3o Preto-SP e Regi\u00e3o&quot;","block_context":{"text":"Not\u00edcias de Ribeir\u00e3o Preto-SP e Regi\u00e3o","link":"https:\/\/noticiasribeiraopreto.com.br\/index.php\/category\/noticias-de-ribeirao-preto-sp-e-regiao-ismael-colosi\/"},"img":{"alt_text":"","src":"https:\/\/i0.wp.com\/noticiasribeiraopreto.com.br\/wp-content\/uploads\/2025\/08\/ambulatorio-lgbt_2025-08-14_16-08-33.webp.webp?fit=1200%2C800&ssl=1&resize=350%2C200","width":350,"height":200,"srcset":"https:\/\/i0.wp.com\/noticiasribeiraopreto.com.br\/wp-content\/uploads\/2025\/08\/ambulatorio-lgbt_2025-08-14_16-08-33.webp.webp?fit=1200%2C800&ssl=1&resize=350%2C200 1x, https:\/\/i0.wp.com\/noticiasribeiraopreto.com.br\/wp-content\/uploads\/2025\/08\/ambulatorio-lgbt_2025-08-14_16-08-33.webp.webp?fit=1200%2C800&ssl=1&resize=525%2C300 1.5x, https:\/\/i0.wp.com\/noticiasribeiraopreto.com.br\/wp-content\/uploads\/2025\/08\/ambulatorio-lgbt_2025-08-14_16-08-33.webp.webp?fit=1200%2C800&ssl=1&resize=700%2C400 2x, https:\/\/i0.wp.com\/noticiasribeiraopreto.com.br\/wp-content\/uploads\/2025\/08\/ambulatorio-lgbt_2025-08-14_16-08-33.webp.webp?fit=1200%2C800&ssl=1&resize=1050%2C600 3x"},"classes":[]},{"id":72052,"url":"https:\/\/noticiasribeiraopreto.com.br\/index.php\/2025\/06\/12\/jornal-da-franca-sus-substitui-papanicolau-por-teste-que-detecta-hpv-com-ate-10-anos-de-antecedencia\/","url_meta":{"origin":75848,"position":5},"title":"Jornal da Franca &#8211; SUS substitui Papanicolau por teste que detecta HPV com at\u00e9 10 anos de anteced\u00eancia","author":"noticiasribeiraopreto.com.br","date":"12 de June de 2025","format":false,"excerpt":"O teste de biologia molecular DNA-HPV passa a ser utilizado como exame de rastreio e garante resultado antecipados e mais precisos O HPV (sigla em ingl\u00eas para Papilomav\u00edrus Humano) \u00e9 um dos principais causadores de c\u00e2ncer do colo do \u00fatero no Brasil e no mundo.Atualmente, cerca de 10 milh\u00f5es de\u2026","rel":"","context":"In &quot;Not\u00edcias de Franca-SP&quot;","block_context":{"text":"Not\u00edcias de Franca-SP","link":"https:\/\/noticiasribeiraopreto.com.br\/index.php\/category\/noticias-de-ribeirao-preto-sp-e-regiao-ismael-colosi\/noticias-franca-sp\/"},"img":{"alt_text":"","src":"https:\/\/i0.wp.com\/noticiasribeiraopreto.com.br\/wp-content\/uploads\/2025\/06\/flowchip.jpg?fit=800%2C533&ssl=1&resize=350%2C200","width":350,"height":200,"srcset":"https:\/\/i0.wp.com\/noticiasribeiraopreto.com.br\/wp-content\/uploads\/2025\/06\/flowchip.jpg?fit=800%2C533&ssl=1&resize=350%2C200 1x, https:\/\/i0.wp.com\/noticiasribeiraopreto.com.br\/wp-content\/uploads\/2025\/06\/flowchip.jpg?fit=800%2C533&ssl=1&resize=525%2C300 1.5x, https:\/\/i0.wp.com\/noticiasribeiraopreto.com.br\/wp-content\/uploads\/2025\/06\/flowchip.jpg?fit=800%2C533&ssl=1&resize=700%2C400 2x"},"classes":[]}],"jetpack_sharing_enabled":true,"jetpack_shortlink":"https:\/\/wp.me\/peQAOb-jJm","_links":{"self":[{"href":"https:\/\/noticiasribeiraopreto.com.br\/index.php\/wp-json\/wp\/v2\/posts\/75848","targetHints":{"allow":["GET"]}}],"collection":[{"href":"https:\/\/noticiasribeiraopreto.com.br\/index.php\/wp-json\/wp\/v2\/posts"}],"about":[{"href":"https:\/\/noticiasribeiraopreto.com.br\/index.php\/wp-json\/wp\/v2\/types\/post"}],"author":[{"embeddable":true,"href":"https:\/\/noticiasribeiraopreto.com.br\/index.php\/wp-json\/wp\/v2\/users\/1"}],"replies":[{"embeddable":true,"href":"https:\/\/noticiasribeiraopreto.com.br\/index.php\/wp-json\/wp\/v2\/comments?post=75848"}],"version-history":[{"count":0,"href":"https:\/\/noticiasribeiraopreto.com.br\/index.php\/wp-json\/wp\/v2\/posts\/75848\/revisions"}],"wp:featuredmedia":[{"embeddable":true,"href":"https:\/\/noticiasribeiraopreto.com.br\/index.php\/wp-json\/wp\/v2\/media\/75849"}],"wp:attachment":[{"href":"https:\/\/noticiasribeiraopreto.com.br\/index.php\/wp-json\/wp\/v2\/media?parent=75848"}],"wp:term":[{"taxonomy":"category","embeddable":true,"href":"https:\/\/noticiasribeiraopreto.com.br\/index.php\/wp-json\/wp\/v2\/categories?post=75848"},{"taxonomy":"post_tag","embeddable":true,"href":"https:\/\/noticiasribeiraopreto.com.br\/index.php\/wp-json\/wp\/v2\/tags?post=75848"}],"curies":[{"name":"wp","href":"https:\/\/api.w.org\/{rel}","templated":true}]}}