{"id":75850,"date":"2025-08-16T14:04:57","date_gmt":"2025-08-16T17:04:57","guid":{"rendered":"https:\/\/noticiasribeiraopreto.com.br\/index.php\/2025\/08\/16\/nunes-marques-desempata-e-mantem-anulacao-de-condenacoes-de-ex-prefeito-de-ribeirao-preto\/"},"modified":"2025-08-16T14:04:57","modified_gmt":"2025-08-16T17:04:57","slug":"nunes-marques-desempata-e-mantem-anulacao-de-condenacoes-de-ex-prefeito-de-ribeirao-preto","status":"publish","type":"post","link":"https:\/\/noticiasribeiraopreto.com.br\/index.php\/2025\/08\/16\/nunes-marques-desempata-e-mantem-anulacao-de-condenacoes-de-ex-prefeito-de-ribeirao-preto\/","title":{"rendered":"Nunes Marques desempata e mant\u00e9m anula\u00e7\u00e3o de condena\u00e7\u00f5es de ex-prefeito de Ribeir\u00e3o Preto"},"content":{"rendered":"<div class='code-block code-block-1' style='margin: 8px 0 8px auto; text-align: right; display: block; clear: both;'>\n<p><a href=\"https:\/\/wa.link\/vpicfd\"><img data-recalc-dims=\"1\" class=\"wp-image-4922\" style=\"aspect-ratio: 2.0253164556962027; width: 561px; height: auto;\" src=\"https:\/\/i0.wp.com\/ismaelcolosi.com.br\/wp-content\/uploads\/2023\/11\/grupo-de-empregos-whatsapp-e-facebook-ismael-colosi-vagas.jpg?ssl=1\" alt=\"\" \/><\/a><\/p>\n<!-- \/wp:image -->\n<\/div>\n<p> <br \/>\n<\/p>\n<div>\n<p>O ministro do<a href=\"https:\/\/portal.stf.jus.br\/\" data-type=\"link\" data-id=\"https:\/\/portal.stf.jus.br\/\" target=\"_blank\" rel=\"noopener\"> <strong>STF (Supremo Tribunal Federal) <\/strong><\/a><strong>Kassio Nunes Marques <\/strong>acompanhou o relator <strong>Dias Toffoli <\/strong>e formou maioria para manter a anula\u00e7\u00e3o das provas e processos contra o ex-ministro e ex-prefeito de <strong>Ribeir\u00e3o Preto Antonio Palocci <\/strong>na<strong> Opera\u00e7\u00e3o Lava Jato<\/strong>, nesta sexta-feira (15).<\/p>\n<p>O placar ficou em 3 a 2, favor\u00e1veis para Palocci. Al\u00e9m de Toffoli e Nunes Marques, tamb\u00e9m<strong> Gilmar Mendes<\/strong> j\u00e1 havia votado pelo arquivamento do caso. <strong>Andr\u00e9 Mendon\u00e7a <\/strong>e <strong>Edson Fachin<\/strong> foram por caminho oposto.<\/p>\n<p>O processo \u00e9 julgado pela Segunda Turma, composta pelos cinco ministros mencionados. Em abril, Nunes Marques pediu vista (mais tempo para an\u00e1lise). O voto do ministro foi em sess\u00e3o virtual.<\/p>\n<h2 class=\"wp-block-heading\"><strong>Colabora\u00e7\u00e3o premiada<\/strong><\/h2>\n<p>R\u00e9u confesso, Ant\u00f4nio Palocci fechou acordo de colabora\u00e7\u00e3o premiada e delatou propinas de R$ 333,59 milh\u00f5es supostamente arrecadadas e repassadas por empresas, bancos e ind\u00fastrias a pol\u00edticos e diferentes partidos nos governos de Luiz In\u00e1cio Lula da Silva e Dilma Rousseff (2002-2014). Palocci foi preso em 2016.<\/p>\n<p>A decis\u00e3o n\u00e3o afeta o acordo de colabora\u00e7\u00e3o premiada, que continua v\u00e1lido. O ex-ministro pagou uma multa de R$ 37,5 milh\u00f5es em troca dos benef\u00edcios da dela\u00e7\u00e3o.<\/p>\n<h2 class=\"wp-block-heading\"><strong>Voto do Toffoli<\/strong><\/h2>\n<p>Como relator, Toffoli abriu os votos pela anula\u00e7\u00e3o do caso. Ele justificou que, assim como Lula, o ex-ministro tamb\u00e9m teria sido v\u00edtima do \u201cconluio\u201d entre o ex-juiz Sergio Moro e os procuradores da for\u00e7a-tarefa da Lava Jato em Curitiba.<\/p>\n<p>Lula foi o primeiro r\u00e9u na Lava Jato a ter processos e condena\u00e7\u00f5es anulados pelo STF. O precedente tem beneficiado outros empres\u00e1rios e pol\u00edticos.<\/p>\n<p>Para justificar a \u201cnulidade absoluta de todos os atos praticados\u201d contra Palocci nas investiga\u00e7\u00f5es e a\u00e7\u00f5es da Lava Jato, inclusive na fase pr\u00e9-processual, Toffoli argumentou que \u201cos fundamentos que conduziram ao reconhecimento do conluio (.. ) transcendem para as demais persecu\u00e7\u00f5es penais que sofreu perante o mesmo \u00f3rg\u00e3o jurisdicional e no mesmo contexto da Opera\u00e7\u00e3o Lava a Jato\u201d.<\/p>\n<h2 class=\"wp-block-heading\"><strong>Fachin divergente<\/strong><\/h2>\n<p>Fachin, um dos divergentes, defendeu que o STF n\u00e3o poderia ter estendido a Palocci a decis\u00e3o que beneficiou Lula porque s\u00e3o contextos diferentes.<\/p>\n<p>\u201cN\u00e3o se pode, a pretexto de pedidos de extens\u00e3o, examinar pedidos amplos e gen\u00e9ricos sobre as mais variadas investiga\u00e7\u00f5es decorrentes da opera\u00e7\u00e3o Lava Jato, ainda que sob o manto de concess\u00e3o de habeas corpus de of\u00edcio, sob pena de viola\u00e7\u00e3o ao juiz natural e as regras de compet\u00eancia\u201d, afirmou.<\/p>\n<p>Fachin tamb\u00e9m argumentou que os di\u00e1logos obtidos na Opera\u00e7\u00e3o Spoofing \u201cs\u00e3o graves, merecem ser apurados e o Judici\u00e1rio deve dar uma resposta sobre eles\u201d, mas n\u00e3o deveriam ser usados como prova porque n\u00e3o passaram por per\u00edcia oficial.<\/p>\n<p>O ministro Andr\u00e9 Mendon\u00e7a foi na mesma linha e argumentou que o pedido de Palocci deveria ser analisado \u201cnas inst\u00e2ncias e vias apropriadas\u201d.<\/p>\n<h2 class=\"wp-block-heading\"><strong>Recurso<\/strong><\/h2>\n<p>A PGR (Procuradoria-Geral da Rep\u00fablica) move um recurso para restabelecer as a\u00e7\u00f5es penais contra Palocci.<\/p>\n<p>Ao entrar com recurso, o procurador-geral Paulo Gonet defendeu que as provas contra o ex-ministro foram obtidas \u201ca partir de m\u00faltiplas fontes e em diferentes inst\u00e2ncias\u201d e que seus argumentos n\u00e3o encontram \u201csuporte probat\u00f3rio, configurando mero inconformismo com o regular prosseguimento da persecu\u00e7\u00e3o penal\u201d<\/p>\n<p>\u201cA vincula\u00e7\u00e3o de Antonio Palocci Filho \u00e0 Opera\u00e7\u00e3o Lava Jato aparenta ter ocorrido de forma leg\u00edtima, sustentada em elementos concretos que emergiram no curso natural das apura\u00e7\u00f5es e com esteio em provas subsistentes at\u00e9 o atual momento\u201d, afirmou (com informa\u00e7\u00f5es Levy Teles\/Estad\u00e3o Conte\u00fado).<\/p>\n<p><!-- AI CONTENT END 1 -->\n<\/div>\n<p><br \/>\n<br \/><a href=\"https:\/\/www.acidadeon.com\/ribeiraopreto\/politica\/nunes-marques-desempata-e-anula-condenacoes-de-ex-prefeito-de-ribeirao-preto\/\">Source link <\/a><\/p>\n<!-- CONTENT END 1 -->\n","protected":false},"excerpt":{"rendered":"<p>O ministro do STF (Supremo Tribunal Federal) Kassio Nunes Marques acompanhou o relator Dias Toffoli e formou maioria para manter a anula\u00e7\u00e3o das provas e&#8230;<\/p>\n","protected":false},"author":1,"featured_media":75851,"comment_status":"open","ping_status":"open","sticky":false,"template":"","format":"standard","meta":{"advanced_seo_description":"","jetpack_seo_html_title":"","jetpack_seo_noindex":false,"jetpack_post_was_ever_published":false,"_jetpack_newsletter_access":"","_jetpack_dont_email_post_to_subs":false,"_jetpack_newsletter_tier_id":0,"_jetpack_memberships_contains_paywalled_content":false,"_jetpack_memberships_contains_paid_content":false,"footnotes":"","jetpack_publicize_message":"","jetpack_publicize_feature_enabled":true,"jetpack_social_post_already_shared":true,"jetpack_social_options":{"image_generator_settings":{"template":"highway","default_image_id":0,"font":"","enabled":false},"version":2}},"categories":[11],"tags":[],"class_list":["post-75850","post","type-post","status-publish","format-standard","has-post-thumbnail","hentry","category-noticias-de-ribeirao-preto-sp-e-regiao-ismael-colosi"],"jetpack_publicize_connections":[],"jetpack_featured_media_url":"https:\/\/i0.wp.com\/noticiasribeiraopreto.com.br\/wp-content\/uploads\/2025\/08\/palocci_2025-02-19_17-36-15_jpg_2025-02-19_17-36-15.webp.webp?fit=1170%2C700&ssl=1","jetpack-related-posts":[{"id":77478,"url":"https:\/\/noticiasribeiraopreto.com.br\/index.php\/2025\/09\/19\/veja-o-voto-do-ministro-nunes-marques-no-julgamento-da-sevandija\/","url_meta":{"origin":75850,"position":0},"title":"Veja o voto do ministro Nunes Marques no julgamento da Sevandija","author":"noticiasribeiraopreto.com.br","date":"19 de September de 2025","format":false,"excerpt":"O ministro Kassio Nunes Marques, do STF (Supremo Tribunal Federal), votou para manter a validade das escutas telef\u00f4nicas da Opera\u00e7\u00e3o Sevandija. O julgamento acontece no plen\u00e1rio virtual da 2\u00aa Turma do STF e segue at\u00e9 as 23h59 do dia 26 de setembro. Nunes Marques, que \u00e9 o relator do processo\u2026","rel":"","context":"In &quot;Not\u00edcias de Ribeir\u00e3o Preto-SP e Regi\u00e3o&quot;","block_context":{"text":"Not\u00edcias de Ribeir\u00e3o Preto-SP e Regi\u00e3o","link":"https:\/\/noticiasribeiraopreto.com.br\/index.php\/category\/noticias-de-ribeirao-preto-sp-e-regiao-ismael-colosi\/"},"img":{"alt_text":"","src":"https:\/\/i0.wp.com\/noticiasribeiraopreto.com.br\/wp-content\/uploads\/2025\/09\/kassio-nunes-marques_2025-09-12_13-09-16.webp.webp?fit=1200%2C799&ssl=1&resize=350%2C200","width":350,"height":200,"srcset":"https:\/\/i0.wp.com\/noticiasribeiraopreto.com.br\/wp-content\/uploads\/2025\/09\/kassio-nunes-marques_2025-09-12_13-09-16.webp.webp?fit=1200%2C799&ssl=1&resize=350%2C200 1x, https:\/\/i0.wp.com\/noticiasribeiraopreto.com.br\/wp-content\/uploads\/2025\/09\/kassio-nunes-marques_2025-09-12_13-09-16.webp.webp?fit=1200%2C799&ssl=1&resize=525%2C300 1.5x, https:\/\/i0.wp.com\/noticiasribeiraopreto.com.br\/wp-content\/uploads\/2025\/09\/kassio-nunes-marques_2025-09-12_13-09-16.webp.webp?fit=1200%2C799&ssl=1&resize=700%2C400 2x, https:\/\/i0.wp.com\/noticiasribeiraopreto.com.br\/wp-content\/uploads\/2025\/09\/kassio-nunes-marques_2025-09-12_13-09-16.webp.webp?fit=1200%2C799&ssl=1&resize=1050%2C600 3x"},"classes":[]},{"id":77138,"url":"https:\/\/noticiasribeiraopreto.com.br\/index.php\/2025\/09\/12\/stf-marca-data-do-julgamento-da-sevandija-veja-o-que-esta-em-jogo\/","url_meta":{"origin":75850,"position":1},"title":"STF marca data do julgamento da Sevandija; Veja o que est\u00e1 em jogo","author":"noticiasribeiraopreto.com.br","date":"12 de September de 2025","format":false,"excerpt":"O ministro do STF (Supremo Tribunal Federal) Kassio Nunes Marques marcou a data para o in\u00edcio do julgamento da Opera\u00e7\u00e3o Sevandija, que investigou agentes pol\u00edticos e empres\u00e1rios de Ribeir\u00e3o Preto. O plen\u00e1rio virtual do Supremo vai analisar recurso extraordin\u00e1rio sobre a legalidade das intercepta\u00e7\u00f5es telef\u00f4nicas utilizadas durante as investiga\u00e7\u00f5es. A\u2026","rel":"","context":"In &quot;Not\u00edcias de Ribeir\u00e3o Preto-SP e Regi\u00e3o&quot;","block_context":{"text":"Not\u00edcias de Ribeir\u00e3o Preto-SP e Regi\u00e3o","link":"https:\/\/noticiasribeiraopreto.com.br\/index.php\/category\/noticias-de-ribeirao-preto-sp-e-regiao-ismael-colosi\/"},"img":{"alt_text":"","src":"https:\/\/i0.wp.com\/noticiasribeiraopreto.com.br\/wp-content\/uploads\/2025\/09\/kassio-nunes-marques_2025-09-12_13-09-16.webp.webp?fit=1200%2C799&ssl=1&resize=350%2C200","width":350,"height":200,"srcset":"https:\/\/i0.wp.com\/noticiasribeiraopreto.com.br\/wp-content\/uploads\/2025\/09\/kassio-nunes-marques_2025-09-12_13-09-16.webp.webp?fit=1200%2C799&ssl=1&resize=350%2C200 1x, https:\/\/i0.wp.com\/noticiasribeiraopreto.com.br\/wp-content\/uploads\/2025\/09\/kassio-nunes-marques_2025-09-12_13-09-16.webp.webp?fit=1200%2C799&ssl=1&resize=525%2C300 1.5x, https:\/\/i0.wp.com\/noticiasribeiraopreto.com.br\/wp-content\/uploads\/2025\/09\/kassio-nunes-marques_2025-09-12_13-09-16.webp.webp?fit=1200%2C799&ssl=1&resize=700%2C400 2x, https:\/\/i0.wp.com\/noticiasribeiraopreto.com.br\/wp-content\/uploads\/2025\/09\/kassio-nunes-marques_2025-09-12_13-09-16.webp.webp?fit=1200%2C799&ssl=1&resize=1050%2C600 3x"},"classes":[]},{"id":77491,"url":"https:\/\/noticiasribeiraopreto.com.br\/index.php\/2025\/09\/19\/gilmar-mendes-pede-vista-e-julgamento-da-sevandija-e-suspenso-no-stf\/","url_meta":{"origin":75850,"position":2},"title":"Gilmar Mendes pede vista e julgamento da Sevandija \u00e9 suspenso no STF","author":"noticiasribeiraopreto.com.br","date":"19 de September de 2025","format":false,"excerpt":"O ministro Gilmar Mendes, do STF (Supremo Tribunal Federal), fez um pedido de vista no julgamento da legalidade das escutas telef\u00f4nicas da Opera\u00e7\u00e3o Sevandija. O julgamento come\u00e7ou nesta sexta-feira (19) no plen\u00e1rio virtual da 2\u00ba Turma do Supremo. Com isso, o julgamento foi suspenso e s\u00f3 ser\u00e1 reiniciado quando o\u2026","rel":"","context":"In &quot;Not\u00edcias de Ribeir\u00e3o Preto-SP e Regi\u00e3o&quot;","block_context":{"text":"Not\u00edcias de Ribeir\u00e3o Preto-SP e Regi\u00e3o","link":"https:\/\/noticiasribeiraopreto.com.br\/index.php\/category\/noticias-de-ribeirao-preto-sp-e-regiao-ismael-colosi\/"},"img":{"alt_text":"","src":"https:\/\/i0.wp.com\/noticiasribeiraopreto.com.br\/wp-content\/uploads\/2025\/09\/gilmar-mendes_2025-09-19_16-57-38.webp.webp?fit=1200%2C799&ssl=1&resize=350%2C200","width":350,"height":200,"srcset":"https:\/\/i0.wp.com\/noticiasribeiraopreto.com.br\/wp-content\/uploads\/2025\/09\/gilmar-mendes_2025-09-19_16-57-38.webp.webp?fit=1200%2C799&ssl=1&resize=350%2C200 1x, https:\/\/i0.wp.com\/noticiasribeiraopreto.com.br\/wp-content\/uploads\/2025\/09\/gilmar-mendes_2025-09-19_16-57-38.webp.webp?fit=1200%2C799&ssl=1&resize=525%2C300 1.5x, https:\/\/i0.wp.com\/noticiasribeiraopreto.com.br\/wp-content\/uploads\/2025\/09\/gilmar-mendes_2025-09-19_16-57-38.webp.webp?fit=1200%2C799&ssl=1&resize=700%2C400 2x, https:\/\/i0.wp.com\/noticiasribeiraopreto.com.br\/wp-content\/uploads\/2025\/09\/gilmar-mendes_2025-09-19_16-57-38.webp.webp?fit=1200%2C799&ssl=1&resize=1050%2C600 3x"},"classes":[]},{"id":83001,"url":"https:\/\/noticiasribeiraopreto.com.br\/index.php\/2026\/03\/06\/em-meio-ao-caso-master-2a-turma-do-stf-retoma-julgamento-da-sevandija\/","url_meta":{"origin":75850,"position":3},"title":"Em meio ao caso Master, 2\u00aa Turma do STF retoma julgamento da Sevandija","author":"noticiasribeiraopreto.com.br","date":"6 de March de 2026","format":false,"excerpt":"A 2\u00aa Turma do STF (Supremo Tribunal Federal), a mesma que vai decidir se mant\u00e9m ou n\u00e3o a pris\u00e3o do banqueiro Daniel Vorcaro, dono do Banco Master, retoma nesta sexta-feira (6) o julgamento do processo que analisa a legalidade das escutas telef\u00f4nicas utilizadas na Opera\u00e7\u00e3o Sevandija. O julgamento no plen\u00e1rio\u2026","rel":"","context":"In &quot;Not\u00edcias de Ribeir\u00e3o Preto-SP e Regi\u00e3o&quot;","block_context":{"text":"Not\u00edcias de Ribeir\u00e3o Preto-SP e Regi\u00e3o","link":"https:\/\/noticiasribeiraopreto.com.br\/index.php\/category\/noticias-de-ribeirao-preto-sp-e-regiao-ismael-colosi\/"},"img":{"alt_text":"","src":"https:\/\/i0.wp.com\/noticiasribeiraopreto.com.br\/wp-content\/uploads\/2026\/03\/segunda-turma_2026-03-06_12-54-20.webp.webp?fit=1200%2C674&ssl=1&resize=350%2C200","width":350,"height":200,"srcset":"https:\/\/i0.wp.com\/noticiasribeiraopreto.com.br\/wp-content\/uploads\/2026\/03\/segunda-turma_2026-03-06_12-54-20.webp.webp?fit=1200%2C674&ssl=1&resize=350%2C200 1x, https:\/\/i0.wp.com\/noticiasribeiraopreto.com.br\/wp-content\/uploads\/2026\/03\/segunda-turma_2026-03-06_12-54-20.webp.webp?fit=1200%2C674&ssl=1&resize=525%2C300 1.5x, https:\/\/i0.wp.com\/noticiasribeiraopreto.com.br\/wp-content\/uploads\/2026\/03\/segunda-turma_2026-03-06_12-54-20.webp.webp?fit=1200%2C674&ssl=1&resize=700%2C400 2x, https:\/\/i0.wp.com\/noticiasribeiraopreto.com.br\/wp-content\/uploads\/2026\/03\/segunda-turma_2026-03-06_12-54-20.webp.webp?fit=1200%2C674&ssl=1&resize=1050%2C600 3x"},"classes":[]},{"id":77208,"url":"https:\/\/noticiasribeiraopreto.com.br\/index.php\/2025\/09\/14\/entenda-o-que-o-stf-vai-decidir-sobre-a-operacao-sevandija\/","url_meta":{"origin":75850,"position":4},"title":"Entenda o que o STF vai decidir sobre a Opera\u00e7\u00e3o Sevandija","author":"noticiasribeiraopreto.com.br","date":"14 de September de 2025","format":false,"excerpt":"O STF (Supremo Tribunal Federal) analisar\u00e1, entre os dias 19 e 26 de setembro, a legalidade das intercepta\u00e7\u00f5es telef\u00f4nicas realizadas na Opera\u00e7\u00e3o Sevandija, que investigou agentes pol\u00edticos e empres\u00e1rios de Ribeir\u00e3o Preto. A decis\u00e3o do STF poder\u00e1 impactar diretamente os processos que utilizam essas intercepta\u00e7\u00f5es como prova \u2013 entenda o\u2026","rel":"","context":"In &quot;Not\u00edcias de Ribeir\u00e3o Preto-SP e Regi\u00e3o&quot;","block_context":{"text":"Not\u00edcias de Ribeir\u00e3o Preto-SP e Regi\u00e3o","link":"https:\/\/noticiasribeiraopreto.com.br\/index.php\/category\/noticias-de-ribeirao-preto-sp-e-regiao-ismael-colosi\/"},"img":{"alt_text":"","src":"https:\/\/i0.wp.com\/noticiasribeiraopreto.com.br\/wp-content\/uploads\/2025\/09\/10-07-2024-Fachadas-do-STF-Gustavo-Moreno-3-scaled-1_2025-09-12_18-24-44.webp.webp?fit=1200%2C800&ssl=1&resize=350%2C200","width":350,"height":200,"srcset":"https:\/\/i0.wp.com\/noticiasribeiraopreto.com.br\/wp-content\/uploads\/2025\/09\/10-07-2024-Fachadas-do-STF-Gustavo-Moreno-3-scaled-1_2025-09-12_18-24-44.webp.webp?fit=1200%2C800&ssl=1&resize=350%2C200 1x, https:\/\/i0.wp.com\/noticiasribeiraopreto.com.br\/wp-content\/uploads\/2025\/09\/10-07-2024-Fachadas-do-STF-Gustavo-Moreno-3-scaled-1_2025-09-12_18-24-44.webp.webp?fit=1200%2C800&ssl=1&resize=525%2C300 1.5x, https:\/\/i0.wp.com\/noticiasribeiraopreto.com.br\/wp-content\/uploads\/2025\/09\/10-07-2024-Fachadas-do-STF-Gustavo-Moreno-3-scaled-1_2025-09-12_18-24-44.webp.webp?fit=1200%2C800&ssl=1&resize=700%2C400 2x, https:\/\/i0.wp.com\/noticiasribeiraopreto.com.br\/wp-content\/uploads\/2025\/09\/10-07-2024-Fachadas-do-STF-Gustavo-Moreno-3-scaled-1_2025-09-12_18-24-44.webp.webp?fit=1200%2C800&ssl=1&resize=1050%2C600 3x"},"classes":[]},{"id":77497,"url":"https:\/\/noticiasribeiraopreto.com.br\/index.php\/2025\/09\/19\/stf-suspende-julgamento-de-escutas-da-operacao-sevandija\/","url_meta":{"origin":75850,"position":5},"title":"STF suspende julgamento de escutas da Opera\u00e7\u00e3o Sevandija","author":"noticiasribeiraopreto.com.br","date":"19 de September de 2025","format":false,"excerpt":"19 de setembro de 2025 16:252 Compartilhar0 Julgamento sobre a legalidade das provas obtidas por meio de intercepta\u00e7\u00f5es telef\u00f4nicas foi suspenso nesta sexta-feira, 19 de setembro, em fun\u00e7\u00e3o de pedido de vistas de Gilmar Mendes; ministro ter\u00e1 prazo de at\u00e9 90 dias para votar O Supremo Tribunal Federal (STF) suspendeu\u2026","rel":"","context":"In &quot;Not\u00edcias de Ribeir\u00e3o Preto-SP e Regi\u00e3o&quot;","block_context":{"text":"Not\u00edcias de Ribeir\u00e3o Preto-SP e Regi\u00e3o","link":"https:\/\/noticiasribeiraopreto.com.br\/index.php\/category\/noticias-de-ribeirao-preto-sp-e-regiao-ismael-colosi\/"},"img":{"alt_text":"","src":"https:\/\/i0.wp.com\/noticiasribeiraopreto.com.br\/wp-content\/uploads\/2025\/09\/seva.webp.webp?fit=984%2C616&ssl=1&resize=350%2C200","width":350,"height":200,"srcset":"https:\/\/i0.wp.com\/noticiasribeiraopreto.com.br\/wp-content\/uploads\/2025\/09\/seva.webp.webp?fit=984%2C616&ssl=1&resize=350%2C200 1x, https:\/\/i0.wp.com\/noticiasribeiraopreto.com.br\/wp-content\/uploads\/2025\/09\/seva.webp.webp?fit=984%2C616&ssl=1&resize=525%2C300 1.5x, https:\/\/i0.wp.com\/noticiasribeiraopreto.com.br\/wp-content\/uploads\/2025\/09\/seva.webp.webp?fit=984%2C616&ssl=1&resize=700%2C400 2x"},"classes":[]}],"jetpack_sharing_enabled":true,"jetpack_shortlink":"https:\/\/wp.me\/peQAOb-jJo","_links":{"self":[{"href":"https:\/\/noticiasribeiraopreto.com.br\/index.php\/wp-json\/wp\/v2\/posts\/75850","targetHints":{"allow":["GET"]}}],"collection":[{"href":"https:\/\/noticiasribeiraopreto.com.br\/index.php\/wp-json\/wp\/v2\/posts"}],"about":[{"href":"https:\/\/noticiasribeiraopreto.com.br\/index.php\/wp-json\/wp\/v2\/types\/post"}],"author":[{"embeddable":true,"href":"https:\/\/noticiasribeiraopreto.com.br\/index.php\/wp-json\/wp\/v2\/users\/1"}],"replies":[{"embeddable":true,"href":"https:\/\/noticiasribeiraopreto.com.br\/index.php\/wp-json\/wp\/v2\/comments?post=75850"}],"version-history":[{"count":0,"href":"https:\/\/noticiasribeiraopreto.com.br\/index.php\/wp-json\/wp\/v2\/posts\/75850\/revisions"}],"wp:featuredmedia":[{"embeddable":true,"href":"https:\/\/noticiasribeiraopreto.com.br\/index.php\/wp-json\/wp\/v2\/media\/75851"}],"wp:attachment":[{"href":"https:\/\/noticiasribeiraopreto.com.br\/index.php\/wp-json\/wp\/v2\/media?parent=75850"}],"wp:term":[{"taxonomy":"category","embeddable":true,"href":"https:\/\/noticiasribeiraopreto.com.br\/index.php\/wp-json\/wp\/v2\/categories?post=75850"},{"taxonomy":"post_tag","embeddable":true,"href":"https:\/\/noticiasribeiraopreto.com.br\/index.php\/wp-json\/wp\/v2\/tags?post=75850"}],"curies":[{"name":"wp","href":"https:\/\/api.w.org\/{rel}","templated":true}]}}