{"id":75852,"date":"2025-08-16T16:45:23","date_gmt":"2025-08-16T19:45:23","guid":{"rendered":"https:\/\/noticiasribeiraopreto.com.br\/index.php\/2025\/08\/16\/ribeirao-preto-recebe-apresentacoes-de-coral-de-criancas-da-uganda-veja\/"},"modified":"2025-08-16T16:45:23","modified_gmt":"2025-08-16T19:45:23","slug":"ribeirao-preto-recebe-apresentacoes-de-coral-de-criancas-da-uganda-veja","status":"publish","type":"post","link":"https:\/\/noticiasribeiraopreto.com.br\/index.php\/2025\/08\/16\/ribeirao-preto-recebe-apresentacoes-de-coral-de-criancas-da-uganda-veja\/","title":{"rendered":"Ribeir\u00e3o Preto recebe apresenta\u00e7\u00f5es de Coral de Crian\u00e7as da Uganda; veja"},"content":{"rendered":"<div class='code-block code-block-1' style='margin: 8px 0 8px auto; text-align: right; display: block; clear: both;'>\n<p><a href=\"https:\/\/wa.link\/vpicfd\"><img data-recalc-dims=\"1\" class=\"wp-image-4922\" style=\"aspect-ratio: 2.0253164556962027; width: 561px; height: auto;\" src=\"https:\/\/i0.wp.com\/ismaelcolosi.com.br\/wp-content\/uploads\/2023\/11\/grupo-de-empregos-whatsapp-e-facebook-ismael-colosi-vagas.jpg?ssl=1\" alt=\"\" \/><\/a><\/p>\n<!-- \/wp:image -->\n<\/div>\n<p> <br \/>\n<\/p>\n<div data-td-block-uid=\"tdi_95\">\n<div class=\"tdb-block-inner td-fix-index\">\n<p>O <strong>Coral de Crian\u00e7as Watoto<\/strong>, de <strong>Uganda<\/strong>, pa\u00eds da <strong>\u00c1frica Oriental<\/strong>, realiza em <strong>Ribeir\u00e3o Preto<\/strong> tr\u00eas apresenta\u00e7\u00f5es neste fim de semana. O grupo traz ao Brasil a turn\u00ea \u201c<strong>Better Days \u2013 There Is Hope (Dias Melhores \u2013 H\u00e1 Esperan\u00e7a)<\/strong>\u201c. As apresenta\u00e7\u00f5es acontecem em igrejas da cidade, com entrada gratuita.<\/p>\n<p>O espet\u00e1culo conta com can\u00e7\u00f5es autorais, coreografias e testemunhos. O grupo deseja transmitir a mensagem de que \u00e9 poss\u00edvel transformar vidas por meio do amor, da f\u00e9 e da solidariedade.<\/p>\n<p>Criado em 1994, o <strong>Coral de Crian\u00e7as Watoto <\/strong>j\u00e1 se apresentou em parlamentos, diante de chefes de <strong>Estado<\/strong> e at\u00e9 para a <strong>Rainha Elizabeth II<\/strong>.<\/p>\n<figure class=\"wp-block-embed is-type-video is-provider-youtube wp-block-embed-youtube wp-embed-aspect-16-9 wp-has-aspect-ratio\">\n<div class=\"wp-block-embed__wrapper\">\n<p><iframe loading=\"lazy\" title=\"N\u00f3s, os Tr\u00eas Reis - We Three Kings (Legendado) Oficial - Watoto\" width=\"500\" height=\"281\" src=\"https:\/\/www.youtube.com\/embed\/c6oyO3ldtKQ?feature=oembed\" frameborder=\"0\" allow=\"accelerometer; autoplay; clipboard-write; encrypted-media; gyroscope; picture-in-picture; web-share\" referrerpolicy=\"strict-origin-when-cross-origin\" allowfullscreen><\/iframe><\/p>\n<\/div>\n<\/figure>\n<h2 class=\"wp-block-heading\"><strong>Apresenta\u00e7\u00f5es <\/strong><\/h2>\n<p>Neste <strong>s\u00e1bado (16)<\/strong>, o grupo se apresenta na <strong>Igreja Evang\u00e9lica Assembleia de Deus<\/strong>, localizada na <strong>rua Valdomiro Jos\u00e9 Arantes, 60<\/strong>, no <strong>Planalto Verde<\/strong>, a partir das <strong>18h<\/strong>. <\/p>\n<p>J\u00e1 no domingo (17), a apresenta\u00e7\u00e3o acontece a partir das <strong>9h e 19h<\/strong>, na <strong>Comunidade Crist\u00e3 de Ribeir\u00e3o Preto<\/strong>, localizada na <strong>rua Japur\u00e1, 829<\/strong>. <\/p>\n<p>SAIBA MAIS<br \/>Parada do Orgulho LGBTQIAPN+ de Ribeir\u00e3o Preto acontece neste domingo<\/p>\n<h2 class=\"wp-block-heading\"><strong>FIQUE ON<\/strong><\/h2>\n<p>Fique ligado em tudo que acontece em Ribeir\u00e3o Preto e regi\u00e3o. Siga os perfis do\u00a0<strong>acidade on\u00a0<\/strong>no<a href=\"https:\/\/www.instagram.com\/acidadeonribeirao\" target=\"_blank\" rel=\"noreferrer noopener\">\u00a0Instagram<\/a>\u00a0e no\u00a0<a href=\"https:\/\/www.facebook.com\/acidadeonribeirao\/\" target=\"_blank\" rel=\"noreferrer noopener\">Facebook<\/a>.<\/p>\n<p>Receba not\u00edcias do\u00a0<strong>acidade on<\/strong>\u00a0no WhatsApp.\u00a0<a href=\"https:\/\/chat.whatsapp.com\/I4nieTEMKlf50pJ28aMemC?mode=ac_t\" target=\"_blank\" rel=\"noreferrer noopener\">Para entrar no grupo, basta clicar aqui.<\/a><\/p>\n<p>Fa\u00e7a uma den\u00fancia ou sugira uma reportagem sobre Ribeir\u00e3o Preto e regi\u00e3o pelo WhatsApp: 16 99117 7802.<\/p>\n<p>VEJA TAMB\u00c9M<br \/>Qual a parceria entre Zeca Pagodinho e a Embrapa?<\/p>\n<p><!-- AI CONTENT END 1 -->\n<\/div>\n<\/div>\n<p><script async src=\"\/\/www.instagram.com\/embed.js\"><\/script><br \/>\n<br \/><br \/>\n<br \/><a href=\"https:\/\/www.acidadeon.com\/ribeiraopreto\/lazer-e-cultura\/ribeirao-preto-recebe-apresentacoes-de-coral-de-criancas-da-uganda-veja\/\">Source link <\/a><\/p>\n<!-- CONTENT END 1 -->\n","protected":false},"excerpt":{"rendered":"<p>O Coral de Crian\u00e7as Watoto, de Uganda, pa\u00eds da \u00c1frica Oriental, realiza em Ribeir\u00e3o Preto tr\u00eas apresenta\u00e7\u00f5es neste fim de semana. O grupo traz ao&#8230;<\/p>\n","protected":false},"author":1,"featured_media":75854,"comment_status":"open","ping_status":"open","sticky":false,"template":"","format":"standard","meta":{"advanced_seo_description":"","jetpack_seo_html_title":"","jetpack_seo_noindex":false,"jetpack_post_was_ever_published":false,"_jetpack_newsletter_access":"","_jetpack_dont_email_post_to_subs":false,"_jetpack_newsletter_tier_id":0,"_jetpack_memberships_contains_paywalled_content":false,"_jetpack_memberships_contains_paid_content":false,"footnotes":"","jetpack_publicize_message":"","jetpack_publicize_feature_enabled":true,"jetpack_social_post_already_shared":true,"jetpack_social_options":{"image_generator_settings":{"template":"highway","default_image_id":0,"font":"","enabled":false},"version":2}},"categories":[11],"tags":[],"class_list":["post-75852","post","type-post","status-publish","format-standard","has-post-thumbnail","hentry","category-noticias-de-ribeirao-preto-sp-e-regiao-ismael-colosi"],"jetpack_publicize_connections":[],"jetpack_featured_media_url":"https:\/\/i0.wp.com\/noticiasribeiraopreto.com.br\/wp-content\/uploads\/2025\/08\/WhatsApp-Image-2025-08-16-at-15.22.26_2025-08-16_18-44-10.webp.webp?fit=800%2C534&ssl=1","jetpack-related-posts":[{"id":73092,"url":"https:\/\/noticiasribeiraopreto.com.br\/index.php\/2025\/06\/25\/cidade-na-regiao-de-ribeirao-preto-recebe-apresentacoes-gratuitas-de-coral-e-teatro\/","url_meta":{"origin":75852,"position":0},"title":"Cidade na regi\u00e3o de Ribeir\u00e3o Preto recebe apresenta\u00e7\u00f5es gratuitas de coral e teatro","author":"noticiasribeiraopreto.com.br","date":"25 de June de 2025","format":false,"excerpt":"Crian\u00e7as e adolescentes do projeto sociocultural da\u00a0Institui\u00e7\u00e3o Aparecido Savegnago,\u00a0apresentam em Sert\u00e3ozinho, cidade na regi\u00e3o de\u00a0Ribeir\u00e3o Preto, dois eventos pedag\u00f3gicos e gratuitos, nos dias 26 e 30 de junho. As atividades incluem apresenta\u00e7\u00e3o de coral e teatro. As duas apresenta\u00e7\u00f5es acontecem a partir das 19h30, no Audit\u00f3rio Isaura Bolsoni Savegnago, dentro\u2026","rel":"","context":"In &quot;Not\u00edcias de Ribeir\u00e3o Preto-SP e Regi\u00e3o&quot;","block_context":{"text":"Not\u00edcias de Ribeir\u00e3o Preto-SP e Regi\u00e3o","link":"https:\/\/noticiasribeiraopreto.com.br\/index.php\/category\/noticias-de-ribeirao-preto-sp-e-regiao-ismael-colosi\/"},"img":{"alt_text":"","src":"https:\/\/i0.wp.com\/noticiasribeiraopreto.com.br\/wp-content\/uploads\/2025\/06\/teatro-ias_2025-06-25_13-50-38.webp.webp?fit=1200%2C675&ssl=1&resize=350%2C200","width":350,"height":200,"srcset":"https:\/\/i0.wp.com\/noticiasribeiraopreto.com.br\/wp-content\/uploads\/2025\/06\/teatro-ias_2025-06-25_13-50-38.webp.webp?fit=1200%2C675&ssl=1&resize=350%2C200 1x, https:\/\/i0.wp.com\/noticiasribeiraopreto.com.br\/wp-content\/uploads\/2025\/06\/teatro-ias_2025-06-25_13-50-38.webp.webp?fit=1200%2C675&ssl=1&resize=525%2C300 1.5x, https:\/\/i0.wp.com\/noticiasribeiraopreto.com.br\/wp-content\/uploads\/2025\/06\/teatro-ias_2025-06-25_13-50-38.webp.webp?fit=1200%2C675&ssl=1&resize=700%2C400 2x, https:\/\/i0.wp.com\/noticiasribeiraopreto.com.br\/wp-content\/uploads\/2025\/06\/teatro-ias_2025-06-25_13-50-38.webp.webp?fit=1200%2C675&ssl=1&resize=1050%2C600 3x"},"classes":[]},{"id":11269,"url":"https:\/\/noticiasribeiraopreto.com.br\/index.php\/2023\/12\/05\/coral-realiza-apresentacoes-gratuitas-de-natal-em-ribeirao-preto\/","url_meta":{"origin":75852,"position":1},"title":"Coral realiza apresenta\u00e7\u00f5es gratuitas de Natal em Ribeir\u00e3o Preto\u00a0","author":"noticiasribeiraopreto.com.br","date":"5 de December de 2023","format":false,"excerpt":"O Coral do Sincovarp (Sindicato do Com\u00e9rcio Varejista de Ribeir\u00e3o Preto) realiza uma s\u00e9rie de apresenta\u00e7\u00f5es natalinas em diferentes lugares de Ribeir\u00e3o Preto. A entrada \u00e9 gratuita. Os espet\u00e1culos acontecem durante os dias 5, 6, 11 e 12 de dezembro com reg\u00eancia do maestro Gabriel Locher. As apresenta\u00e7\u00f5es tamb\u00e9m tem\u2026","rel":"","context":"In &quot;Not\u00edcias de Ribeir\u00e3o Preto-SP e Regi\u00e3o&quot;","block_context":{"text":"Not\u00edcias de Ribeir\u00e3o Preto-SP e Regi\u00e3o","link":"https:\/\/noticiasribeiraopreto.com.br\/index.php\/category\/noticias-de-ribeirao-preto-sp-e-regiao-ismael-colosi\/"},"img":{"alt_text":"","src":"https:\/\/i0.wp.com\/noticiasribeiraopreto.com.br\/wp-content\/uploads\/2023\/12\/santa-hat-8413947_1280.jpg?fit=1200%2C821&ssl=1&resize=350%2C200","width":350,"height":200,"srcset":"https:\/\/i0.wp.com\/noticiasribeiraopreto.com.br\/wp-content\/uploads\/2023\/12\/santa-hat-8413947_1280.jpg?fit=1200%2C821&ssl=1&resize=350%2C200 1x, https:\/\/i0.wp.com\/noticiasribeiraopreto.com.br\/wp-content\/uploads\/2023\/12\/santa-hat-8413947_1280.jpg?fit=1200%2C821&ssl=1&resize=525%2C300 1.5x, https:\/\/i0.wp.com\/noticiasribeiraopreto.com.br\/wp-content\/uploads\/2023\/12\/santa-hat-8413947_1280.jpg?fit=1200%2C821&ssl=1&resize=700%2C400 2x, https:\/\/i0.wp.com\/noticiasribeiraopreto.com.br\/wp-content\/uploads\/2023\/12\/santa-hat-8413947_1280.jpg?fit=1200%2C821&ssl=1&resize=1050%2C600 3x"},"classes":[]},{"id":61510,"url":"https:\/\/noticiasribeiraopreto.com.br\/index.php\/2024\/12\/14\/confira-os-bastidores-da-apresentacao-coral-dos-meninos-cantores\/","url_meta":{"origin":75852,"position":2},"title":"Confira os bastidores da apresenta\u00e7\u00e3o Coral dos Meninos Cantores","author":"noticiasribeiraopreto.com.br","date":"14 de December de 2024","format":false,"excerpt":"O Coral dos Meninos Cantores, da Cia. Minaz realiza a apresenta\u00e7\u00e3o de Natal h\u00e1 27 anos, em Ribeir\u00e3o Preto. Neste domingo (15), a partir das 20h, cerca de 200 vozes, al\u00e9m de solistas, instrumentalistas, equipe de apoio e produ\u00e7\u00e3o se apresentam, nas janelas da Choperia Pinguim. Os ensaios para a\u2026","rel":"","context":"In &quot;Not\u00edcias de Ribeir\u00e3o Preto-SP e Regi\u00e3o&quot;","block_context":{"text":"Not\u00edcias de Ribeir\u00e3o Preto-SP e Regi\u00e3o","link":"https:\/\/noticiasribeiraopreto.com.br\/index.php\/category\/noticias-de-ribeirao-preto-sp-e-regiao-ismael-colosi\/"},"img":{"alt_text":"","src":"https:\/\/i0.wp.com\/noticiasribeiraopreto.com.br\/wp-content\/uploads\/2024\/12\/coral_dos_1200x675_14122021154229.jpg?fit=1200%2C675&ssl=1&resize=350%2C200","width":350,"height":200,"srcset":"https:\/\/i0.wp.com\/noticiasribeiraopreto.com.br\/wp-content\/uploads\/2024\/12\/coral_dos_1200x675_14122021154229.jpg?fit=1200%2C675&ssl=1&resize=350%2C200 1x, https:\/\/i0.wp.com\/noticiasribeiraopreto.com.br\/wp-content\/uploads\/2024\/12\/coral_dos_1200x675_14122021154229.jpg?fit=1200%2C675&ssl=1&resize=525%2C300 1.5x, https:\/\/i0.wp.com\/noticiasribeiraopreto.com.br\/wp-content\/uploads\/2024\/12\/coral_dos_1200x675_14122021154229.jpg?fit=1200%2C675&ssl=1&resize=700%2C400 2x, https:\/\/i0.wp.com\/noticiasribeiraopreto.com.br\/wp-content\/uploads\/2024\/12\/coral_dos_1200x675_14122021154229.jpg?fit=1200%2C675&ssl=1&resize=1050%2C600 3x"},"classes":[]},{"id":12038,"url":"https:\/\/noticiasribeiraopreto.com.br\/index.php\/2023\/12\/07\/confira-fotos-do-coral-de-natal-no-centro-de-ribeirao-veja-outras-apresentacoes\/","url_meta":{"origin":75852,"position":3},"title":"Confira fotos do coral de Natal no Centro de Ribeir\u00e3o; Veja outras apresenta\u00e7\u00f5es","author":"noticiasribeiraopreto.com.br","date":"7 de December de 2023","format":false,"excerpt":"O museu Casa da Mem\u00f3ria Italiana, no Centro de Ribeir\u00e3o Preto, realizou, na noite desta quarta-feira (6), a 8\u00aa edi\u00e7\u00e3o do Concerto di Natale. A apresenta\u00e7\u00e3o contou com a presen\u00e7a de centenas de pessoas. Por cerca de uma hora, o p\u00fablico cantou v\u00e1rios cl\u00e1ssicos natalinos em italiano. O museu preserva\u2026","rel":"","context":"In &quot;Not\u00edcias de Ribeir\u00e3o Preto-SP e Regi\u00e3o&quot;","block_context":{"text":"Not\u00edcias de Ribeir\u00e3o Preto-SP e Regi\u00e3o","link":"https:\/\/noticiasribeiraopreto.com.br\/index.php\/category\/noticias-de-ribeirao-preto-sp-e-regiao-ismael-colosi\/"},"img":{"alt_text":"","src":"https:\/\/i0.wp.com\/noticiasribeiraopreto.com.br\/wp-content\/uploads\/2023\/12\/WhatsApp-Image-2023-12-07-at-09.25.57-1.jpeg?fit=1200%2C675&ssl=1&resize=350%2C200","width":350,"height":200,"srcset":"https:\/\/i0.wp.com\/noticiasribeiraopreto.com.br\/wp-content\/uploads\/2023\/12\/WhatsApp-Image-2023-12-07-at-09.25.57-1.jpeg?fit=1200%2C675&ssl=1&resize=350%2C200 1x, https:\/\/i0.wp.com\/noticiasribeiraopreto.com.br\/wp-content\/uploads\/2023\/12\/WhatsApp-Image-2023-12-07-at-09.25.57-1.jpeg?fit=1200%2C675&ssl=1&resize=525%2C300 1.5x, https:\/\/i0.wp.com\/noticiasribeiraopreto.com.br\/wp-content\/uploads\/2023\/12\/WhatsApp-Image-2023-12-07-at-09.25.57-1.jpeg?fit=1200%2C675&ssl=1&resize=700%2C400 2x, https:\/\/i0.wp.com\/noticiasribeiraopreto.com.br\/wp-content\/uploads\/2023\/12\/WhatsApp-Image-2023-12-07-at-09.25.57-1.jpeg?fit=1200%2C675&ssl=1&resize=1050%2C600 3x"},"classes":[]},{"id":61533,"url":"https:\/\/noticiasribeiraopreto.com.br\/index.php\/2024\/12\/15\/coral-dos-meninos-cantores-se-apresenta-em-ribeirao-preto-video\/","url_meta":{"origin":75852,"position":4},"title":"Coral dos Meninos Cantores se apresenta em Ribeir\u00e3o Preto; V\u00eddeo","author":"noticiasribeiraopreto.com.br","date":"15 de December de 2024","format":false,"excerpt":"O tradicional Coral dos Meninos Cantores, da Cia. Minaz, se apresenta na noite deste domingo (15) nas janelas da Choperia Pinguim, no Centro de Ribeir\u00e3o Preto. Mais de 200 vozes participam do coral natalino, acompanhado pelo Quarteto de Cordas Minaz. O espet\u00e1culo conta com a dire\u00e7\u00e3o art\u00edstica de Gisele Ganade.\u00a0\u2026","rel":"","context":"In &quot;Not\u00edcias de Ribeir\u00e3o Preto-SP e Regi\u00e3o&quot;","block_context":{"text":"Not\u00edcias de Ribeir\u00e3o Preto-SP e Regi\u00e3o","link":"https:\/\/noticiasribeiraopreto.com.br\/index.php\/category\/noticias-de-ribeirao-preto-sp-e-regiao-ismael-colosi\/"},"img":{"alt_text":"","src":"https:\/\/i0.wp.com\/noticiasribeiraopreto.com.br\/wp-content\/uploads\/2024\/12\/coral_2024-12-16_00-06-44_jpeg_2024-12-16_00-06-45-scaled.webp.webp?fit=1200%2C675&ssl=1&resize=350%2C200","width":350,"height":200,"srcset":"https:\/\/i0.wp.com\/noticiasribeiraopreto.com.br\/wp-content\/uploads\/2024\/12\/coral_2024-12-16_00-06-44_jpeg_2024-12-16_00-06-45-scaled.webp.webp?fit=1200%2C675&ssl=1&resize=350%2C200 1x, https:\/\/i0.wp.com\/noticiasribeiraopreto.com.br\/wp-content\/uploads\/2024\/12\/coral_2024-12-16_00-06-44_jpeg_2024-12-16_00-06-45-scaled.webp.webp?fit=1200%2C675&ssl=1&resize=525%2C300 1.5x, https:\/\/i0.wp.com\/noticiasribeiraopreto.com.br\/wp-content\/uploads\/2024\/12\/coral_2024-12-16_00-06-44_jpeg_2024-12-16_00-06-45-scaled.webp.webp?fit=1200%2C675&ssl=1&resize=700%2C400 2x, https:\/\/i0.wp.com\/noticiasribeiraopreto.com.br\/wp-content\/uploads\/2024\/12\/coral_2024-12-16_00-06-44_jpeg_2024-12-16_00-06-45-scaled.webp.webp?fit=1200%2C675&ssl=1&resize=1050%2C600 3x"},"classes":[]},{"id":61513,"url":"https:\/\/noticiasribeiraopreto.com.br\/index.php\/2024\/12\/14\/confira-os-bastidores-do-ensaio-do-coral-dos-meninos-cantores\/","url_meta":{"origin":75852,"position":5},"title":"Confira os bastidores do ensaio do Coral dos Meninos Cantores","author":"noticiasribeiraopreto.com.br","date":"14 de December de 2024","format":false,"excerpt":"O Coral dos Meninos Cantores, da Cia. Minaz realiza a apresenta\u00e7\u00e3o de Natal h\u00e1 27 anos, em Ribeir\u00e3o Preto. Neste domingo (15), a partir das 20h, cerca de 200 vozes, al\u00e9m de solistas, instrumentalistas, equipe de apoio e produ\u00e7\u00e3o se apresentam, nas janelas da Choperia Pinguim. Os ensaios para a\u2026","rel":"","context":"In &quot;Not\u00edcias de Ribeir\u00e3o Preto-SP e Regi\u00e3o&quot;","block_context":{"text":"Not\u00edcias de Ribeir\u00e3o Preto-SP e Regi\u00e3o","link":"https:\/\/noticiasribeiraopreto.com.br\/index.php\/category\/noticias-de-ribeirao-preto-sp-e-regiao-ismael-colosi\/"},"img":{"alt_text":"","src":"https:\/\/i0.wp.com\/noticiasribeiraopreto.com.br\/wp-content\/uploads\/2024\/12\/1734214746_coral_dos_1200x675_14122021154229.jpg?fit=1200%2C675&ssl=1&resize=350%2C200","width":350,"height":200,"srcset":"https:\/\/i0.wp.com\/noticiasribeiraopreto.com.br\/wp-content\/uploads\/2024\/12\/1734214746_coral_dos_1200x675_14122021154229.jpg?fit=1200%2C675&ssl=1&resize=350%2C200 1x, https:\/\/i0.wp.com\/noticiasribeiraopreto.com.br\/wp-content\/uploads\/2024\/12\/1734214746_coral_dos_1200x675_14122021154229.jpg?fit=1200%2C675&ssl=1&resize=525%2C300 1.5x, https:\/\/i0.wp.com\/noticiasribeiraopreto.com.br\/wp-content\/uploads\/2024\/12\/1734214746_coral_dos_1200x675_14122021154229.jpg?fit=1200%2C675&ssl=1&resize=700%2C400 2x, https:\/\/i0.wp.com\/noticiasribeiraopreto.com.br\/wp-content\/uploads\/2024\/12\/1734214746_coral_dos_1200x675_14122021154229.jpg?fit=1200%2C675&ssl=1&resize=1050%2C600 3x"},"classes":[]}],"jetpack_sharing_enabled":true,"jetpack_shortlink":"https:\/\/wp.me\/peQAOb-jJq","_links":{"self":[{"href":"https:\/\/noticiasribeiraopreto.com.br\/index.php\/wp-json\/wp\/v2\/posts\/75852","targetHints":{"allow":["GET"]}}],"collection":[{"href":"https:\/\/noticiasribeiraopreto.com.br\/index.php\/wp-json\/wp\/v2\/posts"}],"about":[{"href":"https:\/\/noticiasribeiraopreto.com.br\/index.php\/wp-json\/wp\/v2\/types\/post"}],"author":[{"embeddable":true,"href":"https:\/\/noticiasribeiraopreto.com.br\/index.php\/wp-json\/wp\/v2\/users\/1"}],"replies":[{"embeddable":true,"href":"https:\/\/noticiasribeiraopreto.com.br\/index.php\/wp-json\/wp\/v2\/comments?post=75852"}],"version-history":[{"count":0,"href":"https:\/\/noticiasribeiraopreto.com.br\/index.php\/wp-json\/wp\/v2\/posts\/75852\/revisions"}],"wp:featuredmedia":[{"embeddable":true,"href":"https:\/\/noticiasribeiraopreto.com.br\/index.php\/wp-json\/wp\/v2\/media\/75854"}],"wp:attachment":[{"href":"https:\/\/noticiasribeiraopreto.com.br\/index.php\/wp-json\/wp\/v2\/media?parent=75852"}],"wp:term":[{"taxonomy":"category","embeddable":true,"href":"https:\/\/noticiasribeiraopreto.com.br\/index.php\/wp-json\/wp\/v2\/categories?post=75852"},{"taxonomy":"post_tag","embeddable":true,"href":"https:\/\/noticiasribeiraopreto.com.br\/index.php\/wp-json\/wp\/v2\/tags?post=75852"}],"curies":[{"name":"wp","href":"https:\/\/api.w.org\/{rel}","templated":true}]}}