{"id":75855,"date":"2025-08-16T16:52:16","date_gmt":"2025-08-16T19:52:16","guid":{"rendered":"https:\/\/noticiasribeiraopreto.com.br\/index.php\/2025\/08\/16\/parada-do-orgulho-lgbtqiapn-de-ribeirao-preto-acontece-neste-domingo\/"},"modified":"2025-08-16T16:52:16","modified_gmt":"2025-08-16T19:52:16","slug":"parada-do-orgulho-lgbtqiapn-de-ribeirao-preto-acontece-neste-domingo","status":"publish","type":"post","link":"https:\/\/noticiasribeiraopreto.com.br\/index.php\/2025\/08\/16\/parada-do-orgulho-lgbtqiapn-de-ribeirao-preto-acontece-neste-domingo\/","title":{"rendered":"Parada do Orgulho LGBTQIAPN+ de Ribeir\u00e3o Preto acontece neste domingo"},"content":{"rendered":"<div class='code-block code-block-1' style='margin: 8px 0 8px auto; text-align: right; display: block; clear: both;'>\n<p><a href=\"https:\/\/wa.link\/vpicfd\"><img data-recalc-dims=\"1\" class=\"wp-image-4922\" style=\"aspect-ratio: 2.0253164556962027; width: 561px; height: auto;\" src=\"https:\/\/i0.wp.com\/ismaelcolosi.com.br\/wp-content\/uploads\/2023\/11\/grupo-de-empregos-whatsapp-e-facebook-ismael-colosi-vagas.jpg?ssl=1\" alt=\"\" \/><\/a><\/p>\n<!-- \/wp:image -->\n<\/div>\n<p> <br \/>\n<\/p>\n<div data-td-block-uid=\"tdi_95\">\n<div class=\"tdb-block-inner td-fix-index\">\n<p>A <strong>21\u00aa edi\u00e7\u00e3o da Parada do Orgulho LGBTQIAPN+<\/strong>\u00a0de\u00a0<strong>Ribeir\u00e3o Preto acontece neste domingo (17), <\/strong>com concentra\u00e7\u00e3o a partir das\u00a0<strong>13h<\/strong>,<strong>\u00a0<\/strong>no cruzamento das<strong>\u00a0avenidas Presidente Vargas\u00a0<\/strong>e<strong>\u00a0Jo\u00e3o Fi\u00fasa<\/strong>, na\u00a0<strong>zona Sul\u00a0<\/strong>de Ribeir\u00e3o Preto. O evento reunir\u00e1 mais diversas atra\u00e7\u00f5es musicais e 350 caravanas de v\u00e1rias regi\u00f5es do Pa\u00eds.<\/p>\n<p>Com o tema\u00a0<strong>\u201cOrgulho n\u00e3o envelhece, fica marcado na pele, na luta, na hist\u00f3ria: pelo direito e respeito aos 60+ LGBTQIAPN+\u201d<\/strong>, a Parada deste ano homenageia pessoas LGBTQIAPN+ com\u00a0<strong>60 anos ou mais<\/strong>, que pavimentaram caminhos de resist\u00eancia e seguem inspirando gera\u00e7\u00f5es.<\/p>\n<p>O trajeto da parada ser\u00e1 acompanhado por dois trios el\u00e9tricos, seguir\u00e1 pelas<strong>\u00a0avenidas Ant\u00f4nio Diederichsen\u00a0<\/strong>e<strong>\u00a0Nove de Julho\u00a0<\/strong>at\u00e9 a\u00a0<strong>pra\u00e7a Jo\u00e3o Marchesi<\/strong>, no\u00a0<strong>Jardim S\u00e3o Luiz<\/strong>, onde acontecer\u00e3o apresenta\u00e7\u00f5es de\u00a0<strong>18 atra\u00e7\u00f5es\u00a0<\/strong>art\u00edsticas.<\/p>\n<p>A madrinha da Parada ser\u00e1\u00a0<strong>M\u00f4nica Ben\u00edcio<\/strong>, vi\u00fava de\u00a0<strong>Marielle Franco<\/strong>.<\/p>\n<h2 class=\"wp-block-heading\"><strong>Atra\u00e7\u00f5es <\/strong><\/h2>\n<p>Entre as atra\u00e7\u00f5es confirmadas est\u00e3o \u00darsula Fox, Nayanne Poison, Ashley Miranda, DJ Alex Oliver, Luna Voice, F\u00e1via Cupini, Andressa Urach, entre outros.<\/p>\n<p>SAIBA MAIS<br \/>Veranico no interior de SP: temperaturas podem chegar a 35\u202f\u00b0C<\/p>\n<h2 class=\"wp-block-heading\"><strong>FIQUE ON<\/strong><\/h2>\n<p>Fique ligado em tudo que acontece em Ribeir\u00e3o Preto e regi\u00e3o. Siga os perfis do\u00a0<strong>acidade on\u00a0<\/strong>no<a href=\"https:\/\/www.instagram.com\/acidadeonribeirao\" target=\"_blank\" rel=\"noreferrer noopener\">\u00a0Instagram<\/a>\u00a0e no\u00a0<a href=\"https:\/\/www.facebook.com\/acidadeonribeirao\/\" target=\"_blank\" rel=\"noreferrer noopener\">Facebook<\/a>.<\/p>\n<p>Receba not\u00edcias do\u00a0<strong>acidade on<\/strong>\u00a0no WhatsApp.\u00a0<a href=\"https:\/\/chat.whatsapp.com\/I4nieTEMKlf50pJ28aMemC?mode=ac_t\" target=\"_blank\" rel=\"noreferrer noopener\">Para entrar no grupo, basta clicar aqui.<\/a><\/p>\n<p>Fa\u00e7a uma den\u00fancia ou sugira uma reportagem sobre Ribeir\u00e3o Preto e regi\u00e3o pelo WhatsApp: 16 99117 7802.<\/p>\n<p>VEJA TAMB\u00c9M<br \/>Qual a parceria entre Zeca Pagodinho e a Embrapa?<\/p>\n<p><!-- AI CONTENT END 1 -->\n<\/div>\n<\/div>\n<p><script async src=\"\/\/www.instagram.com\/embed.js\"><\/script><br \/>\n<br \/><br \/>\n<br \/><a href=\"https:\/\/www.acidadeon.com\/ribeiraopreto\/lazer-e-cultura\/parada-orgulho-lgbtqiapn-de-ribeirao-preto-acontece-neste-domingo\/\">Source link <\/a><\/p>\n<!-- CONTENT END 1 -->\n","protected":false},"excerpt":{"rendered":"<p>A 21\u00aa edi\u00e7\u00e3o da Parada do Orgulho LGBTQIAPN+\u00a0de\u00a0Ribeir\u00e3o Preto acontece neste domingo (17), com concentra\u00e7\u00e3o a partir das\u00a013h,\u00a0no cruzamento das\u00a0avenidas Presidente Vargas\u00a0e\u00a0Jo\u00e3o Fi\u00fasa, na\u00a0zona Sul\u00a0de&#8230;<\/p>\n","protected":false},"author":1,"featured_media":75856,"comment_status":"open","ping_status":"open","sticky":false,"template":"","format":"standard","meta":{"advanced_seo_description":"","jetpack_seo_html_title":"","jetpack_seo_noindex":false,"jetpack_post_was_ever_published":false,"_jetpack_newsletter_access":"","_jetpack_dont_email_post_to_subs":false,"_jetpack_newsletter_tier_id":0,"_jetpack_memberships_contains_paywalled_content":false,"_jetpack_memberships_contains_paid_content":false,"footnotes":"","jetpack_publicize_message":"","jetpack_publicize_feature_enabled":true,"jetpack_social_post_already_shared":true,"jetpack_social_options":{"image_generator_settings":{"template":"highway","default_image_id":0,"font":"","enabled":false},"version":2}},"categories":[11],"tags":[],"class_list":["post-75855","post","type-post","status-publish","format-standard","has-post-thumbnail","hentry","category-noticias-de-ribeirao-preto-sp-e-regiao-ismael-colosi"],"jetpack_publicize_connections":[],"jetpack_featured_media_url":"https:\/\/i0.wp.com\/noticiasribeiraopreto.com.br\/wp-content\/uploads\/2025\/08\/parada-orgulho_2025-08-16_18-51-28.webp.webp?fit=1200%2C675&ssl=1","jetpack-related-posts":[{"id":75485,"url":"https:\/\/noticiasribeiraopreto.com.br\/index.php\/2025\/08\/09\/21a-parada-lgbt-de-ribeirao-preto-homenageia-pessoas-com-60-anos-ou-mais\/","url_meta":{"origin":75855,"position":0},"title":"21\u00aa Parada LGBT+ de Ribeir\u00e3o Preto homenageia pessoas com 60 anos ou mais","author":"noticiasribeiraopreto.com.br","date":"9 de August de 2025","format":false,"excerpt":"A ONG Arco-\u00cdris realiza nesta segunda-feira (11) o lan\u00e7amento oficial da 21\u00aa edi\u00e7\u00e3o da Parada do Orgulho LGBTQIAPN+ de Ribeir\u00e3o Preto. O evento ser\u00e1 realizado \u00e0s 10h, no Hotel Ibis, anexo ao Ribeir\u00e3oShopping, e contar\u00e1 com a presen\u00e7a de autoridades, patrocinadores, apoiadores e representantes da imprensa. Com o tema \u201cOrgulho\u2026","rel":"","context":"In &quot;Not\u00edcias de Ribeir\u00e3o Preto-SP e Regi\u00e3o&quot;","block_context":{"text":"Not\u00edcias de Ribeir\u00e3o Preto-SP e Regi\u00e3o","link":"https:\/\/noticiasribeiraopreto.com.br\/index.php\/category\/noticias-de-ribeirao-preto-sp-e-regiao-ismael-colosi\/"},"img":{"alt_text":"","src":"","width":0,"height":0},"classes":[]},{"id":75635,"url":"https:\/\/noticiasribeiraopreto.com.br\/index.php\/2025\/08\/12\/parada-lgbtqiapn-tera-esquema-especial-de-transito-em-ribeirao-preto\/","url_meta":{"origin":75855,"position":1},"title":"Parada LGBTQIAPN+ ter\u00e1 esquema especial de tr\u00e2nsito em Ribeir\u00e3o Preto","author":"noticiasribeiraopreto.com.br","date":"12 de August de 2025","format":false,"excerpt":"A 21\u00aa Parada LGBTQIAPN+ de Ribeir\u00e3o Preto acontece neste domingo, 17 de agosto, com concentra\u00e7\u00e3o a partir das 13h no cruzamento das avenidas Presidente Vargas e Jo\u00e3o Fi\u00fasa, na zona Sul da cidade. Os trios el\u00e9tricos seguem pela avenida Presidente Vargas at\u00e9 a avenida Ant\u00f4nio Diederichsen e encerram o percurso\u2026","rel":"","context":"In &quot;Not\u00edcias de Ribeir\u00e3o Preto-SP e Regi\u00e3o&quot;","block_context":{"text":"Not\u00edcias de Ribeir\u00e3o Preto-SP e Regi\u00e3o","link":"https:\/\/noticiasribeiraopreto.com.br\/index.php\/category\/noticias-de-ribeirao-preto-sp-e-regiao-ismael-colosi\/"},"img":{"alt_text":"","src":"https:\/\/i0.wp.com\/noticiasribeiraopreto.com.br\/wp-content\/uploads\/2025\/08\/transito-sca_2025-08-12_22-20-28.webp.webp?fit=1200%2C675&ssl=1&resize=350%2C200","width":350,"height":200,"srcset":"https:\/\/i0.wp.com\/noticiasribeiraopreto.com.br\/wp-content\/uploads\/2025\/08\/transito-sca_2025-08-12_22-20-28.webp.webp?fit=1200%2C675&ssl=1&resize=350%2C200 1x, https:\/\/i0.wp.com\/noticiasribeiraopreto.com.br\/wp-content\/uploads\/2025\/08\/transito-sca_2025-08-12_22-20-28.webp.webp?fit=1200%2C675&ssl=1&resize=525%2C300 1.5x, https:\/\/i0.wp.com\/noticiasribeiraopreto.com.br\/wp-content\/uploads\/2025\/08\/transito-sca_2025-08-12_22-20-28.webp.webp?fit=1200%2C675&ssl=1&resize=700%2C400 2x, https:\/\/i0.wp.com\/noticiasribeiraopreto.com.br\/wp-content\/uploads\/2025\/08\/transito-sca_2025-08-12_22-20-28.webp.webp?fit=1200%2C675&ssl=1&resize=1050%2C600 3x"},"classes":[]},{"id":75839,"url":"https:\/\/noticiasribeiraopreto.com.br\/index.php\/2025\/08\/16\/eventos-forcam-bloqueios-em-rp\/","url_meta":{"origin":75855,"position":2},"title":"Eventos for\u00e7am bloqueios em RP\u00a0","author":"noticiasribeiraopreto.com.br","date":"16 de August de 2025","format":false,"excerpt":"16 de agosto de 2025 12:0016 de agosto de 2025 11:136 Compartilhar0 Motoristas devem ficar atentos aos bloqueios e utilizar as rotas alternativas indicadas para evitar transtornos \u00a0\u00a0A RP Mobi \u2013 Empresa de Mobilidade Urbana de Ribeir\u00e3o Preto S.A, a antiga Transerp, respons\u00e1vel pelo tr\u00e2nsito e transporte \u2013 informa que\u2026","rel":"","context":"In &quot;Not\u00edcias de Ribeir\u00e3o Preto-SP e Regi\u00e3o&quot;","block_context":{"text":"Not\u00edcias de Ribeir\u00e3o Preto-SP e Regi\u00e3o","link":"https:\/\/noticiasribeiraopreto.com.br\/index.php\/category\/noticias-de-ribeirao-preto-sp-e-regiao-ismael-colosi\/"},"img":{"alt_text":"","src":"https:\/\/i0.wp.com\/noticiasribeiraopreto.com.br\/wp-content\/uploads\/2025\/08\/Bloqueio-scaled.jpeg?fit=1170%2C780&ssl=1&resize=350%2C200","width":350,"height":200,"srcset":"https:\/\/i0.wp.com\/noticiasribeiraopreto.com.br\/wp-content\/uploads\/2025\/08\/Bloqueio-scaled.jpeg?fit=1170%2C780&ssl=1&resize=350%2C200 1x, https:\/\/i0.wp.com\/noticiasribeiraopreto.com.br\/wp-content\/uploads\/2025\/08\/Bloqueio-scaled.jpeg?fit=1170%2C780&ssl=1&resize=525%2C300 1.5x, https:\/\/i0.wp.com\/noticiasribeiraopreto.com.br\/wp-content\/uploads\/2025\/08\/Bloqueio-scaled.jpeg?fit=1170%2C780&ssl=1&resize=700%2C400 2x, https:\/\/i0.wp.com\/noticiasribeiraopreto.com.br\/wp-content\/uploads\/2025\/08\/Bloqueio-scaled.jpeg?fit=1170%2C780&ssl=1&resize=1050%2C600 3x"},"classes":[]},{"id":52622,"url":"https:\/\/noticiasribeiraopreto.com.br\/index.php\/2024\/06\/10\/ribeirao-celebra-20-anos-de-parada-lgbtqiap-com-shows-e-apresentacoes-veja-programacao\/","url_meta":{"origin":75855,"position":3},"title":"Ribeir\u00e3o celebra 20 anos de Parada LGBTQIAP+ com shows e apresenta\u00e7\u00f5es; Veja programa\u00e7\u00e3o","author":"noticiasribeiraopreto.com.br","date":"10 de June de 2024","format":false,"excerpt":"A 20\u00aa edi\u00e7\u00e3o da Parada LGBTQIAP+ de Ribeir\u00e3o Preto acontece neste domingo (16), com concentra\u00e7\u00e3o a partir das 13h, no cruzamento das avenidas Presidente Vargas e Jo\u00e3o Fi\u00fasa, na zona Sul do munic\u00edpio. Dois trios el\u00e9tricos far\u00e3o um trajeto de 40 minutos pelas avenidas Ant\u00f4nio Diederichsen e 9 de Julho,\u2026","rel":"","context":"In &quot;Not\u00edcias de Ribeir\u00e3o Preto-SP e Regi\u00e3o&quot;","block_context":{"text":"Not\u00edcias de Ribeir\u00e3o Preto-SP e Regi\u00e3o","link":"https:\/\/noticiasribeiraopreto.com.br\/index.php\/category\/noticias-de-ribeirao-preto-sp-e-regiao-ismael-colosi\/"},"img":{"alt_text":"","src":"https:\/\/i0.wp.com\/noticiasribeiraopreto.com.br\/wp-content\/uploads\/2024\/06\/WhatsApp-Image-2024-06-10-at-17.39.34_2024-06-10_20-52-57_jpeg_2024-06-10_20-52-57.webp.webp?fit=1200%2C800&ssl=1&resize=350%2C200","width":350,"height":200,"srcset":"https:\/\/i0.wp.com\/noticiasribeiraopreto.com.br\/wp-content\/uploads\/2024\/06\/WhatsApp-Image-2024-06-10-at-17.39.34_2024-06-10_20-52-57_jpeg_2024-06-10_20-52-57.webp.webp?fit=1200%2C800&ssl=1&resize=350%2C200 1x, https:\/\/i0.wp.com\/noticiasribeiraopreto.com.br\/wp-content\/uploads\/2024\/06\/WhatsApp-Image-2024-06-10-at-17.39.34_2024-06-10_20-52-57_jpeg_2024-06-10_20-52-57.webp.webp?fit=1200%2C800&ssl=1&resize=525%2C300 1.5x, https:\/\/i0.wp.com\/noticiasribeiraopreto.com.br\/wp-content\/uploads\/2024\/06\/WhatsApp-Image-2024-06-10-at-17.39.34_2024-06-10_20-52-57_jpeg_2024-06-10_20-52-57.webp.webp?fit=1200%2C800&ssl=1&resize=700%2C400 2x, https:\/\/i0.wp.com\/noticiasribeiraopreto.com.br\/wp-content\/uploads\/2024\/06\/WhatsApp-Image-2024-06-10-at-17.39.34_2024-06-10_20-52-57_jpeg_2024-06-10_20-52-57.webp.webp?fit=1200%2C800&ssl=1&resize=1050%2C600 3x"},"classes":[]},{"id":75852,"url":"https:\/\/noticiasribeiraopreto.com.br\/index.php\/2025\/08\/16\/ribeirao-preto-recebe-apresentacoes-de-coral-de-criancas-da-uganda-veja\/","url_meta":{"origin":75855,"position":4},"title":"Ribeir\u00e3o Preto recebe apresenta\u00e7\u00f5es de Coral de Crian\u00e7as da Uganda; veja","author":"noticiasribeiraopreto.com.br","date":"16 de August de 2025","format":false,"excerpt":"O Coral de Crian\u00e7as Watoto, de Uganda, pa\u00eds da \u00c1frica Oriental, realiza em Ribeir\u00e3o Preto tr\u00eas apresenta\u00e7\u00f5es neste fim de semana. O grupo traz ao Brasil a turn\u00ea \u201cBetter Days \u2013 There Is Hope (Dias Melhores \u2013 H\u00e1 Esperan\u00e7a)\u201c. As apresenta\u00e7\u00f5es acontecem em igrejas da cidade, com entrada gratuita. O\u2026","rel":"","context":"In &quot;Not\u00edcias de Ribeir\u00e3o Preto-SP e Regi\u00e3o&quot;","block_context":{"text":"Not\u00edcias de Ribeir\u00e3o Preto-SP e Regi\u00e3o","link":"https:\/\/noticiasribeiraopreto.com.br\/index.php\/category\/noticias-de-ribeirao-preto-sp-e-regiao-ismael-colosi\/"},"img":{"alt_text":"","src":"https:\/\/i0.wp.com\/noticiasribeiraopreto.com.br\/wp-content\/uploads\/2025\/08\/WhatsApp-Image-2025-08-16-at-15.22.26_2025-08-16_18-44-10.webp.webp?fit=800%2C534&ssl=1&resize=350%2C200","width":350,"height":200,"srcset":"https:\/\/i0.wp.com\/noticiasribeiraopreto.com.br\/wp-content\/uploads\/2025\/08\/WhatsApp-Image-2025-08-16-at-15.22.26_2025-08-16_18-44-10.webp.webp?fit=800%2C534&ssl=1&resize=350%2C200 1x, https:\/\/i0.wp.com\/noticiasribeiraopreto.com.br\/wp-content\/uploads\/2025\/08\/WhatsApp-Image-2025-08-16-at-15.22.26_2025-08-16_18-44-10.webp.webp?fit=800%2C534&ssl=1&resize=525%2C300 1.5x, https:\/\/i0.wp.com\/noticiasribeiraopreto.com.br\/wp-content\/uploads\/2025\/08\/WhatsApp-Image-2025-08-16-at-15.22.26_2025-08-16_18-44-10.webp.webp?fit=800%2C534&ssl=1&resize=700%2C400 2x"},"classes":[]},{"id":75784,"url":"https:\/\/noticiasribeiraopreto.com.br\/index.php\/2025\/08\/15\/shows-parada-e-fil-veja-o-que-acontece-neste-fim-de-semana-em-ribeirao-e-regiao\/","url_meta":{"origin":75855,"position":5},"title":"Shows, Parada e FIL: veja o que acontece neste fim de semana em Ribeir\u00e3o e regi\u00e3o","author":"noticiasribeiraopreto.com.br","date":"15 de August de 2025","format":false,"excerpt":"Neste fim de semana, Ribeir\u00e3o Preto e regi\u00e3o oferece diversas op\u00e7\u00f5es culturais para quem deseja aproveitar fora de casa. Nesta sexta-feira (15), acontece a edi\u00e7\u00e3o da Nugroove \u201cSintonia \u2013 A Festa\u201d e a abertura da FIL (Feira Internacional do Livro de Ribeir\u00e3o Preto). No domingo (17), acontece a 21\u00aa Parada\u2026","rel":"","context":"In &quot;Not\u00edcias de Ribeir\u00e3o Preto-SP e Regi\u00e3o&quot;","block_context":{"text":"Not\u00edcias de Ribeir\u00e3o Preto-SP e Regi\u00e3o","link":"https:\/\/noticiasribeiraopreto.com.br\/index.php\/category\/noticias-de-ribeirao-preto-sp-e-regiao-ismael-colosi\/"},"img":{"alt_text":"","src":"https:\/\/i0.wp.com\/noticiasribeiraopreto.com.br\/wp-content\/uploads\/2025\/08\/racionais_mcs_12197960953_1_2025-03-10_14-56-34.webp.webp?fit=754%2C503&ssl=1&resize=350%2C200","width":350,"height":200,"srcset":"https:\/\/i0.wp.com\/noticiasribeiraopreto.com.br\/wp-content\/uploads\/2025\/08\/racionais_mcs_12197960953_1_2025-03-10_14-56-34.webp.webp?fit=754%2C503&ssl=1&resize=350%2C200 1x, https:\/\/i0.wp.com\/noticiasribeiraopreto.com.br\/wp-content\/uploads\/2025\/08\/racionais_mcs_12197960953_1_2025-03-10_14-56-34.webp.webp?fit=754%2C503&ssl=1&resize=525%2C300 1.5x, https:\/\/i0.wp.com\/noticiasribeiraopreto.com.br\/wp-content\/uploads\/2025\/08\/racionais_mcs_12197960953_1_2025-03-10_14-56-34.webp.webp?fit=754%2C503&ssl=1&resize=700%2C400 2x"},"classes":[]}],"jetpack_sharing_enabled":true,"jetpack_shortlink":"https:\/\/wp.me\/peQAOb-jJt","_links":{"self":[{"href":"https:\/\/noticiasribeiraopreto.com.br\/index.php\/wp-json\/wp\/v2\/posts\/75855","targetHints":{"allow":["GET"]}}],"collection":[{"href":"https:\/\/noticiasribeiraopreto.com.br\/index.php\/wp-json\/wp\/v2\/posts"}],"about":[{"href":"https:\/\/noticiasribeiraopreto.com.br\/index.php\/wp-json\/wp\/v2\/types\/post"}],"author":[{"embeddable":true,"href":"https:\/\/noticiasribeiraopreto.com.br\/index.php\/wp-json\/wp\/v2\/users\/1"}],"replies":[{"embeddable":true,"href":"https:\/\/noticiasribeiraopreto.com.br\/index.php\/wp-json\/wp\/v2\/comments?post=75855"}],"version-history":[{"count":0,"href":"https:\/\/noticiasribeiraopreto.com.br\/index.php\/wp-json\/wp\/v2\/posts\/75855\/revisions"}],"wp:featuredmedia":[{"embeddable":true,"href":"https:\/\/noticiasribeiraopreto.com.br\/index.php\/wp-json\/wp\/v2\/media\/75856"}],"wp:attachment":[{"href":"https:\/\/noticiasribeiraopreto.com.br\/index.php\/wp-json\/wp\/v2\/media?parent=75855"}],"wp:term":[{"taxonomy":"category","embeddable":true,"href":"https:\/\/noticiasribeiraopreto.com.br\/index.php\/wp-json\/wp\/v2\/categories?post=75855"},{"taxonomy":"post_tag","embeddable":true,"href":"https:\/\/noticiasribeiraopreto.com.br\/index.php\/wp-json\/wp\/v2\/tags?post=75855"}],"curies":[{"name":"wp","href":"https:\/\/api.w.org\/{rel}","templated":true}]}}