{"id":75857,"date":"2025-08-16T17:02:18","date_gmt":"2025-08-16T20:02:18","guid":{"rendered":"https:\/\/noticiasribeiraopreto.com.br\/index.php\/2025\/08\/16\/fenasucro-termina-com-expectativa-de-superar-r-107-bi-em-negocios\/"},"modified":"2025-08-16T17:02:18","modified_gmt":"2025-08-16T20:02:18","slug":"fenasucro-termina-com-expectativa-de-superar-r-107-bi-em-negocios","status":"publish","type":"post","link":"https:\/\/noticiasribeiraopreto.com.br\/index.php\/2025\/08\/16\/fenasucro-termina-com-expectativa-de-superar-r-107-bi-em-negocios\/","title":{"rendered":"Fenasucro termina com expectativa de superar R$ 10,7 bi em neg\u00f3cios"},"content":{"rendered":"<div class='code-block code-block-1' style='margin: 8px 0 8px auto; text-align: right; display: block; clear: both;'>\n<p><a href=\"https:\/\/wa.link\/vpicfd\"><img data-recalc-dims=\"1\" class=\"wp-image-4922\" style=\"aspect-ratio: 2.0253164556962027; width: 561px; height: auto;\" src=\"https:\/\/i0.wp.com\/ismaelcolosi.com.br\/wp-content\/uploads\/2023\/11\/grupo-de-empregos-whatsapp-e-facebook-ismael-colosi-vagas.jpg?ssl=1\" alt=\"\" \/><\/a><\/p>\n<!-- \/wp:image -->\n<\/div>\n<p> <br \/>\n<\/p>\n<div>\n<p>A 31\u00aa edi\u00e7\u00e3o da <strong>Fenasucro &amp; Agrocana<\/strong> chegou ao fim na \u00faltima sexta-feira (15) em<strong> Sert\u00e3ozinho<\/strong>, na regi\u00e3o de <strong>Ribeir\u00e3o Preto<\/strong>. De acordo com organiza\u00e7\u00e3o, a feira superou as expectativas de p\u00fablico e de gera\u00e7\u00e3o de neg\u00f3cios, <mark style=\"background-color:#fcb900\" class=\"has-inline-color has-black-color\">projetados em mais de R$ 10,7 bilh\u00f5es<\/mark>.<\/p>\n<p>A Fenasucro foi realizada no <strong>Centro de Eventos Zanini<\/strong> e reuniu mais de 600 marcas expositoras e visitantes de mais de 60 pa\u00edses. Segundo o diretor da feira, Paulo Montabone, os resultados da edi\u00e7\u00e3o 2025 demonstram a for\u00e7a e a relev\u00e2ncia da feira para o setor de bioenergia no Brasil e no mundo.<\/p>\n<p>\u201cA Fenasucro &amp; Agrocana registrou um p\u00fablico altamente qualificado, crescimento na visita\u00e7\u00e3o e um volume expressivo de inten\u00e7\u00f5es de compra. Com esses resultados, estamos confiantes de que vamos superar os R$ 10,7 bilh\u00f5es, refor\u00e7ando a feira como o principal ponto de encontro e gera\u00e7\u00e3o de neg\u00f3cios para o setor\u201d, disse.<\/p>\n<p>Rosana Amadeu, presidente do Ceise Br, destacou que a feira trouxe uma grade de conte\u00fados extremamente rica e estrat\u00e9gica, abordando tend\u00eancias, inova\u00e7\u00e3o e sustentabilidade. \u201cEsse novo espa\u00e7o tamb\u00e9m abre caminhos para diversificar e ampliar o perfil dos expositores\u201d, disse.<\/p>\n<h2 class=\"wp-block-heading\"><strong>LIDE Agroneg\u00f3cios<\/strong><\/h2>\n<p>No encerramento da Fenasucro &amp; Agrocana 2025, o LIDE Agroneg\u00f3cios lan\u00e7ou sua unidade de Ribeir\u00e3o Preto, reunindo l\u00edderes e empres\u00e1rios para discutir bioeconomia, sustentabilidade e pol\u00edticas estrat\u00e9gicas.<\/p>\n<p>No painel \u201cA bioeconomia como motor da nova agroind\u00fastria\u201d, os especialistas destacaram o potencial estrat\u00e9gico da regi\u00e3o, refor\u00e7aram a miss\u00e3o de unir o setor e propor a\u00e7\u00f5es concretas para aumentar a produtividade, al\u00e9m de enfatizar a import\u00e2ncia dos biocombust\u00edveis para a descarboniza\u00e7\u00e3o.<\/p>\n<p>SAIBA MAIS<br \/>Veranico no interior de SP: temperaturas podem chegar a 35\u202f\u00b0C<\/p>\n<h2 class=\"wp-block-heading\"><strong>FIQUE ON<\/strong><\/h2>\n<p>Fique ligado em tudo que acontece em Ribeir\u00e3o Preto e regi\u00e3o. Siga os perfis do\u00a0<strong>acidade on\u00a0<\/strong>no<a href=\"https:\/\/www.instagram.com\/acidadeonribeirao\" target=\"_blank\" rel=\"noreferrer noopener\">\u00a0Instagram<\/a>\u00a0e no\u00a0<a href=\"https:\/\/www.facebook.com\/acidadeonribeirao\/\" target=\"_blank\" rel=\"noreferrer noopener\">Facebook<\/a>.<\/p>\n<p>Receba not\u00edcias do\u00a0<strong>acidade on<\/strong>\u00a0no WhatsApp.\u00a0<a href=\"https:\/\/chat.whatsapp.com\/I4nieTEMKlf50pJ28aMemC?mode=ac_t\" target=\"_blank\" rel=\"noreferrer noopener\">Para entrar no grupo, basta clicar aqui.<\/a><\/p>\n<p>Fa\u00e7a uma den\u00fancia ou sugira uma reportagem sobre Ribeir\u00e3o Preto e regi\u00e3o pelo WhatsApp: 16 99117 7802.<\/p>\n<p>VEJA TAMB\u00c9M<br \/>Qual a parceria entre Zeca Pagodinho e a Embrapa?<\/p>\n<p><!-- AI CONTENT END 1 -->\n<\/div>\n<p><script async src=\"\/\/www.instagram.com\/embed.js\"><\/script><br \/>\n<br \/><br \/>\n<br \/><a href=\"https:\/\/www.acidadeon.com\/ribeiraopreto\/economia\/fenasucro-termina-com-expectativa-de-superar-r-107-bi-em-negocios\/\">Source link <\/a><\/p>\n<!-- CONTENT END 1 -->\n","protected":false},"excerpt":{"rendered":"<p>A 31\u00aa edi\u00e7\u00e3o da Fenasucro &amp; Agrocana chegou ao fim na \u00faltima sexta-feira (15) em Sert\u00e3ozinho, na regi\u00e3o de Ribeir\u00e3o Preto. De acordo com organiza\u00e7\u00e3o,&#8230;<\/p>\n","protected":false},"author":1,"featured_media":75858,"comment_status":"open","ping_status":"open","sticky":false,"template":"","format":"standard","meta":{"advanced_seo_description":"","jetpack_seo_html_title":"","jetpack_seo_noindex":false,"jetpack_post_was_ever_published":false,"_jetpack_newsletter_access":"","_jetpack_dont_email_post_to_subs":false,"_jetpack_newsletter_tier_id":0,"_jetpack_memberships_contains_paywalled_content":false,"_jetpack_memberships_contains_paid_content":false,"footnotes":"","jetpack_publicize_message":"","jetpack_publicize_feature_enabled":true,"jetpack_social_post_already_shared":true,"jetpack_social_options":{"image_generator_settings":{"template":"highway","default_image_id":0,"font":"","enabled":false},"version":2}},"categories":[11],"tags":[],"class_list":["post-75857","post","type-post","status-publish","format-standard","has-post-thumbnail","hentry","category-noticias-de-ribeirao-preto-sp-e-regiao-ismael-colosi"],"jetpack_publicize_connections":[],"jetpack_featured_media_url":"https:\/\/i0.wp.com\/noticiasribeiraopreto.com.br\/wp-content\/uploads\/2025\/08\/fenasucro-1_2025-08-16_18-11-34.webp.webp?fit=1200%2C800&ssl=1","jetpack-related-posts":[{"id":74565,"url":"https:\/\/noticiasribeiraopreto.com.br\/index.php\/2025\/07\/24\/feira-deve-gerar-18-mil-empregos\/","url_meta":{"origin":75857,"position":0},"title":"Feira deve gerar 18 mil empregos","author":"noticiasribeiraopreto.com.br","date":"24 de July de 2025","format":false,"excerpt":"A 31\u00aa edi\u00e7\u00e3o da Fenasucro & Agrocana , maior feira mundial dedicada exclusivamente \u00e0 cadeia de bioenergia, ser\u00e1 realizada de 12 a 15 de agosto, em Sert\u00e3ozinho, na Regi\u00e3o Metropolitana de Ribeir\u00e3o Preto, com expectativa de superar os R$ 10,7 bilh\u00f5es em neg\u00f3cios gerados na edi\u00e7\u00e3o anterior. Com mais de\u2026","rel":"","context":"In &quot;Not\u00edcias de Ribeir\u00e3o Preto-SP e Regi\u00e3o&quot;","block_context":{"text":"Not\u00edcias de Ribeir\u00e3o Preto-SP e Regi\u00e3o","link":"https:\/\/noticiasribeiraopreto.com.br\/index.php\/category\/noticias-de-ribeirao-preto-sp-e-regiao-ismael-colosi\/"},"img":{"alt_text":"","src":"https:\/\/i0.wp.com\/noticiasribeiraopreto.com.br\/wp-content\/uploads\/2025\/07\/Fenasucro-Divulgacao.jpg?fit=1200%2C800&ssl=1&resize=350%2C200","width":350,"height":200,"srcset":"https:\/\/i0.wp.com\/noticiasribeiraopreto.com.br\/wp-content\/uploads\/2025\/07\/Fenasucro-Divulgacao.jpg?fit=1200%2C800&ssl=1&resize=350%2C200 1x, https:\/\/i0.wp.com\/noticiasribeiraopreto.com.br\/wp-content\/uploads\/2025\/07\/Fenasucro-Divulgacao.jpg?fit=1200%2C800&ssl=1&resize=525%2C300 1.5x, https:\/\/i0.wp.com\/noticiasribeiraopreto.com.br\/wp-content\/uploads\/2025\/07\/Fenasucro-Divulgacao.jpg?fit=1200%2C800&ssl=1&resize=700%2C400 2x, https:\/\/i0.wp.com\/noticiasribeiraopreto.com.br\/wp-content\/uploads\/2025\/07\/Fenasucro-Divulgacao.jpg?fit=1200%2C800&ssl=1&resize=1050%2C600 3x"},"classes":[]},{"id":56982,"url":"https:\/\/noticiasribeiraopreto.com.br\/index.php\/2024\/08\/20\/fenasucro-tem-recorde-de-publico-e-alcanca-r-107-bilhoes-em-volume-de-negocios\/","url_meta":{"origin":75857,"position":1},"title":"Fenasucro tem recorde de p\u00fablico e alcan\u00e7a R$ 10,7 bilh\u00f5es em volume de neg\u00f3cios","author":"noticiasribeiraopreto.com.br","date":"20 de August de 2024","format":false,"excerpt":"A Fenasucro & Agrocana, que aconteceu entre os dias 13 e 16 de agosto, em Sert\u00e3ozinho, cidade na regi\u00e3o de Ribeir\u00e3o Preto, confirmou o cen\u00e1rio otimista da bioenergia e seu papel como refer\u00eancia mundial na promo\u00e7\u00e3o do setor. Durante os quatro dias, o evento alcan\u00e7ou R$ 10,7 bilh\u00f5es em neg\u00f3cios\u2026","rel":"","context":"In &quot;Not\u00edcias de Ribeir\u00e3o Preto-SP e Regi\u00e3o&quot;","block_context":{"text":"Not\u00edcias de Ribeir\u00e3o Preto-SP e Regi\u00e3o","link":"https:\/\/noticiasribeiraopreto.com.br\/index.php\/category\/noticias-de-ribeirao-preto-sp-e-regiao-ismael-colosi\/"},"img":{"alt_text":"","src":"https:\/\/i0.wp.com\/noticiasribeiraopreto.com.br\/wp-content\/uploads\/2024\/08\/WhatsApp-Image-2024-08-19-at-17.59.01_2024-08-19_22-28-44_jpeg_2024-08-19_22-28-44.webp.webp?fit=1200%2C800&ssl=1&resize=350%2C200","width":350,"height":200,"srcset":"https:\/\/i0.wp.com\/noticiasribeiraopreto.com.br\/wp-content\/uploads\/2024\/08\/WhatsApp-Image-2024-08-19-at-17.59.01_2024-08-19_22-28-44_jpeg_2024-08-19_22-28-44.webp.webp?fit=1200%2C800&ssl=1&resize=350%2C200 1x, https:\/\/i0.wp.com\/noticiasribeiraopreto.com.br\/wp-content\/uploads\/2024\/08\/WhatsApp-Image-2024-08-19-at-17.59.01_2024-08-19_22-28-44_jpeg_2024-08-19_22-28-44.webp.webp?fit=1200%2C800&ssl=1&resize=525%2C300 1.5x, https:\/\/i0.wp.com\/noticiasribeiraopreto.com.br\/wp-content\/uploads\/2024\/08\/WhatsApp-Image-2024-08-19-at-17.59.01_2024-08-19_22-28-44_jpeg_2024-08-19_22-28-44.webp.webp?fit=1200%2C800&ssl=1&resize=700%2C400 2x, https:\/\/i0.wp.com\/noticiasribeiraopreto.com.br\/wp-content\/uploads\/2024\/08\/WhatsApp-Image-2024-08-19-at-17.59.01_2024-08-19_22-28-44_jpeg_2024-08-19_22-28-44.webp.webp?fit=1200%2C800&ssl=1&resize=1050%2C600 3x"},"classes":[]},{"id":75575,"url":"https:\/\/noticiasribeiraopreto.com.br\/index.php\/2025\/08\/11\/alckmin-e-tarcisio-sao-confirmados-na-abertura-da-fenasucro-agrocana\/","url_meta":{"origin":75857,"position":2},"title":"Alckmin e Tarc\u00edsio s\u00e3o confirmados na abertura da Fenasucro &#038; Agrocana","author":"noticiasribeiraopreto.com.br","date":"11 de August de 2025","format":false,"excerpt":"O vice-presidente da Rep\u00fablica, Geraldo Alckmin (PSB), e o governador de S\u00e3o Paulo, Tarc\u00edsio de Freitas (REP), foram confirmados na abertura da Fenasucro & Agrocana, que acontece nesta ter\u00e7a-feira (12), em Sert\u00e3ozinho, na regi\u00e3o de Ribeir\u00e3o Preto. A feira, que tem o foco em temas como transi\u00e7\u00e3o energ\u00e9tica, mobilidade de\u2026","rel":"","context":"In &quot;Not\u00edcias de Ribeir\u00e3o Preto-SP e Regi\u00e3o&quot;","block_context":{"text":"Not\u00edcias de Ribeir\u00e3o Preto-SP e Regi\u00e3o","link":"https:\/\/noticiasribeiraopreto.com.br\/index.php\/category\/noticias-de-ribeirao-preto-sp-e-regiao-ismael-colosi\/"},"img":{"alt_text":"","src":"https:\/\/i0.wp.com\/noticiasribeiraopreto.com.br\/wp-content\/uploads\/2025\/08\/alckmin-tarcisio_2025-08-11_19-11-57.webp.webp?fit=1200%2C674&ssl=1&resize=350%2C200","width":350,"height":200,"srcset":"https:\/\/i0.wp.com\/noticiasribeiraopreto.com.br\/wp-content\/uploads\/2025\/08\/alckmin-tarcisio_2025-08-11_19-11-57.webp.webp?fit=1200%2C674&ssl=1&resize=350%2C200 1x, https:\/\/i0.wp.com\/noticiasribeiraopreto.com.br\/wp-content\/uploads\/2025\/08\/alckmin-tarcisio_2025-08-11_19-11-57.webp.webp?fit=1200%2C674&ssl=1&resize=525%2C300 1.5x, https:\/\/i0.wp.com\/noticiasribeiraopreto.com.br\/wp-content\/uploads\/2025\/08\/alckmin-tarcisio_2025-08-11_19-11-57.webp.webp?fit=1200%2C674&ssl=1&resize=700%2C400 2x, https:\/\/i0.wp.com\/noticiasribeiraopreto.com.br\/wp-content\/uploads\/2025\/08\/alckmin-tarcisio_2025-08-11_19-11-57.webp.webp?fit=1200%2C674&ssl=1&resize=1050%2C600 3x"},"classes":[]},{"id":75612,"url":"https:\/\/noticiasribeiraopreto.com.br\/index.php\/2025\/08\/12\/comeca-fenasucro-veja-como-participar\/","url_meta":{"origin":75857,"position":3},"title":"Come\u00e7a Fenasucro &#038; Agrocana em Sert\u00e3ozinho; Veja como participar","author":"noticiasribeiraopreto.com.br","date":"12 de August de 2025","format":false,"excerpt":"Come\u00e7a nesta ter\u00e7a-feira (12) e segue at\u00e9 15 de agosto a Fenasucro & Agrocana, em Sert\u00e3ozinho, na regi\u00e3o de Ribeir\u00e3o Preto. Para participar, o credenciamento \u00e9 gratuito e pode ser feito pelo site oficial do evento (clique aqui). Tamb\u00e9m pela internet, podem ser adquiridos os ingressos para a programa\u00e7\u00e3o de\u2026","rel":"","context":"In &quot;Not\u00edcias de Ribeir\u00e3o Preto-SP e Regi\u00e3o&quot;","block_context":{"text":"Not\u00edcias de Ribeir\u00e3o Preto-SP e Regi\u00e3o","link":"https:\/\/noticiasribeiraopreto.com.br\/index.php\/category\/noticias-de-ribeirao-preto-sp-e-regiao-ismael-colosi\/"},"img":{"alt_text":"","src":"https:\/\/i0.wp.com\/noticiasribeiraopreto.com.br\/wp-content\/uploads\/2025\/08\/fenasucro-2_2025-08-12_12-43-02.webp.webp?fit=1200%2C800&ssl=1&resize=350%2C200","width":350,"height":200,"srcset":"https:\/\/i0.wp.com\/noticiasribeiraopreto.com.br\/wp-content\/uploads\/2025\/08\/fenasucro-2_2025-08-12_12-43-02.webp.webp?fit=1200%2C800&ssl=1&resize=350%2C200 1x, https:\/\/i0.wp.com\/noticiasribeiraopreto.com.br\/wp-content\/uploads\/2025\/08\/fenasucro-2_2025-08-12_12-43-02.webp.webp?fit=1200%2C800&ssl=1&resize=525%2C300 1.5x, https:\/\/i0.wp.com\/noticiasribeiraopreto.com.br\/wp-content\/uploads\/2025\/08\/fenasucro-2_2025-08-12_12-43-02.webp.webp?fit=1200%2C800&ssl=1&resize=700%2C400 2x, https:\/\/i0.wp.com\/noticiasribeiraopreto.com.br\/wp-content\/uploads\/2025\/08\/fenasucro-2_2025-08-12_12-43-02.webp.webp?fit=1200%2C800&ssl=1&resize=1050%2C600 3x"},"classes":[]},{"id":75303,"url":"https:\/\/noticiasribeiraopreto.com.br\/index.php\/2025\/08\/06\/fenasucro-agrocana-5-motivos-para-nao-perder-a-maior-feira-mundial-de-bioenergia\/","url_meta":{"origin":75857,"position":4},"title":"Fenasucro &#038; Agrocana: 5 motivos para n\u00e3o perder a maior feira mundial de bioenergia","author":"noticiasribeiraopreto.com.br","date":"6 de August de 2025","format":false,"excerpt":"Imagine um evento que re\u00fane inova\u00e7\u00e3o, neg\u00f3cios, conte\u00fado de peso e os principais nomes da cadeia de bioenergia em um s\u00f3 lugar. De 12 a 15 de agosto, Sert\u00e3ozinho se torna o centro das aten\u00e7\u00f5es do setor com a 31\u00aa edi\u00e7\u00e3o da\u00a0Fenasucro\u00a0& Agrocana \u2013 feira que movimentou mais de R$\u2026","rel":"","context":"In &quot;Not\u00edcias de Ribeir\u00e3o Preto-SP e Regi\u00e3o&quot;","block_context":{"text":"Not\u00edcias de Ribeir\u00e3o Preto-SP e Regi\u00e3o","link":"https:\/\/noticiasribeiraopreto.com.br\/index.php\/category\/noticias-de-ribeirao-preto-sp-e-regiao-ismael-colosi\/"},"img":{"alt_text":"","src":"https:\/\/i0.wp.com\/noticiasribeiraopreto.com.br\/wp-content\/uploads\/2025\/08\/Copia-de-Copia-de-Copia-de-TAMANHO-EXATO-PARA-FOTOS-NO-SISTEMA-NOVO-2025-08-06T182152.952_2025-08-06_21-22-09.webp.webp?fit=1200%2C675&ssl=1&resize=350%2C200","width":350,"height":200,"srcset":"https:\/\/i0.wp.com\/noticiasribeiraopreto.com.br\/wp-content\/uploads\/2025\/08\/Copia-de-Copia-de-Copia-de-TAMANHO-EXATO-PARA-FOTOS-NO-SISTEMA-NOVO-2025-08-06T182152.952_2025-08-06_21-22-09.webp.webp?fit=1200%2C675&ssl=1&resize=350%2C200 1x, https:\/\/i0.wp.com\/noticiasribeiraopreto.com.br\/wp-content\/uploads\/2025\/08\/Copia-de-Copia-de-Copia-de-TAMANHO-EXATO-PARA-FOTOS-NO-SISTEMA-NOVO-2025-08-06T182152.952_2025-08-06_21-22-09.webp.webp?fit=1200%2C675&ssl=1&resize=525%2C300 1.5x, https:\/\/i0.wp.com\/noticiasribeiraopreto.com.br\/wp-content\/uploads\/2025\/08\/Copia-de-Copia-de-Copia-de-TAMANHO-EXATO-PARA-FOTOS-NO-SISTEMA-NOVO-2025-08-06T182152.952_2025-08-06_21-22-09.webp.webp?fit=1200%2C675&ssl=1&resize=700%2C400 2x, https:\/\/i0.wp.com\/noticiasribeiraopreto.com.br\/wp-content\/uploads\/2025\/08\/Copia-de-Copia-de-Copia-de-TAMANHO-EXATO-PARA-FOTOS-NO-SISTEMA-NOVO-2025-08-06T182152.952_2025-08-06_21-22-09.webp.webp?fit=1200%2C675&ssl=1&resize=1050%2C600 3x"},"classes":[]},{"id":75972,"url":"https:\/\/noticiasribeiraopreto.com.br\/index.php\/2025\/08\/19\/fenasucro-confirma-r-137-bilhoes-em-negocios-na-edicao-2025\/","url_meta":{"origin":75857,"position":5},"title":"Fenasucro confirma R$ 13,7 bilh\u00f5es em neg\u00f3cios na edi\u00e7\u00e3o 2025","author":"noticiasribeiraopreto.com.br","date":"19 de August de 2025","format":false,"excerpt":"A Fenasucro & Agrocana confirmou que movimentou R$ 13,7 bilh\u00f5es em neg\u00f3cios durante a edi\u00e7\u00e3o 2025, realizada na semana passada, no Centro de Eventos Zanini, em Sert\u00e3ozinho. O montante \u00e9 28% superior a edi\u00e7\u00e3o do ano passado, segundo levantamento realizado pelo CEISE Br junto aos expositores. O diretor da feira,\u2026","rel":"","context":"In &quot;Not\u00edcias de Ribeir\u00e3o Preto-SP e Regi\u00e3o&quot;","block_context":{"text":"Not\u00edcias de Ribeir\u00e3o Preto-SP e Regi\u00e3o","link":"https:\/\/noticiasribeiraopreto.com.br\/index.php\/category\/noticias-de-ribeirao-preto-sp-e-regiao-ismael-colosi\/"},"img":{"alt_text":"","src":"https:\/\/i0.wp.com\/noticiasribeiraopreto.com.br\/wp-content\/uploads\/2025\/08\/Fenasucro2025_2025-08-19_15-53-49.webp.webp?fit=1200%2C776&ssl=1&resize=350%2C200","width":350,"height":200,"srcset":"https:\/\/i0.wp.com\/noticiasribeiraopreto.com.br\/wp-content\/uploads\/2025\/08\/Fenasucro2025_2025-08-19_15-53-49.webp.webp?fit=1200%2C776&ssl=1&resize=350%2C200 1x, https:\/\/i0.wp.com\/noticiasribeiraopreto.com.br\/wp-content\/uploads\/2025\/08\/Fenasucro2025_2025-08-19_15-53-49.webp.webp?fit=1200%2C776&ssl=1&resize=525%2C300 1.5x, https:\/\/i0.wp.com\/noticiasribeiraopreto.com.br\/wp-content\/uploads\/2025\/08\/Fenasucro2025_2025-08-19_15-53-49.webp.webp?fit=1200%2C776&ssl=1&resize=700%2C400 2x, https:\/\/i0.wp.com\/noticiasribeiraopreto.com.br\/wp-content\/uploads\/2025\/08\/Fenasucro2025_2025-08-19_15-53-49.webp.webp?fit=1200%2C776&ssl=1&resize=1050%2C600 3x"},"classes":[]}],"jetpack_sharing_enabled":true,"jetpack_shortlink":"https:\/\/wp.me\/peQAOb-jJv","_links":{"self":[{"href":"https:\/\/noticiasribeiraopreto.com.br\/index.php\/wp-json\/wp\/v2\/posts\/75857","targetHints":{"allow":["GET"]}}],"collection":[{"href":"https:\/\/noticiasribeiraopreto.com.br\/index.php\/wp-json\/wp\/v2\/posts"}],"about":[{"href":"https:\/\/noticiasribeiraopreto.com.br\/index.php\/wp-json\/wp\/v2\/types\/post"}],"author":[{"embeddable":true,"href":"https:\/\/noticiasribeiraopreto.com.br\/index.php\/wp-json\/wp\/v2\/users\/1"}],"replies":[{"embeddable":true,"href":"https:\/\/noticiasribeiraopreto.com.br\/index.php\/wp-json\/wp\/v2\/comments?post=75857"}],"version-history":[{"count":0,"href":"https:\/\/noticiasribeiraopreto.com.br\/index.php\/wp-json\/wp\/v2\/posts\/75857\/revisions"}],"wp:featuredmedia":[{"embeddable":true,"href":"https:\/\/noticiasribeiraopreto.com.br\/index.php\/wp-json\/wp\/v2\/media\/75858"}],"wp:attachment":[{"href":"https:\/\/noticiasribeiraopreto.com.br\/index.php\/wp-json\/wp\/v2\/media?parent=75857"}],"wp:term":[{"taxonomy":"category","embeddable":true,"href":"https:\/\/noticiasribeiraopreto.com.br\/index.php\/wp-json\/wp\/v2\/categories?post=75857"},{"taxonomy":"post_tag","embeddable":true,"href":"https:\/\/noticiasribeiraopreto.com.br\/index.php\/wp-json\/wp\/v2\/tags?post=75857"}],"curies":[{"name":"wp","href":"https:\/\/api.w.org\/{rel}","templated":true}]}}