{"id":75861,"date":"2025-08-16T17:51:17","date_gmt":"2025-08-16T20:51:17","guid":{"rendered":"https:\/\/noticiasribeiraopreto.com.br\/index.php\/2025\/08\/16\/comercial-perde-para-uniao-sao-joao-mas-avanca-na-copa-paulista\/"},"modified":"2025-08-16T17:51:17","modified_gmt":"2025-08-16T20:51:17","slug":"comercial-perde-para-uniao-sao-joao-mas-avanca-na-copa-paulista","status":"publish","type":"post","link":"https:\/\/noticiasribeiraopreto.com.br\/index.php\/2025\/08\/16\/comercial-perde-para-uniao-sao-joao-mas-avanca-na-copa-paulista\/","title":{"rendered":"Comercial perde para Uni\u00e3o S\u00e3o Jo\u00e3o, mas avan\u00e7a na Copa Paulista"},"content":{"rendered":"<div class='code-block code-block-1' style='margin: 8px 0 8px auto; text-align: right; display: block; clear: both;'>\n<p><a href=\"https:\/\/wa.link\/vpicfd\"><img data-recalc-dims=\"1\" class=\"wp-image-4922\" style=\"aspect-ratio: 2.0253164556962027; width: 561px; height: auto;\" src=\"https:\/\/i0.wp.com\/ismaelcolosi.com.br\/wp-content\/uploads\/2023\/11\/grupo-de-empregos-whatsapp-e-facebook-ismael-colosi-vagas.jpg?ssl=1\" alt=\"\" \/><\/a><\/p>\n<!-- \/wp:image -->\n<\/div>\n<p> <br \/>\n<\/p>\n<div id=\"\">\n<h2 class=\"penci-post-subtitle\">Bafo j\u00e1 estava classificado de forma antecipada e precisava de empate para garantir lideran\u00e7a da chave<\/h2>\n<p>\n\t\t\t\t\t\t\t\t\t<span class=\"entry-meta-item penci-posted-on\"><i class=\"fa fa-clock-o\"\/><time class=\"entry-date published\" datetime=\"2025-08-16T17:48:38-03:00\">16 de agosto de 2025 17:48<\/time><time class=\"updated\" datetime=\"2025-08-16T17:49:16-03:00\">16 de agosto de 2025 17:49<\/time><\/span><span class=\"entry-meta-item penci-post-countview\"><span class=\"entry-meta-item penci-post-countview penci_post-meta_item\"><i class=\"fa fa-eye\"\/><span class=\"penci-post-countview-number penci-post-countview-p435486\">6<\/span><\/span><\/span>\t\t\t\t\t\t\t\t<\/p>\n<p><!-- .entry-meta --><br \/>\n\t\t\t\t\t\t\t\t<span class=\"penci-social-buttons penci-social-share-footer\"><span class=\"penci-social-share-text\">Compartilhar<\/span><a href=\"#\" class=\"penci-post-like penci_post-meta_item  single-like-button penci-social-item like\" data-post_id=\"435486\" title=\"Like\" data-like=\"Like\" data-unlike=\"Unlike\"><i class=\"fa fa-thumbs-o-up\"\/><span class=\"penci-share-number\">1<\/span><\/a><i class=\"fa fa-facebook\"\/><a class=\"penci-social-item twitter\" target=\"_blank\" rel=\"noopener\" title=\"\" href=\"https:\/\/twitter.com\/intent\/tweet?text=Comercial%20perde%20para%20Uni\u00e3o%20S\u00e3o%20Jo\u00e3o,%20mas%20avan\u00e7a%20na%20Copa%20Paulista%20-%20https:\/\/www.tribunaribeirao.com.br\/comercial-perde-para-uniao-sao-joao-mas-avanca-na-copa-paulista\/\"><i class=\"fa fa-twitter\"\/><\/a><i class=\"fa fa-linkedin\"\/><i class=\"fa fa-whatsapp\"\/><i class=\"fa fa-telegram\"\/><i class=\"fa fa-envelope\"\/><\/span>\t\t\t\t\t\t\t<\/div>\n<div>\n<p><em><strong>Por Hugo Luque<\/strong><\/em><\/p>\n<p>O Comercial foi derrotado pelo Uni\u00e3o S\u00e3o Jo\u00e3o por 1 a 0 neste s\u00e1bado (16), no Est\u00e1dio Doutor Herm\u00ednio Ometto, pela d\u00e9cima e \u00faltima rodada do Grupo 2 da Copa Paulista. J\u00e1 classificadas, as equipes entraram em campo em busca da lideran\u00e7a da chave, e o Verd\u00e3o foi quem saiu por cima.<\/p>\n<p>Apesar da primeira coloca\u00e7\u00e3o em jogo, o t\u00e9cnico Roberval Davino decidiu preservar alguns dos principais jogadores do elenco mais uma vez para o mata-mata. Do 11 inicial rotineiro, apenas Sergipe, Felipe Rodrigues e Frank apareceram na escala\u00e7\u00e3o.<\/p>\n<p>O resultado foi mais um trope\u00e7o diante do Uni\u00e3o, ainda que com oportunidades para igualar. O trope\u00e7o veio com \u201clei do ex\u201d de Rafael Tanque, que converteu p\u00eanalti aos 26 minutos do primeiro tempo.<\/p>\n<p>A partir de ent\u00e3o, os reservas do Comercial tiveram de correr atr\u00e1s do preju\u00edzo e criaram oportunidades. Alguns titulares entraram em campo no decorrer do confronto e a principal chance foi desperdi\u00e7adas por um deles, o meia Carlos Baj\u00e9, que bateu mal a penalidade assinalada para o Bafo aos 35 minutos do segundo tempo.<\/p>\n<p>Com o rev\u00e9s, o Le\u00e3o caiu para a segunda posi\u00e7\u00e3o do Grupo 2, com 17 pontos, e o Uni\u00e3o S\u00e3o Jo\u00e3o ficou com a ponta, com 19. Nas oitavas de final, o Comercial vai voltar a enfrentar a Inter de Limeira, com ida fora de casa e volta no Palma Travassos.<\/p>\n<p>A Federa\u00e7\u00e3o Paulista de Futebol (FPF) define as datas e hor\u00e1rios dos confrontos nesta segunda-feira. Na fase de grupos, os times fizeram dois embates e empataram ambos por 2 a 2. A Inter passou de fase na terceira coloca\u00e7\u00e3o, com 14 pontos.<\/p>\n<\/div>\n<p><script async src=\"\/\/platform.twitter.com\/widgets.js\" charset=\"utf-8\"><\/script><br \/>\n<br \/><br \/>\n<br \/><a href=\"https:\/\/www.tribunaribeirao.com.br\/comercial-perde-para-uniao-sao-joao-mas-avanca-na-copa-paulista\/\">Source link <\/a><\/p>\n<!-- CONTENT END 1 -->\n","protected":false},"excerpt":{"rendered":"<p>Bafo j\u00e1 estava classificado de forma antecipada e precisava de empate para garantir lideran\u00e7a da chave 16 de agosto de 2025 17:4816 de agosto de&#8230;<\/p>\n","protected":false},"author":1,"featured_media":75862,"comment_status":"open","ping_status":"open","sticky":false,"template":"","format":"standard","meta":{"advanced_seo_description":"","jetpack_seo_html_title":"","jetpack_seo_noindex":false,"jetpack_post_was_ever_published":false,"_jetpack_newsletter_access":"","_jetpack_dont_email_post_to_subs":false,"_jetpack_newsletter_tier_id":0,"_jetpack_memberships_contains_paywalled_content":false,"_jetpack_memberships_contains_paid_content":false,"footnotes":"","jetpack_publicize_message":"","jetpack_publicize_feature_enabled":true,"jetpack_social_post_already_shared":true,"jetpack_social_options":{"image_generator_settings":{"template":"highway","default_image_id":0,"font":"","enabled":false},"version":2}},"categories":[11],"tags":[],"class_list":["post-75861","post","type-post","status-publish","format-standard","has-post-thumbnail","hentry","category-noticias-de-ribeirao-preto-sp-e-regiao-ismael-colosi"],"jetpack_publicize_connections":[],"jetpack_featured_media_url":"https:\/\/i0.wp.com\/noticiasribeiraopreto.com.br\/wp-content\/uploads\/2025\/08\/Uniao-Sao-Joao-x-Comercial-Carol-Custanari-scaled.jpg?fit=1027%2C780&ssl=1","jetpack-related-posts":[{"id":55616,"url":"https:\/\/noticiasribeiraopreto.com.br\/index.php\/2024\/08\/03\/atencao-beneficiarios-bolsa-familia-divulga-calendario-do-mes-de-agosto-para-os-nis-1-2-3-4-5-6-7-8-9-e-0-confira-as-datas-de-pagamento-2\/","url_meta":{"origin":75861,"position":0},"title":"Aten\u00e7\u00e3o benefici\u00e1rios! Bolsa fam\u00edlia divulga calend\u00e1rio do m\u00eas de Agosto para os NIS 1, 2, 3, 4, 5, 6, 7, 8, 9 e 0; Confira as datas de pagamento","author":"noticiasribeiraopreto.com.br","date":"3 de August de 2024","format":false,"excerpt":"O Bolsa Fam\u00edlia, programa de transfer\u00eancia de renda do governo federal brasileiro, continua sendo uma ferramenta importante para milh\u00f5es de fam\u00edlias em situa\u00e7\u00e3o de vulnerabilidade econ\u00f4mica. Para fornecer assist\u00eancia financeira mensal, o programa prev\u00ea pagamentos de acordo com um calend\u00e1rio espec\u00edfico, que inclui benef\u00edcios adicionais em determinadas ocasi\u00f5es. Para receber\u2026","rel":"","context":"In &quot;Dinheiro e Investimento&quot;","block_context":{"text":"Dinheiro e Investimento","link":"https:\/\/noticiasribeiraopreto.com.br\/index.php\/category\/dinheiro-e-investimento-como-fazer-como-ganhar\/"},"img":{"alt_text":"","src":"https:\/\/i0.wp.com\/noticiasribeiraopreto.com.br\/wp-content\/uploads\/2024\/07\/reuniao-semanal-equipe-borcelle.webp.webp?fit=1200%2C630&ssl=1&resize=350%2C200","width":350,"height":200,"srcset":"https:\/\/i0.wp.com\/noticiasribeiraopreto.com.br\/wp-content\/uploads\/2024\/07\/reuniao-semanal-equipe-borcelle.webp.webp?fit=1200%2C630&ssl=1&resize=350%2C200 1x, https:\/\/i0.wp.com\/noticiasribeiraopreto.com.br\/wp-content\/uploads\/2024\/07\/reuniao-semanal-equipe-borcelle.webp.webp?fit=1200%2C630&ssl=1&resize=525%2C300 1.5x, https:\/\/i0.wp.com\/noticiasribeiraopreto.com.br\/wp-content\/uploads\/2024\/07\/reuniao-semanal-equipe-borcelle.webp.webp?fit=1200%2C630&ssl=1&resize=700%2C400 2x, https:\/\/i0.wp.com\/noticiasribeiraopreto.com.br\/wp-content\/uploads\/2024\/07\/reuniao-semanal-equipe-borcelle.webp.webp?fit=1200%2C630&ssl=1&resize=1050%2C600 3x"},"classes":[]},{"id":74204,"url":"https:\/\/noticiasribeiraopreto.com.br\/index.php\/2025\/07\/17\/aneel-aprova-bonus-na-conta-de-luz-de-agosto\/","url_meta":{"origin":75861,"position":1},"title":"Aneel aprova b\u00f4nus na conta de luz de agosto","author":"noticiasribeiraopreto.com.br","date":"17 de July de 2025","format":false,"excerpt":"17 de julho de 2025 17:3017 de julho de 2025 12:087 Compartilhar0 A Ag\u00eancia Nacional de Energia El\u00e9trica (Aneel) aprovou, na ter\u00e7a-feira, 15 de julho, a destina\u00e7\u00e3o de R$ 883 milh\u00f5es para um b\u00f4nus na conta de luz que ser\u00e1 concedido em agosto. O valor \u00e9 proveniente da comercializa\u00e7\u00e3o da\u2026","rel":"","context":"In &quot;Not\u00edcias de Ribeir\u00e3o Preto-SP e Regi\u00e3o&quot;","block_context":{"text":"Not\u00edcias de Ribeir\u00e3o Preto-SP e Regi\u00e3o","link":"https:\/\/noticiasribeiraopreto.com.br\/index.php\/category\/noticias-de-ribeirao-preto-sp-e-regiao-ismael-colosi\/"},"img":{"alt_text":"","src":"https:\/\/i0.wp.com\/noticiasribeiraopreto.com.br\/wp-content\/uploads\/2025\/07\/ContaLuz-Alexandre-Marchetti-Itaipu-Binacional.jpg?fit=1200%2C625&ssl=1&resize=350%2C200","width":350,"height":200,"srcset":"https:\/\/i0.wp.com\/noticiasribeiraopreto.com.br\/wp-content\/uploads\/2025\/07\/ContaLuz-Alexandre-Marchetti-Itaipu-Binacional.jpg?fit=1200%2C625&ssl=1&resize=350%2C200 1x, https:\/\/i0.wp.com\/noticiasribeiraopreto.com.br\/wp-content\/uploads\/2025\/07\/ContaLuz-Alexandre-Marchetti-Itaipu-Binacional.jpg?fit=1200%2C625&ssl=1&resize=525%2C300 1.5x, https:\/\/i0.wp.com\/noticiasribeiraopreto.com.br\/wp-content\/uploads\/2025\/07\/ContaLuz-Alexandre-Marchetti-Itaipu-Binacional.jpg?fit=1200%2C625&ssl=1&resize=700%2C400 2x, https:\/\/i0.wp.com\/noticiasribeiraopreto.com.br\/wp-content\/uploads\/2025\/07\/ContaLuz-Alexandre-Marchetti-Itaipu-Binacional.jpg?fit=1200%2C625&ssl=1&resize=1050%2C600 3x"},"classes":[]},{"id":55276,"url":"https:\/\/noticiasribeiraopreto.com.br\/index.php\/2024\/07\/31\/atencao-beneficiarios-bolsa-familia-divulga-calendario-do-mes-de-agosto-para-os-nis-1-2-3-4-5-6-7-8-9-e-0-confira-as-datas-de-pagamento\/","url_meta":{"origin":75861,"position":2},"title":"Aten\u00e7\u00e3o benefici\u00e1rios! Bolsa fam\u00edlia divulga calend\u00e1rio do m\u00eas de Agosto para os NIS 1, 2, 3, 4, 5, 6, 7, 8, 9 e 0; Confira as datas de pagamento","author":"noticiasribeiraopreto.com.br","date":"31 de July de 2024","format":false,"excerpt":"O Bolsa Fam\u00edlia, programa de transfer\u00eancia de renda do governo federal brasileiro, continua sendo uma ferramenta importante para milh\u00f5es de fam\u00edlias em situa\u00e7\u00e3o de vulnerabilidade econ\u00f4mica. Para fornecer assist\u00eancia financeira mensal, o programa prev\u00ea pagamentos de acordo com um calend\u00e1rio espec\u00edfico, que inclui benef\u00edcios adicionais em determinadas ocasi\u00f5es. Para receber\u2026","rel":"","context":"In &quot;Dinheiro e Investimento&quot;","block_context":{"text":"Dinheiro e Investimento","link":"https:\/\/noticiasribeiraopreto.com.br\/index.php\/category\/dinheiro-e-investimento-como-fazer-como-ganhar\/"},"img":{"alt_text":"","src":"https:\/\/i0.wp.com\/noticiasribeiraopreto.com.br\/wp-content\/uploads\/2024\/07\/reuniao-semanal-equipe-borcelle.webp.webp?fit=1200%2C630&ssl=1&resize=350%2C200","width":350,"height":200,"srcset":"https:\/\/i0.wp.com\/noticiasribeiraopreto.com.br\/wp-content\/uploads\/2024\/07\/reuniao-semanal-equipe-borcelle.webp.webp?fit=1200%2C630&ssl=1&resize=350%2C200 1x, https:\/\/i0.wp.com\/noticiasribeiraopreto.com.br\/wp-content\/uploads\/2024\/07\/reuniao-semanal-equipe-borcelle.webp.webp?fit=1200%2C630&ssl=1&resize=525%2C300 1.5x, https:\/\/i0.wp.com\/noticiasribeiraopreto.com.br\/wp-content\/uploads\/2024\/07\/reuniao-semanal-equipe-borcelle.webp.webp?fit=1200%2C630&ssl=1&resize=700%2C400 2x, https:\/\/i0.wp.com\/noticiasribeiraopreto.com.br\/wp-content\/uploads\/2024\/07\/reuniao-semanal-equipe-borcelle.webp.webp?fit=1200%2C630&ssl=1&resize=1050%2C600 3x"},"classes":[]},{"id":55170,"url":"https:\/\/noticiasribeiraopreto.com.br\/index.php\/2024\/07\/30\/beneficiarios-podem-comemorar-bolsa-familia-anuncia-excelente-noticia-para-inscritos-no-programa-veja-novidades\/","url_meta":{"origin":75861,"position":3},"title":"Benefici\u00e1rios podem comemorar! Bolsa Fam\u00edlia anuncia excelente not\u00edcia para inscritos no Programa; Veja novidades","author":"noticiasribeiraopreto.com.br","date":"30 de July de 2024","format":false,"excerpt":"O Bolsa Fam\u00edlia continua sendo um dos principais programas sociais do Governo Federal, tendo como principais objetivos garantir o acesso a servi\u00e7os b\u00e1sicos como sa\u00fade e alimenta\u00e7\u00e3o, promover a melhoria da qualidade de vida das fam\u00edlias e contribuir para a inclus\u00e3o social. Mesmo recentemente, os benefici\u00e1rios ficaram sem acreditar na\u2026","rel":"","context":"In &quot;Dinheiro e Investimento&quot;","block_context":{"text":"Dinheiro e Investimento","link":"https:\/\/noticiasribeiraopreto.com.br\/index.php\/category\/dinheiro-e-investimento-como-fazer-como-ganhar\/"},"img":{"alt_text":"","src":"https:\/\/i0.wp.com\/noticiasribeiraopreto.com.br\/wp-content\/uploads\/2024\/07\/emprestimo-4.webp.webp?fit=1200%2C630&ssl=1&resize=350%2C200","width":350,"height":200,"srcset":"https:\/\/i0.wp.com\/noticiasribeiraopreto.com.br\/wp-content\/uploads\/2024\/07\/emprestimo-4.webp.webp?fit=1200%2C630&ssl=1&resize=350%2C200 1x, https:\/\/i0.wp.com\/noticiasribeiraopreto.com.br\/wp-content\/uploads\/2024\/07\/emprestimo-4.webp.webp?fit=1200%2C630&ssl=1&resize=525%2C300 1.5x, https:\/\/i0.wp.com\/noticiasribeiraopreto.com.br\/wp-content\/uploads\/2024\/07\/emprestimo-4.webp.webp?fit=1200%2C630&ssl=1&resize=700%2C400 2x, https:\/\/i0.wp.com\/noticiasribeiraopreto.com.br\/wp-content\/uploads\/2024\/07\/emprestimo-4.webp.webp?fit=1200%2C630&ssl=1&resize=1050%2C600 3x"},"classes":[]},{"id":55618,"url":"https:\/\/noticiasribeiraopreto.com.br\/index.php\/2024\/08\/03\/beneficiarios-podem-comemorar-bolsa-familia-anuncia-excelente-noticia-para-inscritos-no-programa-veja-novidades-2\/","url_meta":{"origin":75861,"position":4},"title":"Benefici\u00e1rios podem comemorar! Bolsa Fam\u00edlia anuncia excelente not\u00edcia para inscritos no Programa; Veja novidades","author":"noticiasribeiraopreto.com.br","date":"3 de August de 2024","format":false,"excerpt":"O Bolsa Fam\u00edlia continua sendo um dos principais programas sociais do Governo Federal, tendo como principais objetivos garantir o acesso a servi\u00e7os b\u00e1sicos como sa\u00fade e alimenta\u00e7\u00e3o, promover a melhoria da qualidade de vida das fam\u00edlias e contribuir para a inclus\u00e3o social. Mesmo recentemente, os benefici\u00e1rios ficaram sem acreditar na\u2026","rel":"","context":"In &quot;Dinheiro e Investimento&quot;","block_context":{"text":"Dinheiro e Investimento","link":"https:\/\/noticiasribeiraopreto.com.br\/index.php\/category\/dinheiro-e-investimento-como-fazer-como-ganhar\/"},"img":{"alt_text":"","src":"https:\/\/i0.wp.com\/noticiasribeiraopreto.com.br\/wp-content\/uploads\/2024\/07\/emprestimo-4.webp.webp?fit=1200%2C630&ssl=1&resize=350%2C200","width":350,"height":200,"srcset":"https:\/\/i0.wp.com\/noticiasribeiraopreto.com.br\/wp-content\/uploads\/2024\/07\/emprestimo-4.webp.webp?fit=1200%2C630&ssl=1&resize=350%2C200 1x, https:\/\/i0.wp.com\/noticiasribeiraopreto.com.br\/wp-content\/uploads\/2024\/07\/emprestimo-4.webp.webp?fit=1200%2C630&ssl=1&resize=525%2C300 1.5x, https:\/\/i0.wp.com\/noticiasribeiraopreto.com.br\/wp-content\/uploads\/2024\/07\/emprestimo-4.webp.webp?fit=1200%2C630&ssl=1&resize=700%2C400 2x, https:\/\/i0.wp.com\/noticiasribeiraopreto.com.br\/wp-content\/uploads\/2024\/07\/emprestimo-4.webp.webp?fit=1200%2C630&ssl=1&resize=1050%2C600 3x"},"classes":[]},{"id":55753,"url":"https:\/\/noticiasribeiraopreto.com.br\/index.php\/2024\/08\/06\/vai-chover-confira-a-previsao-do-tempo-para-os-proximos-cinco-dias-em-ribeirao-preto\/","url_meta":{"origin":75861,"position":5},"title":"Vai chover? Confira a previs\u00e3o do tempo para os pr\u00f3ximos cinco dias em Ribeir\u00e3o Preto","author":"noticiasribeiraopreto.com.br","date":"6 de August de 2024","format":false,"excerpt":"At\u00e9 sexta-feira (9), o calor deve continuar em Ribeir\u00e3o Preto, assim como o clima seco. Contudo, a partir do final de semana as temperaturas devem cair e existe a possibilidade de chuva para Ribeir\u00e3o Preto, de acordo com a Climatempo. Veja a previs\u00e3o Ter\u00e7a-feira, 6\u00a0 de agostoM\u00e1xima: 33\u00b0CM\u00ednima: 17\u00b0CSol com\u2026","rel":"","context":"In &quot;Not\u00edcias de Ribeir\u00e3o Preto-SP e Regi\u00e3o&quot;","block_context":{"text":"Not\u00edcias de Ribeir\u00e3o Preto-SP e Regi\u00e3o","link":"https:\/\/noticiasribeiraopreto.com.br\/index.php\/category\/noticias-de-ribeirao-preto-sp-e-regiao-ismael-colosi\/"},"img":{"alt_text":"","src":"https:\/\/i0.wp.com\/noticiasribeiraopreto.com.br\/wp-content\/uploads\/2024\/03\/AnyConv.com__tempo-ribeirao-preto-2.webp.webp?fit=1200%2C675&ssl=1&resize=350%2C200","width":350,"height":200,"srcset":"https:\/\/i0.wp.com\/noticiasribeiraopreto.com.br\/wp-content\/uploads\/2024\/03\/AnyConv.com__tempo-ribeirao-preto-2.webp.webp?fit=1200%2C675&ssl=1&resize=350%2C200 1x, https:\/\/i0.wp.com\/noticiasribeiraopreto.com.br\/wp-content\/uploads\/2024\/03\/AnyConv.com__tempo-ribeirao-preto-2.webp.webp?fit=1200%2C675&ssl=1&resize=525%2C300 1.5x, https:\/\/i0.wp.com\/noticiasribeiraopreto.com.br\/wp-content\/uploads\/2024\/03\/AnyConv.com__tempo-ribeirao-preto-2.webp.webp?fit=1200%2C675&ssl=1&resize=700%2C400 2x, https:\/\/i0.wp.com\/noticiasribeiraopreto.com.br\/wp-content\/uploads\/2024\/03\/AnyConv.com__tempo-ribeirao-preto-2.webp.webp?fit=1200%2C675&ssl=1&resize=1050%2C600 3x"},"classes":[]}],"jetpack_sharing_enabled":true,"jetpack_shortlink":"https:\/\/wp.me\/peQAOb-jJz","_links":{"self":[{"href":"https:\/\/noticiasribeiraopreto.com.br\/index.php\/wp-json\/wp\/v2\/posts\/75861","targetHints":{"allow":["GET"]}}],"collection":[{"href":"https:\/\/noticiasribeiraopreto.com.br\/index.php\/wp-json\/wp\/v2\/posts"}],"about":[{"href":"https:\/\/noticiasribeiraopreto.com.br\/index.php\/wp-json\/wp\/v2\/types\/post"}],"author":[{"embeddable":true,"href":"https:\/\/noticiasribeiraopreto.com.br\/index.php\/wp-json\/wp\/v2\/users\/1"}],"replies":[{"embeddable":true,"href":"https:\/\/noticiasribeiraopreto.com.br\/index.php\/wp-json\/wp\/v2\/comments?post=75861"}],"version-history":[{"count":0,"href":"https:\/\/noticiasribeiraopreto.com.br\/index.php\/wp-json\/wp\/v2\/posts\/75861\/revisions"}],"wp:featuredmedia":[{"embeddable":true,"href":"https:\/\/noticiasribeiraopreto.com.br\/index.php\/wp-json\/wp\/v2\/media\/75862"}],"wp:attachment":[{"href":"https:\/\/noticiasribeiraopreto.com.br\/index.php\/wp-json\/wp\/v2\/media?parent=75861"}],"wp:term":[{"taxonomy":"category","embeddable":true,"href":"https:\/\/noticiasribeiraopreto.com.br\/index.php\/wp-json\/wp\/v2\/categories?post=75861"},{"taxonomy":"post_tag","embeddable":true,"href":"https:\/\/noticiasribeiraopreto.com.br\/index.php\/wp-json\/wp\/v2\/tags?post=75861"}],"curies":[{"name":"wp","href":"https:\/\/api.w.org\/{rel}","templated":true}]}}