{"id":75867,"date":"2025-08-16T19:55:52","date_gmt":"2025-08-16T22:55:52","guid":{"rendered":"https:\/\/noticiasribeiraopreto.com.br\/index.php\/2025\/08\/16\/botafogo-empata-com-o-remo-fora-de-casa-pela-serie-b-do-brasileiro\/"},"modified":"2025-08-16T19:55:52","modified_gmt":"2025-08-16T22:55:52","slug":"botafogo-empata-com-o-remo-fora-de-casa-pela-serie-b-do-brasileiro","status":"publish","type":"post","link":"https:\/\/noticiasribeiraopreto.com.br\/index.php\/2025\/08\/16\/botafogo-empata-com-o-remo-fora-de-casa-pela-serie-b-do-brasileiro\/","title":{"rendered":"Botafogo empata com o Remo fora de casa pela S\u00e9rie B do Brasileiro"},"content":{"rendered":"<div class='code-block code-block-1' style='margin: 8px 0 8px auto; text-align: right; display: block; clear: both;'>\n<p><a href=\"https:\/\/wa.link\/vpicfd\"><img data-recalc-dims=\"1\" class=\"wp-image-4922\" style=\"aspect-ratio: 2.0253164556962027; width: 561px; height: auto;\" src=\"https:\/\/i0.wp.com\/ismaelcolosi.com.br\/wp-content\/uploads\/2023\/11\/grupo-de-empregos-whatsapp-e-facebook-ismael-colosi-vagas.jpg?ssl=1\" alt=\"\" \/><\/a><\/p>\n<!-- \/wp:image -->\n<\/div>\n<p> <br \/>\n<\/p>\n<div data-td-block-uid=\"tdi_95\">\n<div class=\"tdb-block-inner td-fix-index\">\n<p>O<strong> Botafogo<\/strong> empatou por 1 a 1 com o <strong>Remo<\/strong> na tarde deste s\u00e1bado (16), em jogo v\u00e1lido pela 22\u00aa rodada do <strong>Campeonato Brasileiro da S\u00e9rie B<\/strong>. A partida foi realizada no <strong>est\u00e1dio do Mangueir\u00e3o<\/strong>, em <strong>Bel\u00e9m<\/strong>, no<strong> Par\u00e1<\/strong>.<\/p>\n<h2 class=\"wp-block-heading\"><strong>Gols<\/strong><\/h2>\n<p>O Remo abriu o placar aos 27 minutos do primeiro tempo com Caio Vin\u00edcius. J\u00e1 o empate do Botafogo veio aos 5 minutos do segundo tempo, com Jefferson Nem.<\/p>\n<h2 class=\"wp-block-heading\"><strong>Classifica\u00e7\u00e3o<\/strong><\/h2>\n<p>Com o resultado, o Botafogo segue na 18\u00aa coloca\u00e7\u00e3o, na zona de rebaixamento, com 22 pontos. J\u00e1 o Remo \u00e9 o 5\u00ba na S\u00e9rie B, com 34 pontos. O l\u00edder \u00e9 o Coritiba com 42 pontos na disputa.<\/p>\n<h2 class=\"wp-block-heading\"><strong>Botafogo eliminado na Copa Paulista<\/strong><\/h2>\n<p>O Botafogo precisava vencer para conquistar a classifica\u00e7\u00e3o para pr\u00f3xima fase. No entanto, o Pantera perdeu por 1 a 0 para Francana jogando no <strong>est\u00e1dio Santa Cruz\/Arena Nicnet<\/strong>, em <strong>Ribeir\u00e3o Preto<\/strong>.<\/p>\n<p>O gol foi marcado por Baianinho, aos 39 minutos do primeiro tempo. Com a vit\u00f3ria, o time de Franca avan\u00e7ou de fase.<\/p>\n<p>SAIBA MAIS<br \/>Veranico no interior de SP: temperaturas podem chegar a 35\u202f\u00b0C<\/p>\n<h2 class=\"wp-block-heading\"><strong>FIQUE ON<\/strong><\/h2>\n<p>Fique ligado em tudo que acontece em Ribeir\u00e3o Preto e regi\u00e3o. Siga os perfis do\u00a0<strong>acidade on\u00a0<\/strong>no<a href=\"https:\/\/www.instagram.com\/acidadeonribeirao\" target=\"_blank\" rel=\"noreferrer noopener\">\u00a0Instagram<\/a>\u00a0e no\u00a0<a href=\"https:\/\/www.facebook.com\/acidadeonribeirao\/\" target=\"_blank\" rel=\"noreferrer noopener\">Facebook<\/a>.<\/p>\n<p>Receba not\u00edcias do\u00a0<strong>acidade on<\/strong>\u00a0no WhatsApp.\u00a0<a href=\"https:\/\/chat.whatsapp.com\/I4nieTEMKlf50pJ28aMemC?mode=ac_t\" target=\"_blank\" rel=\"noreferrer noopener\">Para entrar no grupo, basta clicar aqui.<\/a><\/p>\n<p>Fa\u00e7a uma den\u00fancia ou sugira uma reportagem sobre Ribeir\u00e3o Preto e regi\u00e3o pelo WhatsApp: 16 99117 7802.<\/p>\n<p>VEJA TAMB\u00c9M<br \/>Qual a parceria entre Zeca Pagodinho e a Embrapa?<\/p>\n<p><!-- AI CONTENT END 1 -->\n<\/div>\n<\/div>\n<p><script async src=\"\/\/www.instagram.com\/embed.js\"><\/script><br \/>\n<br \/><br \/>\n<br \/><a href=\"https:\/\/www.acidadeon.com\/ribeiraopreto\/esportes\/botafogo-empata-com-o-remo-fora-de-casa-pela-serie-b-do-brasileiro\/\">Source link <\/a><\/p>\n<!-- CONTENT END 1 -->\n","protected":false},"excerpt":{"rendered":"<p>O Botafogo empatou por 1 a 1 com o Remo na tarde deste s\u00e1bado (16), em jogo v\u00e1lido pela 22\u00aa rodada do Campeonato Brasileiro da&#8230;<\/p>\n","protected":false},"author":1,"featured_media":75868,"comment_status":"open","ping_status":"open","sticky":false,"template":"","format":"standard","meta":{"advanced_seo_description":"","jetpack_seo_html_title":"","jetpack_seo_noindex":false,"jetpack_post_was_ever_published":false,"_jetpack_newsletter_access":"","_jetpack_dont_email_post_to_subs":false,"_jetpack_newsletter_tier_id":0,"_jetpack_memberships_contains_paywalled_content":false,"_jetpack_memberships_contains_paid_content":false,"footnotes":"","jetpack_publicize_message":"","jetpack_publicize_feature_enabled":true,"jetpack_social_post_already_shared":true,"jetpack_social_options":{"image_generator_settings":{"template":"highway","default_image_id":0,"font":"","enabled":false},"version":2}},"categories":[11],"tags":[],"class_list":["post-75867","post","type-post","status-publish","format-standard","has-post-thumbnail","hentry","category-noticias-de-ribeirao-preto-sp-e-regiao-ismael-colosi"],"jetpack_publicize_connections":[],"jetpack_featured_media_url":"https:\/\/i0.wp.com\/noticiasribeiraopreto.com.br\/wp-content\/uploads\/2025\/08\/botafogo-remo_2025-08-16_20-41-42.webp.webp?fit=1200%2C900&ssl=1","jetpack-related-posts":[{"id":67748,"url":"https:\/\/noticiasribeiraopreto.com.br\/index.php\/2025\/04\/17\/com-1-a-menos-botafogo-empata-com-remo-e-segue-sem-vencer-na-serie-b\/","url_meta":{"origin":75867,"position":0},"title":"Com 1 a menos, Botafogo empata com Remo e segue sem vencer na S\u00e9rie B","author":"noticiasribeiraopreto.com.br","date":"17 de April de 2025","format":false,"excerpt":"Na noite desta quinta-feira (17), Botafogo e Remo empataram em 2 a 2 no est\u00e1dio Santa Cruz, em Ribeir\u00e3o Preto, pela 3\u00aa rodada da S\u00e9rie B do Campeonato Brasileiro. Jefferson Nem abriu o placar para o Botafogo aos 10 minutos do primeiro tempo. Aos 44 minutos, o zagueiro Rafael Milhorim\u2026","rel":"","context":"In &quot;Not\u00edcias de Ribeir\u00e3o Preto-SP e Regi\u00e3o&quot;","block_context":{"text":"Not\u00edcias de Ribeir\u00e3o Preto-SP e Regi\u00e3o","link":"https:\/\/noticiasribeiraopreto.com.br\/index.php\/category\/noticias-de-ribeirao-preto-sp-e-regiao-ismael-colosi\/"},"img":{"alt_text":"","src":"https:\/\/i0.wp.com\/noticiasribeiraopreto.com.br\/wp-content\/uploads\/2025\/04\/Imagem-do-WhatsApp-de-2025-04-17-as-20.59.17_8e5ce98e_2025-04-18_00-56-36.webp.webp?fit=1200%2C800&ssl=1&resize=350%2C200","width":350,"height":200,"srcset":"https:\/\/i0.wp.com\/noticiasribeiraopreto.com.br\/wp-content\/uploads\/2025\/04\/Imagem-do-WhatsApp-de-2025-04-17-as-20.59.17_8e5ce98e_2025-04-18_00-56-36.webp.webp?fit=1200%2C800&ssl=1&resize=350%2C200 1x, https:\/\/i0.wp.com\/noticiasribeiraopreto.com.br\/wp-content\/uploads\/2025\/04\/Imagem-do-WhatsApp-de-2025-04-17-as-20.59.17_8e5ce98e_2025-04-18_00-56-36.webp.webp?fit=1200%2C800&ssl=1&resize=525%2C300 1.5x, https:\/\/i0.wp.com\/noticiasribeiraopreto.com.br\/wp-content\/uploads\/2025\/04\/Imagem-do-WhatsApp-de-2025-04-17-as-20.59.17_8e5ce98e_2025-04-18_00-56-36.webp.webp?fit=1200%2C800&ssl=1&resize=700%2C400 2x, https:\/\/i0.wp.com\/noticiasribeiraopreto.com.br\/wp-content\/uploads\/2025\/04\/Imagem-do-WhatsApp-de-2025-04-17-as-20.59.17_8e5ce98e_2025-04-18_00-56-36.webp.webp?fit=1200%2C800&ssl=1&resize=1050%2C600 3x"},"classes":[]},{"id":75863,"url":"https:\/\/noticiasribeiraopreto.com.br\/index.php\/2025\/08\/16\/botafogo-empata-com-remo-na-serie-b\/","url_meta":{"origin":75867,"position":1},"title":"Botafogo empata com Remo na S\u00e9rie B","author":"noticiasribeiraopreto.com.br","date":"16 de August de 2025","format":false,"excerpt":"Fora de casa, Pantera sai atr\u00e1s, mas busca importante ponto 16 de agosto de 2025 18:1816 de agosto de 2025 18:194 Compartilhar1 Por Hugo Luque Ao mesmo tempo em que era eliminado da Copa Paulista com sua equipe alternativa em Ribeir\u00e3o Preto, o Botafogo buscou o empate em 1 a\u2026","rel":"","context":"In &quot;Not\u00edcias de Ribeir\u00e3o Preto-SP e Regi\u00e3o&quot;","block_context":{"text":"Not\u00edcias de Ribeir\u00e3o Preto-SP e Regi\u00e3o","link":"https:\/\/noticiasribeiraopreto.com.br\/index.php\/category\/noticias-de-ribeirao-preto-sp-e-regiao-ismael-colosi\/"},"img":{"alt_text":"","src":"https:\/\/i0.wp.com\/noticiasribeiraopreto.com.br\/wp-content\/uploads\/2025\/08\/Remo-x-Botafogo-Talita-Gouvea_Divulgacao_Agencia-Botafogo-scaled.jpg?fit=976%2C780&ssl=1&resize=350%2C200","width":350,"height":200,"srcset":"https:\/\/i0.wp.com\/noticiasribeiraopreto.com.br\/wp-content\/uploads\/2025\/08\/Remo-x-Botafogo-Talita-Gouvea_Divulgacao_Agencia-Botafogo-scaled.jpg?fit=976%2C780&ssl=1&resize=350%2C200 1x, https:\/\/i0.wp.com\/noticiasribeiraopreto.com.br\/wp-content\/uploads\/2025\/08\/Remo-x-Botafogo-Talita-Gouvea_Divulgacao_Agencia-Botafogo-scaled.jpg?fit=976%2C780&ssl=1&resize=525%2C300 1.5x, https:\/\/i0.wp.com\/noticiasribeiraopreto.com.br\/wp-content\/uploads\/2025\/08\/Remo-x-Botafogo-Talita-Gouvea_Divulgacao_Agencia-Botafogo-scaled.jpg?fit=976%2C780&ssl=1&resize=700%2C400 2x"},"classes":[]},{"id":67408,"url":"https:\/\/noticiasribeiraopreto.com.br\/index.php\/2025\/04\/13\/botafogo-deixa-vitoria-escapar-no-fim-e-empata-com-o-atletico-go-na-serie-b\/","url_meta":{"origin":75867,"position":2},"title":"Botafogo deixa vit\u00f3ria escapar no fim e empata com o Atl\u00e9tico-GO na S\u00e9rie B","author":"noticiasribeiraopreto.com.br","date":"13 de April de 2025","format":false,"excerpt":"O Botafogo empatou em 1 a 1 com o Atl\u00e9tico-GO na noite deste domingo (13), pelo Campeonato Brasileiro da S\u00e9rie B 2025. A partida foi v\u00e1lida pela 2\u00aa rodada da competi\u00e7\u00e3o e aconteceu no est\u00e1dio Santa Cruz, em Ribeir\u00e3o Preto. O gol O Botafogo abriu o placar logo aos 10\u2026","rel":"","context":"In &quot;Not\u00edcias de Ribeir\u00e3o Preto-SP e Regi\u00e3o&quot;","block_context":{"text":"Not\u00edcias de Ribeir\u00e3o Preto-SP e Regi\u00e3o","link":"https:\/\/noticiasribeiraopreto.com.br\/index.php\/category\/noticias-de-ribeirao-preto-sp-e-regiao-ismael-colosi\/"},"img":{"alt_text":"","src":"https:\/\/i0.wp.com\/noticiasribeiraopreto.com.br\/wp-content\/uploads\/2025\/04\/botafogo-x-atletico-go_2025-04-13_23-31-00_jpeg_2025-04-13_23-31-01.webp.webp?fit=1200%2C800&ssl=1&resize=350%2C200","width":350,"height":200,"srcset":"https:\/\/i0.wp.com\/noticiasribeiraopreto.com.br\/wp-content\/uploads\/2025\/04\/botafogo-x-atletico-go_2025-04-13_23-31-00_jpeg_2025-04-13_23-31-01.webp.webp?fit=1200%2C800&ssl=1&resize=350%2C200 1x, https:\/\/i0.wp.com\/noticiasribeiraopreto.com.br\/wp-content\/uploads\/2025\/04\/botafogo-x-atletico-go_2025-04-13_23-31-00_jpeg_2025-04-13_23-31-01.webp.webp?fit=1200%2C800&ssl=1&resize=525%2C300 1.5x, https:\/\/i0.wp.com\/noticiasribeiraopreto.com.br\/wp-content\/uploads\/2025\/04\/botafogo-x-atletico-go_2025-04-13_23-31-00_jpeg_2025-04-13_23-31-01.webp.webp?fit=1200%2C800&ssl=1&resize=700%2C400 2x, https:\/\/i0.wp.com\/noticiasribeiraopreto.com.br\/wp-content\/uploads\/2025\/04\/botafogo-x-atletico-go_2025-04-13_23-31-00_jpeg_2025-04-13_23-31-01.webp.webp?fit=1200%2C800&ssl=1&resize=1050%2C600 3x"},"classes":[]},{"id":72206,"url":"https:\/\/noticiasribeiraopreto.com.br\/index.php\/2025\/06\/14\/botafogo-perde-para-o-paysandu-com-gol-no-final-pela-serie-b-do-brasileiro\/","url_meta":{"origin":75867,"position":3},"title":"Botafogo perde para o Paysandu\u00a0com gol no final pela S\u00e9rie B do Brasileiro","author":"noticiasribeiraopreto.com.br","date":"14 de June de 2025","format":false,"excerpt":"O Botafogo perdeu para o Paysandu na noite desta sexta-feira (13), com gol marcado aos 45 minutos do segundo tempo, na Curuzu, em Bel\u00e9m, pela 12\u00aa rodada da S\u00e9rie B do Campeonato Brasileiro. O \u00fanico gol da partida foi anotado pelo volante Leandro Vilela. Com o resultado, o Pantera permanece\u2026","rel":"","context":"In &quot;Not\u00edcias de Ribeir\u00e3o Preto-SP e Regi\u00e3o&quot;","block_context":{"text":"Not\u00edcias de Ribeir\u00e3o Preto-SP e Regi\u00e3o","link":"https:\/\/noticiasribeiraopreto.com.br\/index.php\/category\/noticias-de-ribeirao-preto-sp-e-regiao-ismael-colosi\/"},"img":{"alt_text":"","src":"https:\/\/i0.wp.com\/noticiasribeiraopreto.com.br\/wp-content\/uploads\/2025\/06\/54587929423_c04c312ee9_k_2025-06-14_12-36-31.webp.webp?fit=1200%2C800&ssl=1&resize=350%2C200","width":350,"height":200,"srcset":"https:\/\/i0.wp.com\/noticiasribeiraopreto.com.br\/wp-content\/uploads\/2025\/06\/54587929423_c04c312ee9_k_2025-06-14_12-36-31.webp.webp?fit=1200%2C800&ssl=1&resize=350%2C200 1x, https:\/\/i0.wp.com\/noticiasribeiraopreto.com.br\/wp-content\/uploads\/2025\/06\/54587929423_c04c312ee9_k_2025-06-14_12-36-31.webp.webp?fit=1200%2C800&ssl=1&resize=525%2C300 1.5x, https:\/\/i0.wp.com\/noticiasribeiraopreto.com.br\/wp-content\/uploads\/2025\/06\/54587929423_c04c312ee9_k_2025-06-14_12-36-31.webp.webp?fit=1200%2C800&ssl=1&resize=700%2C400 2x, https:\/\/i0.wp.com\/noticiasribeiraopreto.com.br\/wp-content\/uploads\/2025\/06\/54587929423_c04c312ee9_k_2025-06-14_12-36-31.webp.webp?fit=1200%2C800&ssl=1&resize=1050%2C600 3x"},"classes":[]},{"id":73374,"url":"https:\/\/noticiasribeiraopreto.com.br\/index.php\/2025\/07\/01\/botafogo-vence-o-cuiaba-e-sai-do-z4-na-serie-b-do-campeonato-brasileiro\/","url_meta":{"origin":75867,"position":4},"title":"Botafogo vence o Cuiab\u00e1 e sai do Z4 na S\u00e9rie B do Campeonato Brasileiro","author":"noticiasribeiraopreto.com.br","date":"1 de July de 2025","format":false,"excerpt":"O Botafogo venceu o Cuiab\u00e1 por 1 a 0 nesta segunda-feira (30), na Arena Pantanal, em Cuiab\u00e1 (MT), e deixou a zona de rebaixamento na S\u00e9rie B do Campeonato Brasileiro. O gol foi marcado por Carrillo aos 27 minutos do segundo tempo. Um pouco antes, aos 14 minutos, Victor Souza\u2026","rel":"","context":"In &quot;Not\u00edcias de Ribeir\u00e3o Preto-SP e Regi\u00e3o&quot;","block_context":{"text":"Not\u00edcias de Ribeir\u00e3o Preto-SP e Regi\u00e3o","link":"https:\/\/noticiasribeiraopreto.com.br\/index.php\/category\/noticias-de-ribeirao-preto-sp-e-regiao-ismael-colosi\/"},"img":{"alt_text":"","src":"https:\/\/i0.wp.com\/noticiasribeiraopreto.com.br\/wp-content\/uploads\/2025\/07\/WhatsApp-Image-2025-06-30-at-22.32.36_2025-07-01_09-44-24.webp.webp?fit=1200%2C800&ssl=1&resize=350%2C200","width":350,"height":200,"srcset":"https:\/\/i0.wp.com\/noticiasribeiraopreto.com.br\/wp-content\/uploads\/2025\/07\/WhatsApp-Image-2025-06-30-at-22.32.36_2025-07-01_09-44-24.webp.webp?fit=1200%2C800&ssl=1&resize=350%2C200 1x, https:\/\/i0.wp.com\/noticiasribeiraopreto.com.br\/wp-content\/uploads\/2025\/07\/WhatsApp-Image-2025-06-30-at-22.32.36_2025-07-01_09-44-24.webp.webp?fit=1200%2C800&ssl=1&resize=525%2C300 1.5x, https:\/\/i0.wp.com\/noticiasribeiraopreto.com.br\/wp-content\/uploads\/2025\/07\/WhatsApp-Image-2025-06-30-at-22.32.36_2025-07-01_09-44-24.webp.webp?fit=1200%2C800&ssl=1&resize=700%2C400 2x, https:\/\/i0.wp.com\/noticiasribeiraopreto.com.br\/wp-content\/uploads\/2025\/07\/WhatsApp-Image-2025-06-30-at-22.32.36_2025-07-01_09-44-24.webp.webp?fit=1200%2C800&ssl=1&resize=1050%2C600 3x"},"classes":[]},{"id":85000,"url":"https:\/\/noticiasribeiraopreto.com.br\/index.php\/2026\/04\/19\/botafogo-fica-no-empate-em-confronto-com-o-atletico-go-pela-serie-b-2026\/","url_meta":{"origin":75867,"position":5},"title":"Botafogo fica no empate em confronto com o Atl\u00e9tico-GO pela S\u00e9rie B 2026","author":"noticiasribeiraopreto.com.br","date":"19 de April de 2026","format":false,"excerpt":"Ler o resumo da not\u00edcia Botafogo e Atl\u00e9tico\u2011GO empataram em 1 a 1 na 5\u00aa rodada da S\u00e9rie B 2026, no Est\u00e1dio Santa Cruz\/Arena Nicnet, em Ribeir\u00e3o Preto. Everton Morelli abriu o placar aos 4\u202fmin do 1\u00ba tempo; Gustavo Coutinho empatou aos 23\u202fmin com p\u00eanalti. O Botafogo soma 7 pontos\u2026","rel":"","context":"In &quot;Not\u00edcias de Ribeir\u00e3o Preto-SP e Regi\u00e3o&quot;","block_context":{"text":"Not\u00edcias de Ribeir\u00e3o Preto-SP e Regi\u00e3o","link":"https:\/\/noticiasribeiraopreto.com.br\/index.php\/category\/noticias-de-ribeirao-preto-sp-e-regiao-ismael-colosi\/"},"img":{"alt_text":"","src":"https:\/\/i0.wp.com\/noticiasribeiraopreto.com.br\/wp-content\/uploads\/2026\/04\/Botafogo-atletico-go-1_2026-04-19_20-45-54.webp.webp?fit=1200%2C800&ssl=1&resize=350%2C200","width":350,"height":200,"srcset":"https:\/\/i0.wp.com\/noticiasribeiraopreto.com.br\/wp-content\/uploads\/2026\/04\/Botafogo-atletico-go-1_2026-04-19_20-45-54.webp.webp?fit=1200%2C800&ssl=1&resize=350%2C200 1x, https:\/\/i0.wp.com\/noticiasribeiraopreto.com.br\/wp-content\/uploads\/2026\/04\/Botafogo-atletico-go-1_2026-04-19_20-45-54.webp.webp?fit=1200%2C800&ssl=1&resize=525%2C300 1.5x, https:\/\/i0.wp.com\/noticiasribeiraopreto.com.br\/wp-content\/uploads\/2026\/04\/Botafogo-atletico-go-1_2026-04-19_20-45-54.webp.webp?fit=1200%2C800&ssl=1&resize=700%2C400 2x, https:\/\/i0.wp.com\/noticiasribeiraopreto.com.br\/wp-content\/uploads\/2026\/04\/Botafogo-atletico-go-1_2026-04-19_20-45-54.webp.webp?fit=1200%2C800&ssl=1&resize=1050%2C600 3x"},"classes":[]}],"jetpack_sharing_enabled":true,"jetpack_shortlink":"https:\/\/wp.me\/peQAOb-jJF","_links":{"self":[{"href":"https:\/\/noticiasribeiraopreto.com.br\/index.php\/wp-json\/wp\/v2\/posts\/75867","targetHints":{"allow":["GET"]}}],"collection":[{"href":"https:\/\/noticiasribeiraopreto.com.br\/index.php\/wp-json\/wp\/v2\/posts"}],"about":[{"href":"https:\/\/noticiasribeiraopreto.com.br\/index.php\/wp-json\/wp\/v2\/types\/post"}],"author":[{"embeddable":true,"href":"https:\/\/noticiasribeiraopreto.com.br\/index.php\/wp-json\/wp\/v2\/users\/1"}],"replies":[{"embeddable":true,"href":"https:\/\/noticiasribeiraopreto.com.br\/index.php\/wp-json\/wp\/v2\/comments?post=75867"}],"version-history":[{"count":0,"href":"https:\/\/noticiasribeiraopreto.com.br\/index.php\/wp-json\/wp\/v2\/posts\/75867\/revisions"}],"wp:featuredmedia":[{"embeddable":true,"href":"https:\/\/noticiasribeiraopreto.com.br\/index.php\/wp-json\/wp\/v2\/media\/75868"}],"wp:attachment":[{"href":"https:\/\/noticiasribeiraopreto.com.br\/index.php\/wp-json\/wp\/v2\/media?parent=75867"}],"wp:term":[{"taxonomy":"category","embeddable":true,"href":"https:\/\/noticiasribeiraopreto.com.br\/index.php\/wp-json\/wp\/v2\/categories?post=75867"},{"taxonomy":"post_tag","embeddable":true,"href":"https:\/\/noticiasribeiraopreto.com.br\/index.php\/wp-json\/wp\/v2\/tags?post=75867"}],"curies":[{"name":"wp","href":"https:\/\/api.w.org\/{rel}","templated":true}]}}