{"id":75869,"date":"2025-08-16T20:06:55","date_gmt":"2025-08-16T23:06:55","guid":{"rendered":"https:\/\/noticiasribeiraopreto.com.br\/index.php\/2025\/08\/16\/comercial-perde-em-araras-e-conhece-adversario-nas-oitavas-da-copa-paulista\/"},"modified":"2025-08-16T20:06:55","modified_gmt":"2025-08-16T23:06:55","slug":"comercial-perde-em-araras-e-conhece-adversario-nas-oitavas-da-copa-paulista","status":"publish","type":"post","link":"https:\/\/noticiasribeiraopreto.com.br\/index.php\/2025\/08\/16\/comercial-perde-em-araras-e-conhece-adversario-nas-oitavas-da-copa-paulista\/","title":{"rendered":"Comercial perde em Araras e conhece advers\u00e1rio nas oitavas da Copa Paulista"},"content":{"rendered":"<div class='code-block code-block-1' style='margin: 8px 0 8px auto; text-align: right; display: block; clear: both;'>\n<p><a href=\"https:\/\/wa.link\/vpicfd\"><img data-recalc-dims=\"1\" class=\"wp-image-4922\" style=\"aspect-ratio: 2.0253164556962027; width: 561px; height: auto;\" src=\"https:\/\/i0.wp.com\/ismaelcolosi.com.br\/wp-content\/uploads\/2023\/11\/grupo-de-empregos-whatsapp-e-facebook-ismael-colosi-vagas.jpg?ssl=1\" alt=\"\" \/><\/a><\/p>\n<!-- \/wp:image -->\n<\/div>\n<p> <br \/>\n<\/p>\n<div data-td-block-uid=\"tdi_95\">\n<div class=\"tdb-block-inner td-fix-index\">\n<p>O <strong>Comercial <\/strong>perdeu por 1 a 0 para o <strong>Uni\u00e3o S\u00e3o Jo\u00e3o<\/strong> na tarde deste s\u00e1bado (16), pela \u00faltima rodada da primeira fase da <strong>Copa Paulista 2025<\/strong>. A partida foi realizada no <strong>est\u00e1dio Doutor Herm\u00ednio Ometto<\/strong>, em<strong> Araras<\/strong>.<\/p>\n<h2 class=\"wp-block-heading\"><strong>O gol<\/strong><\/h2>\n<p>O Uni\u00e3o S\u00e3o Jo\u00e3o abriu o placar aos 26\u00a0 minutos do 1\u00ba tempo com Rafael Tanque, de p\u00eanalti.<\/p>\n<h2 class=\"wp-block-heading\"><strong>Classifica\u00e7\u00e3o<\/strong><\/h2>\n<p>Com o resultado, o Comercial avan\u00e7ou para as oitavas de final com 17 pontos, na segunda coloca\u00e7\u00e3o do grupo B. Na pr\u00f3xima fase, <mark style=\"background-color:#fcb900\" class=\"has-inline-color has-black-color\">o Le\u00e3o do Norte enfrenta a Inter de Limeira.<\/mark><\/p>\n<h2 class=\"wp-block-heading\"><strong>Botafogo eliminado<\/strong><\/h2>\n<p>O Botafogo precisava vencer para conquistar a classifica\u00e7\u00e3o para pr\u00f3xima fase. No entanto, o Pantera perdeu por 1 a 0 para Francana jogando no est\u00e1dio Santa Cruz\/Arena Nicnet, em Ribeir\u00e3o Preto.<\/p>\n<p>O gol foi marcado por Baianinho, aos 39 minutos do primeiro tempo. Com a vit\u00f3ria, o time de Franca avan\u00e7ou de fase.<\/p>\n<p>O curioso \u00e9 que a partida aconteceu em paralelo com o confronto do time principal do Botafogo, contra o Remo, pela S\u00e9rie B.<\/p>\n<p>SAIBA MAIS<br \/>Veranico no interior de SP: temperaturas podem chegar a 35\u202f\u00b0C<\/p>\n<h2 class=\"wp-block-heading\"><strong>FIQUE ON<\/strong><\/h2>\n<p>Fique ligado em tudo que acontece em Ribeir\u00e3o Preto e regi\u00e3o. Siga os perfis do\u00a0<strong>acidade on\u00a0<\/strong>no<a href=\"https:\/\/www.instagram.com\/acidadeonribeirao\" target=\"_blank\" rel=\"noreferrer noopener\">\u00a0Instagram<\/a>\u00a0e no\u00a0<a href=\"https:\/\/www.facebook.com\/acidadeonribeirao\/\" target=\"_blank\" rel=\"noreferrer noopener\">Facebook<\/a>.<\/p>\n<p>Receba not\u00edcias do\u00a0<strong>acidade on<\/strong>\u00a0no WhatsApp.\u00a0<a href=\"https:\/\/chat.whatsapp.com\/I4nieTEMKlf50pJ28aMemC?mode=ac_t\" target=\"_blank\" rel=\"noreferrer noopener\">Para entrar no grupo, basta clicar aqui.<\/a><\/p>\n<p>Fa\u00e7a uma den\u00fancia ou sugira uma reportagem sobre Ribeir\u00e3o Preto e regi\u00e3o pelo WhatsApp: 16 99117 7802.<\/p>\n<p>VEJA TAMB\u00c9M<br \/>Qual a parceria entre Zeca Pagodinho e a Embrapa?<\/p>\n<p><!-- AI CONTENT END 1 -->\n<\/div>\n<\/div>\n<p><script async src=\"\/\/www.instagram.com\/embed.js\"><\/script><br \/>\n<br \/><br \/>\n<br \/><a href=\"https:\/\/www.acidadeon.com\/ribeiraopreto\/esportes\/comercial-perde-em-araras-conhece-adversario-nas-oitavas-da-copa-paulista\/\">Source link <\/a><\/p>\n<!-- CONTENT END 1 -->\n","protected":false},"excerpt":{"rendered":"<p>O Comercial perdeu por 1 a 0 para o Uni\u00e3o S\u00e3o Jo\u00e3o na tarde deste s\u00e1bado (16), pela \u00faltima rodada da primeira fase da Copa&#8230;<\/p>\n","protected":false},"author":1,"featured_media":75870,"comment_status":"open","ping_status":"open","sticky":false,"template":"","format":"standard","meta":{"advanced_seo_description":"","jetpack_seo_html_title":"","jetpack_seo_noindex":false,"jetpack_post_was_ever_published":false,"_jetpack_newsletter_access":"","_jetpack_dont_email_post_to_subs":false,"_jetpack_newsletter_tier_id":0,"_jetpack_memberships_contains_paywalled_content":false,"_jetpack_memberships_contains_paid_content":false,"footnotes":"","jetpack_publicize_message":"","jetpack_publicize_feature_enabled":true,"jetpack_social_post_already_shared":true,"jetpack_social_options":{"image_generator_settings":{"template":"highway","default_image_id":0,"font":"","enabled":false},"version":2}},"categories":[11],"tags":[],"class_list":["post-75869","post","type-post","status-publish","format-standard","has-post-thumbnail","hentry","category-noticias-de-ribeirao-preto-sp-e-regiao-ismael-colosi"],"jetpack_publicize_connections":[],"jetpack_featured_media_url":"https:\/\/i0.wp.com\/noticiasribeiraopreto.com.br\/wp-content\/uploads\/2025\/08\/comercial-copa-paulista_2025-08-16_20-14-25.webp.webp?fit=1200%2C933&ssl=1","jetpack-related-posts":[{"id":74976,"url":"https:\/\/noticiasribeiraopreto.com.br\/index.php\/2025\/07\/31\/sem-entrar-em-campo-comercial-avanca-na-copa-paulista\/","url_meta":{"origin":75869,"position":0},"title":"Sem entrar em campo, Comercial avan\u00e7a na Copa Paulista","author":"noticiasribeiraopreto.com.br","date":"31 de July de 2025","format":false,"excerpt":"O Comercial est\u00e1 garantido nas oitavas de final da Copa Paulista sem precisar entrar em campo. A classifica\u00e7\u00e3o antecipada veio ap\u00f3s o empate entre Uni\u00e3o S\u00e3o Jo\u00e3o e Botafogo, na noite de quarta-feira (30). Com isso, o Le\u00e3o do Norte assegurou vaga na pr\u00f3xima fase com tr\u00eas rodadas de anteced\u00eancia.\u2026","rel":"","context":"In &quot;Not\u00edcias de Ribeir\u00e3o Preto-SP e Regi\u00e3o&quot;","block_context":{"text":"Not\u00edcias de Ribeir\u00e3o Preto-SP e Regi\u00e3o","link":"https:\/\/noticiasribeiraopreto.com.br\/index.php\/category\/noticias-de-ribeirao-preto-sp-e-regiao-ismael-colosi\/"},"img":{"alt_text":"","src":"https:\/\/i0.wp.com\/noticiasribeiraopreto.com.br\/wp-content\/uploads\/2025\/07\/comerfogo31_2025-07-03_00-04-13.webp.webp?fit=1200%2C828&ssl=1&resize=350%2C200","width":350,"height":200,"srcset":"https:\/\/i0.wp.com\/noticiasribeiraopreto.com.br\/wp-content\/uploads\/2025\/07\/comerfogo31_2025-07-03_00-04-13.webp.webp?fit=1200%2C828&ssl=1&resize=350%2C200 1x, https:\/\/i0.wp.com\/noticiasribeiraopreto.com.br\/wp-content\/uploads\/2025\/07\/comerfogo31_2025-07-03_00-04-13.webp.webp?fit=1200%2C828&ssl=1&resize=525%2C300 1.5x, https:\/\/i0.wp.com\/noticiasribeiraopreto.com.br\/wp-content\/uploads\/2025\/07\/comerfogo31_2025-07-03_00-04-13.webp.webp?fit=1200%2C828&ssl=1&resize=700%2C400 2x, https:\/\/i0.wp.com\/noticiasribeiraopreto.com.br\/wp-content\/uploads\/2025\/07\/comerfogo31_2025-07-03_00-04-13.webp.webp?fit=1200%2C828&ssl=1&resize=1050%2C600 3x"},"classes":[]},{"id":74906,"url":"https:\/\/noticiasribeiraopreto.com.br\/index.php\/2025\/07\/31\/botafogo-empata-com-uniao-sao-joao-pela-copa-paulista-e-segue-na-vice-lanterna\/","url_meta":{"origin":75869,"position":1},"title":"Botafogo empata com Uni\u00e3o S\u00e3o Jo\u00e3o pela Copa Paulista e segue na vice-lanterna","author":"noticiasribeiraopreto.com.br","date":"31 de July de 2025","format":false,"excerpt":"O Botafogo ficou no empate por 2 a 2 com o Uni\u00e3o S\u00e3o Jo\u00e3o, em partida v\u00e1lida pela 7\u00aa rodada da Copa Paulista. O confronto foi disputado no Est\u00e1dio Doutor Herm\u00ednio Ometto, em Araras, nesta quarta-feira (30). Com o resultado, o Pantera permanece na vice-lanterna do Grupo 2, com 6\u2026","rel":"","context":"In &quot;Not\u00edcias de Ribeir\u00e3o Preto-SP e Regi\u00e3o&quot;","block_context":{"text":"Not\u00edcias de Ribeir\u00e3o Preto-SP e Regi\u00e3o","link":"https:\/\/noticiasribeiraopreto.com.br\/index.php\/category\/noticias-de-ribeirao-preto-sp-e-regiao-ismael-colosi\/"},"img":{"alt_text":"","src":"https:\/\/i0.wp.com\/noticiasribeiraopreto.com.br\/wp-content\/uploads\/2025\/07\/Copia-de-Copia-de-Copia-de-TAMANHO-EXATO-PARA-FOTOS-NO-SISTEMA-NOVO-2025-07-30T210530.333_2025-07-31_00-05-44.webp.webp?fit=1200%2C675&ssl=1&resize=350%2C200","width":350,"height":200,"srcset":"https:\/\/i0.wp.com\/noticiasribeiraopreto.com.br\/wp-content\/uploads\/2025\/07\/Copia-de-Copia-de-Copia-de-TAMANHO-EXATO-PARA-FOTOS-NO-SISTEMA-NOVO-2025-07-30T210530.333_2025-07-31_00-05-44.webp.webp?fit=1200%2C675&ssl=1&resize=350%2C200 1x, https:\/\/i0.wp.com\/noticiasribeiraopreto.com.br\/wp-content\/uploads\/2025\/07\/Copia-de-Copia-de-Copia-de-TAMANHO-EXATO-PARA-FOTOS-NO-SISTEMA-NOVO-2025-07-30T210530.333_2025-07-31_00-05-44.webp.webp?fit=1200%2C675&ssl=1&resize=525%2C300 1.5x, https:\/\/i0.wp.com\/noticiasribeiraopreto.com.br\/wp-content\/uploads\/2025\/07\/Copia-de-Copia-de-Copia-de-TAMANHO-EXATO-PARA-FOTOS-NO-SISTEMA-NOVO-2025-07-30T210530.333_2025-07-31_00-05-44.webp.webp?fit=1200%2C675&ssl=1&resize=700%2C400 2x, https:\/\/i0.wp.com\/noticiasribeiraopreto.com.br\/wp-content\/uploads\/2025\/07\/Copia-de-Copia-de-Copia-de-TAMANHO-EXATO-PARA-FOTOS-NO-SISTEMA-NOVO-2025-07-30T210530.333_2025-07-31_00-05-44.webp.webp?fit=1200%2C675&ssl=1&resize=1050%2C600 3x"},"classes":[]},{"id":73130,"url":"https:\/\/noticiasribeiraopreto.com.br\/index.php\/2025\/06\/25\/botafogo-empata-com-uniao-sao-joao-pela-copa-paulista\/","url_meta":{"origin":75869,"position":2},"title":"Botafogo empata com Uni\u00e3o S\u00e3o Jo\u00e3o pela Copa Paulista","author":"noticiasribeiraopreto.com.br","date":"25 de June de 2025","format":false,"excerpt":"Pantera sai na frente, mas cede igualdade no final e continua na lanterna 25 de junho de 2025 17:330 Compartilhar0 Por Hugo Luque O Botafogo empatou em 1 a 1 com o Uni\u00e3o S\u00e3o Jo\u00e3o nesta quarta-feira (25), no Est\u00e1dio Palma Travassos, pela segunda rodada da Copa Paulista. O Tricolor\u2026","rel":"","context":"In &quot;Not\u00edcias de Ribeir\u00e3o Preto-SP e Regi\u00e3o&quot;","block_context":{"text":"Not\u00edcias de Ribeir\u00e3o Preto-SP e Regi\u00e3o","link":"https:\/\/noticiasribeiraopreto.com.br\/index.php\/category\/noticias-de-ribeirao-preto-sp-e-regiao-ismael-colosi\/"},"img":{"alt_text":"","src":"https:\/\/i0.wp.com\/noticiasribeiraopreto.com.br\/wp-content\/uploads\/2025\/06\/1-Botafogo-x-Uniao-Sao-Joao-Raul-Ramos-scaled.jpg?fit=800%2C533&ssl=1&resize=350%2C200","width":350,"height":200,"srcset":"https:\/\/i0.wp.com\/noticiasribeiraopreto.com.br\/wp-content\/uploads\/2025\/06\/1-Botafogo-x-Uniao-Sao-Joao-Raul-Ramos-scaled.jpg?fit=800%2C533&ssl=1&resize=350%2C200 1x, https:\/\/i0.wp.com\/noticiasribeiraopreto.com.br\/wp-content\/uploads\/2025\/06\/1-Botafogo-x-Uniao-Sao-Joao-Raul-Ramos-scaled.jpg?fit=800%2C533&ssl=1&resize=525%2C300 1.5x, https:\/\/i0.wp.com\/noticiasribeiraopreto.com.br\/wp-content\/uploads\/2025\/06\/1-Botafogo-x-Uniao-Sao-Joao-Raul-Ramos-scaled.jpg?fit=800%2C533&ssl=1&resize=700%2C400 2x"},"classes":[]},{"id":75837,"url":"https:\/\/noticiasribeiraopreto.com.br\/index.php\/2025\/08\/16\/comercial-defende-lideranca-contra-uniao-sao-joao-2\/","url_meta":{"origin":75869,"position":3},"title":"Comercial defende lideran\u00e7a contra Uni\u00e3o S\u00e3o Jo\u00e3o\u00a0","author":"noticiasribeiraopreto.com.br","date":"16 de August de 2025","format":false,"excerpt":"16 de agosto de 2025 11:3016 de agosto de 2025 11:108 Compartilhar0 Com equipe alternativa, o j\u00e1 classificado Bafo encerra a fase de grupos\u00a0 \u00a0Por Hugo Luque\u00a0 Garantido com anteced\u00eancia nas oitavas de final da Copa Paulista, o Comercial encerra a primeira fase do torneio neste s\u00e1bado (16), \u00e0s 15h,\u2026","rel":"","context":"In &quot;Not\u00edcias de Ribeir\u00e3o Preto-SP e Regi\u00e3o&quot;","block_context":{"text":"Not\u00edcias de Ribeir\u00e3o Preto-SP e Regi\u00e3o","link":"https:\/\/noticiasribeiraopreto.com.br\/index.php\/category\/noticias-de-ribeirao-preto-sp-e-regiao-ismael-colosi\/"},"img":{"alt_text":"","src":"https:\/\/i0.wp.com\/noticiasribeiraopreto.com.br\/wp-content\/uploads\/2025\/08\/bafo_-scaled.jpg?fit=1170%2C780&ssl=1&resize=350%2C200","width":350,"height":200,"srcset":"https:\/\/i0.wp.com\/noticiasribeiraopreto.com.br\/wp-content\/uploads\/2025\/08\/bafo_-scaled.jpg?fit=1170%2C780&ssl=1&resize=350%2C200 1x, https:\/\/i0.wp.com\/noticiasribeiraopreto.com.br\/wp-content\/uploads\/2025\/08\/bafo_-scaled.jpg?fit=1170%2C780&ssl=1&resize=525%2C300 1.5x, https:\/\/i0.wp.com\/noticiasribeiraopreto.com.br\/wp-content\/uploads\/2025\/08\/bafo_-scaled.jpg?fit=1170%2C780&ssl=1&resize=700%2C400 2x, https:\/\/i0.wp.com\/noticiasribeiraopreto.com.br\/wp-content\/uploads\/2025\/08\/bafo_-scaled.jpg?fit=1170%2C780&ssl=1&resize=1050%2C600 3x"},"classes":[]},{"id":73942,"url":"https:\/\/noticiasribeiraopreto.com.br\/index.php\/2025\/07\/12\/comercial-tropeca-diante-do-uniao-sao-joao-e-sofre-primeira-derrota-na-copa-paulista\/","url_meta":{"origin":75869,"position":4},"title":"Comercial trope\u00e7a diante do Uni\u00e3o S\u00e3o Jo\u00e3o e sofre primeira derrota na Copa Paulista","author":"noticiasribeiraopreto.com.br","date":"12 de July de 2025","format":false,"excerpt":"O Comercial foi derrotado por 1 a 0 pelo Uni\u00e3o S\u00e3o Jo\u00e3o neste s\u00e1bado (12), pela quinta rodada do Grupo 2 da Copa Paulista, e perdeu a invencibilidade na competi\u00e7\u00e3o. O atacante Jonatan Da Ora, camisa 99, marcou o \u00fanico gol da partida aos 21 minutos do primeiro tempo, garantindo\u2026","rel":"","context":"In &quot;Not\u00edcias de Ribeir\u00e3o Preto-SP e Regi\u00e3o&quot;","block_context":{"text":"Not\u00edcias de Ribeir\u00e3o Preto-SP e Regi\u00e3o","link":"https:\/\/noticiasribeiraopreto.com.br\/index.php\/category\/noticias-de-ribeirao-preto-sp-e-regiao-ismael-colosi\/"},"img":{"alt_text":"","src":"https:\/\/i0.wp.com\/noticiasribeiraopreto.com.br\/wp-content\/uploads\/2025\/07\/Imagem-do-WhatsApp-de-2025-07-12-as-16.19.13_ec8c143b_2025-07-12_19-49-33.webp.webp?fit=1200%2C800&ssl=1&resize=350%2C200","width":350,"height":200,"srcset":"https:\/\/i0.wp.com\/noticiasribeiraopreto.com.br\/wp-content\/uploads\/2025\/07\/Imagem-do-WhatsApp-de-2025-07-12-as-16.19.13_ec8c143b_2025-07-12_19-49-33.webp.webp?fit=1200%2C800&ssl=1&resize=350%2C200 1x, https:\/\/i0.wp.com\/noticiasribeiraopreto.com.br\/wp-content\/uploads\/2025\/07\/Imagem-do-WhatsApp-de-2025-07-12-as-16.19.13_ec8c143b_2025-07-12_19-49-33.webp.webp?fit=1200%2C800&ssl=1&resize=525%2C300 1.5x, https:\/\/i0.wp.com\/noticiasribeiraopreto.com.br\/wp-content\/uploads\/2025\/07\/Imagem-do-WhatsApp-de-2025-07-12-as-16.19.13_ec8c143b_2025-07-12_19-49-33.webp.webp?fit=1200%2C800&ssl=1&resize=700%2C400 2x, https:\/\/i0.wp.com\/noticiasribeiraopreto.com.br\/wp-content\/uploads\/2025\/07\/Imagem-do-WhatsApp-de-2025-07-12-as-16.19.13_ec8c143b_2025-07-12_19-49-33.webp.webp?fit=1200%2C800&ssl=1&resize=1050%2C600 3x"},"classes":[]},{"id":67540,"url":"https:\/\/noticiasribeiraopreto.com.br\/index.php\/2025\/04\/15\/copa-paulista-2025-tera-classico-come-fogo-na-1a-fase-veja-os-grupos\/","url_meta":{"origin":75869,"position":5},"title":"Copa Paulista 2025 ter\u00e1 cl\u00e1ssico Come-Fogo na 1\u00aa fase; veja os grupos","author":"noticiasribeiraopreto.com.br","date":"15 de April de 2025","format":false,"excerpt":"Pelo segundo ano consecutivo, Botafogo e Comercial se enfrentam na 1\u00aa fase da Copa Paulista. A confirma\u00e7\u00e3o foi feita pela Federa\u00e7\u00e3o Paulista de Futebol (FPF), durante o conselho t\u00e9cnico realizado nesta ter\u00e7a-feira (15). A edi\u00e7\u00e3o de 2025 contar\u00e1 com 23 times, divididos em quatro grupos. A competi\u00e7\u00e3o come\u00e7a em 15\u2026","rel":"","context":"In &quot;Not\u00edcias de Ribeir\u00e3o Preto-SP e Regi\u00e3o&quot;","block_context":{"text":"Not\u00edcias de Ribeir\u00e3o Preto-SP e Regi\u00e3o","link":"https:\/\/noticiasribeiraopreto.com.br\/index.php\/category\/noticias-de-ribeirao-preto-sp-e-regiao-ismael-colosi\/"},"img":{"alt_text":"","src":"https:\/\/i0.wp.com\/noticiasribeiraopreto.com.br\/wp-content\/uploads\/2025\/04\/Copia-de-Copia-de-Copia-de-TAMANHO-EXATO-PARA-FOTOS-NO-SISTEMA-NOVO-2025-04-15T141442.906_2025-04-15_17-15-41_png_2025-04-15_17-15-41.webp.webp?fit=1200%2C675&ssl=1&resize=350%2C200","width":350,"height":200,"srcset":"https:\/\/i0.wp.com\/noticiasribeiraopreto.com.br\/wp-content\/uploads\/2025\/04\/Copia-de-Copia-de-Copia-de-TAMANHO-EXATO-PARA-FOTOS-NO-SISTEMA-NOVO-2025-04-15T141442.906_2025-04-15_17-15-41_png_2025-04-15_17-15-41.webp.webp?fit=1200%2C675&ssl=1&resize=350%2C200 1x, https:\/\/i0.wp.com\/noticiasribeiraopreto.com.br\/wp-content\/uploads\/2025\/04\/Copia-de-Copia-de-Copia-de-TAMANHO-EXATO-PARA-FOTOS-NO-SISTEMA-NOVO-2025-04-15T141442.906_2025-04-15_17-15-41_png_2025-04-15_17-15-41.webp.webp?fit=1200%2C675&ssl=1&resize=525%2C300 1.5x, https:\/\/i0.wp.com\/noticiasribeiraopreto.com.br\/wp-content\/uploads\/2025\/04\/Copia-de-Copia-de-Copia-de-TAMANHO-EXATO-PARA-FOTOS-NO-SISTEMA-NOVO-2025-04-15T141442.906_2025-04-15_17-15-41_png_2025-04-15_17-15-41.webp.webp?fit=1200%2C675&ssl=1&resize=700%2C400 2x, https:\/\/i0.wp.com\/noticiasribeiraopreto.com.br\/wp-content\/uploads\/2025\/04\/Copia-de-Copia-de-Copia-de-TAMANHO-EXATO-PARA-FOTOS-NO-SISTEMA-NOVO-2025-04-15T141442.906_2025-04-15_17-15-41_png_2025-04-15_17-15-41.webp.webp?fit=1200%2C675&ssl=1&resize=1050%2C600 3x"},"classes":[]}],"jetpack_sharing_enabled":true,"jetpack_shortlink":"https:\/\/wp.me\/peQAOb-jJH","_links":{"self":[{"href":"https:\/\/noticiasribeiraopreto.com.br\/index.php\/wp-json\/wp\/v2\/posts\/75869","targetHints":{"allow":["GET"]}}],"collection":[{"href":"https:\/\/noticiasribeiraopreto.com.br\/index.php\/wp-json\/wp\/v2\/posts"}],"about":[{"href":"https:\/\/noticiasribeiraopreto.com.br\/index.php\/wp-json\/wp\/v2\/types\/post"}],"author":[{"embeddable":true,"href":"https:\/\/noticiasribeiraopreto.com.br\/index.php\/wp-json\/wp\/v2\/users\/1"}],"replies":[{"embeddable":true,"href":"https:\/\/noticiasribeiraopreto.com.br\/index.php\/wp-json\/wp\/v2\/comments?post=75869"}],"version-history":[{"count":0,"href":"https:\/\/noticiasribeiraopreto.com.br\/index.php\/wp-json\/wp\/v2\/posts\/75869\/revisions"}],"wp:featuredmedia":[{"embeddable":true,"href":"https:\/\/noticiasribeiraopreto.com.br\/index.php\/wp-json\/wp\/v2\/media\/75870"}],"wp:attachment":[{"href":"https:\/\/noticiasribeiraopreto.com.br\/index.php\/wp-json\/wp\/v2\/media?parent=75869"}],"wp:term":[{"taxonomy":"category","embeddable":true,"href":"https:\/\/noticiasribeiraopreto.com.br\/index.php\/wp-json\/wp\/v2\/categories?post=75869"},{"taxonomy":"post_tag","embeddable":true,"href":"https:\/\/noticiasribeiraopreto.com.br\/index.php\/wp-json\/wp\/v2\/tags?post=75869"}],"curies":[{"name":"wp","href":"https:\/\/api.w.org\/{rel}","templated":true}]}}