{"id":75871,"date":"2025-08-17T06:48:32","date_gmt":"2025-08-17T09:48:32","guid":{"rendered":"https:\/\/noticiasribeiraopreto.com.br\/index.php\/2025\/08\/17\/violencia-em-condominios-um-reflexo-profundo-da-sociedade-em-crise\/"},"modified":"2025-08-17T06:48:32","modified_gmt":"2025-08-17T09:48:32","slug":"violencia-em-condominios-um-reflexo-profundo-da-sociedade-em-crise","status":"publish","type":"post","link":"https:\/\/noticiasribeiraopreto.com.br\/index.php\/2025\/08\/17\/violencia-em-condominios-um-reflexo-profundo-da-sociedade-em-crise\/","title":{"rendered":"Viol\u00eancia em condom\u00ednios: um reflexo profundo da sociedade em crise"},"content":{"rendered":"<div class='code-block code-block-1' style='margin: 8px 0 8px auto; text-align: right; display: block; clear: both;'>\n<p><a href=\"https:\/\/wa.link\/vpicfd\"><img data-recalc-dims=\"1\" class=\"wp-image-4922\" style=\"aspect-ratio: 2.0253164556962027; width: 561px; height: auto;\" src=\"https:\/\/i0.wp.com\/ismaelcolosi.com.br\/wp-content\/uploads\/2023\/11\/grupo-de-empregos-whatsapp-e-facebook-ismael-colosi-vagas.jpg?ssl=1\" alt=\"\" \/><\/a><\/p>\n<!-- \/wp:image -->\n<\/div>\n<p> <br \/>\n<\/p>\n<div>\n<p>Em um mundo hiperconectado pela tecnologia, mas paradoxalmente carente de empatia, os condom\u00ednios residenciais, que deveriam ser espa\u00e7os de conviv\u00eancia pac\u00edfica e segura, t\u00eam se transformado em palcos de graves problemas sociais. <\/p>\n<p>A viol\u00eancia dom\u00e9stica, o racismo e o stalking (persegui\u00e7\u00e3o obsessiva) est\u00e3o em ascens\u00e3o, refletindo uma sociedade que, em muitos momentos, prioriza valores materiais, diferen\u00e7as raciais, status social e influ\u00eancias digitais em detrimento da solidariedade, do respeito m\u00fatuo e da compreens\u00e3o humana. <\/p>\n<p>Este cen\u00e1rio, agravado pela superficialidade das intera\u00e7\u00f5es virtuais e pela perda de no\u00e7\u00e3o da realidade em um ambiente hiperdigitalizado, tem gerado rela\u00e7\u00f5es sociais cada vez mais \u00e1speras e emocionalmente desgastantes. <\/p>\n<p>O resultado s\u00e3o epis\u00f3dios de agress\u00f5es f\u00edsicas, abusos psicol\u00f3gicos, discrimina\u00e7\u00f5es e, em casos extremos, homic\u00eddios que chocam e demandam uma reflex\u00e3o urgente sobre os rumos da conviv\u00eancia coletiva.<\/p>\n<p>Os condom\u00ednios, por sua natureza de espa\u00e7os compartilhados, amplificam essas tens\u00f5es sociais. S\u00e3o microcosmos da sociedade, onde pessoas de diferentes origens, cren\u00e7as e valores coexistem em proximidade f\u00edsica, mas nem sempre em harmonia. <\/p>\n<p>A falta de di\u00e1logo, a intoler\u00e2ncia e a incapacidade de lidar com frustra\u00e7\u00f5es pessoais frequentemente culminam em conflitos que v\u00e3o al\u00e9m de simples desentendimentos, transformando-se em atos de viol\u00eancia que afetam n\u00e3o apenas as v\u00edtimas diretas, mas toda a comunidade condominial.<\/p>\n<h2 class=\"wp-block-heading\"><strong>Viol\u00eancia Dom\u00e9stica: Um Mal Silencioso que Ecoa nos Lares<\/strong><\/h2>\n<p>A viol\u00eancia dom\u00e9stica, que engloba abusos f\u00edsicos, psicol\u00f3gicos, sexuais, morais e patrimoniais, \u00e9 uma das quest\u00f5es mais alarmantes dentro dos condom\u00ednios. <\/p>\n<p>Historicamente, o Brasil carrega um legado de machismo estrutural, evidenciado em legisla\u00e7\u00f5es arcaicas como o C\u00f3digo Civil de 1916, que previa a repara\u00e7\u00e3o de ofensas \u00e0 honra da mulher por meio de casamento ou pagamento de dote, como estipulado no artigo 1.548. <\/p>\n<p>Essa vis\u00e3o, que tratava a mulher como objeto de repara\u00e7\u00e3o e n\u00e3o como sujeito de direitos, foi superada no C\u00f3digo Civil de 2002, mas os resqu\u00edcios culturais de uma sociedade patriarcal ainda persistem.<\/p>\n<p>Nos ambientes condominiais, onde a proximidade entre moradores pode tanto expor quanto ocultar abusos, os casos muitas vezes permanecem em sigilo devido ao medo, \u00e0 vergonha ou \u00e0 falta de apoio \u00e0s v\u00edtimas. <\/p>\n<p>A viol\u00eancia dom\u00e9stica n\u00e3o se limita a agress\u00f5es f\u00edsicas; ela pode se manifestar em formas sutis, como a viol\u00eancia moral, que inclui cal\u00fania, difama\u00e7\u00e3o e inj\u00faria, ou a viol\u00eancia patrimonial, que envolve a reten\u00e7\u00e3o de bens ou documentos pessoais da v\u00edtima.<\/p>\n<p>Com base nos dados mais recentes do<strong> Anu\u00e1rio Brasileiro de Seguran\u00e7a P\u00fablica<\/strong>, a situa\u00e7\u00e3o da viol\u00eancia contra a mulher no Brasil continua alarmante. Os n\u00fameros mais recentes referem-se a 2023, com alguns dados de 2024 tamb\u00e9m j\u00e1 dispon\u00edveis.<\/p>\n<p>O Anu\u00e1rio Brasileiro de Seguran\u00e7a P\u00fablica de 2024 revela um cen\u00e1rio de crescimento em diversas formas de viol\u00eancia contra a mulher. <\/p>\n<h2 class=\"wp-block-heading\"><strong>Os dados de 2023 indicam que:<\/strong><\/h2>\n<ul class=\"wp-block-list\">\n<li><strong>Feminic\u00eddios<\/strong>: Houve um registro de 1.463 feminic\u00eddios, o maior n\u00famero da s\u00e9rie hist\u00f3rica desde que o crime foi tipificado em 2015. Isso representa um aumento de 1,6% em compara\u00e7\u00e3o com 2022.<\/li>\n<li><strong>Agress\u00f5es<\/strong>: As agress\u00f5es resultantes de viol\u00eancia dom\u00e9stica subiram 9,8%, totalizando 258.941 registros.<\/li>\n<li><strong>Amea\u00e7as<\/strong>: Os casos de amea\u00e7a aumentaram 16,5%.<\/li>\n<li><strong>Importuna\u00e7\u00e3o sexual<\/strong>: Houve um crescimento de 48,7% nos registros.<\/li>\n<li><strong>Ass\u00e9dio sexual<\/strong>: Os casos de ass\u00e9dio sexual tamb\u00e9m apresentaram um aumento significativo de 28,5%.<\/li>\n<li><strong>Estupro<\/strong>: O Brasil registrou 83.988 v\u00edtimas de estupro em 2023, um aumento de 6,5% em rela\u00e7\u00e3o ao ano anterior.<\/li>\n<\/ul>\n<p>As tentativas de feminic\u00eddio subiram 19% em 2024, enquanto os casos de viol\u00eancia psicol\u00f3gica cresceram 6,3% e de <em>stalking<\/em> aumentaram 18,2%. As agress\u00f5es decorrentes de viol\u00eancia dom\u00e9stica tamb\u00e9m tiveram um aumento de 7,8% nas taxas. A triste realidade de que a viol\u00eancia n\u00e3o respeita nenhum limite, incluindo o ambiente dom\u00e9stico e os condom\u00ednios, persiste e se agrava com o passar dos anos.<\/p>\n<p>A Subse\u00e7\u00e3o de <strong>Ribeir\u00e3o Preto <\/strong>da <strong>OAB (Ordem dos Advogados do Brasil)<\/strong> elaborou uma cartilha intitulada \u201cViol\u00eancia Dom\u00e9stica em Condom\u00ednios\u201d, com o objetivo de orientar s\u00edndicos e moradores sobre como identificar, prevenir e agir diante de tais situa\u00e7\u00f5es. A cartilha define viol\u00eancia dom\u00e9stica como qualquer tipo de abuso ocorrido no ambiente familiar ou dom\u00e9stico, destacando a import\u00e2ncia de redes de apoio dentro dos condom\u00ednios.<\/p>\n<h2 class=\"wp-block-heading\"><strong>Caso chocante<\/strong><\/h2>\n<p>Recentemente, um caso chocante de viol\u00eancia dom\u00e9stica ganhou destaque na m\u00eddia nacional, evidenciando a brutalidade que pode ocorrer dentro de lares e condom\u00ednios. Em julho de 2025, uma mulher de 37 anos, identificada apenas como M.S. para preservar sua identidade, foi gravemente ferida pelo companheiro em um condom\u00ednio de alto padr\u00e3o em S\u00e3o Paulo. <\/p>\n<p>Segundo relatos da pol\u00edcia e da v\u00edtima, amplamente divulgados por ve\u00edculos de comunica\u00e7\u00e3o, ela sofreu 68 socos durante uma discuss\u00e3o motivada por ci\u00fames. As agress\u00f5es, que duraram cerca de 20 minutos, foram interrompidas apenas pela interven\u00e7\u00e3o de vizinhos que ouviram os gritos e acionaram a portaria do pr\u00e9dio. <\/p>\n<p>A v\u00edtima foi hospitalizada com m\u00faltiplas fraturas faciais e traumatismo craniano, enquanto o agressor foi preso em flagrante por tentativa de feminic\u00eddio. O caso gerou como\u00e7\u00e3o p\u00fablica e reacendeu o debate sobre a seguran\u00e7a de mulheres em espa\u00e7os privados, mesmo em condom\u00ednios que contam com sistemas de vigil\u00e2ncia. <\/p>\n<p>Moradores do pr\u00e9dio relataram \u00e0 imprensa que j\u00e1 haviam percebido sinais de tens\u00e3o no relacionamento do casal, mas hesitaram em intervir por medo de repres\u00e1lias ou por considerarem o assunto \u201cparticular\u201d. Este tr\u00e1gico epis\u00f3dio refor\u00e7a a necessidade de maior conscientiza\u00e7\u00e3o e proatividade por parte de s\u00edndicos e cond\u00f4minos no combate \u00e0 viol\u00eancia dom\u00e9stica.<\/p>\n<p>No <strong>Estado de S\u00e3o Paulo<\/strong>, a Lei n\u00ba 17.406\/2021 representa um avan\u00e7o significativo ao obrigar condom\u00ednios residenciais e comerciais a denunciarem \u00e0s autoridades casos ou ind\u00edcios de viol\u00eancia dom\u00e9stica contra mulheres, crian\u00e7as, adolescentes e idosos. <\/p>\n<p>A legisla\u00e7\u00e3o incentiva medidas pr\u00e1ticas, como a cria\u00e7\u00e3o de comiss\u00f5es internas para lidar com essas quest\u00f5es, a promo\u00e7\u00e3o de campanhas educativas, a fixa\u00e7\u00e3o de cartazes em locais vis\u00edveis com informa\u00e7\u00f5es sobre canais de den\u00fancia, a divulga\u00e7\u00e3o de telefones \u00fateis (como o 180, Central de Atendimento \u00e0 Mulher), a cria\u00e7\u00e3o de senhas para pedidos de ajuda discretos, a instala\u00e7\u00e3o de c\u00e2meras de seguran\u00e7a nas \u00e1reas comuns e a manuten\u00e7\u00e3o de portarias 24 horas. <\/p>\n<p>Al\u00e9m disso, recomenda-se que, ao receberem comunica\u00e7\u00f5es de viol\u00eancia, os s\u00edndicos solicitem que sejam feitas por escrito ou que sejam apresentadas provas para embasar as den\u00fancias, garantindo maior seguran\u00e7a jur\u00eddica no processo.<\/p>\n<p>A escalada de viol\u00eancia dom\u00e9sticaem condom\u00ednios reflete uma sociedade em crise de valores, onde a intoler\u00e2ncia, a falta de empatia e a incapacidade de lidar com diferen\u00e7as t\u00eam gerado um ciclo de agress\u00f5es que afeta a todos. <\/p>\n<p>Combater esse problema exige n\u00e3o apenas a aplica\u00e7\u00e3o de penas mais efetivas para agressores, mas tamb\u00e9m pol\u00edticas de preven\u00e7\u00e3o que abordem as ra\u00edzes culturais e sociais dessas viol\u00eancias. A educa\u00e7\u00e3o para a conviv\u00eancia, o respeito \u00e0 diversidade e a empatia devem ser trabalhados desde a base, nas escolas, nas fam\u00edlias e nas comunidades.<\/p>\n<p>Enquanto a tecnologia conecta, ela tamb\u00e9m distancia emocionalmente, criando barreiras \u00e0 compreens\u00e3o m\u00fatua. \u00c9 urgente resgatar a no\u00e7\u00e3o de comunidade nos espa\u00e7os compartilhados, transformando condom\u00ednios em lugares de acolhimento, e n\u00e3o de conflito. <\/p>\n<p>A verdadeira seguran\u00e7a n\u00e3o est\u00e1 apenas em c\u00e2meras de vigil\u00e2ncia ou portarias 24 horas, mas na constru\u00e7\u00e3o de rela\u00e7\u00f5es humanas baseadas na dignidade, na igualdade e no respeito. S\u00edndicos, moradores e administradoras devem unir esfor\u00e7os para criar um ambiente onde a diversidade seja celebrada, e n\u00e3o temida, e onde a viol\u00eancia, em todas as suas formas, seja combatida com di\u00e1logo, educa\u00e7\u00e3o e solidariedade.<\/p>\n<p>SAIBA MAIS<br \/>Veranico no interior de SP: temperaturas podem chegar a 35\u202f\u00b0C<\/p>\n<h2 class=\"wp-block-heading\"><strong>FIQUE ON<\/strong><\/h2>\n<p>Fique ligado em tudo que acontece em Ribeir\u00e3o Preto e regi\u00e3o. Siga os perfis do\u00a0<strong>acidade on\u00a0<\/strong>no<a href=\"https:\/\/www.instagram.com\/acidadeonribeirao\" target=\"_blank\" rel=\"noreferrer noopener\">\u00a0Instagram<\/a>\u00a0e no\u00a0<a href=\"https:\/\/www.facebook.com\/acidadeonribeirao\/\" target=\"_blank\" rel=\"noreferrer noopener\">Facebook<\/a>.<\/p>\n<p>Receba not\u00edcias do\u00a0<strong>acidade on<\/strong>\u00a0no WhatsApp.\u00a0<a href=\"https:\/\/chat.whatsapp.com\/I4nieTEMKlf50pJ28aMemC?mode=ac_t\" target=\"_blank\" rel=\"noreferrer noopener\">Para entrar no grupo, basta clicar aqui.<\/a><\/p>\n<p>Fa\u00e7a uma den\u00fancia ou sugira uma reportagem sobre Ribeir\u00e3o Preto e regi\u00e3o pelo WhatsApp: 16 99117 7802.<\/p>\n<p>VEJA TAMB\u00c9M<br \/>Qual a parceria entre Zeca Pagodinho e a Embrapa?<\/p>\n<p><!-- AI CONTENT END 1 -->\n<\/div>\n<p><script async src=\"\/\/www.instagram.com\/embed.js\"><\/script><br \/>\n<br \/><br \/>\n<br \/><a href=\"https:\/\/www.acidadeon.com\/ribeiraopreto\/cotidiano\/colunistas-ribeirao-preto\/violencia-em-condominios-um-reflexo-profundo-da-sociedade-em-crise\/\">Source link <\/a><\/p>\n<!-- CONTENT END 1 -->\n","protected":false},"excerpt":{"rendered":"<p>Em um mundo hiperconectado pela tecnologia, mas paradoxalmente carente de empatia, os condom\u00ednios residenciais, que deveriam ser espa\u00e7os de conviv\u00eancia pac\u00edfica e segura, t\u00eam se&#8230;<\/p>\n","protected":false},"author":1,"featured_media":73614,"comment_status":"open","ping_status":"open","sticky":false,"template":"","format":"standard","meta":{"advanced_seo_description":"","jetpack_seo_html_title":"","jetpack_seo_noindex":false,"jetpack_post_was_ever_published":false,"_jetpack_newsletter_access":"","_jetpack_dont_email_post_to_subs":false,"_jetpack_newsletter_tier_id":0,"_jetpack_memberships_contains_paywalled_content":false,"_jetpack_memberships_contains_paid_content":false,"footnotes":"","jetpack_publicize_message":"","jetpack_publicize_feature_enabled":true,"jetpack_social_post_already_shared":true,"jetpack_social_options":{"image_generator_settings":{"template":"highway","default_image_id":0,"font":"","enabled":false},"version":2}},"categories":[11],"tags":[],"class_list":["post-75871","post","type-post","status-publish","format-standard","has-post-thumbnail","hentry","category-noticias-de-ribeirao-preto-sp-e-regiao-ismael-colosi"],"jetpack_publicize_connections":[],"jetpack_featured_media_url":"https:\/\/i0.wp.com\/noticiasribeiraopreto.com.br\/wp-content\/uploads\/2025\/07\/DR-MARCIO-SPIMPOLO_2025-05-16_17-40-37.webp.webp?fit=997%2C718&ssl=1","jetpack-related-posts":[{"id":60735,"url":"https:\/\/noticiasribeiraopreto.com.br\/index.php\/2024\/11\/24\/seguranca-em-condominios-como-proteger-os-condominos-de-roubos\/","url_meta":{"origin":75871,"position":0},"title":"Seguran\u00e7a em Condom\u00ednios: Como proteger os cond\u00f4minos de roubos","author":"noticiasribeiraopreto.com.br","date":"24 de November de 2024","format":false,"excerpt":"Com o aumento da criminalidade, a quest\u00e3o dos furtos e roubos em condom\u00ednios de m\u00e9dio e alto padr\u00e3o tem se tornado uma preocupa\u00e7\u00e3o crescente entre cond\u00f4minos e s\u00edndicos. Recentemente um porteiro teve a sua moto roubada dentro de um condom\u00ednio de luxo em Ribeir\u00e3o Preto. Essa quest\u00e3o gera debates acalorados\u2026","rel":"","context":"In &quot;Not\u00edcias de Ribeir\u00e3o Preto-SP e Regi\u00e3o&quot;","block_context":{"text":"Not\u00edcias de Ribeir\u00e3o Preto-SP e Regi\u00e3o","link":"https:\/\/noticiasribeiraopreto.com.br\/index.php\/category\/noticias-de-ribeirao-preto-sp-e-regiao-ismael-colosi\/"},"img":{"alt_text":"","src":"https:\/\/i0.wp.com\/noticiasribeiraopreto.com.br\/wp-content\/uploads\/2024\/03\/AnyConv.com__WhatsApp-Image-2024-02-29-at-15.18.26.webp.webp?fit=640%2C405&ssl=1&resize=350%2C200","width":350,"height":200,"srcset":"https:\/\/i0.wp.com\/noticiasribeiraopreto.com.br\/wp-content\/uploads\/2024\/03\/AnyConv.com__WhatsApp-Image-2024-02-29-at-15.18.26.webp.webp?fit=640%2C405&ssl=1&resize=350%2C200 1x, https:\/\/i0.wp.com\/noticiasribeiraopreto.com.br\/wp-content\/uploads\/2024\/03\/AnyConv.com__WhatsApp-Image-2024-02-29-at-15.18.26.webp.webp?fit=640%2C405&ssl=1&resize=525%2C300 1.5x"},"classes":[]},{"id":75955,"url":"https:\/\/noticiasribeiraopreto.com.br\/index.php\/2025\/08\/19\/justica-expulsa-fazendeiro-de-condominio\/","url_meta":{"origin":75871,"position":1},"title":"Justi\u00e7a expulsa fazendeiro de condom\u00ednio","author":"noticiasribeiraopreto.com.br","date":"19 de August de 2025","format":false,"excerpt":"Decis\u00e3o contempla resultado de assembleia de moradores e impede que Al\u00edpio Jo\u00e3o J\u00fanior volte ao pr\u00e9dio 19 de agosto de 2025 12:091 Compartilhar0 Por: Adalberto Luque O Tribunal de Justi\u00e7a de S\u00e3o Paulo determinou a expuls\u00e3o do fazendeiro Al\u00edpio Jo\u00e3o J\u00fanior do condom\u00ednio onde morava, no Centro de Ribeir\u00e3o Preto.\u2026","rel":"","context":"In &quot;Not\u00edcias de Ribeir\u00e3o Preto-SP e Regi\u00e3o&quot;","block_context":{"text":"Not\u00edcias de Ribeir\u00e3o Preto-SP e Regi\u00e3o","link":"https:\/\/noticiasribeiraopreto.com.br\/index.php\/category\/noticias-de-ribeirao-preto-sp-e-regiao-ismael-colosi\/"},"img":{"alt_text":"","src":"https:\/\/i0.wp.com\/noticiasribeiraopreto.com.br\/wp-content\/uploads\/2025\/08\/16-jul-2025-alipiojoaojunior2.jpg?fit=984%2C616&ssl=1&resize=350%2C200","width":350,"height":200,"srcset":"https:\/\/i0.wp.com\/noticiasribeiraopreto.com.br\/wp-content\/uploads\/2025\/08\/16-jul-2025-alipiojoaojunior2.jpg?fit=984%2C616&ssl=1&resize=350%2C200 1x, https:\/\/i0.wp.com\/noticiasribeiraopreto.com.br\/wp-content\/uploads\/2025\/08\/16-jul-2025-alipiojoaojunior2.jpg?fit=984%2C616&ssl=1&resize=525%2C300 1.5x, https:\/\/i0.wp.com\/noticiasribeiraopreto.com.br\/wp-content\/uploads\/2025\/08\/16-jul-2025-alipiojoaojunior2.jpg?fit=984%2C616&ssl=1&resize=700%2C400 2x"},"classes":[]},{"id":11475,"url":"https:\/\/noticiasribeiraopreto.com.br\/index.php\/2023\/12\/06\/caminhada-pede-basta-a-violencia\/","url_meta":{"origin":75871,"position":2},"title":"Caminhada pede basta \u00e0 viol\u00eancia \u00a0","author":"noticiasribeiraopreto.com.br","date":"6 de December de 2023","format":false,"excerpt":"6 de dezembro de 2023 | 9:305 de dezembro de 2023 | 19:40 0Em sua sexta edi\u00e7\u00e3o, a Caminhada pelo Fim da Viol\u00eancia contra mulheres e Meninas, organizada pelo Grupo Mulheres do Brasil, ser\u00e1 realizada em 10 de dezembro, domingo, em v\u00e1rias cidades no Brasil e no exterior. Em Ribeir\u00e3o\u2026","rel":"","context":"In &quot;Not\u00edcias de Ribeir\u00e3o Preto-SP e Regi\u00e3o&quot;","block_context":{"text":"Not\u00edcias de Ribeir\u00e3o Preto-SP e Regi\u00e3o","link":"https:\/\/noticiasribeiraopreto.com.br\/index.php\/category\/noticias-de-ribeirao-preto-sp-e-regiao-ismael-colosi\/"},"img":{"alt_text":"","src":"https:\/\/i0.wp.com\/noticiasribeiraopreto.com.br\/wp-content\/uploads\/2023\/12\/Violencia-Divulgacao-scaled.jpg?fit=961%2C645&ssl=1&resize=350%2C200","width":350,"height":200,"srcset":"https:\/\/i0.wp.com\/noticiasribeiraopreto.com.br\/wp-content\/uploads\/2023\/12\/Violencia-Divulgacao-scaled.jpg?fit=961%2C645&ssl=1&resize=350%2C200 1x, https:\/\/i0.wp.com\/noticiasribeiraopreto.com.br\/wp-content\/uploads\/2023\/12\/Violencia-Divulgacao-scaled.jpg?fit=961%2C645&ssl=1&resize=525%2C300 1.5x, https:\/\/i0.wp.com\/noticiasribeiraopreto.com.br\/wp-content\/uploads\/2023\/12\/Violencia-Divulgacao-scaled.jpg?fit=961%2C645&ssl=1&resize=700%2C400 2x"},"classes":[]},{"id":39347,"url":"https:\/\/noticiasribeiraopreto.com.br\/index.php\/2024\/02\/25\/o-silencio-das-inocentes\/","url_meta":{"origin":75871,"position":3},"title":"O sil\u00eancio das inocentes\u00a0 &#8211; Jornal Tribuna Ribeir\u00e3o","author":"noticiasribeiraopreto.com.br","date":"25 de February de 2024","format":false,"excerpt":"Por Adalberto Luque\u00a0Noite de 08 de setembro de 2023. Uma crian\u00e7a de apenas quatro anos \u00e9 levada pelos pais \u00e0 Unidade de Pronto Atendimento (UPA) do Simioni, na zona Norte de Ribeir\u00e3o Preto. Eles relataram estar \u00e0 procura de ajuda m\u00e9dica para a filha, estava aparentemente desacordada.\u00a0Funcion\u00e1rios que atenderam a\u2026","rel":"","context":"In &quot;Not\u00edcias de Ribeir\u00e3o Preto-SP e Regi\u00e3o&quot;","block_context":{"text":"Not\u00edcias de Ribeir\u00e3o Preto-SP e Regi\u00e3o","link":"https:\/\/noticiasribeiraopreto.com.br\/index.php\/category\/noticias-de-ribeirao-preto-sp-e-regiao-ismael-colosi\/"},"img":{"alt_text":"","src":"https:\/\/i0.wp.com\/noticiasribeiraopreto.com.br\/wp-content\/uploads\/2024\/02\/FOTO-01-Estupro-Foto-Getty-Imagens.jpg?fit=984%2C553&ssl=1&resize=350%2C200","width":350,"height":200,"srcset":"https:\/\/i0.wp.com\/noticiasribeiraopreto.com.br\/wp-content\/uploads\/2024\/02\/FOTO-01-Estupro-Foto-Getty-Imagens.jpg?fit=984%2C553&ssl=1&resize=350%2C200 1x, https:\/\/i0.wp.com\/noticiasribeiraopreto.com.br\/wp-content\/uploads\/2024\/02\/FOTO-01-Estupro-Foto-Getty-Imagens.jpg?fit=984%2C553&ssl=1&resize=525%2C300 1.5x, https:\/\/i0.wp.com\/noticiasribeiraopreto.com.br\/wp-content\/uploads\/2024\/02\/FOTO-01-Estupro-Foto-Getty-Imagens.jpg?fit=984%2C553&ssl=1&resize=700%2C400 2x"},"classes":[]},{"id":2349,"url":"https:\/\/noticiasribeiraopreto.com.br\/index.php\/2023\/11\/15\/alexandre-correa-da-a-entender-que-esta-sem-ver-o-filho-e-cita-orixas\/","url_meta":{"origin":75871,"position":4},"title":"Alexandre Correa da a entender que esta sem ver o filho e cita orix\u00e1s","author":"noticiasribeiraopreto.com.br","date":"15 de November de 2023","format":false,"excerpt":"Alexandre Correa usou as redes sociais para falar sobre as repercuss\u00f5es com as quais tem lidado ap\u00f3s ser acusado de viol\u00eancia dom\u00e9stica. Correa \u00e9 casado com Ana Hickmann, que registrou boletim de ocorr\u00eancia.Pelas redes sociais, Alexandre tem feito algumas publica\u00e7\u00f5es. Ele, no entanto, excluiu todas as fotos que tinha em\u2026","rel":"","context":"In &quot;Blog&quot;","block_context":{"text":"Blog","link":"https:\/\/noticiasribeiraopreto.com.br\/index.php\/category\/blog\/"},"img":{"alt_text":"","src":"https:\/\/i0.wp.com\/noticiasribeiraopreto.com.br\/wp-content\/uploads\/2023\/11\/postimg-6554e3fd067c91240.jpg?fit=1200%2C628&ssl=1&resize=350%2C200","width":350,"height":200,"srcset":"https:\/\/i0.wp.com\/noticiasribeiraopreto.com.br\/wp-content\/uploads\/2023\/11\/postimg-6554e3fd067c91240.jpg?fit=1200%2C628&ssl=1&resize=350%2C200 1x, https:\/\/i0.wp.com\/noticiasribeiraopreto.com.br\/wp-content\/uploads\/2023\/11\/postimg-6554e3fd067c91240.jpg?fit=1200%2C628&ssl=1&resize=525%2C300 1.5x, https:\/\/i0.wp.com\/noticiasribeiraopreto.com.br\/wp-content\/uploads\/2023\/11\/postimg-6554e3fd067c91240.jpg?fit=1200%2C628&ssl=1&resize=700%2C400 2x, https:\/\/i0.wp.com\/noticiasribeiraopreto.com.br\/wp-content\/uploads\/2023\/11\/postimg-6554e3fd067c91240.jpg?fit=1200%2C628&ssl=1&resize=1050%2C600 3x"},"classes":[]},{"id":65255,"url":"https:\/\/noticiasribeiraopreto.com.br\/index.php\/2025\/03\/18\/caso-luana-stf-determina-julgamento-de-policiais-acusados-de-assassinato-pela-justica-comum\/","url_meta":{"origin":75871,"position":5},"title":"Caso Luana: STF Determina Julgamento de Policiais Acusados de Assassinato Pela Justi\u00e7a Comum","author":"noticiasribeiraopreto.com.br","date":"18 de March de 2025","format":false,"excerpt":"O Supremo Tribunal Federal (STF) decidiu, nesta segunda-feira (17), que os policiais militares acusados de espancar e matar a gar\u00e7onete Luana Barbosa dos Reis, em Ribeir\u00e3o Preto, em 2016, ser\u00e3o julgados pela Justi\u00e7a comum, encerrando uma longa disputa jur\u00eddica sobre a compet\u00eancia para julgar o caso. A decis\u00e3o \u00e9 vista\u2026","rel":"","context":"In &quot;Not\u00edcias de Ribeir\u00e3o Preto-SP e Regi\u00e3o&quot;","block_context":{"text":"Not\u00edcias de Ribeir\u00e3o Preto-SP e Regi\u00e3o","link":"https:\/\/noticiasribeiraopreto.com.br\/index.php\/category\/noticias-de-ribeirao-preto-sp-e-regiao-ismael-colosi\/"},"img":{"alt_text":"","src":"https:\/\/i0.wp.com\/noticiasribeiraopreto.com.br\/wp-content\/uploads\/2025\/03\/luana-barbosa-cartaz-grande-1618263458182_v2_900x506.png?fit=900%2C506&ssl=1&resize=350%2C200","width":350,"height":200,"srcset":"https:\/\/i0.wp.com\/noticiasribeiraopreto.com.br\/wp-content\/uploads\/2025\/03\/luana-barbosa-cartaz-grande-1618263458182_v2_900x506.png?fit=900%2C506&ssl=1&resize=350%2C200 1x, https:\/\/i0.wp.com\/noticiasribeiraopreto.com.br\/wp-content\/uploads\/2025\/03\/luana-barbosa-cartaz-grande-1618263458182_v2_900x506.png?fit=900%2C506&ssl=1&resize=525%2C300 1.5x, https:\/\/i0.wp.com\/noticiasribeiraopreto.com.br\/wp-content\/uploads\/2025\/03\/luana-barbosa-cartaz-grande-1618263458182_v2_900x506.png?fit=900%2C506&ssl=1&resize=700%2C400 2x"},"classes":[]}],"jetpack_sharing_enabled":true,"jetpack_shortlink":"https:\/\/wp.me\/peQAOb-jJJ","_links":{"self":[{"href":"https:\/\/noticiasribeiraopreto.com.br\/index.php\/wp-json\/wp\/v2\/posts\/75871","targetHints":{"allow":["GET"]}}],"collection":[{"href":"https:\/\/noticiasribeiraopreto.com.br\/index.php\/wp-json\/wp\/v2\/posts"}],"about":[{"href":"https:\/\/noticiasribeiraopreto.com.br\/index.php\/wp-json\/wp\/v2\/types\/post"}],"author":[{"embeddable":true,"href":"https:\/\/noticiasribeiraopreto.com.br\/index.php\/wp-json\/wp\/v2\/users\/1"}],"replies":[{"embeddable":true,"href":"https:\/\/noticiasribeiraopreto.com.br\/index.php\/wp-json\/wp\/v2\/comments?post=75871"}],"version-history":[{"count":0,"href":"https:\/\/noticiasribeiraopreto.com.br\/index.php\/wp-json\/wp\/v2\/posts\/75871\/revisions"}],"wp:featuredmedia":[{"embeddable":true,"href":"https:\/\/noticiasribeiraopreto.com.br\/index.php\/wp-json\/wp\/v2\/media\/73614"}],"wp:attachment":[{"href":"https:\/\/noticiasribeiraopreto.com.br\/index.php\/wp-json\/wp\/v2\/media?parent=75871"}],"wp:term":[{"taxonomy":"category","embeddable":true,"href":"https:\/\/noticiasribeiraopreto.com.br\/index.php\/wp-json\/wp\/v2\/categories?post=75871"},{"taxonomy":"post_tag","embeddable":true,"href":"https:\/\/noticiasribeiraopreto.com.br\/index.php\/wp-json\/wp\/v2\/tags?post=75871"}],"curies":[{"name":"wp","href":"https:\/\/api.w.org\/{rel}","templated":true}]}}