{"id":75872,"date":"2025-08-17T08:04:30","date_gmt":"2025-08-17T11:04:30","guid":{"rendered":"https:\/\/noticiasribeiraopreto.com.br\/index.php\/2025\/08\/17\/o-brasil-de-olho-na-adultizacao-infantil\/"},"modified":"2025-08-17T08:04:30","modified_gmt":"2025-08-17T11:04:30","slug":"o-brasil-de-olho-na-adultizacao-infantil","status":"publish","type":"post","link":"https:\/\/noticiasribeiraopreto.com.br\/index.php\/2025\/08\/17\/o-brasil-de-olho-na-adultizacao-infantil\/","title":{"rendered":"O Brasil de olho na \u2018adultiza\u00e7\u00e3o\u2019 infantil"},"content":{"rendered":"<div class='code-block code-block-1' style='margin: 8px 0 8px auto; text-align: right; display: block; clear: both;'>\n<p><a href=\"https:\/\/wa.link\/vpicfd\"><img data-recalc-dims=\"1\" class=\"wp-image-4922\" style=\"aspect-ratio: 2.0253164556962027; width: 561px; height: auto;\" src=\"https:\/\/i0.wp.com\/ismaelcolosi.com.br\/wp-content\/uploads\/2023\/11\/grupo-de-empregos-whatsapp-e-facebook-ismael-colosi-vagas.jpg?ssl=1\" alt=\"\" \/><\/a><\/p>\n<!-- \/wp:image -->\n<\/div>\n<p> <br \/>\n<\/p>\n<div>\n<p><em>Por Adalberto Luque<\/em><\/p>\n<p>\u00a0<\/p>\n<p>A den\u00fancia sobre \u201cadultiza\u00e7\u00e3o\u201d infantil do YouTuber Felca (nome usado por Felipe Bressanim Pereira), de 27 anos, foi feita no dia 7 de agosto. Menos de 10 dias depois, no fechamento desta edi\u00e7\u00e3o, j\u00e1 havia passado da marca dos 32 milh\u00f5es de acessos em seu canal no YouTube.<\/p>\n<p>Felca tem sido pedra no sapato de muita gente. J\u00e1 denunciou as lives de NPC \u2014 transmiss\u00f5es ao vivo no TikTok e outras plataformas onde criadores de conte\u00fado se comportam como personagens n\u00e3o jog\u00e1veis (NPCs) de videogames, realizando a\u00e7\u00f5es repetitivas e reativas a intera\u00e7\u00f5es do p\u00fablico, como o envio de presentes virtuais.<\/p>\n<p>Denunciou uma marca de cosm\u00e9ticos brasileiros que se expandiu rapidamente ap\u00f3s a cria\u00e7\u00e3o, em 2021, sobre a qualidade de seus produtos. A empresa passou a enfrentar den\u00fancias por atraso em entregas, por exemplo.<\/p>\n<p>Outra den\u00fancia feita pelo influenciador digital foi em rela\u00e7\u00e3o ao \u201cJogo do Tigrinho\u201d e outros jogos de azar. Mas a den\u00fancia de Felca sobre a \u201cadultiza\u00e7\u00e3o\u201d infantil mexeu com um problema que, muitas vezes, a sociedade brasileira n\u00e3o se d\u00e1 conta do tamanho e da gravidade: a pedofilia.<\/p>\n<p>O YouTuber denunciou a exposi\u00e7\u00e3o excessiva de crian\u00e7as \u2014 na maioria das vezes com anu\u00eancia de pais e respons\u00e1veis, que recebem \u201cmimos\u201d daqueles que cooptam seus filhos, como celulares de \u00faltima gera\u00e7\u00e3o.<\/p>\n<p>Um dos alvos nesta den\u00fancia \u00e9 o influenciador paraibano Hytalo Santos. Felca o acusa de sexualizar a imagem de menores. Santos j\u00e1 vinha sendo investigado pelo Minist\u00e9rio P\u00fablico da Para\u00edba desde 2024.<\/p>\n<p>A den\u00fancia de Felca rendeu a Santos a suspens\u00e3o de suas redes sociais oficiais. Al\u00e9m disso, a Justi\u00e7a autorizou buscas e apreens\u00f5es em seus endere\u00e7os. Hytalo foi preso na sexta-feira (15\/8), em Carapicu\u00edba, na Grande S\u00e3o Paulo (SP).<\/p>\n<p>De acordo com o influenciador Felca, a \u201cadultiza\u00e7\u00e3o\u201d de crian\u00e7as e adolescentes tem como principal caminho abastecer a rede de ped\u00f3filos, t\u00e3o presentes nas redes sociais quanto na dark web \u2014 isto \u00e9, uma parte da internet que n\u00e3o \u00e9 indexada por motores de busca tradicionais e s\u00f3 pode ser acessada por meio de navegadores espec\u00edficos, como o Tor.<\/p>\n<p>Nela, o n\u00edvel de anonimato \u00e9 alto e est\u00e1 frequentemente associado a atividades ilegais, como, al\u00e9m da pornografia, a possibilidade de contratar assassinos de aluguel ou encomendar grandes quantidades de drogas a cart\u00e9is especializados.<\/p>\n<p>No v\u00eddeo, Felca n\u00e3o ativou a monetiza\u00e7\u00e3o, isto \u00e9, est\u00e1 sem an\u00fancios. Mesmo com milh\u00f5es de visualiza\u00e7\u00f5es, ele n\u00e3o vai receber um centavo sequer, o que demonstra sua determina\u00e7\u00e3o.<\/p>\n<p>Por outro lado, foi preciso tomar provid\u00eancias para garantir sua seguran\u00e7a pessoal. Ele passou a andar com carro blindado e seguran\u00e7as, pois passou a receber muitas amea\u00e7as ao comentar assuntos t\u00e3o sens\u00edveis como jogo de azar e pedofilia.<\/p>\n<p>Conhecido por produzir conte\u00fado humor\u00edstico, o influenciador levantou importante bandeira. Nos \u00faltimos dias, \u00e9 um dos temas mais falados entre os brasileiros, colocando, inclusive, a taxa\u00e7\u00e3o imposta pelo presidente dos Estados Unidos, Donald Trump, ao Brasil e seus exportadores em segundo lugar.<\/p>\n<p>\u201cDevemos cobrar em massa uma mudan\u00e7a nas redes sociais para que conte\u00fados como esses n\u00e3o sejam espalhados, permitidos nem monetizados. Tira o dinheiro dessa galera que tudo o que eles fazem perde o sentido\u201d, defendeu Felca.<\/p>\n<p><strong>A\u00e7\u00f5es<\/strong><\/p>\n<p>A Pol\u00edcia Federal vem, h\u00e1 anos, desenvolvendo trabalhos constantes em opera\u00e7\u00f5es permanentes contra a pedofilia. S\u00e3o a\u00e7\u00f5es como as opera\u00e7\u00f5es Horus e Prote\u00e7\u00e3o Integral.<\/p>\n<p>O objetivo \u00e9 identificar e prender envolvidos com a distribui\u00e7\u00e3o de imagens de explora\u00e7\u00e3o er\u00f3tica e sexual de crian\u00e7as e adolescentes. Recentemente, um homem foi preso em flagrante por armazenar material de abuso sexual infantojuvenil.<\/p>\n<p>A pris\u00e3o ocorreu no dia 12 de junho e os agentes tamb\u00e9m localizaram arma de fogo, al\u00e9m de dispositivos<br \/>eletr\u00f4nicos contendo arquivos il\u00edcitos. Al\u00e9m das pris\u00f5es, as investiga\u00e7\u00f5es prosseguem para ampliar a rede de ped\u00f3filos j\u00e1 identificados e investigados pela PF.<\/p>\n<p>Especialistas indicam que a exposi\u00e7\u00e3o excessiva, com excesso de telas, \u00e9 a porta de entrada para esse tipo de crime, considerado legalmente hediondo. Uma tese defendida na Universidade Federal de Minas Gerais (UFMG) aponta que o uso excessivo de telas est\u00e1 relacionado a uma piora da sa\u00fade mental de seus usu\u00e1rios, independentemente da idade.<\/p>\n<\/div>\n<p><br \/>\n<br \/><a href=\"https:\/\/www.tribunaribeirao.com.br\/o-brasil-de-olho-na-adultizacao-infantil\/\">Source link <\/a><\/p>\n<!-- CONTENT END 1 -->\n","protected":false},"excerpt":{"rendered":"<p>Por Adalberto Luque \u00a0 A den\u00fancia sobre \u201cadultiza\u00e7\u00e3o\u201d infantil do YouTuber Felca (nome usado por Felipe Bressanim Pereira), de 27 anos, foi feita no dia&#8230;<\/p>\n","protected":false},"author":1,"featured_media":75873,"comment_status":"open","ping_status":"open","sticky":false,"template":"","format":"standard","meta":{"advanced_seo_description":"","jetpack_seo_html_title":"","jetpack_seo_noindex":false,"jetpack_post_was_ever_published":false,"_jetpack_newsletter_access":"","_jetpack_dont_email_post_to_subs":false,"_jetpack_newsletter_tier_id":0,"_jetpack_memberships_contains_paywalled_content":false,"_jetpack_memberships_contains_paid_content":false,"footnotes":"","jetpack_publicize_message":"","jetpack_publicize_feature_enabled":true,"jetpack_social_post_already_shared":true,"jetpack_social_options":{"image_generator_settings":{"template":"highway","default_image_id":0,"font":"","enabled":false},"version":2}},"categories":[11],"tags":[],"class_list":["post-75872","post","type-post","status-publish","format-standard","has-post-thumbnail","hentry","category-noticias-de-ribeirao-preto-sp-e-regiao-ismael-colosi"],"jetpack_publicize_connections":[],"jetpack_featured_media_url":"https:\/\/i0.wp.com\/noticiasribeiraopreto.com.br\/wp-content\/uploads\/2025\/08\/felca-850x560-1.jpg?fit=850%2C560&ssl=1","jetpack-related-posts":[{"id":75565,"url":"https:\/\/noticiasribeiraopreto.com.br\/index.php\/2025\/08\/11\/camara-pode-pautar-projeto-contra-adultizacao-de-criancas-nas-redes\/","url_meta":{"origin":75872,"position":0},"title":"C\u00e2mara pode pautar projeto contra \u2018adultiza\u00e7\u00e3o\u2019 de crian\u00e7as nas redes","author":"noticiasribeiraopreto.com.br","date":"11 de August de 2025","format":false,"excerpt":"11 de agosto de 2025 17:101 Compartilhar0 O presidente da C\u00e2mara dos Deputados, Hugo Motta (Republicanos), informou nesta segunda-feira (11) que vai pautar projetos que combatam ou restrinjam o alcance de perfis e conte\u00fados nas redes sociais que promovam a \u2018adultiza\u00e7\u00e3o\u2019 de crian\u00e7as e adolescentes. O tema ganhou enorme repercuss\u00e3o\u2026","rel":"","context":"In &quot;Not\u00edcias de Ribeir\u00e3o Preto-SP e Regi\u00e3o&quot;","block_context":{"text":"Not\u00edcias de Ribeir\u00e3o Preto-SP e Regi\u00e3o","link":"https:\/\/noticiasribeiraopreto.com.br\/index.php\/category\/noticias-de-ribeirao-preto-sp-e-regiao-ismael-colosi\/"},"img":{"alt_text":"","src":"https:\/\/i0.wp.com\/noticiasribeiraopreto.com.br\/wp-content\/uploads\/2025\/08\/crianca.jpg?fit=800%2C500&ssl=1&resize=350%2C200","width":350,"height":200,"srcset":"https:\/\/i0.wp.com\/noticiasribeiraopreto.com.br\/wp-content\/uploads\/2025\/08\/crianca.jpg?fit=800%2C500&ssl=1&resize=350%2C200 1x, https:\/\/i0.wp.com\/noticiasribeiraopreto.com.br\/wp-content\/uploads\/2025\/08\/crianca.jpg?fit=800%2C500&ssl=1&resize=525%2C300 1.5x, https:\/\/i0.wp.com\/noticiasribeiraopreto.com.br\/wp-content\/uploads\/2025\/08\/crianca.jpg?fit=800%2C500&ssl=1&resize=700%2C400 2x"},"classes":[]},{"id":62189,"url":"https:\/\/noticiasribeiraopreto.com.br\/index.php\/2025\/01\/06\/seguidora-denuncia-influenciadora-de-ribeirao-preto-por-supostas-ameacas-nas-redes-sociais\/","url_meta":{"origin":75872,"position":1},"title":"Seguidora denuncia influenciadora de Ribeir\u00e3o Preto por supostas amea\u00e7as nas redes sociais","author":"noticiasribeiraopreto.com.br","date":"6 de January de 2025","format":false,"excerpt":"A advogada Hevelin Clair de Castro, que representa a seguidora que denunciou a influenciadora Lais Oliveira, anunciou nesta segunda-feira (6) que tomar\u00e1 novas a\u00e7\u00f5es legais, incluindo um pedido de medida protetiva contra Lais. Isso ocorre porque, de acordo com a advogada, ap\u00f3s sair da pris\u00e3o, Lais fez publica\u00e7\u00f5es nas redes\u2026","rel":"","context":"In &quot;Not\u00edcias de Ribeir\u00e3o Preto-SP e Regi\u00e3o&quot;","block_context":{"text":"Not\u00edcias de Ribeir\u00e3o Preto-SP e Regi\u00e3o","link":"https:\/\/noticiasribeiraopreto.com.br\/index.php\/category\/noticias-de-ribeirao-preto-sp-e-regiao-ismael-colosi\/"},"img":{"alt_text":"","src":"https:\/\/i0.wp.com\/noticiasribeiraopreto.com.br\/wp-content\/uploads\/2024\/12\/Copia-de-Copia-de-Copia-de-TAMANHO-EXATO-PARA-FOTOS-NO-SISTEMA-NOVO-2024-12-05T185412.430_2024-12-05_21-54-16_png_2024-12-05_21-54-16.webp.webp?fit=1200%2C675&ssl=1&resize=350%2C200","width":350,"height":200,"srcset":"https:\/\/i0.wp.com\/noticiasribeiraopreto.com.br\/wp-content\/uploads\/2024\/12\/Copia-de-Copia-de-Copia-de-TAMANHO-EXATO-PARA-FOTOS-NO-SISTEMA-NOVO-2024-12-05T185412.430_2024-12-05_21-54-16_png_2024-12-05_21-54-16.webp.webp?fit=1200%2C675&ssl=1&resize=350%2C200 1x, https:\/\/i0.wp.com\/noticiasribeiraopreto.com.br\/wp-content\/uploads\/2024\/12\/Copia-de-Copia-de-Copia-de-TAMANHO-EXATO-PARA-FOTOS-NO-SISTEMA-NOVO-2024-12-05T185412.430_2024-12-05_21-54-16_png_2024-12-05_21-54-16.webp.webp?fit=1200%2C675&ssl=1&resize=525%2C300 1.5x, https:\/\/i0.wp.com\/noticiasribeiraopreto.com.br\/wp-content\/uploads\/2024\/12\/Copia-de-Copia-de-Copia-de-TAMANHO-EXATO-PARA-FOTOS-NO-SISTEMA-NOVO-2024-12-05T185412.430_2024-12-05_21-54-16_png_2024-12-05_21-54-16.webp.webp?fit=1200%2C675&ssl=1&resize=700%2C400 2x, https:\/\/i0.wp.com\/noticiasribeiraopreto.com.br\/wp-content\/uploads\/2024\/12\/Copia-de-Copia-de-Copia-de-TAMANHO-EXATO-PARA-FOTOS-NO-SISTEMA-NOVO-2024-12-05T185412.430_2024-12-05_21-54-16_png_2024-12-05_21-54-16.webp.webp?fit=1200%2C675&ssl=1&resize=1050%2C600 3x"},"classes":[]},{"id":79304,"url":"https:\/\/noticiasribeiraopreto.com.br\/index.php\/2025\/10\/29\/mp-investiga-denuncia-de-racismo\/","url_meta":{"origin":75872,"position":2},"title":"MP investiga denuncia de racismo","author":"noticiasribeiraopreto.com.br","date":"29 de October de 2025","format":false,"excerpt":"Promotoria da Educa\u00e7\u00e3o quer saber se a pr\u00e1tica contra uma aluna de tr\u00eas anos de idade foi algo isolado; tamb\u00e9m cobra quais projetos s\u00e3o desenvolvidos na rede municipal\u2028\u2028 O promotor Naul Felca, do Grupo de Atua\u00e7\u00e3o Especial de Educa\u00e7\u00e3o (Geduc) do Minist\u00e9rio P\u00fablico de S\u00e3o Paulo (MPSP) em Ribeir\u00e3o Preto,\u2026","rel":"","context":"In &quot;Not\u00edcias de Ribeir\u00e3o Preto-SP e Regi\u00e3o&quot;","block_context":{"text":"Not\u00edcias de Ribeir\u00e3o Preto-SP e Regi\u00e3o","link":"https:\/\/noticiasribeiraopreto.com.br\/index.php\/category\/noticias-de-ribeirao-preto-sp-e-regiao-ismael-colosi\/"},"img":{"alt_text":"","src":"https:\/\/i0.wp.com\/noticiasribeiraopreto.com.br\/wp-content\/uploads\/2025\/10\/Racismo-Google-Street-View.jpg?fit=1062%2C627&ssl=1&resize=350%2C200","width":350,"height":200,"srcset":"https:\/\/i0.wp.com\/noticiasribeiraopreto.com.br\/wp-content\/uploads\/2025\/10\/Racismo-Google-Street-View.jpg?fit=1062%2C627&ssl=1&resize=350%2C200 1x, https:\/\/i0.wp.com\/noticiasribeiraopreto.com.br\/wp-content\/uploads\/2025\/10\/Racismo-Google-Street-View.jpg?fit=1062%2C627&ssl=1&resize=525%2C300 1.5x, https:\/\/i0.wp.com\/noticiasribeiraopreto.com.br\/wp-content\/uploads\/2025\/10\/Racismo-Google-Street-View.jpg?fit=1062%2C627&ssl=1&resize=700%2C400 2x, https:\/\/i0.wp.com\/noticiasribeiraopreto.com.br\/wp-content\/uploads\/2025\/10\/Racismo-Google-Street-View.jpg?fit=1062%2C627&ssl=1&resize=1050%2C600 3x"},"classes":[]},{"id":42122,"url":"https:\/\/noticiasribeiraopreto.com.br\/index.php\/2024\/03\/12\/dicas-de-como-utilizar-o-youtube-para-empresas\/","url_meta":{"origin":75872,"position":3},"title":"Dicas de como utilizar o Youtube para empresas","author":"noticiasribeiraopreto.com.br","date":"12 de March de 2024","format":false,"excerpt":"Descubra a import\u00e2ncia que um canal no youtube possui para que a sua empresa tenha ainda mais alcance no mercado! \u00c9 quase imposs\u00edvel que voc\u00ea nunca tenha tido d\u00favidas sobre como fazer algo ou curiosidade sobre um produto que est\u00e1 a dias pensando em comprar e acabou jogando no Youtube\u2026","rel":"","context":"In &quot;Empreendedorismo&quot;","block_context":{"text":"Empreendedorismo","link":"https:\/\/noticiasribeiraopreto.com.br\/index.php\/category\/empreendedorismo-negocios-ismael-colosi-negocios\/"},"img":{"alt_text":"","src":"https:\/\/i0.wp.com\/noticiasribeiraopreto.com.br\/wp-content\/uploads\/2024\/03\/Youtube-1024x286.jpg?fit=1024%2C286&ssl=1&resize=350%2C200","width":350,"height":200,"srcset":"https:\/\/i0.wp.com\/noticiasribeiraopreto.com.br\/wp-content\/uploads\/2024\/03\/Youtube-1024x286.jpg?fit=1024%2C286&ssl=1&resize=350%2C200 1x, https:\/\/i0.wp.com\/noticiasribeiraopreto.com.br\/wp-content\/uploads\/2024\/03\/Youtube-1024x286.jpg?fit=1024%2C286&ssl=1&resize=525%2C300 1.5x, https:\/\/i0.wp.com\/noticiasribeiraopreto.com.br\/wp-content\/uploads\/2024\/03\/Youtube-1024x286.jpg?fit=1024%2C286&ssl=1&resize=700%2C400 2x"},"classes":[]},{"id":82574,"url":"https:\/\/noticiasribeiraopreto.com.br\/index.php\/2026\/02\/19\/mae-e-padrasto-sao-denunciados-por-estupro-de-vulneravel\/","url_meta":{"origin":75872,"position":4},"title":"M\u00e3e e padrasto s\u00e3o denunciados por estupro de vulner\u00e1vel","author":"noticiasribeiraopreto.com.br","date":"19 de February de 2026","format":false,"excerpt":"\r MP tamb\u00e9m incluiu produ\u00e7\u00e3o de pornografia infantil, divulga\u00e7\u00e3o de pornografia infantil, posse de pornografia infantil e outros crimes\r \r 19 de fevereiro de 2026 11:40 \r Compartilhar1 Por: Adalberto Luque \u2013 Leilane Vit\u00f3ria Oliva Coelho, de 22 anos, e seu companheiro, Andrey Gabriel Zancarli, de 23 anos, foram denunciados\u2026","rel":"","context":"In &quot;Not\u00edcias de Ribeir\u00e3o Preto-SP e Regi\u00e3o&quot;","block_context":{"text":"Not\u00edcias de Ribeir\u00e3o Preto-SP e Regi\u00e3o","link":"https:\/\/noticiasribeiraopreto.com.br\/index.php\/category\/noticias-de-ribeirao-preto-sp-e-regiao-ismael-colosi\/"},"img":{"alt_text":"","src":"https:\/\/i0.wp.com\/noticiasribeiraopreto.com.br\/wp-content\/uploads\/2026\/02\/19-fev-2026-maeestupro1.jpg?fit=774%2C435&ssl=1&resize=350%2C200","width":350,"height":200,"srcset":"https:\/\/i0.wp.com\/noticiasribeiraopreto.com.br\/wp-content\/uploads\/2026\/02\/19-fev-2026-maeestupro1.jpg?fit=774%2C435&ssl=1&resize=350%2C200 1x, https:\/\/i0.wp.com\/noticiasribeiraopreto.com.br\/wp-content\/uploads\/2026\/02\/19-fev-2026-maeestupro1.jpg?fit=774%2C435&ssl=1&resize=525%2C300 1.5x, https:\/\/i0.wp.com\/noticiasribeiraopreto.com.br\/wp-content\/uploads\/2026\/02\/19-fev-2026-maeestupro1.jpg?fit=774%2C435&ssl=1&resize=700%2C400 2x"},"classes":[]},{"id":79367,"url":"https:\/\/noticiasribeiraopreto.com.br\/index.php\/2025\/10\/30\/mp-denuncia-elizabete-pela-morte-de-filha\/","url_meta":{"origin":75872,"position":5},"title":"MP denuncia Elizabete pela morte de filha","author":"noticiasribeiraopreto.com.br","date":"30 de October de 2025","format":false,"excerpt":"Por: Adalberto Luque O Minist\u00e9rio P\u00fablico de S\u00e3o Paulo (MPSP) denunciou Elizabete Eug\u00eanio Arraba\u00e7a, de 68 anos, pela morte de sua filha Nath\u00e1lia Garnica, de 42 anos, por envenenamento. A promotora apresentou den\u00fancia por crime de feminic\u00eddio, com tr\u00eas qualificadoras :emprego de veneno, meio cruel e mediante dissimula\u00e7\u00e3o e de\u2026","rel":"","context":"In &quot;Not\u00edcias de Ribeir\u00e3o Preto-SP e Regi\u00e3o&quot;","block_context":{"text":"Not\u00edcias de Ribeir\u00e3o Preto-SP e Regi\u00e3o","link":"https:\/\/noticiasribeiraopreto.com.br\/index.php\/category\/noticias-de-ribeirao-preto-sp-e-regiao-ismael-colosi\/"},"img":{"alt_text":"","src":"https:\/\/i0.wp.com\/noticiasribeiraopreto.com.br\/wp-content\/uploads\/2025\/10\/12-set-2025-betechumbinhonathalia2-1.jpg?fit=934%2C780&ssl=1&resize=350%2C200","width":350,"height":200,"srcset":"https:\/\/i0.wp.com\/noticiasribeiraopreto.com.br\/wp-content\/uploads\/2025\/10\/12-set-2025-betechumbinhonathalia2-1.jpg?fit=934%2C780&ssl=1&resize=350%2C200 1x, https:\/\/i0.wp.com\/noticiasribeiraopreto.com.br\/wp-content\/uploads\/2025\/10\/12-set-2025-betechumbinhonathalia2-1.jpg?fit=934%2C780&ssl=1&resize=525%2C300 1.5x, https:\/\/i0.wp.com\/noticiasribeiraopreto.com.br\/wp-content\/uploads\/2025\/10\/12-set-2025-betechumbinhonathalia2-1.jpg?fit=934%2C780&ssl=1&resize=700%2C400 2x"},"classes":[]}],"jetpack_sharing_enabled":true,"jetpack_shortlink":"https:\/\/wp.me\/peQAOb-jJK","_links":{"self":[{"href":"https:\/\/noticiasribeiraopreto.com.br\/index.php\/wp-json\/wp\/v2\/posts\/75872","targetHints":{"allow":["GET"]}}],"collection":[{"href":"https:\/\/noticiasribeiraopreto.com.br\/index.php\/wp-json\/wp\/v2\/posts"}],"about":[{"href":"https:\/\/noticiasribeiraopreto.com.br\/index.php\/wp-json\/wp\/v2\/types\/post"}],"author":[{"embeddable":true,"href":"https:\/\/noticiasribeiraopreto.com.br\/index.php\/wp-json\/wp\/v2\/users\/1"}],"replies":[{"embeddable":true,"href":"https:\/\/noticiasribeiraopreto.com.br\/index.php\/wp-json\/wp\/v2\/comments?post=75872"}],"version-history":[{"count":0,"href":"https:\/\/noticiasribeiraopreto.com.br\/index.php\/wp-json\/wp\/v2\/posts\/75872\/revisions"}],"wp:featuredmedia":[{"embeddable":true,"href":"https:\/\/noticiasribeiraopreto.com.br\/index.php\/wp-json\/wp\/v2\/media\/75873"}],"wp:attachment":[{"href":"https:\/\/noticiasribeiraopreto.com.br\/index.php\/wp-json\/wp\/v2\/media?parent=75872"}],"wp:term":[{"taxonomy":"category","embeddable":true,"href":"https:\/\/noticiasribeiraopreto.com.br\/index.php\/wp-json\/wp\/v2\/categories?post=75872"},{"taxonomy":"post_tag","embeddable":true,"href":"https:\/\/noticiasribeiraopreto.com.br\/index.php\/wp-json\/wp\/v2\/tags?post=75872"}],"curies":[{"name":"wp","href":"https:\/\/api.w.org\/{rel}","templated":true}]}}