{"id":75875,"date":"2025-08-17T10:00:11","date_gmt":"2025-08-17T13:00:11","guid":{"rendered":"https:\/\/noticiasribeiraopreto.com.br\/index.php\/2025\/08\/17\/show-palestra-e-bate-papo-veja-os-destaques-da-feira-do-livro-de-ribeirao-preto-neste-domingo\/"},"modified":"2025-08-17T10:00:11","modified_gmt":"2025-08-17T13:00:11","slug":"show-palestra-e-bate-papo-veja-os-destaques-da-feira-do-livro-de-ribeirao-preto-neste-domingo","status":"publish","type":"post","link":"https:\/\/noticiasribeiraopreto.com.br\/index.php\/2025\/08\/17\/show-palestra-e-bate-papo-veja-os-destaques-da-feira-do-livro-de-ribeirao-preto-neste-domingo\/","title":{"rendered":"Show, palestra e bate-papo: veja os destaques da Feira do Livro de Ribeir\u00e3o Preto neste domingo"},"content":{"rendered":"<div class='code-block code-block-1' style='margin: 8px 0 8px auto; text-align: right; display: block; clear: both;'>\n<p><a href=\"https:\/\/wa.link\/vpicfd\"><img data-recalc-dims=\"1\" class=\"wp-image-4922\" style=\"aspect-ratio: 2.0253164556962027; width: 561px; height: auto;\" src=\"https:\/\/i0.wp.com\/ismaelcolosi.com.br\/wp-content\/uploads\/2023\/11\/grupo-de-empregos-whatsapp-e-facebook-ismael-colosi-vagas.jpg?ssl=1\" alt=\"\" \/><\/a><\/p>\n<!-- \/wp:image -->\n<\/div>\n<p> <br \/>\n<\/p>\n<div>\n<p>O terceiro dia de atividades da\u00a0<strong>24\u00aa Feira Internacional do Livro<\/strong> de <strong>Ribeir\u00e3o Preto<\/strong> acontece neste\u00a0<strong>domingo (16)<\/strong>, com programa\u00e7\u00f5es a partir das\u00a0<strong>9h<\/strong>,<strong>\u00a0totalmente gratuita<\/strong>, no\u00a0<strong>Centro<\/strong>\u00a0de\u00a0<strong>Ribeir\u00e3o Preto<\/strong>. A FIL segue at\u00e9 o dia <strong>24 de agosto<\/strong> \u2013\u00a0<a href=\"https:\/\/drive.google.com\/file\/d\/1ccuUm--cD83UPitwN-6XofOO0Vcs_C31\/view\" target=\"_blank\" rel=\"noreferrer noopener\">clique aqui e veja a programa\u00e7\u00e3o completa.<\/a><\/p>\n<p>O tema da feira deste ano \u00e9 \u201c<strong>Futuros Poss\u00edveis: entre linhas e par\u00e1grafos<\/strong>\u201d e presta homenagem aos autores: Domenico Demasi, Djamila Ribeiro, Andr\u00e9 Lu\u00eds Oliveira e Matheus Arcaro.<\/p>\n<h2 class=\"wp-block-heading\"><strong><strong>Destaques de domingo<\/strong><\/strong><\/h2>\n<p><strong>Premia\u00e7\u00e3o Concurso Liter\u00e1rio Professora Zoraide Rocha de Freitas<\/strong><\/p>\n<p>Criado pela <strong>Academia Ribeir\u00e3o-Pretana de Letras (ARL)<\/strong> e presente na FIL desde a primeira edi\u00e7\u00e3o, o concurso premia as categorias: Estudantil-Regional (desenho, poema e conto) e Adulto Internacional (cr\u00f4nica).<br \/><strong>Local: <\/strong>Biblioteca Sinh\u00e1 Junqueira<\/p>\n<p><strong>Sal\u00e3o de Ideias com Evandro Manchini<\/strong><\/p>\n<p>O encontro ir\u00e1 debater a tem\u00e1tica do livro \u201c<strong>Pode Falar \u2013 Quebrando o Sil\u00eancio em Torno do HIV\u201d<\/strong>, de Evandro.<br \/><strong>Local: <\/strong>Theatro Pedro II \u2013 Audit\u00f3rio Meira Junior<\/p>\n<p><strong>Conta\u00e7\u00f5es de Hist\u00f3rias da Cole\u00e7\u00e3o Financinhas<\/strong><\/p>\n<p><strong>Thiago Franz\u00e9<\/strong> realiza a conta\u00e7\u00e3o de hist\u00f3rias da <strong>Cole\u00e7\u00e3o Financinhas<\/strong>, voltada a crian\u00e7as de seis a dez anos. A proposta utiliza uma abordagem l\u00fadica para introduzir conceitos de educa\u00e7\u00e3o financeira, como sonhos, necessidades e desejos, por meio de uma linguagem acess\u00edvel ao universo infantil.<br \/><strong>Local:<\/strong> Pra\u00e7a XV de Novembro \u2013 \u00d4nibus Livro Vivo<\/p>\n<p><strong>Bate-papo: Habilidades para o Futuro com Martha Gabriel<\/strong><\/p>\n<p>O encontro debate o futuro do trabalho e as habilidades essenciais para acompanh\u00e1-lo, como autoconhecimento como base do desenvolvimento.<br \/><strong>Local:<\/strong> Tenda Sesc Senac<\/p>\n<p><strong>H\u00e9lio Ziskind &amp; Banda<\/strong><\/p>\n<p><strong>H\u00e9lio Ziskind &amp; Banda <\/strong>apresentam o show \u201c<strong>Frevo \u00e9 muito bom<\/strong>\u201d, com can\u00e7\u00f5es do novo \u00e1lbum de m\u00fasicas para crian\u00e7as.<br \/><strong>Local:<\/strong> Theatro Pedro II<\/p>\n<p>A programa\u00e7\u00e3o tamb\u00e9m conta com conta\u00e7\u00f5es de hist\u00f3rias, oficinas, feira de ado\u00e7\u00e3o de animais, experi\u00eancia imersiva de jogo e m\u00fasica ao vivo.<\/p>\n<p>SAIBA MAIS<br \/>Fenasucro termina com expectativa de superar R$ 10,7 bi em neg\u00f3cios<\/p>\n<h2 class=\"wp-block-heading\"><strong>FIQUE ON<\/strong><\/h2>\n<p>Fique ligado em tudo que acontece em Ribeir\u00e3o Preto e regi\u00e3o. Siga os perfis do\u00a0<strong>acidade on\u00a0<\/strong>no<a href=\"https:\/\/www.instagram.com\/acidadeonribeirao\" target=\"_blank\" rel=\"noreferrer noopener\">\u00a0Instagram<\/a>\u00a0e no\u00a0<a href=\"https:\/\/www.facebook.com\/acidadeonribeirao\/\" target=\"_blank\" rel=\"noreferrer noopener\">Facebook<\/a>.<\/p>\n<p>Receba not\u00edcias do\u00a0<strong>acidade on<\/strong>\u00a0no WhatsApp.\u00a0<a href=\"https:\/\/chat.whatsapp.com\/I4nieTEMKlf50pJ28aMemC?mode=ac_t\" target=\"_blank\" rel=\"noreferrer noopener\">Para entrar no grupo, basta clicar aqui.<\/a><\/p>\n<p>Fa\u00e7a uma den\u00fancia ou sugira uma reportagem sobre Ribeir\u00e3o Preto e regi\u00e3o pelo WhatsApp: 16 99117 7802.<\/p>\n<p>VEJA TAMB\u00c9M<br \/>Qual a parceria entre Zeca Pagodinho e a Embrapa?<\/p>\n<p><!-- AI CONTENT END 1 -->\n<\/div>\n<p><script async src=\"\/\/www.instagram.com\/embed.js\"><\/script><br \/>\n<br \/><br \/>\n<br \/><a href=\"https:\/\/www.acidadeon.com\/ribeiraopreto\/lazer-e-cultura\/show-palestra-e-bate-papo-veja-os-destaques-da-feira-do-livro-de-ribeirao-preto-neste-domingo\/\">Source link <\/a><\/p>\n<!-- CONTENT END 1 -->\n","protected":false},"excerpt":{"rendered":"<p>O terceiro dia de atividades da\u00a024\u00aa Feira Internacional do Livro de Ribeir\u00e3o Preto acontece neste\u00a0domingo (16), com programa\u00e7\u00f5es a partir das\u00a09h,\u00a0totalmente gratuita, no\u00a0Centro\u00a0de\u00a0Ribeir\u00e3o Preto. A&#8230;<\/p>\n","protected":false},"author":1,"featured_media":75876,"comment_status":"open","ping_status":"open","sticky":false,"template":"","format":"standard","meta":{"advanced_seo_description":"","jetpack_seo_html_title":"","jetpack_seo_noindex":false,"jetpack_post_was_ever_published":false,"_jetpack_newsletter_access":"","_jetpack_dont_email_post_to_subs":false,"_jetpack_newsletter_tier_id":0,"_jetpack_memberships_contains_paywalled_content":false,"_jetpack_memberships_contains_paid_content":false,"footnotes":"","jetpack_publicize_message":"","jetpack_publicize_feature_enabled":true,"jetpack_social_post_already_shared":true,"jetpack_social_options":{"image_generator_settings":{"template":"highway","default_image_id":0,"font":"","enabled":false},"version":2}},"categories":[11],"tags":[],"class_list":["post-75875","post","type-post","status-publish","format-standard","has-post-thumbnail","hentry","category-noticias-de-ribeirao-preto-sp-e-regiao-ismael-colosi"],"jetpack_publicize_connections":[],"jetpack_featured_media_url":"https:\/\/i0.wp.com\/noticiasribeiraopreto.com.br\/wp-content\/uploads\/2025\/08\/escoteiros-1_2025-08-16_18-52-15.webp.webp?fit=1200%2C675&ssl=1","jetpack-related-posts":[{"id":56292,"url":"https:\/\/noticiasribeiraopreto.com.br\/index.php\/2024\/08\/12\/mais-de-250-mil-pessoas-passaram-pela-feira-do-livro-de-ribeirao-preto-em-2024\/","url_meta":{"origin":75875,"position":0},"title":"Mais de 250 mil pessoas passaram pela Feira do Livro de Ribeir\u00e3o Preto em 2024","author":"noticiasribeiraopreto.com.br","date":"12 de August de 2024","format":false,"excerpt":"A 23\u00aa FIL (Feira Internacional do Livro) de Ribeir\u00e3o Preto terminou no \u00faltimo domingo (11), registrando um p\u00fablico de 250 mil pessoas durante os 11 dias de realiza\u00e7\u00e3o. A abertura da feira aconteceu no dia 1\u00ba de agosto e a programa\u00e7\u00e3o di\u00e1ria, de 2 a 11 de agosto, foi oferecida\u2026","rel":"","context":"In &quot;Not\u00edcias de Ribeir\u00e3o Preto-SP e Regi\u00e3o&quot;","block_context":{"text":"Not\u00edcias de Ribeir\u00e3o Preto-SP e Regi\u00e3o","link":"https:\/\/noticiasribeiraopreto.com.br\/index.php\/category\/noticias-de-ribeirao-preto-sp-e-regiao-ismael-colosi\/"},"img":{"alt_text":"","src":"https:\/\/i0.wp.com\/noticiasribeiraopreto.com.br\/wp-content\/uploads\/2024\/08\/feira-do-livro_2024-08-12_16-48-15_jpg_2024-08-12_16-48-16-scaled.webp.webp?fit=1200%2C800&ssl=1&resize=350%2C200","width":350,"height":200,"srcset":"https:\/\/i0.wp.com\/noticiasribeiraopreto.com.br\/wp-content\/uploads\/2024\/08\/feira-do-livro_2024-08-12_16-48-15_jpg_2024-08-12_16-48-16-scaled.webp.webp?fit=1200%2C800&ssl=1&resize=350%2C200 1x, https:\/\/i0.wp.com\/noticiasribeiraopreto.com.br\/wp-content\/uploads\/2024\/08\/feira-do-livro_2024-08-12_16-48-15_jpg_2024-08-12_16-48-16-scaled.webp.webp?fit=1200%2C800&ssl=1&resize=525%2C300 1.5x, https:\/\/i0.wp.com\/noticiasribeiraopreto.com.br\/wp-content\/uploads\/2024\/08\/feira-do-livro_2024-08-12_16-48-15_jpg_2024-08-12_16-48-16-scaled.webp.webp?fit=1200%2C800&ssl=1&resize=700%2C400 2x, https:\/\/i0.wp.com\/noticiasribeiraopreto.com.br\/wp-content\/uploads\/2024\/08\/feira-do-livro_2024-08-12_16-48-15_jpg_2024-08-12_16-48-16-scaled.webp.webp?fit=1200%2C800&ssl=1&resize=1050%2C600 3x"},"classes":[]},{"id":75784,"url":"https:\/\/noticiasribeiraopreto.com.br\/index.php\/2025\/08\/15\/shows-parada-e-fil-veja-o-que-acontece-neste-fim-de-semana-em-ribeirao-e-regiao\/","url_meta":{"origin":75875,"position":1},"title":"Shows, Parada e FIL: veja o que acontece neste fim de semana em Ribeir\u00e3o e regi\u00e3o","author":"noticiasribeiraopreto.com.br","date":"15 de August de 2025","format":false,"excerpt":"Neste fim de semana, Ribeir\u00e3o Preto e regi\u00e3o oferece diversas op\u00e7\u00f5es culturais para quem deseja aproveitar fora de casa. Nesta sexta-feira (15), acontece a edi\u00e7\u00e3o da Nugroove \u201cSintonia \u2013 A Festa\u201d e a abertura da FIL (Feira Internacional do Livro de Ribeir\u00e3o Preto). No domingo (17), acontece a 21\u00aa Parada\u2026","rel":"","context":"In &quot;Not\u00edcias de Ribeir\u00e3o Preto-SP e Regi\u00e3o&quot;","block_context":{"text":"Not\u00edcias de Ribeir\u00e3o Preto-SP e Regi\u00e3o","link":"https:\/\/noticiasribeiraopreto.com.br\/index.php\/category\/noticias-de-ribeirao-preto-sp-e-regiao-ismael-colosi\/"},"img":{"alt_text":"","src":"https:\/\/i0.wp.com\/noticiasribeiraopreto.com.br\/wp-content\/uploads\/2025\/08\/racionais_mcs_12197960953_1_2025-03-10_14-56-34.webp.webp?fit=754%2C503&ssl=1&resize=350%2C200","width":350,"height":200,"srcset":"https:\/\/i0.wp.com\/noticiasribeiraopreto.com.br\/wp-content\/uploads\/2025\/08\/racionais_mcs_12197960953_1_2025-03-10_14-56-34.webp.webp?fit=754%2C503&ssl=1&resize=350%2C200 1x, https:\/\/i0.wp.com\/noticiasribeiraopreto.com.br\/wp-content\/uploads\/2025\/08\/racionais_mcs_12197960953_1_2025-03-10_14-56-34.webp.webp?fit=754%2C503&ssl=1&resize=525%2C300 1.5x, https:\/\/i0.wp.com\/noticiasribeiraopreto.com.br\/wp-content\/uploads\/2025\/08\/racionais_mcs_12197960953_1_2025-03-10_14-56-34.webp.webp?fit=754%2C503&ssl=1&resize=700%2C400 2x"},"classes":[]},{"id":55085,"url":"https:\/\/noticiasribeiraopreto.com.br\/index.php\/2024\/07\/29\/show-de-dori-caymmi-e-uma-das-atracoes-da-feira-do-livro-de-ribeirao-preto\/","url_meta":{"origin":75875,"position":2},"title":"Show de Dori Caymmi \u00e9 uma das atra\u00e7\u00f5es da Feira do Livro de Ribeir\u00e3o Preto","author":"noticiasribeiraopreto.com.br","date":"29 de July de 2024","format":false,"excerpt":"O show do cantor e compositor Dori Caymmi \u00e9 uma das atra\u00e7\u00f5es da Feira Internacional do Livro de Ribeir\u00e3o Preto, que come\u00e7a na pr\u00f3xima quinta-feira (1\u00ba de agosto) e segue at\u00e9 o dia 11. A apresenta\u00e7\u00e3o est\u00e1 marcada para 4 de agosto, a partir das 20h, no Theatro Pedro II.\u2026","rel":"","context":"In &quot;Not\u00edcias de Ribeir\u00e3o Preto-SP e Regi\u00e3o&quot;","block_context":{"text":"Not\u00edcias de Ribeir\u00e3o Preto-SP e Regi\u00e3o","link":"https:\/\/noticiasribeiraopreto.com.br\/index.php\/category\/noticias-de-ribeirao-preto-sp-e-regiao-ismael-colosi\/"},"img":{"alt_text":"","src":"https:\/\/i0.wp.com\/noticiasribeiraopreto.com.br\/wp-content\/uploads\/2024\/07\/dori-caymmi_2024-07-29_15-35-02_jpeg_2024-07-29_15-35-02.webp.webp?fit=1200%2C675&ssl=1&resize=350%2C200","width":350,"height":200,"srcset":"https:\/\/i0.wp.com\/noticiasribeiraopreto.com.br\/wp-content\/uploads\/2024\/07\/dori-caymmi_2024-07-29_15-35-02_jpeg_2024-07-29_15-35-02.webp.webp?fit=1200%2C675&ssl=1&resize=350%2C200 1x, https:\/\/i0.wp.com\/noticiasribeiraopreto.com.br\/wp-content\/uploads\/2024\/07\/dori-caymmi_2024-07-29_15-35-02_jpeg_2024-07-29_15-35-02.webp.webp?fit=1200%2C675&ssl=1&resize=525%2C300 1.5x, https:\/\/i0.wp.com\/noticiasribeiraopreto.com.br\/wp-content\/uploads\/2024\/07\/dori-caymmi_2024-07-29_15-35-02_jpeg_2024-07-29_15-35-02.webp.webp?fit=1200%2C675&ssl=1&resize=700%2C400 2x, https:\/\/i0.wp.com\/noticiasribeiraopreto.com.br\/wp-content\/uploads\/2024\/07\/dori-caymmi_2024-07-29_15-35-02_jpeg_2024-07-29_15-35-02.webp.webp?fit=1200%2C675&ssl=1&resize=1050%2C600 3x"},"classes":[]},{"id":39730,"url":"https:\/\/noticiasribeiraopreto.com.br\/index.php\/2024\/02\/27\/ferreira-gullar-esta-entre-os-homenageados-da-feira-do-livro-de-ribeirao-preto-veja-lista\/","url_meta":{"origin":75875,"position":3},"title":"Ferreira Gullar est\u00e1 entre os homenageados da Feira do Livro de Ribeir\u00e3o Preto; Veja lista","author":"noticiasribeiraopreto.com.br","date":"27 de February de 2024","format":false,"excerpt":"A organiza\u00e7\u00e3o da Feira Internacional do Livro de Ribeir\u00e3o Preto (FIL-RP) anunciou, nesta ter\u00e7a-feira (27), que o escritor e poeta Ferreira Gullar, ser\u00e1 um dos homenageados da 23\u00aa edi\u00e7\u00e3o, que ser\u00e1 realizada entre os dias 1\u00ba e 11 de agosto. Nascido em S\u00e3o Lu\u00eds do Maranh\u00e3o, Jos\u00e9 Ribamar Ferreira (Gullar)\u2026","rel":"","context":"In &quot;Not\u00edcias de Ribeir\u00e3o Preto-SP e Regi\u00e3o&quot;","block_context":{"text":"Not\u00edcias de Ribeir\u00e3o Preto-SP e Regi\u00e3o","link":"https:\/\/noticiasribeiraopreto.com.br\/index.php\/category\/noticias-de-ribeirao-preto-sp-e-regiao-ismael-colosi\/"},"img":{"alt_text":"","src":"https:\/\/i0.wp.com\/noticiasribeiraopreto.com.br\/wp-content\/uploads\/2024\/02\/Copia-de-Copia-de-TAMANHO-EXATO-PARA-FOTOS-NO-SISTEMA-NOVO-50.png?fit=1200%2C675&ssl=1&resize=350%2C200","width":350,"height":200,"srcset":"https:\/\/i0.wp.com\/noticiasribeiraopreto.com.br\/wp-content\/uploads\/2024\/02\/Copia-de-Copia-de-TAMANHO-EXATO-PARA-FOTOS-NO-SISTEMA-NOVO-50.png?fit=1200%2C675&ssl=1&resize=350%2C200 1x, https:\/\/i0.wp.com\/noticiasribeiraopreto.com.br\/wp-content\/uploads\/2024\/02\/Copia-de-Copia-de-TAMANHO-EXATO-PARA-FOTOS-NO-SISTEMA-NOVO-50.png?fit=1200%2C675&ssl=1&resize=525%2C300 1.5x, https:\/\/i0.wp.com\/noticiasribeiraopreto.com.br\/wp-content\/uploads\/2024\/02\/Copia-de-Copia-de-TAMANHO-EXATO-PARA-FOTOS-NO-SISTEMA-NOVO-50.png?fit=1200%2C675&ssl=1&resize=700%2C400 2x, https:\/\/i0.wp.com\/noticiasribeiraopreto.com.br\/wp-content\/uploads\/2024\/02\/Copia-de-Copia-de-TAMANHO-EXATO-PARA-FOTOS-NO-SISTEMA-NOVO-50.png?fit=1200%2C675&ssl=1&resize=1050%2C600 3x"},"classes":[]},{"id":75874,"url":"https:\/\/noticiasribeiraopreto.com.br\/index.php\/2025\/08\/17\/domingo-sera-de-sol-e-calor-em-ribeirao-preto-veranico-chega-nesta-semana\/","url_meta":{"origin":75875,"position":4},"title":"Domingo ser\u00e1 de sol e calor em Ribeir\u00e3o Preto; Veranico chega nesta semana","author":"noticiasribeiraopreto.com.br","date":"17 de August de 2025","format":false,"excerpt":"O domingo (17) em Ribeir\u00e3o Preto ser\u00e1 ensolarado, com poucas nuvens e sem previs\u00e3o de chuva. Apesar da m\u00ednima de 16 \u00b0C, as temperaturas devem subir ao longo do dia e alcan\u00e7ar os 31 \u00b0C durante a tarde, segundo a Climatempo. A umidade relativa do ar varia entre 25% e\u2026","rel":"","context":"In &quot;Not\u00edcias de Ribeir\u00e3o Preto-SP e Regi\u00e3o&quot;","block_context":{"text":"Not\u00edcias de Ribeir\u00e3o Preto-SP e Regi\u00e3o","link":"https:\/\/noticiasribeiraopreto.com.br\/index.php\/category\/noticias-de-ribeirao-preto-sp-e-regiao-ismael-colosi\/"},"img":{"alt_text":"","src":"https:\/\/i0.wp.com\/noticiasribeiraopreto.com.br\/wp-content\/uploads\/2025\/08\/Imagem-do-WhatsApp-de-2025-08-10-as-09.21.15_9b79cfee_2025-08-10_12-29-12.webp.webp?fit=1200%2C675&ssl=1&resize=350%2C200","width":350,"height":200,"srcset":"https:\/\/i0.wp.com\/noticiasribeiraopreto.com.br\/wp-content\/uploads\/2025\/08\/Imagem-do-WhatsApp-de-2025-08-10-as-09.21.15_9b79cfee_2025-08-10_12-29-12.webp.webp?fit=1200%2C675&ssl=1&resize=350%2C200 1x, https:\/\/i0.wp.com\/noticiasribeiraopreto.com.br\/wp-content\/uploads\/2025\/08\/Imagem-do-WhatsApp-de-2025-08-10-as-09.21.15_9b79cfee_2025-08-10_12-29-12.webp.webp?fit=1200%2C675&ssl=1&resize=525%2C300 1.5x, https:\/\/i0.wp.com\/noticiasribeiraopreto.com.br\/wp-content\/uploads\/2025\/08\/Imagem-do-WhatsApp-de-2025-08-10-as-09.21.15_9b79cfee_2025-08-10_12-29-12.webp.webp?fit=1200%2C675&ssl=1&resize=700%2C400 2x, https:\/\/i0.wp.com\/noticiasribeiraopreto.com.br\/wp-content\/uploads\/2025\/08\/Imagem-do-WhatsApp-de-2025-08-10-as-09.21.15_9b79cfee_2025-08-10_12-29-12.webp.webp?fit=1200%2C675&ssl=1&resize=1050%2C600 3x"},"classes":[]},{"id":55461,"url":"https:\/\/noticiasribeiraopreto.com.br\/index.php\/2024\/08\/02\/veja-a-programacao-desta-sexta-feira-na-feira-do-livro-de-ribeirao-preto\/","url_meta":{"origin":75875,"position":5},"title":"Veja a programa\u00e7\u00e3o desta sexta-feira na Feira do Livro de Ribeir\u00e3o Preto","author":"noticiasribeiraopreto.com.br","date":"2 de August de 2024","format":false,"excerpt":"Esta sexta-feira (2), \u00e9 o segundo dia da\u00a023\u00aa Feira Internacional do Livro de Ribeir\u00e3o Preto, que segue at\u00e9 o dia 11 de agosto. A programa\u00e7\u00e3o oferece mais de\u00a0400 atividades gratuitas\u00a0no Centro de Ribeir\u00e3o Preto. \u00a0 O tema central da Feira este ano \u00e9: \u201cCotidianos po\u00e9ticos: Do \u00e9pico de Cam\u00f5es \u00e0s\u2026","rel":"","context":"In &quot;Not\u00edcias de Ribeir\u00e3o Preto-SP e Regi\u00e3o&quot;","block_context":{"text":"Not\u00edcias de Ribeir\u00e3o Preto-SP e Regi\u00e3o","link":"https:\/\/noticiasribeiraopreto.com.br\/index.php\/category\/noticias-de-ribeirao-preto-sp-e-regiao-ismael-colosi\/"},"img":{"alt_text":"","src":"https:\/\/i0.wp.com\/noticiasribeiraopreto.com.br\/wp-content\/uploads\/2024\/08\/sesc-na-FIL_2024-08-01_14-36-39_jpeg_2024-08-01_14-36-39.webp.webp?fit=1200%2C800&ssl=1&resize=350%2C200","width":350,"height":200,"srcset":"https:\/\/i0.wp.com\/noticiasribeiraopreto.com.br\/wp-content\/uploads\/2024\/08\/sesc-na-FIL_2024-08-01_14-36-39_jpeg_2024-08-01_14-36-39.webp.webp?fit=1200%2C800&ssl=1&resize=350%2C200 1x, https:\/\/i0.wp.com\/noticiasribeiraopreto.com.br\/wp-content\/uploads\/2024\/08\/sesc-na-FIL_2024-08-01_14-36-39_jpeg_2024-08-01_14-36-39.webp.webp?fit=1200%2C800&ssl=1&resize=525%2C300 1.5x, https:\/\/i0.wp.com\/noticiasribeiraopreto.com.br\/wp-content\/uploads\/2024\/08\/sesc-na-FIL_2024-08-01_14-36-39_jpeg_2024-08-01_14-36-39.webp.webp?fit=1200%2C800&ssl=1&resize=700%2C400 2x, https:\/\/i0.wp.com\/noticiasribeiraopreto.com.br\/wp-content\/uploads\/2024\/08\/sesc-na-FIL_2024-08-01_14-36-39_jpeg_2024-08-01_14-36-39.webp.webp?fit=1200%2C800&ssl=1&resize=1050%2C600 3x"},"classes":[]}],"jetpack_sharing_enabled":true,"jetpack_shortlink":"https:\/\/wp.me\/peQAOb-jJN","_links":{"self":[{"href":"https:\/\/noticiasribeiraopreto.com.br\/index.php\/wp-json\/wp\/v2\/posts\/75875","targetHints":{"allow":["GET"]}}],"collection":[{"href":"https:\/\/noticiasribeiraopreto.com.br\/index.php\/wp-json\/wp\/v2\/posts"}],"about":[{"href":"https:\/\/noticiasribeiraopreto.com.br\/index.php\/wp-json\/wp\/v2\/types\/post"}],"author":[{"embeddable":true,"href":"https:\/\/noticiasribeiraopreto.com.br\/index.php\/wp-json\/wp\/v2\/users\/1"}],"replies":[{"embeddable":true,"href":"https:\/\/noticiasribeiraopreto.com.br\/index.php\/wp-json\/wp\/v2\/comments?post=75875"}],"version-history":[{"count":0,"href":"https:\/\/noticiasribeiraopreto.com.br\/index.php\/wp-json\/wp\/v2\/posts\/75875\/revisions"}],"wp:featuredmedia":[{"embeddable":true,"href":"https:\/\/noticiasribeiraopreto.com.br\/index.php\/wp-json\/wp\/v2\/media\/75876"}],"wp:attachment":[{"href":"https:\/\/noticiasribeiraopreto.com.br\/index.php\/wp-json\/wp\/v2\/media?parent=75875"}],"wp:term":[{"taxonomy":"category","embeddable":true,"href":"https:\/\/noticiasribeiraopreto.com.br\/index.php\/wp-json\/wp\/v2\/categories?post=75875"},{"taxonomy":"post_tag","embeddable":true,"href":"https:\/\/noticiasribeiraopreto.com.br\/index.php\/wp-json\/wp\/v2\/tags?post=75875"}],"curies":[{"name":"wp","href":"https:\/\/api.w.org\/{rel}","templated":true}]}}