{"id":75877,"date":"2025-08-17T12:58:42","date_gmt":"2025-08-17T15:58:42","guid":{"rendered":"https:\/\/noticiasribeiraopreto.com.br\/index.php\/2025\/08\/17\/motociclista-morre-em-acidente-na-regiao-de-ribeirao-preto\/"},"modified":"2025-08-17T12:58:42","modified_gmt":"2025-08-17T15:58:42","slug":"motociclista-morre-em-acidente-na-regiao-de-ribeirao-preto","status":"publish","type":"post","link":"https:\/\/noticiasribeiraopreto.com.br\/index.php\/2025\/08\/17\/motociclista-morre-em-acidente-na-regiao-de-ribeirao-preto\/","title":{"rendered":"Motociclista morre em acidente na regi\u00e3o de Ribeir\u00e3o Preto"},"content":{"rendered":"<div class='code-block code-block-1' style='margin: 8px 0 8px auto; text-align: right; display: block; clear: both;'>\n<p><a href=\"https:\/\/wa.link\/vpicfd\"><img data-recalc-dims=\"1\" class=\"wp-image-4922\" style=\"aspect-ratio: 2.0253164556962027; width: 561px; height: auto;\" src=\"https:\/\/i0.wp.com\/ismaelcolosi.com.br\/wp-content\/uploads\/2023\/11\/grupo-de-empregos-whatsapp-e-facebook-ismael-colosi-vagas.jpg?ssl=1\" alt=\"\" \/><\/a><\/p>\n<!-- \/wp:image -->\n<\/div>\n<p> <br \/>\n<\/p>\n<div data-td-block-uid=\"tdi_95\">\n<div class=\"tdb-block-inner td-fix-index\">\n<p>Um <strong>motociclista <\/strong>morreu na manh\u00e3 deste domingo (17) ap\u00f3s um acidente na rodovia Washington Lu\u00eds (SP-310), em <strong>Taquaritinga<\/strong>, cidade a 84 quil\u00f4metros de <em>Ribeir\u00e3o Preto<\/em>.<\/p>\n<p>De acordo com o Centro de Controle de Informa\u00e7\u00f5es (CCI) da <strong>Artesp<\/strong>, a v\u00edtima pilotava uma Honda XRE 300 no sentido norte quando, por motivos ainda a serem apurados, <strong>perdeu o controle da moto<\/strong> e <strong>bateu contra a defensa met\u00e1lica do canteiro central<\/strong>.<\/p>\n<p>Com o impacto, o condutor foi arremessado para o canteiro, enquanto a motocicleta percorreu cerca de 1 km antes de cair. <mark style=\"background-color:#fcb900\" class=\"has-inline-color\">N\u00e3o h\u00e1 informa\u00e7\u00f5es sobre a identidade da v\u00edtima.<\/mark><\/p>\n<p>O <strong>Corpo de Bombeiros<\/strong> foi acionado, contudo, a v\u00edtima n\u00e3o resistiu aos ferimentos e morreu no local. N\u00e3o foi necess\u00e1rio interditar a rodovia. O acidente dever\u00e1 ser investigado pela Pol\u00edcia Civil.<\/p>\n<hr class=\"wp-block-separator has-alpha-channel-opacity\"\/>\n<p>SAIBA MAIS<\/p>\n<p>Acidente em rodovia deixa um morto e um ferido na regi\u00e3o de Ribeir\u00e3o<\/p>\n<h2 class=\"wp-block-heading\"><strong>FIQUE ON<\/strong><\/h2>\n<p>Fique ligado em tudo que acontece em Ribeir\u00e3o Preto e regi\u00e3o. Siga os perfis do\u00a0<strong>acidade on\u00a0<\/strong>no<a href=\"https:\/\/www.instagram.com\/acidadeonribeirao\" target=\"_blank\" rel=\"noreferrer noopener\">\u00a0Instagram<\/a>\u00a0e no\u00a0<a href=\"https:\/\/www.facebook.com\/acidadeonribeirao\/\" target=\"_blank\" rel=\"noreferrer noopener\">Facebook<\/a>.<\/p>\n<p>Receba not\u00edcias do\u00a0<strong>acidade on<\/strong>\u00a0no WhatsApp.\u00a0<a href=\"https:\/\/chat.whatsapp.com\/I4nieTEMKlf50pJ28aMemC?mode=ac_t\" target=\"_blank\" rel=\"noreferrer noopener\">Para entrar no grupo, basta clicar aqui.<\/a><\/p>\n<p>Fa\u00e7a uma den\u00fancia ou sugira uma reportagem sobre Ribeir\u00e3o Preto e regi\u00e3o pelo WhatsApp: 16 99117 7802.<\/p>\n<p>VEJA TAMB\u00c9M<\/p>\n<p>Como fazer mousse de caj\u00e1?<\/p>\n<p><!-- AI CONTENT END 1 -->\n<\/div>\n<\/div>\n<p><script async src=\"\/\/www.instagram.com\/embed.js\"><\/script><br \/>\n<br \/><br \/>\n<br \/><a href=\"https:\/\/www.acidadeon.com\/ribeiraopreto\/cotidiano\/motociclista-morre-em-acidente-na-regiao-de-ribeirao-preto-2\/\">Source link <\/a><\/p>\n<!-- CONTENT END 1 -->\n","protected":false},"excerpt":{"rendered":"<p>Um motociclista morreu na manh\u00e3 deste domingo (17) ap\u00f3s um acidente na rodovia Washington Lu\u00eds (SP-310), em Taquaritinga, cidade a 84 quil\u00f4metros de Ribeir\u00e3o Preto&#8230;.<\/p>\n","protected":false},"author":1,"featured_media":75878,"comment_status":"open","ping_status":"open","sticky":false,"template":"","format":"standard","meta":{"advanced_seo_description":"","jetpack_seo_html_title":"","jetpack_seo_noindex":false,"jetpack_post_was_ever_published":false,"_jetpack_newsletter_access":"","_jetpack_dont_email_post_to_subs":false,"_jetpack_newsletter_tier_id":0,"_jetpack_memberships_contains_paywalled_content":false,"_jetpack_memberships_contains_paid_content":false,"footnotes":"","jetpack_publicize_message":"","jetpack_publicize_feature_enabled":true,"jetpack_social_post_already_shared":true,"jetpack_social_options":{"image_generator_settings":{"template":"highway","default_image_id":0,"font":"","enabled":false},"version":2}},"categories":[11],"tags":[],"class_list":["post-75877","post","type-post","status-publish","format-standard","has-post-thumbnail","hentry","category-noticias-de-ribeirao-preto-sp-e-regiao-ismael-colosi"],"jetpack_publicize_connections":[],"jetpack_featured_media_url":"https:\/\/i0.wp.com\/noticiasribeiraopreto.com.br\/wp-content\/uploads\/2025\/08\/Copia-de-Copia-de-Copia-de-TAMANHO-EXATO-PARA-FOTOS-NO-SISTEMA-NOVO-2025-08-17T122114.411_2025-08-17_15-21-20.webp.webp?fit=1200%2C675&ssl=1","jetpack-related-posts":[{"id":73753,"url":"https:\/\/noticiasribeiraopreto.com.br\/index.php\/2025\/07\/09\/motociclista-morre-apos-ser-atingido-por-carro-em-ribeirao-preto\/","url_meta":{"origin":75877,"position":0},"title":"Motociclista morre ap\u00f3s ser atingido por carro em Ribeir\u00e3o Preto","author":"noticiasribeiraopreto.com.br","date":"9 de July de 2025","format":false,"excerpt":"Um motociclista morreu ap\u00f3s se envolver em um acidente com um carro na madrugada desta quarta-feira (9), na rodovia Jos\u00e9 Fregonesi, em Ribeir\u00e3o Preto. O acidente aconteceu na altura do quil\u00f4metro 325, por volta das 4h30. De acordo com o CCI (Centro de Controle de Informa\u00e7\u00f5es) da Artesp, o carro\u2026","rel":"","context":"In &quot;Not\u00edcias de Ribeir\u00e3o Preto-SP e Regi\u00e3o&quot;","block_context":{"text":"Not\u00edcias de Ribeir\u00e3o Preto-SP e Regi\u00e3o","link":"https:\/\/noticiasribeiraopreto.com.br\/index.php\/category\/noticias-de-ribeirao-preto-sp-e-regiao-ismael-colosi\/"},"img":{"alt_text":"","src":"https:\/\/i0.wp.com\/noticiasribeiraopreto.com.br\/wp-content\/uploads\/2025\/07\/acidente-ribeirao-preto_2025-07-09_11-52-23.webp.webp?fit=783%2C483&ssl=1&resize=350%2C200","width":350,"height":200,"srcset":"https:\/\/i0.wp.com\/noticiasribeiraopreto.com.br\/wp-content\/uploads\/2025\/07\/acidente-ribeirao-preto_2025-07-09_11-52-23.webp.webp?fit=783%2C483&ssl=1&resize=350%2C200 1x, https:\/\/i0.wp.com\/noticiasribeiraopreto.com.br\/wp-content\/uploads\/2025\/07\/acidente-ribeirao-preto_2025-07-09_11-52-23.webp.webp?fit=783%2C483&ssl=1&resize=525%2C300 1.5x, https:\/\/i0.wp.com\/noticiasribeiraopreto.com.br\/wp-content\/uploads\/2025\/07\/acidente-ribeirao-preto_2025-07-09_11-52-23.webp.webp?fit=783%2C483&ssl=1&resize=700%2C400 2x"},"classes":[]},{"id":84227,"url":"https:\/\/noticiasribeiraopreto.com.br\/index.php\/2026\/04\/05\/motociclista-morre-apos-acidente-em-rodovia-da-regiao-de-ribeirao-preto\/","url_meta":{"origin":75877,"position":1},"title":"Motociclista morre ap\u00f3s acidente em rodovia da regi\u00e3o de Ribeir\u00e3o Preto","author":"noticiasribeiraopreto.com.br","date":"5 de April de 2026","format":false,"excerpt":"Ler o resumo da not\u00edcia Motociclista morre ap\u00f3s acidente em rodovia da regi\u00e3o de Ribeir\u00e3o Preto Na madrugada deste domingo (5), um acidente foi registrado na Rodovia Brigadeiro Faria Lima (SP-326), em Barretos, na regi\u00e3o de Ribeir\u00e3o Preto. Um motociclista que trafegava no sentido Sul, pela faixa 2, morreu ap\u00f3s\u2026","rel":"","context":"In &quot;Not\u00edcias de Ribeir\u00e3o Preto-SP e Regi\u00e3o&quot;","block_context":{"text":"Not\u00edcias de Ribeir\u00e3o Preto-SP e Regi\u00e3o","link":"https:\/\/noticiasribeiraopreto.com.br\/index.php\/category\/noticias-de-ribeirao-preto-sp-e-regiao-ismael-colosi\/"},"img":{"alt_text":"","src":"https:\/\/i0.wp.com\/noticiasribeiraopreto.com.br\/wp-content\/uploads\/2026\/04\/palace-2026-04-05T102258.415_2026-04-05_13-24-48.webp.webp?fit=1200%2C675&ssl=1&resize=350%2C200","width":350,"height":200,"srcset":"https:\/\/i0.wp.com\/noticiasribeiraopreto.com.br\/wp-content\/uploads\/2026\/04\/palace-2026-04-05T102258.415_2026-04-05_13-24-48.webp.webp?fit=1200%2C675&ssl=1&resize=350%2C200 1x, https:\/\/i0.wp.com\/noticiasribeiraopreto.com.br\/wp-content\/uploads\/2026\/04\/palace-2026-04-05T102258.415_2026-04-05_13-24-48.webp.webp?fit=1200%2C675&ssl=1&resize=525%2C300 1.5x, https:\/\/i0.wp.com\/noticiasribeiraopreto.com.br\/wp-content\/uploads\/2026\/04\/palace-2026-04-05T102258.415_2026-04-05_13-24-48.webp.webp?fit=1200%2C675&ssl=1&resize=700%2C400 2x, https:\/\/i0.wp.com\/noticiasribeiraopreto.com.br\/wp-content\/uploads\/2026\/04\/palace-2026-04-05T102258.415_2026-04-05_13-24-48.webp.webp?fit=1200%2C675&ssl=1&resize=1050%2C600 3x"},"classes":[]},{"id":55643,"url":"https:\/\/noticiasribeiraopreto.com.br\/index.php\/2024\/08\/04\/identificada-motociclista-que-morreu-em-acidente-na-zona-sul-de-ribeirao-preto\/","url_meta":{"origin":75877,"position":2},"title":"Identificada motociclista que morreu em acidente na zona Sul de Ribeir\u00e3o Preto","author":"noticiasribeiraopreto.com.br","date":"4 de August de 2024","format":false,"excerpt":"Foi identificada como Isa Kely Cristina Mota a mulher de 31 anos que morreu ap\u00f3s um acidente de tr\u00e2nsito no Anel Vi\u00e1rio Sul (rodovia Ant\u00f4nio Duarte Nogueira, SP-322), em Ribeir\u00e3o Preto, neste s\u00e1bado (3). De acordo com as informa\u00e7\u00f5es da Secretaria de Seguran\u00e7a P\u00fablica (SSP) do Estado de S\u00e3o Paulo,\u2026","rel":"","context":"In &quot;Not\u00edcias de Ribeir\u00e3o Preto-SP e Regi\u00e3o&quot;","block_context":{"text":"Not\u00edcias de Ribeir\u00e3o Preto-SP e Regi\u00e3o","link":"https:\/\/noticiasribeiraopreto.com.br\/index.php\/category\/noticias-de-ribeirao-preto-sp-e-regiao-ismael-colosi\/"},"img":{"alt_text":"","src":"https:\/\/i0.wp.com\/noticiasribeiraopreto.com.br\/wp-content\/uploads\/2024\/08\/Copia-de-Copia-de-TAMANHO-EXATO-PARA-FOTOS-NO-SISTEMA-NOVO-2024-08-04T163219.987_2024-08-04_19-32-27_png_2024-08-04_19-32-27.webp.webp?fit=1200%2C675&ssl=1&resize=350%2C200","width":350,"height":200,"srcset":"https:\/\/i0.wp.com\/noticiasribeiraopreto.com.br\/wp-content\/uploads\/2024\/08\/Copia-de-Copia-de-TAMANHO-EXATO-PARA-FOTOS-NO-SISTEMA-NOVO-2024-08-04T163219.987_2024-08-04_19-32-27_png_2024-08-04_19-32-27.webp.webp?fit=1200%2C675&ssl=1&resize=350%2C200 1x, https:\/\/i0.wp.com\/noticiasribeiraopreto.com.br\/wp-content\/uploads\/2024\/08\/Copia-de-Copia-de-TAMANHO-EXATO-PARA-FOTOS-NO-SISTEMA-NOVO-2024-08-04T163219.987_2024-08-04_19-32-27_png_2024-08-04_19-32-27.webp.webp?fit=1200%2C675&ssl=1&resize=525%2C300 1.5x, https:\/\/i0.wp.com\/noticiasribeiraopreto.com.br\/wp-content\/uploads\/2024\/08\/Copia-de-Copia-de-TAMANHO-EXATO-PARA-FOTOS-NO-SISTEMA-NOVO-2024-08-04T163219.987_2024-08-04_19-32-27_png_2024-08-04_19-32-27.webp.webp?fit=1200%2C675&ssl=1&resize=700%2C400 2x, https:\/\/i0.wp.com\/noticiasribeiraopreto.com.br\/wp-content\/uploads\/2024\/08\/Copia-de-Copia-de-TAMANHO-EXATO-PARA-FOTOS-NO-SISTEMA-NOVO-2024-08-04T163219.987_2024-08-04_19-32-27_png_2024-08-04_19-32-27.webp.webp?fit=1200%2C675&ssl=1&resize=1050%2C600 3x"},"classes":[]},{"id":63210,"url":"https:\/\/noticiasribeiraopreto.com.br\/index.php\/2025\/02\/06\/morre-crianca-de-6-anos-vitima-de-acidente-em-rodovia-da-regiao-de-ribeirao\/","url_meta":{"origin":75877,"position":3},"title":"Morre crian\u00e7a de 6 anos v\u00edtima de acidente em rodovia da regi\u00e3o de Ribeir\u00e3o","author":"noticiasribeiraopreto.com.br","date":"6 de February de 2025","format":false,"excerpt":"Morreu na madrugada desta quinta-feira (6), a crian\u00e7a de 6 anos que foi socorrida em estado grave ap\u00f3s um engavetamento na rodovia Armando Salles de Oliveira (SP-322), em Sert\u00e3ozinho, cidade na regi\u00e3o de Ribeir\u00e3o Preto. Ainda n\u00e3o h\u00e1 informa\u00e7\u00f5es sobre vel\u00f3rio e sepultamento. De acordo com as informa\u00e7\u00f5es do CCI\u2026","rel":"","context":"In &quot;Not\u00edcias de Ribeir\u00e3o Preto-SP e Regi\u00e3o&quot;","block_context":{"text":"Not\u00edcias de Ribeir\u00e3o Preto-SP e Regi\u00e3o","link":"https:\/\/noticiasribeiraopreto.com.br\/index.php\/category\/noticias-de-ribeirao-preto-sp-e-regiao-ismael-colosi\/"},"img":{"alt_text":"","src":"https:\/\/i0.wp.com\/noticiasribeiraopreto.com.br\/wp-content\/uploads\/2025\/02\/Copia-de-Copia-de-Copia-de-TAMANHO-EXATO-PARA-FOTOS-NO-SISTEMA-NOVO-2025-02-05T160700.825_2025-02-05_19-07-11_png_2025-02-05_19-07-11.webp.webp?fit=1200%2C675&ssl=1&resize=350%2C200","width":350,"height":200,"srcset":"https:\/\/i0.wp.com\/noticiasribeiraopreto.com.br\/wp-content\/uploads\/2025\/02\/Copia-de-Copia-de-Copia-de-TAMANHO-EXATO-PARA-FOTOS-NO-SISTEMA-NOVO-2025-02-05T160700.825_2025-02-05_19-07-11_png_2025-02-05_19-07-11.webp.webp?fit=1200%2C675&ssl=1&resize=350%2C200 1x, https:\/\/i0.wp.com\/noticiasribeiraopreto.com.br\/wp-content\/uploads\/2025\/02\/Copia-de-Copia-de-Copia-de-TAMANHO-EXATO-PARA-FOTOS-NO-SISTEMA-NOVO-2025-02-05T160700.825_2025-02-05_19-07-11_png_2025-02-05_19-07-11.webp.webp?fit=1200%2C675&ssl=1&resize=525%2C300 1.5x, https:\/\/i0.wp.com\/noticiasribeiraopreto.com.br\/wp-content\/uploads\/2025\/02\/Copia-de-Copia-de-Copia-de-TAMANHO-EXATO-PARA-FOTOS-NO-SISTEMA-NOVO-2025-02-05T160700.825_2025-02-05_19-07-11_png_2025-02-05_19-07-11.webp.webp?fit=1200%2C675&ssl=1&resize=700%2C400 2x, https:\/\/i0.wp.com\/noticiasribeiraopreto.com.br\/wp-content\/uploads\/2025\/02\/Copia-de-Copia-de-Copia-de-TAMANHO-EXATO-PARA-FOTOS-NO-SISTEMA-NOVO-2025-02-05T160700.825_2025-02-05_19-07-11_png_2025-02-05_19-07-11.webp.webp?fit=1200%2C675&ssl=1&resize=1050%2C600 3x"},"classes":[]},{"id":76405,"url":"https:\/\/noticiasribeiraopreto.com.br\/index.php\/2025\/08\/28\/motociclista-morre-em-acidente-e-interdita-rodovia-anhanguera\/","url_meta":{"origin":75877,"position":4},"title":"Motociclista morre em acidente e interdita rodovia Anhanguera","author":"noticiasribeiraopreto.com.br","date":"28 de August de 2025","format":false,"excerpt":"Um motociclista morreu ap\u00f3s se envolver em um acidente de tr\u00e2nsito no km 312 da rodovia Anhanguera (SP-330), em Ribeir\u00e3o Preto, na manh\u00e3 desta quinta-feira (28). Segundo o CCI (Centro de Controle de Informa\u00e7\u00f5es) da Artesp, o condutor de um VW Gol freou bruscamente devido ao tr\u00e1fego lento na rodovia.\u2026","rel":"","context":"In &quot;Not\u00edcias de Ribeir\u00e3o Preto-SP e Regi\u00e3o&quot;","block_context":{"text":"Not\u00edcias de Ribeir\u00e3o Preto-SP e Regi\u00e3o","link":"https:\/\/noticiasribeiraopreto.com.br\/index.php\/category\/noticias-de-ribeirao-preto-sp-e-regiao-ismael-colosi\/"},"img":{"alt_text":"","src":"https:\/\/i0.wp.com\/noticiasribeiraopreto.com.br\/wp-content\/uploads\/2025\/08\/Copia-de-Copia-de-Copia-de-TAMANHO-EXATO-PARA-FOTOS-NO-SISTEMA-NOVO-2025-08-28T093924.441_2025-08-28_12-39-59.webp.webp?fit=1200%2C675&ssl=1&resize=350%2C200","width":350,"height":200,"srcset":"https:\/\/i0.wp.com\/noticiasribeiraopreto.com.br\/wp-content\/uploads\/2025\/08\/Copia-de-Copia-de-Copia-de-TAMANHO-EXATO-PARA-FOTOS-NO-SISTEMA-NOVO-2025-08-28T093924.441_2025-08-28_12-39-59.webp.webp?fit=1200%2C675&ssl=1&resize=350%2C200 1x, https:\/\/i0.wp.com\/noticiasribeiraopreto.com.br\/wp-content\/uploads\/2025\/08\/Copia-de-Copia-de-Copia-de-TAMANHO-EXATO-PARA-FOTOS-NO-SISTEMA-NOVO-2025-08-28T093924.441_2025-08-28_12-39-59.webp.webp?fit=1200%2C675&ssl=1&resize=525%2C300 1.5x, https:\/\/i0.wp.com\/noticiasribeiraopreto.com.br\/wp-content\/uploads\/2025\/08\/Copia-de-Copia-de-Copia-de-TAMANHO-EXATO-PARA-FOTOS-NO-SISTEMA-NOVO-2025-08-28T093924.441_2025-08-28_12-39-59.webp.webp?fit=1200%2C675&ssl=1&resize=700%2C400 2x, https:\/\/i0.wp.com\/noticiasribeiraopreto.com.br\/wp-content\/uploads\/2025\/08\/Copia-de-Copia-de-Copia-de-TAMANHO-EXATO-PARA-FOTOS-NO-SISTEMA-NOVO-2025-08-28T093924.441_2025-08-28_12-39-59.webp.webp?fit=1200%2C675&ssl=1&resize=1050%2C600 3x"},"classes":[]},{"id":75885,"url":"https:\/\/noticiasribeiraopreto.com.br\/index.php\/2025\/08\/17\/acidente-em-rodovia-deixa-um-morto-e-um-ferido-na-regiao-de-ribeirao\/","url_meta":{"origin":75877,"position":5},"title":"Acidente em rodovia deixa um morto e um ferido na regi\u00e3o de Ribeir\u00e3o","author":"noticiasribeiraopreto.com.br","date":"17 de August de 2025","format":false,"excerpt":"Uma pessoa morreu e outra ficou ferida ap\u00f3s serem atropeladas pr\u00f3ximo ao km 377 da rodovia Brigadeiro Faria Lima (SP-326), em Bebedouro, na regi\u00e3o de Ribeir\u00e3o Preto, na noite deste s\u00e1bado (16). De acordo com o Centro de Controle de Informa\u00e7\u00f5es (CCI) da Artesp, as v\u00edtimas seguiam pelo sentido norte\u2026","rel":"","context":"In &quot;Not\u00edcias de Ribeir\u00e3o Preto-SP e Regi\u00e3o&quot;","block_context":{"text":"Not\u00edcias de Ribeir\u00e3o Preto-SP e Regi\u00e3o","link":"https:\/\/noticiasribeiraopreto.com.br\/index.php\/category\/noticias-de-ribeirao-preto-sp-e-regiao-ismael-colosi\/"},"img":{"alt_text":"","src":"https:\/\/i0.wp.com\/noticiasribeiraopreto.com.br\/wp-content\/uploads\/2025\/08\/Copia-de-Copia-de-Copia-de-TAMANHO-EXATO-PARA-FOTOS-NO-SISTEMA-NOVO-2025-08-17T112620.726_2025-08-17_14-26-29.webp.webp?fit=1200%2C675&ssl=1&resize=350%2C200","width":350,"height":200,"srcset":"https:\/\/i0.wp.com\/noticiasribeiraopreto.com.br\/wp-content\/uploads\/2025\/08\/Copia-de-Copia-de-Copia-de-TAMANHO-EXATO-PARA-FOTOS-NO-SISTEMA-NOVO-2025-08-17T112620.726_2025-08-17_14-26-29.webp.webp?fit=1200%2C675&ssl=1&resize=350%2C200 1x, https:\/\/i0.wp.com\/noticiasribeiraopreto.com.br\/wp-content\/uploads\/2025\/08\/Copia-de-Copia-de-Copia-de-TAMANHO-EXATO-PARA-FOTOS-NO-SISTEMA-NOVO-2025-08-17T112620.726_2025-08-17_14-26-29.webp.webp?fit=1200%2C675&ssl=1&resize=525%2C300 1.5x, https:\/\/i0.wp.com\/noticiasribeiraopreto.com.br\/wp-content\/uploads\/2025\/08\/Copia-de-Copia-de-Copia-de-TAMANHO-EXATO-PARA-FOTOS-NO-SISTEMA-NOVO-2025-08-17T112620.726_2025-08-17_14-26-29.webp.webp?fit=1200%2C675&ssl=1&resize=700%2C400 2x, https:\/\/i0.wp.com\/noticiasribeiraopreto.com.br\/wp-content\/uploads\/2025\/08\/Copia-de-Copia-de-Copia-de-TAMANHO-EXATO-PARA-FOTOS-NO-SISTEMA-NOVO-2025-08-17T112620.726_2025-08-17_14-26-29.webp.webp?fit=1200%2C675&ssl=1&resize=1050%2C600 3x"},"classes":[]}],"jetpack_sharing_enabled":true,"jetpack_shortlink":"https:\/\/wp.me\/peQAOb-jJP","_links":{"self":[{"href":"https:\/\/noticiasribeiraopreto.com.br\/index.php\/wp-json\/wp\/v2\/posts\/75877","targetHints":{"allow":["GET"]}}],"collection":[{"href":"https:\/\/noticiasribeiraopreto.com.br\/index.php\/wp-json\/wp\/v2\/posts"}],"about":[{"href":"https:\/\/noticiasribeiraopreto.com.br\/index.php\/wp-json\/wp\/v2\/types\/post"}],"author":[{"embeddable":true,"href":"https:\/\/noticiasribeiraopreto.com.br\/index.php\/wp-json\/wp\/v2\/users\/1"}],"replies":[{"embeddable":true,"href":"https:\/\/noticiasribeiraopreto.com.br\/index.php\/wp-json\/wp\/v2\/comments?post=75877"}],"version-history":[{"count":0,"href":"https:\/\/noticiasribeiraopreto.com.br\/index.php\/wp-json\/wp\/v2\/posts\/75877\/revisions"}],"wp:featuredmedia":[{"embeddable":true,"href":"https:\/\/noticiasribeiraopreto.com.br\/index.php\/wp-json\/wp\/v2\/media\/75878"}],"wp:attachment":[{"href":"https:\/\/noticiasribeiraopreto.com.br\/index.php\/wp-json\/wp\/v2\/media?parent=75877"}],"wp:term":[{"taxonomy":"category","embeddable":true,"href":"https:\/\/noticiasribeiraopreto.com.br\/index.php\/wp-json\/wp\/v2\/categories?post=75877"},{"taxonomy":"post_tag","embeddable":true,"href":"https:\/\/noticiasribeiraopreto.com.br\/index.php\/wp-json\/wp\/v2\/tags?post=75877"}],"curies":[{"name":"wp","href":"https:\/\/api.w.org\/{rel}","templated":true}]}}