{"id":75879,"date":"2025-08-17T13:05:52","date_gmt":"2025-08-17T16:05:52","guid":{"rendered":"https:\/\/noticiasribeiraopreto.com.br\/index.php\/2025\/08\/17\/tribuna-ribeirao-lanca-podcast-para-celebrar-30-anos-de-historia\/"},"modified":"2025-08-17T13:05:52","modified_gmt":"2025-08-17T16:05:52","slug":"tribuna-ribeirao-lanca-podcast-para-celebrar-30-anos-de-historia","status":"publish","type":"post","link":"https:\/\/noticiasribeiraopreto.com.br\/index.php\/2025\/08\/17\/tribuna-ribeirao-lanca-podcast-para-celebrar-30-anos-de-historia\/","title":{"rendered":"Tribuna Ribeir\u00e3o lan\u00e7a podcast para celebrar 30 anos de hist\u00f3ria"},"content":{"rendered":"<div class='code-block code-block-1' style='margin: 8px 0 8px auto; text-align: right; display: block; clear: both;'>\n<p><a href=\"https:\/\/wa.link\/vpicfd\"><img data-recalc-dims=\"1\" class=\"wp-image-4922\" style=\"aspect-ratio: 2.0253164556962027; width: 561px; height: auto;\" src=\"https:\/\/i0.wp.com\/ismaelcolosi.com.br\/wp-content\/uploads\/2023\/11\/grupo-de-empregos-whatsapp-e-facebook-ismael-colosi-vagas.jpg?ssl=1\" alt=\"\" \/><\/a><\/p>\n<!-- \/wp:image -->\n<\/div>\n<p> <br \/>\n<\/p>\n<div id=\"\">\n<p>\n\t\t\t\t\t\t\t\t\t<span class=\"entry-meta-item penci-posted-on\"><i class=\"fa fa-clock-o\"\/><time class=\"entry-date published\" datetime=\"2025-08-17T13:00:15-03:00\">17 de agosto de 2025 13:00<\/time><time class=\"updated\" datetime=\"2025-08-17T03:08:15-03:00\">17 de agosto de 2025 03:08<\/time><\/span><span class=\"entry-meta-item penci-post-countview\"><span class=\"entry-meta-item penci-post-countview penci_post-meta_item\"><i class=\"fa fa-eye\"\/><span class=\"penci-post-countview-number penci-post-countview-p435522\">6<\/span><\/span><\/span>\t\t\t\t\t\t\t\t<\/p>\n<p><!-- .entry-meta --><br \/>\n\t\t\t\t\t\t\t\t<span class=\"penci-social-buttons penci-social-share-footer\"><span class=\"penci-social-share-text\">Compartilhar<\/span><a href=\"#\" class=\"penci-post-like penci_post-meta_item  single-like-button penci-social-item like\" data-post_id=\"435522\" title=\"Like\" data-like=\"Like\" data-unlike=\"Unlike\"><i class=\"fa fa-thumbs-o-up\"\/><span class=\"penci-share-number\">0<\/span><\/a><i class=\"fa fa-facebook\"\/><a class=\"penci-social-item twitter\" target=\"_blank\" rel=\"noopener\" title=\"\" href=\"https:\/\/twitter.com\/intent\/tweet?text=Tribuna%20Ribeir\u00e3o%20lan\u00e7a%20podcast%20para%20celebrar%2030%20anos%20de%20hist\u00f3ria%20-%20https:\/\/www.tribunaribeirao.com.br\/tribuna-ribeirao-lanca-podcast-para-celebrar-30-anos-de-historia\/\"><i class=\"fa fa-twitter\"\/><\/a><i class=\"fa fa-linkedin\"\/><i class=\"fa fa-whatsapp\"\/><i class=\"fa fa-telegram\"\/><i class=\"fa fa-envelope\"\/><\/span>\t\t\t\t\t\t\t<\/div>\n<div>\n<p>O Tribuna Ribeir\u00e3o acaba de lan\u00e7ar mais uma novidade para marcar as comemora\u00e7\u00f5es de seus 30 anos:<br \/>o Podcast Tribuna Ribeir\u00e3o.<\/p>\n<p>A atra\u00e7\u00e3o ser\u00e1 conduzida pelos jornalistas Eduardo Ferrarri e Fabiano Ribeiro, e promete trazer conversas com convidados dos mais variados segmentos, unindo conte\u00fado relevante, seriedade e momentos de descontra\u00e7\u00e3o. O programa conta ainda com a produ\u00e7\u00e3o t\u00e9cnica dos jornalistas Hugo Luque e Ot\u00e1vio Gentil.<\/p>\n<p>O programa piloto \u2013 o #0 \u2013 foi gravado nesta semana e j\u00e1 est\u00e1 dispon\u00edvel no canal oficial do jornal no YouTube (<a href=\"https:\/\/www.youtube.com\/watch?v=C6BPjD3OvWo\">youtube\/tribunaribeiraojornal<\/a>). Nesta edi\u00e7\u00e3o, os apresentadores relembram as tr\u00eas d\u00e9cadas de trajet\u00f3ria do Tribuna Ribeir\u00e3o, o \u00fanico jornal impresso di\u00e1rio da macrorregi\u00e3o, destacando grandes reportagens, hist\u00f3rias marcantes e bastidores que fizeram parte dessa caminhada.<\/p>\n<p>O podcast ter\u00e1 periodicidade semanal e, a partir de setembro, quando o Tribuna completa oficialmente<br \/>seus 30 anos, come\u00e7ar\u00e1 a receber convidados especiais.<\/p>\n<p>Entre os temas que ser\u00e3o abordados, est\u00e3o curiosidades de bastidores, hist\u00f3rias inspiradoras e an\u00e1lises sobre temas de interesse regional e nacional.<\/p>\n<p><strong>S\u00e9rie especial <\/strong><\/p>\n<p>Outro atrativo em setembro ser\u00e1 o Especial Tribuna 30 Anos, s\u00e9rie comemorativa que ser\u00e1 publicada at\u00e9 dezembro, com 17 edi\u00e7\u00f5es semanais totalizando 68 p\u00e1ginas e com coordena\u00e7\u00e3o do jornalista Marcio Javaroni, da Toque de Letra Comunica\u00e7\u00e3o.<\/p>\n<p>Al\u00e9m do conte\u00fado impresso, o especial ser\u00e1 multiplataforma, com materiais no portal e nas redes sociais do jornal, ampliando o alcance e o di\u00e1logo com o p\u00fablico. Segundo a dire\u00e7\u00e3o do Tribuna Ribeir\u00e3o, o novo podcast \u00e9 mais uma forma de manter viva a miss\u00e3o do jornal: oferecer informa\u00e7\u00e3o de qualidade, plural e independente, agora tamb\u00e9m em formato din\u00e2mico e interativo, fortalecendo ainda mais a conex\u00e3o com leitores, ouvintes e seguidores.<\/p>\n<\/div>\n<p><script async src=\"\/\/platform.twitter.com\/widgets.js\" charset=\"utf-8\"><\/script><br \/>\n<br \/><br \/>\n<br \/><a href=\"https:\/\/www.tribunaribeirao.com.br\/tribuna-ribeirao-lanca-podcast-para-celebrar-30-anos-de-historia\/\">Source link <\/a><\/p>\n<!-- CONTENT END 1 -->\n","protected":false},"excerpt":{"rendered":"<p>17 de agosto de 2025 13:0017 de agosto de 2025 03:086 Compartilhar0 O Tribuna Ribeir\u00e3o acaba de lan\u00e7ar mais uma novidade para marcar as comemora\u00e7\u00f5es&#8230;<\/p>\n","protected":false},"author":1,"featured_media":75880,"comment_status":"open","ping_status":"open","sticky":false,"template":"","format":"standard","meta":{"advanced_seo_description":"","jetpack_seo_html_title":"","jetpack_seo_noindex":false,"jetpack_post_was_ever_published":false,"_jetpack_newsletter_access":"","_jetpack_dont_email_post_to_subs":false,"_jetpack_newsletter_tier_id":0,"_jetpack_memberships_contains_paywalled_content":false,"_jetpack_memberships_contains_paid_content":false,"footnotes":"","jetpack_publicize_message":"","jetpack_publicize_feature_enabled":true,"jetpack_social_post_already_shared":true,"jetpack_social_options":{"image_generator_settings":{"template":"highway","default_image_id":0,"font":"","enabled":false},"version":2}},"categories":[11],"tags":[],"class_list":["post-75879","post","type-post","status-publish","format-standard","has-post-thumbnail","hentry","category-noticias-de-ribeirao-preto-sp-e-regiao-ismael-colosi"],"jetpack_publicize_connections":[],"jetpack_featured_media_url":"https:\/\/i0.wp.com\/noticiasribeiraopreto.com.br\/wp-content\/uploads\/2025\/08\/podcast-tribuna-scaled.jpg?fit=1130%2C780&ssl=1","jetpack-related-posts":[{"id":76028,"url":"https:\/\/noticiasribeiraopreto.com.br\/index.php\/2025\/08\/20\/instabilidade-tira-do-ar-consulta-de-dados-sobre-qualidade-do-ar-em-ribeirao-entenda\/","url_meta":{"origin":75879,"position":0},"title":"Instabilidade tira do ar consulta de dados sobre qualidade do ar em Ribeir\u00e3o; Entenda","author":"noticiasribeiraopreto.com.br","date":"20 de August de 2025","format":false,"excerpt":"Com a chegada do veranico, per\u00edodo em que as temperaturas ficam acima da m\u00e9dia mesmo no inverno, a qualidade do ar em Ribeir\u00e3o Preto pode ser prejudicada. Nesta semana, por\u00e9m, quem tentou acompanhar os \u00edndices de monitoramento encontrou dificuldades, j\u00e1 que a aba do site da Cetesb (Companhia Ambiental do\u2026","rel":"","context":"In &quot;Not\u00edcias de Ribeir\u00e3o Preto-SP e Regi\u00e3o&quot;","block_context":{"text":"Not\u00edcias de Ribeir\u00e3o Preto-SP e Regi\u00e3o","link":"https:\/\/noticiasribeiraopreto.com.br\/index.php\/category\/noticias-de-ribeirao-preto-sp-e-regiao-ismael-colosi\/"},"img":{"alt_text":"","src":"https:\/\/i0.wp.com\/noticiasribeiraopreto.com.br\/wp-content\/uploads\/2025\/08\/Copia-de-Copia-de-Copia-de-TAMANHO-EXATO-PARA-FOTOS-NO-SISTEMA-NOVO-2025-08-20T190609.455_2025-08-20_22-06-17.webp.webp?fit=1200%2C675&ssl=1&resize=350%2C200","width":350,"height":200,"srcset":"https:\/\/i0.wp.com\/noticiasribeiraopreto.com.br\/wp-content\/uploads\/2025\/08\/Copia-de-Copia-de-Copia-de-TAMANHO-EXATO-PARA-FOTOS-NO-SISTEMA-NOVO-2025-08-20T190609.455_2025-08-20_22-06-17.webp.webp?fit=1200%2C675&ssl=1&resize=350%2C200 1x, https:\/\/i0.wp.com\/noticiasribeiraopreto.com.br\/wp-content\/uploads\/2025\/08\/Copia-de-Copia-de-Copia-de-TAMANHO-EXATO-PARA-FOTOS-NO-SISTEMA-NOVO-2025-08-20T190609.455_2025-08-20_22-06-17.webp.webp?fit=1200%2C675&ssl=1&resize=525%2C300 1.5x, https:\/\/i0.wp.com\/noticiasribeiraopreto.com.br\/wp-content\/uploads\/2025\/08\/Copia-de-Copia-de-Copia-de-TAMANHO-EXATO-PARA-FOTOS-NO-SISTEMA-NOVO-2025-08-20T190609.455_2025-08-20_22-06-17.webp.webp?fit=1200%2C675&ssl=1&resize=700%2C400 2x, https:\/\/i0.wp.com\/noticiasribeiraopreto.com.br\/wp-content\/uploads\/2025\/08\/Copia-de-Copia-de-Copia-de-TAMANHO-EXATO-PARA-FOTOS-NO-SISTEMA-NOVO-2025-08-20T190609.455_2025-08-20_22-06-17.webp.webp?fit=1200%2C675&ssl=1&resize=1050%2C600 3x"},"classes":[]},{"id":56613,"url":"https:\/\/noticiasribeiraopreto.com.br\/index.php\/2024\/08\/15\/ribeirao-preto-recebe-festival-nacional-de-teatro-veja-a-programacao\/","url_meta":{"origin":75879,"position":1},"title":"Ribeir\u00e3o Preto recebe Festival Nacional de Teatro; Veja a programa\u00e7\u00e3o","author":"noticiasribeiraopreto.com.br","date":"15 de August de 2024","format":false,"excerpt":"A 8\u00aa edi\u00e7\u00e3o do Festival Nacional de Teatro chega a Ribeir\u00e3o Preto nesta sexta-feira (16) e segue at\u00e9 o dia 1\u00ba de setembro. S\u00e3o 35 espet\u00e1culos, nove oficinas e tr\u00eas performances, no Teatro Municipal, parques, pra\u00e7as e outros teatros da cidade. Toda a programa\u00e7\u00e3o \u00e9 gratuita. A novidade deste ano\u2026","rel":"","context":"In &quot;Not\u00edcias de Ribeir\u00e3o Preto-SP e Regi\u00e3o&quot;","block_context":{"text":"Not\u00edcias de Ribeir\u00e3o Preto-SP e Regi\u00e3o","link":"https:\/\/noticiasribeiraopreto.com.br\/index.php\/category\/noticias-de-ribeirao-preto-sp-e-regiao-ismael-colosi\/"},"img":{"alt_text":"","src":"https:\/\/i0.wp.com\/noticiasribeiraopreto.com.br\/wp-content\/uploads\/2024\/08\/Copia-de-Copia-de-Copia-de-TAMANHO-EXATO-PARA-FOTOS-NO-SISTEMA-NOVO-2_2024-08-15_12-44-51_jpg_2024-08-15_12-44-51.webp.webp?fit=1200%2C675&ssl=1&resize=350%2C200","width":350,"height":200,"srcset":"https:\/\/i0.wp.com\/noticiasribeiraopreto.com.br\/wp-content\/uploads\/2024\/08\/Copia-de-Copia-de-Copia-de-TAMANHO-EXATO-PARA-FOTOS-NO-SISTEMA-NOVO-2_2024-08-15_12-44-51_jpg_2024-08-15_12-44-51.webp.webp?fit=1200%2C675&ssl=1&resize=350%2C200 1x, https:\/\/i0.wp.com\/noticiasribeiraopreto.com.br\/wp-content\/uploads\/2024\/08\/Copia-de-Copia-de-Copia-de-TAMANHO-EXATO-PARA-FOTOS-NO-SISTEMA-NOVO-2_2024-08-15_12-44-51_jpg_2024-08-15_12-44-51.webp.webp?fit=1200%2C675&ssl=1&resize=525%2C300 1.5x, https:\/\/i0.wp.com\/noticiasribeiraopreto.com.br\/wp-content\/uploads\/2024\/08\/Copia-de-Copia-de-Copia-de-TAMANHO-EXATO-PARA-FOTOS-NO-SISTEMA-NOVO-2_2024-08-15_12-44-51_jpg_2024-08-15_12-44-51.webp.webp?fit=1200%2C675&ssl=1&resize=700%2C400 2x, https:\/\/i0.wp.com\/noticiasribeiraopreto.com.br\/wp-content\/uploads\/2024\/08\/Copia-de-Copia-de-Copia-de-TAMANHO-EXATO-PARA-FOTOS-NO-SISTEMA-NOVO-2_2024-08-15_12-44-51_jpg_2024-08-15_12-44-51.webp.webp?fit=1200%2C675&ssl=1&resize=1050%2C600 3x"},"classes":[]},{"id":55753,"url":"https:\/\/noticiasribeiraopreto.com.br\/index.php\/2024\/08\/06\/vai-chover-confira-a-previsao-do-tempo-para-os-proximos-cinco-dias-em-ribeirao-preto\/","url_meta":{"origin":75879,"position":2},"title":"Vai chover? Confira a previs\u00e3o do tempo para os pr\u00f3ximos cinco dias em Ribeir\u00e3o Preto","author":"noticiasribeiraopreto.com.br","date":"6 de August de 2024","format":false,"excerpt":"At\u00e9 sexta-feira (9), o calor deve continuar em Ribeir\u00e3o Preto, assim como o clima seco. Contudo, a partir do final de semana as temperaturas devem cair e existe a possibilidade de chuva para Ribeir\u00e3o Preto, de acordo com a Climatempo. Veja a previs\u00e3o Ter\u00e7a-feira, 6\u00a0 de agostoM\u00e1xima: 33\u00b0CM\u00ednima: 17\u00b0CSol com\u2026","rel":"","context":"In &quot;Not\u00edcias de Ribeir\u00e3o Preto-SP e Regi\u00e3o&quot;","block_context":{"text":"Not\u00edcias de Ribeir\u00e3o Preto-SP e Regi\u00e3o","link":"https:\/\/noticiasribeiraopreto.com.br\/index.php\/category\/noticias-de-ribeirao-preto-sp-e-regiao-ismael-colosi\/"},"img":{"alt_text":"","src":"https:\/\/i0.wp.com\/noticiasribeiraopreto.com.br\/wp-content\/uploads\/2024\/03\/AnyConv.com__tempo-ribeirao-preto-2.webp.webp?fit=1200%2C675&ssl=1&resize=350%2C200","width":350,"height":200,"srcset":"https:\/\/i0.wp.com\/noticiasribeiraopreto.com.br\/wp-content\/uploads\/2024\/03\/AnyConv.com__tempo-ribeirao-preto-2.webp.webp?fit=1200%2C675&ssl=1&resize=350%2C200 1x, https:\/\/i0.wp.com\/noticiasribeiraopreto.com.br\/wp-content\/uploads\/2024\/03\/AnyConv.com__tempo-ribeirao-preto-2.webp.webp?fit=1200%2C675&ssl=1&resize=525%2C300 1.5x, https:\/\/i0.wp.com\/noticiasribeiraopreto.com.br\/wp-content\/uploads\/2024\/03\/AnyConv.com__tempo-ribeirao-preto-2.webp.webp?fit=1200%2C675&ssl=1&resize=700%2C400 2x, https:\/\/i0.wp.com\/noticiasribeiraopreto.com.br\/wp-content\/uploads\/2024\/03\/AnyConv.com__tempo-ribeirao-preto-2.webp.webp?fit=1200%2C675&ssl=1&resize=1050%2C600 3x"},"classes":[]},{"id":56535,"url":"https:\/\/noticiasribeiraopreto.com.br\/index.php\/2024\/08\/14\/sesi-ribeirao-preto-tem-espetaculo-de-sapateado-gratuito-confira\/","url_meta":{"origin":75879,"position":3},"title":"Sesi Ribeir\u00e3o Preto tem espet\u00e1culo de sapateado gratuito; Confira","author":"noticiasribeiraopreto.com.br","date":"14 de August de 2024","format":false,"excerpt":"O Centro Cultural Sesi Ribeir\u00e3o Preto receber\u00e1 uma temporada gratuita do espet\u00e1culo de sapateado \u201cEu s\u00f3 dan\u00e7arei com voc\u00ea\u201d, apresentado pela Cia. P\u00e9 na T\u00e1bua. O espet\u00e1culo traz a proposta de que todos podem contar hist\u00f3rias atrav\u00e9s dos gestos e sons com o pr\u00f3prio corpo. Al\u00e9m de convidar o p\u00fablico\u2026","rel":"","context":"In &quot;Not\u00edcias de Ribeir\u00e3o Preto-SP e Regi\u00e3o&quot;","block_context":{"text":"Not\u00edcias de Ribeir\u00e3o Preto-SP e Regi\u00e3o","link":"https:\/\/noticiasribeiraopreto.com.br\/index.php\/category\/noticias-de-ribeirao-preto-sp-e-regiao-ismael-colosi\/"},"img":{"alt_text":"","src":"https:\/\/i0.wp.com\/noticiasribeiraopreto.com.br\/wp-content\/uploads\/2024\/08\/b645a86f-2604-415c-a5c4-a99e537e15d0_2024-08-14_16-19-51_png_2024-08-14_16-19-52.webp.webp?fit=1066%2C600&ssl=1&resize=350%2C200","width":350,"height":200,"srcset":"https:\/\/i0.wp.com\/noticiasribeiraopreto.com.br\/wp-content\/uploads\/2024\/08\/b645a86f-2604-415c-a5c4-a99e537e15d0_2024-08-14_16-19-51_png_2024-08-14_16-19-52.webp.webp?fit=1066%2C600&ssl=1&resize=350%2C200 1x, https:\/\/i0.wp.com\/noticiasribeiraopreto.com.br\/wp-content\/uploads\/2024\/08\/b645a86f-2604-415c-a5c4-a99e537e15d0_2024-08-14_16-19-51_png_2024-08-14_16-19-52.webp.webp?fit=1066%2C600&ssl=1&resize=525%2C300 1.5x, https:\/\/i0.wp.com\/noticiasribeiraopreto.com.br\/wp-content\/uploads\/2024\/08\/b645a86f-2604-415c-a5c4-a99e537e15d0_2024-08-14_16-19-51_png_2024-08-14_16-19-52.webp.webp?fit=1066%2C600&ssl=1&resize=700%2C400 2x, https:\/\/i0.wp.com\/noticiasribeiraopreto.com.br\/wp-content\/uploads\/2024\/08\/b645a86f-2604-415c-a5c4-a99e537e15d0_2024-08-14_16-19-51_png_2024-08-14_16-19-52.webp.webp?fit=1066%2C600&ssl=1&resize=1050%2C600 3x"},"classes":[]},{"id":75106,"url":"https:\/\/noticiasribeiraopreto.com.br\/index.php\/2025\/08\/03\/previsao-de-chuva-veja-como-fica-o-tempo-em-ribeirao-preto-nos-proximos-dias\/","url_meta":{"origin":75879,"position":4},"title":"Previs\u00e3o de chuva? Veja como fica o tempo em Ribeir\u00e3o Preto nos pr\u00f3ximos dias","author":"noticiasribeiraopreto.com.br","date":"3 de August de 2025","format":false,"excerpt":"Os meteorologistas apontam que Ribeir\u00e3o Preto deve ter semana de Sol com muitas nuvens e com previs\u00e3o de chuva no pr\u00f3ximo s\u00e1bado (9). Segundo a Climatempo, existem 40% de chances de chover Ribeir\u00e3o Preto, que tem enfrentado tempo seco nos \u00faltimos dias. Por\u00e9m, o acumulado de chuva previsto \u00e9 de\u2026","rel":"","context":"In &quot;Not\u00edcias de Ribeir\u00e3o Preto-SP e Regi\u00e3o&quot;","block_context":{"text":"Not\u00edcias de Ribeir\u00e3o Preto-SP e Regi\u00e3o","link":"https:\/\/noticiasribeiraopreto.com.br\/index.php\/category\/noticias-de-ribeirao-preto-sp-e-regiao-ismael-colosi\/"},"img":{"alt_text":"","src":"https:\/\/i0.wp.com\/noticiasribeiraopreto.com.br\/wp-content\/uploads\/2025\/08\/WhatsApp-Image-2024-10-17-at-15.21.39-1_2024-10-17_21-53-49_jpeg_2024-10-17_21-53-50-1024x682.webp.webp?fit=1024%2C682&ssl=1&resize=350%2C200","width":350,"height":200,"srcset":"https:\/\/i0.wp.com\/noticiasribeiraopreto.com.br\/wp-content\/uploads\/2025\/08\/WhatsApp-Image-2024-10-17-at-15.21.39-1_2024-10-17_21-53-49_jpeg_2024-10-17_21-53-50-1024x682.webp.webp?fit=1024%2C682&ssl=1&resize=350%2C200 1x, https:\/\/i0.wp.com\/noticiasribeiraopreto.com.br\/wp-content\/uploads\/2025\/08\/WhatsApp-Image-2024-10-17-at-15.21.39-1_2024-10-17_21-53-49_jpeg_2024-10-17_21-53-50-1024x682.webp.webp?fit=1024%2C682&ssl=1&resize=525%2C300 1.5x, https:\/\/i0.wp.com\/noticiasribeiraopreto.com.br\/wp-content\/uploads\/2025\/08\/WhatsApp-Image-2024-10-17-at-15.21.39-1_2024-10-17_21-53-49_jpeg_2024-10-17_21-53-50-1024x682.webp.webp?fit=1024%2C682&ssl=1&resize=700%2C400 2x"},"classes":[]},{"id":75410,"url":"https:\/\/noticiasribeiraopreto.com.br\/index.php\/2025\/08\/08\/lauana-prado-arena-rock-e-carros-modificados-veja-o-que-fazer-no-fim-de-semana-do-dia-dos-pais\/","url_meta":{"origin":75879,"position":5},"title":"Lauana Prado, Arena Rock e carros modificados: veja o que fazer no fim de semana do Dia dos Pais","author":"noticiasribeiraopreto.com.br","date":"8 de August de 2025","format":false,"excerpt":"Neste fim de semana especial de Dia dos Pais, Ribeir\u00e3o Preto e regi\u00e3o conta com atra\u00e7\u00f5es tem\u00e1ticas, eventos gratuitos e oficinas. Os destaques da agenda cultural s\u00e3o: show da sertaneja Lauana Prado, que traz a turn\u00ea \u201cRa\u00edzes\u201d para a cidade, al\u00e9m do Arena Rock e a abertura de uma exposi\u00e7\u00e3o\u2026","rel":"","context":"In &quot;Not\u00edcias de Ribeir\u00e3o Preto-SP e Regi\u00e3o&quot;","block_context":{"text":"Not\u00edcias de Ribeir\u00e3o Preto-SP e Regi\u00e3o","link":"https:\/\/noticiasribeiraopreto.com.br\/index.php\/category\/noticias-de-ribeirao-preto-sp-e-regiao-ismael-colosi\/"},"img":{"alt_text":"","src":"https:\/\/i0.wp.com\/noticiasribeiraopreto.com.br\/wp-content\/uploads\/2025\/07\/lauana_prado_2025-01-06_12-24-38.webp.webp?fit=1200%2C675&ssl=1&resize=350%2C200","width":350,"height":200,"srcset":"https:\/\/i0.wp.com\/noticiasribeiraopreto.com.br\/wp-content\/uploads\/2025\/07\/lauana_prado_2025-01-06_12-24-38.webp.webp?fit=1200%2C675&ssl=1&resize=350%2C200 1x, https:\/\/i0.wp.com\/noticiasribeiraopreto.com.br\/wp-content\/uploads\/2025\/07\/lauana_prado_2025-01-06_12-24-38.webp.webp?fit=1200%2C675&ssl=1&resize=525%2C300 1.5x, https:\/\/i0.wp.com\/noticiasribeiraopreto.com.br\/wp-content\/uploads\/2025\/07\/lauana_prado_2025-01-06_12-24-38.webp.webp?fit=1200%2C675&ssl=1&resize=700%2C400 2x, https:\/\/i0.wp.com\/noticiasribeiraopreto.com.br\/wp-content\/uploads\/2025\/07\/lauana_prado_2025-01-06_12-24-38.webp.webp?fit=1200%2C675&ssl=1&resize=1050%2C600 3x"},"classes":[]}],"jetpack_sharing_enabled":true,"jetpack_shortlink":"https:\/\/wp.me\/peQAOb-jJR","_links":{"self":[{"href":"https:\/\/noticiasribeiraopreto.com.br\/index.php\/wp-json\/wp\/v2\/posts\/75879","targetHints":{"allow":["GET"]}}],"collection":[{"href":"https:\/\/noticiasribeiraopreto.com.br\/index.php\/wp-json\/wp\/v2\/posts"}],"about":[{"href":"https:\/\/noticiasribeiraopreto.com.br\/index.php\/wp-json\/wp\/v2\/types\/post"}],"author":[{"embeddable":true,"href":"https:\/\/noticiasribeiraopreto.com.br\/index.php\/wp-json\/wp\/v2\/users\/1"}],"replies":[{"embeddable":true,"href":"https:\/\/noticiasribeiraopreto.com.br\/index.php\/wp-json\/wp\/v2\/comments?post=75879"}],"version-history":[{"count":0,"href":"https:\/\/noticiasribeiraopreto.com.br\/index.php\/wp-json\/wp\/v2\/posts\/75879\/revisions"}],"wp:featuredmedia":[{"embeddable":true,"href":"https:\/\/noticiasribeiraopreto.com.br\/index.php\/wp-json\/wp\/v2\/media\/75880"}],"wp:attachment":[{"href":"https:\/\/noticiasribeiraopreto.com.br\/index.php\/wp-json\/wp\/v2\/media?parent=75879"}],"wp:term":[{"taxonomy":"category","embeddable":true,"href":"https:\/\/noticiasribeiraopreto.com.br\/index.php\/wp-json\/wp\/v2\/categories?post=75879"},{"taxonomy":"post_tag","embeddable":true,"href":"https:\/\/noticiasribeiraopreto.com.br\/index.php\/wp-json\/wp\/v2\/tags?post=75879"}],"curies":[{"name":"wp","href":"https:\/\/api.w.org\/{rel}","templated":true}]}}