{"id":75881,"date":"2025-08-17T13:09:42","date_gmt":"2025-08-17T16:09:42","guid":{"rendered":"https:\/\/noticiasribeiraopreto.com.br\/index.php\/2025\/08\/17\/menos-cargos-e-novas-secretarias-entenda-o-projeto-de-reforma-administrativa-de-ribeirao\/"},"modified":"2025-08-17T13:09:42","modified_gmt":"2025-08-17T16:09:42","slug":"menos-cargos-e-novas-secretarias-entenda-o-projeto-de-reforma-administrativa-de-ribeirao","status":"publish","type":"post","link":"https:\/\/noticiasribeiraopreto.com.br\/index.php\/2025\/08\/17\/menos-cargos-e-novas-secretarias-entenda-o-projeto-de-reforma-administrativa-de-ribeirao\/","title":{"rendered":"Menos cargos e novas secretarias: entenda o projeto de reforma administrativa de Ribeir\u00e3o"},"content":{"rendered":"<div class='code-block code-block-1' style='margin: 8px 0 8px auto; text-align: right; display: block; clear: both;'>\n<p><a href=\"https:\/\/wa.link\/vpicfd\"><img data-recalc-dims=\"1\" class=\"wp-image-4922\" style=\"aspect-ratio: 2.0253164556962027; width: 561px; height: auto;\" src=\"https:\/\/i0.wp.com\/ismaelcolosi.com.br\/wp-content\/uploads\/2023\/11\/grupo-de-empregos-whatsapp-e-facebook-ismael-colosi-vagas.jpg?ssl=1\" alt=\"\" \/><\/a><\/p>\n<!-- \/wp:image -->\n<\/div>\n<p> <br \/>\n<\/p>\n<div>\n<p>A <strong>Prefeitura de Ribeir\u00e3o Preto<\/strong> finalizou o processo de <strong>reestrutura\u00e7\u00e3o administrativa<\/strong>, reduzindo em 98 o n\u00famero de <strong>cargos comissionados<\/strong>, <strong>fun\u00e7\u00f5es de confian\u00e7a<\/strong> e <strong>atividades gratificadas<\/strong>.<\/p>\n<p>Conforme <a href=\"https:\/\/publico.camararibeiraopreto.sp.gov.br\/consultas\/materia\/materia_mostrar_proc?cod_materia=NDY4MzY3\" target=\"_blank\" data-type=\"link\" data-id=\"https:\/\/publico.camararibeiraopreto.sp.gov.br\/consultas\/materia\/materia_mostrar_proc?cod_materia=NDY4MzY3\" rel=\"noreferrer noopener\">proposta encaminhada \u00e0 <strong>C\u00e2mara Municipal<\/strong><\/a><strong> <\/strong>na \u00faltima quarta-feira (13), o quadro passou de 882 para 784 cargos, mesmo com a cria\u00e7\u00e3o de tr\u00eas novas secretarias \u2013 saiba mais abaixo. <\/p>\n<p>\u201cO objetivo principal desta proposta \u00e9 proporcionar maior efici\u00eancia, agilidade e funcionalidade \u00e0 administra\u00e7\u00e3o p\u00fablica com uma estrutura administrativa juridicamente solida, financeiramente sustent\u00e1vel e tecnicamente adequada para os pr\u00f3ximos anos\u201d, justificou o prefeito <strong>Ricardo Silva (PSD)<\/strong>.<\/p>\n<p><mark style=\"background-color:#fcb900\" class=\"has-inline-color\">A <strong>Administra\u00e7\u00e3o <\/strong>tamb\u00e9m enviou dois projetos que prop\u00f5e adequa\u00e7\u00f5es na <strong>Saerp (Secretaria de \u00c1gua e Esgoto de Ribeir\u00e3o Preto)<\/strong> e na <strong>Controladoria-Geral do Munic\u00edpio<\/strong>.<\/mark><\/p>\n<h2 class=\"wp-block-heading\"><strong>A\u00e7\u00e3o de inconstitucionalidade<\/strong><\/h2>\n<p>A nova proposta de <strong>reforma administrativa<\/strong> foi necess\u00e1ria em raz\u00e3o da <strong>inconstitucionalidade <\/strong>apontada pelo <strong>Tribunal de Justi\u00e7a de S\u00e3o Paulo (TJ-SP)<\/strong> na reforma anterior, realizada no governo <strong>Duarte Nogueira<\/strong>.<\/p>\n<p>Ao todo, foram considerados inconstitucionais <strong>269 cargos comissionados<\/strong>, <strong>86 fun\u00e7\u00f5es de confian\u00e7a<\/strong> e <strong>93 atividades gratificadas<\/strong> por desempenharem fun\u00e7\u00f5es t\u00e9cnicas, burocr\u00e1ticas ou rotineiras.<\/p>\n<h2 class=\"wp-block-heading\"><strong>Diagn\u00f3stico t\u00e9cnico e nova estrutura<\/strong><\/h2>\n<p>De acordo com a <strong>Administra\u00e7\u00e3o Municipal<\/strong>, o novo modelo de reestrutura\u00e7\u00e3o foi elaborado com base em um estudo realizado pela <strong>Funda\u00e7\u00e3o Instituto de Pesquisas Econ\u00f4micas (FIPE)<\/strong>.<\/p>\n<figure class=\"wp-block-pullquote\">\n<blockquote>\n<p>Al\u00e9m de assegurar o cumprimento da referida decis\u00e3o judicial, esta iniciativa moderniza a administra\u00e7\u00e3o p\u00fablica, promovendo uma gest\u00e3o mais eficiente e alinhada as demandas da nova realidade administrativa<\/p>\n<p><cite>Ricardo Silva<\/cite><\/p><\/blockquote>\n<\/figure>\n<p>Ainda de acordo com o gestor municipal, o estudo contratado envolveu an\u00e1lise comparativa com outras administra\u00e7\u00f5es, mapeamento detalhado de atribui\u00e7\u00f5es e hierarquias, al\u00e9m da revis\u00e3o da compatibilidade das fun\u00e7\u00f5es com o ordenamento jur\u00eddico vigente.<\/p>\n<p>Com base nos resultados do diagn\u00f3stico realizado, foram criadas <strong>tr\u00eas novas secretarias<\/strong> com fun\u00e7\u00f5es espec\u00edficas:<\/p>\n<ul class=\"wp-block-list\">\n<li><strong>Secretaria da Cidadania e Pessoa com Defici\u00eancia:<\/strong> respons\u00e1vel por formular e executar pol\u00edticas voltadas \u00e0 inclus\u00e3o, acessibilidade e prote\u00e7\u00e3o de direitos, articulando a\u00e7\u00f5es com \u00f3rg\u00e3os estaduais e federais.<\/li>\n<\/ul>\n<ul class=\"wp-block-list\">\n<li><strong>Secretaria de Tecnologia e Governo Digital:<\/strong> respons\u00e1vel pela transforma\u00e7\u00e3o digital dos servi\u00e7os p\u00fablicos, promovendo a integra\u00e7\u00e3o de sistemas, inova\u00e7\u00e3o e reduzindo burocracia.<\/li>\n<\/ul>\n<ul class=\"wp-block-list\">\n<li><strong>Secretaria de Comunica\u00e7\u00e3o:<\/strong> ser\u00e1 respons\u00e1vel por unificar e planejar a comunica\u00e7\u00e3o institucional da prefeitura, com foco em transpar\u00eancia e maior proximidade com a popula\u00e7\u00e3o.<\/li>\n<\/ul>\n<h3 class=\"wp-block-heading\"><strong>Reestrutura\u00e7\u00e3o de pastas estrat\u00e9gicas<\/strong><\/h3>\n<p>Al\u00e9m das novas secretarias, a <strong>Prefeitura de Ribeir\u00e3o Preto<\/strong> tamb\u00e9m realizou altera\u00e7\u00f5es em tr\u00eas pastas consideradas <strong>estrat\u00e9gicas<\/strong>.<\/p>\n<p>Conforme explica\u00e7\u00e3o, a <strong>Secretaria de Meio Ambiente<\/strong> passou a se chamar <strong>Secretaria de Meio Ambiente, Agricultura e Sustentabilidade<\/strong>, unindo a\u00e7\u00f5es voltadas ao setor agro, \u00e0 gest\u00e3o ambiental e \u00e0 implementa\u00e7\u00e3o de programas de desenvolvimento sustent\u00e1vel.<\/p>\n<p>A <strong>Secretaria de Desenvolvimento Urbano<\/strong>, por sua vez, ser\u00e1 renomeada como <strong>Secretaria de Desenvolvimento Urbano e Habita\u00e7\u00e3o<\/strong>, integrando o planejamento urbano \u00e0 pol\u00edtica habitacional para ampliar projetos de regulariza\u00e7\u00e3o fundi\u00e1ria e novas moradias.<\/p>\n<p>Por fim, a <strong>Secretaria de Infraestrutura<\/strong> se torna <strong>Secretaria de Infraestrutura e Zeladoria<\/strong>, com o intuito de refor\u00e7ar a atua\u00e7\u00e3o na manuten\u00e7\u00e3o, conserva\u00e7\u00e3o e cuidados permanentes com a cidade.<\/p>\n<h2 class=\"wp-block-heading\"><strong>Mudan\u00e7as na Saerp e Controladoria-Geral<\/strong><\/h2>\n<p>A <strong>Prefeitura de Ribeir\u00e3o Preto<\/strong> tamb\u00e9m enviou outros dois projetos \u00e0 <strong>C\u00e2mara Municipal<\/strong> que reorganiza a <strong>Controladoria-Geral do Munic\u00edpio<\/strong> e a <strong>Secretaria de \u00c1gua e Esgoto (Saerp)<\/strong>.<\/p>\n<p>O <strong><a href=\"https:\/\/publico.camararibeiraopreto.sp.gov.br\/consultas\/materia\/materia_mostrar_proc?cod_materia=NDY4Mjk5\" target=\"_blank\" data-type=\"link\" data-id=\"https:\/\/publico.camararibeiraopreto.sp.gov.br\/consultas\/materia\/materia_mostrar_proc?cod_materia=NDY4Mjk5\" rel=\"noreferrer noopener\">Projeto de Lei Complementar n\u00ba 35\/2025<\/a><\/strong> pretende ampliar a <strong>Controladoria<\/strong>, que passa a ter setores de ouvidoria, corregedoria, controle interno e transpar\u00eancia, respons\u00e1veis por f<strong>iscalizar recursos<\/strong>, <strong>avaliar metas<\/strong>, <strong>apurar irregularidades <\/strong>e <strong>ouvir o cidad\u00e3o<\/strong>.<\/p>\n<p>J\u00e1 o <a href=\"https:\/\/publico.camararibeiraopreto.sp.gov.br\/consultas\/materia\/materia_mostrar_proc?cod_materia=NDY4MzI1\" data-type=\"link\" data-id=\"https:\/\/publico.camararibeiraopreto.sp.gov.br\/consultas\/materia\/materia_mostrar_proc?cod_materia=NDY4MzI1\" target=\"_blank\" rel=\"noopener\"><strong>Projeto de Lei Complementar n\u00ba 36\/2025<\/strong><\/a> organiza a <strong>Saerp <\/strong>com cargos de dire\u00e7\u00e3o, tr\u00eas subsecretarias e n\u00facleos administrativos, respons\u00e1veis por <strong>gest\u00e3o interna<\/strong>, <strong>cobran\u00e7a<\/strong>, <strong>manuten\u00e7\u00e3o <\/strong>e <strong>obras de saneamento<\/strong>.<\/p>\n<hr class=\"wp-block-separator has-alpha-channel-opacity\"\/>\n<p>SAIBA MAIS<\/p>\n<p>Nunes Marques desempata e mant\u00e9m anula\u00e7\u00e3o de condena\u00e7\u00f5es de ex-prefeito de Ribeir\u00e3o Preto<\/p>\n<h2 class=\"wp-block-heading\"><strong>FIQUE ON<\/strong><\/h2>\n<p>Fique ligado em tudo que acontece em Ribeir\u00e3o Preto e regi\u00e3o. Siga os perfis do\u00a0<strong>acidade on\u00a0<\/strong>no<a href=\"https:\/\/www.instagram.com\/acidadeonribeirao\" target=\"_blank\" rel=\"noreferrer noopener\">\u00a0Instagram<\/a>\u00a0e no\u00a0<a href=\"https:\/\/www.facebook.com\/acidadeonribeirao\/\" target=\"_blank\" rel=\"noreferrer noopener\">Facebook<\/a>.<\/p>\n<p>Receba not\u00edcias do\u00a0<strong>acidade on<\/strong>\u00a0no WhatsApp.\u00a0<a href=\"https:\/\/chat.whatsapp.com\/I4nieTEMKlf50pJ28aMemC?mode=ac_t\" target=\"_blank\" rel=\"noreferrer noopener\">Para entrar no grupo, basta clicar aqui.<\/a><\/p>\n<p>Fa\u00e7a uma den\u00fancia ou sugira uma reportagem sobre Ribeir\u00e3o Preto e regi\u00e3o pelo WhatsApp: 16 99117 7802.<\/p>\n<p>VEJA TAMB\u00c9M<\/p>\n<p>O que aconteceu com brasileira deixada no Senegal ap\u00f3s passar mal em avi\u00e3o?<\/p>\n<p><!-- AI CONTENT END 1 -->\n<\/div>\n<p><script async src=\"\/\/www.instagram.com\/embed.js\"><\/script><br \/>\n<br \/><br \/>\n<br \/><a href=\"https:\/\/www.acidadeon.com\/ribeiraopreto\/politica\/nevio-archibald\/entenda-a-reforma-administrativa-de-ribeirao\/\">Source link <\/a><\/p>\n<!-- CONTENT END 1 -->\n","protected":false},"excerpt":{"rendered":"<p>A Prefeitura de Ribeir\u00e3o Preto finalizou o processo de reestrutura\u00e7\u00e3o administrativa, reduzindo em 98 o n\u00famero de cargos comissionados, fun\u00e7\u00f5es de confian\u00e7a e atividades gratificadas&#8230;.<\/p>\n","protected":false},"author":1,"featured_media":75882,"comment_status":"open","ping_status":"open","sticky":false,"template":"","format":"standard","meta":{"advanced_seo_description":"","jetpack_seo_html_title":"","jetpack_seo_noindex":false,"jetpack_post_was_ever_published":false,"_jetpack_newsletter_access":"","_jetpack_dont_email_post_to_subs":false,"_jetpack_newsletter_tier_id":0,"_jetpack_memberships_contains_paywalled_content":false,"_jetpack_memberships_contains_paid_content":false,"footnotes":"","jetpack_publicize_message":"","jetpack_publicize_feature_enabled":true,"jetpack_social_post_already_shared":true,"jetpack_social_options":{"image_generator_settings":{"template":"highway","default_image_id":0,"font":"","enabled":false},"version":2}},"categories":[11],"tags":[],"class_list":["post-75881","post","type-post","status-publish","format-standard","has-post-thumbnail","hentry","category-noticias-de-ribeirao-preto-sp-e-regiao-ismael-colosi"],"jetpack_publicize_connections":[],"jetpack_featured_media_url":"https:\/\/i0.wp.com\/noticiasribeiraopreto.com.br\/wp-content\/uploads\/2025\/08\/Copia-de-Copia-de-Copia-de-TAMANHO-EXATO-PARA-FOTOS-NO-SISTEMA-NOVO-44_2024-10-25_18-13-32_png_2024-10-25_18-13-32.webp.webp?fit=1200%2C675&ssl=1","jetpack-related-posts":[{"id":75732,"url":"https:\/\/noticiasribeiraopreto.com.br\/index.php\/2025\/08\/14\/reforma-administrativa-de-ribeirao-preve-novas-secretarias-e-corte-de-98-cargos\/","url_meta":{"origin":75881,"position":0},"title":"Reforma administrativa de Ribeir\u00e3o prev\u00ea novas secretarias e corte de 98 cargos","author":"noticiasribeiraopreto.com.br","date":"14 de August de 2025","format":false,"excerpt":"A Prefeitura de Ribeir\u00e3o Preto encaminhou para C\u00e2mara, na \u00faltima quarta-feira (13), os tr\u00eas projetos de lei da nova reforma administrativa. Segundo a proposta do Executivo, ser\u00e3o reduzidos 98 cargos, incluindo comissionados, fun\u00e7\u00f5es de confian\u00e7a e atividades gratificadas. Com isso, essas fun\u00e7\u00f5es passam de 882 para 784. Al\u00e9m disso, a\u2026","rel":"","context":"In &quot;Not\u00edcias de Ribeir\u00e3o Preto-SP e Regi\u00e3o&quot;","block_context":{"text":"Not\u00edcias de Ribeir\u00e3o Preto-SP e Regi\u00e3o","link":"https:\/\/noticiasribeiraopreto.com.br\/index.php\/category\/noticias-de-ribeirao-preto-sp-e-regiao-ismael-colosi\/"},"img":{"alt_text":"","src":"https:\/\/i0.wp.com\/noticiasribeiraopreto.com.br\/wp-content\/uploads\/2025\/08\/centroa-administrativo-ribeirao-preto.jpg?fit=1200%2C606&ssl=1&resize=350%2C200","width":350,"height":200,"srcset":"https:\/\/i0.wp.com\/noticiasribeiraopreto.com.br\/wp-content\/uploads\/2025\/08\/centroa-administrativo-ribeirao-preto.jpg?fit=1200%2C606&ssl=1&resize=350%2C200 1x, https:\/\/i0.wp.com\/noticiasribeiraopreto.com.br\/wp-content\/uploads\/2025\/08\/centroa-administrativo-ribeirao-preto.jpg?fit=1200%2C606&ssl=1&resize=525%2C300 1.5x, https:\/\/i0.wp.com\/noticiasribeiraopreto.com.br\/wp-content\/uploads\/2025\/08\/centroa-administrativo-ribeirao-preto.jpg?fit=1200%2C606&ssl=1&resize=700%2C400 2x, https:\/\/i0.wp.com\/noticiasribeiraopreto.com.br\/wp-content\/uploads\/2025\/08\/centroa-administrativo-ribeirao-preto.jpg?fit=1200%2C606&ssl=1&resize=1050%2C600 3x"},"classes":[]},{"id":76344,"url":"https:\/\/noticiasribeiraopreto.com.br\/index.php\/2025\/08\/27\/reforma-administrativa-de-ribeirao-preto-sera-votada-nesta-quarta-feira\/","url_meta":{"origin":75881,"position":1},"title":"Reforma administrativa de Ribeir\u00e3o Preto ser\u00e1 votada nesta quarta-feira","author":"noticiasribeiraopreto.com.br","date":"27 de August de 2025","format":false,"excerpt":"A C\u00e2mara de Ribeir\u00e3o Preto vota a partir desta quarta-feira (27) a reforma administrativa proposta pelo prefeito Ricardo Silva (PSD). Ao todo, s\u00e3o tr\u00eas projetos que preveem o corte de 98 cargos comissionados, fun\u00e7\u00f5es de confian\u00e7a e atividades gratificadas, por\u00e9m criam tr\u00eas novas secretarias. A Prefeitura de Ribeir\u00e3o Preto afirma\u2026","rel":"","context":"In &quot;Not\u00edcias de Ribeir\u00e3o Preto-SP e Regi\u00e3o&quot;","block_context":{"text":"Not\u00edcias de Ribeir\u00e3o Preto-SP e Regi\u00e3o","link":"https:\/\/noticiasribeiraopreto.com.br\/index.php\/category\/noticias-de-ribeirao-preto-sp-e-regiao-ismael-colosi\/"},"img":{"alt_text":"","src":"https:\/\/i0.wp.com\/noticiasribeiraopreto.com.br\/wp-content\/uploads\/2025\/08\/1756300806_ribeirao-preto-prefeitura.jpg?fit=1200%2C900&ssl=1&resize=350%2C200","width":350,"height":200,"srcset":"https:\/\/i0.wp.com\/noticiasribeiraopreto.com.br\/wp-content\/uploads\/2025\/08\/1756300806_ribeirao-preto-prefeitura.jpg?fit=1200%2C900&ssl=1&resize=350%2C200 1x, https:\/\/i0.wp.com\/noticiasribeiraopreto.com.br\/wp-content\/uploads\/2025\/08\/1756300806_ribeirao-preto-prefeitura.jpg?fit=1200%2C900&ssl=1&resize=525%2C300 1.5x, https:\/\/i0.wp.com\/noticiasribeiraopreto.com.br\/wp-content\/uploads\/2025\/08\/1756300806_ribeirao-preto-prefeitura.jpg?fit=1200%2C900&ssl=1&resize=700%2C400 2x, https:\/\/i0.wp.com\/noticiasribeiraopreto.com.br\/wp-content\/uploads\/2025\/08\/1756300806_ribeirao-preto-prefeitura.jpg?fit=1200%2C900&ssl=1&resize=1050%2C600 3x"},"classes":[]},{"id":76402,"url":"https:\/\/noticiasribeiraopreto.com.br\/index.php\/2025\/08\/28\/camara-aprova-em-primeira-discussao-a-reforma-administrativa-de-ribeirao-preto\/","url_meta":{"origin":75881,"position":2},"title":"C\u00e2mara aprova, em primeira discuss\u00e3o, a reforma administrativa de Ribeir\u00e3o Preto","author":"noticiasribeiraopreto.com.br","date":"28 de August de 2025","format":false,"excerpt":"A C\u00e2mara de Ribeir\u00e3o Preto aprovou na noite de quarta-feira (27), em primeira discuss\u00e3o, os tr\u00eas projetos de lei da reforma administrativa proposta pelo prefeito Ricardo Silva (PSD). Os projetos preveem o corte de 98 cargos comissionados, fun\u00e7\u00f5es de confian\u00e7a e atividades gratificadas, por\u00e9m criam tr\u00eas novas secretarias. A sess\u00e3o\u2026","rel":"","context":"In &quot;Not\u00edcias de Ribeir\u00e3o Preto-SP e Regi\u00e3o&quot;","block_context":{"text":"Not\u00edcias de Ribeir\u00e3o Preto-SP e Regi\u00e3o","link":"https:\/\/noticiasribeiraopreto.com.br\/index.php\/category\/noticias-de-ribeirao-preto-sp-e-regiao-ismael-colosi\/"},"img":{"alt_text":"","src":"https:\/\/i0.wp.com\/noticiasribeiraopreto.com.br\/wp-content\/uploads\/2025\/08\/camara-sessao-1_2025-08-28_12-54-39.webp.webp?fit=1200%2C800&ssl=1&resize=350%2C200","width":350,"height":200,"srcset":"https:\/\/i0.wp.com\/noticiasribeiraopreto.com.br\/wp-content\/uploads\/2025\/08\/camara-sessao-1_2025-08-28_12-54-39.webp.webp?fit=1200%2C800&ssl=1&resize=350%2C200 1x, https:\/\/i0.wp.com\/noticiasribeiraopreto.com.br\/wp-content\/uploads\/2025\/08\/camara-sessao-1_2025-08-28_12-54-39.webp.webp?fit=1200%2C800&ssl=1&resize=525%2C300 1.5x, https:\/\/i0.wp.com\/noticiasribeiraopreto.com.br\/wp-content\/uploads\/2025\/08\/camara-sessao-1_2025-08-28_12-54-39.webp.webp?fit=1200%2C800&ssl=1&resize=700%2C400 2x, https:\/\/i0.wp.com\/noticiasribeiraopreto.com.br\/wp-content\/uploads\/2025\/08\/camara-sessao-1_2025-08-28_12-54-39.webp.webp?fit=1200%2C800&ssl=1&resize=1050%2C600 3x"},"classes":[]},{"id":76129,"url":"https:\/\/noticiasribeiraopreto.com.br\/index.php\/2025\/08\/22\/sindicato-dos-servidores-critica-proposta-da-reforma-administrativa-em-ribeirao-preto\/","url_meta":{"origin":75881,"position":3},"title":"Sindicato dos Servidores critica proposta da reforma administrativa em Ribeir\u00e3o Preto","author":"noticiasribeiraopreto.com.br","date":"22 de August de 2025","format":false,"excerpt":"O Sindicato dos Servidores Municipais de Ribeir\u00e3o Preto publicou um comunicado nesta sexta-feira (22) criticando a reforma administrativa proposta pelo prefeito Ricardo Silva (PSD). Os tr\u00eas projetos enviados pelo Executivo ao Legislativo preveem o corte de 98 cargos comissionados, fun\u00e7\u00f5es de confian\u00e7a e atividades gratificadas, mas prev\u00ea a cria\u00e7\u00e3o de\u2026","rel":"","context":"In &quot;Not\u00edcias de Ribeir\u00e3o Preto-SP e Regi\u00e3o&quot;","block_context":{"text":"Not\u00edcias de Ribeir\u00e3o Preto-SP e Regi\u00e3o","link":"https:\/\/noticiasribeiraopreto.com.br\/index.php\/category\/noticias-de-ribeirao-preto-sp-e-regiao-ismael-colosi\/"},"img":{"alt_text":"","src":"https:\/\/i0.wp.com\/noticiasribeiraopreto.com.br\/wp-content\/uploads\/2025\/08\/ricardo-silva-prefeito_2025-08-22_15-28-38.webp.webp?fit=1200%2C800&ssl=1&resize=350%2C200","width":350,"height":200,"srcset":"https:\/\/i0.wp.com\/noticiasribeiraopreto.com.br\/wp-content\/uploads\/2025\/08\/ricardo-silva-prefeito_2025-08-22_15-28-38.webp.webp?fit=1200%2C800&ssl=1&resize=350%2C200 1x, https:\/\/i0.wp.com\/noticiasribeiraopreto.com.br\/wp-content\/uploads\/2025\/08\/ricardo-silva-prefeito_2025-08-22_15-28-38.webp.webp?fit=1200%2C800&ssl=1&resize=525%2C300 1.5x, https:\/\/i0.wp.com\/noticiasribeiraopreto.com.br\/wp-content\/uploads\/2025\/08\/ricardo-silva-prefeito_2025-08-22_15-28-38.webp.webp?fit=1200%2C800&ssl=1&resize=700%2C400 2x, https:\/\/i0.wp.com\/noticiasribeiraopreto.com.br\/wp-content\/uploads\/2025\/08\/ricardo-silva-prefeito_2025-08-22_15-28-38.webp.webp?fit=1200%2C800&ssl=1&resize=1050%2C600 3x"},"classes":[]},{"id":76339,"url":"https:\/\/noticiasribeiraopreto.com.br\/index.php\/2025\/08\/27\/reforma-administrativa-vai-a-votacao\/","url_meta":{"origin":75881,"position":4},"title":"Reforma administrativa vai \u00e0 vota\u00e7\u00e3o","author":"noticiasribeiraopreto.com.br","date":"27 de August de 2025","format":false,"excerpt":"A C\u00e2mara de Vereadores vota nesta quarta-feira, 27 de agosto, em primeira discuss\u00e3o, os tr\u00eas projetos de lei do Executivo que tratam da reforma administrativa da prefeitura de Ribeir\u00e3o Preto. As propostas preveem um novo desenho organizacional com a redu\u00e7\u00e3o de 98 cargos comissionados, otimizando a utiliza\u00e7\u00e3o de fun\u00e7\u00f5es de\u2026","rel":"","context":"In &quot;Not\u00edcias de Ribeir\u00e3o Preto-SP e Regi\u00e3o&quot;","block_context":{"text":"Not\u00edcias de Ribeir\u00e3o Preto-SP e Regi\u00e3o","link":"https:\/\/noticiasribeiraopreto.com.br\/index.php\/category\/noticias-de-ribeirao-preto-sp-e-regiao-ismael-colosi\/"},"img":{"alt_text":"","src":"https:\/\/i0.wp.com\/noticiasribeiraopreto.com.br\/wp-content\/uploads\/2025\/08\/Reforma-Alfredo-Risk-scaled.jpg?fit=1170%2C780&ssl=1&resize=350%2C200","width":350,"height":200,"srcset":"https:\/\/i0.wp.com\/noticiasribeiraopreto.com.br\/wp-content\/uploads\/2025\/08\/Reforma-Alfredo-Risk-scaled.jpg?fit=1170%2C780&ssl=1&resize=350%2C200 1x, https:\/\/i0.wp.com\/noticiasribeiraopreto.com.br\/wp-content\/uploads\/2025\/08\/Reforma-Alfredo-Risk-scaled.jpg?fit=1170%2C780&ssl=1&resize=525%2C300 1.5x, https:\/\/i0.wp.com\/noticiasribeiraopreto.com.br\/wp-content\/uploads\/2025\/08\/Reforma-Alfredo-Risk-scaled.jpg?fit=1170%2C780&ssl=1&resize=700%2C400 2x, https:\/\/i0.wp.com\/noticiasribeiraopreto.com.br\/wp-content\/uploads\/2025\/08\/Reforma-Alfredo-Risk-scaled.jpg?fit=1170%2C780&ssl=1&resize=1050%2C600 3x"},"classes":[]},{"id":77692,"url":"https:\/\/noticiasribeiraopreto.com.br\/index.php\/2025\/09\/24\/prefeito-sanciona-reforma-administrativa-tribuna-ribeirao\/","url_meta":{"origin":75881,"position":5},"title":"Prefeito sanciona reforma administrativa\u2028 &#8211; Tribuna Ribeir\u00e3o","author":"noticiasribeiraopreto.com.br","date":"24 de September de 2025","format":false,"excerpt":"San\u00e7\u00e3o da lei foi publicada em edi\u00e7\u00e3o suplementar do Di\u00e1rio Oficial do Munic\u00edpio de segunda-feira; documento tem 364 p\u00e1ginas\u2028\u2028 O prefeito Ricardo Silva (PSD) sancionou as leis municipais que tratam da reforma administrativa na prefeitura de Ribeir\u00e3o Preto, exigidas pelo Tribunal de Justi\u00e7a de S\u00e3o Paulo (TJSP). A C\u00e2mara de\u2026","rel":"","context":"In &quot;Not\u00edcias de Ribeir\u00e3o Preto-SP e Regi\u00e3o&quot;","block_context":{"text":"Not\u00edcias de Ribeir\u00e3o Preto-SP e Regi\u00e3o","link":"https:\/\/noticiasribeiraopreto.com.br\/index.php\/category\/noticias-de-ribeirao-preto-sp-e-regiao-ismael-colosi\/"},"img":{"alt_text":"","src":"https:\/\/i0.wp.com\/noticiasribeiraopreto.com.br\/wp-content\/uploads\/2025\/09\/Reforma-Sil-Alfredo-Risk-scaled.jpg?fit=1170%2C780&ssl=1&resize=350%2C200","width":350,"height":200,"srcset":"https:\/\/i0.wp.com\/noticiasribeiraopreto.com.br\/wp-content\/uploads\/2025\/09\/Reforma-Sil-Alfredo-Risk-scaled.jpg?fit=1170%2C780&ssl=1&resize=350%2C200 1x, https:\/\/i0.wp.com\/noticiasribeiraopreto.com.br\/wp-content\/uploads\/2025\/09\/Reforma-Sil-Alfredo-Risk-scaled.jpg?fit=1170%2C780&ssl=1&resize=525%2C300 1.5x, https:\/\/i0.wp.com\/noticiasribeiraopreto.com.br\/wp-content\/uploads\/2025\/09\/Reforma-Sil-Alfredo-Risk-scaled.jpg?fit=1170%2C780&ssl=1&resize=700%2C400 2x, https:\/\/i0.wp.com\/noticiasribeiraopreto.com.br\/wp-content\/uploads\/2025\/09\/Reforma-Sil-Alfredo-Risk-scaled.jpg?fit=1170%2C780&ssl=1&resize=1050%2C600 3x"},"classes":[]}],"jetpack_sharing_enabled":true,"jetpack_shortlink":"https:\/\/wp.me\/peQAOb-jJT","_links":{"self":[{"href":"https:\/\/noticiasribeiraopreto.com.br\/index.php\/wp-json\/wp\/v2\/posts\/75881","targetHints":{"allow":["GET"]}}],"collection":[{"href":"https:\/\/noticiasribeiraopreto.com.br\/index.php\/wp-json\/wp\/v2\/posts"}],"about":[{"href":"https:\/\/noticiasribeiraopreto.com.br\/index.php\/wp-json\/wp\/v2\/types\/post"}],"author":[{"embeddable":true,"href":"https:\/\/noticiasribeiraopreto.com.br\/index.php\/wp-json\/wp\/v2\/users\/1"}],"replies":[{"embeddable":true,"href":"https:\/\/noticiasribeiraopreto.com.br\/index.php\/wp-json\/wp\/v2\/comments?post=75881"}],"version-history":[{"count":0,"href":"https:\/\/noticiasribeiraopreto.com.br\/index.php\/wp-json\/wp\/v2\/posts\/75881\/revisions"}],"wp:featuredmedia":[{"embeddable":true,"href":"https:\/\/noticiasribeiraopreto.com.br\/index.php\/wp-json\/wp\/v2\/media\/75882"}],"wp:attachment":[{"href":"https:\/\/noticiasribeiraopreto.com.br\/index.php\/wp-json\/wp\/v2\/media?parent=75881"}],"wp:term":[{"taxonomy":"category","embeddable":true,"href":"https:\/\/noticiasribeiraopreto.com.br\/index.php\/wp-json\/wp\/v2\/categories?post=75881"},{"taxonomy":"post_tag","embeddable":true,"href":"https:\/\/noticiasribeiraopreto.com.br\/index.php\/wp-json\/wp\/v2\/tags?post=75881"}],"curies":[{"name":"wp","href":"https:\/\/api.w.org\/{rel}","templated":true}]}}