{"id":75885,"date":"2025-08-17T13:24:03","date_gmt":"2025-08-17T16:24:03","guid":{"rendered":"https:\/\/noticiasribeiraopreto.com.br\/index.php\/2025\/08\/17\/acidente-em-rodovia-deixa-um-morto-e-um-ferido-na-regiao-de-ribeirao\/"},"modified":"2025-08-17T13:24:03","modified_gmt":"2025-08-17T16:24:03","slug":"acidente-em-rodovia-deixa-um-morto-e-um-ferido-na-regiao-de-ribeirao","status":"publish","type":"post","link":"https:\/\/noticiasribeiraopreto.com.br\/index.php\/2025\/08\/17\/acidente-em-rodovia-deixa-um-morto-e-um-ferido-na-regiao-de-ribeirao\/","title":{"rendered":"Acidente em rodovia deixa um morto e um ferido na regi\u00e3o de Ribeir\u00e3o"},"content":{"rendered":"<div class='code-block code-block-1' style='margin: 8px 0 8px auto; text-align: right; display: block; clear: both;'>\n<p><a href=\"https:\/\/wa.link\/vpicfd\"><img data-recalc-dims=\"1\" class=\"wp-image-4922\" style=\"aspect-ratio: 2.0253164556962027; width: 561px; height: auto;\" src=\"https:\/\/i0.wp.com\/ismaelcolosi.com.br\/wp-content\/uploads\/2023\/11\/grupo-de-empregos-whatsapp-e-facebook-ismael-colosi-vagas.jpg?ssl=1\" alt=\"\" \/><\/a><\/p>\n<!-- \/wp:image -->\n<\/div>\n<p> <br \/>\n<\/p>\n<div data-td-block-uid=\"tdi_95\">\n<div class=\"tdb-block-inner td-fix-index\">\n<p>Uma pessoa morreu e outra ficou ferida ap\u00f3s serem atropeladas pr\u00f3ximo ao km 377 da rodovia Brigadeiro Faria Lima (SP-326), em <strong>Bebedouro<\/strong>, na <strong>regi\u00e3o de Ribeir\u00e3o Preto<\/strong>, na noite deste s\u00e1bado (16).<\/p>\n<p>De acordo com o <strong>Centro de Controle de Informa\u00e7\u00f5es (CCI) <\/strong>da <strong><a href=\"https:\/\/cci.artesp.sp.gov.br\/\" target=\"_blank\" data-type=\"link\" data-id=\"https:\/\/cci.artesp.sp.gov.br\/\" rel=\"noreferrer noopener\">Artesp<\/a><\/strong>, as v\u00edtimas seguiam pelo sentido norte da rodovia quando o condutor de um Uno tentou realizar uma ultrapassagem, avistou os pedestres, <strong>mas n\u00e3o teve tempo de frear<\/strong> ou <strong>desviar <\/strong>e acabou atingindo uma pessoa.<\/p>\n<p>Na sequ\u00eancia, um carro ainda n\u00e3o identificado, que seguia atr\u00e1s do Uno, <strong>atropelou a segunda v\u00edtima<\/strong>. Ela foi socorrida em estado grave. <mark style=\"background-color:#fcb900\" class=\"has-inline-color\">N\u00e3o h\u00e1 informa\u00e7\u00f5es sobre o atual estado de sa\u00fade ou identifica\u00e7\u00e3o dela<\/mark>.<\/p>\n<p>Segundo o <strong>CCI<\/strong>, ap\u00f3s o acidente o motorista do Uno parou no canteiro central, enquanto o outro fugiu do local. Segundo a apura\u00e7\u00e3o da EPTV, <strong>os ocupantes do Uno n\u00e3o se feriram<\/strong>.<\/p>\n<p>Foi necess\u00e1rio<strong> interditar uma faixa da rodovia<\/strong> para o trabalho de remo\u00e7\u00e3o da v\u00edtima e do ve\u00edculo envolvido. <mark style=\"background-color:#fcb900\" class=\"has-inline-color\">Nesse momento o tr\u00e2nsito j\u00e1 foi liberado.<\/mark><\/p>\n<p>Equipes da <strong>Pol\u00edcia Militar Rodovi\u00e1ria (PMRv)<\/strong>, <strong>Pol\u00edcia T\u00e9cnica<\/strong>, <strong>Corpo de Bombeiros<\/strong>, <strong>Funer\u00e1ria <\/strong>e <strong>concession\u00e1ria <\/strong>respons\u00e1vel pela rodovia foram acionadas e compare\u00e7am ao local. O caso dever\u00e1 ser investigado pela <strong>Pol\u00edcia Civil<\/strong>.<\/p>\n<hr class=\"wp-block-separator has-alpha-channel-opacity\"\/>\n<p>SAIBA MAIS<\/p>\n<p>Brigadista volunt\u00e1rio morre durante combate a inc\u00eandio \u00e0s margens de rodovia<\/p>\n<h2 class=\"wp-block-heading\"><strong>FIQUE ON<\/strong><\/h2>\n<p>Fique ligado em tudo que acontece em Ribeir\u00e3o Preto e regi\u00e3o. Siga os perfis do\u00a0<strong>acidade on\u00a0<\/strong>no<a href=\"https:\/\/www.instagram.com\/acidadeonribeirao\" target=\"_blank\" rel=\"noreferrer noopener\">\u00a0Instagram<\/a>\u00a0e no\u00a0<a href=\"https:\/\/www.facebook.com\/acidadeonribeirao\/\" target=\"_blank\" rel=\"noreferrer noopener\">Facebook<\/a>.<\/p>\n<p>Receba not\u00edcias do\u00a0<strong>acidade on<\/strong>\u00a0no WhatsApp.\u00a0<a href=\"https:\/\/chat.whatsapp.com\/I4nieTEMKlf50pJ28aMemC?mode=ac_t\" target=\"_blank\" rel=\"noreferrer noopener\">Para entrar no grupo, basta clicar aqui.<\/a><\/p>\n<p>Fa\u00e7a uma den\u00fancia ou sugira uma reportagem sobre Ribeir\u00e3o Preto e regi\u00e3o pelo WhatsApp: 16 99117 7802.<\/p>\n<p>VEJA TAMB\u00c9M<\/p>\n<p>Lady Gaga vai voltar ao Brasil?<\/p>\n<p><!-- AI CONTENT END 1 -->\n<\/div>\n<\/div>\n<p><script async src=\"\/\/www.instagram.com\/embed.js\"><\/script><br \/>\n<br \/><br \/>\n<br \/><a href=\"https:\/\/www.acidadeon.com\/ribeiraopreto\/cotidiano\/acidente-em-rodovia-deixa-um-morto-e-um-ferido-na-regiao-de-ribeirao\/\">Source link <\/a><\/p>\n<!-- CONTENT END 1 -->\n","protected":false},"excerpt":{"rendered":"<p>Uma pessoa morreu e outra ficou ferida ap\u00f3s serem atropeladas pr\u00f3ximo ao km 377 da rodovia Brigadeiro Faria Lima (SP-326), em Bebedouro, na regi\u00e3o de&#8230;<\/p>\n","protected":false},"author":1,"featured_media":75886,"comment_status":"open","ping_status":"open","sticky":false,"template":"","format":"standard","meta":{"advanced_seo_description":"","jetpack_seo_html_title":"","jetpack_seo_noindex":false,"jetpack_post_was_ever_published":false,"_jetpack_newsletter_access":"","_jetpack_dont_email_post_to_subs":false,"_jetpack_newsletter_tier_id":0,"_jetpack_memberships_contains_paywalled_content":false,"_jetpack_memberships_contains_paid_content":false,"footnotes":"","jetpack_publicize_message":"","jetpack_publicize_feature_enabled":true,"jetpack_social_post_already_shared":true,"jetpack_social_options":{"image_generator_settings":{"template":"highway","default_image_id":0,"font":"","enabled":false},"version":2}},"categories":[11],"tags":[],"class_list":["post-75885","post","type-post","status-publish","format-standard","has-post-thumbnail","hentry","category-noticias-de-ribeirao-preto-sp-e-regiao-ismael-colosi"],"jetpack_publicize_connections":[],"jetpack_featured_media_url":"https:\/\/i0.wp.com\/noticiasribeiraopreto.com.br\/wp-content\/uploads\/2025\/08\/Copia-de-Copia-de-Copia-de-TAMANHO-EXATO-PARA-FOTOS-NO-SISTEMA-NOVO-2025-08-17T112620.726_2025-08-17_14-26-29.webp.webp?fit=1200%2C675&ssl=1","jetpack-related-posts":[{"id":63210,"url":"https:\/\/noticiasribeiraopreto.com.br\/index.php\/2025\/02\/06\/morre-crianca-de-6-anos-vitima-de-acidente-em-rodovia-da-regiao-de-ribeirao\/","url_meta":{"origin":75885,"position":0},"title":"Morre crian\u00e7a de 6 anos v\u00edtima de acidente em rodovia da regi\u00e3o de Ribeir\u00e3o","author":"noticiasribeiraopreto.com.br","date":"6 de February de 2025","format":false,"excerpt":"Morreu na madrugada desta quinta-feira (6), a crian\u00e7a de 6 anos que foi socorrida em estado grave ap\u00f3s um engavetamento na rodovia Armando Salles de Oliveira (SP-322), em Sert\u00e3ozinho, cidade na regi\u00e3o de Ribeir\u00e3o Preto. Ainda n\u00e3o h\u00e1 informa\u00e7\u00f5es sobre vel\u00f3rio e sepultamento. De acordo com as informa\u00e7\u00f5es do CCI\u2026","rel":"","context":"In &quot;Not\u00edcias de Ribeir\u00e3o Preto-SP e Regi\u00e3o&quot;","block_context":{"text":"Not\u00edcias de Ribeir\u00e3o Preto-SP e Regi\u00e3o","link":"https:\/\/noticiasribeiraopreto.com.br\/index.php\/category\/noticias-de-ribeirao-preto-sp-e-regiao-ismael-colosi\/"},"img":{"alt_text":"","src":"https:\/\/i0.wp.com\/noticiasribeiraopreto.com.br\/wp-content\/uploads\/2025\/02\/Copia-de-Copia-de-Copia-de-TAMANHO-EXATO-PARA-FOTOS-NO-SISTEMA-NOVO-2025-02-05T160700.825_2025-02-05_19-07-11_png_2025-02-05_19-07-11.webp.webp?fit=1200%2C675&ssl=1&resize=350%2C200","width":350,"height":200,"srcset":"https:\/\/i0.wp.com\/noticiasribeiraopreto.com.br\/wp-content\/uploads\/2025\/02\/Copia-de-Copia-de-Copia-de-TAMANHO-EXATO-PARA-FOTOS-NO-SISTEMA-NOVO-2025-02-05T160700.825_2025-02-05_19-07-11_png_2025-02-05_19-07-11.webp.webp?fit=1200%2C675&ssl=1&resize=350%2C200 1x, https:\/\/i0.wp.com\/noticiasribeiraopreto.com.br\/wp-content\/uploads\/2025\/02\/Copia-de-Copia-de-Copia-de-TAMANHO-EXATO-PARA-FOTOS-NO-SISTEMA-NOVO-2025-02-05T160700.825_2025-02-05_19-07-11_png_2025-02-05_19-07-11.webp.webp?fit=1200%2C675&ssl=1&resize=525%2C300 1.5x, https:\/\/i0.wp.com\/noticiasribeiraopreto.com.br\/wp-content\/uploads\/2025\/02\/Copia-de-Copia-de-Copia-de-TAMANHO-EXATO-PARA-FOTOS-NO-SISTEMA-NOVO-2025-02-05T160700.825_2025-02-05_19-07-11_png_2025-02-05_19-07-11.webp.webp?fit=1200%2C675&ssl=1&resize=700%2C400 2x, https:\/\/i0.wp.com\/noticiasribeiraopreto.com.br\/wp-content\/uploads\/2025\/02\/Copia-de-Copia-de-Copia-de-TAMANHO-EXATO-PARA-FOTOS-NO-SISTEMA-NOVO-2025-02-05T160700.825_2025-02-05_19-07-11_png_2025-02-05_19-07-11.webp.webp?fit=1200%2C675&ssl=1&resize=1050%2C600 3x"},"classes":[]},{"id":84852,"url":"https:\/\/noticiasribeiraopreto.com.br\/index.php\/2026\/04\/16\/acidente-entre-caminhoes-deixa-duas-pessoas-feridas-na-rodovia-candido-portinari\/","url_meta":{"origin":75885,"position":1},"title":"Acidente entre caminh\u00f5es deixa duas pessoas feridas na rodovia C\u00e2ndido Portinari","author":"noticiasribeiraopreto.com.br","date":"16 de April de 2026","format":false,"excerpt":"Ler o resumo da not\u00edcia \r Dois caminh\u00f5es se envolveram em acidente na rodovia C\u00e2ndido Portinari, em Batatais, na regi\u00e3o de Ribeir\u00e3o Preto, na tarde de quinta-feira (16).\r Duas pessoas ficaram feridas, sendo uma em estado grave; a identidade das v\u00edtimas ainda n\u00e3o foi confirmada.\r Um dos ve\u00edculos, que seguia\u2026","rel":"","context":"In &quot;Not\u00edcias de Ribeir\u00e3o Preto-SP e Regi\u00e3o&quot;","block_context":{"text":"Not\u00edcias de Ribeir\u00e3o Preto-SP e Regi\u00e3o","link":"https:\/\/noticiasribeiraopreto.com.br\/index.php\/category\/noticias-de-ribeirao-preto-sp-e-regiao-ismael-colosi\/"},"img":{"alt_text":"","src":"https:\/\/i0.wp.com\/noticiasribeiraopreto.com.br\/wp-content\/uploads\/2026\/04\/WhatsApp-Image-2026-04-16-at-15.57.32_2026-04-16_18-57-54.webp.webp?fit=1200%2C678&ssl=1&resize=350%2C200","width":350,"height":200,"srcset":"https:\/\/i0.wp.com\/noticiasribeiraopreto.com.br\/wp-content\/uploads\/2026\/04\/WhatsApp-Image-2026-04-16-at-15.57.32_2026-04-16_18-57-54.webp.webp?fit=1200%2C678&ssl=1&resize=350%2C200 1x, https:\/\/i0.wp.com\/noticiasribeiraopreto.com.br\/wp-content\/uploads\/2026\/04\/WhatsApp-Image-2026-04-16-at-15.57.32_2026-04-16_18-57-54.webp.webp?fit=1200%2C678&ssl=1&resize=525%2C300 1.5x, https:\/\/i0.wp.com\/noticiasribeiraopreto.com.br\/wp-content\/uploads\/2026\/04\/WhatsApp-Image-2026-04-16-at-15.57.32_2026-04-16_18-57-54.webp.webp?fit=1200%2C678&ssl=1&resize=700%2C400 2x, https:\/\/i0.wp.com\/noticiasribeiraopreto.com.br\/wp-content\/uploads\/2026\/04\/WhatsApp-Image-2026-04-16-at-15.57.32_2026-04-16_18-57-54.webp.webp?fit=1200%2C678&ssl=1&resize=1050%2C600 3x"},"classes":[]},{"id":53815,"url":"https:\/\/noticiasribeiraopreto.com.br\/index.php\/2024\/06\/24\/homem-fica-em-estado-grave-apos-ser-atropelado-em-rodovia-na-regiao-de-ribeirao\/","url_meta":{"origin":75885,"position":2},"title":"Homem fica em estado grave ap\u00f3s ser atropelado em rodovia na regi\u00e3o de Ribeir\u00e3o","author":"noticiasribeiraopreto.com.br","date":"24 de June de 2024","format":false,"excerpt":"Um homem, ainda sem identifica\u00e7\u00e3o, ficou gravemente ferido ap\u00f3s ser atropelado, na noite desta segunda-feira (24), no quil\u00f4metro 333 da rodovia C\u00e2ndido Portinari (SP-334) em Brodowski, na regi\u00e3o de Ribeir\u00e3o Preto. Segundo informa\u00e7\u00f5es da Arteris Via Paulista, a v\u00edtima foi socorrida para a Unidade de Emerg\u00eancia do Hospital das Cl\u00ednicas\u2026","rel":"","context":"In &quot;Not\u00edcias de Ribeir\u00e3o Preto-SP e Regi\u00e3o&quot;","block_context":{"text":"Not\u00edcias de Ribeir\u00e3o Preto-SP e Regi\u00e3o","link":"https:\/\/noticiasribeiraopreto.com.br\/index.php\/category\/noticias-de-ribeirao-preto-sp-e-regiao-ismael-colosi\/"},"img":{"alt_text":"","src":"https:\/\/i0.wp.com\/noticiasribeiraopreto.com.br\/wp-content\/uploads\/2024\/06\/Copia-de-Copia-de-TAMANHO-EXATO-PARA-FOTOS-NO-SISTEMA-NOVO-13_2024-06-25_00-07-21_jpg_2024-06-25_00-07-21.webp.webp?fit=1200%2C675&ssl=1&resize=350%2C200","width":350,"height":200,"srcset":"https:\/\/i0.wp.com\/noticiasribeiraopreto.com.br\/wp-content\/uploads\/2024\/06\/Copia-de-Copia-de-TAMANHO-EXATO-PARA-FOTOS-NO-SISTEMA-NOVO-13_2024-06-25_00-07-21_jpg_2024-06-25_00-07-21.webp.webp?fit=1200%2C675&ssl=1&resize=350%2C200 1x, https:\/\/i0.wp.com\/noticiasribeiraopreto.com.br\/wp-content\/uploads\/2024\/06\/Copia-de-Copia-de-TAMANHO-EXATO-PARA-FOTOS-NO-SISTEMA-NOVO-13_2024-06-25_00-07-21_jpg_2024-06-25_00-07-21.webp.webp?fit=1200%2C675&ssl=1&resize=525%2C300 1.5x, https:\/\/i0.wp.com\/noticiasribeiraopreto.com.br\/wp-content\/uploads\/2024\/06\/Copia-de-Copia-de-TAMANHO-EXATO-PARA-FOTOS-NO-SISTEMA-NOVO-13_2024-06-25_00-07-21_jpg_2024-06-25_00-07-21.webp.webp?fit=1200%2C675&ssl=1&resize=700%2C400 2x, https:\/\/i0.wp.com\/noticiasribeiraopreto.com.br\/wp-content\/uploads\/2024\/06\/Copia-de-Copia-de-TAMANHO-EXATO-PARA-FOTOS-NO-SISTEMA-NOVO-13_2024-06-25_00-07-21_jpg_2024-06-25_00-07-21.webp.webp?fit=1200%2C675&ssl=1&resize=1050%2C600 3x"},"classes":[]},{"id":56012,"url":"https:\/\/noticiasribeiraopreto.com.br\/index.php\/2024\/08\/08\/morre-segunda-vitima-de-acidente-em-rodovia-na-regiao-de-ribeirao-preto\/","url_meta":{"origin":75885,"position":3},"title":"Morre segunda v\u00edtima de acidente em rodovia na regi\u00e3o de Ribeir\u00e3o Preto","author":"noticiasribeiraopreto.com.br","date":"8 de August de 2024","format":false,"excerpt":"Morreu nesta quinta-feira (8), o jovem de 23 anos que estava internado em estado grave ap\u00f3s um acidente de tr\u00e2nsito na rodovia C\u00e2ndido Portinari (SP-334), entre Batatais e Franca, na regi\u00e3o de Ribeir\u00e3o Preto. Lucas Goulart Mascaranha era dentista e foi socorrido logo ap\u00f3s a colis\u00e3o. O rapaz \u00e9 a\u2026","rel":"","context":"In &quot;Not\u00edcias de Ribeir\u00e3o Preto-SP e Regi\u00e3o&quot;","block_context":{"text":"Not\u00edcias de Ribeir\u00e3o Preto-SP e Regi\u00e3o","link":"https:\/\/noticiasribeiraopreto.com.br\/index.php\/category\/noticias-de-ribeirao-preto-sp-e-regiao-ismael-colosi\/"},"img":{"alt_text":"","src":"https:\/\/i0.wp.com\/noticiasribeiraopreto.com.br\/wp-content\/uploads\/2024\/08\/Copia-de-Copia-de-TAMANHO-EXATO-PARA-FOTOS-NO-SISTEMA-NOVO-2024-08-08T142400.055_2024-08-08_17-24-18_png_2024-08-08_17-24-19.webp.webp?fit=1200%2C675&ssl=1&resize=350%2C200","width":350,"height":200,"srcset":"https:\/\/i0.wp.com\/noticiasribeiraopreto.com.br\/wp-content\/uploads\/2024\/08\/Copia-de-Copia-de-TAMANHO-EXATO-PARA-FOTOS-NO-SISTEMA-NOVO-2024-08-08T142400.055_2024-08-08_17-24-18_png_2024-08-08_17-24-19.webp.webp?fit=1200%2C675&ssl=1&resize=350%2C200 1x, https:\/\/i0.wp.com\/noticiasribeiraopreto.com.br\/wp-content\/uploads\/2024\/08\/Copia-de-Copia-de-TAMANHO-EXATO-PARA-FOTOS-NO-SISTEMA-NOVO-2024-08-08T142400.055_2024-08-08_17-24-18_png_2024-08-08_17-24-19.webp.webp?fit=1200%2C675&ssl=1&resize=525%2C300 1.5x, https:\/\/i0.wp.com\/noticiasribeiraopreto.com.br\/wp-content\/uploads\/2024\/08\/Copia-de-Copia-de-TAMANHO-EXATO-PARA-FOTOS-NO-SISTEMA-NOVO-2024-08-08T142400.055_2024-08-08_17-24-18_png_2024-08-08_17-24-19.webp.webp?fit=1200%2C675&ssl=1&resize=700%2C400 2x, https:\/\/i0.wp.com\/noticiasribeiraopreto.com.br\/wp-content\/uploads\/2024\/08\/Copia-de-Copia-de-TAMANHO-EXATO-PARA-FOTOS-NO-SISTEMA-NOVO-2024-08-08T142400.055_2024-08-08_17-24-18_png_2024-08-08_17-24-19.webp.webp?fit=1200%2C675&ssl=1&resize=1050%2C600 3x"},"classes":[]},{"id":79545,"url":"https:\/\/noticiasribeiraopreto.com.br\/index.php\/2025\/11\/03\/acidente-em-rodovia-da-regiao-de-ribeirao-preto-deixa-uma-pessoa-morta-e-outra-ferida\/","url_meta":{"origin":75885,"position":4},"title":"Acidente em rodovia da regi\u00e3o de Ribeir\u00e3o Preto deixa uma pessoa morta e outra ferida","author":"noticiasribeiraopreto.com.br","date":"3 de November de 2025","format":false,"excerpt":"Um acidente envolvendo dois ve\u00edculos na manh\u00e3 desta segunda-feira (3) na rodovia Nem\u00e9sio Cadetti (SP 333), em Taquaritinga, regi\u00e3o de Ribeir\u00e3o Preto, deixou uma pessoa morta e outra ferida. De acordo com informa\u00e7\u00f5es da Artesp, o condutor de um dos carros trafegava pela rodovia quando colidiu na traseira de outro\u2026","rel":"","context":"In &quot;Not\u00edcias de Ribeir\u00e3o Preto-SP e Regi\u00e3o&quot;","block_context":{"text":"Not\u00edcias de Ribeir\u00e3o Preto-SP e Regi\u00e3o","link":"https:\/\/noticiasribeiraopreto.com.br\/index.php\/category\/noticias-de-ribeirao-preto-sp-e-regiao-ismael-colosi\/"},"img":{"alt_text":"","src":"https:\/\/i0.wp.com\/noticiasribeiraopreto.com.br\/wp-content\/uploads\/2025\/11\/palace-9_2025-11-03_21-09-00.webp.webp?fit=1200%2C675&ssl=1&resize=350%2C200","width":350,"height":200,"srcset":"https:\/\/i0.wp.com\/noticiasribeiraopreto.com.br\/wp-content\/uploads\/2025\/11\/palace-9_2025-11-03_21-09-00.webp.webp?fit=1200%2C675&ssl=1&resize=350%2C200 1x, https:\/\/i0.wp.com\/noticiasribeiraopreto.com.br\/wp-content\/uploads\/2025\/11\/palace-9_2025-11-03_21-09-00.webp.webp?fit=1200%2C675&ssl=1&resize=525%2C300 1.5x, https:\/\/i0.wp.com\/noticiasribeiraopreto.com.br\/wp-content\/uploads\/2025\/11\/palace-9_2025-11-03_21-09-00.webp.webp?fit=1200%2C675&ssl=1&resize=700%2C400 2x, https:\/\/i0.wp.com\/noticiasribeiraopreto.com.br\/wp-content\/uploads\/2025\/11\/palace-9_2025-11-03_21-09-00.webp.webp?fit=1200%2C675&ssl=1&resize=1050%2C600 3x"},"classes":[]},{"id":76218,"url":"https:\/\/noticiasribeiraopreto.com.br\/index.php\/2025\/08\/25\/acidente-entre-caminhoes-deixa-uma-pessoa-em-estado-grave-na-rodovia-anhanguera\/","url_meta":{"origin":75885,"position":5},"title":"Acidente entre caminh\u00f5es deixa uma pessoa em estado grave na rodovia Anhanguera","author":"noticiasribeiraopreto.com.br","date":"25 de August de 2025","format":false,"excerpt":"Uma pessoa foi socorrida em estado grave ap\u00f3s um acidente envolvendo dois caminh\u00f5es no final da noite deste domingo (24), na rodovia Anhanguera (SP-330), em Ribeir\u00e3o Preto. Segundo o Centro de Informa\u00e7\u00f5es (CCI) da Artesp, a colis\u00e3o aconteceu perto do km 306. Os ve\u00edculos seguiam sentido norte quando, por motivos\u2026","rel":"","context":"In &quot;Not\u00edcias de Ribeir\u00e3o Preto-SP e Regi\u00e3o&quot;","block_context":{"text":"Not\u00edcias de Ribeir\u00e3o Preto-SP e Regi\u00e3o","link":"https:\/\/noticiasribeiraopreto.com.br\/index.php\/category\/noticias-de-ribeirao-preto-sp-e-regiao-ismael-colosi\/"},"img":{"alt_text":"","src":"https:\/\/i0.wp.com\/noticiasribeiraopreto.com.br\/wp-content\/uploads\/2025\/08\/download-28_2025-08-25_11-35-48.webp.webp?fit=600%2C338&ssl=1&resize=350%2C200","width":350,"height":200,"srcset":"https:\/\/i0.wp.com\/noticiasribeiraopreto.com.br\/wp-content\/uploads\/2025\/08\/download-28_2025-08-25_11-35-48.webp.webp?fit=600%2C338&ssl=1&resize=350%2C200 1x, https:\/\/i0.wp.com\/noticiasribeiraopreto.com.br\/wp-content\/uploads\/2025\/08\/download-28_2025-08-25_11-35-48.webp.webp?fit=600%2C338&ssl=1&resize=525%2C300 1.5x"},"classes":[]}],"jetpack_sharing_enabled":true,"jetpack_shortlink":"https:\/\/wp.me\/peQAOb-jJX","_links":{"self":[{"href":"https:\/\/noticiasribeiraopreto.com.br\/index.php\/wp-json\/wp\/v2\/posts\/75885","targetHints":{"allow":["GET"]}}],"collection":[{"href":"https:\/\/noticiasribeiraopreto.com.br\/index.php\/wp-json\/wp\/v2\/posts"}],"about":[{"href":"https:\/\/noticiasribeiraopreto.com.br\/index.php\/wp-json\/wp\/v2\/types\/post"}],"author":[{"embeddable":true,"href":"https:\/\/noticiasribeiraopreto.com.br\/index.php\/wp-json\/wp\/v2\/users\/1"}],"replies":[{"embeddable":true,"href":"https:\/\/noticiasribeiraopreto.com.br\/index.php\/wp-json\/wp\/v2\/comments?post=75885"}],"version-history":[{"count":0,"href":"https:\/\/noticiasribeiraopreto.com.br\/index.php\/wp-json\/wp\/v2\/posts\/75885\/revisions"}],"wp:featuredmedia":[{"embeddable":true,"href":"https:\/\/noticiasribeiraopreto.com.br\/index.php\/wp-json\/wp\/v2\/media\/75886"}],"wp:attachment":[{"href":"https:\/\/noticiasribeiraopreto.com.br\/index.php\/wp-json\/wp\/v2\/media?parent=75885"}],"wp:term":[{"taxonomy":"category","embeddable":true,"href":"https:\/\/noticiasribeiraopreto.com.br\/index.php\/wp-json\/wp\/v2\/categories?post=75885"},{"taxonomy":"post_tag","embeddable":true,"href":"https:\/\/noticiasribeiraopreto.com.br\/index.php\/wp-json\/wp\/v2\/tags?post=75885"}],"curies":[{"name":"wp","href":"https:\/\/api.w.org\/{rel}","templated":true}]}}