{"id":75887,"date":"2025-08-17T16:04:42","date_gmt":"2025-08-17T19:04:42","guid":{"rendered":"https:\/\/noticiasribeiraopreto.com.br\/index.php\/2025\/08\/17\/mulher-absolvida-por-morte-do-marido-sera-julgada-novamente-em-ribeirao\/"},"modified":"2025-08-17T16:04:42","modified_gmt":"2025-08-17T19:04:42","slug":"mulher-absolvida-por-morte-do-marido-sera-julgada-novamente-em-ribeirao","status":"publish","type":"post","link":"https:\/\/noticiasribeiraopreto.com.br\/index.php\/2025\/08\/17\/mulher-absolvida-por-morte-do-marido-sera-julgada-novamente-em-ribeirao\/","title":{"rendered":"Mulher absolvida por morte do marido ser\u00e1 julgada novamente em Ribeir\u00e3o"},"content":{"rendered":"<div class='code-block code-block-1' style='margin: 8px 0 8px auto; text-align: right; display: block; clear: both;'>\n<p><a href=\"https:\/\/wa.link\/vpicfd\"><img data-recalc-dims=\"1\" class=\"wp-image-4922\" style=\"aspect-ratio: 2.0253164556962027; width: 561px; height: auto;\" src=\"https:\/\/i0.wp.com\/ismaelcolosi.com.br\/wp-content\/uploads\/2023\/11\/grupo-de-empregos-whatsapp-e-facebook-ismael-colosi-vagas.jpg?ssl=1\" alt=\"\" \/><\/a><\/p>\n<!-- \/wp:image -->\n<\/div>\n<p> <br \/>\n<\/p>\n<div>\n<p>O <strong>TJ-SP (Tribunal de Justi\u00e7a de S\u00e3o Paulo)<\/strong> decidiu que <strong>Ana Cl\u00e1udia Batista<\/strong> ser\u00e1 julgada novamente, tr\u00eas anos depois de ter sido absolvida por envolvimento na morte do marido, <strong>Leandro Henrique Batista<\/strong>.<\/p>\n<p>O crime aconteceu em fevereiro de 2018, em <strong>Ribeir\u00e3o Preto<\/strong>. Na \u00e9poca, a mulher era acusada de planejar a morte do marido para <strong>ficar com o seguro de vida do empres\u00e1rio<\/strong>, avaliado em <strong>R$ 725 mil<\/strong>.<\/p>\n<p>Al\u00e9m dela, <strong>Eder da Silva Resende<\/strong>, apontado como executor do crime e absolvido pelo j\u00fari popular, <strong>tamb\u00e9m voltar\u00e1 ao banco dos r\u00e9us<\/strong>. O novo julgamento est\u00e1 marcado para acontecer no dia <strong>24 de novembro<\/strong>, em Ribeir\u00e3o Preto.<\/p>\n<p>Segundo o <strong>MP (Minist\u00e9rio P\u00fablico)<\/strong>, Eder da Silva teria recebido <strong>R$ 80 mil<\/strong> de Ana Claudia para matar Leandro Henrique. Segundo o advogado de defesa, Eder \u00e9 inocente e n\u00e3o conhece a mulher.<\/p>\n<p>\u201cEle sequer conhece a Ana Claudia. Ent\u00e3o, \u00e9 totalmente inimagin\u00e1vel que ela tenha o contratado\u201d, disse Alexandro Faleiros. A defesa de Ana Claudia foi procurada pela <strong>EPTV<\/strong>, contudo, n\u00e3o se manifestou at\u00e9 o momento.<\/p>\n<h2 class=\"wp-block-heading\"><strong>Dinheiro do seguro<\/strong><\/h2>\n<p>Vale lembrar que o <strong>dinheiro do seguro de vida<\/strong> da v\u00edtima permanece<strong> bloqueado em ju\u00edzo<\/strong> e s\u00f3 ser\u00e1 liberado ap\u00f3s o fim do processo.<\/p>\n<p>Caso seja condenada durante o novo julgamento, <strong>Ana Cl\u00e1udia n\u00e3o poder\u00e1 receber a quantia<\/strong>. O valor tamb\u00e9m n\u00e3o foi pago na \u00e9poca em que foi absolvida devido ao recurso do MP.<\/p>\n<h2 class=\"wp-block-heading\"><strong>O crime<\/strong><\/h2>\n<p><strong>Leandro Batista<\/strong> foi assassinado em 2018, em frente a uma casa que ele havia colocado para localiza\u00e7\u00e3o, no Jardim Monte Carlos, zona Oeste de<strong> Ribeir\u00e3o Preto<\/strong>.\u00a0<\/p>\n<p>\u00c0 \u00e9poca, Ana Cl\u00e1udia chegou a declarar que o marido saiu pouco depois de uma pessoa ligar para ele, demonstrando interesse na compra do im\u00f3vel.<\/p>\n<p>A v\u00edtima foi baleada na cabe\u00e7a e no t\u00f3rax e morreu ainda no local. Leandro morava em Dumont e tinha um sal\u00e3o de beleza em Ribeir\u00e3o. Ele deixou cinco filhos.<\/p>\n<p><em>*Com informa\u00e7\u00f5es da EPTV<\/em><\/p>\n<hr class=\"wp-block-separator has-alpha-channel-opacity\"\/>\n<p>SAIBA MAIS<\/p>\n<p>Interior de SP est\u00e1 em alerta de perigo; Veja cidade afetadas<\/p>\n<h2 class=\"wp-block-heading\"><strong>FIQUE ON<\/strong><\/h2>\n<p>Fique ligado em tudo que acontece em Ribeir\u00e3o Preto e regi\u00e3o. Siga os perfis do\u00a0<strong>acidade on\u00a0<\/strong>no<a href=\"https:\/\/www.instagram.com\/acidadeonribeirao\" target=\"_blank\" rel=\"noreferrer noopener\">\u00a0Instagram<\/a>\u00a0e no\u00a0<a href=\"https:\/\/www.facebook.com\/acidadeonribeirao\/\" target=\"_blank\" rel=\"noreferrer noopener\">Facebook<\/a>.<\/p>\n<p>Receba not\u00edcias do\u00a0<strong>acidade on<\/strong>\u00a0no WhatsApp.\u00a0<a href=\"https:\/\/chat.whatsapp.com\/I4nieTEMKlf50pJ28aMemC?mode=ac_t\" target=\"_blank\" rel=\"noreferrer noopener\">Para entrar no grupo, basta clicar aqui.<\/a><\/p>\n<p>Fa\u00e7a uma den\u00fancia ou sugira uma reportagem sobre Ribeir\u00e3o Preto e regi\u00e3o pelo WhatsApp: 16 99117 7802.<\/p>\n<p>VEJA TAMB\u00c9M<\/p>\n<p>Little Nightmare 3 ganha novo trailer com novidades<\/p>\n<p><!-- AI CONTENT END 1 -->\n<\/div>\n<p><script async src=\"\/\/www.instagram.com\/embed.js\"><\/script><br \/>\n<br \/><br \/>\n<br \/><a href=\"https:\/\/www.acidadeon.com\/ribeiraopreto\/cotidiano\/mulher-absolvida-por-morte-do-marido-sera-julgada-novamente\/\">Source link <\/a><\/p>\n<!-- CONTENT END 1 -->\n","protected":false},"excerpt":{"rendered":"<p>O TJ-SP (Tribunal de Justi\u00e7a de S\u00e3o Paulo) decidiu que Ana Cl\u00e1udia Batista ser\u00e1 julgada novamente, tr\u00eas anos depois de ter sido absolvida por envolvimento&#8230;<\/p>\n","protected":false},"author":1,"featured_media":75888,"comment_status":"open","ping_status":"open","sticky":false,"template":"","format":"standard","meta":{"advanced_seo_description":"","jetpack_seo_html_title":"","jetpack_seo_noindex":false,"jetpack_post_was_ever_published":false,"_jetpack_newsletter_access":"","_jetpack_dont_email_post_to_subs":false,"_jetpack_newsletter_tier_id":0,"_jetpack_memberships_contains_paywalled_content":false,"_jetpack_memberships_contains_paid_content":false,"footnotes":"","jetpack_publicize_message":"","jetpack_publicize_feature_enabled":true,"jetpack_social_post_already_shared":true,"jetpack_social_options":{"image_generator_settings":{"template":"highway","default_image_id":0,"font":"","enabled":false},"version":2}},"categories":[11],"tags":[],"class_list":["post-75887","post","type-post","status-publish","format-standard","has-post-thumbnail","hentry","category-noticias-de-ribeirao-preto-sp-e-regiao-ismael-colosi"],"jetpack_publicize_connections":[],"jetpack_featured_media_url":"https:\/\/i0.wp.com\/noticiasribeiraopreto.com.br\/wp-content\/uploads\/2025\/08\/Copia-de-Copia-de-Copia-de-TAMANHO-EXATO-PARA-FOTOS-NO-SISTEMA-NOVO-2025-08-17T144804.331_2025-08-17_17-48-14.webp.webp?fit=1200%2C675&ssl=1","jetpack-related-posts":[{"id":79143,"url":"https:\/\/noticiasribeiraopreto.com.br\/index.php\/2025\/10\/25\/policia-investiga-se-mulher-que-matou-e-enterrou-namorado-esta-envolvida-na-morte-do-ex-marido\/","url_meta":{"origin":75887,"position":0},"title":"Pol\u00edcia investiga se mulher que matou e enterrou namorado est\u00e1 envolvida na morte do ex-marido","author":"noticiasribeiraopreto.com.br","date":"25 de October de 2025","format":false,"excerpt":"A Pol\u00edcia Civil vai investigar se Jussara Luzia Fernandes, de 62 anos, presa na sexta-feira (24) por suspeita de matar e enterrar o corpo do namorado no quintal de casa em Bebedouro, cidade na regi\u00e3o de Ribeir\u00e3o Preto, est\u00e1 envolvida em outro crime. De acordo com as autoridades, em janeiro\u2026","rel":"","context":"In &quot;Not\u00edcias de Ribeir\u00e3o Preto-SP e Regi\u00e3o&quot;","block_context":{"text":"Not\u00edcias de Ribeir\u00e3o Preto-SP e Regi\u00e3o","link":"https:\/\/noticiasribeiraopreto.com.br\/index.php\/category\/noticias-de-ribeirao-preto-sp-e-regiao-ismael-colosi\/"},"img":{"alt_text":"","src":"https:\/\/i0.wp.com\/noticiasribeiraopreto.com.br\/wp-content\/uploads\/2025\/10\/Copia-de-Copia-de-Copia-de-TAMANHO-EXATO-PARA-FOTOS-NO-SISTEMA-NOVO-2025-10-24T163207.513_2025-10-24_19-32-43.webp.webp?fit=1200%2C675&ssl=1&resize=350%2C200","width":350,"height":200,"srcset":"https:\/\/i0.wp.com\/noticiasribeiraopreto.com.br\/wp-content\/uploads\/2025\/10\/Copia-de-Copia-de-Copia-de-TAMANHO-EXATO-PARA-FOTOS-NO-SISTEMA-NOVO-2025-10-24T163207.513_2025-10-24_19-32-43.webp.webp?fit=1200%2C675&ssl=1&resize=350%2C200 1x, https:\/\/i0.wp.com\/noticiasribeiraopreto.com.br\/wp-content\/uploads\/2025\/10\/Copia-de-Copia-de-Copia-de-TAMANHO-EXATO-PARA-FOTOS-NO-SISTEMA-NOVO-2025-10-24T163207.513_2025-10-24_19-32-43.webp.webp?fit=1200%2C675&ssl=1&resize=525%2C300 1.5x, https:\/\/i0.wp.com\/noticiasribeiraopreto.com.br\/wp-content\/uploads\/2025\/10\/Copia-de-Copia-de-Copia-de-TAMANHO-EXATO-PARA-FOTOS-NO-SISTEMA-NOVO-2025-10-24T163207.513_2025-10-24_19-32-43.webp.webp?fit=1200%2C675&ssl=1&resize=700%2C400 2x, https:\/\/i0.wp.com\/noticiasribeiraopreto.com.br\/wp-content\/uploads\/2025\/10\/Copia-de-Copia-de-Copia-de-TAMANHO-EXATO-PARA-FOTOS-NO-SISTEMA-NOVO-2025-10-24T163207.513_2025-10-24_19-32-43.webp.webp?fit=1200%2C675&ssl=1&resize=1050%2C600 3x"},"classes":[]},{"id":73867,"url":"https:\/\/noticiasribeiraopreto.com.br\/index.php\/2025\/07\/11\/justica-condena-ex-marido-de-ana-pink-por-ameacas-contra-influenciadora\/","url_meta":{"origin":75887,"position":1},"title":"Justi\u00e7a condena ex-marido de Ana Pink por amea\u00e7as contra influenciadora","author":"noticiasribeiraopreto.com.br","date":"11 de July de 2025","format":false,"excerpt":"O Tribunal de Justi\u00e7a de S\u00e3o Paulo\u00a0(TJ-SP) condenou o empres\u00e1rio Maicl\u00e9rson Gomes da Silva por amea\u00e7as contra a ex-mulher, a influenciadora Ana Pink, de Ribeir\u00e3o Preto. A pena \u00e9 de um m\u00eas e cinco dias em regime aberto. A decis\u00e3o \u00e9 referente \u00e0 \u00e9poca que Maick, como \u00e9 conhecido, estava\u2026","rel":"","context":"In &quot;Not\u00edcias de Ribeir\u00e3o Preto-SP e Regi\u00e3o&quot;","block_context":{"text":"Not\u00edcias de Ribeir\u00e3o Preto-SP e Regi\u00e3o","link":"https:\/\/noticiasribeiraopreto.com.br\/index.php\/category\/noticias-de-ribeirao-preto-sp-e-regiao-ismael-colosi\/"},"img":{"alt_text":"","src":"https:\/\/i0.wp.com\/noticiasribeiraopreto.com.br\/wp-content\/uploads\/2025\/07\/maick_2025-07-11_12-10-21.webp.webp?fit=1200%2C619&ssl=1&resize=350%2C200","width":350,"height":200,"srcset":"https:\/\/i0.wp.com\/noticiasribeiraopreto.com.br\/wp-content\/uploads\/2025\/07\/maick_2025-07-11_12-10-21.webp.webp?fit=1200%2C619&ssl=1&resize=350%2C200 1x, https:\/\/i0.wp.com\/noticiasribeiraopreto.com.br\/wp-content\/uploads\/2025\/07\/maick_2025-07-11_12-10-21.webp.webp?fit=1200%2C619&ssl=1&resize=525%2C300 1.5x, https:\/\/i0.wp.com\/noticiasribeiraopreto.com.br\/wp-content\/uploads\/2025\/07\/maick_2025-07-11_12-10-21.webp.webp?fit=1200%2C619&ssl=1&resize=700%2C400 2x, https:\/\/i0.wp.com\/noticiasribeiraopreto.com.br\/wp-content\/uploads\/2025\/07\/maick_2025-07-11_12-10-21.webp.webp?fit=1200%2C619&ssl=1&resize=1050%2C600 3x"},"classes":[]},{"id":71732,"url":"https:\/\/noticiasribeiraopreto.com.br\/index.php\/2025\/06\/09\/caso-larissa-marido-pagou-conta-e-tentou-fazer-transferencia-apos-morte-de-professora-diz-gerente-de-banco\/","url_meta":{"origin":75887,"position":2},"title":"Caso Larissa: marido pagou conta e tentou fazer transfer\u00eancia ap\u00f3s morte de professora, diz gerente de banco","author":"noticiasribeiraopreto.com.br","date":"9 de June de 2025","format":false,"excerpt":"Um gerente de banco prestou depoimento \u00e0 pol\u00edcia e revelou que Luiz Ant\u00f4nio Garnica, marido da professora Larissa Rodrigues, envenenada em mar\u00e7o deste ano, em Ribeir\u00e3o Preto, tentou acessar a conta banc\u00e1ria da mulher logo ap\u00f3s a morte dela. FIQUE POR DENTRO: Confira a cobertura completa sobre o caso Larissa\u2026","rel":"","context":"In &quot;Not\u00edcias de Ribeir\u00e3o Preto-SP e Regi\u00e3o&quot;","block_context":{"text":"Not\u00edcias de Ribeir\u00e3o Preto-SP e Regi\u00e3o","link":"https:\/\/noticiasribeiraopreto.com.br\/index.php\/category\/noticias-de-ribeirao-preto-sp-e-regiao-ismael-colosi\/"},"img":{"alt_text":"","src":"https:\/\/i0.wp.com\/noticiasribeiraopreto.com.br\/wp-content\/uploads\/2025\/05\/Copia-de-Copia-de-Copia-de-TAMANHO-EXATO-PARA-FOTOS-NO-SISTEMA-NOVO-61_2025-05-11_18-41-35.webp.webp?fit=1200%2C675&ssl=1&resize=350%2C200","width":350,"height":200,"srcset":"https:\/\/i0.wp.com\/noticiasribeiraopreto.com.br\/wp-content\/uploads\/2025\/05\/Copia-de-Copia-de-Copia-de-TAMANHO-EXATO-PARA-FOTOS-NO-SISTEMA-NOVO-61_2025-05-11_18-41-35.webp.webp?fit=1200%2C675&ssl=1&resize=350%2C200 1x, https:\/\/i0.wp.com\/noticiasribeiraopreto.com.br\/wp-content\/uploads\/2025\/05\/Copia-de-Copia-de-Copia-de-TAMANHO-EXATO-PARA-FOTOS-NO-SISTEMA-NOVO-61_2025-05-11_18-41-35.webp.webp?fit=1200%2C675&ssl=1&resize=525%2C300 1.5x, https:\/\/i0.wp.com\/noticiasribeiraopreto.com.br\/wp-content\/uploads\/2025\/05\/Copia-de-Copia-de-Copia-de-TAMANHO-EXATO-PARA-FOTOS-NO-SISTEMA-NOVO-61_2025-05-11_18-41-35.webp.webp?fit=1200%2C675&ssl=1&resize=700%2C400 2x, https:\/\/i0.wp.com\/noticiasribeiraopreto.com.br\/wp-content\/uploads\/2025\/05\/Copia-de-Copia-de-Copia-de-TAMANHO-EXATO-PARA-FOTOS-NO-SISTEMA-NOVO-61_2025-05-11_18-41-35.webp.webp?fit=1200%2C675&ssl=1&resize=1050%2C600 3x"},"classes":[]},{"id":84272,"url":"https:\/\/noticiasribeiraopreto.com.br\/index.php\/2026\/04\/06\/mulher-e-morta-a-facadas-e-ex-marido-e-o-principal-suspeito-na-regiao-de-ribeirao-preto\/","url_meta":{"origin":75887,"position":3},"title":"Mulher \u00e9 morta a facadas e ex-marido \u00e9 o principal suspeito na regi\u00e3o de Ribeir\u00e3o Preto","author":"noticiasribeiraopreto.com.br","date":"6 de April de 2026","format":false,"excerpt":"Ler o resumo da not\u00edcia Mulher \u00e9 morta a facadas e ex-marido \u00e9 suspeito na regi\u00e3o de Ribeir\u00e3o Preto Uma mulher de 27 anos foi morta a facadas na tarde deste domingo (5), em Patroc\u00ednio Paulista, a 100 quil\u00f4metros de Ribeir\u00e3o Preto. O ex-marido da v\u00edtima, de 33 anos, \u00e9\u2026","rel":"","context":"In &quot;Not\u00edcias de Ribeir\u00e3o Preto-SP e Regi\u00e3o&quot;","block_context":{"text":"Not\u00edcias de Ribeir\u00e3o Preto-SP e Regi\u00e3o","link":"https:\/\/noticiasribeiraopreto.com.br\/index.php\/category\/noticias-de-ribeirao-preto-sp-e-regiao-ismael-colosi\/"},"img":{"alt_text":"","src":"https:\/\/i0.wp.com\/noticiasribeiraopreto.com.br\/wp-content\/uploads\/2026\/04\/lauane_2026-04-06_17-15-30.webp.webp?fit=1200%2C942&ssl=1&resize=350%2C200","width":350,"height":200,"srcset":"https:\/\/i0.wp.com\/noticiasribeiraopreto.com.br\/wp-content\/uploads\/2026\/04\/lauane_2026-04-06_17-15-30.webp.webp?fit=1200%2C942&ssl=1&resize=350%2C200 1x, https:\/\/i0.wp.com\/noticiasribeiraopreto.com.br\/wp-content\/uploads\/2026\/04\/lauane_2026-04-06_17-15-30.webp.webp?fit=1200%2C942&ssl=1&resize=525%2C300 1.5x, https:\/\/i0.wp.com\/noticiasribeiraopreto.com.br\/wp-content\/uploads\/2026\/04\/lauane_2026-04-06_17-15-30.webp.webp?fit=1200%2C942&ssl=1&resize=700%2C400 2x, https:\/\/i0.wp.com\/noticiasribeiraopreto.com.br\/wp-content\/uploads\/2026\/04\/lauane_2026-04-06_17-15-30.webp.webp?fit=1200%2C942&ssl=1&resize=1050%2C600 3x"},"classes":[]},{"id":33002,"url":"https:\/\/noticiasribeiraopreto.com.br\/index.php\/2024\/01\/27\/policia-reconstitui-morte-de-engenheiro-da-regiao-de-ribeirao-que-comprou-carro-furtado-sem-saber\/","url_meta":{"origin":75887,"position":4},"title":"Pol\u00edcia reconstitui morte de engenheiro da regi\u00e3o de Ribeir\u00e3o que comprou carro furtado sem saber","author":"noticiasribeiraopreto.com.br","date":"27 de January de 2024","format":false,"excerpt":"A Pol\u00edcia Civil realizou nesta sexta-feira (26), a reconstitui\u00e7\u00e3o da morte do engenheiro C\u00e9sar Henrique Rinhel, de 50 anos, assassinado em dezembro de 2023, em uma oficina da zona Norte de Ribeir\u00e3o Preto. A v\u00edtima, que morava em Batatais, morreu ap\u00f3s ser baleada e foi enterrada em um canavial na\u2026","rel":"","context":"In &quot;Not\u00edcias de Ribeir\u00e3o Preto-SP e Regi\u00e3o&quot;","block_context":{"text":"Not\u00edcias de Ribeir\u00e3o Preto-SP e Regi\u00e3o","link":"https:\/\/noticiasribeiraopreto.com.br\/index.php\/category\/noticias-de-ribeirao-preto-sp-e-regiao-ismael-colosi\/"},"img":{"alt_text":"","src":"https:\/\/i0.wp.com\/noticiasribeiraopreto.com.br\/wp-content\/uploads\/2024\/01\/rECONSTITUICAO.png?fit=1117%2C603&ssl=1&resize=350%2C200","width":350,"height":200,"srcset":"https:\/\/i0.wp.com\/noticiasribeiraopreto.com.br\/wp-content\/uploads\/2024\/01\/rECONSTITUICAO.png?fit=1117%2C603&ssl=1&resize=350%2C200 1x, https:\/\/i0.wp.com\/noticiasribeiraopreto.com.br\/wp-content\/uploads\/2024\/01\/rECONSTITUICAO.png?fit=1117%2C603&ssl=1&resize=525%2C300 1.5x, https:\/\/i0.wp.com\/noticiasribeiraopreto.com.br\/wp-content\/uploads\/2024\/01\/rECONSTITUICAO.png?fit=1117%2C603&ssl=1&resize=700%2C400 2x, https:\/\/i0.wp.com\/noticiasribeiraopreto.com.br\/wp-content\/uploads\/2024\/01\/rECONSTITUICAO.png?fit=1117%2C603&ssl=1&resize=1050%2C600 3x"},"classes":[]},{"id":48446,"url":"https:\/\/noticiasribeiraopreto.com.br\/index.php\/2024\/05\/02\/familia-diz-que-mulher-morta-por-marido-na-regiao-de-ribeirao-sofria-agressoes-ha-anos\/","url_meta":{"origin":75887,"position":5},"title":"Fam\u00edlia diz que mulher morta por marido na regi\u00e3o de Ribeir\u00e3o sofria agress\u00f5es h\u00e1 anos","author":"noticiasribeiraopreto.com.br","date":"2 de May de 2024","format":false,"excerpt":"A fam\u00edlia de Clarice Marciano da Silva, de 50 anos, morta pelo marido Reginaldo Martins da Silva, de 53 anos, na tarde de quarta-feira (1\u00ba), contou que a v\u00edtima sofria agress\u00f5es f\u00edsicas e psicol\u00f3gicas recorrentes durante os 32 anos de casamento. \u00c0 EPTV, a irm\u00e3 da v\u00edtima Cl\u00e1udia Aparecida Marciano\u2026","rel":"","context":"In &quot;Not\u00edcias de Ribeir\u00e3o Preto-SP e Regi\u00e3o&quot;","block_context":{"text":"Not\u00edcias de Ribeir\u00e3o Preto-SP e Regi\u00e3o","link":"https:\/\/noticiasribeiraopreto.com.br\/index.php\/category\/noticias-de-ribeirao-preto-sp-e-regiao-ismael-colosi\/"},"img":{"alt_text":"","src":"https:\/\/i0.wp.com\/noticiasribeiraopreto.com.br\/wp-content\/uploads\/2024\/05\/Copia-de-Copia-de-TAMANHO-EXATO-PARA-FOTOS-NO-SISTEMA-NOVO-32_2024-05-03_00-27-04_jpg_2024-05-03_00-27-04.webp.webp?fit=1200%2C675&ssl=1&resize=350%2C200","width":350,"height":200,"srcset":"https:\/\/i0.wp.com\/noticiasribeiraopreto.com.br\/wp-content\/uploads\/2024\/05\/Copia-de-Copia-de-TAMANHO-EXATO-PARA-FOTOS-NO-SISTEMA-NOVO-32_2024-05-03_00-27-04_jpg_2024-05-03_00-27-04.webp.webp?fit=1200%2C675&ssl=1&resize=350%2C200 1x, https:\/\/i0.wp.com\/noticiasribeiraopreto.com.br\/wp-content\/uploads\/2024\/05\/Copia-de-Copia-de-TAMANHO-EXATO-PARA-FOTOS-NO-SISTEMA-NOVO-32_2024-05-03_00-27-04_jpg_2024-05-03_00-27-04.webp.webp?fit=1200%2C675&ssl=1&resize=525%2C300 1.5x, https:\/\/i0.wp.com\/noticiasribeiraopreto.com.br\/wp-content\/uploads\/2024\/05\/Copia-de-Copia-de-TAMANHO-EXATO-PARA-FOTOS-NO-SISTEMA-NOVO-32_2024-05-03_00-27-04_jpg_2024-05-03_00-27-04.webp.webp?fit=1200%2C675&ssl=1&resize=700%2C400 2x, https:\/\/i0.wp.com\/noticiasribeiraopreto.com.br\/wp-content\/uploads\/2024\/05\/Copia-de-Copia-de-TAMANHO-EXATO-PARA-FOTOS-NO-SISTEMA-NOVO-32_2024-05-03_00-27-04_jpg_2024-05-03_00-27-04.webp.webp?fit=1200%2C675&ssl=1&resize=1050%2C600 3x"},"classes":[]}],"jetpack_sharing_enabled":true,"jetpack_shortlink":"https:\/\/wp.me\/peQAOb-jJZ","_links":{"self":[{"href":"https:\/\/noticiasribeiraopreto.com.br\/index.php\/wp-json\/wp\/v2\/posts\/75887","targetHints":{"allow":["GET"]}}],"collection":[{"href":"https:\/\/noticiasribeiraopreto.com.br\/index.php\/wp-json\/wp\/v2\/posts"}],"about":[{"href":"https:\/\/noticiasribeiraopreto.com.br\/index.php\/wp-json\/wp\/v2\/types\/post"}],"author":[{"embeddable":true,"href":"https:\/\/noticiasribeiraopreto.com.br\/index.php\/wp-json\/wp\/v2\/users\/1"}],"replies":[{"embeddable":true,"href":"https:\/\/noticiasribeiraopreto.com.br\/index.php\/wp-json\/wp\/v2\/comments?post=75887"}],"version-history":[{"count":0,"href":"https:\/\/noticiasribeiraopreto.com.br\/index.php\/wp-json\/wp\/v2\/posts\/75887\/revisions"}],"wp:featuredmedia":[{"embeddable":true,"href":"https:\/\/noticiasribeiraopreto.com.br\/index.php\/wp-json\/wp\/v2\/media\/75888"}],"wp:attachment":[{"href":"https:\/\/noticiasribeiraopreto.com.br\/index.php\/wp-json\/wp\/v2\/media?parent=75887"}],"wp:term":[{"taxonomy":"category","embeddable":true,"href":"https:\/\/noticiasribeiraopreto.com.br\/index.php\/wp-json\/wp\/v2\/categories?post=75887"},{"taxonomy":"post_tag","embeddable":true,"href":"https:\/\/noticiasribeiraopreto.com.br\/index.php\/wp-json\/wp\/v2\/tags?post=75887"}],"curies":[{"name":"wp","href":"https:\/\/api.w.org\/{rel}","templated":true}]}}