{"id":75889,"date":"2025-08-17T16:12:30","date_gmt":"2025-08-17T19:12:30","guid":{"rendered":"https:\/\/noticiasribeiraopreto.com.br\/index.php\/2025\/08\/17\/interior-de-sp-esta-em-alerta-de-perigo-veja-cidades-afetadas\/"},"modified":"2025-08-17T16:12:30","modified_gmt":"2025-08-17T19:12:30","slug":"interior-de-sp-esta-em-alerta-de-perigo-veja-cidades-afetadas","status":"publish","type":"post","link":"https:\/\/noticiasribeiraopreto.com.br\/index.php\/2025\/08\/17\/interior-de-sp-esta-em-alerta-de-perigo-veja-cidades-afetadas\/","title":{"rendered":"Interior de SP est\u00e1 em alerta de perigo; Veja cidades afetadas"},"content":{"rendered":"<div class='code-block code-block-1' style='margin: 8px 0 8px auto; text-align: right; display: block; clear: both;'>\n<p><a href=\"https:\/\/wa.link\/vpicfd\"><img data-recalc-dims=\"1\" class=\"wp-image-4922\" style=\"aspect-ratio: 2.0253164556962027; width: 561px; height: auto;\" src=\"https:\/\/i0.wp.com\/ismaelcolosi.com.br\/wp-content\/uploads\/2023\/11\/grupo-de-empregos-whatsapp-e-facebook-ismael-colosi-vagas.jpg?ssl=1\" alt=\"\" \/><\/a><\/p>\n<!-- \/wp:image -->\n<\/div>\n<p> <br \/>\n<\/p>\n<div data-td-block-uid=\"tdi_95\">\n<div class=\"tdb-block-inner td-fix-index\">\n<p>O <strong>interior de S\u00e3o Paulo<\/strong> est\u00e1 em alerta de <strong>perigo potencial<\/strong> neste domingo (17) por causa da <strong>baixa umidade do ar<\/strong>. O comunicado foi emitido pelo <strong><a href=\"https:\/\/portal.inmet.gov.br\/\" target=\"_blank\" data-type=\"link\" data-id=\"https:\/\/portal.inmet.gov.br\/\" rel=\"noreferrer noopener\">Inmet (Instituto Nacional de Meteorologia)<\/a><\/strong> \u00e0s 12h e vale at\u00e9 \u00e0s 19h.<\/p>\n<p>Segundo a <strong>Defesa Civil de S\u00e3o Paulo<\/strong>, uma massa de ar seco, associada a um bloqueio atmosf\u00e9rico, favorecer\u00e1 a entrada de ventos quentes vindos do Norte e Nordeste, mantendo o tempo aberto e ensolarado.<\/p>\n<p><mark style=\"background-color:#fcb900\" class=\"has-inline-color\">Esse cen\u00e1rio tamb\u00e9m deve provocar um novo <strong>veranico<\/strong>, com tempo seco e temperaturas acima do normal para o inverno ao longo da semana.<\/mark><\/p>\n<h2 class=\"wp-block-heading\"><strong>O que diz o alerta?<\/strong><\/h2>\n<p>O alerta, sinalizado com a <strong>cor amarela<\/strong>, indica que diversas regi\u00f5es do <strong>interior paulista<\/strong> devem registrar <strong>umidade relativa do ar<\/strong> variando entre <strong>30%<\/strong> e <strong>20%<\/strong>.<\/p>\n<p>Embora o risco seja baixo, o \u00f3rg\u00e3o tamb\u00e9m alerta para a possibilidade de <strong>inc\u00eandios florestais<\/strong> e <strong>problemas de sa\u00fade<\/strong>. Os locais afetados s\u00e3o:<\/p>\n<ul class=\"wp-block-list\">\n<li>Presidente Prudente<\/li>\n<li>S\u00e3o Jos\u00e9 do Rio Preto<\/li>\n<li>Campinas<\/li>\n<li>Bauru<\/li>\n<li>Piracicaba<\/li>\n<li>Ribeir\u00e3o Preto<\/li>\n<li>Ara\u00e7atuba<\/li>\n<li>Mar\u00edlia<\/li>\n<li>Araraquara<\/li>\n<li>Assis<\/li>\n<li>Itapetininga<\/li>\n<\/ul>\n<p>O Inmet recomenda, durante este per\u00edodo, que a popula\u00e7\u00e3o beba bastante l\u00edquido, evite esfor\u00e7o f\u00edsico nas horas mais secas, n\u00e3o se exponha ao sol nos per\u00edodos mais quentes do dia e busque informa\u00e7\u00f5es junto \u00e0 Defesa Civil (199) e ao Corpo de Bombeiros (193).<\/p>\n<hr class=\"wp-block-separator has-alpha-channel-opacity\"\/>\n<p>SAIBA MAIS<\/p>\n<p>Menos cargos e novas secretarias: entenda o projeto de reforma administrativa de Ribeir\u00e3o<\/p>\n<h2 class=\"wp-block-heading\"><strong>FIQUE ON<\/strong><\/h2>\n<p>Fique ligado em tudo que acontece em Ribeir\u00e3o Preto e regi\u00e3o. Siga os perfis do\u00a0<strong>acidade on\u00a0<\/strong>no<a href=\"https:\/\/www.instagram.com\/acidadeonribeirao\" target=\"_blank\" rel=\"noreferrer noopener\">\u00a0Instagram<\/a>\u00a0e no\u00a0<a href=\"https:\/\/www.facebook.com\/acidadeonribeirao\/\" target=\"_blank\" rel=\"noreferrer noopener\">Facebook<\/a>.<\/p>\n<p>Receba not\u00edcias do\u00a0<strong>acidade on<\/strong>\u00a0no WhatsApp.\u00a0<a href=\"https:\/\/chat.whatsapp.com\/I4nieTEMKlf50pJ28aMemC?mode=ac_t\" target=\"_blank\" rel=\"noreferrer noopener\">Para entrar no grupo, basta clicar aqui.<\/a><\/p>\n<p>Fa\u00e7a uma den\u00fancia ou sugira uma reportagem sobre Ribeir\u00e3o Preto e regi\u00e3o pelo WhatsApp: 16 99117 7802.<\/p>\n<p>VEJA TAMB\u00c9M<\/p>\n<p>Lady Gaga vai voltar ao Brasil?<\/p>\n<p><!-- AI CONTENT END 1 -->\n<\/div>\n<\/div>\n<p><script async src=\"\/\/www.instagram.com\/embed.js\"><\/script><br \/>\n<br \/><br \/>\n<br \/><a href=\"https:\/\/www.acidadeon.com\/ribeiraopreto\/cotidiano\/interior-de-sp-esta-em-alerta-de-perigo-veja-cidade-afetadas\/\">Source link <\/a><\/p>\n<!-- CONTENT END 1 -->\n","protected":false},"excerpt":{"rendered":"<p>O interior de S\u00e3o Paulo est\u00e1 em alerta de perigo potencial neste domingo (17) por causa da baixa umidade do ar. O comunicado foi emitido&#8230;<\/p>\n","protected":false},"author":1,"featured_media":73706,"comment_status":"open","ping_status":"open","sticky":false,"template":"","format":"standard","meta":{"advanced_seo_description":"","jetpack_seo_html_title":"","jetpack_seo_noindex":false,"jetpack_post_was_ever_published":false,"_jetpack_newsletter_access":"","_jetpack_dont_email_post_to_subs":false,"_jetpack_newsletter_tier_id":0,"_jetpack_memberships_contains_paywalled_content":false,"_jetpack_memberships_contains_paid_content":false,"footnotes":"","jetpack_publicize_message":"","jetpack_publicize_feature_enabled":true,"jetpack_social_post_already_shared":true,"jetpack_social_options":{"image_generator_settings":{"template":"highway","default_image_id":0,"font":"","enabled":false},"version":2}},"categories":[11],"tags":[],"class_list":["post-75889","post","type-post","status-publish","format-standard","has-post-thumbnail","hentry","category-noticias-de-ribeirao-preto-sp-e-regiao-ismael-colosi"],"jetpack_publicize_connections":[],"jetpack_featured_media_url":"https:\/\/i0.wp.com\/noticiasribeiraopreto.com.br\/wp-content\/uploads\/2025\/07\/WhatsApp-Image-2025-07-08-at-06.47.20_2025-07-08_09-50-40.webp.webp?fit=1200%2C540&ssl=1","jetpack-related-posts":[{"id":56856,"url":"https:\/\/noticiasribeiraopreto.com.br\/index.php\/2024\/08\/15\/cidades-do-interior-de-sp-estao-em-alerta-de-perigo-potencial-para-onda-de-calor-veja-lista\/","url_meta":{"origin":75889,"position":0},"title":"Cidades do interior de SP est\u00e3o em alerta de perigo potencial para onda de calor; Veja lista","author":"noticiasribeiraopreto.com.br","date":"15 de August de 2024","format":false,"excerpt":"Uma nova onda de calor deve atingir o interior de S\u00e3o Paulo e provocar altas temperaturas em diversas regi\u00f5es a partir deste domingo (18), de acordo com a meteorologia. O ar gelado provocado por uma forte massa de ar frio come\u00e7ou a se afastar nesta quinta-feira (15) e uma forte\u2026","rel":"","context":"In &quot;Not\u00edcias de Ribeir\u00e3o Preto-SP e Regi\u00e3o&quot;","block_context":{"text":"Not\u00edcias de Ribeir\u00e3o Preto-SP e Regi\u00e3o","link":"https:\/\/noticiasribeiraopreto.com.br\/index.php\/category\/noticias-de-ribeirao-preto-sp-e-regiao-ismael-colosi\/"},"img":{"alt_text":"","src":"https:\/\/i0.wp.com\/noticiasribeiraopreto.com.br\/wp-content\/uploads\/2024\/08\/20230824_153104-1.jpg?fit=1200%2C823&ssl=1&resize=350%2C200","width":350,"height":200,"srcset":"https:\/\/i0.wp.com\/noticiasribeiraopreto.com.br\/wp-content\/uploads\/2024\/08\/20230824_153104-1.jpg?fit=1200%2C823&ssl=1&resize=350%2C200 1x, https:\/\/i0.wp.com\/noticiasribeiraopreto.com.br\/wp-content\/uploads\/2024\/08\/20230824_153104-1.jpg?fit=1200%2C823&ssl=1&resize=525%2C300 1.5x, https:\/\/i0.wp.com\/noticiasribeiraopreto.com.br\/wp-content\/uploads\/2024\/08\/20230824_153104-1.jpg?fit=1200%2C823&ssl=1&resize=700%2C400 2x, https:\/\/i0.wp.com\/noticiasribeiraopreto.com.br\/wp-content\/uploads\/2024\/08\/20230824_153104-1.jpg?fit=1200%2C823&ssl=1&resize=1050%2C600 3x"},"classes":[]},{"id":57446,"url":"https:\/\/noticiasribeiraopreto.com.br\/index.php\/2024\/09\/01\/interior-de-sp-tem-alerta-vermelho-de-grande-perigo-veja-as-cidades-afetadas\/","url_meta":{"origin":75889,"position":1},"title":"Interior de SP tem alerta vermelho de &#8216;grande perigo&#8217;; Veja as cidades afetadas","author":"noticiasribeiraopreto.com.br","date":"1 de September de 2024","format":false,"excerpt":"O Inmet (Instituto Nacional de Meteorologia) emitiu um alerta de \u201cgrande perigo\u201d para a baixa umidade do ar em parte do interior de S\u00e3o Paulo. O aviso tem validade entre 13h e 19h deste domingo (1\u00ba), e inclui Ribeir\u00e3o Preto e cidades da regi\u00e3o. O alerta \u00e9 na cor vermelha\u2026","rel":"","context":"In &quot;Not\u00edcias de Ribeir\u00e3o Preto-SP e Regi\u00e3o&quot;","block_context":{"text":"Not\u00edcias de Ribeir\u00e3o Preto-SP e Regi\u00e3o","link":"https:\/\/noticiasribeiraopreto.com.br\/index.php\/category\/noticias-de-ribeirao-preto-sp-e-regiao-ismael-colosi\/"},"img":{"alt_text":"","src":"https:\/\/i0.wp.com\/noticiasribeiraopreto.com.br\/wp-content\/uploads\/2024\/09\/ALERTA-VERMELHO-2_2024-09-01_14-41-24_jpg_2024-09-01_14-41-25.webp.webp?fit=1200%2C736&ssl=1&resize=350%2C200","width":350,"height":200,"srcset":"https:\/\/i0.wp.com\/noticiasribeiraopreto.com.br\/wp-content\/uploads\/2024\/09\/ALERTA-VERMELHO-2_2024-09-01_14-41-24_jpg_2024-09-01_14-41-25.webp.webp?fit=1200%2C736&ssl=1&resize=350%2C200 1x, https:\/\/i0.wp.com\/noticiasribeiraopreto.com.br\/wp-content\/uploads\/2024\/09\/ALERTA-VERMELHO-2_2024-09-01_14-41-24_jpg_2024-09-01_14-41-25.webp.webp?fit=1200%2C736&ssl=1&resize=525%2C300 1.5x, https:\/\/i0.wp.com\/noticiasribeiraopreto.com.br\/wp-content\/uploads\/2024\/09\/ALERTA-VERMELHO-2_2024-09-01_14-41-24_jpg_2024-09-01_14-41-25.webp.webp?fit=1200%2C736&ssl=1&resize=700%2C400 2x, https:\/\/i0.wp.com\/noticiasribeiraopreto.com.br\/wp-content\/uploads\/2024\/09\/ALERTA-VERMELHO-2_2024-09-01_14-41-24_jpg_2024-09-01_14-41-25.webp.webp?fit=1200%2C736&ssl=1&resize=1050%2C600 3x"},"classes":[]},{"id":57499,"url":"https:\/\/noticiasribeiraopreto.com.br\/index.php\/2024\/09\/02\/interior-de-sp-tem-dois-novos-alertas-de-perigo-potencial-veja-regioes-afetadas\/","url_meta":{"origin":75889,"position":2},"title":"Interior de SP tem dois novos alertas de perigo potencial; Veja regi\u00f5es afetadas","author":"noticiasribeiraopreto.com.br","date":"2 de September de 2024","format":false,"excerpt":"O Instituto Nacional de Meteorologia (Inmet) emitiu dois novos alertas de perigo potencial para o interior de S\u00e3o Paulo, nesta segunda-feira (2). Um \u00e9 para onda de calor e o outro para baixa umidade do ar. De acordo com a Climatempo, o tempo seco e com temperaturas acima da m\u00e9dia\u2026","rel":"","context":"In &quot;Not\u00edcias de Ribeir\u00e3o Preto-SP e Regi\u00e3o&quot;","block_context":{"text":"Not\u00edcias de Ribeir\u00e3o Preto-SP e Regi\u00e3o","link":"https:\/\/noticiasribeiraopreto.com.br\/index.php\/category\/noticias-de-ribeirao-preto-sp-e-regiao-ismael-colosi\/"},"img":{"alt_text":"","src":"https:\/\/i0.wp.com\/noticiasribeiraopreto.com.br\/wp-content\/uploads\/2024\/09\/mulher-mais-velha-lutando-com-alta-temperatura-scaled.jpg?fit=1200%2C800&ssl=1&resize=350%2C200","width":350,"height":200,"srcset":"https:\/\/i0.wp.com\/noticiasribeiraopreto.com.br\/wp-content\/uploads\/2024\/09\/mulher-mais-velha-lutando-com-alta-temperatura-scaled.jpg?fit=1200%2C800&ssl=1&resize=350%2C200 1x, https:\/\/i0.wp.com\/noticiasribeiraopreto.com.br\/wp-content\/uploads\/2024\/09\/mulher-mais-velha-lutando-com-alta-temperatura-scaled.jpg?fit=1200%2C800&ssl=1&resize=525%2C300 1.5x, https:\/\/i0.wp.com\/noticiasribeiraopreto.com.br\/wp-content\/uploads\/2024\/09\/mulher-mais-velha-lutando-com-alta-temperatura-scaled.jpg?fit=1200%2C800&ssl=1&resize=700%2C400 2x, https:\/\/i0.wp.com\/noticiasribeiraopreto.com.br\/wp-content\/uploads\/2024\/09\/mulher-mais-velha-lutando-com-alta-temperatura-scaled.jpg?fit=1200%2C800&ssl=1&resize=1050%2C600 3x"},"classes":[]},{"id":55595,"url":"https:\/\/noticiasribeiraopreto.com.br\/index.php\/2024\/08\/03\/sem-chuva-interior-de-sp-entra-em-alerta-de-perigo-potencial-veja-cidades-afetadas\/","url_meta":{"origin":75889,"position":3},"title":"Sem chuva, interior de SP entra em alerta de perigo potencial; Veja cidades afetadas","author":"noticiasribeiraopreto.com.br","date":"3 de August de 2024","format":false,"excerpt":"O Inmet (Instituto Nacional de Meteorologia) emitiu novo alerta de perigo potencial para a baixa umidade do ar em parte do interior de S\u00e3o Paulo. O aviso teve in\u00edcio \u00e0s 11h e segue at\u00e9 as 19h deste s\u00e1bado (3), e inclui Ribeir\u00e3o Preto e cidades da regi\u00e3o. O alerta \u00e9\u2026","rel":"","context":"In &quot;Not\u00edcias de Ribeir\u00e3o Preto-SP e Regi\u00e3o&quot;","block_context":{"text":"Not\u00edcias de Ribeir\u00e3o Preto-SP e Regi\u00e3o","link":"https:\/\/noticiasribeiraopreto.com.br\/index.php\/category\/noticias-de-ribeirao-preto-sp-e-regiao-ismael-colosi\/"},"img":{"alt_text":"","src":"https:\/\/i0.wp.com\/noticiasribeiraopreto.com.br\/wp-content\/uploads\/2024\/06\/WhatsApp-Image-2024-06-08-at-09.52.34_2024-06-08_12-52-46_jpeg_2024-06-08_12-52-46.webp.webp?fit=1200%2C900&ssl=1&resize=350%2C200","width":350,"height":200,"srcset":"https:\/\/i0.wp.com\/noticiasribeiraopreto.com.br\/wp-content\/uploads\/2024\/06\/WhatsApp-Image-2024-06-08-at-09.52.34_2024-06-08_12-52-46_jpeg_2024-06-08_12-52-46.webp.webp?fit=1200%2C900&ssl=1&resize=350%2C200 1x, https:\/\/i0.wp.com\/noticiasribeiraopreto.com.br\/wp-content\/uploads\/2024\/06\/WhatsApp-Image-2024-06-08-at-09.52.34_2024-06-08_12-52-46_jpeg_2024-06-08_12-52-46.webp.webp?fit=1200%2C900&ssl=1&resize=525%2C300 1.5x, https:\/\/i0.wp.com\/noticiasribeiraopreto.com.br\/wp-content\/uploads\/2024\/06\/WhatsApp-Image-2024-06-08-at-09.52.34_2024-06-08_12-52-46_jpeg_2024-06-08_12-52-46.webp.webp?fit=1200%2C900&ssl=1&resize=700%2C400 2x, https:\/\/i0.wp.com\/noticiasribeiraopreto.com.br\/wp-content\/uploads\/2024\/06\/WhatsApp-Image-2024-06-08-at-09.52.34_2024-06-08_12-52-46_jpeg_2024-06-08_12-52-46.webp.webp?fit=1200%2C900&ssl=1&resize=1050%2C600 3x"},"classes":[]},{"id":53421,"url":"https:\/\/noticiasribeiraopreto.com.br\/index.php\/2024\/06\/19\/as-vesperas-do-inverno-interior-de-sp-tem-novo-alerta-de-perigo-potencial\/","url_meta":{"origin":75889,"position":4},"title":"\u00c0s v\u00e9speras do inverno, interior de SP tem novo alerta de perigo potencial","author":"noticiasribeiraopreto.com.br","date":"19 de June de 2024","format":false,"excerpt":"O inverno come\u00e7a astronomicamente, nesta quinta-feira (20), \u00e0s 17h51, pelo hor\u00e1rio de Bras\u00edlia e a esta\u00e7\u00e3o ser\u00e1 marcada pelo tempo seco no interior de S\u00e3o Paulo, de acordo com a Climatempo. Por conta desse cen\u00e1rio, o Instituto Nacional de Meteorologia (Inmet) emitiu um novo comunicado informando que grande parte do\u2026","rel":"","context":"In &quot;Not\u00edcias de Ribeir\u00e3o Preto-SP e Regi\u00e3o&quot;","block_context":{"text":"Not\u00edcias de Ribeir\u00e3o Preto-SP e Regi\u00e3o","link":"https:\/\/noticiasribeiraopreto.com.br\/index.php\/category\/noticias-de-ribeirao-preto-sp-e-regiao-ismael-colosi\/"},"img":{"alt_text":"","src":"https:\/\/i0.wp.com\/noticiasribeiraopreto.com.br\/wp-content\/uploads\/2024\/06\/frio_ribeirao_1024x576_30062021063120.jpg?fit=1024%2C576&ssl=1&resize=350%2C200","width":350,"height":200,"srcset":"https:\/\/i0.wp.com\/noticiasribeiraopreto.com.br\/wp-content\/uploads\/2024\/06\/frio_ribeirao_1024x576_30062021063120.jpg?fit=1024%2C576&ssl=1&resize=350%2C200 1x, https:\/\/i0.wp.com\/noticiasribeiraopreto.com.br\/wp-content\/uploads\/2024\/06\/frio_ribeirao_1024x576_30062021063120.jpg?fit=1024%2C576&ssl=1&resize=525%2C300 1.5x, https:\/\/i0.wp.com\/noticiasribeiraopreto.com.br\/wp-content\/uploads\/2024\/06\/frio_ribeirao_1024x576_30062021063120.jpg?fit=1024%2C576&ssl=1&resize=700%2C400 2x"},"classes":[]},{"id":57291,"url":"https:\/\/noticiasribeiraopreto.com.br\/index.php\/2024\/08\/28\/interior-de-sp-tem-alerta-de-perigo-nesta-quarta-veja-cidades-afetadas\/","url_meta":{"origin":75889,"position":5},"title":"Interior de SP tem alerta de perigo nesta quarta; Veja cidades afetadas","author":"noticiasribeiraopreto.com.br","date":"28 de August de 2024","format":false,"excerpt":"O Inmet (Instituto Nacional de Meteorologia) emitiu um alerta de perigo para a baixa umidade do ar em parte do interior de S\u00e3o Paulo. O aviso tem validade entre 13h e 17h desta quarta-feira (28), e inclui Ribeir\u00e3o Preto e cidades da regi\u00e3o. O alerta \u00e9 na cor laranja \u2013\u2026","rel":"","context":"In &quot;Not\u00edcias de Ribeir\u00e3o Preto-SP e Regi\u00e3o&quot;","block_context":{"text":"Not\u00edcias de Ribeir\u00e3o Preto-SP e Regi\u00e3o","link":"https:\/\/noticiasribeiraopreto.com.br\/index.php\/category\/noticias-de-ribeirao-preto-sp-e-regiao-ismael-colosi\/"},"img":{"alt_text":"","src":"https:\/\/i0.wp.com\/noticiasribeiraopreto.com.br\/wp-content\/uploads\/2024\/08\/BAIXA-UMIDADE_2024-08-28_12-20-04_jpg_2024-08-28_12-20-04.webp.webp?fit=1200%2C798&ssl=1&resize=350%2C200","width":350,"height":200,"srcset":"https:\/\/i0.wp.com\/noticiasribeiraopreto.com.br\/wp-content\/uploads\/2024\/08\/BAIXA-UMIDADE_2024-08-28_12-20-04_jpg_2024-08-28_12-20-04.webp.webp?fit=1200%2C798&ssl=1&resize=350%2C200 1x, https:\/\/i0.wp.com\/noticiasribeiraopreto.com.br\/wp-content\/uploads\/2024\/08\/BAIXA-UMIDADE_2024-08-28_12-20-04_jpg_2024-08-28_12-20-04.webp.webp?fit=1200%2C798&ssl=1&resize=525%2C300 1.5x, https:\/\/i0.wp.com\/noticiasribeiraopreto.com.br\/wp-content\/uploads\/2024\/08\/BAIXA-UMIDADE_2024-08-28_12-20-04_jpg_2024-08-28_12-20-04.webp.webp?fit=1200%2C798&ssl=1&resize=700%2C400 2x, https:\/\/i0.wp.com\/noticiasribeiraopreto.com.br\/wp-content\/uploads\/2024\/08\/BAIXA-UMIDADE_2024-08-28_12-20-04_jpg_2024-08-28_12-20-04.webp.webp?fit=1200%2C798&ssl=1&resize=1050%2C600 3x"},"classes":[]}],"jetpack_sharing_enabled":true,"jetpack_shortlink":"https:\/\/wp.me\/peQAOb-jK1","_links":{"self":[{"href":"https:\/\/noticiasribeiraopreto.com.br\/index.php\/wp-json\/wp\/v2\/posts\/75889","targetHints":{"allow":["GET"]}}],"collection":[{"href":"https:\/\/noticiasribeiraopreto.com.br\/index.php\/wp-json\/wp\/v2\/posts"}],"about":[{"href":"https:\/\/noticiasribeiraopreto.com.br\/index.php\/wp-json\/wp\/v2\/types\/post"}],"author":[{"embeddable":true,"href":"https:\/\/noticiasribeiraopreto.com.br\/index.php\/wp-json\/wp\/v2\/users\/1"}],"replies":[{"embeddable":true,"href":"https:\/\/noticiasribeiraopreto.com.br\/index.php\/wp-json\/wp\/v2\/comments?post=75889"}],"version-history":[{"count":0,"href":"https:\/\/noticiasribeiraopreto.com.br\/index.php\/wp-json\/wp\/v2\/posts\/75889\/revisions"}],"wp:featuredmedia":[{"embeddable":true,"href":"https:\/\/noticiasribeiraopreto.com.br\/index.php\/wp-json\/wp\/v2\/media\/73706"}],"wp:attachment":[{"href":"https:\/\/noticiasribeiraopreto.com.br\/index.php\/wp-json\/wp\/v2\/media?parent=75889"}],"wp:term":[{"taxonomy":"category","embeddable":true,"href":"https:\/\/noticiasribeiraopreto.com.br\/index.php\/wp-json\/wp\/v2\/categories?post=75889"},{"taxonomy":"post_tag","embeddable":true,"href":"https:\/\/noticiasribeiraopreto.com.br\/index.php\/wp-json\/wp\/v2\/tags?post=75889"}],"curies":[{"name":"wp","href":"https:\/\/api.w.org\/{rel}","templated":true}]}}