{"id":75890,"date":"2025-08-17T19:13:46","date_gmt":"2025-08-17T22:13:46","guid":{"rendered":"https:\/\/noticiasribeiraopreto.com.br\/index.php\/2025\/08\/17\/whindersson-nunes-traz-novo-show-a-ribeirao-preto-saiba-quando\/"},"modified":"2025-08-17T19:13:46","modified_gmt":"2025-08-17T22:13:46","slug":"whindersson-nunes-traz-novo-show-a-ribeirao-preto-saiba-quando","status":"publish","type":"post","link":"https:\/\/noticiasribeiraopreto.com.br\/index.php\/2025\/08\/17\/whindersson-nunes-traz-novo-show-a-ribeirao-preto-saiba-quando\/","title":{"rendered":"Whindersson Nunes traz novo show a Ribeir\u00e3o Preto; Saiba quando"},"content":{"rendered":"<div class='code-block code-block-1' style='margin: 8px 0 8px auto; text-align: right; display: block; clear: both;'>\n<p><a href=\"https:\/\/wa.link\/vpicfd\"><img data-recalc-dims=\"1\" class=\"wp-image-4922\" style=\"aspect-ratio: 2.0253164556962027; width: 561px; height: auto;\" src=\"https:\/\/i0.wp.com\/ismaelcolosi.com.br\/wp-content\/uploads\/2023\/11\/grupo-de-empregos-whatsapp-e-facebook-ismael-colosi-vagas.jpg?ssl=1\" alt=\"\" \/><\/a><\/p>\n<!-- \/wp:image -->\n<\/div>\n<p> <br \/>\n<\/p>\n<div data-td-block-uid=\"tdi_95\">\n<div class=\"tdb-block-inner td-fix-index\">\n<p>O humorista <strong>Whindersson Nunes<\/strong> volta a <strong>Ribeir\u00e3o Preto<\/strong> no dia 15 de novembro com seu novo show \u201cIsso Definitivamente N\u00e3o \u00e9 um Culto\u201d. As apresenta\u00e7\u00f5es acontecem \u00e0s 19h e 21h, no <strong>Theatro Pedro II<\/strong>, no Centro da cidade.<\/p>\n<p>O especial aprofunda temas como o iminente fim do mundo, atualidades, redes sociais, religi\u00e3o e mais, \u201csempre com sua vis\u00e3o \u00fanica e irreverente\u201d, segundo a organiza\u00e7\u00e3o.<\/p>\n<h2 class=\"wp-block-heading\"><strong>Como comprar os ingressos?<\/strong><\/h2>\n<p>Os ingressos podem ser adquiridos de <strong>forma on-line (<a href=\"https:\/\/ingressodigital.com\/evento\/16110,17447\/whindersson-nunes-isso-definitivamente-nao-e-um-culto\" target=\"_blank\" data-type=\"link\" data-id=\"https:\/\/ingressodigital.com\/evento\/16110,17447\/whindersson-nunes-isso-definitivamente-nao-e-um-culto\" rel=\"noreferrer noopener\">clique aqui<\/a>)<\/strong> ou na bilheteria do Theatro Pedro II \u2013 <a href=\"https:\/\/www.theatropedro2.com.br\/comprar-ingresso.php\" target=\"_blank\" data-type=\"link\" data-id=\"https:\/\/www.theatropedro2.com.br\/comprar-ingresso.php\" rel=\"noreferrer noopener\">confira o hor\u00e1rio de funcionamento clicando aqui<\/a>.<\/p>\n<h3 class=\"wp-block-heading\"><strong>Valores e setores<\/strong><\/h3>\n<ul class=\"wp-block-list\">\n<li><strong>Plateia e frisa (t\u00e9rreo em frente ao palco):<\/strong> R$ 180 inteira | R$ 90 meia-entrada<\/li>\n<li><strong>Balc\u00e3o Nobre (1\u00ba andar):<\/strong> R$ 170 inteira | R$ 85 meia-entrada<\/li>\n<li><strong>Balc\u00e3o Simples (2\u00ba andar):<\/strong> R$ 160 inteira | R$ 80 meia-entrada<\/li>\n<\/ul>\n<p>Vale ressaltar que os valores dos ingressos podem ser alterados a qualquer momento e est\u00e3o sujeitos \u00e0 disponibilidade de setor.<\/p>\n<hr class=\"wp-block-separator has-alpha-channel-opacity\"\/>\n<p>SAIBA MAIS<\/p>\n<p>Interior de SP est\u00e1 em alerta de perigo; Veja cidades afetadas<\/p>\n<p><strong>FIQUE ON<\/strong><\/p>\n<p>Fique ligado em tudo que acontece em Ribeir\u00e3o Preto e regi\u00e3o. Siga os perfis do\u00a0<strong>acidade on\u00a0<\/strong>no<a href=\"https:\/\/www.instagram.com\/acidadeonribeirao\" target=\"_blank\" rel=\"noreferrer noopener\">\u00a0Instagram<\/a>\u00a0e no\u00a0<a href=\"https:\/\/www.facebook.com\/acidadeonribeirao\/\" target=\"_blank\" rel=\"noreferrer noopener\">Facebook<\/a>.<\/p>\n<p>Receba not\u00edcias do\u00a0<strong>acidade on<\/strong>\u00a0no WhatsApp.\u00a0<a href=\"https:\/\/chat.whatsapp.com\/I4nieTEMKlf50pJ28aMemC?mode=ac_t\" target=\"_blank\" rel=\"noreferrer noopener\">Para entrar no grupo, basta clicar aqui.<\/a><\/p>\n<p>Fa\u00e7a uma den\u00fancia ou sugira uma reportagem sobre Ribeir\u00e3o Preto e regi\u00e3o pelo WhatsApp: 16 99117 7802.<\/p>\n<p>VEJA TAMB\u00c9M<\/p>\n<p>Quais os jogos que chegam nesta semana ao Game Pass?<\/p>\n<p><!-- AI CONTENT END 1 -->\n<\/div>\n<\/div>\n<p><script async src=\"\/\/www.instagram.com\/embed.js\"><\/script><br \/>\n<br \/><br \/>\n<br \/><a href=\"https:\/\/www.acidadeon.com\/ribeiraopreto\/lazer-e-cultura\/whindersson-nunes-traz-novo-show-a-ribeirao-preto-saiba-quando\/\">Source link <\/a><\/p>\n<!-- CONTENT END 1 -->\n","protected":false},"excerpt":{"rendered":"<p>O humorista Whindersson Nunes volta a Ribeir\u00e3o Preto no dia 15 de novembro com seu novo show \u201cIsso Definitivamente N\u00e3o \u00e9 um Culto\u201d. As apresenta\u00e7\u00f5es&#8230;<\/p>\n","protected":false},"author":1,"featured_media":75891,"comment_status":"open","ping_status":"open","sticky":false,"template":"","format":"standard","meta":{"advanced_seo_description":"","jetpack_seo_html_title":"","jetpack_seo_noindex":false,"jetpack_post_was_ever_published":false,"_jetpack_newsletter_access":"","_jetpack_dont_email_post_to_subs":false,"_jetpack_newsletter_tier_id":0,"_jetpack_memberships_contains_paywalled_content":false,"_jetpack_memberships_contains_paid_content":false,"footnotes":"","jetpack_publicize_message":"","jetpack_publicize_feature_enabled":true,"jetpack_social_post_already_shared":true,"jetpack_social_options":{"image_generator_settings":{"template":"highway","default_image_id":0,"font":"","enabled":false},"version":2}},"categories":[11],"tags":[],"class_list":["post-75890","post","type-post","status-publish","format-standard","has-post-thumbnail","hentry","category-noticias-de-ribeirao-preto-sp-e-regiao-ismael-colosi"],"jetpack_publicize_connections":[],"jetpack_featured_media_url":"https:\/\/i0.wp.com\/noticiasribeiraopreto.com.br\/wp-content\/uploads\/2025\/08\/Copia-de-Copia-de-TAMANHO-EXATO-PARA-FOTOS-NO-SISTEMA-NOVO-87_2024-06-20_19-27-32_png_2024-06-20_19-27-32.webp.webp?fit=1200%2C675&ssl=1","jetpack-related-posts":[{"id":53563,"url":"https:\/\/noticiasribeiraopreto.com.br\/index.php\/2024\/06\/21\/whindersson-nunes-retorna-a-ribeirao-preto-com-novo-show-veja-como-comprar-ingressos\/","url_meta":{"origin":75890,"position":0},"title":"Whindersson Nunes retorna a Ribeir\u00e3o Preto com novo show; Veja como comprar ingressos","author":"noticiasribeiraopreto.com.br","date":"21 de June de 2024","format":false,"excerpt":"O comediante Whindersson Nunes retorna a Ribeir\u00e3o Preto para apresentar o seu novo show \u2018Efeito Borboleta\u2019 no dia 30 de junho, \u00e0s 18h e 20h, no Theatro Pedro II. O stand-up marca o retorno do artista aos palcos e promete uma experi\u00eancia \u00fanica e inovadora. Al\u00e9m disso, ele apresentar\u00e1 um\u2026","rel":"","context":"In &quot;Not\u00edcias de Ribeir\u00e3o Preto-SP e Regi\u00e3o&quot;","block_context":{"text":"Not\u00edcias de Ribeir\u00e3o Preto-SP e Regi\u00e3o","link":"https:\/\/noticiasribeiraopreto.com.br\/index.php\/category\/noticias-de-ribeirao-preto-sp-e-regiao-ismael-colosi\/"},"img":{"alt_text":"","src":"https:\/\/i0.wp.com\/noticiasribeiraopreto.com.br\/wp-content\/uploads\/2024\/06\/Copia-de-Copia-de-TAMANHO-EXATO-PARA-FOTOS-NO-SISTEMA-NOVO-87_2024-06-20_19-27-32_png_2024-06-20_19-27-32.webp.webp?fit=1200%2C675&ssl=1&resize=350%2C200","width":350,"height":200,"srcset":"https:\/\/i0.wp.com\/noticiasribeiraopreto.com.br\/wp-content\/uploads\/2024\/06\/Copia-de-Copia-de-TAMANHO-EXATO-PARA-FOTOS-NO-SISTEMA-NOVO-87_2024-06-20_19-27-32_png_2024-06-20_19-27-32.webp.webp?fit=1200%2C675&ssl=1&resize=350%2C200 1x, https:\/\/i0.wp.com\/noticiasribeiraopreto.com.br\/wp-content\/uploads\/2024\/06\/Copia-de-Copia-de-TAMANHO-EXATO-PARA-FOTOS-NO-SISTEMA-NOVO-87_2024-06-20_19-27-32_png_2024-06-20_19-27-32.webp.webp?fit=1200%2C675&ssl=1&resize=525%2C300 1.5x, https:\/\/i0.wp.com\/noticiasribeiraopreto.com.br\/wp-content\/uploads\/2024\/06\/Copia-de-Copia-de-TAMANHO-EXATO-PARA-FOTOS-NO-SISTEMA-NOVO-87_2024-06-20_19-27-32_png_2024-06-20_19-27-32.webp.webp?fit=1200%2C675&ssl=1&resize=700%2C400 2x, https:\/\/i0.wp.com\/noticiasribeiraopreto.com.br\/wp-content\/uploads\/2024\/06\/Copia-de-Copia-de-TAMANHO-EXATO-PARA-FOTOS-NO-SISTEMA-NOVO-87_2024-06-20_19-27-32_png_2024-06-20_19-27-32.webp.webp?fit=1200%2C675&ssl=1&resize=1050%2C600 3x"},"classes":[]},{"id":79891,"url":"https:\/\/noticiasribeiraopreto.com.br\/index.php\/2025\/11\/10\/whindersson-nunes-se-apresenta-nesta-semana-no-theatro-pedro-ii\/","url_meta":{"origin":75890,"position":1},"title":"Whindersson Nunes se apresenta nesta semana no Theatro Pedro II","author":"noticiasribeiraopreto.com.br","date":"10 de November de 2025","format":false,"excerpt":"O stand-up \u201cIsso definitivamente n\u00e3o \u00e9 um culto\u201d, do youtuber e humorista Whindersson Nunes, chega ao Theatro Pedro II, em Ribeir\u00e3o Preto, neste s\u00e1bado (15), em duas sess\u00f5es: \u00e0s 19h e p\u00e1s 21h. Os ingressos custam de R$ 80 e R$ 180 e podem ser adquiridos pela internet (clique aqui)\u2026","rel":"","context":"In &quot;Not\u00edcias de Ribeir\u00e3o Preto-SP e Regi\u00e3o&quot;","block_context":{"text":"Not\u00edcias de Ribeir\u00e3o Preto-SP e Regi\u00e3o","link":"https:\/\/noticiasribeiraopreto.com.br\/index.php\/category\/noticias-de-ribeirao-preto-sp-e-regiao-ismael-colosi\/"},"img":{"alt_text":"","src":"https:\/\/i0.wp.com\/noticiasribeiraopreto.com.br\/wp-content\/uploads\/2025\/11\/Whinderson-Nunes_2025-11-10_17-48-29.webp.webp?fit=1200%2C805&ssl=1&resize=350%2C200","width":350,"height":200,"srcset":"https:\/\/i0.wp.com\/noticiasribeiraopreto.com.br\/wp-content\/uploads\/2025\/11\/Whinderson-Nunes_2025-11-10_17-48-29.webp.webp?fit=1200%2C805&ssl=1&resize=350%2C200 1x, https:\/\/i0.wp.com\/noticiasribeiraopreto.com.br\/wp-content\/uploads\/2025\/11\/Whinderson-Nunes_2025-11-10_17-48-29.webp.webp?fit=1200%2C805&ssl=1&resize=525%2C300 1.5x, https:\/\/i0.wp.com\/noticiasribeiraopreto.com.br\/wp-content\/uploads\/2025\/11\/Whinderson-Nunes_2025-11-10_17-48-29.webp.webp?fit=1200%2C805&ssl=1&resize=700%2C400 2x, https:\/\/i0.wp.com\/noticiasribeiraopreto.com.br\/wp-content\/uploads\/2025\/11\/Whinderson-Nunes_2025-11-10_17-48-29.webp.webp?fit=1200%2C805&ssl=1&resize=1050%2C600 3x"},"classes":[]},{"id":52514,"url":"https:\/\/noticiasribeiraopreto.com.br\/index.php\/2024\/06\/08\/whindersson-nunes-se-apresenta-em-ribeirao-preto-com-novo-stand-up-veja-quando\/","url_meta":{"origin":75890,"position":2},"title":"Whindersson Nunes se apresenta em Ribeir\u00e3o Preto com novo stand-up; Veja quando","author":"noticiasribeiraopreto.com.br","date":"8 de June de 2024","format":false,"excerpt":"O humorista Whindersson Nunes retorna aos palcos de Ribeir\u00e3o Preto com seu novo espet\u00e1culo, o stand-up \u201cEfeito Borboleta\u201d. A apresenta\u00e7\u00e3o acontece no dia 30 de junho, no Theatro Pedro II, a partir das 20h. O show, que promete uma experi\u00eancia \u00fanica e inovadora ao p\u00fablico, contar\u00e1 com um teste de\u2026","rel":"","context":"In &quot;Not\u00edcias de Ribeir\u00e3o Preto-SP e Regi\u00e3o&quot;","block_context":{"text":"Not\u00edcias de Ribeir\u00e3o Preto-SP e Regi\u00e3o","link":"https:\/\/noticiasribeiraopreto.com.br\/index.php\/category\/noticias-de-ribeirao-preto-sp-e-regiao-ismael-colosi\/"},"img":{"alt_text":"","src":"https:\/\/i0.wp.com\/noticiasribeiraopreto.com.br\/wp-content\/uploads\/2024\/06\/whindersson-nunes_2024-06-08_13-45-36_jpg_2024-06-08_13-45-36.webp.webp?fit=980%2C660&ssl=1&resize=350%2C200","width":350,"height":200,"srcset":"https:\/\/i0.wp.com\/noticiasribeiraopreto.com.br\/wp-content\/uploads\/2024\/06\/whindersson-nunes_2024-06-08_13-45-36_jpg_2024-06-08_13-45-36.webp.webp?fit=980%2C660&ssl=1&resize=350%2C200 1x, https:\/\/i0.wp.com\/noticiasribeiraopreto.com.br\/wp-content\/uploads\/2024\/06\/whindersson-nunes_2024-06-08_13-45-36_jpg_2024-06-08_13-45-36.webp.webp?fit=980%2C660&ssl=1&resize=525%2C300 1.5x, https:\/\/i0.wp.com\/noticiasribeiraopreto.com.br\/wp-content\/uploads\/2024\/06\/whindersson-nunes_2024-06-08_13-45-36_jpg_2024-06-08_13-45-36.webp.webp?fit=980%2C660&ssl=1&resize=700%2C400 2x"},"classes":[]},{"id":79570,"url":"https:\/\/noticiasribeiraopreto.com.br\/index.php\/2025\/11\/04\/theatro-pedro-ii-recebe-show-de-comedia-4-amigos-veja-como-comprar-ingressos\/","url_meta":{"origin":75890,"position":3},"title":"Theatro Pedro II recebe show de com\u00e9dia \u20184 Amigos\u2019; veja como comprar ingressos","author":"noticiasribeiraopreto.com.br","date":"4 de November de 2025","format":false,"excerpt":"O Theatro Pedro II, no Centro de Ribeir\u00e3o Preto, recebe nesta quinta-feira (6), duas sess\u00f5es do show de com\u00e9dia \u201c4 Amigos\u201d. Thiago Ventura, Dihh Lopes, Marcio Donato e Afonso Padilha sobem ao palco \u00e0s 19h e \u00e0s 21h. O grupo de humoristas, \u201c4 Amigos\u201d se tornou um dos maiores do\u2026","rel":"","context":"In &quot;Not\u00edcias de Ribeir\u00e3o Preto-SP e Regi\u00e3o&quot;","block_context":{"text":"Not\u00edcias de Ribeir\u00e3o Preto-SP e Regi\u00e3o","link":"https:\/\/noticiasribeiraopreto.com.br\/index.php\/category\/noticias-de-ribeirao-preto-sp-e-regiao-ismael-colosi\/"},"img":{"alt_text":"","src":"https:\/\/i0.wp.com\/noticiasribeiraopreto.com.br\/wp-content\/uploads\/2025\/11\/image_2024-11-04_14-08-27.webp.webp?fit=1200%2C803&ssl=1&resize=350%2C200","width":350,"height":200,"srcset":"https:\/\/i0.wp.com\/noticiasribeiraopreto.com.br\/wp-content\/uploads\/2025\/11\/image_2024-11-04_14-08-27.webp.webp?fit=1200%2C803&ssl=1&resize=350%2C200 1x, https:\/\/i0.wp.com\/noticiasribeiraopreto.com.br\/wp-content\/uploads\/2025\/11\/image_2024-11-04_14-08-27.webp.webp?fit=1200%2C803&ssl=1&resize=525%2C300 1.5x, https:\/\/i0.wp.com\/noticiasribeiraopreto.com.br\/wp-content\/uploads\/2025\/11\/image_2024-11-04_14-08-27.webp.webp?fit=1200%2C803&ssl=1&resize=700%2C400 2x, https:\/\/i0.wp.com\/noticiasribeiraopreto.com.br\/wp-content\/uploads\/2025\/11\/image_2024-11-04_14-08-27.webp.webp?fit=1200%2C803&ssl=1&resize=1050%2C600 3x"},"classes":[]},{"id":81693,"url":"https:\/\/noticiasribeiraopreto.com.br\/index.php\/2026\/01\/14\/theatro-pedro-ii-recebe-peca-com-gabriel-braga-nunes-e-maria-ribeiro-confira\/","url_meta":{"origin":75890,"position":4},"title":"Theatro Pedro II recebe pe\u00e7a com Gabriel Braga Nunes e Maria Ribeiro; Confira","author":"noticiasribeiraopreto.com.br","date":"14 de January de 2026","format":false,"excerpt":"O Theatro Pedro II, em Ribeir\u00e3o Preto, recebe a pe\u00e7a \u201cO Filho\u201d no dia 28 de mar\u00e7o, a partir das 20h. A montagem passou por mais de 20 pa\u00edses e adapta a obra do cineasta e dramaturgo franc\u00eas Florian Zeller. Com dire\u00e7\u00e3o de Leo Stefanini, o elenco traz Andreas Trotta,\u2026","rel":"","context":"In &quot;Not\u00edcias de Ribeir\u00e3o Preto-SP e Regi\u00e3o&quot;","block_context":{"text":"Not\u00edcias de Ribeir\u00e3o Preto-SP e Regi\u00e3o","link":"https:\/\/noticiasribeiraopreto.com.br\/index.php\/category\/noticias-de-ribeirao-preto-sp-e-regiao-ismael-colosi\/"},"img":{"alt_text":"","src":"https:\/\/i0.wp.com\/noticiasribeiraopreto.com.br\/wp-content\/uploads\/2026\/01\/MARIA-RIBEIRO_2026-01-13_21-00-15.webp.webp?fit=1200%2C800&ssl=1&resize=350%2C200","width":350,"height":200,"srcset":"https:\/\/i0.wp.com\/noticiasribeiraopreto.com.br\/wp-content\/uploads\/2026\/01\/MARIA-RIBEIRO_2026-01-13_21-00-15.webp.webp?fit=1200%2C800&ssl=1&resize=350%2C200 1x, https:\/\/i0.wp.com\/noticiasribeiraopreto.com.br\/wp-content\/uploads\/2026\/01\/MARIA-RIBEIRO_2026-01-13_21-00-15.webp.webp?fit=1200%2C800&ssl=1&resize=525%2C300 1.5x, https:\/\/i0.wp.com\/noticiasribeiraopreto.com.br\/wp-content\/uploads\/2026\/01\/MARIA-RIBEIRO_2026-01-13_21-00-15.webp.webp?fit=1200%2C800&ssl=1&resize=700%2C400 2x, https:\/\/i0.wp.com\/noticiasribeiraopreto.com.br\/wp-content\/uploads\/2026\/01\/MARIA-RIBEIRO_2026-01-13_21-00-15.webp.webp?fit=1200%2C800&ssl=1&resize=1050%2C600 3x"},"classes":[]},{"id":80080,"url":"https:\/\/noticiasribeiraopreto.com.br\/index.php\/2025\/11\/14\/whindersson-nunes-desfile-pet-e-festival-geek-veja-opcoes-para-curtir-o-fim-de-semana-em-ribeirao-preto\/","url_meta":{"origin":75890,"position":5},"title":"Whindersson Nunes, desfile Pet e festival geek: veja op\u00e7\u00f5es para curtir o fim de semana em Ribeir\u00e3o Preto","author":"noticiasribeiraopreto.com.br","date":"14 de November de 2025","format":false,"excerpt":"Ribeir\u00e3o Preto conta com diversas op\u00e7\u00f5es para quem deseja aproveitar o fim de semana com os amigos e a fam\u00edlia. A agenda cultural recebe o stand-up de Whindersson Nunes, desfile de pet e concerto de Natal. Confira tudo abaixo. Whindersson Nunes Whindersson Nunes apresenta neste s\u00e1bado (15), o stand-up \u201cIsso\u2026","rel":"","context":"In &quot;Not\u00edcias de Ribeir\u00e3o Preto-SP e Regi\u00e3o&quot;","block_context":{"text":"Not\u00edcias de Ribeir\u00e3o Preto-SP e Regi\u00e3o","link":"https:\/\/noticiasribeiraopreto.com.br\/index.php\/category\/noticias-de-ribeirao-preto-sp-e-regiao-ismael-colosi\/"},"img":{"alt_text":"","src":"https:\/\/i0.wp.com\/noticiasribeiraopreto.com.br\/wp-content\/uploads\/2025\/08\/Copia-de-Copia-de-TAMANHO-EXATO-PARA-FOTOS-NO-SISTEMA-NOVO-87_2024-06-20_19-27-32_png_2024-06-20_19-27-32.webp.webp?fit=1200%2C675&ssl=1&resize=350%2C200","width":350,"height":200,"srcset":"https:\/\/i0.wp.com\/noticiasribeiraopreto.com.br\/wp-content\/uploads\/2025\/08\/Copia-de-Copia-de-TAMANHO-EXATO-PARA-FOTOS-NO-SISTEMA-NOVO-87_2024-06-20_19-27-32_png_2024-06-20_19-27-32.webp.webp?fit=1200%2C675&ssl=1&resize=350%2C200 1x, https:\/\/i0.wp.com\/noticiasribeiraopreto.com.br\/wp-content\/uploads\/2025\/08\/Copia-de-Copia-de-TAMANHO-EXATO-PARA-FOTOS-NO-SISTEMA-NOVO-87_2024-06-20_19-27-32_png_2024-06-20_19-27-32.webp.webp?fit=1200%2C675&ssl=1&resize=525%2C300 1.5x, https:\/\/i0.wp.com\/noticiasribeiraopreto.com.br\/wp-content\/uploads\/2025\/08\/Copia-de-Copia-de-TAMANHO-EXATO-PARA-FOTOS-NO-SISTEMA-NOVO-87_2024-06-20_19-27-32_png_2024-06-20_19-27-32.webp.webp?fit=1200%2C675&ssl=1&resize=700%2C400 2x, https:\/\/i0.wp.com\/noticiasribeiraopreto.com.br\/wp-content\/uploads\/2025\/08\/Copia-de-Copia-de-TAMANHO-EXATO-PARA-FOTOS-NO-SISTEMA-NOVO-87_2024-06-20_19-27-32_png_2024-06-20_19-27-32.webp.webp?fit=1200%2C675&ssl=1&resize=1050%2C600 3x"},"classes":[]}],"jetpack_sharing_enabled":true,"jetpack_shortlink":"https:\/\/wp.me\/peQAOb-jK2","_links":{"self":[{"href":"https:\/\/noticiasribeiraopreto.com.br\/index.php\/wp-json\/wp\/v2\/posts\/75890","targetHints":{"allow":["GET"]}}],"collection":[{"href":"https:\/\/noticiasribeiraopreto.com.br\/index.php\/wp-json\/wp\/v2\/posts"}],"about":[{"href":"https:\/\/noticiasribeiraopreto.com.br\/index.php\/wp-json\/wp\/v2\/types\/post"}],"author":[{"embeddable":true,"href":"https:\/\/noticiasribeiraopreto.com.br\/index.php\/wp-json\/wp\/v2\/users\/1"}],"replies":[{"embeddable":true,"href":"https:\/\/noticiasribeiraopreto.com.br\/index.php\/wp-json\/wp\/v2\/comments?post=75890"}],"version-history":[{"count":0,"href":"https:\/\/noticiasribeiraopreto.com.br\/index.php\/wp-json\/wp\/v2\/posts\/75890\/revisions"}],"wp:featuredmedia":[{"embeddable":true,"href":"https:\/\/noticiasribeiraopreto.com.br\/index.php\/wp-json\/wp\/v2\/media\/75891"}],"wp:attachment":[{"href":"https:\/\/noticiasribeiraopreto.com.br\/index.php\/wp-json\/wp\/v2\/media?parent=75890"}],"wp:term":[{"taxonomy":"category","embeddable":true,"href":"https:\/\/noticiasribeiraopreto.com.br\/index.php\/wp-json\/wp\/v2\/categories?post=75890"},{"taxonomy":"post_tag","embeddable":true,"href":"https:\/\/noticiasribeiraopreto.com.br\/index.php\/wp-json\/wp\/v2\/tags?post=75890"}],"curies":[{"name":"wp","href":"https:\/\/api.w.org\/{rel}","templated":true}]}}