{"id":75894,"date":"2025-08-18T06:11:16","date_gmt":"2025-08-18T09:11:16","guid":{"rendered":"https:\/\/noticiasribeiraopreto.com.br\/index.php\/2025\/08\/18\/feira-do-livro-teatro-circo-e-reflexoes-marcam-a-segunda-feira-veja-programacao\/"},"modified":"2025-08-18T06:11:16","modified_gmt":"2025-08-18T09:11:16","slug":"feira-do-livro-teatro-circo-e-reflexoes-marcam-a-segunda-feira-veja-programacao","status":"publish","type":"post","link":"https:\/\/noticiasribeiraopreto.com.br\/index.php\/2025\/08\/18\/feira-do-livro-teatro-circo-e-reflexoes-marcam-a-segunda-feira-veja-programacao\/","title":{"rendered":"Feira do Livro: teatro, circo e reflex\u00f5es marcam a segunda-feira; Veja programa\u00e7\u00e3o"},"content":{"rendered":"<div class='code-block code-block-1' style='margin: 8px 0 8px auto; text-align: right; display: block; clear: both;'>\n<p><a href=\"https:\/\/wa.link\/vpicfd\"><img data-recalc-dims=\"1\" class=\"wp-image-4922\" style=\"aspect-ratio: 2.0253164556962027; width: 561px; height: auto;\" src=\"https:\/\/i0.wp.com\/ismaelcolosi.com.br\/wp-content\/uploads\/2023\/11\/grupo-de-empregos-whatsapp-e-facebook-ismael-colosi-vagas.jpg?ssl=1\" alt=\"\" \/><\/a><\/p>\n<!-- \/wp:image -->\n<\/div>\n<p> <br \/>\n<\/p>\n<div>\n<p>Nesta segunda-feira (18), a partir das 8h, acontece o quarto dia da <strong>24\u00aa Feira Internacional do Livro de Ribeir\u00e3o Preto (FIL)<\/strong>, com v\u00e1rias atividades <strong>gratuitas <\/strong>no Centro da cidade.<\/p>\n<p>O tema da feira deste ano \u00e9 \u201c<strong>Futuros Poss\u00edveis: entre linhas e par\u00e1grafos<\/strong>\u201d e presta homenagem aos autores: Domenico Demasi, Djamila Ribeiro, Andr\u00e9 Lu\u00eds Oliveira e Matheus Arcaro. A <strong>FIL <\/strong>segue at\u00e9 o dia <strong>24 de agosto<\/strong> \u2013 <a href=\"https:\/\/drive.google.com\/file\/d\/1ccuUm--cD83UPitwN-6XofOO0Vcs_C31\/view\" target=\"_blank\" data-type=\"link\" data-id=\"https:\/\/drive.google.com\/file\/d\/1ccuUm--cD83UPitwN-6XofOO0Vcs_C31\/view\" rel=\"noreferrer noopener\">clique aqui e veja a programa\u00e7\u00e3o completa<\/a>.<\/p>\n<h2 class=\"wp-block-heading\"><strong>Confira os destaques desta segunda-feira<\/strong><\/h2>\n<p><strong>Teatro Infantil: AVISA \u2013 \u00c1gua, Vida e Sa\u00fade<\/strong><\/p>\n<p>Espet\u00e1culo l\u00fadico e educativo que convida crian\u00e7as e fam\u00edlias a refletirem sobre o cuidado com a \u00e1gua e a import\u00e2ncia da sa\u00fade e do meio ambiente.<\/p>\n<p><strong>Local:<\/strong> Esplanada Theatro Pedro II \u2013 Espa\u00e7o Ambient de Leitura<\/p>\n<p><strong>\u201cCirco de Doisdo\u201d com Cia. P\u00e9 de Cana<\/strong><\/p>\n<p>Primeiro espet\u00e1culo da Cia P\u00e9 de Cana, \u201cCirco de Doisdo\u201d resgata o esp\u00edrito das trupes mambembes, com n\u00fameros c\u00f4micos e po\u00e9ticos. A rela\u00e7\u00e3o intensa entre os palha\u00e7os e o p\u00fablico faz de cada apresenta\u00e7\u00e3o uma experi\u00eancia \u00fanica, aberta ao improviso e ao jogo. Com humor, leveza e afeto, a trupe cria um circo vivo, que se reinventa a cada encontro.<\/p>\n<p><strong>Local<\/strong>: Esplanada Theatro Pedro II \u00b7 Espa\u00e7o Ambient de Leitura<\/p>\n<p><strong>Sess\u00e3o Abayomi \u2014 Palestra: Mulherismo Afreekana \u2014 A Import\u00e2ncia da Matripot\u00eancia na Atualidade com Kati\u00fascia Ribeiro e media\u00e7\u00e3o de Osunwende Palmira<\/strong><\/p>\n<p>Neste encontro, a apresentadora do programa O Futuro \u00e9 Ancestral (GNT), compartilha reflex\u00f5es sobre o pensamento africano na contemporaneidade, traduzindo saberes filos\u00f3ficos em ferramentas acess\u00edveis e transformadoras para a educa\u00e7\u00e3o, cultura e justi\u00e7a social. Fil\u00f3sofa e doutora em Filosofia Africana, Kati\u00fascia \u00e9 pioneira na produ\u00e7\u00e3o acad\u00eamica sobre o tema no Brasil. \u00c9 fundadora do Instituto Ajeum Filos\u00f3fico, coordenadora do Laborat\u00f3rio de Africologia e Est\u00fadios Amer\u00edndios Geru Ma\u00e3, professora da p\u00f3s-gradua\u00e7\u00e3o da PUC-SP e pesquisadora na Temple University (EUA).<\/p>\n<p><strong>Local<\/strong>: Theatro Pedro II \u2013 Audit\u00f3rio Meira Junior<\/p>\n<p><strong>Confer\u00eancia com Leandro Karnal<\/strong><\/p>\n<p>Palestrante, colunista e articulista em diversos ve\u00edculos de comunica\u00e7\u00e3o, o historiador e pensador Karnal encontra o p\u00fablico da 24a FIL para uma conversa sobre filosofia, religi\u00e3o, ensino, hist\u00f3ria, pol\u00edtica, sociedade e comportamento humano \u2014 seus temas por excel\u00eancia. Doutor em Hist\u00f3ria Social USP e p\u00f3s-doutor pela Universidad Nacional Aut\u00f3noma de Mexico e pelo Centre National de la Recherche Scientifique (Fran\u00e7a), Leandro Karnal \u00e9 membro da Academia Paulista de Letras, professor na Unicamp e na PUC-RS, e integra o corpo editorial da Revista Brasileira de Hist\u00f3ria. Possui mais de 20 livros publicados, \u00e9 presen\u00e7a constante no Caf\u00e9 Filos\u00f3fico (TV Cultura); e em programas da r\u00e1dio BandNews.<\/p>\n<p><strong>Local<\/strong>: Theatro Pedro II \u2013 Sala Principal<\/p>\n<p>Al\u00e9m disso, a \u00a0programa\u00e7\u00e3o tamb\u00e9m conta com conta\u00e7\u00f5es de hist\u00f3rias, oficinas, feira de ado\u00e7\u00e3o de animais, experi\u00eancia imersiva de jogo e m\u00fasica ao vivo.<\/p>\n<hr class=\"wp-block-separator has-alpha-channel-opacity\"\/>\n<p>SAIBA MAIS<\/p>\n<p>Whindersson Nunes traz novo show a Ribeir\u00e3o Preto; Saiba quando<\/p>\n<h2 class=\"wp-block-heading\"><strong>FIQUE ON<\/strong><\/h2>\n<p>Fique ligado em tudo que acontece em Ribeir\u00e3o Preto e regi\u00e3o. Siga os perfis do\u00a0<strong>acidade on\u00a0<\/strong>no<a href=\"https:\/\/www.instagram.com\/acidadeonribeirao\" target=\"_blank\" rel=\"noreferrer noopener\">\u00a0Instagram<\/a>\u00a0e no\u00a0<a href=\"https:\/\/www.facebook.com\/acidadeonribeirao\/\" target=\"_blank\" rel=\"noreferrer noopener\">Facebook<\/a>.<\/p>\n<p>Receba not\u00edcias do\u00a0<strong>acidade on<\/strong>\u00a0no WhatsApp.\u00a0<a href=\"https:\/\/chat.whatsapp.com\/I4nieTEMKlf50pJ28aMemC?mode=ac_t\" target=\"_blank\" rel=\"noreferrer noopener\">Para entrar no grupo, basta clicar aqui.<\/a><\/p>\n<p>Fa\u00e7a uma den\u00fancia ou sugira uma reportagem sobre Ribeir\u00e3o Preto e regi\u00e3o pelo WhatsApp: 16 99117 7802.<\/p>\n<p>VEJA TAMB\u00c9M<\/p>\n<p>Lady Gaga vai voltar ao Brasil?<\/p>\n<p><!-- AI CONTENT END 1 -->\n<\/div>\n<p><script async src=\"\/\/www.instagram.com\/embed.js\"><\/script><br \/>\n<br \/><br \/>\n<br \/><a href=\"https:\/\/www.acidadeon.com\/ribeiraopreto\/lazer-e-cultura\/feira-do-livro-teatro-circo-e-reflexoes-marcam-a-segunda-feira-veja-programacao\/\">Source link <\/a><\/p>\n<!-- CONTENT END 1 -->\n","protected":false},"excerpt":{"rendered":"<p>Nesta segunda-feira (18), a partir das 8h, acontece o quarto dia da 24\u00aa Feira Internacional do Livro de Ribeir\u00e3o Preto (FIL), com v\u00e1rias atividades gratuitas&#8230;<\/p>\n","protected":false},"author":1,"featured_media":75895,"comment_status":"open","ping_status":"open","sticky":false,"template":"","format":"standard","meta":{"advanced_seo_description":"","jetpack_seo_html_title":"","jetpack_seo_noindex":false,"jetpack_post_was_ever_published":false,"_jetpack_newsletter_access":"","_jetpack_dont_email_post_to_subs":false,"_jetpack_newsletter_tier_id":0,"_jetpack_memberships_contains_paywalled_content":false,"_jetpack_memberships_contains_paid_content":false,"footnotes":"","jetpack_publicize_message":"","jetpack_publicize_feature_enabled":true,"jetpack_social_post_already_shared":true,"jetpack_social_options":{"image_generator_settings":{"template":"highway","default_image_id":0,"font":"","enabled":false},"version":2}},"categories":[11],"tags":[],"class_list":["post-75894","post","type-post","status-publish","format-standard","has-post-thumbnail","hentry","category-noticias-de-ribeirao-preto-sp-e-regiao-ismael-colosi"],"jetpack_publicize_connections":[],"jetpack_featured_media_url":"https:\/\/i0.wp.com\/noticiasribeiraopreto.com.br\/wp-content\/uploads\/2025\/08\/Copia-de-Copia-de-Copia-de-TAMANHO-EXATO-PARA-FOTOS-NO-SISTEMA-NOVO-2025-08-17T170909.218_2025-08-17_20-09-15.webp.webp?fit=1200%2C675&ssl=1","jetpack-related-posts":[{"id":54274,"url":"https:\/\/noticiasribeiraopreto.com.br\/index.php\/2024\/07\/05\/confira-a-programacao-da-feira-internacional-do-livro-de-ribeirao-preto-2024\/","url_meta":{"origin":75894,"position":0},"title":"Confira a programa\u00e7\u00e3o da Feira Internacional do Livro de Ribeir\u00e3o Preto 2024","author":"noticiasribeiraopreto.com.br","date":"5 de July de 2024","format":false,"excerpt":"A 23\u00aa edi\u00e7\u00e3o da FIL (Feira Internacional do Livro de Ribeir\u00e3o Preto) come\u00e7a no pr\u00f3ximo dia 1\u00ba de agosto. O tema central deste ano \u00e9: \u201cCotidianos po\u00e9ticos: Do \u00e9pico de Cam\u00f5es \u00e0s batalhas de rua\u201d. A programa\u00e7\u00e3o completa da feira foi divulgada nesta sexta-feira (5). Nesta edi\u00e7\u00e3o, cinco autores s\u00e3o\u2026","rel":"","context":"In &quot;Not\u00edcias de Ribeir\u00e3o Preto-SP e Regi\u00e3o&quot;","block_context":{"text":"Not\u00edcias de Ribeir\u00e3o Preto-SP e Regi\u00e3o","link":"https:\/\/noticiasribeiraopreto.com.br\/index.php\/category\/noticias-de-ribeirao-preto-sp-e-regiao-ismael-colosi\/"},"img":{"alt_text":"","src":"https:\/\/i0.wp.com\/noticiasribeiraopreto.com.br\/wp-content\/uploads\/2024\/07\/WhatsApp-Image-2024-07-05-at-11.23.19_2024-07-05_15-02-58_jpeg_2024-07-05_15-02-58.webp.webp?fit=1200%2C675&ssl=1&resize=350%2C200","width":350,"height":200,"srcset":"https:\/\/i0.wp.com\/noticiasribeiraopreto.com.br\/wp-content\/uploads\/2024\/07\/WhatsApp-Image-2024-07-05-at-11.23.19_2024-07-05_15-02-58_jpeg_2024-07-05_15-02-58.webp.webp?fit=1200%2C675&ssl=1&resize=350%2C200 1x, https:\/\/i0.wp.com\/noticiasribeiraopreto.com.br\/wp-content\/uploads\/2024\/07\/WhatsApp-Image-2024-07-05-at-11.23.19_2024-07-05_15-02-58_jpeg_2024-07-05_15-02-58.webp.webp?fit=1200%2C675&ssl=1&resize=525%2C300 1.5x, https:\/\/i0.wp.com\/noticiasribeiraopreto.com.br\/wp-content\/uploads\/2024\/07\/WhatsApp-Image-2024-07-05-at-11.23.19_2024-07-05_15-02-58_jpeg_2024-07-05_15-02-58.webp.webp?fit=1200%2C675&ssl=1&resize=700%2C400 2x, https:\/\/i0.wp.com\/noticiasribeiraopreto.com.br\/wp-content\/uploads\/2024\/07\/WhatsApp-Image-2024-07-05-at-11.23.19_2024-07-05_15-02-58_jpeg_2024-07-05_15-02-58.webp.webp?fit=1200%2C675&ssl=1&resize=1050%2C600 3x"},"classes":[]},{"id":55685,"url":"https:\/\/noticiasribeiraopreto.com.br\/index.php\/2024\/08\/05\/gregorio-duvivier-e-atracao-na-feira-do-livro-de-ribeirao-nesta-segunda-feira\/","url_meta":{"origin":75894,"position":1},"title":"Gregorio Duvivier \u00e9 atra\u00e7\u00e3o na Feira do Livro de Ribeir\u00e3o nesta segunda-feira","author":"noticiasribeiraopreto.com.br","date":"5 de August de 2024","format":false,"excerpt":"A 23\u00aa Feira Internacional do Livro de Ribeir\u00e3o Preto chega ao quinto dia nesta segunda-feira (5) e Gregorio Duvivier marca presen\u00e7a na programa\u00e7\u00e3o. O ator, apresentador, humorista, escritor, roteirista e poeta brasileiro abre um bate-papo sobre cotidianos po\u00e9ticos, obras e poesias. Duvivier ficou conhecido por seu trabalho no cinema e\u2026","rel":"","context":"In &quot;Not\u00edcias de Ribeir\u00e3o Preto-SP e Regi\u00e3o&quot;","block_context":{"text":"Not\u00edcias de Ribeir\u00e3o Preto-SP e Regi\u00e3o","link":"https:\/\/noticiasribeiraopreto.com.br\/index.php\/category\/noticias-de-ribeirao-preto-sp-e-regiao-ismael-colosi\/"},"img":{"alt_text":"","src":"https:\/\/i0.wp.com\/noticiasribeiraopreto.com.br\/wp-content\/uploads\/2024\/08\/Copia-de-Copia-de-TAMANHO-EXATO-PARA-FOTOS-NO-SISTEMA-NOVO-30_2024-08-05_14-20-15_jpg_2024-08-05_14-20-15.webp.webp?fit=1200%2C675&ssl=1&resize=350%2C200","width":350,"height":200,"srcset":"https:\/\/i0.wp.com\/noticiasribeiraopreto.com.br\/wp-content\/uploads\/2024\/08\/Copia-de-Copia-de-TAMANHO-EXATO-PARA-FOTOS-NO-SISTEMA-NOVO-30_2024-08-05_14-20-15_jpg_2024-08-05_14-20-15.webp.webp?fit=1200%2C675&ssl=1&resize=350%2C200 1x, https:\/\/i0.wp.com\/noticiasribeiraopreto.com.br\/wp-content\/uploads\/2024\/08\/Copia-de-Copia-de-TAMANHO-EXATO-PARA-FOTOS-NO-SISTEMA-NOVO-30_2024-08-05_14-20-15_jpg_2024-08-05_14-20-15.webp.webp?fit=1200%2C675&ssl=1&resize=525%2C300 1.5x, https:\/\/i0.wp.com\/noticiasribeiraopreto.com.br\/wp-content\/uploads\/2024\/08\/Copia-de-Copia-de-TAMANHO-EXATO-PARA-FOTOS-NO-SISTEMA-NOVO-30_2024-08-05_14-20-15_jpg_2024-08-05_14-20-15.webp.webp?fit=1200%2C675&ssl=1&resize=700%2C400 2x, https:\/\/i0.wp.com\/noticiasribeiraopreto.com.br\/wp-content\/uploads\/2024\/08\/Copia-de-Copia-de-TAMANHO-EXATO-PARA-FOTOS-NO-SISTEMA-NOVO-30_2024-08-05_14-20-15_jpg_2024-08-05_14-20-15.webp.webp?fit=1200%2C675&ssl=1&resize=1050%2C600 3x"},"classes":[]},{"id":75544,"url":"https:\/\/noticiasribeiraopreto.com.br\/index.php\/2025\/08\/11\/abertura-da-feira-do-livro-de-ribeirao-preto-conta-com-teatro-e-musica\/","url_meta":{"origin":75894,"position":2},"title":"Abertura da Feira do Livro de Ribeir\u00e3o Preto conta com teatro e m\u00fasica","author":"noticiasribeiraopreto.com.br","date":"11 de August de 2025","format":false,"excerpt":"A abertura 24\u00aa Feira Internacional do Livro de Ribeir\u00e3o Preto acontece na pr\u00f3xima sexta-feira (15), a partir das 19h30, na sala principal do Theatro Pedro II. \u00a0A noite ter\u00e1 m\u00fasica com o Coral Unaerp e um espet\u00e1culo dirigido por Gracyela Gitirana. Os convites para a abertura oficial da FIL podem\u2026","rel":"","context":"In &quot;Not\u00edcias de Ribeir\u00e3o Preto-SP e Regi\u00e3o&quot;","block_context":{"text":"Not\u00edcias de Ribeir\u00e3o Preto-SP e Regi\u00e3o","link":"https:\/\/noticiasribeiraopreto.com.br\/index.php\/category\/noticias-de-ribeirao-preto-sp-e-regiao-ismael-colosi\/"},"img":{"alt_text":"","src":"https:\/\/i0.wp.com\/noticiasribeiraopreto.com.br\/wp-content\/uploads\/2025\/08\/sesc-na-FIL_2024-08-01_14-36-39_jpeg_2024-08-01_14-36-39.webp.webp?fit=1200%2C800&ssl=1&resize=350%2C200","width":350,"height":200,"srcset":"https:\/\/i0.wp.com\/noticiasribeiraopreto.com.br\/wp-content\/uploads\/2025\/08\/sesc-na-FIL_2024-08-01_14-36-39_jpeg_2024-08-01_14-36-39.webp.webp?fit=1200%2C800&ssl=1&resize=350%2C200 1x, https:\/\/i0.wp.com\/noticiasribeiraopreto.com.br\/wp-content\/uploads\/2025\/08\/sesc-na-FIL_2024-08-01_14-36-39_jpeg_2024-08-01_14-36-39.webp.webp?fit=1200%2C800&ssl=1&resize=525%2C300 1.5x, https:\/\/i0.wp.com\/noticiasribeiraopreto.com.br\/wp-content\/uploads\/2025\/08\/sesc-na-FIL_2024-08-01_14-36-39_jpeg_2024-08-01_14-36-39.webp.webp?fit=1200%2C800&ssl=1&resize=700%2C400 2x, https:\/\/i0.wp.com\/noticiasribeiraopreto.com.br\/wp-content\/uploads\/2025\/08\/sesc-na-FIL_2024-08-01_14-36-39_jpeg_2024-08-01_14-36-39.webp.webp?fit=1200%2C800&ssl=1&resize=1050%2C600 3x"},"classes":[]},{"id":42296,"url":"https:\/\/noticiasribeiraopreto.com.br\/index.php\/2024\/03\/13\/artistas-podem-se-cadastrar-para-a-23a-feira-internacional-do-livro\/","url_meta":{"origin":75894,"position":3},"title":"Artistas podem se cadastrar para a 23\u00aa Feira Internacional do Livro","author":"noticiasribeiraopreto.com.br","date":"13 de March de 2024","format":false,"excerpt":"13 de mar\u00e7o de 2024 | 16:37 0A Funda\u00e7\u00e3o do Livro e Leitura, em parceria com a Secretaria da Cultura e Turismo de Ribeir\u00e3o Preto, ir\u00e1 selecionar artistas que tenham interesse em participar da programa\u00e7\u00e3o da 23\u00aa edi\u00e7\u00e3o da FIL \u2013 Feira Internacional do Livro de Ribeir\u00e3o Preto, que acontece\u2026","rel":"","context":"In &quot;Not\u00edcias de Ribeir\u00e3o Preto-SP e Regi\u00e3o&quot;","block_context":{"text":"Not\u00edcias de Ribeir\u00e3o Preto-SP e Regi\u00e3o","link":"https:\/\/noticiasribeiraopreto.com.br\/index.php\/category\/noticias-de-ribeirao-preto-sp-e-regiao-ismael-colosi\/"},"img":{"alt_text":"","src":"https:\/\/i0.wp.com\/noticiasribeiraopreto.com.br\/wp-content\/uploads\/2024\/03\/artistas_se_apresentam_durante_a_22_edicao_da_fil_em_2023_2-scaled.jpg?fit=967%2C645&ssl=1&resize=350%2C200","width":350,"height":200,"srcset":"https:\/\/i0.wp.com\/noticiasribeiraopreto.com.br\/wp-content\/uploads\/2024\/03\/artistas_se_apresentam_durante_a_22_edicao_da_fil_em_2023_2-scaled.jpg?fit=967%2C645&ssl=1&resize=350%2C200 1x, https:\/\/i0.wp.com\/noticiasribeiraopreto.com.br\/wp-content\/uploads\/2024\/03\/artistas_se_apresentam_durante_a_22_edicao_da_fil_em_2023_2-scaled.jpg?fit=967%2C645&ssl=1&resize=525%2C300 1.5x, https:\/\/i0.wp.com\/noticiasribeiraopreto.com.br\/wp-content\/uploads\/2024\/03\/artistas_se_apresentam_durante_a_22_edicao_da_fil_em_2023_2-scaled.jpg?fit=967%2C645&ssl=1&resize=700%2C400 2x"},"classes":[]},{"id":55461,"url":"https:\/\/noticiasribeiraopreto.com.br\/index.php\/2024\/08\/02\/veja-a-programacao-desta-sexta-feira-na-feira-do-livro-de-ribeirao-preto\/","url_meta":{"origin":75894,"position":4},"title":"Veja a programa\u00e7\u00e3o desta sexta-feira na Feira do Livro de Ribeir\u00e3o Preto","author":"noticiasribeiraopreto.com.br","date":"2 de August de 2024","format":false,"excerpt":"Esta sexta-feira (2), \u00e9 o segundo dia da\u00a023\u00aa Feira Internacional do Livro de Ribeir\u00e3o Preto, que segue at\u00e9 o dia 11 de agosto. A programa\u00e7\u00e3o oferece mais de\u00a0400 atividades gratuitas\u00a0no Centro de Ribeir\u00e3o Preto. \u00a0 O tema central da Feira este ano \u00e9: \u201cCotidianos po\u00e9ticos: Do \u00e9pico de Cam\u00f5es \u00e0s\u2026","rel":"","context":"In &quot;Not\u00edcias de Ribeir\u00e3o Preto-SP e Regi\u00e3o&quot;","block_context":{"text":"Not\u00edcias de Ribeir\u00e3o Preto-SP e Regi\u00e3o","link":"https:\/\/noticiasribeiraopreto.com.br\/index.php\/category\/noticias-de-ribeirao-preto-sp-e-regiao-ismael-colosi\/"},"img":{"alt_text":"","src":"https:\/\/i0.wp.com\/noticiasribeiraopreto.com.br\/wp-content\/uploads\/2024\/08\/sesc-na-FIL_2024-08-01_14-36-39_jpeg_2024-08-01_14-36-39.webp.webp?fit=1200%2C800&ssl=1&resize=350%2C200","width":350,"height":200,"srcset":"https:\/\/i0.wp.com\/noticiasribeiraopreto.com.br\/wp-content\/uploads\/2024\/08\/sesc-na-FIL_2024-08-01_14-36-39_jpeg_2024-08-01_14-36-39.webp.webp?fit=1200%2C800&ssl=1&resize=350%2C200 1x, https:\/\/i0.wp.com\/noticiasribeiraopreto.com.br\/wp-content\/uploads\/2024\/08\/sesc-na-FIL_2024-08-01_14-36-39_jpeg_2024-08-01_14-36-39.webp.webp?fit=1200%2C800&ssl=1&resize=525%2C300 1.5x, https:\/\/i0.wp.com\/noticiasribeiraopreto.com.br\/wp-content\/uploads\/2024\/08\/sesc-na-FIL_2024-08-01_14-36-39_jpeg_2024-08-01_14-36-39.webp.webp?fit=1200%2C800&ssl=1&resize=700%2C400 2x, https:\/\/i0.wp.com\/noticiasribeiraopreto.com.br\/wp-content\/uploads\/2024\/08\/sesc-na-FIL_2024-08-01_14-36-39_jpeg_2024-08-01_14-36-39.webp.webp?fit=1200%2C800&ssl=1&resize=1050%2C600 3x"},"classes":[]},{"id":55352,"url":"https:\/\/noticiasribeiraopreto.com.br\/index.php\/2024\/08\/01\/veja-a-programacao-do-primeiro-dia-da-feira-do-livro-de-ribeirao-preto\/","url_meta":{"origin":75894,"position":5},"title":"Veja a programa\u00e7\u00e3o do primeiro dia da Feira do Livro de Ribeir\u00e3o Preto","author":"noticiasribeiraopreto.com.br","date":"1 de August de 2024","format":false,"excerpt":"A 23\u00aa edi\u00e7\u00e3o da Feira Internacional do Livro de Ribeir\u00e3o Preto inicia nesta quinta-feira (1\u00ba de agosto) e segue at\u00e9 o dia 11 de agosto, com uma programa\u00e7\u00e3o com mais de 400 atividades gratuitas que acontecem principalmente na Pra\u00e7a XV, Esplanada do Theatro Pedro II e o no Theatro Pedro\u2026","rel":"","context":"In &quot;Not\u00edcias de Ribeir\u00e3o Preto-SP e Regi\u00e3o&quot;","block_context":{"text":"Not\u00edcias de Ribeir\u00e3o Preto-SP e Regi\u00e3o","link":"https:\/\/noticiasribeiraopreto.com.br\/index.php\/category\/noticias-de-ribeirao-preto-sp-e-regiao-ismael-colosi\/"},"img":{"alt_text":"","src":"https:\/\/i0.wp.com\/noticiasribeiraopreto.com.br\/wp-content\/uploads\/2024\/08\/Copia-de-Copia-de-TAMANHO-EXATO-PARA-FOTOS-NO-SISTEMA-NOVO-20_2024-07-31_11-31-49_jpg_2024-07-31_11-31-49.webp.webp?fit=1200%2C675&ssl=1&resize=350%2C200","width":350,"height":200,"srcset":"https:\/\/i0.wp.com\/noticiasribeiraopreto.com.br\/wp-content\/uploads\/2024\/08\/Copia-de-Copia-de-TAMANHO-EXATO-PARA-FOTOS-NO-SISTEMA-NOVO-20_2024-07-31_11-31-49_jpg_2024-07-31_11-31-49.webp.webp?fit=1200%2C675&ssl=1&resize=350%2C200 1x, https:\/\/i0.wp.com\/noticiasribeiraopreto.com.br\/wp-content\/uploads\/2024\/08\/Copia-de-Copia-de-TAMANHO-EXATO-PARA-FOTOS-NO-SISTEMA-NOVO-20_2024-07-31_11-31-49_jpg_2024-07-31_11-31-49.webp.webp?fit=1200%2C675&ssl=1&resize=525%2C300 1.5x, https:\/\/i0.wp.com\/noticiasribeiraopreto.com.br\/wp-content\/uploads\/2024\/08\/Copia-de-Copia-de-TAMANHO-EXATO-PARA-FOTOS-NO-SISTEMA-NOVO-20_2024-07-31_11-31-49_jpg_2024-07-31_11-31-49.webp.webp?fit=1200%2C675&ssl=1&resize=700%2C400 2x, https:\/\/i0.wp.com\/noticiasribeiraopreto.com.br\/wp-content\/uploads\/2024\/08\/Copia-de-Copia-de-TAMANHO-EXATO-PARA-FOTOS-NO-SISTEMA-NOVO-20_2024-07-31_11-31-49_jpg_2024-07-31_11-31-49.webp.webp?fit=1200%2C675&ssl=1&resize=1050%2C600 3x"},"classes":[]}],"jetpack_sharing_enabled":true,"jetpack_shortlink":"https:\/\/wp.me\/peQAOb-jK6","_links":{"self":[{"href":"https:\/\/noticiasribeiraopreto.com.br\/index.php\/wp-json\/wp\/v2\/posts\/75894","targetHints":{"allow":["GET"]}}],"collection":[{"href":"https:\/\/noticiasribeiraopreto.com.br\/index.php\/wp-json\/wp\/v2\/posts"}],"about":[{"href":"https:\/\/noticiasribeiraopreto.com.br\/index.php\/wp-json\/wp\/v2\/types\/post"}],"author":[{"embeddable":true,"href":"https:\/\/noticiasribeiraopreto.com.br\/index.php\/wp-json\/wp\/v2\/users\/1"}],"replies":[{"embeddable":true,"href":"https:\/\/noticiasribeiraopreto.com.br\/index.php\/wp-json\/wp\/v2\/comments?post=75894"}],"version-history":[{"count":0,"href":"https:\/\/noticiasribeiraopreto.com.br\/index.php\/wp-json\/wp\/v2\/posts\/75894\/revisions"}],"wp:featuredmedia":[{"embeddable":true,"href":"https:\/\/noticiasribeiraopreto.com.br\/index.php\/wp-json\/wp\/v2\/media\/75895"}],"wp:attachment":[{"href":"https:\/\/noticiasribeiraopreto.com.br\/index.php\/wp-json\/wp\/v2\/media?parent=75894"}],"wp:term":[{"taxonomy":"category","embeddable":true,"href":"https:\/\/noticiasribeiraopreto.com.br\/index.php\/wp-json\/wp\/v2\/categories?post=75894"},{"taxonomy":"post_tag","embeddable":true,"href":"https:\/\/noticiasribeiraopreto.com.br\/index.php\/wp-json\/wp\/v2\/tags?post=75894"}],"curies":[{"name":"wp","href":"https:\/\/api.w.org\/{rel}","templated":true}]}}