{"id":75896,"date":"2025-08-18T09:16:07","date_gmt":"2025-08-18T12:16:07","guid":{"rendered":"https:\/\/noticiasribeiraopreto.com.br\/index.php\/2025\/08\/18\/medica-e-uma-das-vitimas-de-grave-acidente-prefeitura-decreta-luto\/"},"modified":"2025-08-18T09:16:07","modified_gmt":"2025-08-18T12:16:07","slug":"medica-e-uma-das-vitimas-de-grave-acidente-prefeitura-decreta-luto","status":"publish","type":"post","link":"https:\/\/noticiasribeiraopreto.com.br\/index.php\/2025\/08\/18\/medica-e-uma-das-vitimas-de-grave-acidente-prefeitura-decreta-luto\/","title":{"rendered":"M\u00e9dica \u00e9 uma das v\u00edtimas de grave acidente; Prefeitura decreta luto"},"content":{"rendered":"<div class='code-block code-block-1' style='margin: 8px 0 8px auto; text-align: right; display: block; clear: both;'>\n<p><a href=\"https:\/\/wa.link\/vpicfd\"><img data-recalc-dims=\"1\" class=\"wp-image-4922\" style=\"aspect-ratio: 2.0253164556962027; width: 561px; height: auto;\" src=\"https:\/\/i0.wp.com\/ismaelcolosi.com.br\/wp-content\/uploads\/2023\/11\/grupo-de-empregos-whatsapp-e-facebook-ismael-colosi-vagas.jpg?ssl=1\" alt=\"\" \/><\/a><\/p>\n<!-- \/wp:image -->\n<\/div>\n<p> <br \/>\n<\/p>\n<div>\n<p><strong>A m\u00e9dica Maria Vit\u00f3ria Ferrari Marques Nogueira, de 35 anos, \u00e9 uma das v\u00edtimas da batida que envolveu dois carros neste domingo (17), na rodovia vicinal Professor Orlando Diniz Junqueira, entre Morro Agudo e Viradouro, na regi\u00e3o de Ribeir\u00e3o Preto. <\/strong>Outras <strong>duas pessoas <\/strong>tamb\u00e9m <strong>perderam a vida<\/strong>.<\/p>\n<p>Maria Vit\u00f3ria estava em Toyota Corolla preto, que pegou fogo depois da colis\u00e3o. J\u00e1 as outras v\u00edtimas, Geraldo Pereira Barbosa, de 43 anos, e Caique Santos da Silva, de 17 anos, que seriam tio e sobrinho, respectivamente, estavam em um Chevrolet Onix prata.<\/p>\n<p>Segundo o boletim de ocorr\u00eancia (BO), os carros bateram frontalmente e as causas ainda dever\u00e3o ser apuradas.<\/p>\n<h2 class=\"wp-block-heading\"><strong>Luto oficial<\/strong><\/h2>\n<p>A Prefeitura Municipal de Morro Agudo decretou luto oficial de tr\u00eas dias pela morte da m\u00e9dica Maria Vit\u00f3ria Ferrari Marques Nogueira. A profissional atuava na rede municipal de sa\u00fade.<\/p>\n<p>A UBS (Unidade B\u00e1sica de Sa\u00fade) Mariano Ant\u00f4nio de Figueiredo suspendeu os atendimentos nesta segunda-feira (18), de acordo com prefeitura.<\/p>\n<p>Leia a nota na \u00edntegra:<\/p>\n<p>\u201c<em>A Prefeitura Municipal de Morro Agudo manifesta profundo pesar pelo falecimento da m\u00e9dica Maria Vit\u00f3ria Ferrari, ocorrido na tarde deste domingo (17). Reconhecida pela dedica\u00e7\u00e3o e humanidade no exerc\u00edcio da profiss\u00e3o, Maria Vit\u00f3ria atuava na rede municipal de sa\u00fade, contribuindo de forma significativa para o cuidado e bem-estar da popula\u00e7\u00e3o. Em respeito \u00e0 sua mem\u00f3ria, a UBS Mariano Ant\u00f4nio de Figueiredo n\u00e3o ter\u00e1 atendimento nesta segunda-feira, 18 de agosto. A Prefeitura Municipal decretou luto oficial de tr\u00eas dias no munic\u00edpio. A Administra\u00e7\u00e3o Municipal expressa respeito e solidariedade aos familiares, amigos, colegas de profiss\u00e3o e toda a comunidade que conviveu com a Dra. Maria Vit\u00f3ria Ferrari, reconhecendo sua import\u00e2ncia e legado para a sa\u00fade de Morro Agudo<\/em>.\u201d<\/p>\n<p>SAIBA MAIS<\/p>\n<p>Batida entre dois carros deixa tr\u00eas mortos na regi\u00e3o de Ribeir\u00e3o Preto<\/p>\n<h2 class=\"wp-block-heading\"><strong>FIQUE ON<\/strong><\/h2>\n<p>Fique ligado em tudo que acontece em Ribeir\u00e3o Preto e regi\u00e3o. Siga os perfis do\u00a0<strong>acidade on\u00a0<\/strong>no<a href=\"https:\/\/www.instagram.com\/acidadeonribeirao\" target=\"_blank\" rel=\"noreferrer noopener\">\u00a0Instagram<\/a>\u00a0e no\u00a0<a href=\"https:\/\/www.facebook.com\/acidadeonribeirao\/\" target=\"_blank\" rel=\"noreferrer noopener\">Facebook<\/a>.<\/p>\n<p>Receba not\u00edcias do\u00a0<strong>acidade on<\/strong>\u00a0no WhatsApp.\u00a0<a href=\"https:\/\/chat.whatsapp.com\/I4nieTEMKlf50pJ28aMemC?mode=ac_t\" target=\"_blank\" rel=\"noreferrer noopener\">Para entrar no grupo, basta clicar aqui.<\/a><\/p>\n<p>Fa\u00e7a uma den\u00fancia ou sugira uma reportagem sobre Ribeir\u00e3o Preto e regi\u00e3o pelo WhatsApp: 16 99117 7802.<\/p>\n<p>VEJA TAMB\u00c9M<\/p>\n<p>Lady Gaga vai voltar ao Brasil?<\/p>\n<p><!-- AI CONTENT END 1 -->\n<\/div>\n<p><script async src=\"\/\/www.instagram.com\/embed.js\"><\/script><br \/>\n<br \/><br \/>\n<br \/><a href=\"https:\/\/www.acidadeon.com\/ribeiraopreto\/cotidiano\/medica-e-uma-das-vitimas-de-grave-acidente-prefeitura-decreta-luto\/\">Source link <\/a><\/p>\n<!-- CONTENT END 1 -->\n","protected":false},"excerpt":{"rendered":"<p>A m\u00e9dica Maria Vit\u00f3ria Ferrari Marques Nogueira, de 35 anos, \u00e9 uma das v\u00edtimas da batida que envolveu dois carros neste domingo (17), na rodovia&#8230;<\/p>\n","protected":false},"author":1,"featured_media":75897,"comment_status":"open","ping_status":"open","sticky":false,"template":"","format":"standard","meta":{"advanced_seo_description":"","jetpack_seo_html_title":"","jetpack_seo_noindex":false,"jetpack_post_was_ever_published":false,"_jetpack_newsletter_access":"","_jetpack_dont_email_post_to_subs":false,"_jetpack_newsletter_tier_id":0,"_jetpack_memberships_contains_paywalled_content":false,"_jetpack_memberships_contains_paid_content":false,"footnotes":"","jetpack_publicize_message":"","jetpack_publicize_feature_enabled":true,"jetpack_social_post_already_shared":true,"jetpack_social_options":{"image_generator_settings":{"template":"highway","default_image_id":0,"font":"","enabled":false},"version":2}},"categories":[11],"tags":[],"class_list":["post-75896","post","type-post","status-publish","format-standard","has-post-thumbnail","hentry","category-noticias-de-ribeirao-preto-sp-e-regiao-ismael-colosi"],"jetpack_publicize_connections":[],"jetpack_featured_media_url":"https:\/\/i0.wp.com\/noticiasribeiraopreto.com.br\/wp-content\/uploads\/2025\/08\/WhatsApp-Image-2025-08-18-at-07.17.19_2025-08-18_10-19-45.webp.webp?fit=1200%2C675&ssl=1","jetpack-related-posts":[{"id":75898,"url":"https:\/\/noticiasribeiraopreto.com.br\/index.php\/2025\/08\/18\/batida-entre-dois-carros-deixa-tres-mortos-na-regiao-de-ribeirao-preto\/","url_meta":{"origin":75896,"position":0},"title":"Batida entre dois carros deixa tr\u00eas mortos na regi\u00e3o de Ribeir\u00e3o Preto","author":"noticiasribeiraopreto.com.br","date":"18 de August de 2025","format":false,"excerpt":"Tr\u00eas pessoas morreram na tarde deste domingo (17), depois da batida entre dois carros na vicinal Professor Orlando Diniz Junqueira, entre Morro Agudo e Viradouro, na regi\u00e3o de Ribeir\u00e3o Preto. Segundo o boletim de ocorr\u00eancia (BO), as v\u00edtimas foram identificadas como Maria Vit\u00f3ria Ferrari Marques Nogueira, m\u00e9dica de 35 anos,\u2026","rel":"","context":"In &quot;Not\u00edcias de Ribeir\u00e3o Preto-SP e Regi\u00e3o&quot;","block_context":{"text":"Not\u00edcias de Ribeir\u00e3o Preto-SP e Regi\u00e3o","link":"https:\/\/noticiasribeiraopreto.com.br\/index.php\/category\/noticias-de-ribeirao-preto-sp-e-regiao-ismael-colosi\/"},"img":{"alt_text":"","src":"https:\/\/i0.wp.com\/noticiasribeiraopreto.com.br\/wp-content\/uploads\/2025\/08\/WhatsApp-Image-2025-08-18-at-06.55.23_2025-08-18_10-13-43.webp.webp?fit=1200%2C675&ssl=1&resize=350%2C200","width":350,"height":200,"srcset":"https:\/\/i0.wp.com\/noticiasribeiraopreto.com.br\/wp-content\/uploads\/2025\/08\/WhatsApp-Image-2025-08-18-at-06.55.23_2025-08-18_10-13-43.webp.webp?fit=1200%2C675&ssl=1&resize=350%2C200 1x, https:\/\/i0.wp.com\/noticiasribeiraopreto.com.br\/wp-content\/uploads\/2025\/08\/WhatsApp-Image-2025-08-18-at-06.55.23_2025-08-18_10-13-43.webp.webp?fit=1200%2C675&ssl=1&resize=525%2C300 1.5x, https:\/\/i0.wp.com\/noticiasribeiraopreto.com.br\/wp-content\/uploads\/2025\/08\/WhatsApp-Image-2025-08-18-at-06.55.23_2025-08-18_10-13-43.webp.webp?fit=1200%2C675&ssl=1&resize=700%2C400 2x, https:\/\/i0.wp.com\/noticiasribeiraopreto.com.br\/wp-content\/uploads\/2025\/08\/WhatsApp-Image-2025-08-18-at-06.55.23_2025-08-18_10-13-43.webp.webp?fit=1200%2C675&ssl=1&resize=1050%2C600 3x"},"classes":[]},{"id":56162,"url":"https:\/\/noticiasribeiraopreto.com.br\/index.php\/2024\/08\/10\/medica-que-morreu-em-queda-de-aviao-em-vinhedo-atuou-na-rede-municipal-de-ribeirao-preto\/","url_meta":{"origin":75896,"position":1},"title":"M\u00e9dica que morreu em queda de avi\u00e3o em Vinhedo atuou na rede municipal de Ribeir\u00e3o Preto","author":"noticiasribeiraopreto.com.br","date":"10 de August de 2024","format":false,"excerpt":"A m\u00e9dica pediatra Sarah Sella Langer, que morreu na queda do avi\u00e3o da Voepass, em Vinhedo, no interior de S\u00e3o Paulo, na \u00faltima sexta-feira (9), atuou na rede municipal de Sa\u00fade de Ribeir\u00e3o Preto entre os anos de 2017 e 2021. A pediatra era natural de Cascavel, no Paran\u00e1. Sarah\u2026","rel":"","context":"In &quot;Not\u00edcias de Ribeir\u00e3o Preto-SP e Regi\u00e3o&quot;","block_context":{"text":"Not\u00edcias de Ribeir\u00e3o Preto-SP e Regi\u00e3o","link":"https:\/\/noticiasribeiraopreto.com.br\/index.php\/category\/noticias-de-ribeirao-preto-sp-e-regiao-ismael-colosi\/"},"img":{"alt_text":"","src":"https:\/\/i0.wp.com\/noticiasribeiraopreto.com.br\/wp-content\/uploads\/2024\/08\/Copia-de-Copia-de-TAMANHO-EXATO-PARA-FOTOS-NO-SISTEMA-NOVO-41_2024-08-10_14-39-38_jpg_2024-08-10_14-39-38.webp.webp?fit=1200%2C675&ssl=1&resize=350%2C200","width":350,"height":200,"srcset":"https:\/\/i0.wp.com\/noticiasribeiraopreto.com.br\/wp-content\/uploads\/2024\/08\/Copia-de-Copia-de-TAMANHO-EXATO-PARA-FOTOS-NO-SISTEMA-NOVO-41_2024-08-10_14-39-38_jpg_2024-08-10_14-39-38.webp.webp?fit=1200%2C675&ssl=1&resize=350%2C200 1x, https:\/\/i0.wp.com\/noticiasribeiraopreto.com.br\/wp-content\/uploads\/2024\/08\/Copia-de-Copia-de-TAMANHO-EXATO-PARA-FOTOS-NO-SISTEMA-NOVO-41_2024-08-10_14-39-38_jpg_2024-08-10_14-39-38.webp.webp?fit=1200%2C675&ssl=1&resize=525%2C300 1.5x, https:\/\/i0.wp.com\/noticiasribeiraopreto.com.br\/wp-content\/uploads\/2024\/08\/Copia-de-Copia-de-TAMANHO-EXATO-PARA-FOTOS-NO-SISTEMA-NOVO-41_2024-08-10_14-39-38_jpg_2024-08-10_14-39-38.webp.webp?fit=1200%2C675&ssl=1&resize=700%2C400 2x, https:\/\/i0.wp.com\/noticiasribeiraopreto.com.br\/wp-content\/uploads\/2024\/08\/Copia-de-Copia-de-TAMANHO-EXATO-PARA-FOTOS-NO-SISTEMA-NOVO-41_2024-08-10_14-39-38_jpg_2024-08-10_14-39-38.webp.webp?fit=1200%2C675&ssl=1&resize=1050%2C600 3x"},"classes":[]},{"id":5352,"url":"https:\/\/noticiasribeiraopreto.com.br\/index.php\/2023\/11\/23\/quem-sao-pai-mae-e-filha-que-perderam-a-vida-em-grave-acidente-entre-varios-veiculos-na-br-153\/","url_meta":{"origin":75896,"position":2},"title":"Quem s\u00e3o pai, m\u00e3e e filha que perderam a vida em grave acidente entre v\u00e1rios ve\u00edculos na BR-153","author":"noticiasribeiraopreto.com.br","date":"23 de November de 2023","format":false,"excerpt":"Nesta \u00faltima quarta-feira, dia 22 de novembro, uma fam\u00edlia morreu ap\u00f3s ter sofrido um grave acidente envolvendo v\u00e1rios ve\u00edculos na BR-153. O caso aconteceu entre as regi\u00f5es de General Carneiro e Uni\u00e3o Vit\u00f3ria, no sul do Paran\u00e1.A colis\u00e3o envolveu uma carreta bi-trem, dois caminh\u00f5es e um autom\u00f3vel. Infelizmente, as tr\u00eas\u2026","rel":"","context":"In &quot;Blog&quot;","block_context":{"text":"Blog","link":"https:\/\/noticiasribeiraopreto.com.br\/index.php\/category\/blog\/"},"img":{"alt_text":"","src":"https:\/\/i0.wp.com\/noticiasribeiraopreto.com.br\/wp-content\/uploads\/2023\/11\/postimg-655f78ebc5dda1386.jpg?fit=1200%2C628&ssl=1&resize=350%2C200","width":350,"height":200,"srcset":"https:\/\/i0.wp.com\/noticiasribeiraopreto.com.br\/wp-content\/uploads\/2023\/11\/postimg-655f78ebc5dda1386.jpg?fit=1200%2C628&ssl=1&resize=350%2C200 1x, https:\/\/i0.wp.com\/noticiasribeiraopreto.com.br\/wp-content\/uploads\/2023\/11\/postimg-655f78ebc5dda1386.jpg?fit=1200%2C628&ssl=1&resize=525%2C300 1.5x, https:\/\/i0.wp.com\/noticiasribeiraopreto.com.br\/wp-content\/uploads\/2023\/11\/postimg-655f78ebc5dda1386.jpg?fit=1200%2C628&ssl=1&resize=700%2C400 2x, https:\/\/i0.wp.com\/noticiasribeiraopreto.com.br\/wp-content\/uploads\/2023\/11\/postimg-655f78ebc5dda1386.jpg?fit=1200%2C628&ssl=1&resize=1050%2C600 3x"},"classes":[]},{"id":63229,"url":"https:\/\/noticiasribeiraopreto.com.br\/index.php\/2025\/02\/06\/ribeirao-preto-decreta-luto-oficial-por-morte-de-jovem-em-igreja-na-bahia\/","url_meta":{"origin":75896,"position":3},"title":"Ribeir\u00e3o Preto decreta luto oficial por morte de jovem em igreja na Bahia","author":"noticiasribeiraopreto.com.br","date":"6 de February de 2025","format":false,"excerpt":"O prefeito de Ribeir\u00e3o Preto, Ricardo Silva (PSD), decretou luto oficial por tr\u00eas dias em raz\u00e3o da morte de Giulia Panchoni Righetto, de apenas 26 anos, no desabamento do teto de uma igreja em Salvador, na Bahia, na \u00faltima quarta-feira (5). Giulia era filha do servidor municipal, Gilmar Righetto, fiscal\u2026","rel":"","context":"In &quot;Not\u00edcias de Ribeir\u00e3o Preto-SP e Regi\u00e3o&quot;","block_context":{"text":"Not\u00edcias de Ribeir\u00e3o Preto-SP e Regi\u00e3o","link":"https:\/\/noticiasribeiraopreto.com.br\/index.php\/category\/noticias-de-ribeirao-preto-sp-e-regiao-ismael-colosi\/"},"img":{"alt_text":"","src":"https:\/\/i0.wp.com\/noticiasribeiraopreto.com.br\/wp-content\/uploads\/2025\/02\/Copia-de-Copia-de-Copia-de-TAMANHO-EXATO-PARA-FOTOS-NO-SISTEMA-NOVO-2025-02-05T185024.411_2025-02-05_21-53-00_png_2025-02-05_21-53-00.webp.webp?fit=1200%2C675&ssl=1&resize=350%2C200","width":350,"height":200,"srcset":"https:\/\/i0.wp.com\/noticiasribeiraopreto.com.br\/wp-content\/uploads\/2025\/02\/Copia-de-Copia-de-Copia-de-TAMANHO-EXATO-PARA-FOTOS-NO-SISTEMA-NOVO-2025-02-05T185024.411_2025-02-05_21-53-00_png_2025-02-05_21-53-00.webp.webp?fit=1200%2C675&ssl=1&resize=350%2C200 1x, https:\/\/i0.wp.com\/noticiasribeiraopreto.com.br\/wp-content\/uploads\/2025\/02\/Copia-de-Copia-de-Copia-de-TAMANHO-EXATO-PARA-FOTOS-NO-SISTEMA-NOVO-2025-02-05T185024.411_2025-02-05_21-53-00_png_2025-02-05_21-53-00.webp.webp?fit=1200%2C675&ssl=1&resize=525%2C300 1.5x, https:\/\/i0.wp.com\/noticiasribeiraopreto.com.br\/wp-content\/uploads\/2025\/02\/Copia-de-Copia-de-Copia-de-TAMANHO-EXATO-PARA-FOTOS-NO-SISTEMA-NOVO-2025-02-05T185024.411_2025-02-05_21-53-00_png_2025-02-05_21-53-00.webp.webp?fit=1200%2C675&ssl=1&resize=700%2C400 2x, https:\/\/i0.wp.com\/noticiasribeiraopreto.com.br\/wp-content\/uploads\/2025\/02\/Copia-de-Copia-de-Copia-de-TAMANHO-EXATO-PARA-FOTOS-NO-SISTEMA-NOVO-2025-02-05T185024.411_2025-02-05_21-53-00_png_2025-02-05_21-53-00.webp.webp?fit=1200%2C675&ssl=1&resize=1050%2C600 3x"},"classes":[]},{"id":81047,"url":"https:\/\/noticiasribeiraopreto.com.br\/index.php\/2025\/12\/22\/carro-bate-em-arvore-e-deixa-dois-mortos-e-tres-feridos-em-rodovia\/","url_meta":{"origin":75896,"position":4},"title":"Carro bate em \u00e1rvore e deixa dois mortos e tr\u00eas feridos em rodovia","author":"noticiasribeiraopreto.com.br","date":"22 de December de 2025","format":false,"excerpt":"Duas pessoas morreram e outras tr\u00eas ficaram feridas \u2013 uma em estado grave \u2013 na noite deste s\u00e1bado (20), ap\u00f3s o carro em que elas estavam bater contra uma \u00e1rvore na rodovia Altino Arantes (SP-351), entre Morro Agudo e Orl\u00e2ndia, na regi\u00e3o de Ribeir\u00e3o Preto. Segundo informa\u00e7\u00f5es da pol\u00edcia, as\u2026","rel":"","context":"In &quot;Not\u00edcias de Ribeir\u00e3o Preto-SP e Regi\u00e3o&quot;","block_context":{"text":"Not\u00edcias de Ribeir\u00e3o Preto-SP e Regi\u00e3o","link":"https:\/\/noticiasribeiraopreto.com.br\/index.php\/category\/noticias-de-ribeirao-preto-sp-e-regiao-ismael-colosi\/"},"img":{"alt_text":"","src":"https:\/\/i0.wp.com\/noticiasribeiraopreto.com.br\/wp-content\/uploads\/2025\/12\/CARRO_2025-12-21_13-49-19.webp.webp?fit=1200%2C877&ssl=1&resize=350%2C200","width":350,"height":200,"srcset":"https:\/\/i0.wp.com\/noticiasribeiraopreto.com.br\/wp-content\/uploads\/2025\/12\/CARRO_2025-12-21_13-49-19.webp.webp?fit=1200%2C877&ssl=1&resize=350%2C200 1x, https:\/\/i0.wp.com\/noticiasribeiraopreto.com.br\/wp-content\/uploads\/2025\/12\/CARRO_2025-12-21_13-49-19.webp.webp?fit=1200%2C877&ssl=1&resize=525%2C300 1.5x, https:\/\/i0.wp.com\/noticiasribeiraopreto.com.br\/wp-content\/uploads\/2025\/12\/CARRO_2025-12-21_13-49-19.webp.webp?fit=1200%2C877&ssl=1&resize=700%2C400 2x, https:\/\/i0.wp.com\/noticiasribeiraopreto.com.br\/wp-content\/uploads\/2025\/12\/CARRO_2025-12-21_13-49-19.webp.webp?fit=1200%2C877&ssl=1&resize=1050%2C600 3x"},"classes":[]},{"id":61286,"url":"https:\/\/noticiasribeiraopreto.com.br\/index.php\/2024\/12\/08\/motorista-morre-apos-capotar-carro-em-rodovia-na-regiao-de-ribeirao-preto\/","url_meta":{"origin":75896,"position":5},"title":"Motorista morre ap\u00f3s capotar carro em rodovia na regi\u00e3o de Ribeir\u00e3o Preto","author":"noticiasribeiraopreto.com.br","date":"8 de December de 2024","format":false,"excerpt":"Um motorista de 40 anos morreu ap\u00f3s capotar o ve\u00edculo na rodovia vicinal Jos\u00e9 Jorge Diniz Junqueira, que liga as cidades de Morro Agudo a S\u00e3o Joaquim da Barra, regi\u00e3o de Ribeir\u00e3o Preto, na tarde deste domingo (8). De acordo com a Pol\u00edcia Militar (PM), o condutor seguia pela via,\u2026","rel":"","context":"In &quot;Not\u00edcias de Ribeir\u00e3o Preto-SP e Regi\u00e3o&quot;","block_context":{"text":"Not\u00edcias de Ribeir\u00e3o Preto-SP e Regi\u00e3o","link":"https:\/\/noticiasribeiraopreto.com.br\/index.php\/category\/noticias-de-ribeirao-preto-sp-e-regiao-ismael-colosi\/"},"img":{"alt_text":"","src":"https:\/\/i0.wp.com\/noticiasribeiraopreto.com.br\/wp-content\/uploads\/2024\/12\/Copia-de-Copia-de-Copia-de-TAMANHO-EXATO-PARA-FOTOS-NO-SISTEMA-NOVO-2024-12-08T162648.263_2024-12-08_19-27-19_png_2024-12-08_19-27-19.webp.webp?fit=1200%2C675&ssl=1&resize=350%2C200","width":350,"height":200,"srcset":"https:\/\/i0.wp.com\/noticiasribeiraopreto.com.br\/wp-content\/uploads\/2024\/12\/Copia-de-Copia-de-Copia-de-TAMANHO-EXATO-PARA-FOTOS-NO-SISTEMA-NOVO-2024-12-08T162648.263_2024-12-08_19-27-19_png_2024-12-08_19-27-19.webp.webp?fit=1200%2C675&ssl=1&resize=350%2C200 1x, https:\/\/i0.wp.com\/noticiasribeiraopreto.com.br\/wp-content\/uploads\/2024\/12\/Copia-de-Copia-de-Copia-de-TAMANHO-EXATO-PARA-FOTOS-NO-SISTEMA-NOVO-2024-12-08T162648.263_2024-12-08_19-27-19_png_2024-12-08_19-27-19.webp.webp?fit=1200%2C675&ssl=1&resize=525%2C300 1.5x, https:\/\/i0.wp.com\/noticiasribeiraopreto.com.br\/wp-content\/uploads\/2024\/12\/Copia-de-Copia-de-Copia-de-TAMANHO-EXATO-PARA-FOTOS-NO-SISTEMA-NOVO-2024-12-08T162648.263_2024-12-08_19-27-19_png_2024-12-08_19-27-19.webp.webp?fit=1200%2C675&ssl=1&resize=700%2C400 2x, https:\/\/i0.wp.com\/noticiasribeiraopreto.com.br\/wp-content\/uploads\/2024\/12\/Copia-de-Copia-de-Copia-de-TAMANHO-EXATO-PARA-FOTOS-NO-SISTEMA-NOVO-2024-12-08T162648.263_2024-12-08_19-27-19_png_2024-12-08_19-27-19.webp.webp?fit=1200%2C675&ssl=1&resize=1050%2C600 3x"},"classes":[]}],"jetpack_sharing_enabled":true,"jetpack_shortlink":"https:\/\/wp.me\/peQAOb-jK8","_links":{"self":[{"href":"https:\/\/noticiasribeiraopreto.com.br\/index.php\/wp-json\/wp\/v2\/posts\/75896","targetHints":{"allow":["GET"]}}],"collection":[{"href":"https:\/\/noticiasribeiraopreto.com.br\/index.php\/wp-json\/wp\/v2\/posts"}],"about":[{"href":"https:\/\/noticiasribeiraopreto.com.br\/index.php\/wp-json\/wp\/v2\/types\/post"}],"author":[{"embeddable":true,"href":"https:\/\/noticiasribeiraopreto.com.br\/index.php\/wp-json\/wp\/v2\/users\/1"}],"replies":[{"embeddable":true,"href":"https:\/\/noticiasribeiraopreto.com.br\/index.php\/wp-json\/wp\/v2\/comments?post=75896"}],"version-history":[{"count":0,"href":"https:\/\/noticiasribeiraopreto.com.br\/index.php\/wp-json\/wp\/v2\/posts\/75896\/revisions"}],"wp:featuredmedia":[{"embeddable":true,"href":"https:\/\/noticiasribeiraopreto.com.br\/index.php\/wp-json\/wp\/v2\/media\/75897"}],"wp:attachment":[{"href":"https:\/\/noticiasribeiraopreto.com.br\/index.php\/wp-json\/wp\/v2\/media?parent=75896"}],"wp:term":[{"taxonomy":"category","embeddable":true,"href":"https:\/\/noticiasribeiraopreto.com.br\/index.php\/wp-json\/wp\/v2\/categories?post=75896"},{"taxonomy":"post_tag","embeddable":true,"href":"https:\/\/noticiasribeiraopreto.com.br\/index.php\/wp-json\/wp\/v2\/tags?post=75896"}],"curies":[{"name":"wp","href":"https:\/\/api.w.org\/{rel}","templated":true}]}}