{"id":759,"date":"2023-11-09T09:42:21","date_gmt":"2023-11-09T12:42:21","guid":{"rendered":"https:\/\/noticiasribeiraopreto.com.br\/index.php\/2023\/11\/09\/republica\/"},"modified":"2023-11-09T09:42:21","modified_gmt":"2023-11-09T12:42:21","slug":"republica","status":"publish","type":"post","link":"https:\/\/noticiasribeiraopreto.com.br\/index.php\/2023\/11\/09\/republica\/","title":{"rendered":"Rep\u00fablica\u00a0"},"content":{"rendered":"<div class='code-block code-block-1' style='margin: 8px 0 8px auto; text-align: right; display: block; clear: both;'>\n<p><a href=\"https:\/\/wa.link\/vpicfd\"><img data-recalc-dims=\"1\" class=\"wp-image-4922\" style=\"aspect-ratio: 2.0253164556962027; width: 561px; height: auto;\" src=\"https:\/\/i0.wp.com\/ismaelcolosi.com.br\/wp-content\/uploads\/2023\/11\/grupo-de-empregos-whatsapp-e-facebook-ismael-colosi-vagas.jpg?ssl=1\" alt=\"\" \/><\/a><\/p>\n<!-- \/wp:image -->\n<\/div>\n<p> <br \/>\n<\/p>\n<p><span class=\"TextRun SCXW5254033 BCX0\" lang=\"PT-BR\" xml:lang=\"PT-BR\" data-contrast=\"none\"><span class=\"NormalTextRun SCXW5254033 BCX0\">Rui Fl\u00e1vio <\/span><span class=\"NormalTextRun SpellingErrorV2Themed SCXW5254033 BCX0\">Ch\u00fafalo<\/span> <span class=\"NormalTextRun SCXW5254033 BCX0\">Gui\u00e3o<\/span><span class=\"NormalTextRun SCXW5254033 BCX0\"> *<\/span><\/span><span class=\"LineBreakBlob BlobObject DragDrop SCXW5254033 BCX0\"><span class=\"SCXW5254033 BCX0\">\u00a0<\/span><br class=\"SCXW5254033 BCX0\" \/><\/span><a class=\"Hyperlink SCXW5254033 BCX0\" href=\"mailto:ruiflavio@santaemilia.com.br\" target=\"_blank\" rel=\"noopener\"><span class=\"TextRun SCXW5254033 BCX0\" lang=\"PT-BR\" xml:lang=\"PT-BR\" data-contrast=\"none\"><span class=\"NormalTextRun SCXW5254033 BCX0\" data-ccp-charstyle=\"Hyperlink\">ruiflavio@santaemilia.com.br<\/span><\/span><\/a><span class=\"LineBreakBlob BlobObject DragDrop SCXW5254033 BCX0\"><span class=\"SCXW5254033 BCX0\">\u00a0<\/span><br class=\"SCXW5254033 BCX0\" \/><\/span><span class=\"LineBreakBlob BlobObject DragDrop SCXW5254033 BCX0\"><span class=\"SCXW5254033 BCX0\">\u00a0<\/span><br class=\"SCXW5254033 BCX0\" \/><\/span><span class=\"TextRun SCXW5254033 BCX0\" lang=\"PT-BR\" xml:lang=\"PT-BR\" data-contrast=\"auto\"><span class=\"NormalTextRun SCXW5254033 BCX0\">No dia 15 de novembro de 1889, o Marechal Manuel Deodoro da Fonseca, adoentado, <\/span><span class=\"NormalTextRun ContextualSpellingAndGrammarErrorV2Themed SCXW5254033 BCX0\">levantou<\/span><span class=\"NormalTextRun SCXW5254033 BCX0\"> da cama, vestiu o uniforme, montou seu cavalo e foi proclamar a Rep\u00fablica, no Campo de Santana, Rio de Janeiro, capital do Imp\u00e9rio.<\/span><\/span><span class=\"LineBreakBlob BlobObject DragDrop SCXW5254033 BCX0\"><span class=\"SCXW5254033 BCX0\">\u00a0<\/span><br class=\"SCXW5254033 BCX0\" \/><\/span><span class=\"LineBreakBlob BlobObject DragDrop SCXW5254033 BCX0\"><span class=\"SCXW5254033 BCX0\">\u00a0<\/span><br class=\"SCXW5254033 BCX0\" \/><\/span><span class=\"TextRun SCXW5254033 BCX0\" lang=\"PT-BR\" xml:lang=\"PT-BR\" data-contrast=\"auto\"><span class=\"NormalTextRun SCXW5254033 BCX0\">Deodoro queria mesmo era destituir o Gabinete Ouro Preto, que infligira v\u00e1rias restri\u00e7\u00f5es aos militares, depois da custosa Guerra do Paraguai, vencida \u00e0s duras penas, que se estendera de 1864 a <\/span><span class=\"NormalTextRun SCXW5254033 BCX0\">1870.<\/span><span class=\"NormalTextRun SCXW5254033 BCX0\">Admirava o velho Imperador, que sofria de diabetes, numa \u00e9poca em que n\u00e3o havia insulina e n\u00e3o se compreendia bem a fisiologia da doen\u00e7a.<\/span><\/span><span class=\"LineBreakBlob BlobObject DragDrop SCXW5254033 BCX0\"><span class=\"SCXW5254033 BCX0\">\u00a0<\/span><br class=\"SCXW5254033 BCX0\" \/><\/span><span class=\"LineBreakBlob BlobObject DragDrop SCXW5254033 BCX0\"><span class=\"SCXW5254033 BCX0\">\u00a0<\/span><br class=\"SCXW5254033 BCX0\" \/><\/span><span class=\"TextRun SCXW5254033 BCX0\" lang=\"PT-BR\" xml:lang=\"PT-BR\" data-contrast=\"auto\"><span class=\"NormalTextRun SCXW5254033 BCX0\">Mas, as agita\u00e7\u00f5es da Escola Militar, as atividades de Benjamim Constant e a iniciativa da C\u00e2mara dos Vereadores do Rio conduziram o velho militar ao inevit\u00e1vel. E a Rep\u00fablica estava proclamada.<\/span><\/span><span class=\"LineBreakBlob BlobObject DragDrop SCXW5254033 BCX0\"><span class=\"SCXW5254033 BCX0\">\u00a0<\/span><br class=\"SCXW5254033 BCX0\" \/><\/span><span class=\"LineBreakBlob BlobObject DragDrop SCXW5254033 BCX0\"><span class=\"SCXW5254033 BCX0\">\u00a0<\/span><br class=\"SCXW5254033 BCX0\" \/><\/span><span class=\"TextRun SCXW5254033 BCX0\" lang=\"PT-BR\" xml:lang=\"PT-BR\" data-contrast=\"auto\"><span class=\"NormalTextRun SCXW5254033 BCX0\">Era paradoxal o sentimento da elite e do povo: admiravam o Imperador, mas detestavam o Imp\u00e9rio.<\/span><\/span><span class=\"LineBreakBlob BlobObject DragDrop SCXW5254033 BCX0\"><span class=\"SCXW5254033 BCX0\">\u00a0<\/span><br class=\"SCXW5254033 BCX0\" \/><\/span><span class=\"LineBreakBlob BlobObject DragDrop SCXW5254033 BCX0\"><span class=\"SCXW5254033 BCX0\">\u00a0<\/span><br class=\"SCXW5254033 BCX0\" \/><\/span><span class=\"TextRun SCXW5254033 BCX0\" lang=\"PT-BR\" xml:lang=\"PT-BR\" data-contrast=\"auto\"><span class=\"NormalTextRun SCXW5254033 BCX0\">D. Pedro II era um intelectual de primeira grandeza, conhecedor de ci\u00eancia e literatura. Convivia com os maiores escritores do seu tempo e se interessava pelas novidades do progresso cient\u00edfico. Entretanto, n\u00e3o havia conseguido ver que era preciso mudar o destino da na\u00e7\u00e3o, de um pa\u00eds eminentemente agr\u00edcola para outro que acolhesse o progresso da Revolu\u00e7\u00e3o Industrial Inglesa.<\/span><\/span><span class=\"LineBreakBlob BlobObject DragDrop SCXW5254033 BCX0\"><span class=\"SCXW5254033 BCX0\">\u00a0<\/span><br class=\"SCXW5254033 BCX0\" \/><\/span><span class=\"LineBreakBlob BlobObject DragDrop SCXW5254033 BCX0\"><span class=\"SCXW5254033 BCX0\">\u00a0<\/span><br class=\"SCXW5254033 BCX0\" \/><\/span><span class=\"TextRun SCXW5254033 BCX0\" lang=\"PT-BR\" xml:lang=\"PT-BR\" data-contrast=\"auto\"><span class=\"NormalTextRun SCXW5254033 BCX0\">Quando da Independ\u00eancia, em 1822, Brasil e Estados Unidos eram semelhantes. Entretanto, enquanto os estados do norte daquele pa\u00eds desenvolviam uma forte ind\u00fastria, n\u00f3s permanec\u00edamos uma grande fazenda, tocada pelos escravos.<\/span><\/span><span class=\"LineBreakBlob BlobObject DragDrop SCXW5254033 BCX0\"><span class=\"SCXW5254033 BCX0\">\u00a0<\/span><br class=\"SCXW5254033 BCX0\" \/><\/span><span class=\"LineBreakBlob BlobObject DragDrop SCXW5254033 BCX0\"><span class=\"SCXW5254033 BCX0\">\u00a0<\/span><br class=\"SCXW5254033 BCX0\" \/><\/span><span class=\"TextRun SCXW5254033 BCX0\" lang=\"PT-BR\" xml:lang=\"PT-BR\" data-contrast=\"auto\"><span class=\"NormalTextRun SCXW5254033 BCX0\">Para as elites, trabalhar era ofensa, pois s\u00f3 os povos inferiores, como os negros, deveriam assim fazer. T\u00e3o arraigada estava esta <\/span><span class=\"NormalTextRun SCXW5254033 BCX0\">ideia<\/span> <span class=\"NormalTextRun ContextualSpellingAndGrammarErrorV2Themed SCXW5254033 BCX0\">que<\/span><span class=\"NormalTextRun SCXW5254033 BCX0\"> mesmo os pretos, quando alforriados e tinham algumas posses, tratavam de arranjar escravos para fazerem os servi\u00e7os bra\u00e7ais.<\/span><\/span><span class=\"LineBreakBlob BlobObject DragDrop SCXW5254033 BCX0\"><span class=\"SCXW5254033 BCX0\">\u00a0<\/span><br class=\"SCXW5254033 BCX0\" \/><\/span><span class=\"LineBreakBlob BlobObject DragDrop SCXW5254033 BCX0\"><span class=\"SCXW5254033 BCX0\">\u00a0<\/span><br class=\"SCXW5254033 BCX0\" \/><\/span><span class=\"TextRun SCXW5254033 BCX0\" lang=\"PT-BR\" xml:lang=\"PT-BR\" data-contrast=\"auto\"><span class=\"NormalTextRun SCXW5254033 BCX0\">Por outro lado, existia a sucess\u00e3o din\u00e1stica. D. Pedro II s\u00f3 tinha filhas, a mais velha delas, a Princesa Isabel, casada com o franc\u00eas Conde d\u2019Eu, neto do rei da Fran\u00e7a, malvisto pelos brasileiros. Ouvia mal, falava com forte sotaque e <\/span><span class=\"NormalTextRun SCXW5254033 BCX0\">explorava os mais necessitados alugando-lhes corti\u00e7os no Rio de <\/span><span class=\"NormalTextRun SpellingErrorV2Themed SCXW5254033 BCX0\">Janeiro.<\/span><span class=\"NormalTextRun SpellingErrorV2Themed SCXW5254033 BCX0\">Ser\u00e1<\/span><span class=\"NormalTextRun SCXW5254033 BCX0\"> que ele seria o verdadeiro governante, quando Isabel ascendesse ao <\/span><span class=\"NormalTextRun ContextualSpellingAndGrammarErrorV2Themed SCXW5254033 BCX0\">Trono ?Al\u00e9m<\/span><span class=\"NormalTextRun SCXW5254033 BCX0\"> disto, a Princesa era extremamente carola. Consta que teria dito que, se necess\u00e1rio, seguiria as leis da Igreja, antes de seguir as leis do Imp\u00e9rio.<\/span><\/span><span class=\"LineBreakBlob BlobObject DragDrop SCXW5254033 BCX0\"><span class=\"SCXW5254033 BCX0\">\u00a0<\/span><br class=\"SCXW5254033 BCX0\" \/><\/span><span class=\"LineBreakBlob BlobObject DragDrop SCXW5254033 BCX0\"><span class=\"SCXW5254033 BCX0\">\u00a0<\/span><br class=\"SCXW5254033 BCX0\" \/><\/span><span class=\"TextRun SCXW5254033 BCX0\" lang=\"PT-BR\" xml:lang=\"PT-BR\" data-contrast=\"auto\"><span class=\"NormalTextRun SCXW5254033 BCX0\">Em 1870, o centro da na\u00e7\u00e3o havia se mudado do Nordeste para o Sudeste. S\u00e3o Paulo, <\/span><span class=\"NormalTextRun ContextualSpellingAndGrammarErrorV2Themed SCXW5254033 BCX0\">que<\/span><span class=\"NormalTextRun ContextualSpellingAndGrammarErrorV2Themed SCXW5254033 BCX0\">\u00a0 <\/span><span class=\"NormalTextRun ContextualSpellingAndGrammarErrorV2Themed SCXW5254033 BCX0\">j\u00e1<\/span><span class=\"NormalTextRun SCXW5254033 BCX0\"> era a sua prov\u00edncia mais importante, liderava a grande <\/span><span class=\"NormalTextRun SpellingErrorV2Themed SCXW5254033 BCX0\">insatisfa\u00e7\u00e3o, lan\u00e7ando<\/span><span class=\"NormalTextRun SCXW5254033 BCX0\">\u00a0 o Manifesto Republicano, que pregava abertamente a queda da Monarquia.<\/span><\/span><span class=\"LineBreakBlob BlobObject DragDrop SCXW5254033 BCX0\"><span class=\"SCXW5254033 BCX0\">\u00a0<\/span><br class=\"SCXW5254033 BCX0\" \/><\/span><span class=\"LineBreakBlob BlobObject DragDrop SCXW5254033 BCX0\"><span class=\"SCXW5254033 BCX0\">\u00a0<\/span><br class=\"SCXW5254033 BCX0\" \/><\/span><span class=\"TextRun SCXW5254033 BCX0\" lang=\"PT-BR\" xml:lang=\"PT-BR\" data-contrast=\"auto\"><span class=\"NormalTextRun SCXW5254033 BCX0\">A economia do Imp\u00e9rio baseava-se na m\u00e3o-de-obra escrava e as sucessivas leis, que afrouxavam a institui\u00e7\u00e3o vil, culminaram com a Lei \u00c1urea, que p\u00f4s fim \u00e0 escravid\u00e3o, sem que o governo indenizasse os propriet\u00e1rios de escravizados.<\/span><\/span><span class=\"LineBreakBlob BlobObject DragDrop SCXW5254033 BCX0\"><span class=\"SCXW5254033 BCX0\">\u00a0<\/span><br class=\"SCXW5254033 BCX0\" \/><\/span><span class=\"LineBreakBlob BlobObject DragDrop SCXW5254033 BCX0\"><span class=\"SCXW5254033 BCX0\">\u00a0<\/span><br class=\"SCXW5254033 BCX0\" \/><\/span><span class=\"TextRun SCXW5254033 BCX0\" lang=\"PT-BR\" xml:lang=\"PT-BR\" data-contrast=\"auto\"><span class=\"NormalTextRun SCXW5254033 BCX0\">Formou-se, ent\u00e3o um caldo revolucion\u00e1rio, que culminou com a Proclama\u00e7\u00e3o da Rep\u00fablica. O Estado passou a ser <\/span><span class=\"NormalTextRun ContextualSpellingAndGrammarErrorV2Themed SCXW5254033 BCX0\">laico,<\/span><span class=\"NormalTextRun ContextualSpellingAndGrammarErrorV2Themed SCXW5254033 BCX0\">\u00a0 <\/span><span class=\"NormalTextRun ContextualSpellingAndGrammarErrorV2Themed SCXW5254033 BCX0\">institu\u00edram<\/span><span class=\"NormalTextRun SCXW5254033 BCX0\">-se a educa\u00e7\u00e3o geral, o sufr\u00e1gio universal e o sistema federativo. Mas, os dois primeiros presidentes foram, na realidade, ditadores, que, com m\u00e3o de ferro, implantaram o novo regime.<\/span><\/span><span class=\"LineBreakBlob BlobObject DragDrop SCXW5254033 BCX0\"><span class=\"SCXW5254033 BCX0\">\u00a0<\/span><br class=\"SCXW5254033 BCX0\" \/><\/span><span class=\"LineBreakBlob BlobObject DragDrop SCXW5254033 BCX0\"><span class=\"SCXW5254033 BCX0\">\u00a0<\/span><br class=\"SCXW5254033 BCX0\" \/><\/span><span class=\"TextRun SCXW5254033 BCX0\" lang=\"PT-BR\" xml:lang=\"PT-BR\" data-contrast=\"auto\"><span class=\"NormalTextRun SCXW5254033 BCX0\">A elite civil assumiu o poder coma elei\u00e7\u00e3o de Prudente de Moraes, dando in\u00edcio \u00e0 Rep\u00fablica Velha, que durou at\u00e9 1930, com a revolu\u00e7\u00e3o que levou Get\u00falio Vargas ao poder, onde <\/span><span class=\"NormalTextRun SCXW5254033 BCX0\">ficou,<\/span><span class=\"NormalTextRun SCXW5254033 BCX0\"> como ditador, at\u00e9 1945.<\/span><\/span><span class=\"LineBreakBlob BlobObject DragDrop SCXW5254033 BCX0\"><span class=\"SCXW5254033 BCX0\">\u00a0<\/span><br class=\"SCXW5254033 BCX0\" \/><\/span><span class=\"LineBreakBlob BlobObject DragDrop SCXW5254033 BCX0\"><span class=\"SCXW5254033 BCX0\">\u00a0<\/span><br class=\"SCXW5254033 BCX0\" \/><\/span><span class=\"TextRun SCXW5254033 BCX0\" lang=\"PT-BR\" xml:lang=\"PT-BR\" data-contrast=\"auto\"><span class=\"NormalTextRun SCXW5254033 BCX0\">Restabelecida a democracia, tivemos o funcionamento regular da Rep\u00fablica at\u00e9 a Revolu\u00e7\u00e3o de 1964, que deu aos militares a condu\u00e7\u00e3o do pa\u00eds. Em <\/span><span class=\"NormalTextRun ContextualSpellingAndGrammarErrorV2Themed SCXW5254033 BCX0\">1988,<\/span><span class=\"NormalTextRun ContextualSpellingAndGrammarErrorV2Themed SCXW5254033 BCX0\">o<\/span><span class=\"NormalTextRun SCXW5254033 BCX0\"> Congresso Constituinte aprovou a Constitui\u00e7\u00e3o atual, que vigora at\u00e9 hoje, um per\u00edodo de 35 anos de estabilidade democr\u00e1tica.<\/span><\/span><span class=\"LineBreakBlob BlobObject DragDrop SCXW5254033 BCX0\"><span class=\"SCXW5254033 BCX0\">\u00a0<\/span><br class=\"SCXW5254033 BCX0\" \/><\/span><span class=\"LineBreakBlob BlobObject DragDrop SCXW5254033 BCX0\"><span class=\"SCXW5254033 BCX0\">\u00a0<\/span><br class=\"SCXW5254033 BCX0\" \/><\/span><span class=\"TextRun SCXW5254033 BCX0\" lang=\"PT-BR\" xml:lang=\"PT-BR\" data-contrast=\"auto\"><span class=\"NormalTextRun SCXW5254033 BCX0\">Entretanto, apesar dos avan\u00e7os que tivemos no modelo constitucional vigente, o <\/span><span class=\"NormalTextRun ContextualSpellingAndGrammarErrorV2Themed SCXW5254033 BCX0\">Brasil\u00a0 criou<\/span><span class=\"NormalTextRun SCXW5254033 BCX0\"> uma Corte, integrada por membros dos tr\u00eas poderes, que o sufoca e que permite a mudan\u00e7a de tudo, desde que tudo fique igual ao que est\u00e1. Nosso povo a tudo suporta, sem rea\u00e7\u00f5es.<\/span><\/span><span class=\"LineBreakBlob BlobObject DragDrop SCXW5254033 BCX0\"><span class=\"SCXW5254033 BCX0\">\u00a0<\/span><br class=\"SCXW5254033 BCX0\" \/><\/span><span class=\"LineBreakBlob BlobObject DragDrop SCXW5254033 BCX0\"><span class=\"SCXW5254033 BCX0\">\u00a0<\/span><br class=\"SCXW5254033 BCX0\" \/><\/span><span class=\"TextRun SCXW5254033 BCX0\" lang=\"PT-BR\" xml:lang=\"PT-BR\" data-contrast=\"none\"><span class=\"NormalTextRun SCXW5254033 BCX0\">* Advogado, empres\u00e1rio, presidente do Conselho da Santa Em\u00edlia Autom\u00f3veis e secret\u00e1rio-geral da Academia <\/span><span class=\"NormalTextRun SpellingErrorV2Themed SCXW5254033 BCX0\">Ribeir\u00e3opretana<\/span><span class=\"NormalTextRun SCXW5254033 BCX0\"> de<\/span><span class=\"NormalTextRun SCXW5254033 BCX0\"> Letras<\/span><\/span><span class=\"EOP SCXW5254033 BCX0\" data-ccp-props=\"{&quot;201341983&quot;:0,&quot;335559739&quot;:200,&quot;335559740&quot;:276}\">\u00a0<\/span><\/p>\n<p>O post <a href=\"https:\/\/www.tribunaribeirao.com.br\/site\/republica\/\">Rep\u00fablica\u00a0<\/a> apareceu primeiro em <a href=\"https:\/\/www.tribunaribeirao.com.br\/site\">Jornal Tribuna Ribeir\u00e3o<\/a>.<\/p>\n<p><br \/>\n<br \/><a href=\"https:\/\/www.tribunaribeirao.com.br\/site\/republica\/\">Source link <\/a><\/p>\n<!-- CONTENT END 1 -->\n","protected":false},"excerpt":{"rendered":"<p>Rui Fl\u00e1vio Ch\u00fafalo Gui\u00e3o *\u00a0ruiflavio@santaemilia.com.br\u00a0\u00a0No dia 15 de novembro de 1889, o Marechal Manuel Deodoro da Fonseca, adoentado, levantou da cama, vestiu o uniforme, montou&#8230;<\/p>\n","protected":false},"author":1,"featured_media":760,"comment_status":"open","ping_status":"open","sticky":false,"template":"","format":"standard","meta":{"advanced_seo_description":"","jetpack_seo_html_title":"","jetpack_seo_noindex":false,"jetpack_post_was_ever_published":false,"_jetpack_newsletter_access":"","_jetpack_dont_email_post_to_subs":false,"_jetpack_newsletter_tier_id":0,"_jetpack_memberships_contains_paywalled_content":false,"_jetpack_memberships_contains_paid_content":false,"footnotes":"","jetpack_publicize_message":"","jetpack_publicize_feature_enabled":true,"jetpack_social_post_already_shared":false,"jetpack_social_options":{"image_generator_settings":{"template":"highway","default_image_id":0,"font":"","enabled":false},"version":2}},"categories":[11],"tags":[],"class_list":["post-759","post","type-post","status-publish","format-standard","has-post-thumbnail","hentry","category-noticias-de-ribeirao-preto-sp-e-regiao-ismael-colosi"],"jetpack_publicize_connections":[],"jetpack_featured_media_url":"https:\/\/i0.wp.com\/noticiasribeiraopreto.com.br\/wp-content\/uploads\/2023\/11\/ruiflavio.jpg?fit=700%2C450&ssl=1","jetpack-related-posts":[{"id":59626,"url":"https:\/\/noticiasribeiraopreto.com.br\/index.php\/2024\/10\/27\/morre-ruy-salgado-ribeiro-ex-secretario-da-prefeitura-de-ribeirao-preto\/","url_meta":{"origin":759,"position":0},"title":"Morre Ruy Salgado Ribeiro, ex-secret\u00e1rio da Prefeitura de Ribeir\u00e3o Preto","author":"noticiasribeiraopreto.com.br","date":"27 de October de 2024","format":false,"excerpt":"Morreu neste s\u00e1bado (26), o ex-secret\u00e1rio da Prefeitura de Ribeir\u00e3o Preto, Ruy Salgado Ribeiro, aos 79 anos. A causa da morte n\u00e3o foi divulgada. O prefeito Duarte Nogueira emitiu nota de pesar, em que cita a atua\u00e7\u00e3o de Ruy \u00e0 frente da Pasta do Planejamento, no ano de 2017, durante\u2026","rel":"","context":"In &quot;Not\u00edcias de Ribeir\u00e3o Preto-SP e Regi\u00e3o&quot;","block_context":{"text":"Not\u00edcias de Ribeir\u00e3o Preto-SP e Regi\u00e3o","link":"https:\/\/noticiasribeiraopreto.com.br\/index.php\/category\/noticias-de-ribeirao-preto-sp-e-regiao-ismael-colosi\/"},"img":{"alt_text":"","src":"https:\/\/i0.wp.com\/noticiasribeiraopreto.com.br\/wp-content\/uploads\/2024\/10\/RUY-SALGADO_2024-10-27_10-32-37_jpg_2024-10-27_10-32-37.webp.webp?fit=1200%2C698&ssl=1&resize=350%2C200","width":350,"height":200,"srcset":"https:\/\/i0.wp.com\/noticiasribeiraopreto.com.br\/wp-content\/uploads\/2024\/10\/RUY-SALGADO_2024-10-27_10-32-37_jpg_2024-10-27_10-32-37.webp.webp?fit=1200%2C698&ssl=1&resize=350%2C200 1x, https:\/\/i0.wp.com\/noticiasribeiraopreto.com.br\/wp-content\/uploads\/2024\/10\/RUY-SALGADO_2024-10-27_10-32-37_jpg_2024-10-27_10-32-37.webp.webp?fit=1200%2C698&ssl=1&resize=525%2C300 1.5x, https:\/\/i0.wp.com\/noticiasribeiraopreto.com.br\/wp-content\/uploads\/2024\/10\/RUY-SALGADO_2024-10-27_10-32-37_jpg_2024-10-27_10-32-37.webp.webp?fit=1200%2C698&ssl=1&resize=700%2C400 2x, https:\/\/i0.wp.com\/noticiasribeiraopreto.com.br\/wp-content\/uploads\/2024\/10\/RUY-SALGADO_2024-10-27_10-32-37_jpg_2024-10-27_10-32-37.webp.webp?fit=1200%2C698&ssl=1&resize=1050%2C600 3x"},"classes":[]},{"id":45279,"url":"https:\/\/noticiasribeiraopreto.com.br\/index.php\/2024\/04\/03\/flavio-venturini-faz-show-em-ribeirao-preto-ainda-ha-ingressos\/","url_meta":{"origin":759,"position":1},"title":"Fl\u00e1vio Venturini faz show em Ribeir\u00e3o Preto; Ainda h\u00e1 ingressos","author":"noticiasribeiraopreto.com.br","date":"3 de April de 2024","format":false,"excerpt":"O fundador do grupo 14 Bis, Fl\u00e1vio Venturini, faz show em Ribeir\u00e3o Preto nesta quinta-feira (4), no Theatro Pedro II. A apresenta\u00e7\u00e3o est\u00e1 marcada para \u00e0s 20h e ainda h\u00e1 ingressos dispon\u00edveis para venda (veja abaixo). Fl\u00e1vio Venturini, que \u00e9 cantor, compositor e instrumentista traz o show \u201cCora\u00e7\u00e3o a Dentro\u201d\u2026","rel":"","context":"In &quot;Not\u00edcias de Ribeir\u00e3o Preto-SP e Regi\u00e3o&quot;","block_context":{"text":"Not\u00edcias de Ribeir\u00e3o Preto-SP e Regi\u00e3o","link":"https:\/\/noticiasribeiraopreto.com.br\/index.php\/category\/noticias-de-ribeirao-preto-sp-e-regiao-ismael-colosi\/"},"img":{"alt_text":"","src":"https:\/\/i0.wp.com\/noticiasribeiraopreto.com.br\/wp-content\/uploads\/2024\/04\/Copia-de-Copia-de-TAMANHO-EXATO-PARA-FOTOS-NO-SISTEMA-NOVO-22.jpg?fit=1200%2C675&ssl=1&resize=350%2C200","width":350,"height":200,"srcset":"https:\/\/i0.wp.com\/noticiasribeiraopreto.com.br\/wp-content\/uploads\/2024\/04\/Copia-de-Copia-de-TAMANHO-EXATO-PARA-FOTOS-NO-SISTEMA-NOVO-22.jpg?fit=1200%2C675&ssl=1&resize=350%2C200 1x, https:\/\/i0.wp.com\/noticiasribeiraopreto.com.br\/wp-content\/uploads\/2024\/04\/Copia-de-Copia-de-TAMANHO-EXATO-PARA-FOTOS-NO-SISTEMA-NOVO-22.jpg?fit=1200%2C675&ssl=1&resize=525%2C300 1.5x, https:\/\/i0.wp.com\/noticiasribeiraopreto.com.br\/wp-content\/uploads\/2024\/04\/Copia-de-Copia-de-TAMANHO-EXATO-PARA-FOTOS-NO-SISTEMA-NOVO-22.jpg?fit=1200%2C675&ssl=1&resize=700%2C400 2x, https:\/\/i0.wp.com\/noticiasribeiraopreto.com.br\/wp-content\/uploads\/2024\/04\/Copia-de-Copia-de-TAMANHO-EXATO-PARA-FOTOS-NO-SISTEMA-NOVO-22.jpg?fit=1200%2C675&ssl=1&resize=1050%2C600 3x"},"classes":[]},{"id":60486,"url":"https:\/\/noticiasribeiraopreto.com.br\/index.php\/2024\/11\/15\/saiba-a-previsao-do-tempo-para-ribeirao-preto-no-feriado-de-proclamacao-da-republica\/","url_meta":{"origin":759,"position":2},"title":"Saiba a previs\u00e3o do tempo para Ribeir\u00e3o Preto no feriado de Proclama\u00e7\u00e3o da Rep\u00fablica","author":"noticiasribeiraopreto.com.br","date":"15 de November de 2024","format":false,"excerpt":"O feriado de Proclama\u00e7\u00e3o da Rep\u00fablica, comemorado nesta sexta-feira (15), come\u00e7ou com Sol e calor em Ribeir\u00e3o Preto. Segundo os meteorologistas, Ribeir\u00e3o Preto pode registrar chuva r\u00e1pida durante o dia e a noite. A Climatempo informa que as temperaturas devem ficar entre 20\u00b0C e 29\u00b0C. S\u00e3o 97% de chances de\u2026","rel":"","context":"In &quot;Not\u00edcias de Ribeir\u00e3o Preto-SP e Regi\u00e3o&quot;","block_context":{"text":"Not\u00edcias de Ribeir\u00e3o Preto-SP e Regi\u00e3o","link":"https:\/\/noticiasribeiraopreto.com.br\/index.php\/category\/noticias-de-ribeirao-preto-sp-e-regiao-ismael-colosi\/"},"img":{"alt_text":"","src":"https:\/\/i0.wp.com\/noticiasribeiraopreto.com.br\/wp-content\/uploads\/2024\/10\/WhatsApp-Image-2024-10-17-at-15.21.39-1_2024-10-17_21-53-49_jpeg_2024-10-17_21-53-50.webp.webp?fit=1200%2C800&ssl=1&resize=350%2C200","width":350,"height":200,"srcset":"https:\/\/i0.wp.com\/noticiasribeiraopreto.com.br\/wp-content\/uploads\/2024\/10\/WhatsApp-Image-2024-10-17-at-15.21.39-1_2024-10-17_21-53-49_jpeg_2024-10-17_21-53-50.webp.webp?fit=1200%2C800&ssl=1&resize=350%2C200 1x, https:\/\/i0.wp.com\/noticiasribeiraopreto.com.br\/wp-content\/uploads\/2024\/10\/WhatsApp-Image-2024-10-17-at-15.21.39-1_2024-10-17_21-53-49_jpeg_2024-10-17_21-53-50.webp.webp?fit=1200%2C800&ssl=1&resize=525%2C300 1.5x, https:\/\/i0.wp.com\/noticiasribeiraopreto.com.br\/wp-content\/uploads\/2024\/10\/WhatsApp-Image-2024-10-17-at-15.21.39-1_2024-10-17_21-53-49_jpeg_2024-10-17_21-53-50.webp.webp?fit=1200%2C800&ssl=1&resize=700%2C400 2x, https:\/\/i0.wp.com\/noticiasribeiraopreto.com.br\/wp-content\/uploads\/2024\/10\/WhatsApp-Image-2024-10-17-at-15.21.39-1_2024-10-17_21-53-49_jpeg_2024-10-17_21-53-50.webp.webp?fit=1200%2C800&ssl=1&resize=1050%2C600 3x"},"classes":[]},{"id":60970,"url":"https:\/\/noticiasribeiraopreto.com.br\/index.php\/2024\/11\/30\/beto-guedes-flavio-venturini-e-lo-borges-se-apresentam-em-ribeirao-preto\/","url_meta":{"origin":759,"position":3},"title":"Beto Guedes, Fl\u00e1vio Venturini e Lo Borges se apresentam em Ribeir\u00e3o Preto","author":"noticiasribeiraopreto.com.br","date":"30 de November de 2024","format":false,"excerpt":"Os \u00edcones da MPB (M\u00fasica Popular Brasileira) Beto Guedes, Fl\u00e1vio Venturini e Lo Borges se apresentam em Ribeir\u00e3o Preto na noite deste s\u00e1bado (30), no Multiplan Hall, do Ribeir\u00e3o Shopping. A apresenta\u00e7\u00e3o do trio \u201cMineiros\u201d est\u00e1 prevista para come\u00e7ar \u00e0s 21h. Ainda h\u00e1 ingressos dispon\u00edveis. O show \u201c50 Anos da\u2026","rel":"","context":"In &quot;Not\u00edcias de Ribeir\u00e3o Preto-SP e Regi\u00e3o&quot;","block_context":{"text":"Not\u00edcias de Ribeir\u00e3o Preto-SP e Regi\u00e3o","link":"https:\/\/noticiasribeiraopreto.com.br\/index.php\/category\/noticias-de-ribeirao-preto-sp-e-regiao-ismael-colosi\/"},"img":{"alt_text":"","src":"https:\/\/i0.wp.com\/noticiasribeiraopreto.com.br\/wp-content\/uploads\/2024\/11\/MINEIROS_2024-11-30_15-05-32_jpg_2024-11-30_15-05-32.webp.webp?fit=1043%2C803&ssl=1&resize=350%2C200","width":350,"height":200,"srcset":"https:\/\/i0.wp.com\/noticiasribeiraopreto.com.br\/wp-content\/uploads\/2024\/11\/MINEIROS_2024-11-30_15-05-32_jpg_2024-11-30_15-05-32.webp.webp?fit=1043%2C803&ssl=1&resize=350%2C200 1x, https:\/\/i0.wp.com\/noticiasribeiraopreto.com.br\/wp-content\/uploads\/2024\/11\/MINEIROS_2024-11-30_15-05-32_jpg_2024-11-30_15-05-32.webp.webp?fit=1043%2C803&ssl=1&resize=525%2C300 1.5x, https:\/\/i0.wp.com\/noticiasribeiraopreto.com.br\/wp-content\/uploads\/2024\/11\/MINEIROS_2024-11-30_15-05-32_jpg_2024-11-30_15-05-32.webp.webp?fit=1043%2C803&ssl=1&resize=700%2C400 2x"},"classes":[]},{"id":80699,"url":"https:\/\/noticiasribeiraopreto.com.br\/index.php\/2025\/12\/11\/ribeirao-preto-recebe-trem-de-natal-nesta-semana-veja-local-e-horario\/","url_meta":{"origin":759,"position":4},"title":"Ribeir\u00e3o Preto recebe Trem de Natal nesta semana; veja local e hor\u00e1rio","author":"noticiasribeiraopreto.com.br","date":"11 de December de 2025","format":false,"excerpt":"O Papai Noel chega em grande estilo a Ribeir\u00e3o Preto nesta sexta-feira (12), a bordo de um trem especial de Natal, totalmente iluminado e decorado. A tradicional chegada da locomotiva de Natal da VLI, concession\u00e1ria de ferrovias, acontece \u00e0s 18h30, na rua Artur de Jesus Campos, 160, Quintino Facci II,\u2026","rel":"","context":"In &quot;Not\u00edcias de Ribeir\u00e3o Preto-SP e Regi\u00e3o&quot;","block_context":{"text":"Not\u00edcias de Ribeir\u00e3o Preto-SP e Regi\u00e3o","link":"https:\/\/noticiasribeiraopreto.com.br\/index.php\/category\/noticias-de-ribeirao-preto-sp-e-regiao-ismael-colosi\/"},"img":{"alt_text":"","src":"https:\/\/i0.wp.com\/noticiasribeiraopreto.com.br\/wp-content\/uploads\/2025\/12\/Copia-de-Natal-VLi-Betim-Drone-02_2025-12-10_18-42-17.webp.webp?fit=1200%2C899&ssl=1&resize=350%2C200","width":350,"height":200,"srcset":"https:\/\/i0.wp.com\/noticiasribeiraopreto.com.br\/wp-content\/uploads\/2025\/12\/Copia-de-Natal-VLi-Betim-Drone-02_2025-12-10_18-42-17.webp.webp?fit=1200%2C899&ssl=1&resize=350%2C200 1x, https:\/\/i0.wp.com\/noticiasribeiraopreto.com.br\/wp-content\/uploads\/2025\/12\/Copia-de-Natal-VLi-Betim-Drone-02_2025-12-10_18-42-17.webp.webp?fit=1200%2C899&ssl=1&resize=525%2C300 1.5x, https:\/\/i0.wp.com\/noticiasribeiraopreto.com.br\/wp-content\/uploads\/2025\/12\/Copia-de-Natal-VLi-Betim-Drone-02_2025-12-10_18-42-17.webp.webp?fit=1200%2C899&ssl=1&resize=700%2C400 2x, https:\/\/i0.wp.com\/noticiasribeiraopreto.com.br\/wp-content\/uploads\/2025\/12\/Copia-de-Natal-VLi-Betim-Drone-02_2025-12-10_18-42-17.webp.webp?fit=1200%2C899&ssl=1&resize=1050%2C600 3x"},"classes":[]},{"id":80255,"url":"https:\/\/noticiasribeiraopreto.com.br\/index.php\/2025\/11\/18\/evento-na-regiao-de-ribeirao-preto-discute-empreendedorismo-e-lideranca\/","url_meta":{"origin":759,"position":5},"title":"Evento na regi\u00e3o de Ribeir\u00e3o Preto discute empreendedorismo e lideran\u00e7a","author":"noticiasribeiraopreto.com.br","date":"18 de November de 2025","format":false,"excerpt":"O Complexo Rio Sol, localizado entre Rifaina, na regi\u00e3o de Ribeir\u00e3o Preto, e Sacramento-MG, recebe no pr\u00f3ximo dia 6 de dezembro de 2025 o evento A Trinca Real Estate, voltado ao empreendedorismo, lideran\u00e7a e performance, com Fl\u00e1vio Augusto, Joel Jota, Caio Carneiro e C\u00e9zar Haik. O evento deve reunir tr\u00eas\u2026","rel":"","context":"In &quot;Not\u00edcias de Ribeir\u00e3o Preto-SP e Regi\u00e3o&quot;","block_context":{"text":"Not\u00edcias de Ribeir\u00e3o Preto-SP e Regi\u00e3o","link":"https:\/\/noticiasribeiraopreto.com.br\/index.php\/category\/noticias-de-ribeirao-preto-sp-e-regiao-ismael-colosi\/"},"img":{"alt_text":"","src":"https:\/\/i0.wp.com\/noticiasribeiraopreto.com.br\/wp-content\/uploads\/2025\/11\/A-Trinca-Real-Estate_2025-11-18_18-26-22.webp.webp?fit=1200%2C800&ssl=1&resize=350%2C200","width":350,"height":200,"srcset":"https:\/\/i0.wp.com\/noticiasribeiraopreto.com.br\/wp-content\/uploads\/2025\/11\/A-Trinca-Real-Estate_2025-11-18_18-26-22.webp.webp?fit=1200%2C800&ssl=1&resize=350%2C200 1x, https:\/\/i0.wp.com\/noticiasribeiraopreto.com.br\/wp-content\/uploads\/2025\/11\/A-Trinca-Real-Estate_2025-11-18_18-26-22.webp.webp?fit=1200%2C800&ssl=1&resize=525%2C300 1.5x, https:\/\/i0.wp.com\/noticiasribeiraopreto.com.br\/wp-content\/uploads\/2025\/11\/A-Trinca-Real-Estate_2025-11-18_18-26-22.webp.webp?fit=1200%2C800&ssl=1&resize=700%2C400 2x, https:\/\/i0.wp.com\/noticiasribeiraopreto.com.br\/wp-content\/uploads\/2025\/11\/A-Trinca-Real-Estate_2025-11-18_18-26-22.webp.webp?fit=1200%2C800&ssl=1&resize=1050%2C600 3x"},"classes":[]}],"jetpack_sharing_enabled":true,"jetpack_shortlink":"https:\/\/wp.me\/peQAOb-cf","_links":{"self":[{"href":"https:\/\/noticiasribeiraopreto.com.br\/index.php\/wp-json\/wp\/v2\/posts\/759","targetHints":{"allow":["GET"]}}],"collection":[{"href":"https:\/\/noticiasribeiraopreto.com.br\/index.php\/wp-json\/wp\/v2\/posts"}],"about":[{"href":"https:\/\/noticiasribeiraopreto.com.br\/index.php\/wp-json\/wp\/v2\/types\/post"}],"author":[{"embeddable":true,"href":"https:\/\/noticiasribeiraopreto.com.br\/index.php\/wp-json\/wp\/v2\/users\/1"}],"replies":[{"embeddable":true,"href":"https:\/\/noticiasribeiraopreto.com.br\/index.php\/wp-json\/wp\/v2\/comments?post=759"}],"version-history":[{"count":0,"href":"https:\/\/noticiasribeiraopreto.com.br\/index.php\/wp-json\/wp\/v2\/posts\/759\/revisions"}],"wp:featuredmedia":[{"embeddable":true,"href":"https:\/\/noticiasribeiraopreto.com.br\/index.php\/wp-json\/wp\/v2\/media\/760"}],"wp:attachment":[{"href":"https:\/\/noticiasribeiraopreto.com.br\/index.php\/wp-json\/wp\/v2\/media?parent=759"}],"wp:term":[{"taxonomy":"category","embeddable":true,"href":"https:\/\/noticiasribeiraopreto.com.br\/index.php\/wp-json\/wp\/v2\/categories?post=759"},{"taxonomy":"post_tag","embeddable":true,"href":"https:\/\/noticiasribeiraopreto.com.br\/index.php\/wp-json\/wp\/v2\/tags?post=759"}],"curies":[{"name":"wp","href":"https:\/\/api.w.org\/{rel}","templated":true}]}}