{"id":75928,"date":"2025-08-18T18:39:53","date_gmt":"2025-08-18T21:39:53","guid":{"rendered":"https:\/\/noticiasribeiraopreto.com.br\/index.php\/2025\/08\/18\/comercial-conhece-data-do-confronto-de-ida-das-oitavas-de-final-da-copa-paulista\/"},"modified":"2025-08-18T18:39:53","modified_gmt":"2025-08-18T21:39:53","slug":"comercial-conhece-data-do-confronto-de-ida-das-oitavas-de-final-da-copa-paulista","status":"publish","type":"post","link":"https:\/\/noticiasribeiraopreto.com.br\/index.php\/2025\/08\/18\/comercial-conhece-data-do-confronto-de-ida-das-oitavas-de-final-da-copa-paulista\/","title":{"rendered":"Comercial conhece data do confronto de ida das oitavas de final da Copa Paulista"},"content":{"rendered":"<div class='code-block code-block-1' style='margin: 8px 0 8px auto; text-align: right; display: block; clear: both;'>\n<p><a href=\"https:\/\/wa.link\/vpicfd\"><img data-recalc-dims=\"1\" class=\"wp-image-4922\" style=\"aspect-ratio: 2.0253164556962027; width: 561px; height: auto;\" src=\"https:\/\/i0.wp.com\/ismaelcolosi.com.br\/wp-content\/uploads\/2023\/11\/grupo-de-empregos-whatsapp-e-facebook-ismael-colosi-vagas.jpg?ssl=1\" alt=\"\" \/><\/a><\/p>\n<!-- \/wp:image -->\n<\/div>\n<p> <br \/>\n<\/p>\n<div data-td-block-uid=\"tdi_95\">\n<div class=\"tdb-block-inner td-fix-index\">\n<p>O <strong>Comercial <\/strong>visita a<strong> Inter de Limeira<\/strong> no<mark style=\"background-color:#fcb900\" class=\"has-inline-color has-black-color\"> pr\u00f3ximo dia 26 de agosto, a partir das 15h<\/mark>, pelas oitavas de final da <strong>Copa Paulista<\/strong>. Os confrontos foram definidos na tarde desta segunda-feira (18) em Conselho T\u00e9cnico realizado no Edif\u00edcio Pel\u00e9, sede da <strong><a href=\"https:\/\/www.futebolpaulista.com.br\/Noticias\/Detalhe.aspx?Noticia=29908\" data-type=\"link\" data-id=\"https:\/\/www.futebolpaulista.com.br\/Noticias\/Detalhe.aspx?Noticia=29908\" target=\"_blank\" rel=\"noopener\">FPF (Federa\u00e7\u00e3o Paulista de Futebol)<\/a><\/strong>, em S\u00e3o Paulo.<\/p>\n<p>O confronto da volta, que ser\u00e1 realizado em Ribeir\u00e3o Preto, ainda n\u00e3o tem data confirmada. As oitavas de final da Copa Paulista ainda contam com o duelo de duas equipes da regi\u00e3o \u2013<strong> Monte Azul x Francana<\/strong>.<\/p>\n<h2 class=\"wp-block-heading\"><strong>Confira as datas e hor\u00e1rios dos confrontos:<\/strong><\/h2>\n<h3 class=\"wp-block-heading\"><strong>Jogos de ida<\/strong><\/h3>\n<h4 class=\"wp-block-heading\"><strong>S\u00e1bado (23)<\/strong><\/h4>\n<p><strong>15h<\/strong><\/p>\n<ul class=\"wp-block-list\">\n<li>Ara\u00e7atuba x XV de Piracicaba \u2013 Ara\u00e7atuba<\/li>\n<\/ul>\n<ul class=\"wp-block-list\">\n<li>S\u00e3o Caetano x Gr\u00eamio Prudente \u2013 S\u00e3o Caetano do Sul<\/li>\n<\/ul>\n<p><strong>16h<\/strong><\/p>\n<ul class=\"wp-block-list\">\n<li>Noroeste x Uni\u00e3o S\u00e3o Jo\u00e3o \u2013 Bauru<\/li>\n<\/ul>\n<p><strong>19h<\/strong><\/p>\n<ul class=\"wp-block-list\">\n<li>Paulista x Primavera \u2013 Jundia\u00ed<\/li>\n<\/ul>\n<h4 class=\"wp-block-heading\"><strong>Domingo (24)<\/strong><\/h4>\n<p><strong>10h<\/strong><\/p>\n<ul class=\"wp-block-list\">\n<li>Francana x Monte Azul \u2013 Franca<\/li>\n<\/ul>\n<h4 class=\"wp-block-heading\"><strong>Segunda (25)<\/strong><\/h4>\n<p><strong>19h<\/strong><\/p>\n<ul class=\"wp-block-list\">\n<li>Oeste x Portuguesa Santista \u2013 Osasco<\/li>\n<\/ul>\n<p><strong>20h<\/strong><\/p>\n<ul class=\"wp-block-list\">\n<li>S\u00e3o Bento x S\u00e3o Jos\u00e9 \u2013 Sorocaba<\/li>\n<\/ul>\n<h4 class=\"wp-block-heading\"><strong>Ter\u00e7a-feira (26)<\/strong><\/h4>\n<p><strong>15h<\/strong><\/p>\n<ul class=\"wp-block-list\">\n<li>Inter de Limeira x Comercial \u2013 Limeira<\/li>\n<\/ul>\n<h3 class=\"wp-block-heading\"><strong>Jogos de volta<\/strong><\/h3>\n<h4 class=\"wp-block-heading\"><strong>Sexta-feira (29)<\/strong><\/h4>\n<p><strong>19h<\/strong><\/p>\n<ul class=\"wp-block-list\">\n<li>Uni\u00e3o S\u00e3o Jo\u00e3o x Noroeste \u2013 Araras<\/li>\n<\/ul>\n<h4 class=\"wp-block-heading\"><strong>S\u00e1bado (30)<\/strong><\/h4>\n<p><strong>15h<\/strong><\/p>\n<ul class=\"wp-block-list\">\n<li>Portuguesa Santista x Oeste \u2013 Santos<\/li>\n<\/ul>\n<p><strong>16h<\/strong><\/p>\n<ul class=\"wp-block-list\">\n<li>S\u00e3o Jos\u00e9 x S\u00e3o Bento \u2013 S\u00e3o Jos\u00e9 dos Campos<\/li>\n<\/ul>\n<ul class=\"wp-block-list\">\n<li>Gr\u00eamio Prudente x S\u00e3o Caetano \u2013 Presidente Prudente<\/li>\n<\/ul>\n<p><strong>18h<\/strong><\/p>\n<ul class=\"wp-block-list\">\n<li>XV de Piracicaba x Ara\u00e7atuba \u2013 Piracicaba<\/li>\n<\/ul>\n<h4 class=\"wp-block-heading\"><strong>Domingo (31)<\/strong><\/h4>\n<p><strong>10h<\/strong><\/p>\n<ul class=\"wp-block-list\">\n<li>Monte Azul x Francana \u2013 Monte Azul Paulista<\/li>\n<\/ul>\n<p><strong>11h<\/strong><\/p>\n<ul class=\"wp-block-list\">\n<li>Primavera x Paulista \u2013 Campinas<\/li>\n<\/ul>\n<h3 class=\"wp-block-heading\"><strong>A definir<\/strong><\/h3>\n<ul class=\"wp-block-list\">\n<li>Comercial x Inter de Limeira \u2013 Riber\u00e3o Preto<\/li>\n<\/ul>\n<p>SAIBA MAIS<br \/>Feira do Livro: teatro, circo e reflex\u00f5es marcam a segunda-feira; Veja programa\u00e7\u00e3o<\/p>\n<h2 class=\"wp-block-heading\"><strong>FIQUE ON<\/strong><\/h2>\n<p>Fique ligado em tudo que acontece em Ribeir\u00e3o Preto e regi\u00e3o. Siga os perfis do\u00a0<strong>acidade on\u00a0<\/strong>no\u00a0<a href=\"https:\/\/www.instagram.com\/acidadeonribeirao\" target=\"_blank\" rel=\"noreferrer noopener\">Instagram<\/a>\u00a0e no\u00a0<a href=\"https:\/\/www.facebook.com\/acidadeonribeirao\/\" target=\"_blank\" rel=\"noreferrer noopener\">Facebook<\/a>.<\/p>\n<p>Receba not\u00edcias do\u00a0<strong>acidade on<\/strong>\u00a0no WhatsApp.\u00a0<a href=\"https:\/\/chat.whatsapp.com\/I4nieTEMKlf50pJ28aMemC?mode=ac_t\" target=\"_blank\" rel=\"noreferrer noopener\">Para entrar no grupo, basta clicar aqui.<\/a><\/p>\n<p>Fa\u00e7a uma den\u00fancia ou sugira uma reportagem sobre Ribeir\u00e3o Preto e regi\u00e3o pelo WhatsApp: 16 99117 7802.<\/p>\n<p>VEJA TAMB\u00c9M<br \/>Cogumelos s\u00e3o nutritivos, mas sozinhos n\u00e3o d\u00e3o conta da prote\u00edna<\/p>\n<p><!-- AI CONTENT END 1 -->\n<\/div>\n<\/div>\n<p><script async src=\"\/\/www.instagram.com\/embed.js\"><\/script><br \/>\n<br \/><br \/>\n<br \/><a href=\"https:\/\/www.acidadeon.com\/ribeiraopreto\/esportes\/comercial-conhece-data-do-confronto-da-ida-das-oitavas-de-final-da-copa-paulista\/\">Source link <\/a><\/p>\n<!-- CONTENT END 1 -->\n","protected":false},"excerpt":{"rendered":"<p>O Comercial visita a Inter de Limeira no pr\u00f3ximo dia 26 de agosto, a partir das 15h, pelas oitavas de final da Copa Paulista. Os&#8230;<\/p>\n","protected":false},"author":1,"featured_media":73768,"comment_status":"open","ping_status":"open","sticky":false,"template":"","format":"standard","meta":{"advanced_seo_description":"","jetpack_seo_html_title":"","jetpack_seo_noindex":false,"jetpack_post_was_ever_published":false,"_jetpack_newsletter_access":"","_jetpack_dont_email_post_to_subs":false,"_jetpack_newsletter_tier_id":0,"_jetpack_memberships_contains_paywalled_content":false,"_jetpack_memberships_contains_paid_content":false,"footnotes":"","jetpack_publicize_message":"","jetpack_publicize_feature_enabled":true,"jetpack_social_post_already_shared":true,"jetpack_social_options":{"image_generator_settings":{"template":"highway","default_image_id":0,"font":"","enabled":false},"version":2}},"categories":[11],"tags":[],"class_list":["post-75928","post","type-post","status-publish","format-standard","has-post-thumbnail","hentry","category-noticias-de-ribeirao-preto-sp-e-regiao-ismael-colosi"],"jetpack_publicize_connections":[],"jetpack_featured_media_url":"https:\/\/i0.wp.com\/noticiasribeiraopreto.com.br\/wp-content\/uploads\/2025\/07\/Imagem-do-WhatsApp-de-2025-07-09-as-11.58.46_3cf63e35_2025-07-09_15-07-07.webp.webp?fit=1200%2C800&ssl=1","jetpack-related-posts":[{"id":56918,"url":"https:\/\/noticiasribeiraopreto.com.br\/index.php\/2024\/08\/17\/classificado-comercial-perde-para-o-monte-azul-pela-copa-paulista\/","url_meta":{"origin":75928,"position":0},"title":"Classificado, Comercial perde para o Monte Azul pela Copa Paulista","author":"noticiasribeiraopreto.com.br","date":"17 de August de 2024","format":false,"excerpt":"J\u00e1 classificado para as oitavas de final, o Comercial perdeu por 2 a 1 para o Monte Azul, na tarde deste s\u00e1bado (17), pela \u00faltima rodada da primeira fase da Copa Paulista. O confronto foi realizado no est\u00e1dio Otac\u00edlia Patr\u00edcio Arroyo, em Monte Azul Paulista. Os gols Os gols do\u2026","rel":"","context":"In &quot;Not\u00edcias de Ribeir\u00e3o Preto-SP e Regi\u00e3o&quot;","block_context":{"text":"Not\u00edcias de Ribeir\u00e3o Preto-SP e Regi\u00e3o","link":"https:\/\/noticiasribeiraopreto.com.br\/index.php\/category\/noticias-de-ribeirao-preto-sp-e-regiao-ismael-colosi\/"},"img":{"alt_text":"","src":"https:\/\/i0.wp.com\/noticiasribeiraopreto.com.br\/wp-content\/uploads\/2024\/08\/monte-azul-comercial_2024-08-17_19-49-35_jpg_2024-08-17_19-49-36.webp.webp?fit=1200%2C800&ssl=1&resize=350%2C200","width":350,"height":200,"srcset":"https:\/\/i0.wp.com\/noticiasribeiraopreto.com.br\/wp-content\/uploads\/2024\/08\/monte-azul-comercial_2024-08-17_19-49-35_jpg_2024-08-17_19-49-36.webp.webp?fit=1200%2C800&ssl=1&resize=350%2C200 1x, https:\/\/i0.wp.com\/noticiasribeiraopreto.com.br\/wp-content\/uploads\/2024\/08\/monte-azul-comercial_2024-08-17_19-49-35_jpg_2024-08-17_19-49-36.webp.webp?fit=1200%2C800&ssl=1&resize=525%2C300 1.5x, https:\/\/i0.wp.com\/noticiasribeiraopreto.com.br\/wp-content\/uploads\/2024\/08\/monte-azul-comercial_2024-08-17_19-49-35_jpg_2024-08-17_19-49-36.webp.webp?fit=1200%2C800&ssl=1&resize=700%2C400 2x, https:\/\/i0.wp.com\/noticiasribeiraopreto.com.br\/wp-content\/uploads\/2024\/08\/monte-azul-comercial_2024-08-17_19-49-35_jpg_2024-08-17_19-49-36.webp.webp?fit=1200%2C800&ssl=1&resize=1050%2C600 3x"},"classes":[]},{"id":75869,"url":"https:\/\/noticiasribeiraopreto.com.br\/index.php\/2025\/08\/16\/comercial-perde-em-araras-e-conhece-adversario-nas-oitavas-da-copa-paulista\/","url_meta":{"origin":75928,"position":1},"title":"Comercial perde em Araras e conhece advers\u00e1rio nas oitavas da Copa Paulista","author":"noticiasribeiraopreto.com.br","date":"16 de August de 2025","format":false,"excerpt":"O Comercial perdeu por 1 a 0 para o Uni\u00e3o S\u00e3o Jo\u00e3o na tarde deste s\u00e1bado (16), pela \u00faltima rodada da primeira fase da Copa Paulista 2025. A partida foi realizada no est\u00e1dio Doutor Herm\u00ednio Ometto, em Araras. O gol O Uni\u00e3o S\u00e3o Jo\u00e3o abriu o placar aos 26\u00a0 minutos\u2026","rel":"","context":"In &quot;Not\u00edcias de Ribeir\u00e3o Preto-SP e Regi\u00e3o&quot;","block_context":{"text":"Not\u00edcias de Ribeir\u00e3o Preto-SP e Regi\u00e3o","link":"https:\/\/noticiasribeiraopreto.com.br\/index.php\/category\/noticias-de-ribeirao-preto-sp-e-regiao-ismael-colosi\/"},"img":{"alt_text":"","src":"https:\/\/i0.wp.com\/noticiasribeiraopreto.com.br\/wp-content\/uploads\/2025\/08\/comercial-copa-paulista_2025-08-16_20-14-25.webp.webp?fit=1200%2C933&ssl=1&resize=350%2C200","width":350,"height":200,"srcset":"https:\/\/i0.wp.com\/noticiasribeiraopreto.com.br\/wp-content\/uploads\/2025\/08\/comercial-copa-paulista_2025-08-16_20-14-25.webp.webp?fit=1200%2C933&ssl=1&resize=350%2C200 1x, https:\/\/i0.wp.com\/noticiasribeiraopreto.com.br\/wp-content\/uploads\/2025\/08\/comercial-copa-paulista_2025-08-16_20-14-25.webp.webp?fit=1200%2C933&ssl=1&resize=525%2C300 1.5x, https:\/\/i0.wp.com\/noticiasribeiraopreto.com.br\/wp-content\/uploads\/2025\/08\/comercial-copa-paulista_2025-08-16_20-14-25.webp.webp?fit=1200%2C933&ssl=1&resize=700%2C400 2x, https:\/\/i0.wp.com\/noticiasribeiraopreto.com.br\/wp-content\/uploads\/2025\/08\/comercial-copa-paulista_2025-08-16_20-14-25.webp.webp?fit=1200%2C933&ssl=1&resize=1050%2C600 3x"},"classes":[]},{"id":50738,"url":"https:\/\/noticiasribeiraopreto.com.br\/index.php\/2024\/05\/18\/veja-quando-acontece-o-classico-come-fogo-na-copa-paulista-2024\/","url_meta":{"origin":75928,"position":2},"title":"Veja quando acontece o cl\u00e1ssico Come-Fogo na Copa Paulista 2024","author":"noticiasribeiraopreto.com.br","date":"18 de May de 2024","format":false,"excerpt":"O cl\u00e1ssico de Ribeir\u00e3o Preto Come-Fogo j\u00e1 tem data para acontecer na Copa Paulista 2024. A FPF (Federa\u00e7\u00e3o Paulista de Futebol) definiu que o primeiro confronto entre Comercial e Botafogo ser\u00e1 realizado no dia 7 de julho, a partir das 10h, no est\u00e1dio Santa Cruz\/Arena Nicnet. O segundo jogo do\u2026","rel":"","context":"In &quot;Not\u00edcias de Ribeir\u00e3o Preto-SP e Regi\u00e3o&quot;","block_context":{"text":"Not\u00edcias de Ribeir\u00e3o Preto-SP e Regi\u00e3o","link":"https:\/\/noticiasribeiraopreto.com.br\/index.php\/category\/noticias-de-ribeirao-preto-sp-e-regiao-ismael-colosi\/"},"img":{"alt_text":"","src":"https:\/\/i0.wp.com\/noticiasribeiraopreto.com.br\/wp-content\/uploads\/2024\/04\/come-fogo.webp.webp?fit=979%2C648&ssl=1&resize=350%2C200","width":350,"height":200,"srcset":"https:\/\/i0.wp.com\/noticiasribeiraopreto.com.br\/wp-content\/uploads\/2024\/04\/come-fogo.webp.webp?fit=979%2C648&ssl=1&resize=350%2C200 1x, https:\/\/i0.wp.com\/noticiasribeiraopreto.com.br\/wp-content\/uploads\/2024\/04\/come-fogo.webp.webp?fit=979%2C648&ssl=1&resize=525%2C300 1.5x, https:\/\/i0.wp.com\/noticiasribeiraopreto.com.br\/wp-content\/uploads\/2024\/04\/come-fogo.webp.webp?fit=979%2C648&ssl=1&resize=700%2C400 2x"},"classes":[]},{"id":50747,"url":"https:\/\/noticiasribeiraopreto.com.br\/index.php\/2024\/05\/18\/veja-quando-acontece-o-classico-come-fogo-na-copa-paulista-2024-2\/","url_meta":{"origin":75928,"position":3},"title":"Veja quando acontece o cl\u00e1ssico Come-Fogo na Copa Paulista 2024","author":"noticiasribeiraopreto.com.br","date":"18 de May de 2024","format":false,"excerpt":"O cl\u00e1ssico de Ribeir\u00e3o Preto Come-Fogo j\u00e1 tem data para acontecer na Copa Paulista 2024. A FPF (Federa\u00e7\u00e3o Paulista de Futebol) definiu que o primeiro confronto entre Comercial e Botafogo ser\u00e1 realizado no dia 7 de julho, a partir das 10h, no est\u00e1dio Santa Cruz\/Arena Nicnet. O segundo jogo do\u2026","rel":"","context":"In &quot;Not\u00edcias de Ribeir\u00e3o Preto-SP e Regi\u00e3o&quot;","block_context":{"text":"Not\u00edcias de Ribeir\u00e3o Preto-SP e Regi\u00e3o","link":"https:\/\/noticiasribeiraopreto.com.br\/index.php\/category\/noticias-de-ribeirao-preto-sp-e-regiao-ismael-colosi\/"},"img":{"alt_text":"","src":"https:\/\/i0.wp.com\/noticiasribeiraopreto.com.br\/wp-content\/uploads\/2024\/04\/come-fogo.webp.webp?fit=979%2C648&ssl=1&resize=350%2C200","width":350,"height":200,"srcset":"https:\/\/i0.wp.com\/noticiasribeiraopreto.com.br\/wp-content\/uploads\/2024\/04\/come-fogo.webp.webp?fit=979%2C648&ssl=1&resize=350%2C200 1x, https:\/\/i0.wp.com\/noticiasribeiraopreto.com.br\/wp-content\/uploads\/2024\/04\/come-fogo.webp.webp?fit=979%2C648&ssl=1&resize=525%2C300 1.5x, https:\/\/i0.wp.com\/noticiasribeiraopreto.com.br\/wp-content\/uploads\/2024\/04\/come-fogo.webp.webp?fit=979%2C648&ssl=1&resize=700%2C400 2x"},"classes":[]},{"id":69022,"url":"https:\/\/noticiasribeiraopreto.com.br\/index.php\/2025\/05\/01\/come-fogo-na-copa-paulista-2025-fpf-define-tabela-da-competicao\/","url_meta":{"origin":75928,"position":4},"title":"Come-Fogo na Copa Paulista 2025: FPF define tabela da competi\u00e7\u00e3o","author":"noticiasribeiraopreto.com.br","date":"1 de May de 2025","format":false,"excerpt":"A FPF (Federa\u00e7\u00e3o Paulista de Futebol) divulgou na noite de quarta-feira (30) a tabela base da Copa Paulista 2025. A competi\u00e7\u00e3o, que tem previs\u00e3o de in\u00edcio no dia 15 de junho, ter\u00e1 duas partidas do cl\u00e1ssico Come-Fogo, marcadas para terceira e oitava rodadas da primeira fase. As equipes de Ribeir\u00e3o\u2026","rel":"","context":"In &quot;Not\u00edcias de Ribeir\u00e3o Preto-SP e Regi\u00e3o&quot;","block_context":{"text":"Not\u00edcias de Ribeir\u00e3o Preto-SP e Regi\u00e3o","link":"https:\/\/noticiasribeiraopreto.com.br\/index.php\/category\/noticias-de-ribeirao-preto-sp-e-regiao-ismael-colosi\/"},"img":{"alt_text":"","src":"https:\/\/i0.wp.com\/noticiasribeiraopreto.com.br\/wp-content\/uploads\/2025\/05\/come-fogo_2025-05-01_14-29-49.webp.webp?fit=1200%2C799&ssl=1&resize=350%2C200","width":350,"height":200,"srcset":"https:\/\/i0.wp.com\/noticiasribeiraopreto.com.br\/wp-content\/uploads\/2025\/05\/come-fogo_2025-05-01_14-29-49.webp.webp?fit=1200%2C799&ssl=1&resize=350%2C200 1x, https:\/\/i0.wp.com\/noticiasribeiraopreto.com.br\/wp-content\/uploads\/2025\/05\/come-fogo_2025-05-01_14-29-49.webp.webp?fit=1200%2C799&ssl=1&resize=525%2C300 1.5x, https:\/\/i0.wp.com\/noticiasribeiraopreto.com.br\/wp-content\/uploads\/2025\/05\/come-fogo_2025-05-01_14-29-49.webp.webp?fit=1200%2C799&ssl=1&resize=700%2C400 2x, https:\/\/i0.wp.com\/noticiasribeiraopreto.com.br\/wp-content\/uploads\/2025\/05\/come-fogo_2025-05-01_14-29-49.webp.webp?fit=1200%2C799&ssl=1&resize=1050%2C600 3x"},"classes":[]},{"id":76325,"url":"https:\/\/noticiasribeiraopreto.com.br\/index.php\/2025\/08\/26\/copa-paulista-comercial-e-derrotado-pela-inter-de-limeira-no-primeiro-jogo-das-oitavas\/","url_meta":{"origin":75928,"position":5},"title":"Copa Paulista: Comercial \u00e9 derrotado pela Inter de Limeira no primeiro jogo das oitavas","author":"noticiasribeiraopreto.com.br","date":"26 de August de 2025","format":false,"excerpt":"O Comercial perdeu para Inter de Limeira no jogo de ida das oitavas de final da Copa Paulista, realizado na tarde desta ter\u00e7a-feira (26), no Major Levy Sobrinho, em Limeira. O time da casa venceu por 1 a 0 e largou na frente na disputa pela vaga nas quartas de\u2026","rel":"","context":"In &quot;Not\u00edcias de Ribeir\u00e3o Preto-SP e Regi\u00e3o&quot;","block_context":{"text":"Not\u00edcias de Ribeir\u00e3o Preto-SP e Regi\u00e3o","link":"https:\/\/noticiasribeiraopreto.com.br\/index.php\/category\/noticias-de-ribeirao-preto-sp-e-regiao-ismael-colosi\/"},"img":{"alt_text":"","src":"https:\/\/i0.wp.com\/noticiasribeiraopreto.com.br\/wp-content\/uploads\/2025\/08\/Copia-de-Copia-de-Copia-de-TAMANHO-EXATO-PARA-FOTOS-NO-SISTEMA-NOVO-2025-08-26T173806.992_2025-08-26_20-38-53.webp.webp?fit=1200%2C675&ssl=1&resize=350%2C200","width":350,"height":200,"srcset":"https:\/\/i0.wp.com\/noticiasribeiraopreto.com.br\/wp-content\/uploads\/2025\/08\/Copia-de-Copia-de-Copia-de-TAMANHO-EXATO-PARA-FOTOS-NO-SISTEMA-NOVO-2025-08-26T173806.992_2025-08-26_20-38-53.webp.webp?fit=1200%2C675&ssl=1&resize=350%2C200 1x, https:\/\/i0.wp.com\/noticiasribeiraopreto.com.br\/wp-content\/uploads\/2025\/08\/Copia-de-Copia-de-Copia-de-TAMANHO-EXATO-PARA-FOTOS-NO-SISTEMA-NOVO-2025-08-26T173806.992_2025-08-26_20-38-53.webp.webp?fit=1200%2C675&ssl=1&resize=525%2C300 1.5x, https:\/\/i0.wp.com\/noticiasribeiraopreto.com.br\/wp-content\/uploads\/2025\/08\/Copia-de-Copia-de-Copia-de-TAMANHO-EXATO-PARA-FOTOS-NO-SISTEMA-NOVO-2025-08-26T173806.992_2025-08-26_20-38-53.webp.webp?fit=1200%2C675&ssl=1&resize=700%2C400 2x, https:\/\/i0.wp.com\/noticiasribeiraopreto.com.br\/wp-content\/uploads\/2025\/08\/Copia-de-Copia-de-Copia-de-TAMANHO-EXATO-PARA-FOTOS-NO-SISTEMA-NOVO-2025-08-26T173806.992_2025-08-26_20-38-53.webp.webp?fit=1200%2C675&ssl=1&resize=1050%2C600 3x"},"classes":[]}],"jetpack_sharing_enabled":true,"jetpack_shortlink":"https:\/\/wp.me\/peQAOb-jKE","_links":{"self":[{"href":"https:\/\/noticiasribeiraopreto.com.br\/index.php\/wp-json\/wp\/v2\/posts\/75928","targetHints":{"allow":["GET"]}}],"collection":[{"href":"https:\/\/noticiasribeiraopreto.com.br\/index.php\/wp-json\/wp\/v2\/posts"}],"about":[{"href":"https:\/\/noticiasribeiraopreto.com.br\/index.php\/wp-json\/wp\/v2\/types\/post"}],"author":[{"embeddable":true,"href":"https:\/\/noticiasribeiraopreto.com.br\/index.php\/wp-json\/wp\/v2\/users\/1"}],"replies":[{"embeddable":true,"href":"https:\/\/noticiasribeiraopreto.com.br\/index.php\/wp-json\/wp\/v2\/comments?post=75928"}],"version-history":[{"count":0,"href":"https:\/\/noticiasribeiraopreto.com.br\/index.php\/wp-json\/wp\/v2\/posts\/75928\/revisions"}],"wp:featuredmedia":[{"embeddable":true,"href":"https:\/\/noticiasribeiraopreto.com.br\/index.php\/wp-json\/wp\/v2\/media\/73768"}],"wp:attachment":[{"href":"https:\/\/noticiasribeiraopreto.com.br\/index.php\/wp-json\/wp\/v2\/media?parent=75928"}],"wp:term":[{"taxonomy":"category","embeddable":true,"href":"https:\/\/noticiasribeiraopreto.com.br\/index.php\/wp-json\/wp\/v2\/categories?post=75928"},{"taxonomy":"post_tag","embeddable":true,"href":"https:\/\/noticiasribeiraopreto.com.br\/index.php\/wp-json\/wp\/v2\/tags?post=75928"}],"curies":[{"name":"wp","href":"https:\/\/api.w.org\/{rel}","templated":true}]}}