{"id":75932,"date":"2025-08-18T21:40:09","date_gmt":"2025-08-19T00:40:09","guid":{"rendered":"https:\/\/noticiasribeiraopreto.com.br\/index.php\/2025\/08\/18\/advogado-que-sofreu-atentado-em-ribeirao-diz-que-nao-imaginava-ser-o-alvo-dos-disparos\/"},"modified":"2025-08-18T21:40:09","modified_gmt":"2025-08-19T00:40:09","slug":"advogado-que-sofreu-atentado-em-ribeirao-diz-que-nao-imaginava-ser-o-alvo-dos-disparos","status":"publish","type":"post","link":"https:\/\/noticiasribeiraopreto.com.br\/index.php\/2025\/08\/18\/advogado-que-sofreu-atentado-em-ribeirao-diz-que-nao-imaginava-ser-o-alvo-dos-disparos\/","title":{"rendered":"Advogado que sofreu atentado em Ribeir\u00e3o diz que n\u00e3o imaginava ser o alvo dos disparos"},"content":{"rendered":"<div class='code-block code-block-1' style='margin: 8px 0 8px auto; text-align: right; display: block; clear: both;'>\n<p><a href=\"https:\/\/wa.link\/vpicfd\"><img data-recalc-dims=\"1\" class=\"wp-image-4922\" style=\"aspect-ratio: 2.0253164556962027; width: 561px; height: auto;\" src=\"https:\/\/i0.wp.com\/ismaelcolosi.com.br\/wp-content\/uploads\/2023\/11\/grupo-de-empregos-whatsapp-e-facebook-ismael-colosi-vagas.jpg?ssl=1\" alt=\"\" \/><\/a><\/p>\n<!-- \/wp:image -->\n<\/div>\n<p> <br \/>\n<\/p>\n<div>\n<p>O <strong>advogado criminalista<\/strong> que sofreu um atentado na manh\u00e3 de s\u00e1bado (16), no Parque dos Servidores, zona Leste de <strong>Ribeir\u00e3o Preto<\/strong>, disse \u00e0 <strong>EPTV <\/strong>que n\u00e3o imaginava ser o alvo dos disparos.<\/p>\n<p><strong>Marcelo Dentello<\/strong> estava saindo de casa quando dois criminosos encapuzados, que estavam em um carro, fecharam o ve\u00edculo da v\u00edtima e come\u00e7aram os disparos. <strong>Pelo menos 23 c\u00e1psulas foram encontradas no local<\/strong>.<\/p>\n<figure class=\"wp-block-pullquote\">\n<blockquote>\n<p>De repente, desceu ali duas pessoas com rosto coberto e armas na m\u00e3o. Como eu j\u00e1 estava dando uma r\u00e9 bem leve foi o momento que acelerei realmente e fui tirando o p\u00e9 da embreagem para fugir dali<\/p>\n<\/blockquote>\n<\/figure>\n<p>C\u00e2meras de seguran\u00e7a registraram toda a a\u00e7\u00e3o \u2013 veja abaixo. Segundo o boletim de ocorr\u00eancia, os criminosos estavam em um Toyota Yaris no cruzamento das ruas Alfredo Poggi e Trinta e Um. <\/p>\n<p>Al\u00e9m do carro de <strong>Dentello<\/strong>, os disparos tamb\u00e9m acertaram um ve\u00edculo que estava estacionado. <strong><mark style=\"background-color:#fcb900\" class=\"has-inline-color\">Apesar do susto, ningu\u00e9m ficou ferido.<\/mark><\/strong><\/p>\n<figure class=\"wp-block-video aligncenter\"><video controls=\"\" src=\"https:\/\/www.acidadeon.com\/ribeiraopreto\/wp-content\/uploads\/sites\/3\/2025\/08\/WhatsApp-Video-2025-08-18-at-21.24.56.mp4\"\/><\/figure>\n<p>O advogado ainda disse que havia acabado de voltar do mercado, deixado algumas compras em casa e retornado para o carro, pois iria levar um rem\u00e9dio para um amigo.<\/p>\n<p>\u201cQuando voc\u00ea v\u00ea duas pessoas com arma na m\u00e3o e capuz no rosto, dois covardes, s\u00f3 poderia ser execu\u00e7\u00e3o\u201d, afirmou o advogado, que atua h\u00e1 mais de 30 anos na \u00e1rea criminal.<\/p>\n<p>Ele \u00e9 quem defende <strong>Carlos Salom\u00e3o<\/strong>, suspeito de matar o pr\u00f3prio irm\u00e3o, Rog\u00e9rio Salom\u00e3o, e a advogada dele, Lilian Jorge, em outubro do ano passado, dentro de um galp\u00e3o de supermercado desativado em <strong>Jardin\u00f3polis<\/strong>.<\/p>\n<figure class=\"wp-block-pullquote\">\n<blockquote>\n<p>Nunca sofri qualquer tipo de amea\u00e7a, nunca aconteceu isso comigo, nunca briguei com ningu\u00e9m. N\u00e3o se pode, em 2025, confundir a figura do advogado criminalista com o crime. Eu n\u00e3o estou defendendo o crime, jamais defendi o crime. N\u00e3o defendo nem o porte de arma. Defendo os direitos institucionais, da ampla defesa desse cidad\u00e3o. \u00c9 isso que o advogado criminalista faz<\/p>\n<\/blockquote>\n<\/figure>\n<p>A <strong>OAB de Ribeir\u00e3o Preto<\/strong> afirma que acompanha o caso e est\u00e1 prestando todo o apoio e atendimento ao advogado.<\/p>\n<p><em>*Com informa\u00e7\u00f5es da EPTV e g1 Ribeir\u00e3o Preto e Franca<\/em><\/p>\n<hr class=\"wp-block-separator has-alpha-channel-opacity\"\/>\n<p>SAIBA MAIS<\/p>\n<p>C\u00e2mara de Ribeir\u00e3o aprova Programa Refis para renegocia\u00e7\u00e3o de d\u00edvidas municipais<\/p>\n<h2 class=\"wp-block-heading\"><strong>FIQUE ON<\/strong><\/h2>\n<p>Fique ligado em tudo que acontece em Ribeir\u00e3o Preto e regi\u00e3o. Siga os perfis do\u00a0<strong>acidade on\u00a0<\/strong>no\u00a0<a href=\"https:\/\/www.instagram.com\/acidadeonribeirao\" target=\"_blank\" rel=\"noreferrer noopener\">Instagram<\/a>\u00a0e no\u00a0<a href=\"https:\/\/www.facebook.com\/acidadeonribeirao\/\" target=\"_blank\" rel=\"noreferrer noopener\">Facebook<\/a>.<\/p>\n<p>Receba not\u00edcias do\u00a0<strong>acidade on<\/strong>\u00a0no WhatsApp.\u00a0<a href=\"https:\/\/chat.whatsapp.com\/I4nieTEMKlf50pJ28aMemC?mode=ac_t\" target=\"_blank\" rel=\"noreferrer noopener\">Para entrar no grupo, basta clicar aqui.<\/a><\/p>\n<p>Fa\u00e7a uma den\u00fancia ou sugira uma reportagem sobre Ribeir\u00e3o Preto e regi\u00e3o pelo WhatsApp: 16 99117 7802.<\/p>\n<p>VEJA TAMB\u00c9M<\/p>\n<p>O que aconteceu com Draiton Menezes, irm\u00e3o de Sheron Menezzes?<\/p>\n<p><!-- AI CONTENT END 1 -->\n<\/div>\n<p><script async src=\"\/\/www.instagram.com\/embed.js\"><\/script><br \/>\n<br \/><br \/>\n<br \/><a href=\"https:\/\/www.acidadeon.com\/ribeiraopreto\/cotidiano\/advogado-que-sofreu-atentado-em-ribeirao-diz-que-nao-imaginava-ser-o-alvo-dos-disparos\/\">Source link <\/a><\/p>\n<!-- CONTENT END 1 -->\n","protected":false},"excerpt":{"rendered":"<p>O advogado criminalista que sofreu um atentado na manh\u00e3 de s\u00e1bado (16), no Parque dos Servidores, zona Leste de Ribeir\u00e3o Preto, disse \u00e0 EPTV que&#8230;<\/p>\n","protected":false},"author":1,"featured_media":75845,"comment_status":"open","ping_status":"open","sticky":false,"template":"","format":"standard","meta":{"advanced_seo_description":"","jetpack_seo_html_title":"","jetpack_seo_noindex":false,"jetpack_post_was_ever_published":false,"_jetpack_newsletter_access":"","_jetpack_dont_email_post_to_subs":false,"_jetpack_newsletter_tier_id":0,"_jetpack_memberships_contains_paywalled_content":false,"_jetpack_memberships_contains_paid_content":false,"footnotes":"","jetpack_publicize_message":"","jetpack_publicize_feature_enabled":true,"jetpack_social_post_already_shared":true,"jetpack_social_options":{"image_generator_settings":{"template":"highway","default_image_id":0,"font":"","enabled":false},"version":2}},"categories":[11],"tags":[],"class_list":["post-75932","post","type-post","status-publish","format-standard","has-post-thumbnail","hentry","category-noticias-de-ribeirao-preto-sp-e-regiao-ismael-colosi"],"jetpack_publicize_connections":[],"jetpack_featured_media_url":"https:\/\/i0.wp.com\/noticiasribeiraopreto.com.br\/wp-content\/uploads\/2025\/08\/clio-advogado_2025-08-16_16-43-41.webp.webp?fit=1199%2C829&ssl=1","jetpack-related-posts":[{"id":75844,"url":"https:\/\/noticiasribeiraopreto.com.br\/index.php\/2025\/08\/16\/criminosos-encapuzados-realizam-ataque-a-tiros-contra-advogado-em-ribeirao-preto\/","url_meta":{"origin":75932,"position":0},"title":"Criminosos encapuzados realizam ataque a tiros contra advogado em Ribeir\u00e3o Preto","author":"noticiasribeiraopreto.com.br","date":"16 de August de 2025","format":false,"excerpt":"Um advogado sofreu um ataque a tiros na manh\u00e3 deste s\u00e1bado (16), no Parque dos Servidores, na zona Leste de Ribeir\u00e3o Preto. O advogado estava saindo de casa quando dois criminosos encapuzados, que estavam em um carro, fecharam o ve\u00edculo da v\u00edtima e come\u00e7aram os disparos. O crime aconteceu na\u2026","rel":"","context":"In &quot;Not\u00edcias de Ribeir\u00e3o Preto-SP e Regi\u00e3o&quot;","block_context":{"text":"Not\u00edcias de Ribeir\u00e3o Preto-SP e Regi\u00e3o","link":"https:\/\/noticiasribeiraopreto.com.br\/index.php\/category\/noticias-de-ribeirao-preto-sp-e-regiao-ismael-colosi\/"},"img":{"alt_text":"","src":"https:\/\/i0.wp.com\/noticiasribeiraopreto.com.br\/wp-content\/uploads\/2025\/08\/clio-advogado_2025-08-16_16-43-41.webp.webp?fit=1199%2C829&ssl=1&resize=350%2C200","width":350,"height":200,"srcset":"https:\/\/i0.wp.com\/noticiasribeiraopreto.com.br\/wp-content\/uploads\/2025\/08\/clio-advogado_2025-08-16_16-43-41.webp.webp?fit=1199%2C829&ssl=1&resize=350%2C200 1x, https:\/\/i0.wp.com\/noticiasribeiraopreto.com.br\/wp-content\/uploads\/2025\/08\/clio-advogado_2025-08-16_16-43-41.webp.webp?fit=1199%2C829&ssl=1&resize=525%2C300 1.5x, https:\/\/i0.wp.com\/noticiasribeiraopreto.com.br\/wp-content\/uploads\/2025\/08\/clio-advogado_2025-08-16_16-43-41.webp.webp?fit=1199%2C829&ssl=1&resize=700%2C400 2x, https:\/\/i0.wp.com\/noticiasribeiraopreto.com.br\/wp-content\/uploads\/2025\/08\/clio-advogado_2025-08-16_16-43-41.webp.webp?fit=1199%2C829&ssl=1&resize=1050%2C600 3x"},"classes":[]},{"id":78470,"url":"https:\/\/noticiasribeiraopreto.com.br\/index.php\/2025\/10\/11\/carro-roubado-em-ribeirao-preto-pode-ter-sido-usado-para-incendiar-supermercado-na-regiao\/","url_meta":{"origin":75932,"position":1},"title":"Carro roubado em Ribeir\u00e3o Preto pode ter sido usado para incendiar supermercado na regi\u00e3o","author":"noticiasribeiraopreto.com.br","date":"11 de October de 2025","format":false,"excerpt":"A Pol\u00edcia investiga se o carro utilizado para incendiar um supermercado em Jardin\u00f3polis foi roubado em Ribeir\u00e3o Preto. O inc\u00eandio ocorreu na madrugada desta quinta-feira (9) e destruiu o estabelecimento pertencente \u00e0 fam\u00edlia Salom\u00e3o. De acordo com a investiga\u00e7\u00e3o, o ve\u00edculo foi encontrado completamente queimado ap\u00f3s o fogo e teria\u2026","rel":"","context":"In &quot;Not\u00edcias de Ribeir\u00e3o Preto-SP e Regi\u00e3o&quot;","block_context":{"text":"Not\u00edcias de Ribeir\u00e3o Preto-SP e Regi\u00e3o","link":"https:\/\/noticiasribeiraopreto.com.br\/index.php\/category\/noticias-de-ribeirao-preto-sp-e-regiao-ismael-colosi\/"},"img":{"alt_text":"","src":"https:\/\/i0.wp.com\/noticiasribeiraopreto.com.br\/wp-content\/uploads\/2025\/10\/supermercado-1_2025-10-09_13-07-07.webp.webp?fit=1200%2C644&ssl=1&resize=350%2C200","width":350,"height":200,"srcset":"https:\/\/i0.wp.com\/noticiasribeiraopreto.com.br\/wp-content\/uploads\/2025\/10\/supermercado-1_2025-10-09_13-07-07.webp.webp?fit=1200%2C644&ssl=1&resize=350%2C200 1x, https:\/\/i0.wp.com\/noticiasribeiraopreto.com.br\/wp-content\/uploads\/2025\/10\/supermercado-1_2025-10-09_13-07-07.webp.webp?fit=1200%2C644&ssl=1&resize=525%2C300 1.5x, https:\/\/i0.wp.com\/noticiasribeiraopreto.com.br\/wp-content\/uploads\/2025\/10\/supermercado-1_2025-10-09_13-07-07.webp.webp?fit=1200%2C644&ssl=1&resize=700%2C400 2x, https:\/\/i0.wp.com\/noticiasribeiraopreto.com.br\/wp-content\/uploads\/2025\/10\/supermercado-1_2025-10-09_13-07-07.webp.webp?fit=1200%2C644&ssl=1&resize=1050%2C600 3x"},"classes":[]},{"id":75915,"url":"https:\/\/noticiasribeiraopreto.com.br\/index.php\/2025\/08\/18\/advogado-sofre-atentado-no-parque-dos-servidores\/","url_meta":{"origin":75932,"position":2},"title":"Advogado sofre atentado no Parque dos Servidores","author":"noticiasribeiraopreto.com.br","date":"18 de August de 2025","format":false,"excerpt":"Suspeita \u00e9 que ataque tenha liga\u00e7\u00e3o a duplo homic\u00eddio de empres\u00e1rio e advogada em Jardin\u00f3polis 18 de agosto de 2025 13:050 Compartilhar0 Por: Adalberto Luque Um advogado foi alvo de um atentado, na manh\u00e3 deste s\u00e1bado (16). Ele seguia com seu carro, um Renault Clio pela rua Alfredo Poggi, Parque\u2026","rel":"","context":"In &quot;Not\u00edcias de Ribeir\u00e3o Preto-SP e Regi\u00e3o&quot;","block_context":{"text":"Not\u00edcias de Ribeir\u00e3o Preto-SP e Regi\u00e3o","link":"https:\/\/noticiasribeiraopreto.com.br\/index.php\/category\/noticias-de-ribeirao-preto-sp-e-regiao-ismael-colosi\/"},"img":{"alt_text":"","src":"https:\/\/i0.wp.com\/noticiasribeiraopreto.com.br\/wp-content\/uploads\/2025\/08\/18-ago-2025-advogadoalvejado.jpg?fit=781%2C780&ssl=1&resize=350%2C200","width":350,"height":200,"srcset":"https:\/\/i0.wp.com\/noticiasribeiraopreto.com.br\/wp-content\/uploads\/2025\/08\/18-ago-2025-advogadoalvejado.jpg?fit=781%2C780&ssl=1&resize=350%2C200 1x, https:\/\/i0.wp.com\/noticiasribeiraopreto.com.br\/wp-content\/uploads\/2025\/08\/18-ago-2025-advogadoalvejado.jpg?fit=781%2C780&ssl=1&resize=525%2C300 1.5x, https:\/\/i0.wp.com\/noticiasribeiraopreto.com.br\/wp-content\/uploads\/2025\/08\/18-ago-2025-advogadoalvejado.jpg?fit=781%2C780&ssl=1&resize=700%2C400 2x"},"classes":[]},{"id":81072,"url":"https:\/\/noticiasribeiraopreto.com.br\/index.php\/2025\/12\/23\/criminoso-morre-apos-ser-baleado-por-pm-de-folga-durante-tentativa-de-roubo-em-ribeirao-preto\/","url_meta":{"origin":75932,"position":3},"title":"Criminoso morre ap\u00f3s ser baleado por PM de folga durante tentativa de roubo em Ribeir\u00e3o Preto","author":"noticiasribeiraopreto.com.br","date":"23 de December de 2025","format":false,"excerpt":"Um homem de 30 anos morreu ap\u00f3s ser baleado por um policial militar durante uma tentativa de roubo a uma tape\u00e7aria localizada na rua Para\u00edba, no bairro Campos El\u00edseos, zona Norte de Ribeir\u00e3o Preto, na tarde desta segunda-feira (22). De acordo com as informa\u00e7\u00f5es da Pol\u00edcia Militar, o suspeito teria\u2026","rel":"","context":"In &quot;Not\u00edcias de Ribeir\u00e3o Preto-SP e Regi\u00e3o&quot;","block_context":{"text":"Not\u00edcias de Ribeir\u00e3o Preto-SP e Regi\u00e3o","link":"https:\/\/noticiasribeiraopreto.com.br\/index.php\/category\/noticias-de-ribeirao-preto-sp-e-regiao-ismael-colosi\/"},"img":{"alt_text":"","src":"https:\/\/i0.wp.com\/noticiasribeiraopreto.com.br\/wp-content\/uploads\/2025\/12\/domingo-22_2025-12-22_19-54-50.webp.webp?fit=1200%2C675&ssl=1&resize=350%2C200","width":350,"height":200,"srcset":"https:\/\/i0.wp.com\/noticiasribeiraopreto.com.br\/wp-content\/uploads\/2025\/12\/domingo-22_2025-12-22_19-54-50.webp.webp?fit=1200%2C675&ssl=1&resize=350%2C200 1x, https:\/\/i0.wp.com\/noticiasribeiraopreto.com.br\/wp-content\/uploads\/2025\/12\/domingo-22_2025-12-22_19-54-50.webp.webp?fit=1200%2C675&ssl=1&resize=525%2C300 1.5x, https:\/\/i0.wp.com\/noticiasribeiraopreto.com.br\/wp-content\/uploads\/2025\/12\/domingo-22_2025-12-22_19-54-50.webp.webp?fit=1200%2C675&ssl=1&resize=700%2C400 2x, https:\/\/i0.wp.com\/noticiasribeiraopreto.com.br\/wp-content\/uploads\/2025\/12\/domingo-22_2025-12-22_19-54-50.webp.webp?fit=1200%2C675&ssl=1&resize=1050%2C600 3x"},"classes":[]},{"id":76035,"url":"https:\/\/noticiasribeiraopreto.com.br\/index.php\/2025\/08\/21\/suspeito-nega-envolvimento-em-mortes-de-tio-e-advogada-na-regiao-de-ribeirao\/","url_meta":{"origin":75932,"position":4},"title":"Suspeito nega envolvimento em mortes de tio e advogada na regi\u00e3o de Ribeir\u00e3o","author":"noticiasribeiraopreto.com.br","date":"21 de August de 2025","format":false,"excerpt":"Bruno Carlos Orioli, suspeito de envolvimento nas mortes do tio, Rog\u00e9rio Salom\u00e3o, e da advogada Lilian Cl\u00e1udia Jorge, afirma que n\u00e3o estava no local no momento do crime. O caso ocorreu em outubro do ano passado, em Jardin\u00f3polis, na regi\u00e3o de Ribeir\u00e3o Preto. Ele, o pai, Carlos Alberto Orioli Salom\u00e3o,\u2026","rel":"","context":"In &quot;Not\u00edcias de Ribeir\u00e3o Preto-SP e Regi\u00e3o&quot;","block_context":{"text":"Not\u00edcias de Ribeir\u00e3o Preto-SP e Regi\u00e3o","link":"https:\/\/noticiasribeiraopreto.com.br\/index.php\/category\/noticias-de-ribeirao-preto-sp-e-regiao-ismael-colosi\/"},"img":{"alt_text":"","src":"https:\/\/i0.wp.com\/noticiasribeiraopreto.com.br\/wp-content\/uploads\/2025\/08\/WhatsApp-Image-2024-10-30-at-12.05.07_2024-10-30_15-06-48_jpeg_2024-10-30_15-06-48.webp.webp?fit=1200%2C997&ssl=1&resize=350%2C200","width":350,"height":200,"srcset":"https:\/\/i0.wp.com\/noticiasribeiraopreto.com.br\/wp-content\/uploads\/2025\/08\/WhatsApp-Image-2024-10-30-at-12.05.07_2024-10-30_15-06-48_jpeg_2024-10-30_15-06-48.webp.webp?fit=1200%2C997&ssl=1&resize=350%2C200 1x, https:\/\/i0.wp.com\/noticiasribeiraopreto.com.br\/wp-content\/uploads\/2025\/08\/WhatsApp-Image-2024-10-30-at-12.05.07_2024-10-30_15-06-48_jpeg_2024-10-30_15-06-48.webp.webp?fit=1200%2C997&ssl=1&resize=525%2C300 1.5x, https:\/\/i0.wp.com\/noticiasribeiraopreto.com.br\/wp-content\/uploads\/2025\/08\/WhatsApp-Image-2024-10-30-at-12.05.07_2024-10-30_15-06-48_jpeg_2024-10-30_15-06-48.webp.webp?fit=1200%2C997&ssl=1&resize=700%2C400 2x, https:\/\/i0.wp.com\/noticiasribeiraopreto.com.br\/wp-content\/uploads\/2025\/08\/WhatsApp-Image-2024-10-30-at-12.05.07_2024-10-30_15-06-48_jpeg_2024-10-30_15-06-48.webp.webp?fit=1200%2C997&ssl=1&resize=1050%2C600 3x"},"classes":[]},{"id":69106,"url":"https:\/\/noticiasribeiraopreto.com.br\/index.php\/2025\/05\/02\/video-crianca-de-5-anos-e-baleada-na-regiao\/","url_meta":{"origin":75932,"position":5},"title":"V\u00cdDEO &#8211; Crian\u00e7a de 5 anos \u00e9 baleada na regi\u00e3o","author":"noticiasribeiraopreto.com.br","date":"2 de May de 2025","format":false,"excerpt":"Homem em Honda Civic branco efetuou disparos que atingiram menino, transferido para o HC de Ribeir\u00e3o Preto em estado grave 2 de maio de 2025 11:092 de maio de 2025 11:146 Compartilhar1 Por: Adalberto Luque Uma crian\u00e7a ficou gravemente ferida, na noite desta quinta-feira (1\u00ba), ap\u00f3s ser atingida por tr\u00eas\u2026","rel":"","context":"In &quot;Not\u00edcias de Ribeir\u00e3o Preto-SP e Regi\u00e3o&quot;","block_context":{"text":"Not\u00edcias de Ribeir\u00e3o Preto-SP e Regi\u00e3o","link":"https:\/\/noticiasribeiraopreto.com.br\/index.php\/category\/noticias-de-ribeirao-preto-sp-e-regiao-ismael-colosi\/"},"img":{"alt_text":"","src":"https:\/\/i0.wp.com\/noticiasribeiraopreto.com.br\/wp-content\/uploads\/2025\/05\/02-mai-2025-criancaguariba-scaled.jpg?fit=564%2C500&ssl=1&resize=350%2C200","width":350,"height":200,"srcset":"https:\/\/i0.wp.com\/noticiasribeiraopreto.com.br\/wp-content\/uploads\/2025\/05\/02-mai-2025-criancaguariba-scaled.jpg?fit=564%2C500&ssl=1&resize=350%2C200 1x, https:\/\/i0.wp.com\/noticiasribeiraopreto.com.br\/wp-content\/uploads\/2025\/05\/02-mai-2025-criancaguariba-scaled.jpg?fit=564%2C500&ssl=1&resize=525%2C300 1.5x"},"classes":[]}],"jetpack_sharing_enabled":true,"jetpack_shortlink":"https:\/\/wp.me\/peQAOb-jKI","_links":{"self":[{"href":"https:\/\/noticiasribeiraopreto.com.br\/index.php\/wp-json\/wp\/v2\/posts\/75932","targetHints":{"allow":["GET"]}}],"collection":[{"href":"https:\/\/noticiasribeiraopreto.com.br\/index.php\/wp-json\/wp\/v2\/posts"}],"about":[{"href":"https:\/\/noticiasribeiraopreto.com.br\/index.php\/wp-json\/wp\/v2\/types\/post"}],"author":[{"embeddable":true,"href":"https:\/\/noticiasribeiraopreto.com.br\/index.php\/wp-json\/wp\/v2\/users\/1"}],"replies":[{"embeddable":true,"href":"https:\/\/noticiasribeiraopreto.com.br\/index.php\/wp-json\/wp\/v2\/comments?post=75932"}],"version-history":[{"count":0,"href":"https:\/\/noticiasribeiraopreto.com.br\/index.php\/wp-json\/wp\/v2\/posts\/75932\/revisions"}],"wp:featuredmedia":[{"embeddable":true,"href":"https:\/\/noticiasribeiraopreto.com.br\/index.php\/wp-json\/wp\/v2\/media\/75845"}],"wp:attachment":[{"href":"https:\/\/noticiasribeiraopreto.com.br\/index.php\/wp-json\/wp\/v2\/media?parent=75932"}],"wp:term":[{"taxonomy":"category","embeddable":true,"href":"https:\/\/noticiasribeiraopreto.com.br\/index.php\/wp-json\/wp\/v2\/categories?post=75932"},{"taxonomy":"post_tag","embeddable":true,"href":"https:\/\/noticiasribeiraopreto.com.br\/index.php\/wp-json\/wp\/v2\/tags?post=75932"}],"curies":[{"name":"wp","href":"https:\/\/api.w.org\/{rel}","templated":true}]}}