{"id":75933,"date":"2025-08-18T21:48:37","date_gmt":"2025-08-19T00:48:37","guid":{"rendered":"https:\/\/noticiasribeiraopreto.com.br\/index.php\/2025\/08\/18\/camara-de-ribeirao-aprova-programa-refis-para-renegociacao-de-dividas-municipais\/"},"modified":"2025-08-18T21:48:37","modified_gmt":"2025-08-19T00:48:37","slug":"camara-de-ribeirao-aprova-programa-refis-para-renegociacao-de-dividas-municipais","status":"publish","type":"post","link":"https:\/\/noticiasribeiraopreto.com.br\/index.php\/2025\/08\/18\/camara-de-ribeirao-aprova-programa-refis-para-renegociacao-de-dividas-municipais\/","title":{"rendered":"C\u00e2mara de Ribeir\u00e3o aprova Programa Refis para renegocia\u00e7\u00e3o de d\u00edvidas municipais"},"content":{"rendered":"<div class='code-block code-block-1' style='margin: 8px 0 8px auto; text-align: right; display: block; clear: both;'>\n<p><a href=\"https:\/\/wa.link\/vpicfd\"><img data-recalc-dims=\"1\" class=\"wp-image-4922\" style=\"aspect-ratio: 2.0253164556962027; width: 561px; height: auto;\" src=\"https:\/\/i0.wp.com\/ismaelcolosi.com.br\/wp-content\/uploads\/2023\/11\/grupo-de-empregos-whatsapp-e-facebook-ismael-colosi-vagas.jpg?ssl=1\" alt=\"\" \/><\/a><\/p>\n<!-- \/wp:image -->\n<\/div>\n<p> <br \/>\n<\/p>\n<div>\n<p>A <strong>C\u00e2mara Municipal de Ribeir\u00e3o Preto<\/strong> aprovou, em primeira discuss\u00e3o nesta segunda-feira (18), o <strong>Programa Refis Ribeir\u00e3o<\/strong>, que prev\u00ea a renegocia\u00e7\u00e3o de d\u00edvidas com a <strong>Administra\u00e7\u00e3o Municipal<\/strong> e com a <strong>Saerp (Secretaria de \u00c1gua e Esgoto de Ribeir\u00e3o Preto)<\/strong>.<\/p>\n<p>O projeto foi aprovado por 16 vereadores, com <strong>voto contr\u00e1rio<\/strong> apenas de <strong>Andr\u00e9 Rodini (NOVO)<\/strong>, que justificou sua posi\u00e7\u00e3o afirmando querer mais clareza sobre a situa\u00e7\u00e3o financeira do munic\u00edpio.<\/p>\n<figure class=\"wp-block-pullquote\">\n<blockquote>\n<p>[A abertura do Refis no meio do ano] abre um alerta para gente saber como est\u00e3o as finan\u00e7as do munic\u00edpio. Eu gostaria muito de saber como est\u00e3o [as finan\u00e7as] antes de dar meu voto sim; por essa raz\u00e3o, eu votarei contra<\/p>\n<p><cite>Andr\u00e9 Rodini (NOVO)<\/cite><\/p><\/blockquote>\n<\/figure>\n<p>A estimativa do secret\u00e1rio da Fazenda, Fernando Oliveira Soares, \u00e9 de que o programa <strong>aumente a arrecada\u00e7\u00e3o da Prefeitura em R$ 10 milh\u00f5es<\/strong>. O projeto segue agora para san\u00e7\u00e3o do <strong>prefeito Ricardo Silva (PSD)<\/strong>.<\/p>\n<h2 class=\"wp-block-heading\"><strong>Proposta<\/strong><\/h2>\n<p>O <strong><a href=\"https:\/\/publico.camararibeiraopreto.sp.gov.br\/pysc\/download_materia_pysc?cod_materia=NDY4MTAz&amp;texto_original=1\" target=\"_blank\" data-type=\"link\" data-id=\"https:\/\/publico.camararibeiraopreto.sp.gov.br\/pysc\/download_materia_pysc?cod_materia=NDY4MTAz&amp;texto_original=1\" rel=\"noreferrer noopener\">Projeto de Lei Complementar n\u00ba 34\/2025<\/a><\/strong> institui o programa de pagamento e parcelamento especial para quem tem d\u00edvidas com a <strong>Prefeitura de Ribeir\u00e3o Preto<\/strong> e com a <strong>Saerp<\/strong>. <mark style=\"background-color:#fcb900\" class=\"has-inline-color\">O benef\u00edcio vale para d\u00e9bitos gerados at\u00e9 31 de dezembro de 2024.<\/mark><\/p>\n<p>De acordo com a proposta, ser\u00e3o oferecidos 100% de desconto em juros e em multa para quem fizer o pagamento \u00e0 vista, descontos de at\u00e9 90% para o pagamento dos d\u00e9bitos, parcelamento em at\u00e9 120 meses e possibilidade da utiliza\u00e7\u00e3o do cart\u00e3o de cr\u00e9dito.<\/p>\n<p>Vale destacar que, al\u00e9m da aprova\u00e7\u00e3o pelo Legislativo, o pagamento por cart\u00e3o de cr\u00e9dito <strong>tamb\u00e9m depende da abertura de um chamamento p\u00fablico<\/strong> para que as empresas operadoras do servi\u00e7o realizem a ades\u00e3o ao programa do munic\u00edpio.<\/p>\n<h2 class=\"wp-block-heading\"><strong>Ades\u00e3o<\/strong><\/h2>\n<p>A expectativa \u00e9 que o <strong>Programa Refis Ribeir\u00e3o<\/strong> esteja em vigor para ades\u00e3o no\u00a0<mark style=\"background-color:#fcb900\" class=\"has-inline-color\">per\u00edodo entre 1\u00ba de setembro e 23 de dezembro.<\/mark><\/p>\n<p>A ades\u00e3o ser\u00e1 realizada pela internet (<a href=\"https:\/\/www.ribeiraopreto.sp.gov.br\/refisribeirao\" target=\"_blank\" data-type=\"link\" data-id=\"https:\/\/www.ribeiraopreto.sp.gov.br\/refisribeirao\" rel=\"noreferrer noopener\">clique aqui<\/a>), posto de atendimento da Prefeitura Municipal de Ribeir\u00e3o Preto no Poupatempo, e pelo call center \u2013 (16) 3519-3450 \u2013 da Secretaria Municipal da Fazenda.<\/p>\n<hr class=\"wp-block-separator has-alpha-channel-opacity\"\/>\n<p>SAIBA MAIS<\/p>\n<p>Prefeitura confirma cons\u00f3rcio respons\u00e1vel por obra de R$ 3,5 milh\u00f5es na Ribeir\u00e2nia<\/p>\n<h2 class=\"wp-block-heading\"><strong>FIQUE ON<\/strong><\/h2>\n<p>Fique ligado em tudo que acontece em Ribeir\u00e3o Preto e regi\u00e3o. Siga os perfis do\u00a0<strong>acidade on\u00a0<\/strong>no\u00a0<a href=\"https:\/\/www.instagram.com\/acidadeonribeirao\" target=\"_blank\" rel=\"noreferrer noopener\">Instagram<\/a>\u00a0e no\u00a0<a href=\"https:\/\/www.facebook.com\/acidadeonribeirao\/\" target=\"_blank\" rel=\"noreferrer noopener\">Facebook<\/a>.<\/p>\n<p>Receba not\u00edcias do\u00a0<strong>acidade on<\/strong>\u00a0no WhatsApp.\u00a0<a href=\"https:\/\/chat.whatsapp.com\/I4nieTEMKlf50pJ28aMemC?mode=ac_t\" target=\"_blank\" rel=\"noreferrer noopener\">Para entrar no grupo, basta clicar aqui.<\/a><\/p>\n<p>Fa\u00e7a uma den\u00fancia ou sugira uma reportagem sobre Ribeir\u00e3o Preto e regi\u00e3o pelo WhatsApp: 16 99117 7802.<\/p>\n<p>VEJA TAMB\u00c9M<\/p>\n<p>Quando estreia \u201cGood Boy\u201d?<\/p>\n<p><!-- AI CONTENT END 1 -->\n<\/div>\n<p><script async src=\"\/\/www.instagram.com\/embed.js\"><\/script><br \/>\n<br \/><br \/>\n<br \/><a href=\"https:\/\/www.acidadeon.com\/ribeiraopreto\/politica\/camara-de-ribeirao-aprova-programa-refis-para-renegociacao-de-dividas-municipais\/\">Source link <\/a><\/p>\n<!-- CONTENT END 1 -->\n","protected":false},"excerpt":{"rendered":"<p>A C\u00e2mara Municipal de Ribeir\u00e3o Preto aprovou, em primeira discuss\u00e3o nesta segunda-feira (18), o Programa Refis Ribeir\u00e3o, que prev\u00ea a renegocia\u00e7\u00e3o de d\u00edvidas com a&#8230;<\/p>\n","protected":false},"author":1,"featured_media":75934,"comment_status":"open","ping_status":"open","sticky":false,"template":"","format":"standard","meta":{"advanced_seo_description":"","jetpack_seo_html_title":"","jetpack_seo_noindex":false,"jetpack_post_was_ever_published":false,"_jetpack_newsletter_access":"","_jetpack_dont_email_post_to_subs":false,"_jetpack_newsletter_tier_id":0,"_jetpack_memberships_contains_paywalled_content":false,"_jetpack_memberships_contains_paid_content":false,"footnotes":"","jetpack_publicize_message":"","jetpack_publicize_feature_enabled":true,"jetpack_social_post_already_shared":true,"jetpack_social_options":{"image_generator_settings":{"template":"highway","default_image_id":0,"font":"","enabled":false},"version":2}},"categories":[11],"tags":[],"class_list":["post-75933","post","type-post","status-publish","format-standard","has-post-thumbnail","hentry","category-noticias-de-ribeirao-preto-sp-e-regiao-ismael-colosi"],"jetpack_publicize_connections":[],"jetpack_featured_media_url":"https:\/\/i0.wp.com\/noticiasribeiraopreto.com.br\/wp-content\/uploads\/2025\/08\/DSC6100_0_2025-08-18_23-05-17.webp.webp?fit=1200%2C800&ssl=1","jetpack-related-posts":[{"id":75616,"url":"https:\/\/noticiasribeiraopreto.com.br\/index.php\/2025\/08\/12\/ribeirao-preto-anuncia-refis-com-parcelamento-das-dividas-em-ate-120-meses\/","url_meta":{"origin":75933,"position":0},"title":"Ribeir\u00e3o Preto anuncia Refis com parcelamento das d\u00edvidas em at\u00e9 120 meses","author":"noticiasribeiraopreto.com.br","date":"12 de August de 2025","format":false,"excerpt":"A Prefeitura de Ribeir\u00e3o Preto anunciou nesta ter\u00e7a-feira (12) o Programa Refis Ribeir\u00e3o, para renegocia\u00e7\u00e3o de d\u00edvidas junto \u00e0 Administra\u00e7\u00e3o Municipal e a Saerp (Secretaria de \u00c1gua e Esgoto de Ribeir\u00e3o Preto). O secret\u00e1rio da Fazenda Fernando Oliveira Soares estima aumentar a arrecada\u00e7\u00e3o da prefeitura em R$ 10 milh\u00f5es. De\u2026","rel":"","context":"In &quot;Not\u00edcias de Ribeir\u00e3o Preto-SP e Regi\u00e3o&quot;","block_context":{"text":"Not\u00edcias de Ribeir\u00e3o Preto-SP e Regi\u00e3o","link":"https:\/\/noticiasribeiraopreto.com.br\/index.php\/category\/noticias-de-ribeirao-preto-sp-e-regiao-ismael-colosi\/"},"img":{"alt_text":"","src":"https:\/\/i0.wp.com\/noticiasribeiraopreto.com.br\/wp-content\/uploads\/2025\/07\/prefeito-ricardo-silva_2025-07-31_20-57-54.webp.webp?fit=1200%2C800&ssl=1&resize=350%2C200","width":350,"height":200,"srcset":"https:\/\/i0.wp.com\/noticiasribeiraopreto.com.br\/wp-content\/uploads\/2025\/07\/prefeito-ricardo-silva_2025-07-31_20-57-54.webp.webp?fit=1200%2C800&ssl=1&resize=350%2C200 1x, https:\/\/i0.wp.com\/noticiasribeiraopreto.com.br\/wp-content\/uploads\/2025\/07\/prefeito-ricardo-silva_2025-07-31_20-57-54.webp.webp?fit=1200%2C800&ssl=1&resize=525%2C300 1.5x, https:\/\/i0.wp.com\/noticiasribeiraopreto.com.br\/wp-content\/uploads\/2025\/07\/prefeito-ricardo-silva_2025-07-31_20-57-54.webp.webp?fit=1200%2C800&ssl=1&resize=700%2C400 2x, https:\/\/i0.wp.com\/noticiasribeiraopreto.com.br\/wp-content\/uploads\/2025\/07\/prefeito-ricardo-silva_2025-07-31_20-57-54.webp.webp?fit=1200%2C800&ssl=1&resize=1050%2C600 3x"},"classes":[]},{"id":76570,"url":"https:\/\/noticiasribeiraopreto.com.br\/index.php\/2025\/09\/01\/refis-ribeirao-comeca-nesta-segunda-feira\/","url_meta":{"origin":75933,"position":1},"title":"Refis Ribeir\u00e3o come\u00e7a nesta segunda-feira","author":"noticiasribeiraopreto.com.br","date":"1 de September de 2025","format":false,"excerpt":"1 de setembro de 2025 09:462 Compartilhar0 O prazo para ades\u00e3o ao novo Programa de Recupera\u00e7\u00e3o Fiscal de Ribeir\u00e3o Preto (Refis Ribeir\u00e3o) come\u00e7ou nesta segunda-feira, 1\u00ba de setembro, e seguir\u00e1 at\u00e9 23 de dezembro. Mais de 114 mil contribuintes inadimplentes poder\u00e3o renegociar d\u00e9bitos com a prefeitura e com a Saerp\u2026","rel":"","context":"In &quot;Not\u00edcias de Ribeir\u00e3o Preto-SP e Regi\u00e3o&quot;","block_context":{"text":"Not\u00edcias de Ribeir\u00e3o Preto-SP e Regi\u00e3o","link":"https:\/\/noticiasribeiraopreto.com.br\/index.php\/category\/noticias-de-ribeirao-preto-sp-e-regiao-ismael-colosi\/"},"img":{"alt_text":"","src":"https:\/\/i0.wp.com\/noticiasribeiraopreto.com.br\/wp-content\/uploads\/2025\/09\/PoupaRP-Prefeitura-de-Ribeirao-Preto-1-scaled.jpg?fit=750%2C500&ssl=1&resize=350%2C200","width":350,"height":200,"srcset":"https:\/\/i0.wp.com\/noticiasribeiraopreto.com.br\/wp-content\/uploads\/2025\/09\/PoupaRP-Prefeitura-de-Ribeirao-Preto-1-scaled.jpg?fit=750%2C500&ssl=1&resize=350%2C200 1x, https:\/\/i0.wp.com\/noticiasribeiraopreto.com.br\/wp-content\/uploads\/2025\/09\/PoupaRP-Prefeitura-de-Ribeirao-Preto-1-scaled.jpg?fit=750%2C500&ssl=1&resize=525%2C300 1.5x, https:\/\/i0.wp.com\/noticiasribeiraopreto.com.br\/wp-content\/uploads\/2025\/09\/PoupaRP-Prefeitura-de-Ribeirao-Preto-1-scaled.jpg?fit=750%2C500&ssl=1&resize=700%2C400 2x"},"classes":[]},{"id":75617,"url":"https:\/\/noticiasribeiraopreto.com.br\/index.php\/2025\/08\/12\/novo-refis-podera-beneficiar-mais-de-100-mil-contribuintes\/","url_meta":{"origin":75933,"position":2},"title":"Novo Refis poder\u00e1 beneficiar mais de 100 mil contribuintes","author":"noticiasribeiraopreto.com.br","date":"12 de August de 2025","format":false,"excerpt":"12 de agosto de 2025 15:384 Compartilhar0 Programa de Renegocia\u00e7\u00e3o de D\u00edvidas, lan\u00e7ado nesta ter\u00e7a-feira (12) pelo prefeito de Ribeir\u00e3o Preto, Ricardo Silva A Prefeitura de Ribeir\u00e3o Preto lan\u00e7ou, nesta ter\u00e7a-feira, 12 de agosto, o Programa de Recupera\u00e7\u00e3o Fiscal Refis Ribeir\u00e3o, voltado para devedores de tributos e taxas municipais. O\u2026","rel":"","context":"In &quot;Not\u00edcias de Ribeir\u00e3o Preto-SP e Regi\u00e3o&quot;","block_context":{"text":"Not\u00edcias de Ribeir\u00e3o Preto-SP e Regi\u00e3o","link":"https:\/\/noticiasribeiraopreto.com.br\/index.php\/category\/noticias-de-ribeirao-preto-sp-e-regiao-ismael-colosi\/"},"img":{"alt_text":"","src":"https:\/\/i0.wp.com\/noticiasribeiraopreto.com.br\/wp-content\/uploads\/2025\/08\/site_refis_1.jpg?fit=800%2C533&ssl=1&resize=350%2C200","width":350,"height":200,"srcset":"https:\/\/i0.wp.com\/noticiasribeiraopreto.com.br\/wp-content\/uploads\/2025\/08\/site_refis_1.jpg?fit=800%2C533&ssl=1&resize=350%2C200 1x, https:\/\/i0.wp.com\/noticiasribeiraopreto.com.br\/wp-content\/uploads\/2025\/08\/site_refis_1.jpg?fit=800%2C533&ssl=1&resize=525%2C300 1.5x, https:\/\/i0.wp.com\/noticiasribeiraopreto.com.br\/wp-content\/uploads\/2025\/08\/site_refis_1.jpg?fit=800%2C533&ssl=1&resize=700%2C400 2x"},"classes":[]},{"id":80735,"url":"https:\/\/noticiasribeiraopreto.com.br\/index.php\/2025\/12\/12\/camara-veta-terreno-para-bancar-divida\/","url_meta":{"origin":75933,"position":3},"title":"C\u00e2mara veta terreno \u2028para bancar d\u00edvida","author":"noticiasribeiraopreto.com.br","date":"12 de December de 2025","format":false,"excerpt":"\r \r \r 12 de dezembro de 2025 09:47 \r Compartilhar0 \u00c1rea com 17,9 mil metros quadrados ao lado do Morro do S\u00e3o Bento seria dada por mun\u00edcipe como pagamento de d\u00edvidas tribut\u00e1rias e n\u00e3o tribut\u00e1rias de R$ 8,6 milh\u00f5es\u2028\u2028A C\u00e2mara de Vereadores barrou o pagamento de d\u00edvidas tribut\u00e1rias e\u2026","rel":"","context":"In &quot;Not\u00edcias de Ribeir\u00e3o Preto-SP e Regi\u00e3o&quot;","block_context":{"text":"Not\u00edcias de Ribeir\u00e3o Preto-SP e Regi\u00e3o","link":"https:\/\/noticiasribeiraopreto.com.br\/index.php\/category\/noticias-de-ribeirao-preto-sp-e-regiao-ismael-colosi\/"},"img":{"alt_text":"","src":"https:\/\/i0.wp.com\/noticiasribeiraopreto.com.br\/wp-content\/uploads\/2025\/12\/Terreno-Google-Maps-01-scaled.jpg?fit=1200%2C636&ssl=1&resize=350%2C200","width":350,"height":200,"srcset":"https:\/\/i0.wp.com\/noticiasribeiraopreto.com.br\/wp-content\/uploads\/2025\/12\/Terreno-Google-Maps-01-scaled.jpg?fit=1200%2C636&ssl=1&resize=350%2C200 1x, https:\/\/i0.wp.com\/noticiasribeiraopreto.com.br\/wp-content\/uploads\/2025\/12\/Terreno-Google-Maps-01-scaled.jpg?fit=1200%2C636&ssl=1&resize=525%2C300 1.5x, https:\/\/i0.wp.com\/noticiasribeiraopreto.com.br\/wp-content\/uploads\/2025\/12\/Terreno-Google-Maps-01-scaled.jpg?fit=1200%2C636&ssl=1&resize=700%2C400 2x, https:\/\/i0.wp.com\/noticiasribeiraopreto.com.br\/wp-content\/uploads\/2025\/12\/Terreno-Google-Maps-01-scaled.jpg?fit=1200%2C636&ssl=1&resize=1050%2C600 3x"},"classes":[]},{"id":75939,"url":"https:\/\/noticiasribeiraopreto.com.br\/index.php\/2025\/08\/19\/vereadores-aprovam-refis-ribeirao-tribuna-ribeirao\/","url_meta":{"origin":75933,"position":4},"title":"Vereadores aprovam Refis Ribeir\u00e3o\u00a0 &#8211; Tribuna Ribeir\u00e3o","author":"noticiasribeiraopreto.com.br","date":"19 de August de 2025","format":false,"excerpt":"Programa de renegocia\u00e7\u00e3o de d\u00edvidas conceder\u00e1 descontos de at\u00e9 100% nas multas e juros e parcelamento em at\u00e9 60 vezes; para valores acima de R$ 500 mil, ser\u00e3o 120 meses \u00a0 A C\u00e2mara de Vereadores aprovou, na sess\u00e3o desta segunda-feira, 18 de agosto, em primeira discuss\u00e3o, o projeto que cria\u2026","rel":"","context":"In &quot;Not\u00edcias de Ribeir\u00e3o Preto-SP e Regi\u00e3o&quot;","block_context":{"text":"Not\u00edcias de Ribeir\u00e3o Preto-SP e Regi\u00e3o","link":"https:\/\/noticiasribeiraopreto.com.br\/index.php\/category\/noticias-de-ribeirao-preto-sp-e-regiao-ismael-colosi\/"},"img":{"alt_text":"","src":"https:\/\/i0.wp.com\/noticiasribeiraopreto.com.br\/wp-content\/uploads\/2025\/08\/okRefisRP-Alfredo-Risk.jpg?fit=1000%2C667&ssl=1&resize=350%2C200","width":350,"height":200,"srcset":"https:\/\/i0.wp.com\/noticiasribeiraopreto.com.br\/wp-content\/uploads\/2025\/08\/okRefisRP-Alfredo-Risk.jpg?fit=1000%2C667&ssl=1&resize=350%2C200 1x, https:\/\/i0.wp.com\/noticiasribeiraopreto.com.br\/wp-content\/uploads\/2025\/08\/okRefisRP-Alfredo-Risk.jpg?fit=1000%2C667&ssl=1&resize=525%2C300 1.5x, https:\/\/i0.wp.com\/noticiasribeiraopreto.com.br\/wp-content\/uploads\/2025\/08\/okRefisRP-Alfredo-Risk.jpg?fit=1000%2C667&ssl=1&resize=700%2C400 2x"},"classes":[]},{"id":76443,"url":"https:\/\/noticiasribeiraopreto.com.br\/index.php\/2025\/08\/29\/prefeito-sanciona-lei-do-refis\/","url_meta":{"origin":75933,"position":5},"title":"Prefeito sanciona lei do Refis","author":"noticiasribeiraopreto.com.br","date":"29 de August de 2025","format":false,"excerpt":"O prefeito Ricardo Silva (PSD) sancionou a lei complementar n\u00famero 3.276, que institui em Ribeir\u00e3o Preto novo Programa de Recupera\u00e7\u00e3o Fiscal (Refis) para devedores de tributos e taxas municipal, segundo consta no Di\u00e1rio Oficial do Munic\u00edpio (DOM) desta quinta-feira, 28 de agosto. A reda\u00e7\u00e3o final do projeto foi aprovada no\u2026","rel":"","context":"In &quot;Not\u00edcias de Ribeir\u00e3o Preto-SP e Regi\u00e3o&quot;","block_context":{"text":"Not\u00edcias de Ribeir\u00e3o Preto-SP e Regi\u00e3o","link":"https:\/\/noticiasribeiraopreto.com.br\/index.php\/category\/noticias-de-ribeirao-preto-sp-e-regiao-ismael-colosi\/"},"img":{"alt_text":"","src":"https:\/\/i0.wp.com\/noticiasribeiraopreto.com.br\/wp-content\/uploads\/2025\/08\/RefisRP-Alfredo-Risk-scaled.jpg?fit=1170%2C780&ssl=1&resize=350%2C200","width":350,"height":200,"srcset":"https:\/\/i0.wp.com\/noticiasribeiraopreto.com.br\/wp-content\/uploads\/2025\/08\/RefisRP-Alfredo-Risk-scaled.jpg?fit=1170%2C780&ssl=1&resize=350%2C200 1x, https:\/\/i0.wp.com\/noticiasribeiraopreto.com.br\/wp-content\/uploads\/2025\/08\/RefisRP-Alfredo-Risk-scaled.jpg?fit=1170%2C780&ssl=1&resize=525%2C300 1.5x, https:\/\/i0.wp.com\/noticiasribeiraopreto.com.br\/wp-content\/uploads\/2025\/08\/RefisRP-Alfredo-Risk-scaled.jpg?fit=1170%2C780&ssl=1&resize=700%2C400 2x, https:\/\/i0.wp.com\/noticiasribeiraopreto.com.br\/wp-content\/uploads\/2025\/08\/RefisRP-Alfredo-Risk-scaled.jpg?fit=1170%2C780&ssl=1&resize=1050%2C600 3x"},"classes":[]}],"jetpack_sharing_enabled":true,"jetpack_shortlink":"https:\/\/wp.me\/peQAOb-jKJ","_links":{"self":[{"href":"https:\/\/noticiasribeiraopreto.com.br\/index.php\/wp-json\/wp\/v2\/posts\/75933","targetHints":{"allow":["GET"]}}],"collection":[{"href":"https:\/\/noticiasribeiraopreto.com.br\/index.php\/wp-json\/wp\/v2\/posts"}],"about":[{"href":"https:\/\/noticiasribeiraopreto.com.br\/index.php\/wp-json\/wp\/v2\/types\/post"}],"author":[{"embeddable":true,"href":"https:\/\/noticiasribeiraopreto.com.br\/index.php\/wp-json\/wp\/v2\/users\/1"}],"replies":[{"embeddable":true,"href":"https:\/\/noticiasribeiraopreto.com.br\/index.php\/wp-json\/wp\/v2\/comments?post=75933"}],"version-history":[{"count":0,"href":"https:\/\/noticiasribeiraopreto.com.br\/index.php\/wp-json\/wp\/v2\/posts\/75933\/revisions"}],"wp:featuredmedia":[{"embeddable":true,"href":"https:\/\/noticiasribeiraopreto.com.br\/index.php\/wp-json\/wp\/v2\/media\/75934"}],"wp:attachment":[{"href":"https:\/\/noticiasribeiraopreto.com.br\/index.php\/wp-json\/wp\/v2\/media?parent=75933"}],"wp:term":[{"taxonomy":"category","embeddable":true,"href":"https:\/\/noticiasribeiraopreto.com.br\/index.php\/wp-json\/wp\/v2\/categories?post=75933"},{"taxonomy":"post_tag","embeddable":true,"href":"https:\/\/noticiasribeiraopreto.com.br\/index.php\/wp-json\/wp\/v2\/tags?post=75933"}],"curies":[{"name":"wp","href":"https:\/\/api.w.org\/{rel}","templated":true}]}}