{"id":75935,"date":"2025-08-18T21:56:25","date_gmt":"2025-08-19T00:56:25","guid":{"rendered":"https:\/\/noticiasribeiraopreto.com.br\/index.php\/2025\/08\/18\/teatro-municipal-de-ribeirao-preto-apresenta-espetaculo-que-mistura-humor-e-critica-social\/"},"modified":"2025-08-18T21:56:25","modified_gmt":"2025-08-19T00:56:25","slug":"teatro-municipal-de-ribeirao-preto-apresenta-espetaculo-que-mistura-humor-e-critica-social","status":"publish","type":"post","link":"https:\/\/noticiasribeiraopreto.com.br\/index.php\/2025\/08\/18\/teatro-municipal-de-ribeirao-preto-apresenta-espetaculo-que-mistura-humor-e-critica-social\/","title":{"rendered":"Teatro Municipal de Ribeir\u00e3o Preto apresenta espet\u00e1culo que mistura humor e cr\u00edtica social"},"content":{"rendered":"<div class='code-block code-block-1' style='margin: 8px 0 8px auto; text-align: right; display: block; clear: both;'>\n<p><a href=\"https:\/\/wa.link\/vpicfd\"><img data-recalc-dims=\"1\" class=\"wp-image-4922\" style=\"aspect-ratio: 2.0253164556962027; width: 561px; height: auto;\" src=\"https:\/\/i0.wp.com\/ismaelcolosi.com.br\/wp-content\/uploads\/2023\/11\/grupo-de-empregos-whatsapp-e-facebook-ismael-colosi-vagas.jpg?ssl=1\" alt=\"\" \/><\/a><\/p>\n<!-- \/wp:image -->\n<\/div>\n<p> <br \/>\n<\/p>\n<div data-td-block-uid=\"tdi_95\">\n<div class=\"tdb-block-inner td-fix-index\">\n<p><strong>Ribeir\u00e3o Preto<\/strong> recebe no dia <strong>10 de outubro<\/strong>, \u00e0s 20h, a apresenta\u00e7\u00e3o da pe\u00e7a \u201c<strong>Ch\u00e1 de Caridade<\/strong>\u201d, uma com\u00e9dia que re\u00fane <strong>humor<\/strong>, <strong>cr\u00edtica social <\/strong>e <strong>situa\u00e7\u00f5es do cotidiano<\/strong>.<\/p>\n<p>O espet\u00e1culo acontece no <strong>Teatro Municipal,<\/strong> e os ingressos est\u00e3o dispon\u00edveis para compra on-line (<a href=\"https:\/\/megabilheteria.com\/evento?id=20250716110639#sinopse\" target=\"_blank\" data-type=\"link\" data-id=\"https:\/\/megabilheteria.com\/evento?id=20250716110639#sinopse\" rel=\"noreferrer noopener\">clique aqui<\/a>). Os valores variam de R$ 40 (meia-entrada) a R$ 80 (inteira).<\/p>\n<h2 class=\"wp-block-heading\"><strong>Sinopse<\/strong><\/h2>\n<p>A trama acompanha um tradicional evento beneficente organizado por senhoras da alta sociedade.<\/p>\n<p>O que deveria ser um encontro de empatia e generosidade, no entanto, acaba se transformando em um palco de disputas, di\u00e1logos atravessados e confus\u00f5es, revelando vaidades e hipocrisias.<\/p>\n<p>Com di\u00e1logos afiados, personagens e situa\u00e7\u00f5es absurdamente reais, a apresenta\u00e7\u00e3o promete divertir do come\u00e7o ao fim, equilibrando cr\u00edtica social e com\u00e9dia em um texto din\u00e2mico e curioso.<\/p>\n<h3 class=\"wp-block-heading\"><strong>Servi\u00e7o<\/strong><\/h3>\n<p><em>Ch\u00e1 de caridade<\/em><\/p>\n<p>Quando: 10 de outubro<\/p>\n<p>Hor\u00e1rio: \u00e0s 20h<\/p>\n<p>Local: Teatro Municipal de Ribeir\u00e3o Preto<\/p>\n<p>Ingressos: a partir de R$ 40 (meia-entrada) \u2013 clique aqui para adquirir<\/p>\n<hr class=\"wp-block-separator has-alpha-channel-opacity\"\/>\n<p>SAIBA MAIS<\/p>\n<p>Comemorando 45 anos nos palcos, 14 Bis se apresenta no Theatro Pedro II<\/p>\n<h2 class=\"wp-block-heading\"><strong>FIQUE ON<\/strong><\/h2>\n<p>Fique ligado em tudo que acontece em Ribeir\u00e3o Preto e regi\u00e3o. Siga os perfis do\u00a0<strong>acidade on\u00a0<\/strong>no\u00a0<a href=\"https:\/\/www.instagram.com\/acidadeonribeirao\" target=\"_blank\" rel=\"noreferrer noopener\">Instagram<\/a>\u00a0e no\u00a0<a href=\"https:\/\/www.facebook.com\/acidadeonribeirao\/\" target=\"_blank\" rel=\"noreferrer noopener\">Facebook<\/a>.<\/p>\n<p>Receba not\u00edcias do\u00a0<strong>acidade on<\/strong>\u00a0no WhatsApp.\u00a0<a href=\"https:\/\/chat.whatsapp.com\/I4nieTEMKlf50pJ28aMemC?mode=ac_t\" target=\"_blank\" rel=\"noreferrer noopener\">Para entrar no grupo, basta clicar aqui.<\/a><\/p>\n<p>Fa\u00e7a uma den\u00fancia ou sugira uma reportagem sobre Ribeir\u00e3o Preto e regi\u00e3o pelo WhatsApp: 16 99117 7802.<\/p>\n<p>VEJA TAMB\u00c9M<\/p>\n<p>Hytalo Santos vai para qual pres\u00eddio?<\/p>\n<p><!-- AI CONTENT END 1 -->\n<\/div>\n<\/div>\n<p><script async src=\"\/\/www.instagram.com\/embed.js\"><\/script><br \/>\n<br \/><br \/>\n<br \/><a href=\"https:\/\/www.acidadeon.com\/ribeiraopreto\/lazer-e-cultura\/teatro-municipal-de-ribeirao-preto-apresenta-espetaculo-que-mistura-humor-e-critica-social\/\">Source link <\/a><\/p>\n<!-- CONTENT END 1 -->\n","protected":false},"excerpt":{"rendered":"<p>Ribeir\u00e3o Preto recebe no dia 10 de outubro, \u00e0s 20h, a apresenta\u00e7\u00e3o da pe\u00e7a \u201cCh\u00e1 de Caridade\u201d, uma com\u00e9dia que re\u00fane humor, cr\u00edtica social e&#8230;<\/p>\n","protected":false},"author":1,"featured_media":75936,"comment_status":"open","ping_status":"open","sticky":false,"template":"","format":"standard","meta":{"advanced_seo_description":"","jetpack_seo_html_title":"","jetpack_seo_noindex":false,"jetpack_post_was_ever_published":false,"_jetpack_newsletter_access":"","_jetpack_dont_email_post_to_subs":false,"_jetpack_newsletter_tier_id":0,"_jetpack_memberships_contains_paywalled_content":false,"_jetpack_memberships_contains_paid_content":false,"footnotes":"","jetpack_publicize_message":"","jetpack_publicize_feature_enabled":true,"jetpack_social_post_already_shared":true,"jetpack_social_options":{"image_generator_settings":{"template":"highway","default_image_id":0,"font":"","enabled":false},"version":2}},"categories":[11],"tags":[],"class_list":["post-75935","post","type-post","status-publish","format-standard","has-post-thumbnail","hentry","category-noticias-de-ribeirao-preto-sp-e-regiao-ismael-colosi"],"jetpack_publicize_connections":[],"jetpack_featured_media_url":"https:\/\/i0.wp.com\/noticiasribeiraopreto.com.br\/wp-content\/uploads\/2025\/08\/cha-de-caridade-2_2025-08-18_21-38-26.webp.webp?fit=1011%2C833&ssl=1","jetpack-related-posts":[{"id":64201,"url":"https:\/\/noticiasribeiraopreto.com.br\/index.php\/2025\/03\/05\/indio-behn-apresenta-espetaculo-de-humor-no-teatro-municipal-de-ribeirao-preto\/","url_meta":{"origin":75935,"position":0},"title":"\u00cdndio Behn apresenta espet\u00e1culo de humor no Teatro Municipal de Ribeir\u00e3o Preto","author":"noticiasribeiraopreto.com.br","date":"5 de March de 2025","format":false,"excerpt":"O humorista \u00cdndio Behn apresenta nesta quinta-feira (6) o espet\u00e1culo \u201cDra Ros\u00e2ngela em: Tratamento de Choque\u201d no Teatro Municipal de Ribeir\u00e3o Preto, a partir das 20h. Os ingressos j\u00e1 podem ser adquiridos on-line. \u2013 veja como abaixo. Neste novo espet\u00e1culo, a personagem \u201cDra Ros\u00e2ngela\u201d, interpretada por \u00cdndio Behn, mistura m\u00fasica,\u2026","rel":"","context":"In &quot;Not\u00edcias de Ribeir\u00e3o Preto-SP e Regi\u00e3o&quot;","block_context":{"text":"Not\u00edcias de Ribeir\u00e3o Preto-SP e Regi\u00e3o","link":"https:\/\/noticiasribeiraopreto.com.br\/index.php\/category\/noticias-de-ribeirao-preto-sp-e-regiao-ismael-colosi\/"},"img":{"alt_text":"","src":"https:\/\/i0.wp.com\/noticiasribeiraopreto.com.br\/wp-content\/uploads\/2025\/03\/gratiluz-dra-rosangela_2025-03-05_11-41-34_jpg_2025-03-05_11-41-34.webp.webp?fit=800%2C534&ssl=1&resize=350%2C200","width":350,"height":200,"srcset":"https:\/\/i0.wp.com\/noticiasribeiraopreto.com.br\/wp-content\/uploads\/2025\/03\/gratiluz-dra-rosangela_2025-03-05_11-41-34_jpg_2025-03-05_11-41-34.webp.webp?fit=800%2C534&ssl=1&resize=350%2C200 1x, https:\/\/i0.wp.com\/noticiasribeiraopreto.com.br\/wp-content\/uploads\/2025\/03\/gratiluz-dra-rosangela_2025-03-05_11-41-34_jpg_2025-03-05_11-41-34.webp.webp?fit=800%2C534&ssl=1&resize=525%2C300 1.5x, https:\/\/i0.wp.com\/noticiasribeiraopreto.com.br\/wp-content\/uploads\/2025\/03\/gratiluz-dra-rosangela_2025-03-05_11-41-34_jpg_2025-03-05_11-41-34.webp.webp?fit=800%2C534&ssl=1&resize=700%2C400 2x"},"classes":[]},{"id":52834,"url":"https:\/\/noticiasribeiraopreto.com.br\/index.php\/2024\/06\/12\/teatro-municipal-de-ribeirao-preto-apresenta-stand-up-nocaute-com-entrada-gratuita\/","url_meta":{"origin":75935,"position":1},"title":"Teatro Municipal de Ribeir\u00e3o Preto apresenta stand-up \u2018Nocaute\u2019 com entrada gratuita","author":"noticiasribeiraopreto.com.br","date":"12 de June de 2024","format":false,"excerpt":"O espet\u00e1culo \u201cNocaute\u201d com o ator Marcelo Mansfield ser\u00e1 apresentando no Teatro Municipal de Ribeir\u00e3o Preto, nesta sexta-feira (14), com entrada gratuita. Com estilo stand-up comedy, a apresenta\u00e7\u00e3o ter\u00e1 in\u00edcio \u00e0s 19h. Mesmo com entrada de gra\u00e7a, \u00e9 necess\u00e1rio retirar os ingressos para o espet\u00e1culo uma hora antes do in\u00edcio\u2026","rel":"","context":"In &quot;Not\u00edcias de Ribeir\u00e3o Preto-SP e Regi\u00e3o&quot;","block_context":{"text":"Not\u00edcias de Ribeir\u00e3o Preto-SP e Regi\u00e3o","link":"https:\/\/noticiasribeiraopreto.com.br\/index.php\/category\/noticias-de-ribeirao-preto-sp-e-regiao-ismael-colosi\/"},"img":{"alt_text":"","src":"https:\/\/i0.wp.com\/noticiasribeiraopreto.com.br\/wp-content\/uploads\/2024\/06\/Copia-de-Copia-de-TAMANHO-EXATO-PARA-FOTOS-NO-SISTEMA-NOVO-12_2024-06-12_20-38-43_jpg_2024-06-12_20-38-43.webp.webp?fit=1200%2C675&ssl=1&resize=350%2C200","width":350,"height":200,"srcset":"https:\/\/i0.wp.com\/noticiasribeiraopreto.com.br\/wp-content\/uploads\/2024\/06\/Copia-de-Copia-de-TAMANHO-EXATO-PARA-FOTOS-NO-SISTEMA-NOVO-12_2024-06-12_20-38-43_jpg_2024-06-12_20-38-43.webp.webp?fit=1200%2C675&ssl=1&resize=350%2C200 1x, https:\/\/i0.wp.com\/noticiasribeiraopreto.com.br\/wp-content\/uploads\/2024\/06\/Copia-de-Copia-de-TAMANHO-EXATO-PARA-FOTOS-NO-SISTEMA-NOVO-12_2024-06-12_20-38-43_jpg_2024-06-12_20-38-43.webp.webp?fit=1200%2C675&ssl=1&resize=525%2C300 1.5x, https:\/\/i0.wp.com\/noticiasribeiraopreto.com.br\/wp-content\/uploads\/2024\/06\/Copia-de-Copia-de-TAMANHO-EXATO-PARA-FOTOS-NO-SISTEMA-NOVO-12_2024-06-12_20-38-43_jpg_2024-06-12_20-38-43.webp.webp?fit=1200%2C675&ssl=1&resize=700%2C400 2x, https:\/\/i0.wp.com\/noticiasribeiraopreto.com.br\/wp-content\/uploads\/2024\/06\/Copia-de-Copia-de-TAMANHO-EXATO-PARA-FOTOS-NO-SISTEMA-NOVO-12_2024-06-12_20-38-43_jpg_2024-06-12_20-38-43.webp.webp?fit=1200%2C675&ssl=1&resize=1050%2C600 3x"},"classes":[]},{"id":67073,"url":"https:\/\/noticiasribeiraopreto.com.br\/index.php\/2025\/04\/09\/teatro-municipal-de-ribeirao-preto-recebe-o-musical-refrao-da-furia\/","url_meta":{"origin":75935,"position":2},"title":"Teatro Municipal de Ribeir\u00e3o Preto recebe o musical \u2018Refr\u00e3o da F\u00faria\u2019","author":"noticiasribeiraopreto.com.br","date":"9 de April de 2025","format":false,"excerpt":"O Teatro Municipal de Ribeir\u00e3o Preto recebe no pr\u00f3ximo dia 17 de abril, \u00e0s 20h, o musical \u201cRefr\u00e3o da F\u00faria\u201d, inspirada em cantores da m\u00fasica popular brasileira e rock nacional. O espet\u00e1culo faz parte da programa\u00e7\u00e3o da 18\u00aa Mostra de Teatro TPC. A hist\u00f3ria acompanha a forma\u00e7\u00e3o de uma banda\u2026","rel":"","context":"In &quot;Not\u00edcias de Ribeir\u00e3o Preto-SP e Regi\u00e3o&quot;","block_context":{"text":"Not\u00edcias de Ribeir\u00e3o Preto-SP e Regi\u00e3o","link":"https:\/\/noticiasribeiraopreto.com.br\/index.php\/category\/noticias-de-ribeirao-preto-sp-e-regiao-ismael-colosi\/"},"img":{"alt_text":"","src":"https:\/\/i0.wp.com\/noticiasribeiraopreto.com.br\/wp-content\/uploads\/2025\/04\/Copia-de-Copia-de-Copia-de-TAMANHO-EXATO-PARA-FOTOS-NO-SISTEMA-NOVO-46_2025-04-09_16-25-55_jpg_2025-04-09_16-25-55.webp.webp?fit=1200%2C675&ssl=1&resize=350%2C200","width":350,"height":200,"srcset":"https:\/\/i0.wp.com\/noticiasribeiraopreto.com.br\/wp-content\/uploads\/2025\/04\/Copia-de-Copia-de-Copia-de-TAMANHO-EXATO-PARA-FOTOS-NO-SISTEMA-NOVO-46_2025-04-09_16-25-55_jpg_2025-04-09_16-25-55.webp.webp?fit=1200%2C675&ssl=1&resize=350%2C200 1x, https:\/\/i0.wp.com\/noticiasribeiraopreto.com.br\/wp-content\/uploads\/2025\/04\/Copia-de-Copia-de-Copia-de-TAMANHO-EXATO-PARA-FOTOS-NO-SISTEMA-NOVO-46_2025-04-09_16-25-55_jpg_2025-04-09_16-25-55.webp.webp?fit=1200%2C675&ssl=1&resize=525%2C300 1.5x, https:\/\/i0.wp.com\/noticiasribeiraopreto.com.br\/wp-content\/uploads\/2025\/04\/Copia-de-Copia-de-Copia-de-TAMANHO-EXATO-PARA-FOTOS-NO-SISTEMA-NOVO-46_2025-04-09_16-25-55_jpg_2025-04-09_16-25-55.webp.webp?fit=1200%2C675&ssl=1&resize=700%2C400 2x, https:\/\/i0.wp.com\/noticiasribeiraopreto.com.br\/wp-content\/uploads\/2025\/04\/Copia-de-Copia-de-Copia-de-TAMANHO-EXATO-PARA-FOTOS-NO-SISTEMA-NOVO-46_2025-04-09_16-25-55_jpg_2025-04-09_16-25-55.webp.webp?fit=1200%2C675&ssl=1&resize=1050%2C600 3x"},"classes":[]},{"id":83920,"url":"https:\/\/noticiasribeiraopreto.com.br\/index.php\/2026\/03\/28\/humor-sem-critica-nao-existe-diz-andre-mattos-antes-de-estrear-peca-em-ribeirao-preto\/","url_meta":{"origin":75935,"position":3},"title":"&#8216;Humor sem cr\u00edtica n\u00e3o existe&#8217;, diz Andr\u00e9 Mattos antes de estrear pe\u00e7a em Ribeir\u00e3o Preto","author":"noticiasribeiraopreto.com.br","date":"28 de March de 2026","format":false,"excerpt":"O ator e humorista Andr\u00e9 Mattos, que interpreta o delegado Jairo Barroso na novela Tr\u00eas Gra\u00e7as, exibida pela TV Globo\/EPTV, retorna a Ribeir\u00e3o Preto com seu novo espet\u00e1culo \u201cTodos Querem Audi\u00eancia\u201d. A apresenta\u00e7\u00e3o est\u00e1 marcada para o dia 3 de maio, \u00e0s 20h, no Teatro Municipal, e ser\u00e1 a estreia\u2026","rel":"","context":"In &quot;Not\u00edcias de Ribeir\u00e3o Preto-SP e Regi\u00e3o&quot;","block_context":{"text":"Not\u00edcias de Ribeir\u00e3o Preto-SP e Regi\u00e3o","link":"https:\/\/noticiasribeiraopreto.com.br\/index.php\/category\/noticias-de-ribeirao-preto-sp-e-regiao-ismael-colosi\/"},"img":{"alt_text":"","src":"https:\/\/i0.wp.com\/noticiasribeiraopreto.com.br\/wp-content\/uploads\/2026\/03\/THUMB-2_2026-03-28_18-45-29.webp.webp?fit=1200%2C675&ssl=1&resize=350%2C200","width":350,"height":200,"srcset":"https:\/\/i0.wp.com\/noticiasribeiraopreto.com.br\/wp-content\/uploads\/2026\/03\/THUMB-2_2026-03-28_18-45-29.webp.webp?fit=1200%2C675&ssl=1&resize=350%2C200 1x, https:\/\/i0.wp.com\/noticiasribeiraopreto.com.br\/wp-content\/uploads\/2026\/03\/THUMB-2_2026-03-28_18-45-29.webp.webp?fit=1200%2C675&ssl=1&resize=525%2C300 1.5x, https:\/\/i0.wp.com\/noticiasribeiraopreto.com.br\/wp-content\/uploads\/2026\/03\/THUMB-2_2026-03-28_18-45-29.webp.webp?fit=1200%2C675&ssl=1&resize=700%2C400 2x, https:\/\/i0.wp.com\/noticiasribeiraopreto.com.br\/wp-content\/uploads\/2026\/03\/THUMB-2_2026-03-28_18-45-29.webp.webp?fit=1200%2C675&ssl=1&resize=1050%2C600 3x"},"classes":[]},{"id":75054,"url":"https:\/\/noticiasribeiraopreto.com.br\/index.php\/2025\/08\/02\/mia-mello-apresenta-mae-fora-da-caixa-no-teatro-municipal-de-ribeirao\/","url_meta":{"origin":75935,"position":4},"title":"Mi\u00e1 Mello apresenta \u2018M\u00e3e Fora da Caixa\u2019 no Teatro Municipal de Ribeir\u00e3o","author":"noticiasribeiraopreto.com.br","date":"2 de August de 2025","format":false,"excerpt":"Neste fim de semana, o\u00a0Teatro Municipal de Ribeir\u00e3o Preto\u00a0recebe\u00a0Mi\u00e1 Mello com o espet\u00e1culo que lotou teatros \u201cM\u00e3e Fora da Caixa\u201d. Ser\u00e3o realizadas duas sess\u00f5es, sendo uma neste s\u00e1bado (2), \u00e0s 20h e a outra no domingo (3), \u00e0s 19h. A pe\u00e7a \u00e9 inspirada no best-seller de Tha\u00eds Vilarinho, tem dire\u00e7\u00e3o\u2026","rel":"","context":"In &quot;Not\u00edcias de Ribeir\u00e3o Preto-SP e Regi\u00e3o&quot;","block_context":{"text":"Not\u00edcias de Ribeir\u00e3o Preto-SP e Regi\u00e3o","link":"https:\/\/noticiasribeiraopreto.com.br\/index.php\/category\/noticias-de-ribeirao-preto-sp-e-regiao-ismael-colosi\/"},"img":{"alt_text":"","src":"https:\/\/i0.wp.com\/noticiasribeiraopreto.com.br\/wp-content\/uploads\/2025\/08\/15786016245e178c985b814_1578601624_3x2_md_2025-08-02_13-49-33.webp.webp?fit=768%2C512&ssl=1&resize=350%2C200","width":350,"height":200,"srcset":"https:\/\/i0.wp.com\/noticiasribeiraopreto.com.br\/wp-content\/uploads\/2025\/08\/15786016245e178c985b814_1578601624_3x2_md_2025-08-02_13-49-33.webp.webp?fit=768%2C512&ssl=1&resize=350%2C200 1x, https:\/\/i0.wp.com\/noticiasribeiraopreto.com.br\/wp-content\/uploads\/2025\/08\/15786016245e178c985b814_1578601624_3x2_md_2025-08-02_13-49-33.webp.webp?fit=768%2C512&ssl=1&resize=525%2C300 1.5x, https:\/\/i0.wp.com\/noticiasribeiraopreto.com.br\/wp-content\/uploads\/2025\/08\/15786016245e178c985b814_1578601624_3x2_md_2025-08-02_13-49-33.webp.webp?fit=768%2C512&ssl=1&resize=700%2C400 2x"},"classes":[]},{"id":76176,"url":"https:\/\/noticiasribeiraopreto.com.br\/index.php\/2025\/08\/23\/ribeirao-preto-recebe-espetaculo-de-humor-com-hipnose-veja-quando\/","url_meta":{"origin":75935,"position":5},"title":"Ribeir\u00e3o Preto recebe espet\u00e1culo de humor com hipnose; veja quando","author":"noticiasribeiraopreto.com.br","date":"23 de August de 2025","format":false,"excerpt":"O Teatro Municipal de Ribeir\u00e3o Preto recebe, no dia 11 de setembro, o espet\u00e1culo \u201cMagicamente Hipnose C\u00f4mica\u201c. Com mais de 10 anos em cartaz, o show j\u00e1 passou por diversas cidades brasileiras e promete uma experi\u00eancia divertida e interativa, em que a plateia participa diretamente das apresenta\u00e7\u00f5es. Conduzido pelos hipn\u00f3logos\u2026","rel":"","context":"In &quot;Not\u00edcias de Ribeir\u00e3o Preto-SP e Regi\u00e3o&quot;","block_context":{"text":"Not\u00edcias de Ribeir\u00e3o Preto-SP e Regi\u00e3o","link":"https:\/\/noticiasribeiraopreto.com.br\/index.php\/category\/noticias-de-ribeirao-preto-sp-e-regiao-ismael-colosi\/"},"img":{"alt_text":"","src":"https:\/\/i0.wp.com\/noticiasribeiraopreto.com.br\/wp-content\/uploads\/2025\/08\/DSC5134_2025-08-23_18-17-30.webp.webp?fit=1200%2C800&ssl=1&resize=350%2C200","width":350,"height":200,"srcset":"https:\/\/i0.wp.com\/noticiasribeiraopreto.com.br\/wp-content\/uploads\/2025\/08\/DSC5134_2025-08-23_18-17-30.webp.webp?fit=1200%2C800&ssl=1&resize=350%2C200 1x, https:\/\/i0.wp.com\/noticiasribeiraopreto.com.br\/wp-content\/uploads\/2025\/08\/DSC5134_2025-08-23_18-17-30.webp.webp?fit=1200%2C800&ssl=1&resize=525%2C300 1.5x, https:\/\/i0.wp.com\/noticiasribeiraopreto.com.br\/wp-content\/uploads\/2025\/08\/DSC5134_2025-08-23_18-17-30.webp.webp?fit=1200%2C800&ssl=1&resize=700%2C400 2x, https:\/\/i0.wp.com\/noticiasribeiraopreto.com.br\/wp-content\/uploads\/2025\/08\/DSC5134_2025-08-23_18-17-30.webp.webp?fit=1200%2C800&ssl=1&resize=1050%2C600 3x"},"classes":[]}],"jetpack_sharing_enabled":true,"jetpack_shortlink":"https:\/\/wp.me\/peQAOb-jKL","_links":{"self":[{"href":"https:\/\/noticiasribeiraopreto.com.br\/index.php\/wp-json\/wp\/v2\/posts\/75935","targetHints":{"allow":["GET"]}}],"collection":[{"href":"https:\/\/noticiasribeiraopreto.com.br\/index.php\/wp-json\/wp\/v2\/posts"}],"about":[{"href":"https:\/\/noticiasribeiraopreto.com.br\/index.php\/wp-json\/wp\/v2\/types\/post"}],"author":[{"embeddable":true,"href":"https:\/\/noticiasribeiraopreto.com.br\/index.php\/wp-json\/wp\/v2\/users\/1"}],"replies":[{"embeddable":true,"href":"https:\/\/noticiasribeiraopreto.com.br\/index.php\/wp-json\/wp\/v2\/comments?post=75935"}],"version-history":[{"count":0,"href":"https:\/\/noticiasribeiraopreto.com.br\/index.php\/wp-json\/wp\/v2\/posts\/75935\/revisions"}],"wp:featuredmedia":[{"embeddable":true,"href":"https:\/\/noticiasribeiraopreto.com.br\/index.php\/wp-json\/wp\/v2\/media\/75936"}],"wp:attachment":[{"href":"https:\/\/noticiasribeiraopreto.com.br\/index.php\/wp-json\/wp\/v2\/media?parent=75935"}],"wp:term":[{"taxonomy":"category","embeddable":true,"href":"https:\/\/noticiasribeiraopreto.com.br\/index.php\/wp-json\/wp\/v2\/categories?post=75935"},{"taxonomy":"post_tag","embeddable":true,"href":"https:\/\/noticiasribeiraopreto.com.br\/index.php\/wp-json\/wp\/v2\/tags?post=75935"}],"curies":[{"name":"wp","href":"https:\/\/api.w.org\/{rel}","templated":true}]}}