{"id":75939,"date":"2025-08-19T07:40:24","date_gmt":"2025-08-19T10:40:24","guid":{"rendered":"https:\/\/noticiasribeiraopreto.com.br\/index.php\/2025\/08\/19\/vereadores-aprovam-refis-ribeirao-tribuna-ribeirao\/"},"modified":"2025-08-19T07:40:24","modified_gmt":"2025-08-19T10:40:24","slug":"vereadores-aprovam-refis-ribeirao-tribuna-ribeirao","status":"publish","type":"post","link":"https:\/\/noticiasribeiraopreto.com.br\/index.php\/2025\/08\/19\/vereadores-aprovam-refis-ribeirao-tribuna-ribeirao\/","title":{"rendered":"Vereadores aprovam Refis Ribeir\u00e3o\u00a0 &#8211; Tribuna Ribeir\u00e3o"},"content":{"rendered":"<div class='code-block code-block-1' style='margin: 8px 0 8px auto; text-align: right; display: block; clear: both;'>\n<p><a href=\"https:\/\/wa.link\/vpicfd\"><img data-recalc-dims=\"1\" class=\"wp-image-4922\" style=\"aspect-ratio: 2.0253164556962027; width: 561px; height: auto;\" src=\"https:\/\/i0.wp.com\/ismaelcolosi.com.br\/wp-content\/uploads\/2023\/11\/grupo-de-empregos-whatsapp-e-facebook-ismael-colosi-vagas.jpg?ssl=1\" alt=\"\" \/><\/a><\/p>\n<!-- \/wp:image -->\n<\/div>\n<p> <br \/>\n<\/p>\n<div>\n<p><strong><i>Programa de renegocia\u00e7\u00e3o de d\u00edvidas conceder\u00e1 descontos de at\u00e9 100% nas multas e juros e parcelamento em at\u00e9 60 vezes; para valores acima de R$ 500 mil, ser\u00e3o 120 meses <\/i>\u00a0<\/strong><\/p>\n<p><span data-contrast=\"auto\">A C\u00e2mara de Vereadores aprovou, na sess\u00e3o desta segunda-feira, 18 de agosto, em primeira discuss\u00e3o, o projeto que cria o Programa de Recupera\u00e7\u00e3o Fiscal para devedores de tributos e taxas municipais, lan\u00e7ado ela prefeitura de Ribeir\u00e3o Preto no \u00faltimo dia 12. A reda\u00e7\u00e3o final ser\u00e1 votada nesta quarta-feira (20).<\/span><\/p>\n<p><span data-contrast=\"auto\">Mais de 114.000 mil inadimplentes poder\u00e3o renegociar d\u00edvidas. O valor estimado de arrecada\u00e7\u00e3o n\u00e3o foi divulgado.\u00a0 Batizado de Refis Ribeir\u00e3o, dever\u00e1 beneficiar mais de 50 mil de contribuintes inadimplentes do Imposto Predial e Territorial Urbano (IPTU) e 63 mil da Secretaria de \u00c1gua e Esgoto de Ribeir\u00e3o Preto (Saerp). <\/span><\/p>\n<p><span data-contrast=\"auto\">Levantamento da Secretaria Municipal da Fazenda indica que, at\u00e9 julho, 51.582 contribuintes estavam com todas as parcelas do imposto em aberto. Este ano foram emitidos 358.356 carn\u00eas do tributo. Atualmente, segundo a prefeitura, o n\u00famero e devedores do IPTU inscritos na D\u00edvida Ativa \u2013 d\u00e9bito de anos anteriores \u2013 \u00e9 de 66.325 contribuintes, totalizando R$ 428.639.613,54. <\/span><\/p>\n<p><span data-contrast=\"auto\">J\u00e1 o total de inadimplentes com contas da Secretaria de \u00c1gua e Esgoto de Ribeir\u00e3o Preto (Saerp) \u00e9 de cerca de 30%, aproximadamente 63 mil consumidores \u2013 s\u00e3o 217 mil liga\u00e7\u00f5es de \u00e1gua e 207 mil de esgoto na cidade.\u00a0 Com base nesse levantamento, s\u00e3o mais de 114.500 devedores. <\/span><\/p>\n<p><span data-contrast=\"auto\">A ades\u00e3o ao Refis poder\u00e1 ser feita at\u00e9 dia 23 de dezembro deste ano. Para pagamento \u00e0 vista, o programa prev\u00ea descontos de 100% da multa morat\u00f3ria e o cancelamento de 100% dos juros morat\u00f3rios dos d\u00e9bitos inscritos em D\u00edvida Ativa ou n\u00e3o, at\u00e9 o exerc\u00edcio de 2024, podendo o contribuinte optar pelo pagamento total do d\u00e9bito ou total por exerc\u00edcio.<\/span><\/p>\n<p><span data-contrast=\"auto\">Para o pagamento em doze parcelas mensais haver\u00e1 desconto de 85% da multa morat\u00f3ria e o cancelamento de 85% dos juros morat\u00f3rios dos d\u00e9bitos. J\u00e1 quem optar por parcelar a d\u00edvida em at\u00e9 24 parcelas ter\u00e1 desconto de 75% da multa morat\u00f3ria e o cancelamento de 75% dos juros morat\u00f3rios dos d\u00e9bitos.<\/span><\/p>\n<p><span data-contrast=\"auto\">Em at\u00e9 36 parcelas o desconto ser\u00e1 de 65% da multa morat\u00f3ria e o cancelamento de 65% dos juros morat\u00f3rios e em at\u00e9 60 parcelas mensais e consecutivas o desconto ser\u00e1 de 55% da multa morat\u00f3ria e o cancelamento de 55% dos juros morat\u00f3rios dos d\u00e9bitos.<\/span><\/p>\n<p><span data-contrast=\"auto\">Uma inova\u00e7\u00e3o do novo Refis \u00e9 que os grandes devedores, com valores a partir de R$ 500 mil, poder\u00e3o renegociar as d\u00edvidas com desconto de juros e multas em at\u00e9 120 meses (dez anos). Nestas renegocia\u00e7\u00f5es, os prazos e os percentuais de desconto ser\u00e3o diferenciados dos d\u00e9bitos menores.<\/span><\/p>\n<p><span data-contrast=\"auto\">Segundo a justificativa do projeto de lei, o Refis visa preparar a cidade para a transi\u00e7\u00e3o da reforma tribut\u00e1ria nacional, evitando que perca arrecada\u00e7\u00e3o ao longo do processo de transi\u00e7\u00e3o. A distribui\u00e7\u00e3o do fundo que ser\u00e1 criado pelo governo federal, com o projeto de lei complementar n\u00ba 108\/2024 e que institui o Comit\u00ea Gestor do Imposto sobre Bens e Servi\u00e7os (CG-IBS), prev\u00ea o repasse para cada munic\u00edpio de uma m\u00e9dia da arrecada\u00e7\u00e3o de impostos entre 2019 e 2026.<\/span><\/p>\n<p><span data-contrast=\"auto\">Portanto, Ribeir\u00e3o Preto tem dois anos para aumentar a arrecada\u00e7\u00e3o com a\u00e7\u00f5es quem diminuam ou zerem a inadimpl\u00eancia no recebimento dos tributos municipais. Outra inova\u00e7\u00e3o do Refis \u00e9 o incentivo \u00e0 regulariza\u00e7\u00e3o de contratos de gaveta e a atualiza\u00e7\u00e3o de cadastro de imobili\u00e1rio municipal. <\/span><\/p>\n<h3><b><span data-contrast=\"auto\">Como ser\u00e1 o<\/span><\/b> <b><span data-contrast=\"auto\">Refis Ribeir\u00e3o<\/span><\/b><\/h3>\n<p><b><span data-contrast=\"auto\">Parcelamento para <\/span><\/b><b><span data-contrast=\"auto\">d\u00edvidas de at\u00e9 R$ 500 mil:<\/span><\/b><br \/><span data-contrast=\"auto\">\u00c0 vista: 100% de desconto em multas e juros<\/span><br \/><span data-contrast=\"auto\">At\u00e9 12 parcelas: 85% de desconto<\/span><br \/><span data-contrast=\"auto\">At\u00e9 24 parcelas: 75% de desconto<\/span><br \/><span data-contrast=\"auto\">At\u00e9 36 parcelas: 65% de desconto<\/span><br \/><span data-contrast=\"auto\">At\u00e9 60 parcelas: 55% de desconto<\/span><br \/><b><span data-contrast=\"auto\">Parcelamento de grandes devedores <\/span><\/b><br \/><b><span data-contrast=\"auto\">(acima de R$ 500 mil):<\/span><\/b><br \/><span data-contrast=\"auto\">\u00c0 vista: 100% de desconto<\/span><br \/><span data-contrast=\"auto\">At\u00e9 36 parcelas: 90% de desconto<\/span><br \/><span data-contrast=\"auto\">At\u00e9 60 parcelas: 80% de desconto<\/span><br \/><span data-contrast=\"auto\">At\u00e9 120 parcelas: 70% de desconto<\/span><br \/><span data-contrast=\"auto\">Incentivo \u00e0 regulariza\u00e7\u00e3o de im\u00f3veis<\/span><span data-ccp-props=\"{}\">\u00a0<\/span><\/p>\n<p><span data-ccp-props=\"{}\">\u00a0<\/span><\/p>\n<p><span data-ccp-props=\"{}\">\u00a0<\/span><\/p>\n<\/div>\n<p><br \/>\n<br \/><a href=\"https:\/\/www.tribunaribeirao.com.br\/vereadores-aprovam-refis-ribeirao\/\">Source link <\/a><\/p>\n<!-- CONTENT END 1 -->\n","protected":false},"excerpt":{"rendered":"<p>Programa de renegocia\u00e7\u00e3o de d\u00edvidas conceder\u00e1 descontos de at\u00e9 100% nas multas e juros e parcelamento em at\u00e9 60 vezes; para valores acima de R$&#8230;<\/p>\n","protected":false},"author":1,"featured_media":75940,"comment_status":"open","ping_status":"open","sticky":false,"template":"","format":"standard","meta":{"advanced_seo_description":"","jetpack_seo_html_title":"","jetpack_seo_noindex":false,"jetpack_post_was_ever_published":false,"_jetpack_newsletter_access":"","_jetpack_dont_email_post_to_subs":false,"_jetpack_newsletter_tier_id":0,"_jetpack_memberships_contains_paywalled_content":false,"_jetpack_memberships_contains_paid_content":false,"footnotes":"","jetpack_publicize_message":"","jetpack_publicize_feature_enabled":true,"jetpack_social_post_already_shared":true,"jetpack_social_options":{"image_generator_settings":{"template":"highway","default_image_id":0,"font":"","enabled":false},"version":2}},"categories":[11],"tags":[],"class_list":["post-75939","post","type-post","status-publish","format-standard","has-post-thumbnail","hentry","category-noticias-de-ribeirao-preto-sp-e-regiao-ismael-colosi"],"jetpack_publicize_connections":[],"jetpack_featured_media_url":"https:\/\/i0.wp.com\/noticiasribeiraopreto.com.br\/wp-content\/uploads\/2025\/08\/okRefisRP-Alfredo-Risk.jpg?fit=1000%2C667&ssl=1","jetpack-related-posts":[{"id":74257,"url":"https:\/\/noticiasribeiraopreto.com.br\/index.php\/2025\/07\/18\/prefeitura-fara-programa-de-recuperacao-fiscal-refis\/","url_meta":{"origin":75939,"position":0},"title":"Prefeitura far\u00e1 Programa de Recupera\u00e7\u00e3o Fiscal &#8211; Refis","author":"noticiasribeiraopreto.com.br","date":"18 de July de 2025","format":false,"excerpt":"18 de julho de 2025 15:112 Compartilhar0 A prefeitura de Ribeir\u00e3o Preto afirmou nesta sexta-feira, 18 de julho, ao Tribuna Ribeir\u00e3o, que ir\u00e1 fazer um Programa de Recupera\u00e7\u00e3o Fiscal (Refis) para os devedores de tributos e taxas municipais. O projeto de lei j\u00e1 est\u00e1 pronto e dever\u00e1 ser protocolado no\u2026","rel":"","context":"In &quot;Not\u00edcias de Ribeir\u00e3o Preto-SP e Regi\u00e3o&quot;","block_context":{"text":"Not\u00edcias de Ribeir\u00e3o Preto-SP e Regi\u00e3o","link":"https:\/\/noticiasribeiraopreto.com.br\/index.php\/category\/noticias-de-ribeirao-preto-sp-e-regiao-ismael-colosi\/"},"img":{"alt_text":"","src":"https:\/\/i0.wp.com\/noticiasribeiraopreto.com.br\/wp-content\/uploads\/2025\/07\/PlantaIPTU-Tribuna-Imagem-scaled.jpg?fit=800%2C433&ssl=1&resize=350%2C200","width":350,"height":200,"srcset":"https:\/\/i0.wp.com\/noticiasribeiraopreto.com.br\/wp-content\/uploads\/2025\/07\/PlantaIPTU-Tribuna-Imagem-scaled.jpg?fit=800%2C433&ssl=1&resize=350%2C200 1x, https:\/\/i0.wp.com\/noticiasribeiraopreto.com.br\/wp-content\/uploads\/2025\/07\/PlantaIPTU-Tribuna-Imagem-scaled.jpg?fit=800%2C433&ssl=1&resize=525%2C300 1.5x, https:\/\/i0.wp.com\/noticiasribeiraopreto.com.br\/wp-content\/uploads\/2025\/07\/PlantaIPTU-Tribuna-Imagem-scaled.jpg?fit=800%2C433&ssl=1&resize=700%2C400 2x"},"classes":[]},{"id":76570,"url":"https:\/\/noticiasribeiraopreto.com.br\/index.php\/2025\/09\/01\/refis-ribeirao-comeca-nesta-segunda-feira\/","url_meta":{"origin":75939,"position":1},"title":"Refis Ribeir\u00e3o come\u00e7a nesta segunda-feira","author":"noticiasribeiraopreto.com.br","date":"1 de September de 2025","format":false,"excerpt":"1 de setembro de 2025 09:462 Compartilhar0 O prazo para ades\u00e3o ao novo Programa de Recupera\u00e7\u00e3o Fiscal de Ribeir\u00e3o Preto (Refis Ribeir\u00e3o) come\u00e7ou nesta segunda-feira, 1\u00ba de setembro, e seguir\u00e1 at\u00e9 23 de dezembro. Mais de 114 mil contribuintes inadimplentes poder\u00e3o renegociar d\u00e9bitos com a prefeitura e com a Saerp\u2026","rel":"","context":"In &quot;Not\u00edcias de Ribeir\u00e3o Preto-SP e Regi\u00e3o&quot;","block_context":{"text":"Not\u00edcias de Ribeir\u00e3o Preto-SP e Regi\u00e3o","link":"https:\/\/noticiasribeiraopreto.com.br\/index.php\/category\/noticias-de-ribeirao-preto-sp-e-regiao-ismael-colosi\/"},"img":{"alt_text":"","src":"https:\/\/i0.wp.com\/noticiasribeiraopreto.com.br\/wp-content\/uploads\/2025\/09\/PoupaRP-Prefeitura-de-Ribeirao-Preto-1-scaled.jpg?fit=750%2C500&ssl=1&resize=350%2C200","width":350,"height":200,"srcset":"https:\/\/i0.wp.com\/noticiasribeiraopreto.com.br\/wp-content\/uploads\/2025\/09\/PoupaRP-Prefeitura-de-Ribeirao-Preto-1-scaled.jpg?fit=750%2C500&ssl=1&resize=350%2C200 1x, https:\/\/i0.wp.com\/noticiasribeiraopreto.com.br\/wp-content\/uploads\/2025\/09\/PoupaRP-Prefeitura-de-Ribeirao-Preto-1-scaled.jpg?fit=750%2C500&ssl=1&resize=525%2C300 1.5x, https:\/\/i0.wp.com\/noticiasribeiraopreto.com.br\/wp-content\/uploads\/2025\/09\/PoupaRP-Prefeitura-de-Ribeirao-Preto-1-scaled.jpg?fit=750%2C500&ssl=1&resize=700%2C400 2x"},"classes":[]},{"id":76443,"url":"https:\/\/noticiasribeiraopreto.com.br\/index.php\/2025\/08\/29\/prefeito-sanciona-lei-do-refis\/","url_meta":{"origin":75939,"position":2},"title":"Prefeito sanciona lei do Refis","author":"noticiasribeiraopreto.com.br","date":"29 de August de 2025","format":false,"excerpt":"O prefeito Ricardo Silva (PSD) sancionou a lei complementar n\u00famero 3.276, que institui em Ribeir\u00e3o Preto novo Programa de Recupera\u00e7\u00e3o Fiscal (Refis) para devedores de tributos e taxas municipal, segundo consta no Di\u00e1rio Oficial do Munic\u00edpio (DOM) desta quinta-feira, 28 de agosto. A reda\u00e7\u00e3o final do projeto foi aprovada no\u2026","rel":"","context":"In &quot;Not\u00edcias de Ribeir\u00e3o Preto-SP e Regi\u00e3o&quot;","block_context":{"text":"Not\u00edcias de Ribeir\u00e3o Preto-SP e Regi\u00e3o","link":"https:\/\/noticiasribeiraopreto.com.br\/index.php\/category\/noticias-de-ribeirao-preto-sp-e-regiao-ismael-colosi\/"},"img":{"alt_text":"","src":"https:\/\/i0.wp.com\/noticiasribeiraopreto.com.br\/wp-content\/uploads\/2025\/08\/RefisRP-Alfredo-Risk-scaled.jpg?fit=1170%2C780&ssl=1&resize=350%2C200","width":350,"height":200,"srcset":"https:\/\/i0.wp.com\/noticiasribeiraopreto.com.br\/wp-content\/uploads\/2025\/08\/RefisRP-Alfredo-Risk-scaled.jpg?fit=1170%2C780&ssl=1&resize=350%2C200 1x, https:\/\/i0.wp.com\/noticiasribeiraopreto.com.br\/wp-content\/uploads\/2025\/08\/RefisRP-Alfredo-Risk-scaled.jpg?fit=1170%2C780&ssl=1&resize=525%2C300 1.5x, https:\/\/i0.wp.com\/noticiasribeiraopreto.com.br\/wp-content\/uploads\/2025\/08\/RefisRP-Alfredo-Risk-scaled.jpg?fit=1170%2C780&ssl=1&resize=700%2C400 2x, https:\/\/i0.wp.com\/noticiasribeiraopreto.com.br\/wp-content\/uploads\/2025\/08\/RefisRP-Alfredo-Risk-scaled.jpg?fit=1170%2C780&ssl=1&resize=1050%2C600 3x"},"classes":[]},{"id":75617,"url":"https:\/\/noticiasribeiraopreto.com.br\/index.php\/2025\/08\/12\/novo-refis-podera-beneficiar-mais-de-100-mil-contribuintes\/","url_meta":{"origin":75939,"position":3},"title":"Novo Refis poder\u00e1 beneficiar mais de 100 mil contribuintes","author":"noticiasribeiraopreto.com.br","date":"12 de August de 2025","format":false,"excerpt":"12 de agosto de 2025 15:384 Compartilhar0 Programa de Renegocia\u00e7\u00e3o de D\u00edvidas, lan\u00e7ado nesta ter\u00e7a-feira (12) pelo prefeito de Ribeir\u00e3o Preto, Ricardo Silva A Prefeitura de Ribeir\u00e3o Preto lan\u00e7ou, nesta ter\u00e7a-feira, 12 de agosto, o Programa de Recupera\u00e7\u00e3o Fiscal Refis Ribeir\u00e3o, voltado para devedores de tributos e taxas municipais. O\u2026","rel":"","context":"In &quot;Not\u00edcias de Ribeir\u00e3o Preto-SP e Regi\u00e3o&quot;","block_context":{"text":"Not\u00edcias de Ribeir\u00e3o Preto-SP e Regi\u00e3o","link":"https:\/\/noticiasribeiraopreto.com.br\/index.php\/category\/noticias-de-ribeirao-preto-sp-e-regiao-ismael-colosi\/"},"img":{"alt_text":"","src":"https:\/\/i0.wp.com\/noticiasribeiraopreto.com.br\/wp-content\/uploads\/2025\/08\/site_refis_1.jpg?fit=800%2C533&ssl=1&resize=350%2C200","width":350,"height":200,"srcset":"https:\/\/i0.wp.com\/noticiasribeiraopreto.com.br\/wp-content\/uploads\/2025\/08\/site_refis_1.jpg?fit=800%2C533&ssl=1&resize=350%2C200 1x, https:\/\/i0.wp.com\/noticiasribeiraopreto.com.br\/wp-content\/uploads\/2025\/08\/site_refis_1.jpg?fit=800%2C533&ssl=1&resize=525%2C300 1.5x, https:\/\/i0.wp.com\/noticiasribeiraopreto.com.br\/wp-content\/uploads\/2025\/08\/site_refis_1.jpg?fit=800%2C533&ssl=1&resize=700%2C400 2x"},"classes":[]},{"id":75589,"url":"https:\/\/noticiasribeiraopreto.com.br\/index.php\/2025\/08\/12\/ricardo-silva-vai-lancar-novo-refis\/","url_meta":{"origin":75939,"position":4},"title":"Ricardo Silva vai lan\u00e7ar novo \u2018Refis\u2019","author":"noticiasribeiraopreto.com.br","date":"12 de August de 2025","format":false,"excerpt":"12 de agosto de 2025 09:2012 de agosto de 2025 09:069 Compartilhar0 O prefeito Ricardo Silva (PSD) vai lan\u00e7ar nesta ter\u00e7a-feira, 12 de agosto, uma nova vers\u00e3o do Programa de Recupera\u00e7\u00e3o Fiscal (Refis) para os devedores de tributos e taxas municipais. A solenidade ser\u00e1 \u00e0s 9h30, no Centro Administrativo Prefeito\u2026","rel":"","context":"In &quot;Not\u00edcias de Ribeir\u00e3o Preto-SP e Regi\u00e3o&quot;","block_context":{"text":"Not\u00edcias de Ribeir\u00e3o Preto-SP e Regi\u00e3o","link":"https:\/\/noticiasribeiraopreto.com.br\/index.php\/category\/noticias-de-ribeirao-preto-sp-e-regiao-ismael-colosi\/"},"img":{"alt_text":"","src":"https:\/\/i0.wp.com\/noticiasribeiraopreto.com.br\/wp-content\/uploads\/2025\/08\/refis-scaled.jpeg?fit=1040%2C780&ssl=1&resize=350%2C200","width":350,"height":200,"srcset":"https:\/\/i0.wp.com\/noticiasribeiraopreto.com.br\/wp-content\/uploads\/2025\/08\/refis-scaled.jpeg?fit=1040%2C780&ssl=1&resize=350%2C200 1x, https:\/\/i0.wp.com\/noticiasribeiraopreto.com.br\/wp-content\/uploads\/2025\/08\/refis-scaled.jpeg?fit=1040%2C780&ssl=1&resize=525%2C300 1.5x, https:\/\/i0.wp.com\/noticiasribeiraopreto.com.br\/wp-content\/uploads\/2025\/08\/refis-scaled.jpeg?fit=1040%2C780&ssl=1&resize=700%2C400 2x"},"classes":[]},{"id":83226,"url":"https:\/\/noticiasribeiraopreto.com.br\/index.php\/2026\/03\/13\/refis-ribeirao-atinge-r-1262-mi\/","url_meta":{"origin":75939,"position":5},"title":"Refis Ribeir\u00e3o atinge R$ 126,2 \u2028mi","author":"noticiasribeiraopreto.com.br","date":"13 de March de 2026","format":false,"excerpt":"Refis Ribeir\u00e3o renegociou 88.584 d\u00edvidas no valor de aproximadamente R$ 126 milh\u00f5es, aponta balan\u00e7o divulgado pela Secretaria da FazendaO novo Programa de Recupera\u00e7\u00e3o Fiscal (Refis), batizado de Refis Ribeir\u00e3o, renegociou 88.584 d\u00edvidas no montante de R$ 126.274.801, entre 1\u00ba de setembro e 23 de dezembro do ano passado, segundo balan\u00e7o\u2026","rel":"","context":"In &quot;Not\u00edcias de Ribeir\u00e3o Preto-SP e Regi\u00e3o&quot;","block_context":{"text":"Not\u00edcias de Ribeir\u00e3o Preto-SP e Regi\u00e3o","link":"https:\/\/noticiasribeiraopreto.com.br\/index.php\/category\/noticias-de-ribeirao-preto-sp-e-regiao-ismael-colosi\/"},"img":{"alt_text":"","src":"https:\/\/i0.wp.com\/noticiasribeiraopreto.com.br\/wp-content\/uploads\/2026\/03\/RefisRP-Divulgacao-01-scaled.jpg?fit=1170%2C780&ssl=1&resize=350%2C200","width":350,"height":200,"srcset":"https:\/\/i0.wp.com\/noticiasribeiraopreto.com.br\/wp-content\/uploads\/2026\/03\/RefisRP-Divulgacao-01-scaled.jpg?fit=1170%2C780&ssl=1&resize=350%2C200 1x, https:\/\/i0.wp.com\/noticiasribeiraopreto.com.br\/wp-content\/uploads\/2026\/03\/RefisRP-Divulgacao-01-scaled.jpg?fit=1170%2C780&ssl=1&resize=525%2C300 1.5x, https:\/\/i0.wp.com\/noticiasribeiraopreto.com.br\/wp-content\/uploads\/2026\/03\/RefisRP-Divulgacao-01-scaled.jpg?fit=1170%2C780&ssl=1&resize=700%2C400 2x, https:\/\/i0.wp.com\/noticiasribeiraopreto.com.br\/wp-content\/uploads\/2026\/03\/RefisRP-Divulgacao-01-scaled.jpg?fit=1170%2C780&ssl=1&resize=1050%2C600 3x"},"classes":[]}],"jetpack_sharing_enabled":true,"jetpack_shortlink":"https:\/\/wp.me\/peQAOb-jKP","_links":{"self":[{"href":"https:\/\/noticiasribeiraopreto.com.br\/index.php\/wp-json\/wp\/v2\/posts\/75939","targetHints":{"allow":["GET"]}}],"collection":[{"href":"https:\/\/noticiasribeiraopreto.com.br\/index.php\/wp-json\/wp\/v2\/posts"}],"about":[{"href":"https:\/\/noticiasribeiraopreto.com.br\/index.php\/wp-json\/wp\/v2\/types\/post"}],"author":[{"embeddable":true,"href":"https:\/\/noticiasribeiraopreto.com.br\/index.php\/wp-json\/wp\/v2\/users\/1"}],"replies":[{"embeddable":true,"href":"https:\/\/noticiasribeiraopreto.com.br\/index.php\/wp-json\/wp\/v2\/comments?post=75939"}],"version-history":[{"count":0,"href":"https:\/\/noticiasribeiraopreto.com.br\/index.php\/wp-json\/wp\/v2\/posts\/75939\/revisions"}],"wp:featuredmedia":[{"embeddable":true,"href":"https:\/\/noticiasribeiraopreto.com.br\/index.php\/wp-json\/wp\/v2\/media\/75940"}],"wp:attachment":[{"href":"https:\/\/noticiasribeiraopreto.com.br\/index.php\/wp-json\/wp\/v2\/media?parent=75939"}],"wp:term":[{"taxonomy":"category","embeddable":true,"href":"https:\/\/noticiasribeiraopreto.com.br\/index.php\/wp-json\/wp\/v2\/categories?post=75939"},{"taxonomy":"post_tag","embeddable":true,"href":"https:\/\/noticiasribeiraopreto.com.br\/index.php\/wp-json\/wp\/v2\/tags?post=75939"}],"curies":[{"name":"wp","href":"https:\/\/api.w.org\/{rel}","templated":true}]}}