{"id":75943,"date":"2025-08-19T08:07:05","date_gmt":"2025-08-19T11:07:05","guid":{"rendered":"https:\/\/noticiasribeiraopreto.com.br\/index.php\/2025\/08\/19\/temperatura-sobe-e-umidade-cai-em-rp\/"},"modified":"2025-08-19T08:07:05","modified_gmt":"2025-08-19T11:07:05","slug":"temperatura-sobe-e-umidade-cai-em-rp","status":"publish","type":"post","link":"https:\/\/noticiasribeiraopreto.com.br\/index.php\/2025\/08\/19\/temperatura-sobe-e-umidade-cai-em-rp\/","title":{"rendered":"Temperatura sobe e umidade cai em RP \u00a0"},"content":{"rendered":"<div class='code-block code-block-1' style='margin: 8px 0 8px auto; text-align: right; display: block; clear: both;'>\n<p><a href=\"https:\/\/wa.link\/vpicfd\"><img data-recalc-dims=\"1\" class=\"wp-image-4922\" style=\"aspect-ratio: 2.0253164556962027; width: 561px; height: auto;\" src=\"https:\/\/i0.wp.com\/ismaelcolosi.com.br\/wp-content\/uploads\/2023\/11\/grupo-de-empregos-whatsapp-e-facebook-ismael-colosi-vagas.jpg?ssl=1\" alt=\"\" \/><\/a><\/p>\n<!-- \/wp:image -->\n<\/div>\n<p> <br \/>\n<\/p>\n<div id=\"\">\n<p>\n\t\t\t\t\t\t\t\t\t<span class=\"entry-meta-item penci-posted-on\"><i class=\"fa fa-clock-o\"\/><time class=\"entry-date published\" datetime=\"2025-08-19T08:05:19-03:00\">19 de agosto de 2025 08:05<\/time><time class=\"updated\" datetime=\"2025-08-18T23:17:58-03:00\">18 de agosto de 2025 23:17<\/time><\/span><span class=\"entry-meta-item penci-post-countview\"><span class=\"entry-meta-item penci-post-countview penci_post-meta_item\"><i class=\"fa fa-eye\"\/><span class=\"penci-post-countview-number penci-post-countview-p435672\">9<\/span><\/span><\/span>\t\t\t\t\t\t\t\t<\/p>\n<p><!-- .entry-meta --><br \/>\n\t\t\t\t\t\t\t\t<span class=\"penci-social-buttons penci-social-share-footer\"><span class=\"penci-social-share-text\">Compartilhar<\/span><a href=\"#\" class=\"penci-post-like penci_post-meta_item  single-like-button penci-social-item like\" data-post_id=\"435672\" title=\"Like\" data-like=\"Like\" data-unlike=\"Unlike\"><i class=\"fa fa-thumbs-o-up\"\/><span class=\"penci-share-number\">0<\/span><\/a><i class=\"fa fa-facebook\"\/><a class=\"penci-social-item twitter\" target=\"_blank\" rel=\"noopener\" title=\"\" href=\"https:\/\/twitter.com\/intent\/tweet?text=Temperatura%20sobe%20e%20umidade%20cai%20em%20RP%20\u00a0%20-%20https:\/\/www.tribunaribeirao.com.br\/temperatura-sobe-e-umidade-cai-em-rp\/\"><i class=\"fa fa-twitter\"\/><\/a><i class=\"fa fa-linkedin\"\/><i class=\"fa fa-whatsapp\"\/><i class=\"fa fa-telegram\"\/><i class=\"fa fa-envelope\"\/><\/span>\t\t\t\t\t\t\t<\/div>\n<div>\n<p><span class=\"TextRun SCXW31932710 BCX8\" lang=\"PT-BR\" xml:lang=\"PT-BR\" data-contrast=\"auto\"><span class=\"NormalTextRun SCXW31932710 BCX8\">Depois de cinco ondas de frio intenso, com os term\u00f4metros marcando menos de 10 graus Celsius em v\u00e1rios per\u00edodos deste inverno, a temperatura sobe nesta semana e deve ficar acima de 30\u00baC na maior parte dos dias em Ribeir\u00e3o Preto, com umidade relativa do ar atingindo n\u00edvel cr\u00edtico, abaixo de 20%. <\/span><\/span><span class=\"LineBreakBlob BlobObject DragDrop SCXW31932710 BCX8\"><span class=\"SCXW31932710 BCX8\">\u00a0<\/span><br class=\"SCXW31932710 BCX8\"\/><\/span><span class=\"LineBreakBlob BlobObject DragDrop SCXW31932710 BCX8\"><span class=\"SCXW31932710 BCX8\">\u00a0<\/span><br class=\"SCXW31932710 BCX8\"\/><\/span><span class=\"TextRun SCXW31932710 BCX8\" lang=\"PT-BR\" xml:lang=\"PT-BR\" data-contrast=\"auto\"><span class=\"NormalTextRun SCXW31932710 BCX8\">Segundo a <\/span><span class=\"NormalTextRun SCXW31932710 BCX8\">Climatempo<\/span><span class=\"NormalTextRun SCXW31932710 BCX8\">, a m\u00ednima deve oscilar de 17\u00baC a 20 graus Celsius entre esta ter\u00e7a (19) e domingo, 26 de agosto, enquanto a m\u00e1xima fica entre 32\u00baC e 34\u00baC. Nesta segunda-feira (18), o aplicativo de celular <\/span><span class=\"NormalTextRun SCXW31932710 BCX8\">The<\/span> <span class=\"NormalTextRun SCXW31932710 BCX8\">Weather<\/span> <span class=\"NormalTextRun SpellingErrorV2Themed SCXW31932710 BCX8\">Channel<\/span><span class=\"NormalTextRun SCXW31932710 BCX8\"> apontava 35\u00baC na cidade a partir de quinta-feira (21) nas tardes ribeir\u00e3o-pretanas. <\/span><\/span><span class=\"LineBreakBlob BlobObject DragDrop SCXW31932710 BCX8\"><span class=\"SCXW31932710 BCX8\">\u00a0<\/span><br class=\"SCXW31932710 BCX8\"\/><\/span><span class=\"LineBreakBlob BlobObject DragDrop SCXW31932710 BCX8\"><span class=\"SCXW31932710 BCX8\">\u00a0<\/span><br class=\"SCXW31932710 BCX8\"\/><\/span><span class=\"TextRun SCXW31932710 BCX8\" lang=\"PT-BR\" xml:lang=\"PT-BR\" data-contrast=\"auto\"><span class=\"NormalTextRun SCXW31932710 BCX8\">Ser\u00e1 o chamado terceiro per\u00edodo veranico<\/span><span class=\"NormalTextRun SCXW31932710 BCX8\"> do ano<\/span><span class=\"NormalTextRun SCXW31932710 BCX8\">, de acordo a <\/span><span class=\"NormalTextRun SCXW31932710 BCX8\">Climatempo<\/span><span class=\"NormalTextRun SCXW31932710 BCX8\">.<\/span> <span class=\"NormalTextRun SCXW31932710 BCX8\">Conforme a empresa de meteorologia, o ar polar que estava presente no <\/span><span class=\"NormalTextRun SCXW31932710 BCX8\">Brasil <\/span><span class=\"NormalTextRun SCXW31932710 BCX8\">est\u00e1 se afastando, e uma massa de ar seco est\u00e1 ganhando for\u00e7a na parte central do Brasil, criando um bloqueio atmosf\u00e9rico que altera a dire\u00e7\u00e3o dos ventos no interior do <\/span><span class=\"NormalTextRun SCXW31932710 BCX8\">pa<\/span><span class=\"NormalTextRun SCXW31932710 BCX8\">\u00eds.<\/span><\/span><span class=\"LineBreakBlob BlobObject DragDrop SCXW31932710 BCX8\"><span class=\"SCXW31932710 BCX8\">\u00a0<\/span><br class=\"SCXW31932710 BCX8\"\/><\/span><span class=\"LineBreakBlob BlobObject DragDrop SCXW31932710 BCX8\"><span class=\"SCXW31932710 BCX8\">\u00a0<\/span><br class=\"SCXW31932710 BCX8\"\/><\/span><span class=\"TextRun SCXW31932710 BCX8\" lang=\"PT-BR\" xml:lang=\"PT-BR\" data-contrast=\"auto\"><span class=\"NormalTextRun SCXW31932710 BCX8\">Anteriormente, ventos frios do sul e sudeste predominavam sobre o centro-sul do Brasil, mas agora, com o bloqueio, ventos quentes do Norte e Nordeste v\u00e3o predominar, trazendo um aumento de temperatura, especialmente durante as tardes, devido ao sol forte e ao tempo aberto.<\/span> <\/span><span class=\"LineBreakBlob BlobObject DragDrop SCXW31932710 BCX8\"><span class=\"SCXW31932710 BCX8\">\u00a0<\/span><br class=\"SCXW31932710 BCX8\"\/><\/span><span class=\"LineBreakBlob BlobObject DragDrop SCXW31932710 BCX8\"><span class=\"SCXW31932710 BCX8\">\u00a0<\/span><br class=\"SCXW31932710 BCX8\"\/><\/span><span class=\"TextRun SCXW31932710 BCX8\" lang=\"PT-BR\" xml:lang=\"PT-BR\" data-contrast=\"none\"><span class=\"NormalTextRun SCXW31932710 BCX8\">O per\u00edodo de temperaturas bem acima da m\u00e9dia no inverno \u00e9 chamado de veranico. O terceiro deste ano j\u00e1 come\u00e7a n<\/span><span class=\"NormalTextRun SCXW31932710 BCX8\">esta <\/span><span class=\"NormalTextRun SCXW31932710 BCX8\">quarta-feira <\/span><span class=\"NormalTextRun SCXW31932710 BCX8\">(20) <\/span><span class=\"NormalTextRun SCXW31932710 BCX8\">e pode se estender at\u00e9 a <\/span><span class=\"NormalTextRun SCXW31932710 BCX8\">semana que vem<\/span><span class=\"NormalTextRun SCXW31932710 BCX8\">.<\/span> <span class=\"NormalTextRun SCXW31932710 BCX8\">\u201cO interior de S\u00e3o Paulo pode ter picos de calor com m\u00e1ximas de 33\u00b0C a 35\u00b0C<\/span><span class=\"NormalTextRun SCXW31932710 BCX8\">\u201d, informa a <\/span><span class=\"NormalTextRun SCXW31932710 BCX8\">Climatempo<\/span><span class=\"NormalTextRun SCXW31932710 BCX8\">.<\/span><\/span><span class=\"LineBreakBlob BlobObject DragDrop SCXW31932710 BCX8\"><span class=\"SCXW31932710 BCX8\">\u00a0<\/span><br class=\"SCXW31932710 BCX8\"\/><\/span><span class=\"LineBreakBlob BlobObject DragDrop SCXW31932710 BCX8\"><span class=\"SCXW31932710 BCX8\">\u00a0<\/span><br class=\"SCXW31932710 BCX8\"\/><\/span><span class=\"TextRun SCXW31932710 BCX8\" lang=\"PT-BR\" xml:lang=\"PT-BR\" data-contrast=\"auto\"><span class=\"NormalTextRun SCXW31932710 BCX8\">A m\u00e1xima deve atingir 32\u00baC nesta hoje e 33\u00baC na quarta e no s\u00e1bado (24), subindo a 34\u00baC nos demais dias da semana <\/span><span class=\"NormalTextRun SCXW31932710 BCX8\">\u2013<\/span><span class=\"NormalTextRun SCXW31932710 BCX8\"> quinta e sexta-feira (22) e domingo. A m\u00ednima prevista para hoje \u00e9 17\u00baC, chegando a 18\u00ba amanh\u00e3 e no s\u00e1bado e a 19\u00ba quinta. Sobe a 20 graus na sexta e no domingo.<\/span><\/span><span class=\"LineBreakBlob BlobObject DragDrop SCXW31932710 BCX8\"><span class=\"SCXW31932710 BCX8\">\u00a0<\/span><br class=\"SCXW31932710 BCX8\"\/><\/span><span class=\"LineBreakBlob BlobObject DragDrop SCXW31932710 BCX8\"><span class=\"SCXW31932710 BCX8\">\u00a0<\/span><br class=\"SCXW31932710 BCX8\"\/><\/span><span class=\"TextRun SCXW31932710 BCX8\" lang=\"PT-BR\" xml:lang=\"PT-BR\" data-contrast=\"auto\"><span class=\"NormalTextRun SCXW31932710 BCX8\">A baixa umidade relativa do ar preocupa e <\/span><span class=\"NormalTextRun SCXW31932710 BCX8\">pode<\/span> <span class=\"NormalTextRun SCXW31932710 BCX8\">atingir n\u00edvel cr\u00edtico em diversas cidades do estado de S\u00e3o Paulo. <\/span><span class=\"NormalTextRun SCXW31932710 BCX8\">Em Ribeir\u00e3o Preto, deve permanecer abaixo de 30% na maioria dos dias, com possibilidade de caiar para menos de 20% em alguns per\u00edodos. <\/span><\/span><span class=\"LineBreakBlob BlobObject DragDrop SCXW31932710 BCX8\"><span class=\"SCXW31932710 BCX8\">\u00a0<\/span><br class=\"SCXW31932710 BCX8\"\/><\/span><span class=\"LineBreakBlob BlobObject DragDrop SCXW31932710 BCX8\"><span class=\"SCXW31932710 BCX8\">\u00a0<\/span><br class=\"SCXW31932710 BCX8\"\/><\/span><span class=\"TextRun SCXW31932710 BCX8\" lang=\"PT-BR\" xml:lang=\"PT-BR\" data-contrast=\"auto\"><span class=\"NormalTextRun SCXW31932710 BCX8\">Segundo a <\/span><span class=\"NormalTextRun SCXW31932710 BCX8\">Climatempo<\/span><span class=\"NormalTextRun SCXW31932710 BCX8\">, a previs\u00e3o para hoje \u00e9 de 26%, caindo a 24% na <\/span><span class=\"NormalTextRun SCXW31932710 BCX8\">quarta a na quinta e a 23% na sexta, a 20% no s\u00e1bado e 22% no domingo. Segundo <\/span><span class=\"NormalTextRun SCXW31932710 BCX8\">a Defesa Civil <\/span><span class=\"NormalTextRun SCXW31932710 BCX8\">do Estado de S\u00e3o Paulo, em alguns per\u00edodos, independentemente do dia, o<\/span><span class=\"NormalTextRun SCXW31932710 BCX8\">s n\u00edveis podem ficar abaixo dos 20%<\/span> <span class=\"NormalTextRun SCXW31932710 BCX8\">\u2013<\/span> <span class=\"NormalTextRun SCXW31932710 BCX8\">\u00edndice considerado cr\u00edtico<\/span> <span class=\"NormalTextRun SCXW31932710 BCX8\">\u2013<\/span><span class=\"NormalTextRun SCXW31932710 BCX8\"> devido \u00e0 estiagem t\u00edpica desta \u00e9poca do ano. <\/span><\/span><span class=\"LineBreakBlob BlobObject DragDrop SCXW31932710 BCX8\"><span class=\"SCXW31932710 BCX8\">\u00a0<\/span><br class=\"SCXW31932710 BCX8\"\/><\/span><span class=\"LineBreakBlob BlobObject DragDrop SCXW31932710 BCX8\"><span class=\"SCXW31932710 BCX8\">\u00a0<\/span><br class=\"SCXW31932710 BCX8\"\/><\/span><span class=\"TextRun SCXW31932710 BCX8\" lang=\"PT-BR\" xml:lang=\"PT-BR\" data-contrast=\"none\"><span class=\"NormalTextRun SCXW31932710 BCX8\">De acordo com a <\/span><span class=\"NormalTextRun SCXW31932710 BCX8\">Organiza\u00e7\u00e3o Mundial de Sa\u00fade<\/span><span class=\"NormalTextRun SCXW31932710 BCX8\">,<\/span><span class=\"NormalTextRun SCXW31932710 BCX8\"> quando a umidade relativa do ar fica abaixo de 30% o munic\u00edpio entra em estado de aten\u00e7\u00e3o. Quando o \u00edndice \u00e9 inferior a 20% a situa\u00e7\u00e3o \u00e9 de alerta. Abaixo de 12% j\u00e1 \u00e9 considerado caso de emerg\u00eancia.<\/span><\/span><span class=\"LineBreakBlob BlobObject DragDrop SCXW31932710 BCX8\"><span class=\"SCXW31932710 BCX8\">\u00a0<\/span><br class=\"SCXW31932710 BCX8\"\/><\/span><span class=\"LineBreakBlob BlobObject DragDrop SCXW31932710 BCX8\"><span class=\"SCXW31932710 BCX8\">\u00a0<\/span><br class=\"SCXW31932710 BCX8\"\/><\/span><span class=\"TextRun SCXW31932710 BCX8\" lang=\"PT-BR\" xml:lang=\"PT-BR\" data-contrast=\"auto\"><span class=\"NormalTextRun SCXW31932710 BCX8\">A Defesa Civil recomenda que a popula\u00e7\u00e3o evite exposi\u00e7\u00e3o ao sol nos hor\u00e1rios mais quentes do dia. Principalmente das dez \u00e0s 16 horas, e utilize <\/span><span class=\"NormalTextRun SCXW31932710 BCX8\">protetor solar, bon\u00e9s ou chap\u00e9us e roupas leves. Tamb\u00e9m \u00e9 essencial manter a hidrata\u00e7\u00e3o constante, bebendo bastante \u00e1gua ao longo do dia<\/span> <span class=\"NormalTextRun SCXW31932710 BCX8\">\u2013<\/span><\/span><span class=\"TextRun SCXW31932710 BCX8\" lang=\"PT-BR\" xml:lang=\"PT-BR\" data-contrast=\"none\"><span class=\"NormalTextRun SCXW31932710 BCX8\"> muita \u00e1gua, suco ou \u00e1gua de coco.\u00a0 A hidrata\u00e7\u00e3o \u00e9 essencial para manter o corpo em equil\u00edbrio. <\/span><\/span><span class=\"LineBreakBlob BlobObject DragDrop SCXW31932710 BCX8\"><span class=\"SCXW31932710 BCX8\">\u00a0<\/span><br class=\"SCXW31932710 BCX8\"\/><\/span><span class=\"LineBreakBlob BlobObject DragDrop SCXW31932710 BCX8\"><span class=\"SCXW31932710 BCX8\">\u00a0<\/span><br class=\"SCXW31932710 BCX8\"\/><\/span><span class=\"TextRun SCXW31932710 BCX8\" lang=\"PT-BR\" xml:lang=\"PT-BR\" data-contrast=\"none\"><span class=\"NormalTextRun SCXW31932710 BCX8\">Evite<\/span><\/span><span class=\"TextRun SCXW31932710 BCX8\" lang=\"PT-BR\" xml:lang=\"PT-BR\" data-contrast=\"auto\"> <span class=\"NormalTextRun SCXW31932710 BCX8\">atividades f\u00edsicas intensas ao ar livre nos per\u00edodos de maior calor. Al\u00e9m disso, \u00e9 importante manter os ambientes bem ventilados e refrescar-se sempre que poss\u00edvel.<\/span> <span class=\"NormalTextRun SCXW31932710 BCX8\">Idosos e crian\u00e7as requerem aten\u00e7\u00e3o especial, pois s\u00e3o mais vulner\u00e1veis aos efeitos do calor. \u00c9 fundamental garantir que estejam sempre bem hidratados, em locais arejados e protegidos do sol.<\/span><\/span><span class=\"LineBreakBlob BlobObject DragDrop SCXW31932710 BCX8\"><span class=\"SCXW31932710 BCX8\">\u00a0<\/span><br class=\"SCXW31932710 BCX8\"\/><\/span><span class=\"LineBreakBlob BlobObject DragDrop SCXW31932710 BCX8\"><span class=\"SCXW31932710 BCX8\">\u00a0<\/span><br class=\"SCXW31932710 BCX8\"\/><\/span><span class=\"TextRun SCXW31932710 BCX8\" lang=\"PT-BR\" xml:lang=\"PT-BR\" data-contrast=\"auto\"><span class=\"NormalTextRun SCXW31932710 BCX8\">A temperatura em Ribeir\u00e3o Preto chegou a 36\u00baC do in\u00edcio de mar\u00e7o. N<\/span><span class=\"NormalTextRun SCXW31932710 BCX8\">o ano passado, Ribeir\u00e3o Preto enfrentou oito ondas<\/span><span class=\"NormalTextRun SCXW31932710 BCX8\"> de <\/span><span class=\"NormalTextRun SCXW31932710 BCX8\">calor <\/span><span class=\"NormalTextRun SCXW31932710 BCX8\">extremo <\/span><span class=\"NormalTextRun SCXW31932710 BCX8\">e registrou 116 dias com <\/span><span class=\"NormalTextRun SCXW31932710 BCX8\">term\u00f4metros marcando <\/span><span class=\"NormalTextRun SCXW31932710 BCX8\">acima de 40 graus<\/span><span class=\"NormalTextRun SCXW31932710 BCX8\"> Celsius, em m\u00e9dia<\/span><span class=\"NormalTextRun SCXW31932710 BCX8\">. Ou seja, as altas temperaturas castigaram o ribeir\u00e3o-pretano em quase um ter\u00e7o de 2024, o equivalente a 31,78% do per\u00edodo.<\/span> <\/span><span class=\"LineBreakBlob BlobObject DragDrop SCXW31932710 BCX8\"><span class=\"SCXW31932710 BCX8\">\u00a0<\/span><br class=\"SCXW31932710 BCX8\"\/><\/span><span class=\"LineBreakBlob BlobObject DragDrop SCXW31932710 BCX8\"><span class=\"SCXW31932710 BCX8\">\u00a0<\/span><br class=\"SCXW31932710 BCX8\"\/><\/span><span class=\"TextRun SCXW31932710 BCX8\" lang=\"PT-BR\" xml:lang=\"PT-BR\" data-contrast=\"auto\"><span class=\"NormalTextRun SCXW31932710 BCX8\">A onda de calor \u00e9 caracterizada quando a temperatura fica, por pelo menos cinco dias seguidos, 5\u00baC acima da m\u00e9dia, que em agosto \u00e9 de 28 graus. N\u00e3o h\u00e1 previs\u00e3o de chuva para os pr\u00f3ximos dias, elevando o risco de inc\u00eandios florestais. <\/span><span class=\"NormalTextRun SCXW31932710 BCX8\">A Defesa Civil Estadual estendeu o alerta para todos os munic\u00edpios paulistas. <\/span><\/span><span class=\"LineBreakBlob BlobObject DragDrop SCXW31932710 BCX8\"><span class=\"SCXW31932710 BCX8\">\u00a0<\/span><br class=\"SCXW31932710 BCX8\"\/><\/span><span class=\"LineBreakBlob BlobObject DragDrop SCXW31932710 BCX8\"><span class=\"SCXW31932710 BCX8\">\u00a0<\/span><br class=\"SCXW31932710 BCX8\"\/><\/span><span class=\"TextRun SCXW31932710 BCX8\" lang=\"PT-BR\" xml:lang=\"PT-BR\" data-contrast=\"auto\"><span class=\"NormalTextRun SCXW31932710 BCX8\">Na madrugada de 10 de agosto, os term\u00f4metros marcaram cinco graus Celsius em Ribeir\u00e3o Preto, a temperatura mais baixa desde 25 de junho, quando chegou a 4\u00baC. Por\u00e9m, o ribeir\u00e3o-pretano j\u00e1 guardou <\/span><span class=\"NormalTextRun SCXW31932710 BCX8\">cobertor e edredom, agasalho, cachecol, gorro, luva<\/span><span class=\"NormalTextRun SCXW31932710 BCX8\"> e <\/span><span class=\"NormalTextRun SCXW31932710 BCX8\">meia de l\u00e3 <\/span><span class=\"NormalTextRun SCXW31932710 BCX8\">no arm\u00e1rio. <\/span><\/span><span class=\"LineBreakBlob BlobObject DragDrop SCXW31932710 BCX8\"><span class=\"SCXW31932710 BCX8\">\u00a0<\/span><br class=\"SCXW31932710 BCX8\"\/><\/span><span class=\"LineBreakBlob BlobObject DragDrop SCXW31932710 BCX8\"><span class=\"SCXW31932710 BCX8\">\u00a0<\/span><br class=\"SCXW31932710 BCX8\"\/><\/span><span class=\"TextRun SCXW31932710 BCX8\" lang=\"PT-BR\" xml:lang=\"PT-BR\" data-contrast=\"auto\"><span class=\"NormalTextRun SCXW31932710 BCX8\">O <\/span><\/span><span class=\"TextRun SCXW31932710 BCX8\" lang=\"PT-BR\" xml:lang=\"PT-BR\" data-contrast=\"none\"><span class=\"NormalTextRun SCXW31932710 BCX8\">cen\u00e1rio pode mudar de uma hora para outra, de acordo com as informa\u00e7\u00f5es que chegam via <\/span><span class=\"NormalTextRun SCXW31932710 BCX8\">sat\u00e9lite. Os <\/span><\/span><span class=\"TextRun SCXW31932710 BCX8\" lang=\"PT-BR\" xml:lang=\"PT-BR\" data-contrast=\"auto\"><span class=\"NormalTextRun SCXW31932710 BCX8\">dados da <\/span><span class=\"NormalTextRun SCXW31932710 BCX8\">Climatempo<\/span><span class=\"NormalTextRun SCXW31932710 BCX8\"> foram <\/span><span class=\"NormalTextRun SCXW31932710 BCX8\">atualizados \u00e0s 18 horas <\/span><span class=\"NormalTextRun SCXW31932710 BCX8\">de ontem. N\u00e3o h\u00e1 previs\u00e3o de chuva para os pr\u00f3ximos dias. A m\u00e9dia para o m\u00eas \u00e9 de 19 mil\u00edmetros e, at\u00e9 agora, choveu dois mm, 10,53% do total <\/span><span class=\"NormalTextRun SCXW31932710 BCX8\">estimado.<\/span><\/span><span class=\"LineBreakBlob BlobObject DragDrop SCXW31932710 BCX8\"><span class=\"SCXW31932710 BCX8\">\u00a0<\/span><br class=\"SCXW31932710 BCX8\"\/><\/span><span class=\"LineBreakBlob BlobObject DragDrop SCXW31932710 BCX8\"><span class=\"SCXW31932710 BCX8\">\u00a0<\/span><br class=\"SCXW31932710 BCX8\"\/><\/span><span class=\"TextRun SCXW31932710 BCX8\" lang=\"PT-BR\" xml:lang=\"PT-BR\" data-contrast=\"auto\"><span class=\"NormalTextRun SCXW31932710 BCX8\">S<\/span><span class=\"NormalTextRun SCXW31932710 BCX8\">egundo a esta\u00e7\u00e3o da Companhia Ambiental de S\u00e3o Paulo (<\/span><span class=\"NormalTextRun SCXW31932710 BCX8\">Cetesb<\/span><span class=\"NormalTextRun SCXW31932710 BCX8\">), <\/span><span class=\"NormalTextRun SCXW31932710 BCX8\">a<\/span><span class=\"NormalTextRun SCXW31932710 BCX8\"> qualidade do ar na cidade <\/span><span class=\"NormalTextRun SCXW31932710 BCX8\">n\u00e3o <\/span><span class=\"NormalTextRun SCXW31932710 BCX8\">\u00e9 considerada \u201cboa\u201d.<\/span><span class=\"NormalTextRun SCXW31932710 BCX8\"> O<\/span><span class=\"NormalTextRun SCXW31932710 BCX8\"> inverno <\/span><span class=\"NormalTextRun SCXW31932710 BCX8\">teve in\u00edcio \u00e0s 23h42 de 20 de junho e <\/span><span class=\"NormalTextRun SCXW31932710 BCX8\">vai at\u00e9 22 de setembro, quando <\/span><span class=\"NormalTextRun SCXW31932710 BCX8\">chega <\/span><span class=\"NormalTextRun SCXW31932710 BCX8\">a<\/span> <span class=\"NormalTextRun SCXW31932710 BCX8\">primavera.<\/span><\/span> <span class=\"TextRun SCXW31932710 BCX8\" lang=\"PT-BR\" xml:lang=\"PT-BR\" data-contrast=\"auto\"><span class=\"NormalTextRun SCXW31932710 BCX8\">Em caso de inc\u00eandio, a recomenda\u00e7\u00e3o \u00e9 acionar imediatamente o Corpo de Bombeiros, <\/span><span class=\"NormalTextRun SCXW31932710 BCX8\">pelo 193<\/span><span class=\"NormalTextRun SCXW31932710 BCX8\">, ou a Defesa Civil, pelo 199.<\/span><\/span><span class=\"LineBreakBlob BlobObject DragDrop SCXW31932710 BCX8\"><span class=\"SCXW31932710 BCX8\">\u00a0<\/span><br class=\"SCXW31932710 BCX8\"\/><\/span><span class=\"LineBreakBlob BlobObject DragDrop SCXW31932710 BCX8\"><span class=\"SCXW31932710 BCX8\">\u00a0<\/span><br class=\"SCXW31932710 BCX8\"\/><\/span><span class=\"TextRun SCXW31932710 BCX8\" lang=\"PT-BR\" xml:lang=\"PT-BR\" data-contrast=\"auto\"><span class=\"NormalTextRun SCXW31932710 BCX8\">A temperatura de 4\u00baC \u00e9 a mais baixa do ano at\u00e9 agora e uma das menores j\u00e1 registradas na cidade.\u00a0 O recorde anterior pertencia a 20 de maio de 2022, quando a esta\u00e7\u00e3o da <\/span><\/span><span class=\"TextRun SCXW31932710 BCX8\" lang=\"PT-BR\" xml:lang=\"PT-BR\" data-contrast=\"none\"><span class=\"NormalTextRun SCXW31932710 BCX8\">Rede de Meteorologia do Comando da Aeron\u00e1utica (<\/span><span class=\"NormalTextRun SpellingErrorV2Themed SCXW31932710 BCX8\">Redemet<\/span><span class=\"NormalTextRun SCXW31932710 BCX8\">), no Aeroporto Estadual Doutor Leite Lopes, na Zona Norte de Ribeir\u00e3o Preto, registrou 5\u00baC \u00e0s seis horas<\/span><\/span><span class=\"TextRun SCXW31932710 BCX8\" lang=\"PT-BR\" xml:lang=\"PT-BR\" data-contrast=\"auto\"><span class=\"NormalTextRun SCXW31932710 BCX8\">.\u00a0 <\/span><\/span><span class=\"LineBreakBlob BlobObject DragDrop SCXW31932710 BCX8\"><span class=\"SCXW31932710 BCX8\">\u00a0<\/span><br class=\"SCXW31932710 BCX8\"\/><\/span><span class=\"LineBreakBlob BlobObject DragDrop SCXW31932710 BCX8\"><span class=\"SCXW31932710 BCX8\">\u00a0<\/span><br class=\"SCXW31932710 BCX8\"\/><\/span><span class=\"LineBreakBlob BlobObject DragDrop SCXW31932710 BCX8\"><br class=\"SCXW31932710 BCX8\"\/><\/span><span class=\"TextRun SCXW31932710 BCX8\" lang=\"PT-BR\" xml:lang=\"PT-BR\" data-contrast=\"auto\"><span class=\"NormalTextRun SCXW31932710 BCX8\"><br \/><\/span><\/span><\/p>\n<\/div>\n<p><script async src=\"\/\/platform.twitter.com\/widgets.js\" charset=\"utf-8\"><\/script><br \/>\n<br \/><br \/>\n<br \/><a href=\"https:\/\/www.tribunaribeirao.com.br\/temperatura-sobe-e-umidade-cai-em-rp\/\">Source link <\/a><\/p>\n<!-- CONTENT END 1 -->\n","protected":false},"excerpt":{"rendered":"<p>19 de agosto de 2025 08:0518 de agosto de 2025 23:179 Compartilhar0 Depois de cinco ondas de frio intenso, com os term\u00f4metros marcando menos de&#8230;<\/p>\n","protected":false},"author":1,"featured_media":75944,"comment_status":"open","ping_status":"open","sticky":false,"template":"","format":"standard","meta":{"advanced_seo_description":"","jetpack_seo_html_title":"","jetpack_seo_noindex":false,"jetpack_post_was_ever_published":false,"_jetpack_newsletter_access":"","_jetpack_dont_email_post_to_subs":false,"_jetpack_newsletter_tier_id":0,"_jetpack_memberships_contains_paywalled_content":false,"_jetpack_memberships_contains_paid_content":false,"footnotes":"","jetpack_publicize_message":"","jetpack_publicize_feature_enabled":true,"jetpack_social_post_already_shared":true,"jetpack_social_options":{"image_generator_settings":{"template":"highway","default_image_id":0,"font":"","enabled":false},"version":2}},"categories":[11],"tags":[],"class_list":["post-75943","post","type-post","status-publish","format-standard","has-post-thumbnail","hentry","category-noticias-de-ribeirao-preto-sp-e-regiao-ismael-colosi"],"jetpack_publicize_connections":[],"jetpack_featured_media_url":"https:\/\/i0.wp.com\/noticiasribeiraopreto.com.br\/wp-content\/uploads\/2025\/08\/ChuvaRP-Alfredo-Risk-scaled.jpg?fit=1200%2C623&ssl=1","jetpack-related-posts":[{"id":56613,"url":"https:\/\/noticiasribeiraopreto.com.br\/index.php\/2024\/08\/15\/ribeirao-preto-recebe-festival-nacional-de-teatro-veja-a-programacao\/","url_meta":{"origin":75943,"position":0},"title":"Ribeir\u00e3o Preto recebe Festival Nacional de Teatro; Veja a programa\u00e7\u00e3o","author":"noticiasribeiraopreto.com.br","date":"15 de August de 2024","format":false,"excerpt":"A 8\u00aa edi\u00e7\u00e3o do Festival Nacional de Teatro chega a Ribeir\u00e3o Preto nesta sexta-feira (16) e segue at\u00e9 o dia 1\u00ba de setembro. S\u00e3o 35 espet\u00e1culos, nove oficinas e tr\u00eas performances, no Teatro Municipal, parques, pra\u00e7as e outros teatros da cidade. Toda a programa\u00e7\u00e3o \u00e9 gratuita. A novidade deste ano\u2026","rel":"","context":"In &quot;Not\u00edcias de Ribeir\u00e3o Preto-SP e Regi\u00e3o&quot;","block_context":{"text":"Not\u00edcias de Ribeir\u00e3o Preto-SP e Regi\u00e3o","link":"https:\/\/noticiasribeiraopreto.com.br\/index.php\/category\/noticias-de-ribeirao-preto-sp-e-regiao-ismael-colosi\/"},"img":{"alt_text":"","src":"https:\/\/i0.wp.com\/noticiasribeiraopreto.com.br\/wp-content\/uploads\/2024\/08\/Copia-de-Copia-de-Copia-de-TAMANHO-EXATO-PARA-FOTOS-NO-SISTEMA-NOVO-2_2024-08-15_12-44-51_jpg_2024-08-15_12-44-51.webp.webp?fit=1200%2C675&ssl=1&resize=350%2C200","width":350,"height":200,"srcset":"https:\/\/i0.wp.com\/noticiasribeiraopreto.com.br\/wp-content\/uploads\/2024\/08\/Copia-de-Copia-de-Copia-de-TAMANHO-EXATO-PARA-FOTOS-NO-SISTEMA-NOVO-2_2024-08-15_12-44-51_jpg_2024-08-15_12-44-51.webp.webp?fit=1200%2C675&ssl=1&resize=350%2C200 1x, https:\/\/i0.wp.com\/noticiasribeiraopreto.com.br\/wp-content\/uploads\/2024\/08\/Copia-de-Copia-de-Copia-de-TAMANHO-EXATO-PARA-FOTOS-NO-SISTEMA-NOVO-2_2024-08-15_12-44-51_jpg_2024-08-15_12-44-51.webp.webp?fit=1200%2C675&ssl=1&resize=525%2C300 1.5x, https:\/\/i0.wp.com\/noticiasribeiraopreto.com.br\/wp-content\/uploads\/2024\/08\/Copia-de-Copia-de-Copia-de-TAMANHO-EXATO-PARA-FOTOS-NO-SISTEMA-NOVO-2_2024-08-15_12-44-51_jpg_2024-08-15_12-44-51.webp.webp?fit=1200%2C675&ssl=1&resize=700%2C400 2x, https:\/\/i0.wp.com\/noticiasribeiraopreto.com.br\/wp-content\/uploads\/2024\/08\/Copia-de-Copia-de-Copia-de-TAMANHO-EXATO-PARA-FOTOS-NO-SISTEMA-NOVO-2_2024-08-15_12-44-51_jpg_2024-08-15_12-44-51.webp.webp?fit=1200%2C675&ssl=1&resize=1050%2C600 3x"},"classes":[]},{"id":55868,"url":"https:\/\/noticiasribeiraopreto.com.br\/index.php\/2024\/08\/07\/brasileiros-comemoram-governo-anuncia-pagamento-de-confirmado-pelo-governo-em-todo-o-pais-veja-como-receber\/","url_meta":{"origin":75943,"position":1},"title":"Brasileiros Comemoram! Governo Anuncia Pagamento de Confirmado pelo Governo em Todo o Pa\u00eds; Veja como receber","author":"noticiasribeiraopreto.com.br","date":"7 de August de 2024","format":false,"excerpt":"O dep\u00f3sito de R$ 102 ser\u00e1 feito novamente para mais de 5,81 milh\u00f5es de fam\u00edlias. O pagamento j\u00e1 foi confirmado e a data foi anunciada pelo Governo Federal. Esse valor contribui para a compra de necessidades na casa dos brasileiros. Est\u00e1 confirmado que o pagamento de R$ 102 em todo\u2026","rel":"","context":"In &quot;Dinheiro e Investimento&quot;","block_context":{"text":"Dinheiro e Investimento","link":"https:\/\/noticiasribeiraopreto.com.br\/index.php\/category\/dinheiro-e-investimento-como-fazer-como-ganhar\/"},"img":{"alt_text":"","src":"https:\/\/i0.wp.com\/noticiasribeiraopreto.com.br\/wp-content\/uploads\/2024\/08\/pagamento-de-r-102.webp.webp?fit=1200%2C630&ssl=1&resize=350%2C200","width":350,"height":200,"srcset":"https:\/\/i0.wp.com\/noticiasribeiraopreto.com.br\/wp-content\/uploads\/2024\/08\/pagamento-de-r-102.webp.webp?fit=1200%2C630&ssl=1&resize=350%2C200 1x, https:\/\/i0.wp.com\/noticiasribeiraopreto.com.br\/wp-content\/uploads\/2024\/08\/pagamento-de-r-102.webp.webp?fit=1200%2C630&ssl=1&resize=525%2C300 1.5x, https:\/\/i0.wp.com\/noticiasribeiraopreto.com.br\/wp-content\/uploads\/2024\/08\/pagamento-de-r-102.webp.webp?fit=1200%2C630&ssl=1&resize=700%2C400 2x, https:\/\/i0.wp.com\/noticiasribeiraopreto.com.br\/wp-content\/uploads\/2024\/08\/pagamento-de-r-102.webp.webp?fit=1200%2C630&ssl=1&resize=1050%2C600 3x"},"classes":[]},{"id":55616,"url":"https:\/\/noticiasribeiraopreto.com.br\/index.php\/2024\/08\/03\/atencao-beneficiarios-bolsa-familia-divulga-calendario-do-mes-de-agosto-para-os-nis-1-2-3-4-5-6-7-8-9-e-0-confira-as-datas-de-pagamento-2\/","url_meta":{"origin":75943,"position":2},"title":"Aten\u00e7\u00e3o benefici\u00e1rios! Bolsa fam\u00edlia divulga calend\u00e1rio do m\u00eas de Agosto para os NIS 1, 2, 3, 4, 5, 6, 7, 8, 9 e 0; Confira as datas de pagamento","author":"noticiasribeiraopreto.com.br","date":"3 de August de 2024","format":false,"excerpt":"O Bolsa Fam\u00edlia, programa de transfer\u00eancia de renda do governo federal brasileiro, continua sendo uma ferramenta importante para milh\u00f5es de fam\u00edlias em situa\u00e7\u00e3o de vulnerabilidade econ\u00f4mica. Para fornecer assist\u00eancia financeira mensal, o programa prev\u00ea pagamentos de acordo com um calend\u00e1rio espec\u00edfico, que inclui benef\u00edcios adicionais em determinadas ocasi\u00f5es. Para receber\u2026","rel":"","context":"In &quot;Dinheiro e Investimento&quot;","block_context":{"text":"Dinheiro e Investimento","link":"https:\/\/noticiasribeiraopreto.com.br\/index.php\/category\/dinheiro-e-investimento-como-fazer-como-ganhar\/"},"img":{"alt_text":"","src":"https:\/\/i0.wp.com\/noticiasribeiraopreto.com.br\/wp-content\/uploads\/2024\/07\/reuniao-semanal-equipe-borcelle.webp.webp?fit=1200%2C630&ssl=1&resize=350%2C200","width":350,"height":200,"srcset":"https:\/\/i0.wp.com\/noticiasribeiraopreto.com.br\/wp-content\/uploads\/2024\/07\/reuniao-semanal-equipe-borcelle.webp.webp?fit=1200%2C630&ssl=1&resize=350%2C200 1x, https:\/\/i0.wp.com\/noticiasribeiraopreto.com.br\/wp-content\/uploads\/2024\/07\/reuniao-semanal-equipe-borcelle.webp.webp?fit=1200%2C630&ssl=1&resize=525%2C300 1.5x, https:\/\/i0.wp.com\/noticiasribeiraopreto.com.br\/wp-content\/uploads\/2024\/07\/reuniao-semanal-equipe-borcelle.webp.webp?fit=1200%2C630&ssl=1&resize=700%2C400 2x, https:\/\/i0.wp.com\/noticiasribeiraopreto.com.br\/wp-content\/uploads\/2024\/07\/reuniao-semanal-equipe-borcelle.webp.webp?fit=1200%2C630&ssl=1&resize=1050%2C600 3x"},"classes":[]},{"id":55276,"url":"https:\/\/noticiasribeiraopreto.com.br\/index.php\/2024\/07\/31\/atencao-beneficiarios-bolsa-familia-divulga-calendario-do-mes-de-agosto-para-os-nis-1-2-3-4-5-6-7-8-9-e-0-confira-as-datas-de-pagamento\/","url_meta":{"origin":75943,"position":3},"title":"Aten\u00e7\u00e3o benefici\u00e1rios! Bolsa fam\u00edlia divulga calend\u00e1rio do m\u00eas de Agosto para os NIS 1, 2, 3, 4, 5, 6, 7, 8, 9 e 0; Confira as datas de pagamento","author":"noticiasribeiraopreto.com.br","date":"31 de July de 2024","format":false,"excerpt":"O Bolsa Fam\u00edlia, programa de transfer\u00eancia de renda do governo federal brasileiro, continua sendo uma ferramenta importante para milh\u00f5es de fam\u00edlias em situa\u00e7\u00e3o de vulnerabilidade econ\u00f4mica. Para fornecer assist\u00eancia financeira mensal, o programa prev\u00ea pagamentos de acordo com um calend\u00e1rio espec\u00edfico, que inclui benef\u00edcios adicionais em determinadas ocasi\u00f5es. Para receber\u2026","rel":"","context":"In &quot;Dinheiro e Investimento&quot;","block_context":{"text":"Dinheiro e Investimento","link":"https:\/\/noticiasribeiraopreto.com.br\/index.php\/category\/dinheiro-e-investimento-como-fazer-como-ganhar\/"},"img":{"alt_text":"","src":"https:\/\/i0.wp.com\/noticiasribeiraopreto.com.br\/wp-content\/uploads\/2024\/07\/reuniao-semanal-equipe-borcelle.webp.webp?fit=1200%2C630&ssl=1&resize=350%2C200","width":350,"height":200,"srcset":"https:\/\/i0.wp.com\/noticiasribeiraopreto.com.br\/wp-content\/uploads\/2024\/07\/reuniao-semanal-equipe-borcelle.webp.webp?fit=1200%2C630&ssl=1&resize=350%2C200 1x, https:\/\/i0.wp.com\/noticiasribeiraopreto.com.br\/wp-content\/uploads\/2024\/07\/reuniao-semanal-equipe-borcelle.webp.webp?fit=1200%2C630&ssl=1&resize=525%2C300 1.5x, https:\/\/i0.wp.com\/noticiasribeiraopreto.com.br\/wp-content\/uploads\/2024\/07\/reuniao-semanal-equipe-borcelle.webp.webp?fit=1200%2C630&ssl=1&resize=700%2C400 2x, https:\/\/i0.wp.com\/noticiasribeiraopreto.com.br\/wp-content\/uploads\/2024\/07\/reuniao-semanal-equipe-borcelle.webp.webp?fit=1200%2C630&ssl=1&resize=1050%2C600 3x"},"classes":[]},{"id":75034,"url":"https:\/\/noticiasribeiraopreto.com.br\/index.php\/2025\/08\/01\/casa-de-portinari-tem-programacao-especial-no-mes-de-aniversario-de-brodowski-confira\/","url_meta":{"origin":75943,"position":4},"title":"Casa de Portinari tem programa\u00e7\u00e3o especial no m\u00eas de anivers\u00e1rio de Brodowski; confira","author":"noticiasribeiraopreto.com.br","date":"1 de August de 2025","format":false,"excerpt":"O Museu Casa de Portinari, em Brodowski, regi\u00e3o de Ribeir\u00e3o Preto, conta com uma agenda especial em agosto, m\u00eas que celebra os 112 anos da cidade. A programa\u00e7\u00e3o re\u00fane atividades culturais que valorizam a hist\u00f3ria e a mem\u00f3ria local, tendo como ponto alto a 50\u00aa Semana de Portinari, que acontece\u2026","rel":"","context":"In &quot;Not\u00edcias de Ribeir\u00e3o Preto-SP e Regi\u00e3o&quot;","block_context":{"text":"Not\u00edcias de Ribeir\u00e3o Preto-SP e Regi\u00e3o","link":"https:\/\/noticiasribeiraopreto.com.br\/index.php\/category\/noticias-de-ribeirao-preto-sp-e-regiao-ismael-colosi\/"},"img":{"alt_text":"","src":"https:\/\/i0.wp.com\/noticiasribeiraopreto.com.br\/wp-content\/uploads\/2025\/08\/f39de422-408e-4e01-885d-e6f6ebd33ced_2025-08-01_15-24-13.webp.webp?fit=1200%2C800&ssl=1&resize=350%2C200","width":350,"height":200,"srcset":"https:\/\/i0.wp.com\/noticiasribeiraopreto.com.br\/wp-content\/uploads\/2025\/08\/f39de422-408e-4e01-885d-e6f6ebd33ced_2025-08-01_15-24-13.webp.webp?fit=1200%2C800&ssl=1&resize=350%2C200 1x, https:\/\/i0.wp.com\/noticiasribeiraopreto.com.br\/wp-content\/uploads\/2025\/08\/f39de422-408e-4e01-885d-e6f6ebd33ced_2025-08-01_15-24-13.webp.webp?fit=1200%2C800&ssl=1&resize=525%2C300 1.5x, https:\/\/i0.wp.com\/noticiasribeiraopreto.com.br\/wp-content\/uploads\/2025\/08\/f39de422-408e-4e01-885d-e6f6ebd33ced_2025-08-01_15-24-13.webp.webp?fit=1200%2C800&ssl=1&resize=700%2C400 2x, https:\/\/i0.wp.com\/noticiasribeiraopreto.com.br\/wp-content\/uploads\/2025\/08\/f39de422-408e-4e01-885d-e6f6ebd33ced_2025-08-01_15-24-13.webp.webp?fit=1200%2C800&ssl=1&resize=1050%2C600 3x"},"classes":[]},{"id":73410,"url":"https:\/\/noticiasribeiraopreto.com.br\/index.php\/2025\/07\/01\/festa-do-peao-de-barretos-tera-finais-nacionais-provas-esportivas-e-premiacao-de-r-15-milhao\/","url_meta":{"origin":75943,"position":5},"title":"Festa do Pe\u00e3o de Barretos ter\u00e1 finais nacionais, provas esportivas e premia\u00e7\u00e3o de R$ 1,5 milh\u00e3o","author":"noticiasribeiraopreto.com.br","date":"1 de July de 2025","format":false,"excerpt":"A 70\u00aa edi\u00e7\u00e3o da Festa do Pe\u00e3o de Barretos acontece entre os dias 21 e 31 de agosto, no Parque do Pe\u00e3o, em Barretos. O evento re\u00fane cerca de 3,5 mil competidores em nove modalidades esportivas de rodeio e provas cronometradas, com premia\u00e7\u00e3o total que supera R$ 1,5 milh\u00e3o. As\u2026","rel":"","context":"In &quot;Not\u00edcias de Ribeir\u00e3o Preto-SP e Regi\u00e3o&quot;","block_context":{"text":"Not\u00edcias de Ribeir\u00e3o Preto-SP e Regi\u00e3o","link":"https:\/\/noticiasribeiraopreto.com.br\/index.php\/category\/noticias-de-ribeirao-preto-sp-e-regiao-ismael-colosi\/"},"img":{"alt_text":"","src":"https:\/\/i0.wp.com\/noticiasribeiraopreto.com.br\/wp-content\/uploads\/2025\/07\/Imagem-do-WhatsApp-de-2025-07-01-as-16.18.28_57460c98_2025-07-01_19-43-10.webp.webp?fit=1200%2C800&ssl=1&resize=350%2C200","width":350,"height":200,"srcset":"https:\/\/i0.wp.com\/noticiasribeiraopreto.com.br\/wp-content\/uploads\/2025\/07\/Imagem-do-WhatsApp-de-2025-07-01-as-16.18.28_57460c98_2025-07-01_19-43-10.webp.webp?fit=1200%2C800&ssl=1&resize=350%2C200 1x, https:\/\/i0.wp.com\/noticiasribeiraopreto.com.br\/wp-content\/uploads\/2025\/07\/Imagem-do-WhatsApp-de-2025-07-01-as-16.18.28_57460c98_2025-07-01_19-43-10.webp.webp?fit=1200%2C800&ssl=1&resize=525%2C300 1.5x, https:\/\/i0.wp.com\/noticiasribeiraopreto.com.br\/wp-content\/uploads\/2025\/07\/Imagem-do-WhatsApp-de-2025-07-01-as-16.18.28_57460c98_2025-07-01_19-43-10.webp.webp?fit=1200%2C800&ssl=1&resize=700%2C400 2x, https:\/\/i0.wp.com\/noticiasribeiraopreto.com.br\/wp-content\/uploads\/2025\/07\/Imagem-do-WhatsApp-de-2025-07-01-as-16.18.28_57460c98_2025-07-01_19-43-10.webp.webp?fit=1200%2C800&ssl=1&resize=1050%2C600 3x"},"classes":[]}],"jetpack_sharing_enabled":true,"jetpack_shortlink":"https:\/\/wp.me\/peQAOb-jKT","_links":{"self":[{"href":"https:\/\/noticiasribeiraopreto.com.br\/index.php\/wp-json\/wp\/v2\/posts\/75943","targetHints":{"allow":["GET"]}}],"collection":[{"href":"https:\/\/noticiasribeiraopreto.com.br\/index.php\/wp-json\/wp\/v2\/posts"}],"about":[{"href":"https:\/\/noticiasribeiraopreto.com.br\/index.php\/wp-json\/wp\/v2\/types\/post"}],"author":[{"embeddable":true,"href":"https:\/\/noticiasribeiraopreto.com.br\/index.php\/wp-json\/wp\/v2\/users\/1"}],"replies":[{"embeddable":true,"href":"https:\/\/noticiasribeiraopreto.com.br\/index.php\/wp-json\/wp\/v2\/comments?post=75943"}],"version-history":[{"count":0,"href":"https:\/\/noticiasribeiraopreto.com.br\/index.php\/wp-json\/wp\/v2\/posts\/75943\/revisions"}],"wp:featuredmedia":[{"embeddable":true,"href":"https:\/\/noticiasribeiraopreto.com.br\/index.php\/wp-json\/wp\/v2\/media\/75944"}],"wp:attachment":[{"href":"https:\/\/noticiasribeiraopreto.com.br\/index.php\/wp-json\/wp\/v2\/media?parent=75943"}],"wp:term":[{"taxonomy":"category","embeddable":true,"href":"https:\/\/noticiasribeiraopreto.com.br\/index.php\/wp-json\/wp\/v2\/categories?post=75943"},{"taxonomy":"post_tag","embeddable":true,"href":"https:\/\/noticiasribeiraopreto.com.br\/index.php\/wp-json\/wp\/v2\/tags?post=75943"}],"curies":[{"name":"wp","href":"https:\/\/api.w.org\/{rel}","templated":true}]}}