{"id":76084,"date":"2025-08-21T18:35:40","date_gmt":"2025-08-21T21:35:40","guid":{"rendered":"https:\/\/noticiasribeiraopreto.com.br\/index.php\/2025\/08\/21\/cartoes-de-credito-e-pix-poderao-ser-usados-no-pagamento-de-impostos-em-ribeirao\/"},"modified":"2025-08-21T18:35:40","modified_gmt":"2025-08-21T21:35:40","slug":"cartoes-de-credito-e-pix-poderao-ser-usados-no-pagamento-de-impostos-em-ribeirao","status":"publish","type":"post","link":"https:\/\/noticiasribeiraopreto.com.br\/index.php\/2025\/08\/21\/cartoes-de-credito-e-pix-poderao-ser-usados-no-pagamento-de-impostos-em-ribeirao\/","title":{"rendered":"Cart\u00f5es de cr\u00e9dito e Pix poder\u00e3o ser usados no pagamento de impostos em Ribeir\u00e3o"},"content":{"rendered":"<div class='code-block code-block-1' style='margin: 8px 0 8px auto; text-align: right; display: block; clear: both;'>\n<p><a href=\"https:\/\/wa.link\/vpicfd\"><img data-recalc-dims=\"1\" class=\"wp-image-4922\" style=\"aspect-ratio: 2.0253164556962027; width: 561px; height: auto;\" src=\"https:\/\/i0.wp.com\/ismaelcolosi.com.br\/wp-content\/uploads\/2023\/11\/grupo-de-empregos-whatsapp-e-facebook-ismael-colosi-vagas.jpg?ssl=1\" alt=\"\" \/><\/a><\/p>\n<!-- \/wp:image -->\n<\/div>\n<p> <br \/>\n<\/p>\n<div data-td-block-uid=\"tdi_95\">\n<div class=\"tdb-block-inner td-fix-index\">\n<p>A<strong><a href=\"https:\/\/www.camararibeiraopreto.sp.gov.br\/atividade-legislativa\/sessoes\/pesquisas\" data-type=\"link\" data-id=\"https:\/\/www.camararibeiraopreto.sp.gov.br\/atividade-legislativa\/sessoes\/pesquisas\" target=\"_blank\" rel=\"noopener\"> C\u00e2mara de Ribeir\u00e3o Preto<\/a><\/strong> aprovou na noite de quarta-feira (20), em segunda vota\u00e7\u00e3o, projeto de lei complementar que permite o pagamento de impostos municipais por meio de <strong>cart\u00f5es de cr\u00e9dito e d\u00e9bito<\/strong>, al\u00e9m do <strong>Pix<\/strong>. A proposta \u00e9 de autoria do chefe do Executivo e segue para san\u00e7\u00e3o do prefeito<strong> Ricardo Silva (PSD)<\/strong>.<\/p>\n<p>O projeto tamb\u00e9m autoriza a <strong><a href=\"https:\/\/www.ribeiraopreto.sp.gov.br\/portal\/\" data-type=\"link\" data-id=\"https:\/\/www.ribeiraopreto.sp.gov.br\/portal\/\" target=\"_blank\" rel=\"noopener\">Prefeitura de Ribeir\u00e3o Preto<\/a><\/strong> a receber os pagamentos dos contribuintes, impostos, taxas e contribui\u00e7\u00f5es por meio de carteiras digitais.<\/p>\n<p>A proposta destaca que nos pagamentos de tributos municipais realizados por cart\u00e3o de d\u00e9bito ou cr\u00e9dito e carteiras digitais, o munic\u00edpio poder\u00e1 acrescentar os custos de administra\u00e7\u00e3o da operadora ao valor principal da cobran\u00e7a.<\/p>\n<p>A nova norma ainda autoriza o parcelamento do d\u00e9bito diretamente pela operadora do cart\u00e3o de cr\u00e9dito. Contudo, o pagamento n\u00e3o poder\u00e1 ser parcelado quando for oferecido desconto para quita\u00e7\u00e3o da d\u00edvida.<\/p>\n<h2 class=\"wp-block-heading\"><strong>Contrata\u00e7\u00e3o<\/strong><\/h2>\n<p>Na semana passada, quando foi anunciado pelo Executivo, o secret\u00e1rio da Fazenda de Ribeir\u00e3o Preto, <strong>Fernando Oliveira Soares<\/strong>, salientou que, al\u00e9m da aprova\u00e7\u00e3o pelo Legislativo, o pagamento por cart\u00e3o de cr\u00e9dito tamb\u00e9m dependente da abertura de um chamamento p\u00fablico para que as empresas operadoras do servi\u00e7o realizem a ades\u00e3o ao programa.<\/p>\n<p>SAIBA MAIS<br \/><strong>Festa do Pe\u00e3o de Barretos: Confira programa\u00e7\u00e3o completa de shows e rodeio<\/strong><\/p>\n<h2 class=\"wp-block-heading\"><strong>FIQUE ON<\/strong><\/h2>\n<p>Fique ligado em tudo que acontece em Ribeir\u00e3o Preto e regi\u00e3o. Siga os perfis do\u00a0<strong>acidade on<\/strong>\u00a0no<a href=\"https:\/\/www.instagram.com\/acidadeonribeirao\" target=\"_blank\" rel=\"noreferrer noopener\">\u00a0Instagram\u00a0<\/a>e no\u00a0<a href=\"https:\/\/www.facebook.com\/acidadeonribeirao\/\" target=\"_blank\" rel=\"noreferrer noopener\">Facebook<\/a>.<\/p>\n<p>Receba not\u00edcias do\u00a0<strong>acidade on\u00a0<\/strong>no WhatsApp. Para entrar no grupo,\u00a0basta\u00a0<a href=\"https:\/\/chat.whatsapp.com\/I4nieTEMKlf50pJ28aMemC?mode=ac_t\" target=\"_blank\" rel=\"noreferrer noopener\">clicar aqui<\/a>. Ou, acesse o nosso\u00a0Canal\u00a0<a href=\"https:\/\/whatsapp.com\/channel\/0029Vb6IQl1JENyAeS57fk2p\" target=\"_blank\" rel=\"noreferrer noopener\">clicando aqui<\/a>.<\/p>\n<p>Fa\u00e7a uma den\u00fancia ou sugira uma reportagem sobre Ribeir\u00e3o Preto e regi\u00e3o pelo WhatsApp: 16 99117 7802.<\/p>\n<p>VEJA TAMB\u00c9M<br \/>Qual a parceria entre Zeca Pagodinho e a Embrapa?<\/p>\n<p><!-- AI CONTENT END 1 -->\n<\/div>\n<\/div>\n<p><script async src=\"\/\/www.instagram.com\/embed.js\"><\/script><br \/>\n<br \/><br \/>\n<br \/><a href=\"https:\/\/www.acidadeon.com\/ribeiraopreto\/politica\/cartoes-de-credito-e-pix-poderao-ser-usados-no-pagamento-de-impostos-em-ribeirao\/\">Source link <\/a><\/p>\n<!-- CONTENT END 1 -->\n","protected":false},"excerpt":{"rendered":"<p>A C\u00e2mara de Ribeir\u00e3o Preto aprovou na noite de quarta-feira (20), em segunda vota\u00e7\u00e3o, projeto de lei complementar que permite o pagamento de impostos municipais&#8230;<\/p>\n","protected":false},"author":1,"featured_media":76085,"comment_status":"open","ping_status":"open","sticky":false,"template":"","format":"standard","meta":{"advanced_seo_description":"","jetpack_seo_html_title":"","jetpack_seo_noindex":false,"jetpack_post_was_ever_published":false,"_jetpack_newsletter_access":"","_jetpack_dont_email_post_to_subs":false,"_jetpack_newsletter_tier_id":0,"_jetpack_memberships_contains_paywalled_content":false,"_jetpack_memberships_contains_paid_content":false,"footnotes":"","jetpack_publicize_message":"","jetpack_publicize_feature_enabled":true,"jetpack_social_post_already_shared":true,"jetpack_social_options":{"image_generator_settings":{"template":"highway","default_image_id":0,"font":"","enabled":false},"version":2}},"categories":[11],"tags":[],"class_list":["post-76084","post","type-post","status-publish","format-standard","has-post-thumbnail","hentry","category-noticias-de-ribeirao-preto-sp-e-regiao-ismael-colosi"],"jetpack_publicize_connections":[],"jetpack_featured_media_url":"https:\/\/i0.wp.com\/noticiasribeiraopreto.com.br\/wp-content\/uploads\/2025\/08\/cartao-de-credito_2025-08-21_18-36-22.webp.webp?fit=1200%2C800&ssl=1","jetpack-related-posts":[{"id":32932,"url":"https:\/\/noticiasribeiraopreto.com.br\/index.php\/2024\/01\/26\/pix-deve-chegar-a-40-dos-pagamentos-online-ate-2026-e-empatar-com-cartao\/","url_meta":{"origin":76084,"position":0},"title":"Pix deve chegar a 40% dos pagamentos online at\u00e9 2026 e empatar com cart\u00e3o","author":"noticiasribeiraopreto.com.br","date":"26 de January de 2024","format":false,"excerpt":"O Pix deve atingir 40% do mercado brasileiro de pagamentos at\u00e9 2026, projeta a empresa de pagamentos Ebanx. Com uma movimenta\u00e7\u00e3o financeira anual pr\u00f3xima a US$ 200 bilh\u00f5es (o equivalente a R$ 985,5 bilh\u00f5es), o sistema de pagamentos instant\u00e2neos deve empatar com os cart\u00f5es de cr\u00e9dito no posto de meio\u2026","rel":"","context":"In &quot;Not\u00edcias de Ribeir\u00e3o Preto-SP e Regi\u00e3o&quot;","block_context":{"text":"Not\u00edcias de Ribeir\u00e3o Preto-SP e Regi\u00e3o","link":"https:\/\/noticiasribeiraopreto.com.br\/index.php\/category\/noticias-de-ribeirao-preto-sp-e-regiao-ismael-colosi\/"},"img":{"alt_text":"","src":"https:\/\/i0.wp.com\/noticiasribeiraopreto.com.br\/wp-content\/uploads\/2024\/01\/shutterstock_1919177990_pix-1140x694-1-scaled.jpg?fit=1000%2C609&ssl=1&resize=350%2C200","width":350,"height":200,"srcset":"https:\/\/i0.wp.com\/noticiasribeiraopreto.com.br\/wp-content\/uploads\/2024\/01\/shutterstock_1919177990_pix-1140x694-1-scaled.jpg?fit=1000%2C609&ssl=1&resize=350%2C200 1x, https:\/\/i0.wp.com\/noticiasribeiraopreto.com.br\/wp-content\/uploads\/2024\/01\/shutterstock_1919177990_pix-1140x694-1-scaled.jpg?fit=1000%2C609&ssl=1&resize=525%2C300 1.5x, https:\/\/i0.wp.com\/noticiasribeiraopreto.com.br\/wp-content\/uploads\/2024\/01\/shutterstock_1919177990_pix-1140x694-1-scaled.jpg?fit=1000%2C609&ssl=1&resize=700%2C400 2x"},"classes":[]},{"id":52560,"url":"https:\/\/noticiasribeiraopreto.com.br\/index.php\/2024\/06\/09\/entenda-como-funciona-as-novas-formas-para-pagamento-do-transporte-publico-em-ribeirao\/","url_meta":{"origin":76084,"position":1},"title":"Entenda como funciona as novas formas para pagamento do transporte p\u00fablico em Ribeir\u00e3o","author":"noticiasribeiraopreto.com.br","date":"9 de June de 2024","format":false,"excerpt":"A Prefeitura de Ribeir\u00e3o Preto anunciou, no final da semana passada, novas formas de pagamento no sistema de bilhetagem dos \u00f4nibus urbanos do munic\u00edpio. O comunicado foi realizado por meio da RP Mobi e do cons\u00f3rcio Pr\u00f3Urbano. Agora, de acordo com a Administra\u00e7\u00e3o, os passageiros poder\u00e3o embarcar utilizando cart\u00f5es de\u2026","rel":"","context":"In &quot;Not\u00edcias de Ribeir\u00e3o Preto-SP e Regi\u00e3o&quot;","block_context":{"text":"Not\u00edcias de Ribeir\u00e3o Preto-SP e Regi\u00e3o","link":"https:\/\/noticiasribeiraopreto.com.br\/index.php\/category\/noticias-de-ribeirao-preto-sp-e-regiao-ismael-colosi\/"},"img":{"alt_text":"","src":"https:\/\/i0.wp.com\/noticiasribeiraopreto.com.br\/wp-content\/uploads\/2024\/05\/Copia-de-Copia-de-TAMANHO-EXATO-PARA-FOTOS-NO-SISTEMA-NOVO-35_2024-05-23_16-30-22_jpg_2024-05-23_16-30-22.webp.webp?fit=1200%2C675&ssl=1&resize=350%2C200","width":350,"height":200,"srcset":"https:\/\/i0.wp.com\/noticiasribeiraopreto.com.br\/wp-content\/uploads\/2024\/05\/Copia-de-Copia-de-TAMANHO-EXATO-PARA-FOTOS-NO-SISTEMA-NOVO-35_2024-05-23_16-30-22_jpg_2024-05-23_16-30-22.webp.webp?fit=1200%2C675&ssl=1&resize=350%2C200 1x, https:\/\/i0.wp.com\/noticiasribeiraopreto.com.br\/wp-content\/uploads\/2024\/05\/Copia-de-Copia-de-TAMANHO-EXATO-PARA-FOTOS-NO-SISTEMA-NOVO-35_2024-05-23_16-30-22_jpg_2024-05-23_16-30-22.webp.webp?fit=1200%2C675&ssl=1&resize=525%2C300 1.5x, https:\/\/i0.wp.com\/noticiasribeiraopreto.com.br\/wp-content\/uploads\/2024\/05\/Copia-de-Copia-de-TAMANHO-EXATO-PARA-FOTOS-NO-SISTEMA-NOVO-35_2024-05-23_16-30-22_jpg_2024-05-23_16-30-22.webp.webp?fit=1200%2C675&ssl=1&resize=700%2C400 2x, https:\/\/i0.wp.com\/noticiasribeiraopreto.com.br\/wp-content\/uploads\/2024\/05\/Copia-de-Copia-de-TAMANHO-EXATO-PARA-FOTOS-NO-SISTEMA-NOVO-35_2024-05-23_16-30-22_jpg_2024-05-23_16-30-22.webp.webp?fit=1200%2C675&ssl=1&resize=1050%2C600 3x"},"classes":[]},{"id":32612,"url":"https:\/\/noticiasribeiraopreto.com.br\/index.php\/2024\/01\/25\/o-reinado-do-cartao-de-credito-esta-com-os-dias-contados-pix-deve-empatar-com-o-atual-meio-de-pagamento-mais-popular-do-brasil-ate-2026\/","url_meta":{"origin":76084,"position":2},"title":"O reinado do cart\u00e3o de cr\u00e9dito est\u00e1 com os dias contados? Pix deve empatar com o atual meio de pagamento mais popular do Brasil at\u00e9 2026","author":"noticiasribeiraopreto.com.br","date":"25 de January de 2024","format":false,"excerpt":"O Pix deve atingir 40% do mercado brasileiro de pagamentos at\u00e9 2026, projeta a empresa de pagamentos Ebanx. Com uma movimenta\u00e7\u00e3o financeira anual pr\u00f3xima a US$ 200 bilh\u00f5es (o equivalente a R$ 985,5 bilh\u00f5es), o sistema de pagamentos instant\u00e2neos deve empatar com os cart\u00f5es de cr\u00e9dito no posto de meio\u2026","rel":"","context":"In &quot;Dinheiro e Investimento&quot;","block_context":{"text":"Dinheiro e Investimento","link":"https:\/\/noticiasribeiraopreto.com.br\/index.php\/category\/dinheiro-e-investimento-como-fazer-como-ganhar\/"},"img":{"alt_text":"","src":"https:\/\/i0.wp.com\/noticiasribeiraopreto.com.br\/wp-content\/uploads\/2024\/01\/shutterstock_1828985984-scaled-1-628x353.png?fit=628%2C353&ssl=1&resize=350%2C200","width":350,"height":200,"srcset":"https:\/\/i0.wp.com\/noticiasribeiraopreto.com.br\/wp-content\/uploads\/2024\/01\/shutterstock_1828985984-scaled-1-628x353.png?fit=628%2C353&ssl=1&resize=350%2C200 1x, https:\/\/i0.wp.com\/noticiasribeiraopreto.com.br\/wp-content\/uploads\/2024\/01\/shutterstock_1828985984-scaled-1-628x353.png?fit=628%2C353&ssl=1&resize=525%2C300 1.5x"},"classes":[]},{"id":24112,"url":"https:\/\/noticiasribeiraopreto.com.br\/index.php\/2024\/01\/03\/multas-licenciamento-e-transferencia-de-veiculos-podem-ser-pagos-por-pix-veja-como\/","url_meta":{"origin":76084,"position":3},"title":"Multas, licenciamento e transfer\u00eancia de ve\u00edculos podem ser pagos por Pix; Veja como","author":"noticiasribeiraopreto.com.br","date":"3 de January de 2024","format":false,"excerpt":"A partir desta quarta-feira (3) o Governo de S\u00e3o Paulo vai liberar o pagamento do licenciamento, da transfer\u00eancia de ve\u00edculos e de multas de tr\u00e2nsito por Pix. A opera\u00e7\u00e3o ser\u00e1 feita por meio da gera\u00e7\u00e3o de um QR Code, obtido do portal da Sefaz-SP (Secretaria da Fazenda de S\u00e3o Paulo).\u2026","rel":"","context":"In &quot;Not\u00edcias de Ribeir\u00e3o Preto-SP e Regi\u00e3o&quot;","block_context":{"text":"Not\u00edcias de Ribeir\u00e3o Preto-SP e Regi\u00e3o","link":"https:\/\/noticiasribeiraopreto.com.br\/index.php\/category\/noticias-de-ribeirao-preto-sp-e-regiao-ismael-colosi\/"},"img":{"alt_text":"","src":"https:\/\/i0.wp.com\/noticiasribeiraopreto.com.br\/wp-content\/uploads\/2024\/01\/homem-segurando-celular-pix.jpg?fit=1200%2C800&ssl=1&resize=350%2C200","width":350,"height":200,"srcset":"https:\/\/i0.wp.com\/noticiasribeiraopreto.com.br\/wp-content\/uploads\/2024\/01\/homem-segurando-celular-pix.jpg?fit=1200%2C800&ssl=1&resize=350%2C200 1x, https:\/\/i0.wp.com\/noticiasribeiraopreto.com.br\/wp-content\/uploads\/2024\/01\/homem-segurando-celular-pix.jpg?fit=1200%2C800&ssl=1&resize=525%2C300 1.5x, https:\/\/i0.wp.com\/noticiasribeiraopreto.com.br\/wp-content\/uploads\/2024\/01\/homem-segurando-celular-pix.jpg?fit=1200%2C800&ssl=1&resize=700%2C400 2x, https:\/\/i0.wp.com\/noticiasribeiraopreto.com.br\/wp-content\/uploads\/2024\/01\/homem-segurando-celular-pix.jpg?fit=1200%2C800&ssl=1&resize=1050%2C600 3x"},"classes":[]},{"id":39005,"url":"https:\/\/noticiasribeiraopreto.com.br\/index.php\/2024\/02\/22\/veja-quem-tem-direito-ao-lote-residual-de-restituicao-do-imposto-de-renda\/","url_meta":{"origin":76084,"position":4},"title":"Veja quem tem direito ao lote residual de restitui\u00e7\u00e3o do Imposto de Renda","author":"noticiasribeiraopreto.com.br","date":"22 de February de 2024","format":false,"excerpt":"Foi aberta pela Receita Federal nesta quinta-feira (22), a consulta ao lote residual de restitui\u00e7\u00e3o do Imposto de Renda Pessoa F\u00edsica de fevereiro deste ano.\u00a0Os lotes residuais s\u00e3o de contribuintes que ca\u00edram na malha fina e regularizaram as pend\u00eancias com o Fisco. Ao todo, 208.323 contribuintes v\u00e3o receber o pagamento\u2026","rel":"","context":"In &quot;Not\u00edcias de Ribeir\u00e3o Preto-SP e Regi\u00e3o&quot;","block_context":{"text":"Not\u00edcias de Ribeir\u00e3o Preto-SP e Regi\u00e3o","link":"https:\/\/noticiasribeiraopreto.com.br\/index.php\/category\/noticias-de-ribeirao-preto-sp-e-regiao-ismael-colosi\/"},"img":{"alt_text":"","src":"https:\/\/i0.wp.com\/noticiasribeiraopreto.com.br\/wp-content\/uploads\/2024\/02\/3-12.jpg?fit=1200%2C675&ssl=1&resize=350%2C200","width":350,"height":200,"srcset":"https:\/\/i0.wp.com\/noticiasribeiraopreto.com.br\/wp-content\/uploads\/2024\/02\/3-12.jpg?fit=1200%2C675&ssl=1&resize=350%2C200 1x, https:\/\/i0.wp.com\/noticiasribeiraopreto.com.br\/wp-content\/uploads\/2024\/02\/3-12.jpg?fit=1200%2C675&ssl=1&resize=525%2C300 1.5x, https:\/\/i0.wp.com\/noticiasribeiraopreto.com.br\/wp-content\/uploads\/2024\/02\/3-12.jpg?fit=1200%2C675&ssl=1&resize=700%2C400 2x, https:\/\/i0.wp.com\/noticiasribeiraopreto.com.br\/wp-content\/uploads\/2024\/02\/3-12.jpg?fit=1200%2C675&ssl=1&resize=1050%2C600 3x"},"classes":[]},{"id":61967,"url":"https:\/\/noticiasribeiraopreto.com.br\/index.php\/2024\/12\/30\/receita-paga-hoje-lote-da-malha-fina-do-imposto-de-renda-veja-a-sua-situacao\/","url_meta":{"origin":76084,"position":5},"title":"Receita paga hoje lote da malha fina do Imposto de Renda; Veja a sua situa\u00e7\u00e3o","author":"noticiasribeiraopreto.com.br","date":"30 de December de 2024","format":false,"excerpt":"Aproximadamente 144 mil contribuintes que ca\u00edram na malha fina e regularizaram as pend\u00eancias com o Fisco acertar\u00e3o as contas nesta segunda-feira (30). A Receita Federal pagar\u00e1 o lote da malha fina de dezembro. O pagamento tamb\u00e9m contempla restitui\u00e7\u00f5es residuais de anos anteriores. Ao todo, 144.225 contribuintes receber\u00e3o R$ 448,96 milh\u00f5es.\u2026","rel":"","context":"In &quot;Not\u00edcias de Ribeir\u00e3o Preto-SP e Regi\u00e3o&quot;","block_context":{"text":"Not\u00edcias de Ribeir\u00e3o Preto-SP e Regi\u00e3o","link":"https:\/\/noticiasribeiraopreto.com.br\/index.php\/category\/noticias-de-ribeirao-preto-sp-e-regiao-ismael-colosi\/"},"img":{"alt_text":"","src":"https:\/\/i0.wp.com\/noticiasribeiraopreto.com.br\/wp-content\/uploads\/2024\/04\/real_moeda_dinheiro_mcajr_2904223671.webp.webp?fit=1024%2C768&ssl=1&resize=350%2C200","width":350,"height":200,"srcset":"https:\/\/i0.wp.com\/noticiasribeiraopreto.com.br\/wp-content\/uploads\/2024\/04\/real_moeda_dinheiro_mcajr_2904223671.webp.webp?fit=1024%2C768&ssl=1&resize=350%2C200 1x, https:\/\/i0.wp.com\/noticiasribeiraopreto.com.br\/wp-content\/uploads\/2024\/04\/real_moeda_dinheiro_mcajr_2904223671.webp.webp?fit=1024%2C768&ssl=1&resize=525%2C300 1.5x, https:\/\/i0.wp.com\/noticiasribeiraopreto.com.br\/wp-content\/uploads\/2024\/04\/real_moeda_dinheiro_mcajr_2904223671.webp.webp?fit=1024%2C768&ssl=1&resize=700%2C400 2x"},"classes":[]}],"jetpack_sharing_enabled":true,"jetpack_shortlink":"https:\/\/wp.me\/peQAOb-jNa","_links":{"self":[{"href":"https:\/\/noticiasribeiraopreto.com.br\/index.php\/wp-json\/wp\/v2\/posts\/76084","targetHints":{"allow":["GET"]}}],"collection":[{"href":"https:\/\/noticiasribeiraopreto.com.br\/index.php\/wp-json\/wp\/v2\/posts"}],"about":[{"href":"https:\/\/noticiasribeiraopreto.com.br\/index.php\/wp-json\/wp\/v2\/types\/post"}],"author":[{"embeddable":true,"href":"https:\/\/noticiasribeiraopreto.com.br\/index.php\/wp-json\/wp\/v2\/users\/1"}],"replies":[{"embeddable":true,"href":"https:\/\/noticiasribeiraopreto.com.br\/index.php\/wp-json\/wp\/v2\/comments?post=76084"}],"version-history":[{"count":0,"href":"https:\/\/noticiasribeiraopreto.com.br\/index.php\/wp-json\/wp\/v2\/posts\/76084\/revisions"}],"wp:featuredmedia":[{"embeddable":true,"href":"https:\/\/noticiasribeiraopreto.com.br\/index.php\/wp-json\/wp\/v2\/media\/76085"}],"wp:attachment":[{"href":"https:\/\/noticiasribeiraopreto.com.br\/index.php\/wp-json\/wp\/v2\/media?parent=76084"}],"wp:term":[{"taxonomy":"category","embeddable":true,"href":"https:\/\/noticiasribeiraopreto.com.br\/index.php\/wp-json\/wp\/v2\/categories?post=76084"},{"taxonomy":"post_tag","embeddable":true,"href":"https:\/\/noticiasribeiraopreto.com.br\/index.php\/wp-json\/wp\/v2\/tags?post=76084"}],"curies":[{"name":"wp","href":"https:\/\/api.w.org\/{rel}","templated":true}]}}