{"id":76086,"date":"2025-08-21T18:42:11","date_gmt":"2025-08-21T21:42:11","guid":{"rendered":"https:\/\/noticiasribeiraopreto.com.br\/index.php\/2025\/08\/21\/mulher-e-detida-apos-agredir-funcionarios-em-upa-de-franca-veja-video\/"},"modified":"2025-08-21T18:42:11","modified_gmt":"2025-08-21T21:42:11","slug":"mulher-e-detida-apos-agredir-funcionarios-em-upa-de-franca-veja-video","status":"publish","type":"post","link":"https:\/\/noticiasribeiraopreto.com.br\/index.php\/2025\/08\/21\/mulher-e-detida-apos-agredir-funcionarios-em-upa-de-franca-veja-video\/","title":{"rendered":"Mulher \u00e9 detida ap\u00f3s agredir funcion\u00e1rios em UPA de Franca; Veja v\u00eddeo"},"content":{"rendered":"<div class='code-block code-block-1' style='margin: 8px 0 8px auto; text-align: right; display: block; clear: both;'>\n<p><a href=\"https:\/\/wa.link\/vpicfd\"><img data-recalc-dims=\"1\" class=\"wp-image-4922\" style=\"aspect-ratio: 2.0253164556962027; width: 561px; height: auto;\" src=\"https:\/\/i0.wp.com\/ismaelcolosi.com.br\/wp-content\/uploads\/2023\/11\/grupo-de-empregos-whatsapp-e-facebook-ismael-colosi-vagas.jpg?ssl=1\" alt=\"\" \/><\/a><\/p>\n<!-- \/wp:image -->\n<\/div>\n<p> <br \/>\n<\/p>\n<div>\n<p>Uma mulher foi detida ap\u00f3s se envolver em uma <strong>confus\u00e3o <\/strong>na <strong>UPA (Unidade de Pronto Atendimento) do Jardim Aeroporto<\/strong>, em <strong>Franca<\/strong>, cidade a 90 quil\u00f4metros de <strong>Ribeir\u00e3o Preto<\/strong>, na manh\u00e3 desta quinta-feira (21). O caso foi registrado por moradores que estavam no local (veja abaixo). <\/p>\n<p>Nas imagens, \u00e9 poss\u00edvel ver v\u00e1rios policiais militares imobilizando uma mulher. Em outro momento, \u00e9 poss\u00edvel ver outra pessoa tentando agredir uma profissional de sa\u00fade e arremessando as cadeiras da unidade.<\/p>\n<p>Segundo a <strong>Secretaria de Sa\u00fade do munic\u00edpio<\/strong>, a situa\u00e7\u00e3o foi provocada devido \u00e0 interna\u00e7\u00e3o de uma paciente que aguardava libera\u00e7\u00e3o de vaga pelo <strong>SIRESP (Sistema Informatizado de Regula\u00e7\u00e3o do Estado de S\u00e3o Paulo)<\/strong>, de gest\u00e3o estadual que gerencia o acesso aos leitos nos hospitais da regi\u00e3o conveniados ao SUS.<\/p>\n<figure class=\"wp-block-pullquote\">\n<blockquote>\n<p>[A vaga] foi regulada para hospital da regi\u00e3o, por\u00e9m a fam\u00edlia n\u00e3o aceitou. Na ocasi\u00e3o, a fam\u00edlia tamb\u00e9m se recusou a cumprir os protocolos de troca de acompanhante<\/p>\n<p><cite>informou a pasta<\/cite><\/p><\/blockquote>\n<\/figure>\n<p>Ainda de acordo com a <strong>Prefeitura de Franca<\/strong>, \u201cmesmo ap\u00f3s orienta\u00e7\u00e3o, os acompanhantes da paciente se exaltaram e a Pol\u00edcia Militar foi acionada com o registro de boletim de ocorr\u00eancia\u201d.<\/p>\n<p>Ap\u00f3s o ocorrido, a mulher foi encaminhada para a delegacia de <strong>Pol\u00edcia de Franca<\/strong>.<\/p>\n<p class=\"has-text-align-center has-cyan-bluish-gray-color has-text-color has-link-color has-small-font-size wp-elements-509095be42f6dd429bfa4b1d61d95c67\"><em>continua ap\u00f3s o v\u00eddeo<\/em><\/p>\n<figure class=\"wp-block-video aligncenter\"><video controls=\"\" src=\"https:\/\/www.acidadeon.com\/ribeiraopreto\/wp-content\/uploads\/sites\/3\/2025\/08\/WhatsApp-Video-2025-08-21-at-15.08.51.mp4\"\/><\/figure>\n<h2 class=\"wp-block-heading\"><strong>Segundo caso em menos de 24 horas<\/strong><\/h2>\n<p>Na noite desta quarta-feira (20), outra confus\u00e3o foi registrada no <strong>Pronto-Socorro \u2018Dr. \u00c1lvaro Azzuz\u2019<\/strong>, em <strong>Franca<\/strong>. Na ocasi\u00e3o, uma mulher de 23 anos se exaltou devido \u00e0 espera pelo atendimento.<\/p>\n<p>A a\u00e7\u00e3o tamb\u00e9m foi registrada por pacientes que estavam na unidade (veja abaixo). Nas imagens \u00e9 poss\u00edvel ver a mulher <strong>derrubando cadeiras na recep\u00e7\u00e3o<\/strong>, <strong>empurrando cadeiras de roda<\/strong> e <strong>andando de um lado para o outro visivelmente irritada<\/strong>.<\/p>\n<p>Em nota, a <strong>Prefeitura de Franca<\/strong> informou que a mulher buscou atendimento no per\u00edodo da noite acompanhada de uma crian\u00e7a. Conforme o <strong>boletim de ocorr\u00eancia<\/strong>, ela foi at\u00e9 o local informando que estava com a press\u00e3o alta.<\/p>\n<p>A Administra\u00e7\u00e3o informou que, ap\u00f3s a realiza\u00e7\u00e3o da ficha de atendimento na recep\u00e7\u00e3o, a paciente passou por triagem com a equipe de enfermagem, por\u00e9m, segundo o registro da pol\u00edcia, ficou irritada quando um detento (que tem prioridade no atendimento) foi passado na frente.<\/p>\n<p>Ainda consta no <strong>BO <\/strong>que a mulher chegou a agredir um m\u00e9dico. O caso foi registrado pela Pol\u00edcia Civil. A mulher foi ouvida e liberada pelas autoridades.<\/p>\n<figure class=\"wp-block-video\"><video controls=\"\" src=\"https:\/\/www.acidadeon.com\/ribeiraopreto\/wp-content\/uploads\/sites\/3\/2025\/08\/WhatsApp-Video-2025-08-21-at-15.08.55.mp4\"\/><\/figure>\n<p><em>*Com informa\u00e7\u00f5es da EPTV<\/em><\/p>\n<hr class=\"wp-block-separator has-alpha-channel-opacity\"\/>\n<p>SAIBA MAIS<\/p>\n<p>Justi\u00e7a rejeita anula\u00e7\u00e3o de provas contra marido e sogra de professora morta em Ribeir\u00e3o<\/p>\n<h2 class=\"wp-block-heading\"><strong>FIQUE ON<\/strong><\/h2>\n<p>Fique ligado em tudo que acontece em Ribeir\u00e3o Preto e regi\u00e3o. Siga os perfis do\u00a0<strong>acidade on<\/strong>\u00a0no<a href=\"https:\/\/www.instagram.com\/acidadeonribeirao\" target=\"_blank\" rel=\"noreferrer noopener\">\u00a0Instagram\u00a0<\/a>e no\u00a0<a href=\"https:\/\/www.facebook.com\/acidadeonribeirao\/\" target=\"_blank\" rel=\"noreferrer noopener\">Facebook<\/a>.<\/p>\n<p>Receba not\u00edcias do\u00a0<strong>acidade on\u00a0<\/strong>no WhatsApp. Para entrar no grupo,\u00a0basta\u00a0<a href=\"https:\/\/chat.whatsapp.com\/I4nieTEMKlf50pJ28aMemC?mode=ac_t\" target=\"_blank\" rel=\"noreferrer noopener\">clicar aqui<\/a>. Ou, acesse o nosso\u00a0Canal\u00a0<a href=\"https:\/\/whatsapp.com\/channel\/0029Vb6IQl1JENyAeS57fk2p\" target=\"_blank\" rel=\"noreferrer noopener\">clicando aqui<\/a>.<\/p>\n<p>Fa\u00e7a uma den\u00fancia ou sugira uma reportagem sobre Ribeir\u00e3o Preto e regi\u00e3o pelo WhatsApp: 16 99117 7802.<\/p>\n<p>VEJA TAMB\u00c9M<\/p>\n<p>Qual \u00e9 o nome da filha da Millie Bobby Brown?<\/p>\n<p><!-- AI CONTENT END 1 -->\n<\/div>\n<p><script async src=\"\/\/www.instagram.com\/embed.js\"><\/script><br \/>\n<br \/><br \/>\n<br \/><a href=\"https:\/\/www.acidadeon.com\/ribeiraopreto\/cotidiano\/mulher-e-detida-apos-agredir-funcionarios-em-upa-de-franca-veja-video\/\">Source link <\/a><\/p>\n<!-- CONTENT END 1 -->\n","protected":false},"excerpt":{"rendered":"<p>Uma mulher foi detida ap\u00f3s se envolver em uma confus\u00e3o na UPA (Unidade de Pronto Atendimento) do Jardim Aeroporto, em Franca, cidade a 90 quil\u00f4metros&#8230;<\/p>\n","protected":false},"author":1,"featured_media":76087,"comment_status":"open","ping_status":"open","sticky":false,"template":"","format":"standard","meta":{"advanced_seo_description":"","jetpack_seo_html_title":"","jetpack_seo_noindex":false,"jetpack_post_was_ever_published":false,"_jetpack_newsletter_access":"","_jetpack_dont_email_post_to_subs":false,"_jetpack_newsletter_tier_id":0,"_jetpack_memberships_contains_paywalled_content":false,"_jetpack_memberships_contains_paid_content":false,"footnotes":"","jetpack_publicize_message":"","jetpack_publicize_feature_enabled":true,"jetpack_social_post_already_shared":true,"jetpack_social_options":{"image_generator_settings":{"template":"highway","default_image_id":0,"font":"","enabled":false},"version":2}},"categories":[11],"tags":[],"class_list":["post-76086","post","type-post","status-publish","format-standard","has-post-thumbnail","hentry","category-noticias-de-ribeirao-preto-sp-e-regiao-ismael-colosi"],"jetpack_publicize_connections":[],"jetpack_featured_media_url":"https:\/\/i0.wp.com\/noticiasribeiraopreto.com.br\/wp-content\/uploads\/2025\/08\/Copia-de-Copia-de-Copia-de-TAMANHO-EXATO-PARA-FOTOS-NO-SISTEMA-NOVO-2025-08-21T151539.395_2025-08-21_18-15-46.webp.webp?fit=1200%2C675&ssl=1","jetpack-related-posts":[{"id":64215,"url":"https:\/\/noticiasribeiraopreto.com.br\/index.php\/2025\/03\/05\/mulher-esta-desaparecido-ha-duas-semanas-apos-ter-sido-socorrida-para-uma-upa\/","url_meta":{"origin":76086,"position":0},"title":"Mulher est\u00e1 desaparecido h\u00e1 duas semanas ap\u00f3s ter sido socorrida para uma UPA","author":"noticiasribeiraopreto.com.br","date":"5 de March de 2025","format":false,"excerpt":"Uma mulher de 55 anos est\u00e1 desaparecida h\u00e1 duas semanas ap\u00f3s ter sido socorrida para uma UPA (Unidade de Pronto Atendimento) de Franca, segundo os seus familiares. De acordo com o boletim de ocorr\u00eancia (BO), Geni Marques de Morais teria se mudado de Ribeir\u00e3o Preto para Franca em novembro de\u2026","rel":"","context":"In &quot;Not\u00edcias de Ribeir\u00e3o Preto-SP e Regi\u00e3o&quot;","block_context":{"text":"Not\u00edcias de Ribeir\u00e3o Preto-SP e Regi\u00e3o","link":"https:\/\/noticiasribeiraopreto.com.br\/index.php\/category\/noticias-de-ribeirao-preto-sp-e-regiao-ismael-colosi\/"},"img":{"alt_text":"","src":"https:\/\/i0.wp.com\/noticiasribeiraopreto.com.br\/wp-content\/uploads\/2025\/03\/Copia-de-Copia-de-Copia-de-TAMANHO-EXATO-PARA-FOTOS-NO-SISTEMA-NOVO-2025-03-05T152456.390_2025-03-05_18-27-49_png_2025-03-05_18-27-49.webp.webp?fit=1200%2C675&ssl=1&resize=350%2C200","width":350,"height":200,"srcset":"https:\/\/i0.wp.com\/noticiasribeiraopreto.com.br\/wp-content\/uploads\/2025\/03\/Copia-de-Copia-de-Copia-de-TAMANHO-EXATO-PARA-FOTOS-NO-SISTEMA-NOVO-2025-03-05T152456.390_2025-03-05_18-27-49_png_2025-03-05_18-27-49.webp.webp?fit=1200%2C675&ssl=1&resize=350%2C200 1x, https:\/\/i0.wp.com\/noticiasribeiraopreto.com.br\/wp-content\/uploads\/2025\/03\/Copia-de-Copia-de-Copia-de-TAMANHO-EXATO-PARA-FOTOS-NO-SISTEMA-NOVO-2025-03-05T152456.390_2025-03-05_18-27-49_png_2025-03-05_18-27-49.webp.webp?fit=1200%2C675&ssl=1&resize=525%2C300 1.5x, https:\/\/i0.wp.com\/noticiasribeiraopreto.com.br\/wp-content\/uploads\/2025\/03\/Copia-de-Copia-de-Copia-de-TAMANHO-EXATO-PARA-FOTOS-NO-SISTEMA-NOVO-2025-03-05T152456.390_2025-03-05_18-27-49_png_2025-03-05_18-27-49.webp.webp?fit=1200%2C675&ssl=1&resize=700%2C400 2x, https:\/\/i0.wp.com\/noticiasribeiraopreto.com.br\/wp-content\/uploads\/2025\/03\/Copia-de-Copia-de-Copia-de-TAMANHO-EXATO-PARA-FOTOS-NO-SISTEMA-NOVO-2025-03-05T152456.390_2025-03-05_18-27-49_png_2025-03-05_18-27-49.webp.webp?fit=1200%2C675&ssl=1&resize=1050%2C600 3x"},"classes":[]},{"id":41532,"url":"https:\/\/noticiasribeiraopreto.com.br\/index.php\/2024\/03\/08\/o-que-se-sabe-sobre-mae-acusada-de-agredir-filha-de-3-anos-em-ribeirao-preto\/","url_meta":{"origin":76086,"position":1},"title":"O que se sabe sobre m\u00e3e acusada de agredir filha de 3 anos em Ribeir\u00e3o Preto","author":"noticiasribeiraopreto.com.br","date":"8 de March de 2024","format":false,"excerpt":"A mulher que foi presa ap\u00f3s agredir uma das filhas de apenas tr\u00eas anos de idade recebeu liberdade provis\u00f3ria na quinta-feira (7), ap\u00f3s passar por audi\u00eancia de cust\u00f3dia realizada pelo Tribunal de Justi\u00e7a de S\u00e3o Paulo. Mesmo em liberdade, a m\u00e3e de duas crian\u00e7as ter\u00e1 que cumprir algumas medidas cautelares\u2026","rel":"","context":"In &quot;Not\u00edcias de Ribeir\u00e3o Preto-SP e Regi\u00e3o&quot;","block_context":{"text":"Not\u00edcias de Ribeir\u00e3o Preto-SP e Regi\u00e3o","link":"https:\/\/noticiasribeiraopreto.com.br\/index.php\/category\/noticias-de-ribeirao-preto-sp-e-regiao-ismael-colosi\/"},"img":{"alt_text":"","src":"https:\/\/i0.wp.com\/noticiasribeiraopreto.com.br\/wp-content\/uploads\/2024\/03\/WhatsApp-Image-2023-12-09-at-13.55.44.jpeg?fit=1024%2C576&ssl=1&resize=350%2C200","width":350,"height":200,"srcset":"https:\/\/i0.wp.com\/noticiasribeiraopreto.com.br\/wp-content\/uploads\/2024\/03\/WhatsApp-Image-2023-12-09-at-13.55.44.jpeg?fit=1024%2C576&ssl=1&resize=350%2C200 1x, https:\/\/i0.wp.com\/noticiasribeiraopreto.com.br\/wp-content\/uploads\/2024\/03\/WhatsApp-Image-2023-12-09-at-13.55.44.jpeg?fit=1024%2C576&ssl=1&resize=525%2C300 1.5x, https:\/\/i0.wp.com\/noticiasribeiraopreto.com.br\/wp-content\/uploads\/2024\/03\/WhatsApp-Image-2023-12-09-at-13.55.44.jpeg?fit=1024%2C576&ssl=1&resize=700%2C400 2x"},"classes":[]},{"id":58786,"url":"https:\/\/noticiasribeiraopreto.com.br\/index.php\/2024\/10\/06\/eleicoes-2024-tres-pessoas-foram-detidas-por-boca-de-urna-na-regiao-de-ribeirao-preto\/","url_meta":{"origin":76086,"position":2},"title":"Elei\u00e7\u00f5es 2024: Tr\u00eas pessoas foram detidas por boca de urna na regi\u00e3o de Ribeir\u00e3o Preto","author":"noticiasribeiraopreto.com.br","date":"6 de October de 2024","format":false,"excerpt":"Uma mulher de 42 anos foi detida na manh\u00e3 deste domingo (6) acusada de fazer propaganda eleitoral il\u00edcita, a chamada boca de urna, em Igarapava, na regi\u00e3o de Ribeir\u00e3o Preto. De acordo com o B.O. (boletim de ocorr\u00eancia), a mulher teria agido de \u201cforma arrogante\u201d e se recusado a obedecer\u2026","rel":"","context":"In &quot;Not\u00edcias de Ribeir\u00e3o Preto-SP e Regi\u00e3o&quot;","block_context":{"text":"Not\u00edcias de Ribeir\u00e3o Preto-SP e Regi\u00e3o","link":"https:\/\/noticiasribeiraopreto.com.br\/index.php\/category\/noticias-de-ribeirao-preto-sp-e-regiao-ismael-colosi\/"},"img":{"alt_text":"","src":"https:\/\/i0.wp.com\/noticiasribeiraopreto.com.br\/wp-content\/uploads\/2024\/10\/boca-de-urna_2024-10-06_17-12-53_jpg_2024-10-06_17-12-53.webp.webp?fit=915%2C480&ssl=1&resize=350%2C200","width":350,"height":200,"srcset":"https:\/\/i0.wp.com\/noticiasribeiraopreto.com.br\/wp-content\/uploads\/2024\/10\/boca-de-urna_2024-10-06_17-12-53_jpg_2024-10-06_17-12-53.webp.webp?fit=915%2C480&ssl=1&resize=350%2C200 1x, https:\/\/i0.wp.com\/noticiasribeiraopreto.com.br\/wp-content\/uploads\/2024\/10\/boca-de-urna_2024-10-06_17-12-53_jpg_2024-10-06_17-12-53.webp.webp?fit=915%2C480&ssl=1&resize=525%2C300 1.5x, https:\/\/i0.wp.com\/noticiasribeiraopreto.com.br\/wp-content\/uploads\/2024\/10\/boca-de-urna_2024-10-06_17-12-53_jpg_2024-10-06_17-12-53.webp.webp?fit=915%2C480&ssl=1&resize=700%2C400 2x"},"classes":[]},{"id":58652,"url":"https:\/\/noticiasribeiraopreto.com.br\/index.php\/2024\/10\/02\/mulher-e-detida-apos-ameacar-vice-diretora-em-escola-estadual-em-ribeirao-preto-x-tudo-ribeirao\/","url_meta":{"origin":76086,"position":3},"title":"MULHER \u00c9 DETIDA AP\u00d3S AMEA\u00c7AR VICE-DIRETORA EM ESCOLA ESTADUAL EM RIBEIR\u00c3O PRETO \u2013 X Tudo Ribeir\u00e3o","author":"noticiasribeiraopreto.com.br","date":"2 de October de 2024","format":false,"excerpt":"Uma mulher foi detida com duas facas ap\u00f3s amea\u00e7ar de morte a vice-diretora da Escola Estadual Edgardo Cajado, na rua General C\u00e2mara, no bairro Ipiranga, na zona Norte de Ribeir\u00e3o Preto. O caso ocorreu nesta quarta-feira (2\/10). Segundo informa\u00e7\u00f5es da Pol\u00edcia, por volta das 14h48 a v\u00edtima acionou os Policiais\u2026","rel":"","context":"In &quot;Not\u00edcias de Ribeir\u00e3o Preto-SP e Regi\u00e3o&quot;","block_context":{"text":"Not\u00edcias de Ribeir\u00e3o Preto-SP e Regi\u00e3o","link":"https:\/\/noticiasribeiraopreto.com.br\/index.php\/category\/noticias-de-ribeirao-preto-sp-e-regiao-ismael-colosi\/"},"img":{"alt_text":"","src":"https:\/\/i0.wp.com\/noticiasribeiraopreto.com.br\/wp-content\/uploads\/2024\/10\/IMG_4389.png?fit=1080%2C1080&ssl=1&resize=350%2C200","width":350,"height":200,"srcset":"https:\/\/i0.wp.com\/noticiasribeiraopreto.com.br\/wp-content\/uploads\/2024\/10\/IMG_4389.png?fit=1080%2C1080&ssl=1&resize=350%2C200 1x, https:\/\/i0.wp.com\/noticiasribeiraopreto.com.br\/wp-content\/uploads\/2024\/10\/IMG_4389.png?fit=1080%2C1080&ssl=1&resize=525%2C300 1.5x, https:\/\/i0.wp.com\/noticiasribeiraopreto.com.br\/wp-content\/uploads\/2024\/10\/IMG_4389.png?fit=1080%2C1080&ssl=1&resize=700%2C400 2x, https:\/\/i0.wp.com\/noticiasribeiraopreto.com.br\/wp-content\/uploads\/2024\/10\/IMG_4389.png?fit=1080%2C1080&ssl=1&resize=1050%2C600 3x"},"classes":[]},{"id":51267,"url":"https:\/\/noticiasribeiraopreto.com.br\/index.php\/2024\/05\/24\/homem-e-atropelado-e-esfaqueado-por-ex-mulher-na-regiao-de-ribeirao-veja-o-video\/","url_meta":{"origin":76086,"position":4},"title":"Homem \u00e9 atropelado e esfaqueado por ex-mulher na regi\u00e3o de Ribeir\u00e3o; Veja o v\u00eddeo","author":"noticiasribeiraopreto.com.br","date":"24 de May de 2024","format":false,"excerpt":"Um homem, de 54 anos, foi atropelado e esfaqueado pela ex-mulher, de 48 anos, na rua Prudente de Morais, no bairro Cidade Nova em Franca, na regi\u00e3o de Ribeir\u00e3o Preto. O caso ocorreu na tarde de quinta-feira (23) e foi registrado por uma c\u00e2mera de seguran\u00e7a (veja abaixo). Pelas imagens,\u2026","rel":"","context":"In &quot;Not\u00edcias de Ribeir\u00e3o Preto-SP e Regi\u00e3o&quot;","block_context":{"text":"Not\u00edcias de Ribeir\u00e3o Preto-SP e Regi\u00e3o","link":"https:\/\/noticiasribeiraopreto.com.br\/index.php\/category\/noticias-de-ribeirao-preto-sp-e-regiao-ismael-colosi\/"},"img":{"alt_text":"","src":"https:\/\/i0.wp.com\/noticiasribeiraopreto.com.br\/wp-content\/uploads\/2024\/05\/mulher-atropela-marido_2024-05-24_16-33-29_jpg_2024-05-24_16-33-29.webp.webp?fit=803%2C447&ssl=1&resize=350%2C200","width":350,"height":200,"srcset":"https:\/\/i0.wp.com\/noticiasribeiraopreto.com.br\/wp-content\/uploads\/2024\/05\/mulher-atropela-marido_2024-05-24_16-33-29_jpg_2024-05-24_16-33-29.webp.webp?fit=803%2C447&ssl=1&resize=350%2C200 1x, https:\/\/i0.wp.com\/noticiasribeiraopreto.com.br\/wp-content\/uploads\/2024\/05\/mulher-atropela-marido_2024-05-24_16-33-29_jpg_2024-05-24_16-33-29.webp.webp?fit=803%2C447&ssl=1&resize=525%2C300 1.5x, https:\/\/i0.wp.com\/noticiasribeiraopreto.com.br\/wp-content\/uploads\/2024\/05\/mulher-atropela-marido_2024-05-24_16-33-29_jpg_2024-05-24_16-33-29.webp.webp?fit=803%2C447&ssl=1&resize=700%2C400 2x"},"classes":[]},{"id":58654,"url":"https:\/\/noticiasribeiraopreto.com.br\/index.php\/2024\/10\/02\/mulher-e-detida-apos-ameacar-vice-diretora-em-escola-estadual-em-rp-x-tudo-ribeirao\/","url_meta":{"origin":76086,"position":5},"title":"MULHER \u00c9 DETIDA AP\u00d3S AMEA\u00c7AR VICE-DIRETORA EM ESCOLA ESTADUAL EM RP \u2013 X Tudo Ribeir\u00e3o","author":"noticiasribeiraopreto.com.br","date":"2 de October de 2024","format":false,"excerpt":"Uma mulher foi detida com duas facas ap\u00f3s amea\u00e7ar de morte a vice-diretora da Escola Estadual Edgardo Cajado, na rua General C\u00e2mara, no bairro Ipiranga, na zona Norte de Ribeir\u00e3o Preto. O caso ocorreu nesta quarta-feira (2\/10). Segundo informa\u00e7\u00f5es da Pol\u00edcia, por volta das 14h48 a v\u00edtima acionou os Policiais\u2026","rel":"","context":"In &quot;Not\u00edcias de Ribeir\u00e3o Preto-SP e Regi\u00e3o&quot;","block_context":{"text":"Not\u00edcias de Ribeir\u00e3o Preto-SP e Regi\u00e3o","link":"https:\/\/noticiasribeiraopreto.com.br\/index.php\/category\/noticias-de-ribeirao-preto-sp-e-regiao-ismael-colosi\/"},"img":{"alt_text":"","src":"https:\/\/i0.wp.com\/noticiasribeiraopreto.com.br\/wp-content\/uploads\/2024\/10\/1727917315_IMG_4389.png?fit=1080%2C1080&ssl=1&resize=350%2C200","width":350,"height":200,"srcset":"https:\/\/i0.wp.com\/noticiasribeiraopreto.com.br\/wp-content\/uploads\/2024\/10\/1727917315_IMG_4389.png?fit=1080%2C1080&ssl=1&resize=350%2C200 1x, https:\/\/i0.wp.com\/noticiasribeiraopreto.com.br\/wp-content\/uploads\/2024\/10\/1727917315_IMG_4389.png?fit=1080%2C1080&ssl=1&resize=525%2C300 1.5x, https:\/\/i0.wp.com\/noticiasribeiraopreto.com.br\/wp-content\/uploads\/2024\/10\/1727917315_IMG_4389.png?fit=1080%2C1080&ssl=1&resize=700%2C400 2x, https:\/\/i0.wp.com\/noticiasribeiraopreto.com.br\/wp-content\/uploads\/2024\/10\/1727917315_IMG_4389.png?fit=1080%2C1080&ssl=1&resize=1050%2C600 3x"},"classes":[]}],"jetpack_sharing_enabled":true,"jetpack_shortlink":"https:\/\/wp.me\/peQAOb-jNc","_links":{"self":[{"href":"https:\/\/noticiasribeiraopreto.com.br\/index.php\/wp-json\/wp\/v2\/posts\/76086","targetHints":{"allow":["GET"]}}],"collection":[{"href":"https:\/\/noticiasribeiraopreto.com.br\/index.php\/wp-json\/wp\/v2\/posts"}],"about":[{"href":"https:\/\/noticiasribeiraopreto.com.br\/index.php\/wp-json\/wp\/v2\/types\/post"}],"author":[{"embeddable":true,"href":"https:\/\/noticiasribeiraopreto.com.br\/index.php\/wp-json\/wp\/v2\/users\/1"}],"replies":[{"embeddable":true,"href":"https:\/\/noticiasribeiraopreto.com.br\/index.php\/wp-json\/wp\/v2\/comments?post=76086"}],"version-history":[{"count":0,"href":"https:\/\/noticiasribeiraopreto.com.br\/index.php\/wp-json\/wp\/v2\/posts\/76086\/revisions"}],"wp:featuredmedia":[{"embeddable":true,"href":"https:\/\/noticiasribeiraopreto.com.br\/index.php\/wp-json\/wp\/v2\/media\/76087"}],"wp:attachment":[{"href":"https:\/\/noticiasribeiraopreto.com.br\/index.php\/wp-json\/wp\/v2\/media?parent=76086"}],"wp:term":[{"taxonomy":"category","embeddable":true,"href":"https:\/\/noticiasribeiraopreto.com.br\/index.php\/wp-json\/wp\/v2\/categories?post=76086"},{"taxonomy":"post_tag","embeddable":true,"href":"https:\/\/noticiasribeiraopreto.com.br\/index.php\/wp-json\/wp\/v2\/tags?post=76086"}],"curies":[{"name":"wp","href":"https:\/\/api.w.org\/{rel}","templated":true}]}}