{"id":76088,"date":"2025-08-21T21:16:04","date_gmt":"2025-08-22T00:16:04","guid":{"rendered":"https:\/\/noticiasribeiraopreto.com.br\/index.php\/2025\/08\/21\/festa-do-peao-de-barretos-2025-veja-horario-dos-shows-desta-quinta-feira\/"},"modified":"2025-08-21T21:16:04","modified_gmt":"2025-08-22T00:16:04","slug":"festa-do-peao-de-barretos-2025-veja-horario-dos-shows-desta-quinta-feira","status":"publish","type":"post","link":"https:\/\/noticiasribeiraopreto.com.br\/index.php\/2025\/08\/21\/festa-do-peao-de-barretos-2025-veja-horario-dos-shows-desta-quinta-feira\/","title":{"rendered":"Festa do Pe\u00e3o de Barretos 2025: Veja hor\u00e1rio dos shows desta quinta-feira"},"content":{"rendered":"<div class='code-block code-block-1' style='margin: 8px 0 8px auto; text-align: right; display: block; clear: both;'>\n<p><a href=\"https:\/\/wa.link\/vpicfd\"><img data-recalc-dims=\"1\" class=\"wp-image-4922\" style=\"aspect-ratio: 2.0253164556962027; width: 561px; height: auto;\" src=\"https:\/\/i0.wp.com\/ismaelcolosi.com.br\/wp-content\/uploads\/2023\/11\/grupo-de-empregos-whatsapp-e-facebook-ismael-colosi-vagas.jpg?ssl=1\" alt=\"\" \/><\/a><\/p>\n<!-- \/wp:image -->\n<\/div>\n<p> <br \/>\n<\/p>\n<div data-td-block-uid=\"tdi_95\">\n<div class=\"tdb-block-inner td-fix-index\">\n<p>A <strong>70\u00aa edi\u00e7\u00e3o da Festa do Pe\u00e3o de Barretos<\/strong>, principal evento de rodeio da Am\u00e9rica Latina, come\u00e7a nesta quinta-feira (21). A abertura do evento traz grandes nomes da m\u00fasica sertaneja: <strong>Fernando &amp; Sorocaba<\/strong>, <strong>Jo\u00e3o Bosco &amp; Vinicius<\/strong> e <strong>Guilherme &amp; Santiago<\/strong>.<\/p>\n<h2 class=\"wp-block-heading\"><strong>Veja a programa\u00e7\u00e3o completa da noite:<\/strong><\/h2>\n<ul class=\"wp-block-list\">\n<li>23h \u2013 Fernando &amp; Sorocaba<\/li>\n<li>01h \u2013 Jo\u00e3o Bosco &amp; Vinicius<\/li>\n<li>02h50 \u2013 Guilherme &amp; Santiago<\/li>\n<\/ul>\n<p>Os ingressos para o primeiro dia de festa variam entre <strong>R$ 35<\/strong> e <strong>R$ 4 mil<\/strong><\/p>\n<p>O evento \u00e9 realizado no Parque do Pe\u00e3o, em Barretos, complexo de mais de 2 milh\u00f5es de metros quadrados chamado. <mark style=\"background-color:#fcb900\" class=\"has-inline-color\">Al\u00e9m dos shows, o p\u00fablico acompanha o campeonato de rodeios, que come\u00e7a sempre \u00e0s 18h30<\/mark>.<\/p>\n<hr class=\"wp-block-separator has-alpha-channel-opacity\"\/>\n<p>SAIBA MAIS<\/p>\n<p>R$ 1,4 milh\u00e3o em pr\u00eamios: Conhe\u00e7a as modalidades no rodeio da Festa do Pe\u00e3o de Barretos<\/p>\n<h2 class=\"wp-block-heading\"><strong>FIQUE ON<\/strong><\/h2>\n<p>Fique ligado em tudo que acontece em Ribeir\u00e3o Preto e regi\u00e3o. Siga os perfis do\u00a0<strong>acidade on<\/strong>\u00a0no<a href=\"https:\/\/www.instagram.com\/acidadeonribeirao\" target=\"_blank\" rel=\"noreferrer noopener\">\u00a0Instagram\u00a0<\/a>e no\u00a0<a href=\"https:\/\/www.facebook.com\/acidadeonribeirao\/\" target=\"_blank\" rel=\"noreferrer noopener\">Facebook<\/a>.<\/p>\n<p>Receba not\u00edcias do<strong>\u00a0acidade on<\/strong>\u00a0no WhatsApp. Para entrar no grupo,\u00a0basta\u00a0<a href=\"https:\/\/chat.whatsapp.com\/I4nieTEMKlf50pJ28aMemC?mode=ac_t\" target=\"_blank\" rel=\"noreferrer noopener\">clicar aqui<\/a>. Ou, acesse o nosso\u00a0Canal\u00a0<a href=\"https:\/\/whatsapp.com\/channel\/0029Vb6IQl1JENyAeS57fk2p\" target=\"_blank\" rel=\"noreferrer noopener\">clicando aqui<\/a>.<\/p>\n<p>Fa\u00e7a uma den\u00fancia ou sugira uma reportagem sobre Ribeir\u00e3o Preto e regi\u00e3o pelo WhatsApp: 16 99117 7802.<\/p>\n<p>VEJA TAMB\u00c9M<\/p>\n<p>O que aconteceu com Brent Hinds, da Mastodon?<\/p>\n<p><!-- AI CONTENT END 1 -->\n<\/div>\n<\/div>\n<p><script async src=\"\/\/www.instagram.com\/embed.js\"><\/script><br \/>\n<br \/><br \/>\n<br \/><a href=\"https:\/\/www.acidadeon.com\/ribeiraopreto\/lazer-e-cultura\/festa-do-peao-de-barretos\/festa-do-peao-de-barretos-2025-veja-horario-dos-shows-desta-quinta-feira\/\">Source link <\/a><\/p>\n<!-- CONTENT END 1 -->\n","protected":false},"excerpt":{"rendered":"<p>A 70\u00aa edi\u00e7\u00e3o da Festa do Pe\u00e3o de Barretos, principal evento de rodeio da Am\u00e9rica Latina, come\u00e7a nesta quinta-feira (21). A abertura do evento traz&#8230;<\/p>\n","protected":false},"author":1,"featured_media":76089,"comment_status":"open","ping_status":"open","sticky":false,"template":"","format":"standard","meta":{"advanced_seo_description":"","jetpack_seo_html_title":"","jetpack_seo_noindex":false,"jetpack_post_was_ever_published":false,"_jetpack_newsletter_access":"","_jetpack_dont_email_post_to_subs":false,"_jetpack_newsletter_tier_id":0,"_jetpack_memberships_contains_paywalled_content":false,"_jetpack_memberships_contains_paid_content":false,"footnotes":"","jetpack_publicize_message":"","jetpack_publicize_feature_enabled":true,"jetpack_social_post_already_shared":true,"jetpack_social_options":{"image_generator_settings":{"template":"highway","default_image_id":0,"font":"","enabled":false},"version":2}},"categories":[11],"tags":[],"class_list":["post-76088","post","type-post","status-publish","format-standard","has-post-thumbnail","hentry","category-noticias-de-ribeirao-preto-sp-e-regiao-ismael-colosi"],"jetpack_publicize_connections":[],"jetpack_featured_media_url":"https:\/\/i0.wp.com\/noticiasribeiraopreto.com.br\/wp-content\/uploads\/2025\/08\/parque-do-peao.jpeg?fit=1600%2C899&ssl=1","jetpack-related-posts":[{"id":76101,"url":"https:\/\/noticiasribeiraopreto.com.br\/index.php\/2025\/08\/22\/primeira-noite-de-shows-da-festa-do-peao-de-barretos-tem-nostalgia-e-modoes\/","url_meta":{"origin":76088,"position":0},"title":"Primeira noite de shows da Festa do Pe\u00e3o de Barretos tem nostalgia e mod\u00f5es","author":"noticiasribeiraopreto.com.br","date":"22 de August de 2025","format":false,"excerpt":"Nostalgia! Assim foi a primeira noite de shows no Parque do Pe\u00e3o, na 70\u00aa Festa do Pe\u00e3o de Barretos, que come\u00e7ou nesta quinta-feira (21). Com shows de Fernando e Sorocaba, Jo\u00e3o Bosco e Vinicius e Guilherme Santiago, tr\u00eas dos nomes que ajudaram a popularizar o estilo \u2018sertanejo universit\u00e1rio\u2019, os presentes\u2026","rel":"","context":"In &quot;Not\u00edcias de Ribeir\u00e3o Preto-SP e Regi\u00e3o&quot;","block_context":{"text":"Not\u00edcias de Ribeir\u00e3o Preto-SP e Regi\u00e3o","link":"https:\/\/noticiasribeiraopreto.com.br\/index.php\/category\/noticias-de-ribeirao-preto-sp-e-regiao-ismael-colosi\/"},"img":{"alt_text":"","src":"https:\/\/i0.wp.com\/noticiasribeiraopreto.com.br\/wp-content\/uploads\/2025\/08\/festa-peao-barretos-6.webp.webp?fit=1200%2C674&ssl=1&resize=350%2C200","width":350,"height":200,"srcset":"https:\/\/i0.wp.com\/noticiasribeiraopreto.com.br\/wp-content\/uploads\/2025\/08\/festa-peao-barretos-6.webp.webp?fit=1200%2C674&ssl=1&resize=350%2C200 1x, https:\/\/i0.wp.com\/noticiasribeiraopreto.com.br\/wp-content\/uploads\/2025\/08\/festa-peao-barretos-6.webp.webp?fit=1200%2C674&ssl=1&resize=525%2C300 1.5x, https:\/\/i0.wp.com\/noticiasribeiraopreto.com.br\/wp-content\/uploads\/2025\/08\/festa-peao-barretos-6.webp.webp?fit=1200%2C674&ssl=1&resize=700%2C400 2x, https:\/\/i0.wp.com\/noticiasribeiraopreto.com.br\/wp-content\/uploads\/2025\/08\/festa-peao-barretos-6.webp.webp?fit=1200%2C674&ssl=1&resize=1050%2C600 3x"},"classes":[]},{"id":65081,"url":"https:\/\/noticiasribeiraopreto.com.br\/index.php\/2025\/03\/15\/veja-as-atracoes-confirmadas-para-o-primeiro-dia-da-festa-do-peao-de-barretos-de-2025\/","url_meta":{"origin":76088,"position":1},"title":"Veja as atra\u00e7\u00f5es confirmadas para o primeiro dia da Festa do Pe\u00e3o de Barretos de 2025","author":"noticiasribeiraopreto.com.br","date":"15 de March de 2025","format":false,"excerpt":"A 70\u00aa edi\u00e7\u00e3o da Festa do Pe\u00e3o de Barretos, que acontece entre os dias 21 a 31 de agosto, no Parque do Pe\u00e3o, em Barretos, anunciou nesta sexta-feira (14) tr\u00eas atra\u00e7\u00f5es do palco Est\u00e1dios de Rodeios. Os artistas abrir\u00e3o a programa\u00e7\u00e3o do Barret\u00e3o, no dia 21 de agosto. Entre as\u2026","rel":"","context":"In &quot;Not\u00edcias de Ribeir\u00e3o Preto-SP e Regi\u00e3o&quot;","block_context":{"text":"Not\u00edcias de Ribeir\u00e3o Preto-SP e Regi\u00e3o","link":"https:\/\/noticiasribeiraopreto.com.br\/index.php\/category\/noticias-de-ribeirao-preto-sp-e-regiao-ismael-colosi\/"},"img":{"alt_text":"","src":"https:\/\/i0.wp.com\/noticiasribeiraopreto.com.br\/wp-content\/uploads\/2025\/03\/Fernando-e-Sorocaba_2025-03-15_14-35-21.webp.webp?fit=1200%2C675&ssl=1&resize=350%2C200","width":350,"height":200,"srcset":"https:\/\/i0.wp.com\/noticiasribeiraopreto.com.br\/wp-content\/uploads\/2025\/03\/Fernando-e-Sorocaba_2025-03-15_14-35-21.webp.webp?fit=1200%2C675&ssl=1&resize=350%2C200 1x, https:\/\/i0.wp.com\/noticiasribeiraopreto.com.br\/wp-content\/uploads\/2025\/03\/Fernando-e-Sorocaba_2025-03-15_14-35-21.webp.webp?fit=1200%2C675&ssl=1&resize=525%2C300 1.5x, https:\/\/i0.wp.com\/noticiasribeiraopreto.com.br\/wp-content\/uploads\/2025\/03\/Fernando-e-Sorocaba_2025-03-15_14-35-21.webp.webp?fit=1200%2C675&ssl=1&resize=700%2C400 2x, https:\/\/i0.wp.com\/noticiasribeiraopreto.com.br\/wp-content\/uploads\/2025\/03\/Fernando-e-Sorocaba_2025-03-15_14-35-21.webp.webp?fit=1200%2C675&ssl=1&resize=1050%2C600 3x"},"classes":[]},{"id":75976,"url":"https:\/\/noticiasribeiraopreto.com.br\/index.php\/2025\/08\/19\/festa-do-peao-de-barretos-confira-programacao-completa-de-shows-e-rodeio\/","url_meta":{"origin":76088,"position":2},"title":"Festa do Pe\u00e3o de Barretos: Confira programa\u00e7\u00e3o completa de shows e rodeio","author":"noticiasribeiraopreto.com.br","date":"19 de August de 2025","format":false,"excerpt":"Come\u00e7ou a contagem regressiva para a edi\u00e7\u00e3o de 2025 da 70\u00aa Festa do Pe\u00e3o de Barretos. O maior evento de rodeio da Am\u00e9rica Latina acontece entre os dias 21 e 31 de agosto, no Parque do Pe\u00e3o, em Barretos. A festa re\u00fane competi\u00e7\u00f5es esportivas, v\u00e1rios shows, gastronomia t\u00edpica com op\u00e7\u00f5es\u2026","rel":"","context":"In &quot;Not\u00edcias de Ribeir\u00e3o Preto-SP e Regi\u00e3o&quot;","block_context":{"text":"Not\u00edcias de Ribeir\u00e3o Preto-SP e Regi\u00e3o","link":"https:\/\/noticiasribeiraopreto.com.br\/index.php\/category\/noticias-de-ribeirao-preto-sp-e-regiao-ismael-colosi\/"},"img":{"alt_text":"","src":"https:\/\/i0.wp.com\/noticiasribeiraopreto.com.br\/wp-content\/uploads\/2025\/07\/Imagem-do-WhatsApp-de-2025-07-01-as-16.18.28_57460c98_2025-07-01_19-43-10.webp.webp?fit=1200%2C800&ssl=1&resize=350%2C200","width":350,"height":200,"srcset":"https:\/\/i0.wp.com\/noticiasribeiraopreto.com.br\/wp-content\/uploads\/2025\/07\/Imagem-do-WhatsApp-de-2025-07-01-as-16.18.28_57460c98_2025-07-01_19-43-10.webp.webp?fit=1200%2C800&ssl=1&resize=350%2C200 1x, https:\/\/i0.wp.com\/noticiasribeiraopreto.com.br\/wp-content\/uploads\/2025\/07\/Imagem-do-WhatsApp-de-2025-07-01-as-16.18.28_57460c98_2025-07-01_19-43-10.webp.webp?fit=1200%2C800&ssl=1&resize=525%2C300 1.5x, https:\/\/i0.wp.com\/noticiasribeiraopreto.com.br\/wp-content\/uploads\/2025\/07\/Imagem-do-WhatsApp-de-2025-07-01-as-16.18.28_57460c98_2025-07-01_19-43-10.webp.webp?fit=1200%2C800&ssl=1&resize=700%2C400 2x, https:\/\/i0.wp.com\/noticiasribeiraopreto.com.br\/wp-content\/uploads\/2025\/07\/Imagem-do-WhatsApp-de-2025-07-01-as-16.18.28_57460c98_2025-07-01_19-43-10.webp.webp?fit=1200%2C800&ssl=1&resize=1050%2C600 3x"},"classes":[]},{"id":69638,"url":"https:\/\/noticiasribeiraopreto.com.br\/index.php\/2025\/05\/07\/festa-do-peao-de-barretos-celebra-70-anos-com-musica-tema-lancada-por-grandes-nomes-do-sertanejo\/","url_meta":{"origin":76088,"position":3},"title":"Festa do Pe\u00e3o de Barretos celebra 70 anos com m\u00fasica-tema lan\u00e7ada por grandes nomes do sertanejo","author":"noticiasribeiraopreto.com.br","date":"7 de May de 2025","format":false,"excerpt":"A Festa do Pe\u00e3o de Barretos, o maior e mais tradicional evento do g\u00eanero na Am\u00e9rica Latina, completa 70 anos em 2025. E como parte da comemora\u00e7\u00e3o, nesta quinta-feira (8), o p\u00fablico poder\u00e1 conferir o lan\u00e7amento da m\u00fasica-tema \u201cBarret\u00e3o 70t\u00e3o\u201d em todas as plataformas digitais. A can\u00e7\u00e3o \u00e9 interpretada pelas\u2026","rel":"","context":"In &quot;Not\u00edcias de Ribeir\u00e3o Preto-SP e Regi\u00e3o&quot;","block_context":{"text":"Not\u00edcias de Ribeir\u00e3o Preto-SP e Regi\u00e3o","link":"https:\/\/noticiasribeiraopreto.com.br\/index.php\/category\/noticias-de-ribeirao-preto-sp-e-regiao-ismael-colosi\/"},"img":{"alt_text":"","src":"https:\/\/i0.wp.com\/noticiasribeiraopreto.com.br\/wp-content\/uploads\/2025\/05\/WhatsApp-Image-2025-05-07-at-16.01.40_2025-05-07_21-20-44.webp.webp?fit=1200%2C800&ssl=1&resize=350%2C200","width":350,"height":200,"srcset":"https:\/\/i0.wp.com\/noticiasribeiraopreto.com.br\/wp-content\/uploads\/2025\/05\/WhatsApp-Image-2025-05-07-at-16.01.40_2025-05-07_21-20-44.webp.webp?fit=1200%2C800&ssl=1&resize=350%2C200 1x, https:\/\/i0.wp.com\/noticiasribeiraopreto.com.br\/wp-content\/uploads\/2025\/05\/WhatsApp-Image-2025-05-07-at-16.01.40_2025-05-07_21-20-44.webp.webp?fit=1200%2C800&ssl=1&resize=525%2C300 1.5x, https:\/\/i0.wp.com\/noticiasribeiraopreto.com.br\/wp-content\/uploads\/2025\/05\/WhatsApp-Image-2025-05-07-at-16.01.40_2025-05-07_21-20-44.webp.webp?fit=1200%2C800&ssl=1&resize=700%2C400 2x, https:\/\/i0.wp.com\/noticiasribeiraopreto.com.br\/wp-content\/uploads\/2025\/05\/WhatsApp-Image-2025-05-07-at-16.01.40_2025-05-07_21-20-44.webp.webp?fit=1200%2C800&ssl=1&resize=1050%2C600 3x"},"classes":[]},{"id":56561,"url":"https:\/\/noticiasribeiraopreto.com.br\/index.php\/2024\/08\/14\/festa-do-peao-de-barretos-comeca-nesta-quinta-veja-programacao-de-shows\/","url_meta":{"origin":76088,"position":4},"title":"Festa do Pe\u00e3o de Barretos come\u00e7a nesta quinta; Veja programa\u00e7\u00e3o de shows","author":"noticiasribeiraopreto.com.br","date":"14 de August de 2024","format":false,"excerpt":"A 69\u00aa Festa do Pe\u00e3o de Barretos, considerada a maior da Am\u00e9rica Latina, tem in\u00edcio nesta quinta-feira (15). Entre as atra\u00e7\u00f5es confirmadas para a abertura est\u00e3o Luan Pereira, Lauana Prado e DJ Lucas Beat. De acordo com a organiza\u00e7\u00e3o, o evento que acontece entre os dias 15 e 25 de\u2026","rel":"","context":"In &quot;Not\u00edcias de Ribeir\u00e3o Preto-SP e Regi\u00e3o&quot;","block_context":{"text":"Not\u00edcias de Ribeir\u00e3o Preto-SP e Regi\u00e3o","link":"https:\/\/noticiasribeiraopreto.com.br\/index.php\/category\/noticias-de-ribeirao-preto-sp-e-regiao-ismael-colosi\/"},"img":{"alt_text":"","src":"https:\/\/i0.wp.com\/noticiasribeiraopreto.com.br\/wp-content\/uploads\/2024\/08\/172312398066b4c90cb1cc8_2024-08-14_20-51-59_jpg_2024-08-14_20-51-59.webp.webp?fit=800%2C533&ssl=1&resize=350%2C200","width":350,"height":200,"srcset":"https:\/\/i0.wp.com\/noticiasribeiraopreto.com.br\/wp-content\/uploads\/2024\/08\/172312398066b4c90cb1cc8_2024-08-14_20-51-59_jpg_2024-08-14_20-51-59.webp.webp?fit=800%2C533&ssl=1&resize=350%2C200 1x, https:\/\/i0.wp.com\/noticiasribeiraopreto.com.br\/wp-content\/uploads\/2024\/08\/172312398066b4c90cb1cc8_2024-08-14_20-51-59_jpg_2024-08-14_20-51-59.webp.webp?fit=800%2C533&ssl=1&resize=525%2C300 1.5x, https:\/\/i0.wp.com\/noticiasribeiraopreto.com.br\/wp-content\/uploads\/2024\/08\/172312398066b4c90cb1cc8_2024-08-14_20-51-59_jpg_2024-08-14_20-51-59.webp.webp?fit=800%2C533&ssl=1&resize=700%2C400 2x"},"classes":[]},{"id":71380,"url":"https:\/\/noticiasribeiraopreto.com.br\/index.php\/2025\/06\/05\/jorge-e-mateus-estao-confirmados-na-festa-do-peao-de-barretos\/","url_meta":{"origin":76088,"position":5},"title":"Jorge e Mateus est\u00e3o confirmados na Festa do Pe\u00e3o de Barretos","author":"noticiasribeiraopreto.com.br","date":"5 de June de 2025","format":false,"excerpt":"A dupla Jorge e Mateus foi confirmada nesta quinta-feira (5), na 70\u00aa edi\u00e7\u00e3o da Festa do pe\u00e3o de Barretos, que acontece entre os dias 21 e 31 de agosto. A apresenta\u00e7\u00e3o dos artistas est\u00e1 marcada para o dia 30 de agosto. Os cantores sobem ao palco principal com a turn\u00ea\u2026","rel":"","context":"In &quot;Not\u00edcias de Ribeir\u00e3o Preto-SP e Regi\u00e3o&quot;","block_context":{"text":"Not\u00edcias de Ribeir\u00e3o Preto-SP e Regi\u00e3o","link":"https:\/\/noticiasribeiraopreto.com.br\/index.php\/category\/noticias-de-ribeirao-preto-sp-e-regiao-ismael-colosi\/"},"img":{"alt_text":"","src":"https:\/\/i0.wp.com\/noticiasribeiraopreto.com.br\/wp-content\/uploads\/2025\/06\/WhatsApp-Image-2025-06-05-at-12.22.44_2025-06-05_15-45-13.webp.webp?fit=1200%2C801&ssl=1&resize=350%2C200","width":350,"height":200,"srcset":"https:\/\/i0.wp.com\/noticiasribeiraopreto.com.br\/wp-content\/uploads\/2025\/06\/WhatsApp-Image-2025-06-05-at-12.22.44_2025-06-05_15-45-13.webp.webp?fit=1200%2C801&ssl=1&resize=350%2C200 1x, https:\/\/i0.wp.com\/noticiasribeiraopreto.com.br\/wp-content\/uploads\/2025\/06\/WhatsApp-Image-2025-06-05-at-12.22.44_2025-06-05_15-45-13.webp.webp?fit=1200%2C801&ssl=1&resize=525%2C300 1.5x, https:\/\/i0.wp.com\/noticiasribeiraopreto.com.br\/wp-content\/uploads\/2025\/06\/WhatsApp-Image-2025-06-05-at-12.22.44_2025-06-05_15-45-13.webp.webp?fit=1200%2C801&ssl=1&resize=700%2C400 2x, https:\/\/i0.wp.com\/noticiasribeiraopreto.com.br\/wp-content\/uploads\/2025\/06\/WhatsApp-Image-2025-06-05-at-12.22.44_2025-06-05_15-45-13.webp.webp?fit=1200%2C801&ssl=1&resize=1050%2C600 3x"},"classes":[]}],"jetpack_sharing_enabled":true,"jetpack_shortlink":"https:\/\/wp.me\/peQAOb-jNe","_links":{"self":[{"href":"https:\/\/noticiasribeiraopreto.com.br\/index.php\/wp-json\/wp\/v2\/posts\/76088","targetHints":{"allow":["GET"]}}],"collection":[{"href":"https:\/\/noticiasribeiraopreto.com.br\/index.php\/wp-json\/wp\/v2\/posts"}],"about":[{"href":"https:\/\/noticiasribeiraopreto.com.br\/index.php\/wp-json\/wp\/v2\/types\/post"}],"author":[{"embeddable":true,"href":"https:\/\/noticiasribeiraopreto.com.br\/index.php\/wp-json\/wp\/v2\/users\/1"}],"replies":[{"embeddable":true,"href":"https:\/\/noticiasribeiraopreto.com.br\/index.php\/wp-json\/wp\/v2\/comments?post=76088"}],"version-history":[{"count":0,"href":"https:\/\/noticiasribeiraopreto.com.br\/index.php\/wp-json\/wp\/v2\/posts\/76088\/revisions"}],"wp:featuredmedia":[{"embeddable":true,"href":"https:\/\/noticiasribeiraopreto.com.br\/index.php\/wp-json\/wp\/v2\/media\/76089"}],"wp:attachment":[{"href":"https:\/\/noticiasribeiraopreto.com.br\/index.php\/wp-json\/wp\/v2\/media?parent=76088"}],"wp:term":[{"taxonomy":"category","embeddable":true,"href":"https:\/\/noticiasribeiraopreto.com.br\/index.php\/wp-json\/wp\/v2\/categories?post=76088"},{"taxonomy":"post_tag","embeddable":true,"href":"https:\/\/noticiasribeiraopreto.com.br\/index.php\/wp-json\/wp\/v2\/tags?post=76088"}],"curies":[{"name":"wp","href":"https:\/\/api.w.org\/{rel}","templated":true}]}}