{"id":76090,"date":"2025-08-21T21:24:36","date_gmt":"2025-08-22T00:24:36","guid":{"rendered":"https:\/\/noticiasribeiraopreto.com.br\/index.php\/2025\/08\/21\/homem-preso-com-578-aves-no-interior-de-sp-e-multado-em-r-22-milhoes\/"},"modified":"2025-08-21T21:24:36","modified_gmt":"2025-08-22T00:24:36","slug":"homem-preso-com-578-aves-no-interior-de-sp-e-multado-em-r-22-milhoes","status":"publish","type":"post","link":"https:\/\/noticiasribeiraopreto.com.br\/index.php\/2025\/08\/21\/homem-preso-com-578-aves-no-interior-de-sp-e-multado-em-r-22-milhoes\/","title":{"rendered":"Homem preso com 578 aves no interior de SP \u00e9 multado em R$ 2,2 milh\u00f5es"},"content":{"rendered":"<div class='code-block code-block-1' style='margin: 8px 0 8px auto; text-align: right; display: block; clear: both;'>\n<p><a href=\"https:\/\/wa.link\/vpicfd\"><img data-recalc-dims=\"1\" class=\"wp-image-4922\" style=\"aspect-ratio: 2.0253164556962027; width: 561px; height: auto;\" src=\"https:\/\/i0.wp.com\/ismaelcolosi.com.br\/wp-content\/uploads\/2023\/11\/grupo-de-empregos-whatsapp-e-facebook-ismael-colosi-vagas.jpg?ssl=1\" alt=\"\" \/><\/a><\/p>\n<!-- \/wp:image -->\n<\/div>\n<p> <br \/>\n<\/p>\n<div>\n<p>O homem preso por <strong>suspeita de tr\u00e1fico de animais silvestres<\/strong> na noite desta quarta-feira (20) em <strong>Ituverava<\/strong>, cidade a cerca de 100 quil\u00f4metros de <strong>Ribeir\u00e3o Preto<\/strong>, foi multado em mais de <strong>R$ 2,2 milh\u00f5es<\/strong>.<\/p>\n<p><strong>A informa\u00e7\u00e3o foi confirmada pela Pol\u00edcia Militar Ambiental<\/strong>, na tarde desta quinta-feira (21). De acordo com a corpora\u00e7\u00e3o, os policiais encontraram tr\u00eas caixas de transporte com <strong>578 aves silvestres<\/strong> escondidas no ve\u00edculo do acusado.<\/p>\n<p>Segundo as autoridades, entre as esp\u00e9cies havia <strong>173 can\u00e1rios-da-terra<\/strong> e outros <strong>405 coleirinhos papa-capim<\/strong>, sendo que nenhuma das aves tinha anilha de identifica\u00e7\u00e3o. <mark style=\"background-color:#fcb900\" class=\"has-inline-color\">Ainda de acordo com a <strong>Pol\u00edcia Militar Ambiental<\/strong>, outras 42 aves foram encontrada mortas.<\/mark><\/p>\n<p>O homem foi multado em <strong>R$ 289 mil por transportar esp\u00e9cimes da fauna silvestre sem autoriza\u00e7\u00e3o<\/strong> do \u00f3rg\u00e3o competente e em mais <strong>R$1.986.000,00 por praticar atos de maus-tratos a animais silvestres<\/strong>.<\/p>\n<blockquote class=\"instagram-media\" data-instgrm-permalink=\"https:\/\/www.instagram.com\/reel\/DNnjW6zM7AU\/?utm_source=ig_embed&amp;utm_campaign=loading\" data-instgrm-version=\"14\" style=\"background:#FFF;border:0;border-radius:3px;margin: 1px;max-width:540px;min-width:326px;padding:0;width:99.375%;width:-webkit-calc(100% - 2px);width:calc(100% - 2px)\"\/>\n<h2 class=\"wp-block-heading\"><strong>O caso<\/strong><\/h2>\n<p>Segundo informa\u00e7\u00f5es, os\u00a0<strong>policiais\u00a0<\/strong>faziam uma\u00a0<strong>fiscaliza\u00e7\u00e3o<\/strong>\u00a0na\u00a0<strong>pra\u00e7a de ped\u00e1gio <strong>da rodovia Anhanguera (SP-330)<\/strong>, pr\u00f3ximo ao km 405<\/strong>, quando abordaram um\u00a0<strong>Volkswagen\u00a0Polo<\/strong>\u00a0com\u00a0<strong>placas de S\u00e3o Paulo<\/strong>.<\/p>\n<p>O condutor disse \u00e0 pol\u00edcia que n\u00e3o possu\u00ed documenta\u00e7\u00e3o dos p\u00e1ssaros e que havia sido contratado para transportar as aves de <strong>S\u00e3o Carlos at\u00e9 Arax\u00e1 (MG)<\/strong>. Ap\u00f3s o ocorrido, ele foi levado at\u00e9 a CPJ (Central de Pol\u00edcia Judici\u00e1ria) de Ituverava e os p\u00e1ssaros foram encaminhados \u00e0 Pol\u00edcia Ambiental do munic\u00edpio.<\/p>\n<hr class=\"wp-block-separator has-alpha-channel-opacity\"\/>\n<p>\u00a0SAIBA MAIS<\/p>\n<p>Veranico j\u00e1 tem data para acabar? Veja previs\u00e3o<\/p>\n<h2 class=\"wp-block-heading\"><strong>FIQUE ON<\/strong><\/h2>\n<p>Fique ligado em tudo que acontece em Ribeir\u00e3o Preto e regi\u00e3o. Siga os perfis do\u00a0<strong>acidade on<\/strong>\u00a0no<a href=\"https:\/\/www.instagram.com\/acidadeonribeirao\" target=\"_blank\" rel=\"noreferrer noopener\">\u00a0Instagram\u00a0<\/a>e no\u00a0<a href=\"https:\/\/www.facebook.com\/acidadeonribeirao\/\" target=\"_blank\" rel=\"noreferrer noopener\">Facebook<\/a>.<\/p>\n<p>Receba not\u00edcias do\u00a0<strong>acidade on\u00a0<\/strong>no WhatsApp. Para entrar no grupo,\u00a0basta\u00a0<a href=\"https:\/\/chat.whatsapp.com\/I4nieTEMKlf50pJ28aMemC?mode=ac_t\" target=\"_blank\" rel=\"noreferrer noopener\">clicar aqui<\/a>. Ou, acesse o nosso\u00a0Canal\u00a0<a href=\"https:\/\/whatsapp.com\/channel\/0029Vb6IQl1JENyAeS57fk2p\" target=\"_blank\" rel=\"noreferrer noopener\">clicando aqui<\/a>.<\/p>\n<p>Fa\u00e7a uma den\u00fancia ou sugira uma reportagem sobre Ribeir\u00e3o Preto e regi\u00e3o pelo WhatsApp: 16 99117 7802.<\/p>\n<p>VEJA TAMB\u00c9M<\/p>\n<p>O que aconteceu com Brent Hinds, da Mastodon?<\/p>\n<p><!-- AI CONTENT END 1 -->\n<\/div>\n<p><script async src=\"\/\/www.instagram.com\/embed.js\"><\/script><br \/>\n<br \/><br \/>\n<br \/><a href=\"https:\/\/www.acidadeon.com\/ribeiraopreto\/cotidiano\/homem-preso-com-578-aves-no-interior-de-sp-e-multado-em-r-22-milhoes\/\">Source link <\/a><\/p>\n<!-- CONTENT END 1 -->\n","protected":false},"excerpt":{"rendered":"<p>O homem preso por suspeita de tr\u00e1fico de animais silvestres na noite desta quarta-feira (20) em Ituverava, cidade a cerca de 100 quil\u00f4metros de Ribeir\u00e3o&#8230;<\/p>\n","protected":false},"author":1,"featured_media":76064,"comment_status":"open","ping_status":"open","sticky":false,"template":"","format":"standard","meta":{"advanced_seo_description":"","jetpack_seo_html_title":"","jetpack_seo_noindex":false,"jetpack_post_was_ever_published":false,"_jetpack_newsletter_access":"","_jetpack_dont_email_post_to_subs":false,"_jetpack_newsletter_tier_id":0,"_jetpack_memberships_contains_paywalled_content":false,"_jetpack_memberships_contains_paid_content":false,"footnotes":"","jetpack_publicize_message":"","jetpack_publicize_feature_enabled":true,"jetpack_social_post_already_shared":true,"jetpack_social_options":{"image_generator_settings":{"template":"highway","default_image_id":0,"font":"","enabled":false},"version":2}},"categories":[11],"tags":[],"class_list":["post-76090","post","type-post","status-publish","format-standard","has-post-thumbnail","hentry","category-noticias-de-ribeirao-preto-sp-e-regiao-ismael-colosi"],"jetpack_publicize_connections":[],"jetpack_featured_media_url":"https:\/\/i0.wp.com\/noticiasribeiraopreto.com.br\/wp-content\/uploads\/2025\/08\/PASSAROS_2025-08-21_12-37-08.webp.webp?fit=1200%2C677&ssl=1","jetpack-related-posts":[{"id":84835,"url":"https:\/\/noticiasribeiraopreto.com.br\/index.php\/2026\/04\/16\/homem-e-preso-com-municoes-de-fuzil-e-aves-silvestres-em-extincao\/","url_meta":{"origin":76090,"position":0},"title":"Homem \u00e9 preso com muni\u00e7\u00f5es de fuzil e aves silvestres em extin\u00e7\u00e3o","author":"noticiasribeiraopreto.com.br","date":"16 de April de 2026","format":false,"excerpt":"\r Pol\u00edcia investigou den\u00fancia e, ao cumprir mandado de busca e apreens\u00e3o, precisou acionar chaveiro para entrar no local\r \r 16 de abril de 2026 13:08 \r Compartilhar2 | Por: Adalberto Luque | Um homem de 66 anos foi preso, na manh\u00e3 desta quinta-feira (16), com muni\u00e7\u00f5es para fuzil e\u2026","rel":"","context":"In &quot;Not\u00edcias de Ribeir\u00e3o Preto-SP e Regi\u00e3o&quot;","block_context":{"text":"Not\u00edcias de Ribeir\u00e3o Preto-SP e Regi\u00e3o","link":"https:\/\/noticiasribeiraopreto.com.br\/index.php\/category\/noticias-de-ribeirao-preto-sp-e-regiao-ismael-colosi\/"},"img":{"alt_text":"","src":"https:\/\/i0.wp.com\/noticiasribeiraopreto.com.br\/wp-content\/uploads\/2026\/04\/16-abr-2026-municaoepassaros-scaled.jpg?fit=1200%2C675&ssl=1&resize=350%2C200","width":350,"height":200,"srcset":"https:\/\/i0.wp.com\/noticiasribeiraopreto.com.br\/wp-content\/uploads\/2026\/04\/16-abr-2026-municaoepassaros-scaled.jpg?fit=1200%2C675&ssl=1&resize=350%2C200 1x, https:\/\/i0.wp.com\/noticiasribeiraopreto.com.br\/wp-content\/uploads\/2026\/04\/16-abr-2026-municaoepassaros-scaled.jpg?fit=1200%2C675&ssl=1&resize=525%2C300 1.5x, https:\/\/i0.wp.com\/noticiasribeiraopreto.com.br\/wp-content\/uploads\/2026\/04\/16-abr-2026-municaoepassaros-scaled.jpg?fit=1200%2C675&ssl=1&resize=700%2C400 2x, https:\/\/i0.wp.com\/noticiasribeiraopreto.com.br\/wp-content\/uploads\/2026\/04\/16-abr-2026-municaoepassaros-scaled.jpg?fit=1200%2C675&ssl=1&resize=1050%2C600 3x"},"classes":[]},{"id":78675,"url":"https:\/\/noticiasribeiraopreto.com.br\/index.php\/2025\/10\/16\/homem-e-flagrado-com-aves-silvestres-na-zona-norte\/","url_meta":{"origin":76090,"position":1},"title":"Homem \u00e9 flagrado com aves silvestres na zona Norte","author":"noticiasribeiraopreto.com.br","date":"16 de October de 2025","format":false,"excerpt":"Duas das 12 aves estavam em gaiolas penduradas em \u00e1rvores de avenida no bairro e outras na casa do indiciado 16 de outubro de 2025 08:2816 de outubro de 2025 08:3914 Compartilhar2 Por: Adalberto Luque Um homem foi indiciado, nesta quarta-feira (15) por manter aves silvestres em cativeiros ilegais. Ele\u2026","rel":"","context":"In &quot;Not\u00edcias de Ribeir\u00e3o Preto-SP e Regi\u00e3o&quot;","block_context":{"text":"Not\u00edcias de Ribeir\u00e3o Preto-SP e Regi\u00e3o","link":"https:\/\/noticiasribeiraopreto.com.br\/index.php\/category\/noticias-de-ribeirao-preto-sp-e-regiao-ismael-colosi\/"},"img":{"alt_text":"","src":"https:\/\/i0.wp.com\/noticiasribeiraopreto.com.br\/wp-content\/uploads\/2025\/10\/16-out-2025-passarosmarincek2-scaled.jpg?fit=1086%2C780&ssl=1&resize=350%2C200","width":350,"height":200,"srcset":"https:\/\/i0.wp.com\/noticiasribeiraopreto.com.br\/wp-content\/uploads\/2025\/10\/16-out-2025-passarosmarincek2-scaled.jpg?fit=1086%2C780&ssl=1&resize=350%2C200 1x, https:\/\/i0.wp.com\/noticiasribeiraopreto.com.br\/wp-content\/uploads\/2025\/10\/16-out-2025-passarosmarincek2-scaled.jpg?fit=1086%2C780&ssl=1&resize=525%2C300 1.5x, https:\/\/i0.wp.com\/noticiasribeiraopreto.com.br\/wp-content\/uploads\/2025\/10\/16-out-2025-passarosmarincek2-scaled.jpg?fit=1086%2C780&ssl=1&resize=700%2C400 2x, https:\/\/i0.wp.com\/noticiasribeiraopreto.com.br\/wp-content\/uploads\/2025\/10\/16-out-2025-passarosmarincek2-scaled.jpg?fit=1086%2C780&ssl=1&resize=1050%2C600 3x"},"classes":[]},{"id":52729,"url":"https:\/\/noticiasribeiraopreto.com.br\/index.php\/2024\/06\/11\/homens-sao-presos-com-290-aves-silvestres-em-rodovia-da-regiao-de-ribeirao-preto\/","url_meta":{"origin":76090,"position":2},"title":"Homens s\u00e3o presos com 290 aves silvestres em rodovia da regi\u00e3o de Ribeir\u00e3o Preto","author":"noticiasribeiraopreto.com.br","date":"11 de June de 2024","format":false,"excerpt":"Dois homens foram presos em flagrante, nesta ter\u00e7a-feira (11), pelo transporte de 290 p\u00e1ssaros silvestres no porta-malas de um carro, na rodovia Anhanguera (SP-330), em Cravinhos, cidade na regi\u00e3o de Ribeir\u00e3o Preto. De acordo com as informa\u00e7\u00f5es da Pol\u00edcia Militar Ambiental, os envolvidos teriam sa\u00eddo de Uberl\u00e2ndia (MG) e iriam\u2026","rel":"","context":"In &quot;Not\u00edcias de Ribeir\u00e3o Preto-SP e Regi\u00e3o&quot;","block_context":{"text":"Not\u00edcias de Ribeir\u00e3o Preto-SP e Regi\u00e3o","link":"https:\/\/noticiasribeiraopreto.com.br\/index.php\/category\/noticias-de-ribeirao-preto-sp-e-regiao-ismael-colosi\/"},"img":{"alt_text":"","src":"https:\/\/i0.wp.com\/noticiasribeiraopreto.com.br\/wp-content\/uploads\/2024\/06\/Copia-de-Copia-de-TAMANHO-EXATO-PARA-FOTOS-NO-SISTEMA-NOVO-76_2024-06-11_23-22-21_png_2024-06-11_23-22-21.webp.webp?fit=1200%2C675&ssl=1&resize=350%2C200","width":350,"height":200,"srcset":"https:\/\/i0.wp.com\/noticiasribeiraopreto.com.br\/wp-content\/uploads\/2024\/06\/Copia-de-Copia-de-TAMANHO-EXATO-PARA-FOTOS-NO-SISTEMA-NOVO-76_2024-06-11_23-22-21_png_2024-06-11_23-22-21.webp.webp?fit=1200%2C675&ssl=1&resize=350%2C200 1x, https:\/\/i0.wp.com\/noticiasribeiraopreto.com.br\/wp-content\/uploads\/2024\/06\/Copia-de-Copia-de-TAMANHO-EXATO-PARA-FOTOS-NO-SISTEMA-NOVO-76_2024-06-11_23-22-21_png_2024-06-11_23-22-21.webp.webp?fit=1200%2C675&ssl=1&resize=525%2C300 1.5x, https:\/\/i0.wp.com\/noticiasribeiraopreto.com.br\/wp-content\/uploads\/2024\/06\/Copia-de-Copia-de-TAMANHO-EXATO-PARA-FOTOS-NO-SISTEMA-NOVO-76_2024-06-11_23-22-21_png_2024-06-11_23-22-21.webp.webp?fit=1200%2C675&ssl=1&resize=700%2C400 2x, https:\/\/i0.wp.com\/noticiasribeiraopreto.com.br\/wp-content\/uploads\/2024\/06\/Copia-de-Copia-de-TAMANHO-EXATO-PARA-FOTOS-NO-SISTEMA-NOVO-76_2024-06-11_23-22-21_png_2024-06-11_23-22-21.webp.webp?fit=1200%2C675&ssl=1&resize=1050%2C600 3x"},"classes":[]},{"id":37773,"url":"https:\/\/noticiasribeiraopreto.com.br\/index.php\/2024\/02\/18\/policia-detem-onze-pessoas-em-onibus-com-aves-silvestres-na-regiao-de-ribeirao\/","url_meta":{"origin":76090,"position":3},"title":"Pol\u00edcia det\u00e9m onze pessoas em \u00f4nibus com aves silvestres na regi\u00e3o de Ribeir\u00e3o","author":"noticiasribeiraopreto.com.br","date":"18 de February de 2024","format":false,"excerpt":"A Pol\u00edcia Militar Ambiental deteve onze pessoas por maus-tratos e transporte ilegal de 67 aves silvestres, neste s\u00e1bado (17), na rodovia Jo\u00e3o Traficante, em Franca, cidade na regi\u00e3o de Ribeir\u00e3o Preto. De acordo com as informa\u00e7\u00f5es do boletim de ocorr\u00eancia (BO), um bloqueio policial foi montado pr\u00f3ximo a um posto\u2026","rel":"","context":"In &quot;Not\u00edcias de Ribeir\u00e3o Preto-SP e Regi\u00e3o&quot;","block_context":{"text":"Not\u00edcias de Ribeir\u00e3o Preto-SP e Regi\u00e3o","link":"https:\/\/noticiasribeiraopreto.com.br\/index.php\/category\/noticias-de-ribeirao-preto-sp-e-regiao-ismael-colosi\/"},"img":{"alt_text":"","src":"https:\/\/i0.wp.com\/noticiasribeiraopreto.com.br\/wp-content\/uploads\/2024\/02\/Copia-de-Copia-de-TAMANHO-EXATO-PARA-FOTOS-NO-SISTEMA-NOVO-39.png?fit=1200%2C675&ssl=1&resize=350%2C200","width":350,"height":200,"srcset":"https:\/\/i0.wp.com\/noticiasribeiraopreto.com.br\/wp-content\/uploads\/2024\/02\/Copia-de-Copia-de-TAMANHO-EXATO-PARA-FOTOS-NO-SISTEMA-NOVO-39.png?fit=1200%2C675&ssl=1&resize=350%2C200 1x, https:\/\/i0.wp.com\/noticiasribeiraopreto.com.br\/wp-content\/uploads\/2024\/02\/Copia-de-Copia-de-TAMANHO-EXATO-PARA-FOTOS-NO-SISTEMA-NOVO-39.png?fit=1200%2C675&ssl=1&resize=525%2C300 1.5x, https:\/\/i0.wp.com\/noticiasribeiraopreto.com.br\/wp-content\/uploads\/2024\/02\/Copia-de-Copia-de-TAMANHO-EXATO-PARA-FOTOS-NO-SISTEMA-NOVO-39.png?fit=1200%2C675&ssl=1&resize=700%2C400 2x, https:\/\/i0.wp.com\/noticiasribeiraopreto.com.br\/wp-content\/uploads\/2024\/02\/Copia-de-Copia-de-TAMANHO-EXATO-PARA-FOTOS-NO-SISTEMA-NOVO-39.png?fit=1200%2C675&ssl=1&resize=1050%2C600 3x"},"classes":[]},{"id":74461,"url":"https:\/\/noticiasribeiraopreto.com.br\/index.php\/2025\/07\/23\/homem-e-preso-com-pistolas-no-centro\/","url_meta":{"origin":76090,"position":4},"title":"Homem \u00e9 preso com pistolas no Centro","author":"noticiasribeiraopreto.com.br","date":"23 de July de 2025","format":false,"excerpt":"Armas, muni\u00e7\u00f5es, perfumes e t\u00eanis estavam com suspeito em estacionamento na regi\u00e3o da Baixada 23 de julho de 2025 10:442 Compartilhar1 Por: Adalberto Luque Um homem de 30 anos foi preso, na tarde desta ter\u00e7a-feira (22), por porte ilegal de arma de fogo. Ele estava no escrit\u00f3rio de um estacionamento\u2026","rel":"","context":"In &quot;Not\u00edcias de Ribeir\u00e3o Preto-SP e Regi\u00e3o&quot;","block_context":{"text":"Not\u00edcias de Ribeir\u00e3o Preto-SP e Regi\u00e3o","link":"https:\/\/noticiasribeiraopreto.com.br\/index.php\/category\/noticias-de-ribeirao-preto-sp-e-regiao-ismael-colosi\/"},"img":{"alt_text":"","src":"https:\/\/i0.wp.com\/noticiasribeiraopreto.com.br\/wp-content\/uploads\/2025\/07\/23-jul-2025-armaapreendida-scaled.jpg?fit=1200%2C718&ssl=1&resize=350%2C200","width":350,"height":200,"srcset":"https:\/\/i0.wp.com\/noticiasribeiraopreto.com.br\/wp-content\/uploads\/2025\/07\/23-jul-2025-armaapreendida-scaled.jpg?fit=1200%2C718&ssl=1&resize=350%2C200 1x, https:\/\/i0.wp.com\/noticiasribeiraopreto.com.br\/wp-content\/uploads\/2025\/07\/23-jul-2025-armaapreendida-scaled.jpg?fit=1200%2C718&ssl=1&resize=525%2C300 1.5x, https:\/\/i0.wp.com\/noticiasribeiraopreto.com.br\/wp-content\/uploads\/2025\/07\/23-jul-2025-armaapreendida-scaled.jpg?fit=1200%2C718&ssl=1&resize=700%2C400 2x, https:\/\/i0.wp.com\/noticiasribeiraopreto.com.br\/wp-content\/uploads\/2025\/07\/23-jul-2025-armaapreendida-scaled.jpg?fit=1200%2C718&ssl=1&resize=1050%2C600 3x"},"classes":[]},{"id":13006,"url":"https:\/\/noticiasribeiraopreto.com.br\/index.php\/2023\/12\/08\/homem-e-preso-por-trafico-em-cravinhos\/","url_meta":{"origin":76090,"position":5},"title":"Homem \u00e9 preso por tr\u00e1fico em Cravinhos","author":"noticiasribeiraopreto.com.br","date":"8 de December de 2023","format":false,"excerpt":"Detido foi alvo de investiga\u00e7\u00e3o que indicou ser traficante na cidade 8 de dezembro de 2023 | 16:13 2Por: Adalberto LuqueUm homem foi preso, na manh\u00e3 desta sexta-feira (08), ap\u00f3s cumprimento de um mandado de busca e apreens\u00e3o pela Pol\u00edcia Civil. A pris\u00e3o ocorreu na cidade de Cravinhos.Segundo o delegado\u2026","rel":"","context":"In &quot;Not\u00edcias de Ribeir\u00e3o Preto-SP e Regi\u00e3o&quot;","block_context":{"text":"Not\u00edcias de Ribeir\u00e3o Preto-SP e Regi\u00e3o","link":"https:\/\/noticiasribeiraopreto.com.br\/index.php\/category\/noticias-de-ribeirao-preto-sp-e-regiao-ismael-colosi\/"},"img":{"alt_text":"","src":"https:\/\/i0.wp.com\/noticiasribeiraopreto.com.br\/wp-content\/uploads\/2023\/12\/00-08-dez-2023-trafico-cravinhos-01-foto-policia-civil-scaled.jpg?fit=570%2C645&ssl=1&resize=350%2C200","width":350,"height":200,"srcset":"https:\/\/i0.wp.com\/noticiasribeiraopreto.com.br\/wp-content\/uploads\/2023\/12\/00-08-dez-2023-trafico-cravinhos-01-foto-policia-civil-scaled.jpg?fit=570%2C645&ssl=1&resize=350%2C200 1x, https:\/\/i0.wp.com\/noticiasribeiraopreto.com.br\/wp-content\/uploads\/2023\/12\/00-08-dez-2023-trafico-cravinhos-01-foto-policia-civil-scaled.jpg?fit=570%2C645&ssl=1&resize=525%2C300 1.5x"},"classes":[]}],"jetpack_sharing_enabled":true,"jetpack_shortlink":"https:\/\/wp.me\/peQAOb-jNg","_links":{"self":[{"href":"https:\/\/noticiasribeiraopreto.com.br\/index.php\/wp-json\/wp\/v2\/posts\/76090","targetHints":{"allow":["GET"]}}],"collection":[{"href":"https:\/\/noticiasribeiraopreto.com.br\/index.php\/wp-json\/wp\/v2\/posts"}],"about":[{"href":"https:\/\/noticiasribeiraopreto.com.br\/index.php\/wp-json\/wp\/v2\/types\/post"}],"author":[{"embeddable":true,"href":"https:\/\/noticiasribeiraopreto.com.br\/index.php\/wp-json\/wp\/v2\/users\/1"}],"replies":[{"embeddable":true,"href":"https:\/\/noticiasribeiraopreto.com.br\/index.php\/wp-json\/wp\/v2\/comments?post=76090"}],"version-history":[{"count":0,"href":"https:\/\/noticiasribeiraopreto.com.br\/index.php\/wp-json\/wp\/v2\/posts\/76090\/revisions"}],"wp:featuredmedia":[{"embeddable":true,"href":"https:\/\/noticiasribeiraopreto.com.br\/index.php\/wp-json\/wp\/v2\/media\/76064"}],"wp:attachment":[{"href":"https:\/\/noticiasribeiraopreto.com.br\/index.php\/wp-json\/wp\/v2\/media?parent=76090"}],"wp:term":[{"taxonomy":"category","embeddable":true,"href":"https:\/\/noticiasribeiraopreto.com.br\/index.php\/wp-json\/wp\/v2\/categories?post=76090"},{"taxonomy":"post_tag","embeddable":true,"href":"https:\/\/noticiasribeiraopreto.com.br\/index.php\/wp-json\/wp\/v2\/tags?post=76090"}],"curies":[{"name":"wp","href":"https:\/\/api.w.org\/{rel}","templated":true}]}}