{"id":76091,"date":"2025-08-21T21:31:54","date_gmt":"2025-08-22T00:31:54","guid":{"rendered":"https:\/\/noticiasribeiraopreto.com.br\/index.php\/2025\/08\/21\/veranico-ja-tem-data-para-acabar-veja-previsao\/"},"modified":"2025-08-21T21:31:54","modified_gmt":"2025-08-22T00:31:54","slug":"veranico-ja-tem-data-para-acabar-veja-previsao","status":"publish","type":"post","link":"https:\/\/noticiasribeiraopreto.com.br\/index.php\/2025\/08\/21\/veranico-ja-tem-data-para-acabar-veja-previsao\/","title":{"rendered":"Veranico j\u00e1 tem data para acabar? Veja previs\u00e3o"},"content":{"rendered":"<div class='code-block code-block-1' style='margin: 8px 0 8px auto; text-align: right; display: block; clear: both;'>\n<p><a href=\"https:\/\/wa.link\/vpicfd\"><img data-recalc-dims=\"1\" class=\"wp-image-4922\" style=\"aspect-ratio: 2.0253164556962027; width: 561px; height: auto;\" src=\"https:\/\/i0.wp.com\/ismaelcolosi.com.br\/wp-content\/uploads\/2023\/11\/grupo-de-empregos-whatsapp-e-facebook-ismael-colosi-vagas.jpg?ssl=1\" alt=\"\" \/><\/a><\/p>\n<!-- \/wp:image -->\n<\/div>\n<p> <br \/>\n<\/p>\n<div>\n<p>Os term\u00f4metros voltaram a subir no <strong>interior de S\u00e3o Paulo<\/strong> com o in\u00edcio de um novo <strong>veranico<\/strong>, per\u00edodo em que as temperaturas ficam<strong> acima da m\u00e9dia mesmo no inverno<\/strong>.<\/p>\n<p>Segundo os meteorologistas, uma <strong>massa de ar seco associada a um bloqueio atmosf\u00e9rico<\/strong> favorecer\u00e1 dias de <strong>calor intenso<\/strong> e <strong>baixa umidade<\/strong>.<mark style=\"background-color:#fcb900\" class=\"has-inline-color\"> Com isso, as temperaturas devem ficar de 3\u00baC a 5\u00baC acima da m\u00e9dia<\/mark>.<\/p>\n<h2 class=\"wp-block-heading\"><strong>At\u00e9 quando vai o veranico?<\/strong><\/h2>\n<p>O <strong>veranico <\/strong>come\u00e7ou na quarta-feira (20) e pode durar de tr\u00eas a cinco dias. O fen\u00f4meno deve elevar as temperaturas a n\u00edveis pr\u00f3ximos aos <strong>registrados durante o ver\u00e3o<\/strong>.<\/p>\n<p>De acordo com a <strong><a href=\"https:\/\/www.climatempo.com.br\/\" target=\"_blank\" data-type=\"link\" data-id=\"https:\/\/www.climatempo.com.br\/\" rel=\"noreferrer noopener\">Climatempo<\/a><\/strong>, esse <strong>calor\u00e3o <\/strong>deve persistir no <strong>interior de S\u00e3o Paulo<\/strong> ao longo dos pr\u00f3ximos dias e se estende, pelo menos, <strong>at\u00e9 a pr\u00f3xima segunda-feira (25)<\/strong>.<\/p>\n<p>\u00c9 importante lembrar que, embora as temperaturas estejam de 3 \u00b0C a 5 \u00b0C acima da m\u00e9dia, o servi\u00e7o de meteorologia ressalta que esse per\u00edodo <strong>n\u00e3o \u00e9 caracterizado como uma onda de calor<\/strong>.<\/p>\n<div class=\"wp-block-image\">\n<figure class=\"aligncenter size-large is-resized\"><img data-recalc-dims=\"1\" fetchpriority=\"high\" decoding=\"async\" width=\"1024\" height=\"682\" src=\"https:\/\/i0.wp.com\/cdn.media-acidadeon.com.br\/ribeiraopreto\/wp-content\/uploads\/sites\/3\/2024\/03\/mulher-mais-velha-lutando-com-alta-temperatura-1024x682.jpg?resize=1024%2C682&#038;ssl=1\" alt=\"Temperaturas acima da m\u00e9dia devem ser registradas nos pr\u00f3ximos dias - Foto: Freepik.\" class=\"wp-image-73456\" style=\"width:654px\" srcset=\"https:\/\/cdn.media-acidadeon.com.br\/ribeiraopreto\/wp-content\/uploads\/sites\/3\/2024\/03\/mulher-mais-velha-lutando-com-alta-temperatura-1024x682.jpg 1024w, https:\/\/cdn.media-acidadeon.com.br\/ribeiraopreto\/wp-content\/uploads\/sites\/3\/2024\/03\/mulher-mais-velha-lutando-com-alta-temperatura-300x200.jpg 300w, https:\/\/cdn.media-acidadeon.com.br\/ribeiraopreto\/wp-content\/uploads\/sites\/3\/2024\/03\/mulher-mais-velha-lutando-com-alta-temperatura-768x512.jpg 768w, https:\/\/cdn.media-acidadeon.com.br\/ribeiraopreto\/wp-content\/uploads\/sites\/3\/2024\/03\/mulher-mais-velha-lutando-com-alta-temperatura-1536x1024.jpg 1536w, https:\/\/cdn.media-acidadeon.com.br\/ribeiraopreto\/wp-content\/uploads\/sites\/3\/2024\/03\/mulher-mais-velha-lutando-com-alta-temperatura-2048x1365.jpg 2048w, https:\/\/cdn.media-acidadeon.com.br\/ribeiraopreto\/wp-content\/uploads\/sites\/3\/2024\/03\/mulher-mais-velha-lutando-com-alta-temperatura-696x464.jpg 696w, https:\/\/cdn.media-acidadeon.com.br\/ribeiraopreto\/wp-content\/uploads\/sites\/3\/2024\/03\/mulher-mais-velha-lutando-com-alta-temperatura-1068x712.jpg 1068w, https:\/\/cdn.media-acidadeon.com.br\/ribeiraopreto\/wp-content\/uploads\/sites\/3\/2024\/03\/mulher-mais-velha-lutando-com-alta-temperatura-1920x1279.jpg 1920w\" sizes=\"(max-width: 1024px) 100vw, 1024px\"\/><figcaption class=\"wp-element-caption\">Temperaturas acima da m\u00e9dia devem ser registradas nos pr\u00f3ximos dias \u2013 Foto: Freepik.<\/figcaption><\/figure>\n<\/div>\n<h3 class=\"wp-block-heading\"><strong>Alerta de perigo<\/strong><\/h3>\n<p>Por conta desse cen\u00e1rio, o <strong>Inmet (Instituto Nacional de Meteorologia)<\/strong> emitiu um alerta de perigo potencial para a <strong>baixa umidade do ar<\/strong>. Ele come\u00e7ou nesta quinta-feira (21) e \u00e9 v\u00e1lido at\u00e9 amanh\u00e3, \u00e0s 20h.<\/p>\n<p>Segundo o \u00f3rg\u00e3o, a umidade relativa do ar deve variar entre 20% e 30%. Al\u00e9m disso, mesmo considerado baixo, h\u00e1 risco de inc\u00eandios florestais e impactos \u00e0 sa\u00fade \u2013 clique aqui e veja as regi\u00f5es afetadas.<\/p>\n<h2 class=\"wp-block-heading\"><strong>La Ni\u00f1a pode influenciar a primavera no Brasil<\/strong><\/h2>\n<p>De acordo com o meteorologista C\u00e9sar Soares, da <strong>Climatempo<\/strong>, o \u00faltimo relat\u00f3rio divulgado pela <strong>NOAA (Administra\u00e7\u00e3o Atmosf\u00e9rica e Oce\u00e2nica dos Estados Unidos)<\/strong>, a chance de forma\u00e7\u00e3o do <strong>La Ni\u00f1a<\/strong> aumentou para 56% durante a primavera no Hemisf\u00e9rio Sul.<\/p>\n<p>Esse fen\u00f4meno \u00e9 marcado pelo <strong>resfriamento das \u00e1guas do Pac\u00edfico Equatorial<\/strong>, capaz de alterar padr\u00f5es atmosf\u00e9ricos e afetar o clima em diferentes regi\u00f5es do planeta.<\/p>\n<figure class=\"wp-block-pullquote\">\n<blockquote>\n<p>No Brasil, os reflexos s\u00e3o sentidos especialmente no inverno e na primavera, com mudan\u00e7as na distribui\u00e7\u00e3o de chuvas e nas ondas de frio<\/p>\n<p><cite>meteorologista C\u00e9sar Soares, da Climatempo<\/cite><\/p><\/blockquote>\n<\/figure>\n<p><strong><mark style=\"background-color:#fcb900\" class=\"has-inline-color\">O fen\u00f4meno ainda n\u00e3o foi confirmado pelos especialistas<\/mark><\/strong>, mas, segundo Soares, caso se confirme, \u201co La Ni\u00f1a na primavera 2025 pode trazer impactos relevantes para diferentes regi\u00f5es brasileiras\u201d.<\/p>\n<p>No <strong>Sudeste<\/strong>, por exemplo, as temperaturas podem ficar <strong>abaixo da m\u00e9dia<\/strong> e h\u00e1 possibilidade de <strong>novas ondas de frio<\/strong>.<\/p>\n<hr class=\"wp-block-separator has-alpha-channel-opacity\"\/>\n<p>SAIBA MAIS<\/p>\n<p>TJ-SP derruba liminar contra loteadora alvo do Minist\u00e9rio P\u00fablico<\/p>\n<h2 class=\"wp-block-heading\"><strong>FIQUE ON<\/strong><\/h2>\n<p>Fique ligado em tudo que acontece em Ribeir\u00e3o Preto e regi\u00e3o. Siga os perfis do\u00a0<strong>acidade on<\/strong>\u00a0no<a href=\"https:\/\/www.instagram.com\/acidadeonribeirao\" target=\"_blank\" rel=\"noreferrer noopener\">\u00a0Instagram\u00a0<\/a>e no\u00a0<a href=\"https:\/\/www.facebook.com\/acidadeonribeirao\/\" target=\"_blank\" rel=\"noreferrer noopener\">Facebook<\/a>.<\/p>\n<p>Receba not\u00edcias do\u00a0<strong>acidade on\u00a0<\/strong>no WhatsApp. Para entrar no grupo,\u00a0basta\u00a0<a href=\"https:\/\/chat.whatsapp.com\/I4nieTEMKlf50pJ28aMemC?mode=ac_t\" target=\"_blank\" rel=\"noreferrer noopener\">clicar aqui<\/a>. Ou, acesse o nosso\u00a0Canal\u00a0<a href=\"https:\/\/whatsapp.com\/channel\/0029Vb6IQl1JENyAeS57fk2p\" target=\"_blank\" rel=\"noreferrer noopener\">clicando aqui<\/a>.<\/p>\n<p>Fa\u00e7a uma den\u00fancia ou sugira uma reportagem sobre Ribeir\u00e3o Preto e regi\u00e3o pelo WhatsApp: 16 99117 7802.<\/p>\n<p>VEJA TAMB\u00c9M<\/p>\n<p>Por que Jorja Smith adiou turn\u00ea no Brasil?<\/p>\n<p><!-- AI CONTENT END 1 -->\n<\/div>\n<p><script async src=\"\/\/www.instagram.com\/embed.js\"><\/script><br \/>\n<br \/><br \/>\n<br \/><a href=\"https:\/\/www.acidadeon.com\/ribeiraopreto\/cotidiano\/veranico-vai-acabar-veja\/\">Source link <\/a><\/p>\n<!-- CONTENT END 1 -->\n","protected":false},"excerpt":{"rendered":"<p>Os term\u00f4metros voltaram a subir no interior de S\u00e3o Paulo com o in\u00edcio de um novo veranico, per\u00edodo em que as temperaturas ficam acima da&#8230;<\/p>\n","protected":false},"author":1,"featured_media":76092,"comment_status":"open","ping_status":"open","sticky":false,"template":"","format":"standard","meta":{"advanced_seo_description":"","jetpack_seo_html_title":"","jetpack_seo_noindex":false,"jetpack_post_was_ever_published":false,"_jetpack_newsletter_access":"","_jetpack_dont_email_post_to_subs":false,"_jetpack_newsletter_tier_id":0,"_jetpack_memberships_contains_paywalled_content":false,"_jetpack_memberships_contains_paid_content":false,"footnotes":"","jetpack_publicize_message":"","jetpack_publicize_feature_enabled":true,"jetpack_social_post_already_shared":true,"jetpack_social_options":{"image_generator_settings":{"template":"highway","default_image_id":0,"font":"","enabled":false},"version":2}},"categories":[11],"tags":[],"class_list":["post-76091","post","type-post","status-publish","format-standard","has-post-thumbnail","hentry","category-noticias-de-ribeirao-preto-sp-e-regiao-ismael-colosi"],"jetpack_publicize_connections":[],"jetpack_featured_media_url":"https:\/\/i0.wp.com\/noticiasribeiraopreto.com.br\/wp-content\/uploads\/2025\/08\/calor-2_2024-10-08_20-08-44_jpeg_2024-10-08_20-08-44-1024x683.webp.webp?fit=1024%2C683&ssl=1","jetpack-related-posts":[{"id":75819,"url":"https:\/\/noticiasribeiraopreto.com.br\/index.php\/2025\/08\/15\/veranico-no-interior-de-sp-temperaturas-podem-chegar-a-35-c\/","url_meta":{"origin":76091,"position":0},"title":"Veranico no interior de SP: temperaturas podem chegar a 35\u202f\u00b0C","author":"noticiasribeiraopreto.com.br","date":"15 de August de 2025","format":false,"excerpt":"Ap\u00f3s um per\u00edodo de temperaturas mais baixas, o interior de S\u00e3o Paulo se prepara para enfrentar um novo veranico, com temperaturas muito acima da m\u00e9dia para o inverno, a partir da pr\u00f3xima quarta-feira (20). De acordo com a Climatempo, o per\u00edodo n\u00e3o ser\u00e1 classificado como onda de calor, no entanto,\u2026","rel":"","context":"In &quot;Not\u00edcias de Ribeir\u00e3o Preto-SP e Regi\u00e3o&quot;","block_context":{"text":"Not\u00edcias de Ribeir\u00e3o Preto-SP e Regi\u00e3o","link":"https:\/\/noticiasribeiraopreto.com.br\/index.php\/category\/noticias-de-ribeirao-preto-sp-e-regiao-ismael-colosi\/"},"img":{"alt_text":"","src":"https:\/\/i0.wp.com\/noticiasribeiraopreto.com.br\/wp-content\/uploads\/2025\/08\/WhatsApp-Image-2025-08-15-at-06.23.01_2025-08-15_10-04-02-1024x576.webp.webp?fit=1024%2C576&ssl=1&resize=350%2C200","width":350,"height":200,"srcset":"https:\/\/i0.wp.com\/noticiasribeiraopreto.com.br\/wp-content\/uploads\/2025\/08\/WhatsApp-Image-2025-08-15-at-06.23.01_2025-08-15_10-04-02-1024x576.webp.webp?fit=1024%2C576&ssl=1&resize=350%2C200 1x, https:\/\/i0.wp.com\/noticiasribeiraopreto.com.br\/wp-content\/uploads\/2025\/08\/WhatsApp-Image-2025-08-15-at-06.23.01_2025-08-15_10-04-02-1024x576.webp.webp?fit=1024%2C576&ssl=1&resize=525%2C300 1.5x, https:\/\/i0.wp.com\/noticiasribeiraopreto.com.br\/wp-content\/uploads\/2025\/08\/WhatsApp-Image-2025-08-15-at-06.23.01_2025-08-15_10-04-02-1024x576.webp.webp?fit=1024%2C576&ssl=1&resize=700%2C400 2x"},"classes":[]},{"id":52289,"url":"https:\/\/noticiasribeiraopreto.com.br\/index.php\/2024\/06\/05\/veranico-veja-ate-quando-vai-o-alerta-de-temperaturas-acima-da-media-no-interior-de-sp\/","url_meta":{"origin":76091,"position":1},"title":"Veranico: Veja at\u00e9 quando vai o alerta de temperaturas acima da m\u00e9dia no interior de SP","author":"noticiasribeiraopreto.com.br","date":"5 de June de 2024","format":false,"excerpt":"As temperaturas devem voltar a ficar acima da m\u00e9dia a partir desta quinta-feira (07), em todo o interior do estado de S\u00e3o Paulo, de acordo com o alerta emitido pela Climatempo. Esse cen\u00e1rio acontece devido a um bloqueio atmosf\u00e9rico que deve ficar centralizado sobre o estado nos pr\u00f3ximos dias. De\u2026","rel":"","context":"In &quot;Not\u00edcias de Ribeir\u00e3o Preto-SP e Regi\u00e3o&quot;","block_context":{"text":"Not\u00edcias de Ribeir\u00e3o Preto-SP e Regi\u00e3o","link":"https:\/\/noticiasribeiraopreto.com.br\/index.php\/category\/noticias-de-ribeirao-preto-sp-e-regiao-ismael-colosi\/"},"img":{"alt_text":"","src":"https:\/\/i0.wp.com\/noticiasribeiraopreto.com.br\/wp-content\/uploads\/2024\/06\/calor_fonte_1024x576_24012021151539.jpg?fit=1024%2C576&ssl=1&resize=350%2C200","width":350,"height":200,"srcset":"https:\/\/i0.wp.com\/noticiasribeiraopreto.com.br\/wp-content\/uploads\/2024\/06\/calor_fonte_1024x576_24012021151539.jpg?fit=1024%2C576&ssl=1&resize=350%2C200 1x, https:\/\/i0.wp.com\/noticiasribeiraopreto.com.br\/wp-content\/uploads\/2024\/06\/calor_fonte_1024x576_24012021151539.jpg?fit=1024%2C576&ssl=1&resize=525%2C300 1.5x, https:\/\/i0.wp.com\/noticiasribeiraopreto.com.br\/wp-content\/uploads\/2024\/06\/calor_fonte_1024x576_24012021151539.jpg?fit=1024%2C576&ssl=1&resize=700%2C400 2x"},"classes":[]},{"id":75874,"url":"https:\/\/noticiasribeiraopreto.com.br\/index.php\/2025\/08\/17\/domingo-sera-de-sol-e-calor-em-ribeirao-preto-veranico-chega-nesta-semana\/","url_meta":{"origin":76091,"position":2},"title":"Domingo ser\u00e1 de sol e calor em Ribeir\u00e3o Preto; Veranico chega nesta semana","author":"noticiasribeiraopreto.com.br","date":"17 de August de 2025","format":false,"excerpt":"O domingo (17) em Ribeir\u00e3o Preto ser\u00e1 ensolarado, com poucas nuvens e sem previs\u00e3o de chuva. Apesar da m\u00ednima de 16 \u00b0C, as temperaturas devem subir ao longo do dia e alcan\u00e7ar os 31 \u00b0C durante a tarde, segundo a Climatempo. A umidade relativa do ar varia entre 25% e\u2026","rel":"","context":"In &quot;Not\u00edcias de Ribeir\u00e3o Preto-SP e Regi\u00e3o&quot;","block_context":{"text":"Not\u00edcias de Ribeir\u00e3o Preto-SP e Regi\u00e3o","link":"https:\/\/noticiasribeiraopreto.com.br\/index.php\/category\/noticias-de-ribeirao-preto-sp-e-regiao-ismael-colosi\/"},"img":{"alt_text":"","src":"https:\/\/i0.wp.com\/noticiasribeiraopreto.com.br\/wp-content\/uploads\/2025\/08\/Imagem-do-WhatsApp-de-2025-08-10-as-09.21.15_9b79cfee_2025-08-10_12-29-12.webp.webp?fit=1200%2C675&ssl=1&resize=350%2C200","width":350,"height":200,"srcset":"https:\/\/i0.wp.com\/noticiasribeiraopreto.com.br\/wp-content\/uploads\/2025\/08\/Imagem-do-WhatsApp-de-2025-08-10-as-09.21.15_9b79cfee_2025-08-10_12-29-12.webp.webp?fit=1200%2C675&ssl=1&resize=350%2C200 1x, https:\/\/i0.wp.com\/noticiasribeiraopreto.com.br\/wp-content\/uploads\/2025\/08\/Imagem-do-WhatsApp-de-2025-08-10-as-09.21.15_9b79cfee_2025-08-10_12-29-12.webp.webp?fit=1200%2C675&ssl=1&resize=525%2C300 1.5x, https:\/\/i0.wp.com\/noticiasribeiraopreto.com.br\/wp-content\/uploads\/2025\/08\/Imagem-do-WhatsApp-de-2025-08-10-as-09.21.15_9b79cfee_2025-08-10_12-29-12.webp.webp?fit=1200%2C675&ssl=1&resize=700%2C400 2x, https:\/\/i0.wp.com\/noticiasribeiraopreto.com.br\/wp-content\/uploads\/2025\/08\/Imagem-do-WhatsApp-de-2025-08-10-as-09.21.15_9b79cfee_2025-08-10_12-29-12.webp.webp?fit=1200%2C675&ssl=1&resize=1050%2C600 3x"},"classes":[]},{"id":75772,"url":"https:\/\/noticiasribeiraopreto.com.br\/index.php\/2025\/08\/15\/vai-ter-onda-de-calor-veja-a-previsao-para-os-proximos-dias\/","url_meta":{"origin":76091,"position":3},"title":"Vai ter onda de calor? Veja a previs\u00e3o para os pr\u00f3ximos dias","author":"noticiasribeiraopreto.com.br","date":"15 de August de 2025","format":false,"excerpt":"A segunda quinzena de agosto tem previs\u00e3o da volta do calor ao interior do pa\u00eds, causado por um bloqueio atmosf\u00e9rico. O per\u00edodo de temperaturas acima da m\u00e9dia no inverno \u00e9 chamado de veranico e n\u00e3o ser\u00e1 considerado uma onda de calor, de acordo com a Climatempo. Veja o mapa abaixo.\u2026","rel":"","context":"In &quot;Not\u00edcias de Ribeir\u00e3o Preto-SP e Regi\u00e3o&quot;","block_context":{"text":"Not\u00edcias de Ribeir\u00e3o Preto-SP e Regi\u00e3o","link":"https:\/\/noticiasribeiraopreto.com.br\/index.php\/category\/noticias-de-ribeirao-preto-sp-e-regiao-ismael-colosi\/"},"img":{"alt_text":"","src":"https:\/\/i0.wp.com\/noticiasribeiraopreto.com.br\/wp-content\/uploads\/2025\/06\/WhatsApp-Image-2025-02-27-at-06.44.11_2025-02-27_09-58-35_jpeg_2025-02-27_09-58-36.webp.webp?fit=1200%2C540&ssl=1&resize=350%2C200","width":350,"height":200,"srcset":"https:\/\/i0.wp.com\/noticiasribeiraopreto.com.br\/wp-content\/uploads\/2025\/06\/WhatsApp-Image-2025-02-27-at-06.44.11_2025-02-27_09-58-35_jpeg_2025-02-27_09-58-36.webp.webp?fit=1200%2C540&ssl=1&resize=350%2C200 1x, https:\/\/i0.wp.com\/noticiasribeiraopreto.com.br\/wp-content\/uploads\/2025\/06\/WhatsApp-Image-2025-02-27-at-06.44.11_2025-02-27_09-58-35_jpeg_2025-02-27_09-58-36.webp.webp?fit=1200%2C540&ssl=1&resize=525%2C300 1.5x, https:\/\/i0.wp.com\/noticiasribeiraopreto.com.br\/wp-content\/uploads\/2025\/06\/WhatsApp-Image-2025-02-27-at-06.44.11_2025-02-27_09-58-35_jpeg_2025-02-27_09-58-36.webp.webp?fit=1200%2C540&ssl=1&resize=700%2C400 2x, https:\/\/i0.wp.com\/noticiasribeiraopreto.com.br\/wp-content\/uploads\/2025\/06\/WhatsApp-Image-2025-02-27-at-06.44.11_2025-02-27_09-58-35_jpeg_2025-02-27_09-58-36.webp.webp?fit=1200%2C540&ssl=1&resize=1050%2C600 3x"},"classes":[]},{"id":75913,"url":"https:\/\/noticiasribeiraopreto.com.br\/index.php\/2025\/08\/18\/veranico-vai-esquentar-o-estado-de-sp-veja-como-ficam-as-temperaturas\/","url_meta":{"origin":76091,"position":4},"title":"Veranico vai esquentar o estado de SP; Veja como ficam as temperaturas","author":"noticiasribeiraopreto.com.br","date":"18 de August de 2025","format":false,"excerpt":"O per\u00edodo de calor acima da m\u00e9dia em pleno inverno, chamado de veranico, deve come\u00e7ar a partir da pr\u00f3xima quarta-feira (20). A previs\u00e3o da meteorologia indica que o veranico se estenda at\u00e9 a pr\u00f3xima segunda-feira (25). Neste per\u00edodo, as temperaturas podem se elevar em 5\u00baC ou mais na maior parte\u2026","rel":"","context":"In &quot;Not\u00edcias de Ribeir\u00e3o Preto-SP e Regi\u00e3o&quot;","block_context":{"text":"Not\u00edcias de Ribeir\u00e3o Preto-SP e Regi\u00e3o","link":"https:\/\/noticiasribeiraopreto.com.br\/index.php\/category\/noticias-de-ribeirao-preto-sp-e-regiao-ismael-colosi\/"},"img":{"alt_text":"","src":"https:\/\/i0.wp.com\/noticiasribeiraopreto.com.br\/wp-content\/uploads\/2025\/08\/WhatsApp-Image-2024-06-14-at-09.30.18-1_2024-06-14_12-31-08_jpeg_2024-06-14_12-31-08.webp.webp?fit=1200%2C553&ssl=1&resize=350%2C200","width":350,"height":200,"srcset":"https:\/\/i0.wp.com\/noticiasribeiraopreto.com.br\/wp-content\/uploads\/2025\/08\/WhatsApp-Image-2024-06-14-at-09.30.18-1_2024-06-14_12-31-08_jpeg_2024-06-14_12-31-08.webp.webp?fit=1200%2C553&ssl=1&resize=350%2C200 1x, https:\/\/i0.wp.com\/noticiasribeiraopreto.com.br\/wp-content\/uploads\/2025\/08\/WhatsApp-Image-2024-06-14-at-09.30.18-1_2024-06-14_12-31-08_jpeg_2024-06-14_12-31-08.webp.webp?fit=1200%2C553&ssl=1&resize=525%2C300 1.5x, https:\/\/i0.wp.com\/noticiasribeiraopreto.com.br\/wp-content\/uploads\/2025\/08\/WhatsApp-Image-2024-06-14-at-09.30.18-1_2024-06-14_12-31-08_jpeg_2024-06-14_12-31-08.webp.webp?fit=1200%2C553&ssl=1&resize=700%2C400 2x, https:\/\/i0.wp.com\/noticiasribeiraopreto.com.br\/wp-content\/uploads\/2025\/08\/WhatsApp-Image-2024-06-14-at-09.30.18-1_2024-06-14_12-31-08_jpeg_2024-06-14_12-31-08.webp.webp?fit=1200%2C553&ssl=1&resize=1050%2C600 3x"},"classes":[]},{"id":52183,"url":"https:\/\/noticiasribeiraopreto.com.br\/index.php\/2024\/06\/04\/calorao-vai-voltar-interior-de-sp-tem-alerta-para-temperaturas-acima-da-media\/","url_meta":{"origin":76091,"position":5},"title":"Calor\u00e3o vai voltar? Interior de SP tem alerta para temperaturas acima da m\u00e9dia","author":"noticiasribeiraopreto.com.br","date":"4 de June de 2024","format":false,"excerpt":"Um novo bloqueio atmosf\u00e9rico vai se estabelecer no Centro-Leste do pa\u00eds nos pr\u00f3ximos dias e deve provocar condi\u00e7\u00f5es de tempo quente e seco no Sudeste do Brasil, de acordo com a meteorologia. No interior do estado de S\u00e3o Paulo ainda teremos noites mais frescas e com sensa\u00e7\u00e3o de frio, no\u2026","rel":"","context":"In &quot;Not\u00edcias de Ribeir\u00e3o Preto-SP e Regi\u00e3o&quot;","block_context":{"text":"Not\u00edcias de Ribeir\u00e3o Preto-SP e Regi\u00e3o","link":"https:\/\/noticiasribeiraopreto.com.br\/index.php\/category\/noticias-de-ribeirao-preto-sp-e-regiao-ismael-colosi\/"},"img":{"alt_text":"","src":"https:\/\/i0.wp.com\/noticiasribeiraopreto.com.br\/wp-content\/uploads\/2024\/06\/WhatsApp-Image-2024-03-11-at-12.29.24-1.jpeg?fit=1200%2C804&ssl=1&resize=350%2C200","width":350,"height":200,"srcset":"https:\/\/i0.wp.com\/noticiasribeiraopreto.com.br\/wp-content\/uploads\/2024\/06\/WhatsApp-Image-2024-03-11-at-12.29.24-1.jpeg?fit=1200%2C804&ssl=1&resize=350%2C200 1x, https:\/\/i0.wp.com\/noticiasribeiraopreto.com.br\/wp-content\/uploads\/2024\/06\/WhatsApp-Image-2024-03-11-at-12.29.24-1.jpeg?fit=1200%2C804&ssl=1&resize=525%2C300 1.5x, https:\/\/i0.wp.com\/noticiasribeiraopreto.com.br\/wp-content\/uploads\/2024\/06\/WhatsApp-Image-2024-03-11-at-12.29.24-1.jpeg?fit=1200%2C804&ssl=1&resize=700%2C400 2x, https:\/\/i0.wp.com\/noticiasribeiraopreto.com.br\/wp-content\/uploads\/2024\/06\/WhatsApp-Image-2024-03-11-at-12.29.24-1.jpeg?fit=1200%2C804&ssl=1&resize=1050%2C600 3x"},"classes":[]}],"jetpack_sharing_enabled":true,"jetpack_shortlink":"https:\/\/wp.me\/peQAOb-jNh","_links":{"self":[{"href":"https:\/\/noticiasribeiraopreto.com.br\/index.php\/wp-json\/wp\/v2\/posts\/76091","targetHints":{"allow":["GET"]}}],"collection":[{"href":"https:\/\/noticiasribeiraopreto.com.br\/index.php\/wp-json\/wp\/v2\/posts"}],"about":[{"href":"https:\/\/noticiasribeiraopreto.com.br\/index.php\/wp-json\/wp\/v2\/types\/post"}],"author":[{"embeddable":true,"href":"https:\/\/noticiasribeiraopreto.com.br\/index.php\/wp-json\/wp\/v2\/users\/1"}],"replies":[{"embeddable":true,"href":"https:\/\/noticiasribeiraopreto.com.br\/index.php\/wp-json\/wp\/v2\/comments?post=76091"}],"version-history":[{"count":0,"href":"https:\/\/noticiasribeiraopreto.com.br\/index.php\/wp-json\/wp\/v2\/posts\/76091\/revisions"}],"wp:featuredmedia":[{"embeddable":true,"href":"https:\/\/noticiasribeiraopreto.com.br\/index.php\/wp-json\/wp\/v2\/media\/76092"}],"wp:attachment":[{"href":"https:\/\/noticiasribeiraopreto.com.br\/index.php\/wp-json\/wp\/v2\/media?parent=76091"}],"wp:term":[{"taxonomy":"category","embeddable":true,"href":"https:\/\/noticiasribeiraopreto.com.br\/index.php\/wp-json\/wp\/v2\/categories?post=76091"},{"taxonomy":"post_tag","embeddable":true,"href":"https:\/\/noticiasribeiraopreto.com.br\/index.php\/wp-json\/wp\/v2\/tags?post=76091"}],"curies":[{"name":"wp","href":"https:\/\/api.w.org\/{rel}","templated":true}]}}