{"id":76093,"date":"2025-08-22T06:13:05","date_gmt":"2025-08-22T09:13:05","guid":{"rendered":"https:\/\/noticiasribeiraopreto.com.br\/index.php\/2025\/08\/22\/veja-os-destaques-da-programacao-desta-sexta-feira-na-feira-do-livro-de-ribeirao-preto\/"},"modified":"2025-08-22T06:13:05","modified_gmt":"2025-08-22T09:13:05","slug":"veja-os-destaques-da-programacao-desta-sexta-feira-na-feira-do-livro-de-ribeirao-preto","status":"publish","type":"post","link":"https:\/\/noticiasribeiraopreto.com.br\/index.php\/2025\/08\/22\/veja-os-destaques-da-programacao-desta-sexta-feira-na-feira-do-livro-de-ribeirao-preto\/","title":{"rendered":"Veja os destaques da programa\u00e7\u00e3o desta sexta-feira na Feira do Livro de Ribeir\u00e3o Preto"},"content":{"rendered":"<div class='code-block code-block-1' style='margin: 8px 0 8px auto; text-align: right; display: block; clear: both;'>\n<p><a href=\"https:\/\/wa.link\/vpicfd\"><img data-recalc-dims=\"1\" class=\"wp-image-4922\" style=\"aspect-ratio: 2.0253164556962027; width: 561px; height: auto;\" src=\"https:\/\/i0.wp.com\/ismaelcolosi.com.br\/wp-content\/uploads\/2023\/11\/grupo-de-empregos-whatsapp-e-facebook-ismael-colosi-vagas.jpg?ssl=1\" alt=\"\" \/><\/a><\/p>\n<!-- \/wp:image -->\n<\/div>\n<p> <br \/>\n<\/p>\n<div>\n<p>A <strong>24\u00aa Feira Internacional do Livro de Ribeir\u00e3o Preto<\/strong> segue com mais um dia de atividades culturais gratuitas no <strong>Centro <\/strong>da cidade. A programa\u00e7\u00e3o desta sexta-feira (21) conta com conta\u00e7\u00f5es de hist\u00f3rias, bate-papos, palestras e oficinas.<\/p>\n<p>O tema da feira deste ano \u00e9 \u201c<strong>Futuros Poss\u00edveis: entre linhas e par\u00e1grafos<\/strong>\u201d e presta homenagem aos autores: Domenico Demasi, Djamila Ribeiro, Andr\u00e9 Lu\u00eds Oliveira e Matheus Arcaro. A\u00a0<strong>FIL\u00a0<\/strong>segue at\u00e9 o dia\u00a0<strong>24 de agosto<\/strong>\u00a0\u2013\u00a0<a href=\"https:\/\/drive.google.com\/file\/d\/1ccuUm--cD83UPitwN-6XofOO0Vcs_C31\/view\" target=\"_blank\" rel=\"noreferrer noopener\">clique aqui e veja a programa\u00e7\u00e3o completa<\/a>.<\/p>\n<h2 class=\"wp-block-heading\"><strong>Confira os destaques desta sexta<\/strong><\/h2>\n<p><strong>Conta\u00e7\u00e3o de Hist\u00f3rias: As Aventuras de Pedro Malasartes<\/strong><\/p>\n<p>A Cia Teatral Viajantes apresenta uma nova vers\u00e3o da cl\u00e1ssica figura de Pedro Malasartes, onde ele encontra uma advers\u00e1ria t\u00e3o astuta quanto ele, dando in\u00edcio a uma disputa marcada por esperteza, humor e surpresas.<br \/><strong>Local:<\/strong>\u00a0Estande Prefeitura Municipal de Ribeir\u00e3o Preto<\/p>\n<p><strong>Sal\u00e3o de Ideias: Ra\u00edzes que Escrevem o Futuro \u2013 Agro, Cultura e Conhecimento<\/strong><\/p>\n<p>Hugo Cagno Filho participa de um bate-papo mediado por Luciana Paiva sobre as conex\u00f5es entre o campo, a produ\u00e7\u00e3o cultural e o conhecimento. A conversa explora como as viv\u00eancias do universo do agroneg\u00f3cio influenciam a literatura, a identidade e a constru\u00e7\u00e3o dos territ\u00f3rios.<br \/><strong>Local:<\/strong>\u00a0Audit\u00f3rio Biblioteca Sinh\u00e1 Junqueira<\/p>\n<p><strong>Oficina: Caminhos de Dan\u00e7a \u2013 T\u00e9cnica Klauss Vianna<\/strong><\/p>\n<p>Rodrigo Soares prop\u00f5e uma viv\u00eancia baseada na t\u00e9cnica Klauss Vianna, que utliza a escuta do corpo e a presen\u00e7a como ponto de partida para o movimento. Os participantes s\u00e3o convidados a explorar o ato de dan\u00e7ar como um percurso de investiga\u00e7\u00e3o sens\u00edvel e consciente.<br \/><strong>Local:<\/strong>\u00a0Estande da Prefeitura Municipal de Ribeir\u00e3o Preto<\/p>\n<p><strong>Oficina: Orienta\u00e7\u00f5es para o Preparo de Mini Pizza \u00a0<\/strong><\/p>\n<p>A equipe gastron\u00f4mica do Senac Ribeir\u00e3o contar\u00e1 com exposi\u00e7\u00e3o e t\u00e9cnicas de preparo de massa para mini pizza.<br \/><strong>Local:<\/strong>\u00a0Espa\u00e7o Oficinas Sesc Senac<\/p>\n<p><strong>Bate-papo: Com a Palavra, as Pretas \u2013 Narrativas de Mulheres Negras<\/strong><\/p>\n<p>M\u00f4nica Mendes Gon\u00e7alves e Lubi Prates conversam sobre narrativas ficcionais, ou de n\u00e3o-fic\u00e7\u00e3o que d\u00e3o voz \u00e0s mulheres pretas. A media\u00e7\u00e3o \u00e9 de Fernanda Sousa. \u00a0<br \/><strong>Local:<\/strong>\u00a0Tenda Sesc Senac \u00a0<\/p>\n<p><strong>Sal\u00e3o de Ideias com Raphael Montes<\/strong><\/p>\n<p>O escritor participa de um encontro para falar sobre literatura e suas intersec\u00e7\u00f5es com outras linguagens narrativas. A media\u00e7\u00e3o \u00e9 de Carolina Freitas. \u00a0\u00a0<br \/><strong>Local:<\/strong>\u00a0Audit\u00f3rio Meira Junior \u00a0<\/p>\n<p><strong>Concerto com Quinteto Bachiana Sesi SP<\/strong><\/p>\n<p>Formado por m\u00fasicos da Bachiana Filarm\u00f4nica SESI-SP, sob dire\u00e7\u00e3o art\u00edstica do maestro Jo\u00e3o Carlos Martins, o projeto valoriza a m\u00fasica erudita. \u00a0\u00a0\u00a0<br \/><strong>Local:<\/strong>\u00a0Teatro Sesi \u00a0\u00a0<\/p>\n<p><strong>Confer\u00eancia: Alerta Vermelho no Planeta Azul \u2013 Cen\u00e1rios e Perspectivas<\/strong><\/p>\n<p>O jornalista Andr\u00e9 Trigueiro dialoga sobre futuros poss\u00edveis, trazendo uma an\u00e1lise sobre a crise clim\u00e1tica e ambiental e a import\u00e2ncia da educa\u00e7\u00e3o nas \u00e1reas de jornalismo ambiental e sustentabilidade.<br \/><strong>Local:<\/strong>\u00a0Theatro Pedro II<\/p>\n<hr class=\"wp-block-separator has-alpha-channel-opacity\"\/>\n<p>SAIBA MAIS<br \/>Calor vem com tudo: Veja como ficam as temperaturas nesta quinta<\/p>\n<h2 class=\"wp-block-heading\"><strong>FIQUE ON<\/strong><\/h2>\n<p>Fique ligado em tudo que acontece em Ribeir\u00e3o Preto e regi\u00e3o. Siga os perfis do\u00a0acidade on\u00a0no\u00a0Instagram\u00a0e no\u00a0Facebook.<\/p>\n<p>Receba not\u00edcias do\u00a0acidade on\u00a0no WhatsApp. Para entrar no grupo,\u00a0basta <a href=\"https:\/\/chat.whatsapp.com\/I4nieTEMKlf50pJ28aMemC?mode=ac_t\" target=\"_blank\" rel=\"noopener\">clicar aqui<\/a>. Ou, acesse o nosso\u00a0Canal <a href=\"https:\/\/whatsapp.com\/channel\/0029Vb6IQl1JENyAeS57fk2p\" target=\"_blank\" rel=\"noopener\">clicando aqui<\/a>.<\/p>\n<p>Fa\u00e7a uma den\u00fancia ou sugira uma reportagem sobre Ribeir\u00e3o Preto e regi\u00e3o pelo WhatsApp: 16 99117 7802.<\/p>\n<p>VEJA TAMB\u00c9M<br \/>Qual ser\u00e1 a hist\u00f3ria da 5\u00aa temporada de \u2018Emily em Paris\u2019?<\/p>\n<p><!-- AI CONTENT END 1 -->\n<\/div>\n<p><br \/>\n<br \/><a href=\"https:\/\/www.acidadeon.com\/ribeiraopreto\/lazer-e-cultura\/veja-os-destaques-da-programacao-desta-sexta-feira-na-feira-do-livro-de-ribeirao-preto\/\">Source link <\/a><\/p>\n<!-- CONTENT END 1 -->\n","protected":false},"excerpt":{"rendered":"<p>A 24\u00aa Feira Internacional do Livro de Ribeir\u00e3o Preto segue com mais um dia de atividades culturais gratuitas no Centro da cidade. A programa\u00e7\u00e3o desta&#8230;<\/p>\n","protected":false},"author":1,"featured_media":76094,"comment_status":"open","ping_status":"open","sticky":false,"template":"","format":"standard","meta":{"advanced_seo_description":"","jetpack_seo_html_title":"","jetpack_seo_noindex":false,"jetpack_post_was_ever_published":false,"_jetpack_newsletter_access":"","_jetpack_dont_email_post_to_subs":false,"_jetpack_newsletter_tier_id":0,"_jetpack_memberships_contains_paywalled_content":false,"_jetpack_memberships_contains_paid_content":false,"footnotes":"","jetpack_publicize_message":"","jetpack_publicize_feature_enabled":true,"jetpack_social_post_already_shared":true,"jetpack_social_options":{"image_generator_settings":{"template":"highway","default_image_id":0,"font":"","enabled":false},"version":2}},"categories":[11],"tags":[],"class_list":["post-76093","post","type-post","status-publish","format-standard","has-post-thumbnail","hentry","category-noticias-de-ribeirao-preto-sp-e-regiao-ismael-colosi"],"jetpack_publicize_connections":[],"jetpack_featured_media_url":"https:\/\/i0.wp.com\/noticiasribeiraopreto.com.br\/wp-content\/uploads\/2025\/08\/fil-sexta_2025-08-21_12-23-42.webp.webp?fit=1200%2C675&ssl=1","jetpack-related-posts":[{"id":55461,"url":"https:\/\/noticiasribeiraopreto.com.br\/index.php\/2024\/08\/02\/veja-a-programacao-desta-sexta-feira-na-feira-do-livro-de-ribeirao-preto\/","url_meta":{"origin":76093,"position":0},"title":"Veja a programa\u00e7\u00e3o desta sexta-feira na Feira do Livro de Ribeir\u00e3o Preto","author":"noticiasribeiraopreto.com.br","date":"2 de August de 2024","format":false,"excerpt":"Esta sexta-feira (2), \u00e9 o segundo dia da\u00a023\u00aa Feira Internacional do Livro de Ribeir\u00e3o Preto, que segue at\u00e9 o dia 11 de agosto. A programa\u00e7\u00e3o oferece mais de\u00a0400 atividades gratuitas\u00a0no Centro de Ribeir\u00e3o Preto. \u00a0 O tema central da Feira este ano \u00e9: \u201cCotidianos po\u00e9ticos: Do \u00e9pico de Cam\u00f5es \u00e0s\u2026","rel":"","context":"In &quot;Not\u00edcias de Ribeir\u00e3o Preto-SP e Regi\u00e3o&quot;","block_context":{"text":"Not\u00edcias de Ribeir\u00e3o Preto-SP e Regi\u00e3o","link":"https:\/\/noticiasribeiraopreto.com.br\/index.php\/category\/noticias-de-ribeirao-preto-sp-e-regiao-ismael-colosi\/"},"img":{"alt_text":"","src":"https:\/\/i0.wp.com\/noticiasribeiraopreto.com.br\/wp-content\/uploads\/2024\/08\/sesc-na-FIL_2024-08-01_14-36-39_jpeg_2024-08-01_14-36-39.webp.webp?fit=1200%2C800&ssl=1&resize=350%2C200","width":350,"height":200,"srcset":"https:\/\/i0.wp.com\/noticiasribeiraopreto.com.br\/wp-content\/uploads\/2024\/08\/sesc-na-FIL_2024-08-01_14-36-39_jpeg_2024-08-01_14-36-39.webp.webp?fit=1200%2C800&ssl=1&resize=350%2C200 1x, https:\/\/i0.wp.com\/noticiasribeiraopreto.com.br\/wp-content\/uploads\/2024\/08\/sesc-na-FIL_2024-08-01_14-36-39_jpeg_2024-08-01_14-36-39.webp.webp?fit=1200%2C800&ssl=1&resize=525%2C300 1.5x, https:\/\/i0.wp.com\/noticiasribeiraopreto.com.br\/wp-content\/uploads\/2024\/08\/sesc-na-FIL_2024-08-01_14-36-39_jpeg_2024-08-01_14-36-39.webp.webp?fit=1200%2C800&ssl=1&resize=700%2C400 2x, https:\/\/i0.wp.com\/noticiasribeiraopreto.com.br\/wp-content\/uploads\/2024\/08\/sesc-na-FIL_2024-08-01_14-36-39_jpeg_2024-08-01_14-36-39.webp.webp?fit=1200%2C800&ssl=1&resize=1050%2C600 3x"},"classes":[]},{"id":55352,"url":"https:\/\/noticiasribeiraopreto.com.br\/index.php\/2024\/08\/01\/veja-a-programacao-do-primeiro-dia-da-feira-do-livro-de-ribeirao-preto\/","url_meta":{"origin":76093,"position":1},"title":"Veja a programa\u00e7\u00e3o do primeiro dia da Feira do Livro de Ribeir\u00e3o Preto","author":"noticiasribeiraopreto.com.br","date":"1 de August de 2024","format":false,"excerpt":"A 23\u00aa edi\u00e7\u00e3o da Feira Internacional do Livro de Ribeir\u00e3o Preto inicia nesta quinta-feira (1\u00ba de agosto) e segue at\u00e9 o dia 11 de agosto, com uma programa\u00e7\u00e3o com mais de 400 atividades gratuitas que acontecem principalmente na Pra\u00e7a XV, Esplanada do Theatro Pedro II e o no Theatro Pedro\u2026","rel":"","context":"In &quot;Not\u00edcias de Ribeir\u00e3o Preto-SP e Regi\u00e3o&quot;","block_context":{"text":"Not\u00edcias de Ribeir\u00e3o Preto-SP e Regi\u00e3o","link":"https:\/\/noticiasribeiraopreto.com.br\/index.php\/category\/noticias-de-ribeirao-preto-sp-e-regiao-ismael-colosi\/"},"img":{"alt_text":"","src":"https:\/\/i0.wp.com\/noticiasribeiraopreto.com.br\/wp-content\/uploads\/2024\/08\/Copia-de-Copia-de-TAMANHO-EXATO-PARA-FOTOS-NO-SISTEMA-NOVO-20_2024-07-31_11-31-49_jpg_2024-07-31_11-31-49.webp.webp?fit=1200%2C675&ssl=1&resize=350%2C200","width":350,"height":200,"srcset":"https:\/\/i0.wp.com\/noticiasribeiraopreto.com.br\/wp-content\/uploads\/2024\/08\/Copia-de-Copia-de-TAMANHO-EXATO-PARA-FOTOS-NO-SISTEMA-NOVO-20_2024-07-31_11-31-49_jpg_2024-07-31_11-31-49.webp.webp?fit=1200%2C675&ssl=1&resize=350%2C200 1x, https:\/\/i0.wp.com\/noticiasribeiraopreto.com.br\/wp-content\/uploads\/2024\/08\/Copia-de-Copia-de-TAMANHO-EXATO-PARA-FOTOS-NO-SISTEMA-NOVO-20_2024-07-31_11-31-49_jpg_2024-07-31_11-31-49.webp.webp?fit=1200%2C675&ssl=1&resize=525%2C300 1.5x, https:\/\/i0.wp.com\/noticiasribeiraopreto.com.br\/wp-content\/uploads\/2024\/08\/Copia-de-Copia-de-TAMANHO-EXATO-PARA-FOTOS-NO-SISTEMA-NOVO-20_2024-07-31_11-31-49_jpg_2024-07-31_11-31-49.webp.webp?fit=1200%2C675&ssl=1&resize=700%2C400 2x, https:\/\/i0.wp.com\/noticiasribeiraopreto.com.br\/wp-content\/uploads\/2024\/08\/Copia-de-Copia-de-TAMANHO-EXATO-PARA-FOTOS-NO-SISTEMA-NOVO-20_2024-07-31_11-31-49_jpg_2024-07-31_11-31-49.webp.webp?fit=1200%2C675&ssl=1&resize=1050%2C600 3x"},"classes":[]},{"id":75804,"url":"https:\/\/noticiasribeiraopreto.com.br\/index.php\/2025\/08\/15\/veja-a-programacao-da-feira-do-livro-de-ribeirao-preto-evento-comeca-nesta-sexta\/","url_meta":{"origin":76093,"position":2},"title":"Veja a programa\u00e7\u00e3o da Feira do Livro de Ribeir\u00e3o Preto; evento come\u00e7a nesta sexta","author":"noticiasribeiraopreto.com.br","date":"15 de August de 2025","format":false,"excerpt":"A 24\u00aa FIL (Feira Internacional do Livro de Ribeir\u00e3o Preto) abre oficialmente nesta sexta-feira (15), \u00e0s 19h30, no Theatro Pedro II. A recep\u00e7\u00e3o fica por conta do Coral Unaerp, seguido por um espet\u00e1culo dirigido por Gracyela Gitirana. Clique aqui\u00a0e veja a programa\u00e7\u00e3o completa. Com o tema \u201cFuturos Poss\u00edveis: entre linhas\u2026","rel":"","context":"In &quot;Not\u00edcias de Ribeir\u00e3o Preto-SP e Regi\u00e3o&quot;","block_context":{"text":"Not\u00edcias de Ribeir\u00e3o Preto-SP e Regi\u00e3o","link":"https:\/\/noticiasribeiraopreto.com.br\/index.php\/category\/noticias-de-ribeirao-preto-sp-e-regiao-ismael-colosi\/"},"img":{"alt_text":"","src":"https:\/\/i0.wp.com\/noticiasribeiraopreto.com.br\/wp-content\/uploads\/2025\/08\/a384ca67-ba2c-458d-b5bc-c1aa1591a44e_2024-08-06_16-06-42_jpg_2024-08-06_16-06-43.webp.webp?fit=990%2C660&ssl=1&resize=350%2C200","width":350,"height":200,"srcset":"https:\/\/i0.wp.com\/noticiasribeiraopreto.com.br\/wp-content\/uploads\/2025\/08\/a384ca67-ba2c-458d-b5bc-c1aa1591a44e_2024-08-06_16-06-42_jpg_2024-08-06_16-06-43.webp.webp?fit=990%2C660&ssl=1&resize=350%2C200 1x, https:\/\/i0.wp.com\/noticiasribeiraopreto.com.br\/wp-content\/uploads\/2025\/08\/a384ca67-ba2c-458d-b5bc-c1aa1591a44e_2024-08-06_16-06-42_jpg_2024-08-06_16-06-43.webp.webp?fit=990%2C660&ssl=1&resize=525%2C300 1.5x, https:\/\/i0.wp.com\/noticiasribeiraopreto.com.br\/wp-content\/uploads\/2025\/08\/a384ca67-ba2c-458d-b5bc-c1aa1591a44e_2024-08-06_16-06-42_jpg_2024-08-06_16-06-43.webp.webp?fit=990%2C660&ssl=1&resize=700%2C400 2x"},"classes":[]},{"id":75875,"url":"https:\/\/noticiasribeiraopreto.com.br\/index.php\/2025\/08\/17\/show-palestra-e-bate-papo-veja-os-destaques-da-feira-do-livro-de-ribeirao-preto-neste-domingo\/","url_meta":{"origin":76093,"position":3},"title":"Show, palestra e bate-papo: veja os destaques da Feira do Livro de Ribeir\u00e3o Preto neste domingo","author":"noticiasribeiraopreto.com.br","date":"17 de August de 2025","format":false,"excerpt":"O terceiro dia de atividades da\u00a024\u00aa Feira Internacional do Livro de Ribeir\u00e3o Preto acontece neste\u00a0domingo (16), com programa\u00e7\u00f5es a partir das\u00a09h,\u00a0totalmente gratuita, no\u00a0Centro\u00a0de\u00a0Ribeir\u00e3o Preto. A FIL segue at\u00e9 o dia 24 de agosto \u2013\u00a0clique aqui e veja a programa\u00e7\u00e3o completa. O tema da feira deste ano \u00e9 \u201cFuturos Poss\u00edveis: entre\u2026","rel":"","context":"In &quot;Not\u00edcias de Ribeir\u00e3o Preto-SP e Regi\u00e3o&quot;","block_context":{"text":"Not\u00edcias de Ribeir\u00e3o Preto-SP e Regi\u00e3o","link":"https:\/\/noticiasribeiraopreto.com.br\/index.php\/category\/noticias-de-ribeirao-preto-sp-e-regiao-ismael-colosi\/"},"img":{"alt_text":"","src":"https:\/\/i0.wp.com\/noticiasribeiraopreto.com.br\/wp-content\/uploads\/2025\/08\/escoteiros-1_2025-08-16_18-52-15.webp.webp?fit=1200%2C675&ssl=1&resize=350%2C200","width":350,"height":200,"srcset":"https:\/\/i0.wp.com\/noticiasribeiraopreto.com.br\/wp-content\/uploads\/2025\/08\/escoteiros-1_2025-08-16_18-52-15.webp.webp?fit=1200%2C675&ssl=1&resize=350%2C200 1x, https:\/\/i0.wp.com\/noticiasribeiraopreto.com.br\/wp-content\/uploads\/2025\/08\/escoteiros-1_2025-08-16_18-52-15.webp.webp?fit=1200%2C675&ssl=1&resize=525%2C300 1.5x, https:\/\/i0.wp.com\/noticiasribeiraopreto.com.br\/wp-content\/uploads\/2025\/08\/escoteiros-1_2025-08-16_18-52-15.webp.webp?fit=1200%2C675&ssl=1&resize=700%2C400 2x, https:\/\/i0.wp.com\/noticiasribeiraopreto.com.br\/wp-content\/uploads\/2025\/08\/escoteiros-1_2025-08-16_18-52-15.webp.webp?fit=1200%2C675&ssl=1&resize=1050%2C600 3x"},"classes":[]},{"id":54274,"url":"https:\/\/noticiasribeiraopreto.com.br\/index.php\/2024\/07\/05\/confira-a-programacao-da-feira-internacional-do-livro-de-ribeirao-preto-2024\/","url_meta":{"origin":76093,"position":4},"title":"Confira a programa\u00e7\u00e3o da Feira Internacional do Livro de Ribeir\u00e3o Preto 2024","author":"noticiasribeiraopreto.com.br","date":"5 de July de 2024","format":false,"excerpt":"A 23\u00aa edi\u00e7\u00e3o da FIL (Feira Internacional do Livro de Ribeir\u00e3o Preto) come\u00e7a no pr\u00f3ximo dia 1\u00ba de agosto. O tema central deste ano \u00e9: \u201cCotidianos po\u00e9ticos: Do \u00e9pico de Cam\u00f5es \u00e0s batalhas de rua\u201d. A programa\u00e7\u00e3o completa da feira foi divulgada nesta sexta-feira (5). Nesta edi\u00e7\u00e3o, cinco autores s\u00e3o\u2026","rel":"","context":"In &quot;Not\u00edcias de Ribeir\u00e3o Preto-SP e Regi\u00e3o&quot;","block_context":{"text":"Not\u00edcias de Ribeir\u00e3o Preto-SP e Regi\u00e3o","link":"https:\/\/noticiasribeiraopreto.com.br\/index.php\/category\/noticias-de-ribeirao-preto-sp-e-regiao-ismael-colosi\/"},"img":{"alt_text":"","src":"https:\/\/i0.wp.com\/noticiasribeiraopreto.com.br\/wp-content\/uploads\/2024\/07\/WhatsApp-Image-2024-07-05-at-11.23.19_2024-07-05_15-02-58_jpeg_2024-07-05_15-02-58.webp.webp?fit=1200%2C675&ssl=1&resize=350%2C200","width":350,"height":200,"srcset":"https:\/\/i0.wp.com\/noticiasribeiraopreto.com.br\/wp-content\/uploads\/2024\/07\/WhatsApp-Image-2024-07-05-at-11.23.19_2024-07-05_15-02-58_jpeg_2024-07-05_15-02-58.webp.webp?fit=1200%2C675&ssl=1&resize=350%2C200 1x, https:\/\/i0.wp.com\/noticiasribeiraopreto.com.br\/wp-content\/uploads\/2024\/07\/WhatsApp-Image-2024-07-05-at-11.23.19_2024-07-05_15-02-58_jpeg_2024-07-05_15-02-58.webp.webp?fit=1200%2C675&ssl=1&resize=525%2C300 1.5x, https:\/\/i0.wp.com\/noticiasribeiraopreto.com.br\/wp-content\/uploads\/2024\/07\/WhatsApp-Image-2024-07-05-at-11.23.19_2024-07-05_15-02-58_jpeg_2024-07-05_15-02-58.webp.webp?fit=1200%2C675&ssl=1&resize=700%2C400 2x, https:\/\/i0.wp.com\/noticiasribeiraopreto.com.br\/wp-content\/uploads\/2024\/07\/WhatsApp-Image-2024-07-05-at-11.23.19_2024-07-05_15-02-58_jpeg_2024-07-05_15-02-58.webp.webp?fit=1200%2C675&ssl=1&resize=1050%2C600 3x"},"classes":[]},{"id":75894,"url":"https:\/\/noticiasribeiraopreto.com.br\/index.php\/2025\/08\/18\/feira-do-livro-teatro-circo-e-reflexoes-marcam-a-segunda-feira-veja-programacao\/","url_meta":{"origin":76093,"position":5},"title":"Feira do Livro: teatro, circo e reflex\u00f5es marcam a segunda-feira; Veja programa\u00e7\u00e3o","author":"noticiasribeiraopreto.com.br","date":"18 de August de 2025","format":false,"excerpt":"Nesta segunda-feira (18), a partir das 8h, acontece o quarto dia da 24\u00aa Feira Internacional do Livro de Ribeir\u00e3o Preto (FIL), com v\u00e1rias atividades gratuitas no Centro da cidade. O tema da feira deste ano \u00e9 \u201cFuturos Poss\u00edveis: entre linhas e par\u00e1grafos\u201d e presta homenagem aos autores: Domenico Demasi, Djamila\u2026","rel":"","context":"In &quot;Not\u00edcias de Ribeir\u00e3o Preto-SP e Regi\u00e3o&quot;","block_context":{"text":"Not\u00edcias de Ribeir\u00e3o Preto-SP e Regi\u00e3o","link":"https:\/\/noticiasribeiraopreto.com.br\/index.php\/category\/noticias-de-ribeirao-preto-sp-e-regiao-ismael-colosi\/"},"img":{"alt_text":"","src":"https:\/\/i0.wp.com\/noticiasribeiraopreto.com.br\/wp-content\/uploads\/2025\/08\/Copia-de-Copia-de-Copia-de-TAMANHO-EXATO-PARA-FOTOS-NO-SISTEMA-NOVO-2025-08-17T170909.218_2025-08-17_20-09-15.webp.webp?fit=1200%2C675&ssl=1&resize=350%2C200","width":350,"height":200,"srcset":"https:\/\/i0.wp.com\/noticiasribeiraopreto.com.br\/wp-content\/uploads\/2025\/08\/Copia-de-Copia-de-Copia-de-TAMANHO-EXATO-PARA-FOTOS-NO-SISTEMA-NOVO-2025-08-17T170909.218_2025-08-17_20-09-15.webp.webp?fit=1200%2C675&ssl=1&resize=350%2C200 1x, https:\/\/i0.wp.com\/noticiasribeiraopreto.com.br\/wp-content\/uploads\/2025\/08\/Copia-de-Copia-de-Copia-de-TAMANHO-EXATO-PARA-FOTOS-NO-SISTEMA-NOVO-2025-08-17T170909.218_2025-08-17_20-09-15.webp.webp?fit=1200%2C675&ssl=1&resize=525%2C300 1.5x, https:\/\/i0.wp.com\/noticiasribeiraopreto.com.br\/wp-content\/uploads\/2025\/08\/Copia-de-Copia-de-Copia-de-TAMANHO-EXATO-PARA-FOTOS-NO-SISTEMA-NOVO-2025-08-17T170909.218_2025-08-17_20-09-15.webp.webp?fit=1200%2C675&ssl=1&resize=700%2C400 2x, https:\/\/i0.wp.com\/noticiasribeiraopreto.com.br\/wp-content\/uploads\/2025\/08\/Copia-de-Copia-de-Copia-de-TAMANHO-EXATO-PARA-FOTOS-NO-SISTEMA-NOVO-2025-08-17T170909.218_2025-08-17_20-09-15.webp.webp?fit=1200%2C675&ssl=1&resize=1050%2C600 3x"},"classes":[]}],"jetpack_sharing_enabled":true,"jetpack_shortlink":"https:\/\/wp.me\/peQAOb-jNj","_links":{"self":[{"href":"https:\/\/noticiasribeiraopreto.com.br\/index.php\/wp-json\/wp\/v2\/posts\/76093","targetHints":{"allow":["GET"]}}],"collection":[{"href":"https:\/\/noticiasribeiraopreto.com.br\/index.php\/wp-json\/wp\/v2\/posts"}],"about":[{"href":"https:\/\/noticiasribeiraopreto.com.br\/index.php\/wp-json\/wp\/v2\/types\/post"}],"author":[{"embeddable":true,"href":"https:\/\/noticiasribeiraopreto.com.br\/index.php\/wp-json\/wp\/v2\/users\/1"}],"replies":[{"embeddable":true,"href":"https:\/\/noticiasribeiraopreto.com.br\/index.php\/wp-json\/wp\/v2\/comments?post=76093"}],"version-history":[{"count":0,"href":"https:\/\/noticiasribeiraopreto.com.br\/index.php\/wp-json\/wp\/v2\/posts\/76093\/revisions"}],"wp:featuredmedia":[{"embeddable":true,"href":"https:\/\/noticiasribeiraopreto.com.br\/index.php\/wp-json\/wp\/v2\/media\/76094"}],"wp:attachment":[{"href":"https:\/\/noticiasribeiraopreto.com.br\/index.php\/wp-json\/wp\/v2\/media?parent=76093"}],"wp:term":[{"taxonomy":"category","embeddable":true,"href":"https:\/\/noticiasribeiraopreto.com.br\/index.php\/wp-json\/wp\/v2\/categories?post=76093"},{"taxonomy":"post_tag","embeddable":true,"href":"https:\/\/noticiasribeiraopreto.com.br\/index.php\/wp-json\/wp\/v2\/tags?post=76093"}],"curies":[{"name":"wp","href":"https:\/\/api.w.org\/{rel}","templated":true}]}}